{"id":72349,"date":"2023-06-22T16:35:38","date_gmt":"2023-06-22T14:35:38","guid":{"rendered":"https:\/\/vosgesinfo.fr\/remiremontinfo\/2023\/06\/fetes-de-musique-a-saint-nabord\/"},"modified":"2023-06-22T16:35:38","modified_gmt":"2023-06-22T14:35:38","slug":"fetes-de-musique-a-saint-nabord","status":"publish","type":"post","link":"https:\/\/vosgesinfo.fr\/remiremontinfo\/2023\/06\/fetes-de-musique-a-saint-nabord\/","title":{"rendered":"F\u00eates de la Musique \u00e0 Saint-Nabord"},"content":{"rendered":"<h3>Deux f\u00eates de la Musique se tiendront \u00e0 Saint-Nabord ce samedi 24 juin et en jonglant bien, le public pourra assister aux deux, qui sont dans des styles diff\u00e9rents mais tr\u00e8s plaisants l&rsquo;un et l&rsquo;autre.<\/h3>\n<p><strong>A partir de 16 h 30, Rendez-vous est donn\u00e9 par les Voix du Coeur au Stade de Falli\u00e8res \u00e0 Saint-Nabord, avec les Copains en Musique, qui revisiteront les grands titres des chansons de vari\u00e9t\u00e9.<\/strong><\/p>\n<div id=\"attachment_372672\" style=\"width: 519px\" class=\"wp-caption aligncenter\"><a href=\"\/2023\/06\/351367492_659144986082728_1613141142049468087_n.jpg\"><img decoding=\"async\" aria-describedby=\"caption-attachment-372672\" class=\"wp-image-372672 size-full\" src=\"\/2023\/06\/351367492_659144986082728_1613141142049468087_n.jpg\" alt=\"Les copains en musique au Stade de Falli\u00e8res\" width=\"509\" height=\"720\" \/><\/a><p id=\"caption-attachment-372672\" class=\"wp-caption-text\">Les copains en musique au Stade de Falli\u00e8res<\/p><\/div>\n<p><strong>Saut de puce ensuite au centre-ville de Saint-Nabord, sous la halle de la Gare, o\u00f9, en pleine semaine irlandaise et comm\u00e9morative pour le G\u00e9n\u00e9ral Humbert avec accueil (ministre, consul, ambassadeur) , deux groupes mettront l&rsquo;ambiance \u00e0 partir de 18 h 30 jusque 23 h.<\/strong><\/p>\n<p class=\"Normal tm5\"><span class=\"tm6\">Comme nous serons en plein dans notre semaine irlandaise (car nous accueillons des personnalit\u00e9s irlandaises du 22 au 25\u00a0juin, ministre, consul, ambassadeur&#8230;), le th\u00e8me sera donc la musique irlandaise\u00a0!<\/span><\/p>\n<p class=\"Normal tm5\"><span class=\"tm6\">La premi\u00e8re partie sera confi\u00e9e au groupe Sing Like Teen Spirit\u00a0 qui interpr\u00e8tera des reprises rock revisit\u00e9es et d\u00e9cal\u00e9es histoire de chauffer le public pour la seconde partie enti\u00e8rement consacr\u00e9e \u00e0 la musique irlandaise avec l&rsquo;incontournable groupe Potofeu .<\/span><\/p>\n<div id=\"attachment_372673\" style=\"width: 522px\" class=\"wp-caption alignright\"><a href=\"\/2023\/06\/F\u00eate-de-la-musique-saint-nabord.jpg\"><img decoding=\"async\" aria-describedby=\"caption-attachment-372673\" class=\"size-full wp-image-372673\" src=\"\/2023\/06\/F\u00eate-de-la-musique-saint-nabord.jpg\" alt=\"Musique Irlandaise au centre-ville\" width=\"512\" height=\"720\" \/><\/a><p id=\"caption-attachment-372673\" class=\"wp-caption-text\">Musique Irlandaise au centre-ville<\/p><\/div>\n<p class=\"Normal tm5\"><span class=\"tm6\"><br \/>\n<\/span><\/p>\n<p class=\"Normal tm5\">L&rsquo;entr\u00e9e aux deux manifestations sera libre et gratuite, avec possibilit\u00e9 de petite restauration.<\/p>\n<p>&nbsp;<\/p>\n","protected":false},"excerpt":{"rendered":"<p>Deux f\u00eates de la Musique se tiendront \u00e0 Saint-Nabord ce samedi 24 juin et en jonglant bien, le public pourra [&hellip;]<\/p>\n","protected":false},"author":411,"featured_media":72350,"comment_status":"open","ping_status":"open","sticky":false,"template":"","format":"standard","meta":{"footnotes":""},"categories":[26,124,100],"tags":[],"class_list":["post-72349","post","type-post","status-publish","format-standard","has-post-thumbnail","hentry","category-a-la-une","category-fetes","category-saint-nabord"],"acf":[],"yoast_head":"<!-- This site is optimized with the Yoast SEO plugin v22.5 - https:\/\/yoast.com\/wordpress\/plugins\/seo\/ -->\n<title>F\u00eates de la Musique \u00e0 Saint-Nabord - Remiremont Info<\/title>\n<meta name=\"robots\" content=\"index, follow, max-snippet:-1, max-image-preview:large, max-video-preview:-1\" \/>\n<link rel=\"canonical\" href=\"https:\/\/vosgesinfo.fr\/remiremontinfo\/2023\/06\/fetes-de-musique-a-saint-nabord\/\" \/>\n<meta name=\"twitter:card\" content=\"summary_large_image\" \/>\n<meta name=\"twitter:title\" content=\"F\u00eates de la Musique \u00e0 Saint-Nabord - Remiremont Info\" \/>\n<meta name=\"twitter:description\" content=\"Deux f\u00eates de la Musique se tiendront \u00e0 Saint-Nabord ce samedi 24 juin et en jonglant bien, le public pourra [&hellip;]\" \/>\n<meta name=\"twitter:image\" content=\"https:\/\/vosgesinfo.fr\/app\/uploads\/sites\/5\/2024\/09\/202306fete-de-la-musique-saint-nabord.jpg\" \/>\n<meta name=\"twitter:creator\" content=\"@VosgesInfo88\" \/>\n<meta name=\"twitter:site\" content=\"@VosgesInfo88\" \/>\n<meta name=\"twitter:label1\" content=\"\u00c9crit par\" \/>\n\t<meta name=\"twitter:data1\" content=\"C.M\" \/>\n\t<meta name=\"twitter:label2\" content=\"Dur\u00e9e de lecture estim\u00e9e\" \/>\n\t<meta name=\"twitter:data2\" content=\"1 minute\" \/>\n<script type=\"application\/ld+json\" class=\"yoast-schema-graph\">{\"@context\":\"https:\/\/schema.org\",\"@graph\":[{\"@type\":\"Article\",\"@id\":\"https:\/\/vosgesinfo.fr\/remiremontinfo\/2023\/06\/fetes-de-musique-a-saint-nabord\/#article\",\"isPartOf\":{\"@id\":\"https:\/\/vosgesinfo.fr\/remiremontinfo\/2023\/06\/fetes-de-musique-a-saint-nabord\/\"},\"author\":{\"name\":\"C.M\",\"@id\":\"https:\/\/vosgesinfo.fr\/remiremontinfo\/#\/schema\/person\/27fd50bfa0474755c339da9cdfc89f3d\"},\"headline\":\"F\u00eates de la Musique \u00e0 Saint-Nabord\",\"datePublished\":\"2023-06-22T14:35:38+00:00\",\"dateModified\":\"2023-06-22T14:35:38+00:00\",\"mainEntityOfPage\":{\"@id\":\"https:\/\/vosgesinfo.fr\/remiremontinfo\/2023\/06\/fetes-de-musique-a-saint-nabord\/\"},\"wordCount\":239,\"commentCount\":0,\"publisher\":{\"@id\":\"https:\/\/vosgesinfo.fr\/remiremontinfo\/#organization\"},\"image\":{\"@id\":\"https:\/\/vosgesinfo.fr\/remiremontinfo\/2023\/06\/fetes-de-musique-a-saint-nabord\/#primaryimage\"},\"thumbnailUrl\":\"https:\/\/vosgesinfo.fr\/app\/uploads\/sites\/5\/2024\/09\/202306fete-de-la-musique-saint-nabord.jpg\",\"articleSection\":[\"A la Une\",\"F\u00eates\",\"Saint-Nabord\"],\"inLanguage\":\"fr-FR\",\"potentialAction\":[{\"@type\":\"CommentAction\",\"name\":\"Comment\",\"target\":[\"https:\/\/vosgesinfo.fr\/remiremontinfo\/2023\/06\/fetes-de-musique-a-saint-nabord\/#respond\"]}]},{\"@type\":\"WebPage\",\"@id\":\"https:\/\/vosgesinfo.fr\/remiremontinfo\/2023\/06\/fetes-de-musique-a-saint-nabord\/\",\"url\":\"https:\/\/vosgesinfo.fr\/remiremontinfo\/2023\/06\/fetes-de-musique-a-saint-nabord\/\",\"name\":\"F\u00eates de la Musique \u00e0 Saint-Nabord - Remiremont Info\",\"isPartOf\":{\"@id\":\"https:\/\/vosgesinfo.fr\/remiremontinfo\/#website\"},\"primaryImageOfPage\":{\"@id\":\"https:\/\/vosgesinfo.fr\/remiremontinfo\/2023\/06\/fetes-de-musique-a-saint-nabord\/#primaryimage\"},\"image\":{\"@id\":\"https:\/\/vosgesinfo.fr\/remiremontinfo\/2023\/06\/fetes-de-musique-a-saint-nabord\/#primaryimage\"},\"thumbnailUrl\":\"https:\/\/vosgesinfo.fr\/app\/uploads\/sites\/5\/2024\/09\/202306fete-de-la-musique-saint-nabord.jpg\",\"datePublished\":\"2023-06-22T14:35:38+00:00\",\"dateModified\":\"2023-06-22T14:35:38+00:00\",\"breadcrumb\":{\"@id\":\"https:\/\/vosgesinfo.fr\/remiremontinfo\/2023\/06\/fetes-de-musique-a-saint-nabord\/#breadcrumb\"},\"inLanguage\":\"fr-FR\",\"potentialAction\":[{\"@type\":\"ReadAction\",\"target\":[\"https:\/\/vosgesinfo.fr\/remiremontinfo\/2023\/06\/fetes-de-musique-a-saint-nabord\/\"]}]},{\"@type\":\"ImageObject\",\"inLanguage\":\"fr-FR\",\"@id\":\"https:\/\/vosgesinfo.fr\/remiremontinfo\/2023\/06\/fetes-de-musique-a-saint-nabord\/#primaryimage\",\"url\":\"https:\/\/vosgesinfo.fr\/app\/uploads\/sites\/5\/2024\/09\/202306fete-de-la-musique-saint-nabord.jpg\",\"contentUrl\":\"https:\/\/vosgesinfo.fr\/app\/uploads\/sites\/5\/2024\/09\/202306fete-de-la-musique-saint-nabord.jpg\",\"width\":512,\"height\":720},{\"@type\":\"BreadcrumbList\",\"@id\":\"https:\/\/vosgesinfo.fr\/remiremontinfo\/2023\/06\/fetes-de-musique-a-saint-nabord\/#breadcrumb\",\"itemListElement\":[{\"@type\":\"ListItem\",\"position\":1,\"name\":\"Home\",\"item\":\"https:\/\/vosgesinfo.fr\/remiremontinfo\/\"},{\"@type\":\"ListItem\",\"position\":2,\"name\":\"F\u00eates de la Musique \u00e0 Saint-Nabord\"}]},{\"@type\":\"WebSite\",\"@id\":\"https:\/\/vosgesinfo.fr\/remiremontinfo\/#website\",\"url\":\"https:\/\/vosgesinfo.fr\/remiremontinfo\/\",\"name\":\"Remiremont Info\",\"description\":\"Toute l&#039;actualit\u00e9 de Remiremont\",\"publisher\":{\"@id\":\"https:\/\/vosgesinfo.fr\/remiremontinfo\/#organization\"},\"alternateName\":\"Toute l'actualit\u00e9 de Remiremont\",\"potentialAction\":[{\"@type\":\"SearchAction\",\"target\":{\"@type\":\"EntryPoint\",\"urlTemplate\":\"https:\/\/vosgesinfo.fr\/remiremontinfo\/?s={search_term_string}\"},\"query-input\":\"required name=search_term_string\"}],\"inLanguage\":\"fr-FR\"},{\"@type\":\"Organization\",\"@id\":\"https:\/\/vosgesinfo.fr\/remiremontinfo\/#organization\",\"name\":\"Remiremont Info\",\"url\":\"https:\/\/vosgesinfo.fr\/remiremontinfo\/\",\"logo\":{\"@type\":\"ImageObject\",\"inLanguage\":\"fr-FR\",\"@id\":\"https:\/\/vosgesinfo.fr\/remiremontinfo\/#\/schema\/logo\/image\/\",\"url\":\"https:\/\/vosgesinfo.fr\/app\/uploads\/sites\/5\/2023\/08\/favicon-remiremontinfo.png\",\"contentUrl\":\"https:\/\/vosgesinfo.fr\/app\/uploads\/sites\/5\/2023\/08\/favicon-remiremontinfo.png\",\"width\":512,\"height\":512,\"caption\":\"Remiremont Info\"},\"image\":{\"@id\":\"https:\/\/vosgesinfo.fr\/remiremontinfo\/#\/schema\/logo\/image\/\"},\"sameAs\":[\"https:\/\/www.facebook.com\/remiremontinfo\",\"https:\/\/x.com\/VosgesInfo88\",\"https:\/\/www.youtube.com\/@vosgesinfo\"]},{\"@type\":\"Person\",\"@id\":\"https:\/\/vosgesinfo.fr\/remiremontinfo\/#\/schema\/person\/27fd50bfa0474755c339da9cdfc89f3d\",\"name\":\"C.M\",\"image\":{\"@type\":\"ImageObject\",\"inLanguage\":\"fr-FR\",\"@id\":\"https:\/\/vosgesinfo.fr\/remiremontinfo\/#\/schema\/person\/image\/\",\"url\":\"https:\/\/secure.gravatar.com\/avatar\/aeefb88e08fc3e19fa733c61898f1bec4517042b8355098e757f11b4d3d4df70?s=96&d=mm&r=g\",\"contentUrl\":\"https:\/\/secure.gravatar.com\/avatar\/aeefb88e08fc3e19fa733c61898f1bec4517042b8355098e757f11b4d3d4df70?s=96&d=mm&r=g\",\"caption\":\"C.M\"},\"url\":\"https:\/\/vosgesinfo.fr\/remiremontinfo\/author\/cathy88200\/\"}]}<\/script>\n<!-- \/ Yoast SEO plugin. -->","yoast_head_json":{"title":"F\u00eates de la Musique \u00e0 Saint-Nabord - Remiremont Info","robots":{"index":"index","follow":"follow","max-snippet":"max-snippet:-1","max-image-preview":"max-image-preview:large","max-video-preview":"max-video-preview:-1"},"canonical":"https:\/\/vosgesinfo.fr\/remiremontinfo\/2023\/06\/fetes-de-musique-a-saint-nabord\/","twitter_card":"summary_large_image","twitter_title":"F\u00eates de la Musique \u00e0 Saint-Nabord - Remiremont Info","twitter_description":"Deux f\u00eates de la Musique se tiendront \u00e0 Saint-Nabord ce samedi 24 juin et en jonglant bien, le public pourra [&hellip;]","twitter_image":"https:\/\/vosgesinfo.fr\/app\/uploads\/sites\/5\/2024\/09\/202306fete-de-la-musique-saint-nabord.jpg","twitter_creator":"@VosgesInfo88","twitter_site":"@VosgesInfo88","twitter_misc":{"\u00c9crit par":"C.M","Dur\u00e9e de lecture estim\u00e9e":"1 minute"},"schema":{"@context":"https:\/\/schema.org","@graph":[{"@type":"Article","@id":"https:\/\/vosgesinfo.fr\/remiremontinfo\/2023\/06\/fetes-de-musique-a-saint-nabord\/#article","isPartOf":{"@id":"https:\/\/vosgesinfo.fr\/remiremontinfo\/2023\/06\/fetes-de-musique-a-saint-nabord\/"},"author":{"name":"C.M","@id":"https:\/\/vosgesinfo.fr\/remiremontinfo\/#\/schema\/person\/27fd50bfa0474755c339da9cdfc89f3d"},"headline":"F\u00eates de la Musique \u00e0 Saint-Nabord","datePublished":"2023-06-22T14:35:38+00:00","dateModified":"2023-06-22T14:35:38+00:00","mainEntityOfPage":{"@id":"https:\/\/vosgesinfo.fr\/remiremontinfo\/2023\/06\/fetes-de-musique-a-saint-nabord\/"},"wordCount":239,"commentCount":0,"publisher":{"@id":"https:\/\/vosgesinfo.fr\/remiremontinfo\/#organization"},"image":{"@id":"https:\/\/vosgesinfo.fr\/remiremontinfo\/2023\/06\/fetes-de-musique-a-saint-nabord\/#primaryimage"},"thumbnailUrl":"https:\/\/vosgesinfo.fr\/app\/uploads\/sites\/5\/2024\/09\/202306fete-de-la-musique-saint-nabord.jpg","articleSection":["A la Une","F\u00eates","Saint-Nabord"],"inLanguage":"fr-FR","potentialAction":[{"@type":"CommentAction","name":"Comment","target":["https:\/\/vosgesinfo.fr\/remiremontinfo\/2023\/06\/fetes-de-musique-a-saint-nabord\/#respond"]}]},{"@type":"WebPage","@id":"https:\/\/vosgesinfo.fr\/remiremontinfo\/2023\/06\/fetes-de-musique-a-saint-nabord\/","url":"https:\/\/vosgesinfo.fr\/remiremontinfo\/2023\/06\/fetes-de-musique-a-saint-nabord\/","name":"F\u00eates de la Musique \u00e0 Saint-Nabord - Remiremont Info","isPartOf":{"@id":"https:\/\/vosgesinfo.fr\/remiremontinfo\/#website"},"primaryImageOfPage":{"@id":"https:\/\/vosgesinfo.fr\/remiremontinfo\/2023\/06\/fetes-de-musique-a-saint-nabord\/#primaryimage"},"image":{"@id":"https:\/\/vosgesinfo.fr\/remiremontinfo\/2023\/06\/fetes-de-musique-a-saint-nabord\/#primaryimage"},"thumbnailUrl":"https:\/\/vosgesinfo.fr\/app\/uploads\/sites\/5\/2024\/09\/202306fete-de-la-musique-saint-nabord.jpg","datePublished":"2023-06-22T14:35:38+00:00","dateModified":"2023-06-22T14:35:38+00:00","breadcrumb":{"@id":"https:\/\/vosgesinfo.fr\/remiremontinfo\/2023\/06\/fetes-de-musique-a-saint-nabord\/#breadcrumb"},"inLanguage":"fr-FR","potentialAction":[{"@type":"ReadAction","target":["https:\/\/vosgesinfo.fr\/remiremontinfo\/2023\/06\/fetes-de-musique-a-saint-nabord\/"]}]},{"@type":"ImageObject","inLanguage":"fr-FR","@id":"https:\/\/vosgesinfo.fr\/remiremontinfo\/2023\/06\/fetes-de-musique-a-saint-nabord\/#primaryimage","url":"https:\/\/vosgesinfo.fr\/app\/uploads\/sites\/5\/2024\/09\/202306fete-de-la-musique-saint-nabord.jpg","contentUrl":"https:\/\/vosgesinfo.fr\/app\/uploads\/sites\/5\/2024\/09\/202306fete-de-la-musique-saint-nabord.jpg","width":512,"height":720},{"@type":"BreadcrumbList","@id":"https:\/\/vosgesinfo.fr\/remiremontinfo\/2023\/06\/fetes-de-musique-a-saint-nabord\/#breadcrumb","itemListElement":[{"@type":"ListItem","position":1,"name":"Home","item":"https:\/\/vosgesinfo.fr\/remiremontinfo\/"},{"@type":"ListItem","position":2,"name":"F\u00eates de la Musique \u00e0 Saint-Nabord"}]},{"@type":"WebSite","@id":"https:\/\/vosgesinfo.fr\/remiremontinfo\/#website","url":"https:\/\/vosgesinfo.fr\/remiremontinfo\/","name":"Remiremont Info","description":"Toute l&#039;actualit\u00e9 de Remiremont","publisher":{"@id":"https:\/\/vosgesinfo.fr\/remiremontinfo\/#organization"},"alternateName":"Toute l'actualit\u00e9 de Remiremont","potentialAction":[{"@type":"SearchAction","target":{"@type":"EntryPoint","urlTemplate":"https:\/\/vosgesinfo.fr\/remiremontinfo\/?s={search_term_string}"},"query-input":"required name=search_term_string"}],"inLanguage":"fr-FR"},{"@type":"Organization","@id":"https:\/\/vosgesinfo.fr\/remiremontinfo\/#organization","name":"Remiremont Info","url":"https:\/\/vosgesinfo.fr\/remiremontinfo\/","logo":{"@type":"ImageObject","inLanguage":"fr-FR","@id":"https:\/\/vosgesinfo.fr\/remiremontinfo\/#\/schema\/logo\/image\/","url":"https:\/\/vosgesinfo.fr\/app\/uploads\/sites\/5\/2023\/08\/favicon-remiremontinfo.png","contentUrl":"https:\/\/vosgesinfo.fr\/app\/uploads\/sites\/5\/2023\/08\/favicon-remiremontinfo.png","width":512,"height":512,"caption":"Remiremont Info"},"image":{"@id":"https:\/\/vosgesinfo.fr\/remiremontinfo\/#\/schema\/logo\/image\/"},"sameAs":["https:\/\/www.facebook.com\/remiremontinfo","https:\/\/x.com\/VosgesInfo88","https:\/\/www.youtube.com\/@vosgesinfo"]},{"@type":"Person","@id":"https:\/\/vosgesinfo.fr\/remiremontinfo\/#\/schema\/person\/27fd50bfa0474755c339da9cdfc89f3d","name":"C.M","image":{"@type":"ImageObject","inLanguage":"fr-FR","@id":"https:\/\/vosgesinfo.fr\/remiremontinfo\/#\/schema\/person\/image\/","url":"https:\/\/secure.gravatar.com\/avatar\/aeefb88e08fc3e19fa733c61898f1bec4517042b8355098e757f11b4d3d4df70?s=96&d=mm&r=g","contentUrl":"https:\/\/secure.gravatar.com\/avatar\/aeefb88e08fc3e19fa733c61898f1bec4517042b8355098e757f11b4d3d4df70?s=96&d=mm&r=g","caption":"C.M"},"url":"https:\/\/vosgesinfo.fr\/remiremontinfo\/author\/cathy88200\/"}]}},"_links":{"self":[{"href":"https:\/\/vosgesinfo.fr\/remiremontinfo\/wp-json\/wp\/v2\/posts\/72349","targetHints":{"allow":["GET"]}}],"collection":[{"href":"https:\/\/vosgesinfo.fr\/remiremontinfo\/wp-json\/wp\/v2\/posts"}],"about":[{"href":"https:\/\/vosgesinfo.fr\/remiremontinfo\/wp-json\/wp\/v2\/types\/post"}],"author":[{"embeddable":true,"href":"https:\/\/vosgesinfo.fr\/remiremontinfo\/wp-json\/wp\/v2\/users\/411"}],"replies":[{"embeddable":true,"href":"https:\/\/vosgesinfo.fr\/remiremontinfo\/wp-json\/wp\/v2\/comments?post=72349"}],"version-history":[{"count":0,"href":"https:\/\/vosgesinfo.fr\/remiremontinfo\/wp-json\/wp\/v2\/posts\/72349\/revisions"}],"wp:featuredmedia":[{"embeddable":true,"href":"https:\/\/vosgesinfo.fr\/remiremontinfo\/wp-json\/wp\/v2\/media\/72350"}],"wp:attachment":[{"href":"https:\/\/vosgesinfo.fr\/remiremontinfo\/wp-json\/wp\/v2\/media?parent=72349"}],"wp:term":[{"taxonomy":"category","embeddable":true,"href":"https:\/\/vosgesinfo.fr\/remiremontinfo\/wp-json\/wp\/v2\/categories?post=72349"},{"taxonomy":"post_tag","embeddable":true,"href":"https:\/\/vosgesinfo.fr\/remiremontinfo\/wp-json\/wp\/v2\/tags?post=72349"}],"curies":[{"name":"wp","href":"https:\/\/api.w.org\/{rel}","templated":true}]}}