{"id":72395,"date":"2023-06-23T09:59:34","date_gmt":"2023-06-23T07:59:34","guid":{"rendered":"https:\/\/vosgesinfo.fr\/remiremontinfo\/2023\/06\/fan-zone-jeunes-agriculteurs-lors-tour-de-france\/"},"modified":"2023-06-23T09:59:34","modified_gmt":"2023-06-23T07:59:34","slug":"fan-zone-jeunes-agriculteurs-lors-tour-de-france","status":"publish","type":"post","link":"https:\/\/vosgesinfo.fr\/remiremontinfo\/2023\/06\/fan-zone-jeunes-agriculteurs-lors-tour-de-france\/","title":{"rendered":"Fan zone des jeunes agriculteurs lors du Tour de France"},"content":{"rendered":"<h3>Apr\u00e8s le franc succ\u00e8s rencontr\u00e9 par les deux Fan Zones des agriculteurs lors des\u00a0<a href=\"https:\/\/www.facebook.com\/letour?__cft__[0]=AZXt5VKHPS_DQzW-Lmjb9bsHH2KpTHRSA-d-mvcgmfjdx4bXVKLeNg23WHrsiiY895WTKVfKzkYNjXUlTJEj9IfqGLHwAScLIry9Oo8MMdGQaunSyMknn9I6hLFtRX1lX6T79vGmbB7XoHOQkIo5IQX256oMCyBUFGFyxaFwcSnhYsUOpSGiiMEh30bYQI8vb-nHz8MHE_UWAIdbesIb8Nrc&amp;__tn__=-]K*F\" target=\"_blank\" data-saferedirecturl=\"https:\/\/www.google.com\/url?q=https:\/\/www.facebook.com\/letour?__cft__%5B0%5D%3DAZXt5VKHPS_DQzW-Lmjb9bsHH2KpTHRSA-d-mvcgmfjdx4bXVKLeNg23WHrsiiY895WTKVfKzkYNjXUlTJEj9IfqGLHwAScLIry9Oo8MMdGQaunSyMknn9I6hLFtRX1lX6T79vGmbB7XoHOQkIo5IQX256oMCyBUFGFyxaFwcSnhYsUOpSGiiMEh30bYQI8vb-nHz8MHE_UWAIdbesIb8Nrc%26__tn__%3D-%5DK*F&amp;source=gmail&amp;ust=1687594484900000&amp;usg=AOvVaw0IbKTQzhgH-2Da9jJfX5s-\" rel=\"noopener\">Le Tour de France<\/a>\u00a0Hommes et Femmes en 2022, la FDSEA des Vosges et\u00a0<a href=\"https:\/\/www.facebook.com\/jeunesagriculteurs.vosges?__cft__[0]=AZXt5VKHPS_DQzW-Lmjb9bsHH2KpTHRSA-d-mvcgmfjdx4bXVKLeNg23WHrsiiY895WTKVfKzkYNjXUlTJEj9IfqGLHwAScLIry9Oo8MMdGQaunSyMknn9I6hLFtRX1lX6T79vGmbB7XoHOQkIo5IQX256oMCyBUFGFyxaFwcSnhYsUOpSGiiMEh30bYQI8vb-nHz8MHE_UWAIdbesIb8Nrc&amp;__tn__=-]K*F\" target=\"_blank\" data-saferedirecturl=\"https:\/\/www.google.com\/url?q=https:\/\/www.facebook.com\/jeunesagriculteurs.vosges?__cft__%5B0%5D%3DAZXt5VKHPS_DQzW-Lmjb9bsHH2KpTHRSA-d-mvcgmfjdx4bXVKLeNg23WHrsiiY895WTKVfKzkYNjXUlTJEj9IfqGLHwAScLIry9Oo8MMdGQaunSyMknn9I6hLFtRX1lX6T79vGmbB7XoHOQkIo5IQX256oMCyBUFGFyxaFwcSnhYsUOpSGiiMEh30bYQI8vb-nHz8MHE_UWAIdbesIb8Nrc%26__tn__%3D-%5DK*F&amp;source=gmail&amp;ust=1687594484900000&amp;usg=AOvVaw3hP5JZd8Sfd8sDS6pUc9Xp\" rel=\"noopener\">Jeunes Agriculteurs Vosges<\/a> Jeunes Agriculteurs Vosges r\u00e9it\u00e8rent leur op\u00e9ration de communication le samedi 22 juillet 2023 lors de la 20\u00e8me et avant derni\u00e8re \u00e9tape du Tour de France \u00e0\u00a0<a href=\"https:\/\/www.facebook.com\/Cornimont-104067086297300\/?__cft__[0]=AZXt5VKHPS_DQzW-Lmjb9bsHH2KpTHRSA-d-mvcgmfjdx4bXVKLeNg23WHrsiiY895WTKVfKzkYNjXUlTJEj9IfqGLHwAScLIry9Oo8MMdGQaunSyMknn9I6hLFtRX1lX6T79vGmbB7XoHOQkIo5IQX256oMCyBUFGFyxaFwcSnhYsUOpSGiiMEh30bYQI8vb-nHz8MHE_UWAIdbesIb8Nrc&amp;__tn__=kK*F\" target=\"_blank\" data-saferedirecturl=\"https:\/\/www.google.com\/url?q=https:\/\/www.facebook.com\/Cornimont-104067086297300\/?__cft__%5B0%5D%3DAZXt5VKHPS_DQzW-Lmjb9bsHH2KpTHRSA-d-mvcgmfjdx4bXVKLeNg23WHrsiiY895WTKVfKzkYNjXUlTJEj9IfqGLHwAScLIry9Oo8MMdGQaunSyMknn9I6hLFtRX1lX6T79vGmbB7XoHOQkIo5IQX256oMCyBUFGFyxaFwcSnhYsUOpSGiiMEh30bYQI8vb-nHz8MHE_UWAIdbesIb8Nrc%26__tn__%3DkK*F&amp;source=gmail&amp;ust=1687594484900000&amp;usg=AOvVaw1r-NDZNLWyfMFf4GNZcg78\" rel=\"noopener\">Cornimont<\/a>.<\/h3>\n<p><a href=\"\/2023\/06\/347245473_662416989261782_7714608540784350972_n.jpg\"><img decoding=\"async\" class=\"alignright wp-image-372743 size-large\" src=\"\/2023\/06\/347245473_662416989261782_7714608540784350972_n-724x1024.jpg\" alt=\"fan zone 22 juillet\" width=\"724\" height=\"1024\" \/><\/a><br \/>\nDe nombreux agriculteurs des r\u00e9seaux FDSEA\/JA participent activement \u00e0 en faire un moment de convivialit\u00e9 et surtout, un moment important pour faire passer des messages au grand public et aux millions de t\u00e9l\u00e9spectateurs. Cette ann\u00e9e encore ils vont se mobiliser pour cr\u00e9er une Fan Zone en mettant l\u2019accent sur l\u2019emploi agricole et le renouvellement des g\u00e9n\u00e9rations, enjeux phares de l\u2019agriculture d\u2019aujourd\u2019hui et de demain.<\/p>\n<p><strong>La Fan Zone sera situ\u00e9e Route du Droit \u00e0 Cornimont, au col de la Croix des Moinats \u00e0 Cornimont<\/strong>. En pleine \u00e9pingle, la situation g\u00e9ographique est id\u00e9ale pour assister \u00e0 l\u2019ascension des coureurs et \u00e0 une \u00e9tape majeure, peut-\u00eatre d\u00e9cisive, que ce soit dans la lutte pour le maillot jaune ou la course au podium.<\/p>\n<p>Cet \u00e9v\u00e8nement est ouvert \u00e0 tous et en attendant les coureurs, la journ\u00e9e se voudra informative et festive, avec de nombreuses animations pr\u00e9vues (Participation \u00e0 l\u2019animation de la traditionnelle fresque g\u00e9ante en partenariat avec le\u00a0<a href=\"https:\/\/www.facebook.com\/departementdesvosges?__cft__[0]=AZXt5VKHPS_DQzW-Lmjb9bsHH2KpTHRSA-d-mvcgmfjdx4bXVKLeNg23WHrsiiY895WTKVfKzkYNjXUlTJEj9IfqGLHwAScLIry9Oo8MMdGQaunSyMknn9I6hLFtRX1lX6T79vGmbB7XoHOQkIo5IQX256oMCyBUFGFyxaFwcSnhYsUOpSGiiMEh30bYQI8vb-nHz8MHE_UWAIdbesIb8Nrc&amp;__tn__=-]K*F\" target=\"_blank\" data-saferedirecturl=\"https:\/\/www.google.com\/url?q=https:\/\/www.facebook.com\/departementdesvosges?__cft__%5B0%5D%3DAZXt5VKHPS_DQzW-Lmjb9bsHH2KpTHRSA-d-mvcgmfjdx4bXVKLeNg23WHrsiiY895WTKVfKzkYNjXUlTJEj9IfqGLHwAScLIry9Oo8MMdGQaunSyMknn9I6hLFtRX1lX6T79vGmbB7XoHOQkIo5IQX256oMCyBUFGFyxaFwcSnhYsUOpSGiiMEh30bYQI8vb-nHz8MHE_UWAIdbesIb8Nrc%26__tn__%3D-%5DK*F&amp;source=gmail&amp;ust=1687594484900000&amp;usg=AOvVaw3686rviSNtXW1sYAaPVT8V\" rel=\"noopener\">Conseil d\u00e9partemental des Vosges<\/a>, mise \u00e0 disposition de kits pour la Ola g\u00e9ante, Animations diverses &amp; cadeaux, passage des caravanes&#8230;) et informative avec un village de l\u2019emploi pour mettre en avant la multitude de m\u00e9tiers et de formations qu\u2019offre l\u2019agriculture.<\/p>\n<div dir=\"auto\"><\/div>\n<div dir=\"auto\"><strong>42 Route du Droit \u00e0 Cornimont<br \/>\n<\/strong><\/div>\n<div dir=\"auto\"><strong>Restauration\/Buvette, D\u00e9gustations, Animations, Cadeaux, Fresque g\u00e9ante, Ola. Passage des caravanes et des coureurs<\/strong><\/div>\n<p>&nbsp;<\/p>\n","protected":false},"excerpt":{"rendered":"<p>Apr\u00e8s le franc succ\u00e8s rencontr\u00e9 par les deux Fan Zones des agriculteurs lors des\u00a0Le Tour de France\u00a0Hommes et Femmes en [&hellip;]<\/p>\n","protected":false},"author":411,"featured_media":72396,"comment_status":"open","ping_status":"open","sticky":false,"template":"","format":"standard","meta":{"footnotes":""},"categories":[26,47,34,124,25],"tags":[1366,1404,672],"class_list":["post-72395","post","type-post","status-publish","format-standard","has-post-thumbnail","hentry","category-a-la-une","category-agriculture","category-cornimont","category-fetes","category-la-bresse-son-canton","tag-agriculteurs","tag-fan-zone","tag-tour-de-france"],"acf":[],"yoast_head":"<!-- This site is optimized with the Yoast SEO plugin v22.5 - https:\/\/yoast.com\/wordpress\/plugins\/seo\/ -->\n<title>Fan zone des jeunes agriculteurs lors du Tour de France - Remiremont Info<\/title>\n<meta name=\"robots\" content=\"index, follow, max-snippet:-1, max-image-preview:large, max-video-preview:-1\" \/>\n<link rel=\"canonical\" href=\"https:\/\/vosgesinfo.fr\/remiremontinfo\/2023\/06\/fan-zone-jeunes-agriculteurs-lors-tour-de-france\/\" \/>\n<meta name=\"twitter:card\" content=\"summary_large_image\" \/>\n<meta name=\"twitter:title\" content=\"Fan zone des jeunes agriculteurs lors du Tour de France - Remiremont Info\" \/>\n<meta name=\"twitter:description\" content=\"Apr\u00e8s le franc succ\u00e8s rencontr\u00e9 par les deux Fan Zones des agriculteurs lors des\u00a0Le Tour de France\u00a0Hommes et Femmes en [&hellip;]\" \/>\n<meta name=\"twitter:image\" content=\"https:\/\/vosgesinfo.fr\/app\/uploads\/sites\/5\/2024\/09\/202306fan-zone-agriculteurs.jpg\" \/>\n<meta name=\"twitter:creator\" content=\"@VosgesInfo88\" \/>\n<meta name=\"twitter:site\" content=\"@VosgesInfo88\" \/>\n<meta name=\"twitter:label1\" content=\"\u00c9crit par\" \/>\n\t<meta name=\"twitter:data1\" content=\"C.M\" \/>\n\t<meta name=\"twitter:label2\" content=\"Dur\u00e9e de lecture estim\u00e9e\" \/>\n\t<meta name=\"twitter:data2\" content=\"1 minute\" \/>\n<script type=\"application\/ld+json\" class=\"yoast-schema-graph\">{\"@context\":\"https:\/\/schema.org\",\"@graph\":[{\"@type\":\"Article\",\"@id\":\"https:\/\/vosgesinfo.fr\/remiremontinfo\/2023\/06\/fan-zone-jeunes-agriculteurs-lors-tour-de-france\/#article\",\"isPartOf\":{\"@id\":\"https:\/\/vosgesinfo.fr\/remiremontinfo\/2023\/06\/fan-zone-jeunes-agriculteurs-lors-tour-de-france\/\"},\"author\":{\"name\":\"C.M\",\"@id\":\"https:\/\/vosgesinfo.fr\/remiremontinfo\/#\/schema\/person\/27fd50bfa0474755c339da9cdfc89f3d\"},\"headline\":\"Fan zone des jeunes agriculteurs lors du Tour de France\",\"datePublished\":\"2023-06-23T07:59:34+00:00\",\"dateModified\":\"2023-06-23T07:59:34+00:00\",\"mainEntityOfPage\":{\"@id\":\"https:\/\/vosgesinfo.fr\/remiremontinfo\/2023\/06\/fan-zone-jeunes-agriculteurs-lors-tour-de-france\/\"},\"wordCount\":307,\"commentCount\":0,\"publisher\":{\"@id\":\"https:\/\/vosgesinfo.fr\/remiremontinfo\/#organization\"},\"image\":{\"@id\":\"https:\/\/vosgesinfo.fr\/remiremontinfo\/2023\/06\/fan-zone-jeunes-agriculteurs-lors-tour-de-france\/#primaryimage\"},\"thumbnailUrl\":\"https:\/\/vosgesinfo.fr\/app\/uploads\/sites\/5\/2024\/09\/202306fan-zone-agriculteurs.jpg\",\"keywords\":[\"Agriculteurs\",\"Fan zone\",\"tour de france\"],\"articleSection\":[\"A la Une\",\"Agriculture\",\"Cornimont\",\"F\u00eates\",\"La Bresse &amp; son canton\"],\"inLanguage\":\"fr-FR\",\"potentialAction\":[{\"@type\":\"CommentAction\",\"name\":\"Comment\",\"target\":[\"https:\/\/vosgesinfo.fr\/remiremontinfo\/2023\/06\/fan-zone-jeunes-agriculteurs-lors-tour-de-france\/#respond\"]}]},{\"@type\":\"WebPage\",\"@id\":\"https:\/\/vosgesinfo.fr\/remiremontinfo\/2023\/06\/fan-zone-jeunes-agriculteurs-lors-tour-de-france\/\",\"url\":\"https:\/\/vosgesinfo.fr\/remiremontinfo\/2023\/06\/fan-zone-jeunes-agriculteurs-lors-tour-de-france\/\",\"name\":\"Fan zone des jeunes agriculteurs lors du Tour de France - Remiremont Info\",\"isPartOf\":{\"@id\":\"https:\/\/vosgesinfo.fr\/remiremontinfo\/#website\"},\"primaryImageOfPage\":{\"@id\":\"https:\/\/vosgesinfo.fr\/remiremontinfo\/2023\/06\/fan-zone-jeunes-agriculteurs-lors-tour-de-france\/#primaryimage\"},\"image\":{\"@id\":\"https:\/\/vosgesinfo.fr\/remiremontinfo\/2023\/06\/fan-zone-jeunes-agriculteurs-lors-tour-de-france\/#primaryimage\"},\"thumbnailUrl\":\"https:\/\/vosgesinfo.fr\/app\/uploads\/sites\/5\/2024\/09\/202306fan-zone-agriculteurs.jpg\",\"datePublished\":\"2023-06-23T07:59:34+00:00\",\"dateModified\":\"2023-06-23T07:59:34+00:00\",\"breadcrumb\":{\"@id\":\"https:\/\/vosgesinfo.fr\/remiremontinfo\/2023\/06\/fan-zone-jeunes-agriculteurs-lors-tour-de-france\/#breadcrumb\"},\"inLanguage\":\"fr-FR\",\"potentialAction\":[{\"@type\":\"ReadAction\",\"target\":[\"https:\/\/vosgesinfo.fr\/remiremontinfo\/2023\/06\/fan-zone-jeunes-agriculteurs-lors-tour-de-france\/\"]}]},{\"@type\":\"ImageObject\",\"inLanguage\":\"fr-FR\",\"@id\":\"https:\/\/vosgesinfo.fr\/remiremontinfo\/2023\/06\/fan-zone-jeunes-agriculteurs-lors-tour-de-france\/#primaryimage\",\"url\":\"https:\/\/vosgesinfo.fr\/app\/uploads\/sites\/5\/2024\/09\/202306fan-zone-agriculteurs.jpg\",\"contentUrl\":\"https:\/\/vosgesinfo.fr\/app\/uploads\/sites\/5\/2024\/09\/202306fan-zone-agriculteurs.jpg\",\"width\":1394,\"height\":1088},{\"@type\":\"BreadcrumbList\",\"@id\":\"https:\/\/vosgesinfo.fr\/remiremontinfo\/2023\/06\/fan-zone-jeunes-agriculteurs-lors-tour-de-france\/#breadcrumb\",\"itemListElement\":[{\"@type\":\"ListItem\",\"position\":1,\"name\":\"Home\",\"item\":\"https:\/\/vosgesinfo.fr\/remiremontinfo\/\"},{\"@type\":\"ListItem\",\"position\":2,\"name\":\"Fan zone des jeunes agriculteurs lors du Tour de France\"}]},{\"@type\":\"WebSite\",\"@id\":\"https:\/\/vosgesinfo.fr\/remiremontinfo\/#website\",\"url\":\"https:\/\/vosgesinfo.fr\/remiremontinfo\/\",\"name\":\"Remiremont Info\",\"description\":\"Toute l&#039;actualit\u00e9 de Remiremont\",\"publisher\":{\"@id\":\"https:\/\/vosgesinfo.fr\/remiremontinfo\/#organization\"},\"alternateName\":\"Toute l'actualit\u00e9 de Remiremont\",\"potentialAction\":[{\"@type\":\"SearchAction\",\"target\":{\"@type\":\"EntryPoint\",\"urlTemplate\":\"https:\/\/vosgesinfo.fr\/remiremontinfo\/?s={search_term_string}\"},\"query-input\":\"required name=search_term_string\"}],\"inLanguage\":\"fr-FR\"},{\"@type\":\"Organization\",\"@id\":\"https:\/\/vosgesinfo.fr\/remiremontinfo\/#organization\",\"name\":\"Remiremont Info\",\"url\":\"https:\/\/vosgesinfo.fr\/remiremontinfo\/\",\"logo\":{\"@type\":\"ImageObject\",\"inLanguage\":\"fr-FR\",\"@id\":\"https:\/\/vosgesinfo.fr\/remiremontinfo\/#\/schema\/logo\/image\/\",\"url\":\"https:\/\/vosgesinfo.fr\/app\/uploads\/sites\/5\/2023\/08\/favicon-remiremontinfo.png\",\"contentUrl\":\"https:\/\/vosgesinfo.fr\/app\/uploads\/sites\/5\/2023\/08\/favicon-remiremontinfo.png\",\"width\":512,\"height\":512,\"caption\":\"Remiremont Info\"},\"image\":{\"@id\":\"https:\/\/vosgesinfo.fr\/remiremontinfo\/#\/schema\/logo\/image\/\"},\"sameAs\":[\"https:\/\/www.facebook.com\/remiremontinfo\",\"https:\/\/x.com\/VosgesInfo88\",\"https:\/\/www.youtube.com\/@vosgesinfo\"]},{\"@type\":\"Person\",\"@id\":\"https:\/\/vosgesinfo.fr\/remiremontinfo\/#\/schema\/person\/27fd50bfa0474755c339da9cdfc89f3d\",\"name\":\"C.M\",\"image\":{\"@type\":\"ImageObject\",\"inLanguage\":\"fr-FR\",\"@id\":\"https:\/\/vosgesinfo.fr\/remiremontinfo\/#\/schema\/person\/image\/\",\"url\":\"https:\/\/secure.gravatar.com\/avatar\/aeefb88e08fc3e19fa733c61898f1bec4517042b8355098e757f11b4d3d4df70?s=96&d=mm&r=g\",\"contentUrl\":\"https:\/\/secure.gravatar.com\/avatar\/aeefb88e08fc3e19fa733c61898f1bec4517042b8355098e757f11b4d3d4df70?s=96&d=mm&r=g\",\"caption\":\"C.M\"},\"url\":\"https:\/\/vosgesinfo.fr\/remiremontinfo\/author\/cathy88200\/\"}]}<\/script>\n<!-- \/ Yoast SEO plugin. -->","yoast_head_json":{"title":"Fan zone des jeunes agriculteurs lors du Tour de France - Remiremont Info","robots":{"index":"index","follow":"follow","max-snippet":"max-snippet:-1","max-image-preview":"max-image-preview:large","max-video-preview":"max-video-preview:-1"},"canonical":"https:\/\/vosgesinfo.fr\/remiremontinfo\/2023\/06\/fan-zone-jeunes-agriculteurs-lors-tour-de-france\/","twitter_card":"summary_large_image","twitter_title":"Fan zone des jeunes agriculteurs lors du Tour de France - Remiremont Info","twitter_description":"Apr\u00e8s le franc succ\u00e8s rencontr\u00e9 par les deux Fan Zones des agriculteurs lors des\u00a0Le Tour de France\u00a0Hommes et Femmes en [&hellip;]","twitter_image":"https:\/\/vosgesinfo.fr\/app\/uploads\/sites\/5\/2024\/09\/202306fan-zone-agriculteurs.jpg","twitter_creator":"@VosgesInfo88","twitter_site":"@VosgesInfo88","twitter_misc":{"\u00c9crit par":"C.M","Dur\u00e9e de lecture estim\u00e9e":"1 minute"},"schema":{"@context":"https:\/\/schema.org","@graph":[{"@type":"Article","@id":"https:\/\/vosgesinfo.fr\/remiremontinfo\/2023\/06\/fan-zone-jeunes-agriculteurs-lors-tour-de-france\/#article","isPartOf":{"@id":"https:\/\/vosgesinfo.fr\/remiremontinfo\/2023\/06\/fan-zone-jeunes-agriculteurs-lors-tour-de-france\/"},"author":{"name":"C.M","@id":"https:\/\/vosgesinfo.fr\/remiremontinfo\/#\/schema\/person\/27fd50bfa0474755c339da9cdfc89f3d"},"headline":"Fan zone des jeunes agriculteurs lors du Tour de France","datePublished":"2023-06-23T07:59:34+00:00","dateModified":"2023-06-23T07:59:34+00:00","mainEntityOfPage":{"@id":"https:\/\/vosgesinfo.fr\/remiremontinfo\/2023\/06\/fan-zone-jeunes-agriculteurs-lors-tour-de-france\/"},"wordCount":307,"commentCount":0,"publisher":{"@id":"https:\/\/vosgesinfo.fr\/remiremontinfo\/#organization"},"image":{"@id":"https:\/\/vosgesinfo.fr\/remiremontinfo\/2023\/06\/fan-zone-jeunes-agriculteurs-lors-tour-de-france\/#primaryimage"},"thumbnailUrl":"https:\/\/vosgesinfo.fr\/app\/uploads\/sites\/5\/2024\/09\/202306fan-zone-agriculteurs.jpg","keywords":["Agriculteurs","Fan zone","tour de france"],"articleSection":["A la Une","Agriculture","Cornimont","F\u00eates","La Bresse &amp; son canton"],"inLanguage":"fr-FR","potentialAction":[{"@type":"CommentAction","name":"Comment","target":["https:\/\/vosgesinfo.fr\/remiremontinfo\/2023\/06\/fan-zone-jeunes-agriculteurs-lors-tour-de-france\/#respond"]}]},{"@type":"WebPage","@id":"https:\/\/vosgesinfo.fr\/remiremontinfo\/2023\/06\/fan-zone-jeunes-agriculteurs-lors-tour-de-france\/","url":"https:\/\/vosgesinfo.fr\/remiremontinfo\/2023\/06\/fan-zone-jeunes-agriculteurs-lors-tour-de-france\/","name":"Fan zone des jeunes agriculteurs lors du Tour de France - Remiremont Info","isPartOf":{"@id":"https:\/\/vosgesinfo.fr\/remiremontinfo\/#website"},"primaryImageOfPage":{"@id":"https:\/\/vosgesinfo.fr\/remiremontinfo\/2023\/06\/fan-zone-jeunes-agriculteurs-lors-tour-de-france\/#primaryimage"},"image":{"@id":"https:\/\/vosgesinfo.fr\/remiremontinfo\/2023\/06\/fan-zone-jeunes-agriculteurs-lors-tour-de-france\/#primaryimage"},"thumbnailUrl":"https:\/\/vosgesinfo.fr\/app\/uploads\/sites\/5\/2024\/09\/202306fan-zone-agriculteurs.jpg","datePublished":"2023-06-23T07:59:34+00:00","dateModified":"2023-06-23T07:59:34+00:00","breadcrumb":{"@id":"https:\/\/vosgesinfo.fr\/remiremontinfo\/2023\/06\/fan-zone-jeunes-agriculteurs-lors-tour-de-france\/#breadcrumb"},"inLanguage":"fr-FR","potentialAction":[{"@type":"ReadAction","target":["https:\/\/vosgesinfo.fr\/remiremontinfo\/2023\/06\/fan-zone-jeunes-agriculteurs-lors-tour-de-france\/"]}]},{"@type":"ImageObject","inLanguage":"fr-FR","@id":"https:\/\/vosgesinfo.fr\/remiremontinfo\/2023\/06\/fan-zone-jeunes-agriculteurs-lors-tour-de-france\/#primaryimage","url":"https:\/\/vosgesinfo.fr\/app\/uploads\/sites\/5\/2024\/09\/202306fan-zone-agriculteurs.jpg","contentUrl":"https:\/\/vosgesinfo.fr\/app\/uploads\/sites\/5\/2024\/09\/202306fan-zone-agriculteurs.jpg","width":1394,"height":1088},{"@type":"BreadcrumbList","@id":"https:\/\/vosgesinfo.fr\/remiremontinfo\/2023\/06\/fan-zone-jeunes-agriculteurs-lors-tour-de-france\/#breadcrumb","itemListElement":[{"@type":"ListItem","position":1,"name":"Home","item":"https:\/\/vosgesinfo.fr\/remiremontinfo\/"},{"@type":"ListItem","position":2,"name":"Fan zone des jeunes agriculteurs lors du Tour de France"}]},{"@type":"WebSite","@id":"https:\/\/vosgesinfo.fr\/remiremontinfo\/#website","url":"https:\/\/vosgesinfo.fr\/remiremontinfo\/","name":"Remiremont Info","description":"Toute l&#039;actualit\u00e9 de Remiremont","publisher":{"@id":"https:\/\/vosgesinfo.fr\/remiremontinfo\/#organization"},"alternateName":"Toute l'actualit\u00e9 de Remiremont","potentialAction":[{"@type":"SearchAction","target":{"@type":"EntryPoint","urlTemplate":"https:\/\/vosgesinfo.fr\/remiremontinfo\/?s={search_term_string}"},"query-input":"required name=search_term_string"}],"inLanguage":"fr-FR"},{"@type":"Organization","@id":"https:\/\/vosgesinfo.fr\/remiremontinfo\/#organization","name":"Remiremont Info","url":"https:\/\/vosgesinfo.fr\/remiremontinfo\/","logo":{"@type":"ImageObject","inLanguage":"fr-FR","@id":"https:\/\/vosgesinfo.fr\/remiremontinfo\/#\/schema\/logo\/image\/","url":"https:\/\/vosgesinfo.fr\/app\/uploads\/sites\/5\/2023\/08\/favicon-remiremontinfo.png","contentUrl":"https:\/\/vosgesinfo.fr\/app\/uploads\/sites\/5\/2023\/08\/favicon-remiremontinfo.png","width":512,"height":512,"caption":"Remiremont Info"},"image":{"@id":"https:\/\/vosgesinfo.fr\/remiremontinfo\/#\/schema\/logo\/image\/"},"sameAs":["https:\/\/www.facebook.com\/remiremontinfo","https:\/\/x.com\/VosgesInfo88","https:\/\/www.youtube.com\/@vosgesinfo"]},{"@type":"Person","@id":"https:\/\/vosgesinfo.fr\/remiremontinfo\/#\/schema\/person\/27fd50bfa0474755c339da9cdfc89f3d","name":"C.M","image":{"@type":"ImageObject","inLanguage":"fr-FR","@id":"https:\/\/vosgesinfo.fr\/remiremontinfo\/#\/schema\/person\/image\/","url":"https:\/\/secure.gravatar.com\/avatar\/aeefb88e08fc3e19fa733c61898f1bec4517042b8355098e757f11b4d3d4df70?s=96&d=mm&r=g","contentUrl":"https:\/\/secure.gravatar.com\/avatar\/aeefb88e08fc3e19fa733c61898f1bec4517042b8355098e757f11b4d3d4df70?s=96&d=mm&r=g","caption":"C.M"},"url":"https:\/\/vosgesinfo.fr\/remiremontinfo\/author\/cathy88200\/"}]}},"_links":{"self":[{"href":"https:\/\/vosgesinfo.fr\/remiremontinfo\/wp-json\/wp\/v2\/posts\/72395","targetHints":{"allow":["GET"]}}],"collection":[{"href":"https:\/\/vosgesinfo.fr\/remiremontinfo\/wp-json\/wp\/v2\/posts"}],"about":[{"href":"https:\/\/vosgesinfo.fr\/remiremontinfo\/wp-json\/wp\/v2\/types\/post"}],"author":[{"embeddable":true,"href":"https:\/\/vosgesinfo.fr\/remiremontinfo\/wp-json\/wp\/v2\/users\/411"}],"replies":[{"embeddable":true,"href":"https:\/\/vosgesinfo.fr\/remiremontinfo\/wp-json\/wp\/v2\/comments?post=72395"}],"version-history":[{"count":0,"href":"https:\/\/vosgesinfo.fr\/remiremontinfo\/wp-json\/wp\/v2\/posts\/72395\/revisions"}],"wp:featuredmedia":[{"embeddable":true,"href":"https:\/\/vosgesinfo.fr\/remiremontinfo\/wp-json\/wp\/v2\/media\/72396"}],"wp:attachment":[{"href":"https:\/\/vosgesinfo.fr\/remiremontinfo\/wp-json\/wp\/v2\/media?parent=72395"}],"wp:term":[{"taxonomy":"category","embeddable":true,"href":"https:\/\/vosgesinfo.fr\/remiremontinfo\/wp-json\/wp\/v2\/categories?post=72395"},{"taxonomy":"post_tag","embeddable":true,"href":"https:\/\/vosgesinfo.fr\/remiremontinfo\/wp-json\/wp\/v2\/tags?post=72395"}],"curies":[{"name":"wp","href":"https:\/\/api.w.org\/{rel}","templated":true}]}}