{"id":72487,"date":"2023-06-26T06:10:38","date_gmt":"2023-06-26T04:10:38","guid":{"rendered":"https:\/\/vosgesinfo.fr\/remiremontinfo\/2023\/06\/mobilisation-de-lademat-h-vendredi-30-juin-a-14-h-30\/"},"modified":"2023-06-26T06:10:38","modified_gmt":"2023-06-26T04:10:38","slug":"mobilisation-de-lademat-h-vendredi-30-juin-a-14-h-30","status":"publish","type":"post","link":"https:\/\/vosgesinfo.fr\/remiremontinfo\/2023\/06\/mobilisation-de-lademat-h-vendredi-30-juin-a-14-h-30\/","title":{"rendered":"Mobilisation de l&rsquo;Ademat-H vendredi 30 juin \u00e0 14 h 30"},"content":{"rendered":"<h3>L&rsquo;Ademat-H appelle \u00e0 un rassemblement massif devant l&rsquo;h\u00f4pital de Remiremont, vendredi 30 juin, \u00e0 14 h 30, afin de pr\u00e9server la proximit\u00e9 et le maintient \u00e0 Remiremont du service de n\u00e9onatologie et du m\u00eame coup, \u00e0 terme de la maternit\u00e9. \u00ab\u00a0Tous ensemble, refusons ce nouvel abandon des familles et du territoire\u00a0\u00bb<\/h3>\n<p>Le conseil de surveillance doit se r\u00e9unir \u00e0 15 h.<\/p>\n<p><a href=\"\/2023\/06\/ademat-1.jpg\"><img decoding=\"async\" class=\"aligncenter wp-image-372924 size-full\" src=\"\/2023\/06\/ademat-1.jpg\" alt=\"ademat 1\" width=\"635\" height=\"862\" \/><\/a><\/p>\n","protected":false},"excerpt":{"rendered":"<p>L&rsquo;Ademat-H appelle \u00e0 un rassemblement massif devant l&rsquo;h\u00f4pital de Remiremont, vendredi 30 juin, \u00e0 14 h 30, afin de pr\u00e9server [&hellip;]<\/p>\n","protected":false},"author":411,"featured_media":3073,"comment_status":"open","ping_status":"open","sticky":false,"template":"","format":"standard","meta":{"footnotes":""},"categories":[26,1556,35,12,60],"tags":[5991,3243,5992],"class_list":["post-72487","post","type-post","status-publish","format-standard","has-post-thumbnail","hentry","category-a-la-une","category-remiremont-remiremont-son-canton-2","category-remiremont-son-canton","category-sante","category-solidarite","tag-ademath","tag-maternite","tag-neonatalogie"],"acf":[],"yoast_head":"<!-- This site is optimized with the Yoast SEO plugin v22.5 - https:\/\/yoast.com\/wordpress\/plugins\/seo\/ -->\n<title>Mobilisation de l&#039;Ademat-H vendredi 30 juin \u00e0 14 h 30 - Remiremont Info<\/title>\n<meta name=\"robots\" content=\"index, follow, max-snippet:-1, max-image-preview:large, max-video-preview:-1\" \/>\n<link rel=\"canonical\" href=\"https:\/\/vosgesinfo.fr\/remiremontinfo\/2023\/06\/mobilisation-de-lademat-h-vendredi-30-juin-a-14-h-30\/\" \/>\n<meta name=\"twitter:card\" content=\"summary_large_image\" \/>\n<meta name=\"twitter:title\" content=\"Mobilisation de l&#039;Ademat-H vendredi 30 juin \u00e0 14 h 30 - Remiremont Info\" \/>\n<meta name=\"twitter:description\" content=\"L&rsquo;Ademat-H appelle \u00e0 un rassemblement massif devant l&rsquo;h\u00f4pital de Remiremont, vendredi 30 juin, \u00e0 14 h 30, afin de pr\u00e9server [&hellip;]\" \/>\n<meta name=\"twitter:image\" content=\"https:\/\/vosgesinfo.fr\/app\/uploads\/sites\/5\/2023\/06\/ademat1.jpg\" \/>\n<meta name=\"twitter:creator\" content=\"@VosgesInfo88\" \/>\n<meta name=\"twitter:site\" content=\"@VosgesInfo88\" \/>\n<meta name=\"twitter:label1\" content=\"\u00c9crit par\" \/>\n\t<meta name=\"twitter:data1\" content=\"C.M\" \/>\n<script type=\"application\/ld+json\" class=\"yoast-schema-graph\">{\"@context\":\"https:\/\/schema.org\",\"@graph\":[{\"@type\":\"Article\",\"@id\":\"https:\/\/vosgesinfo.fr\/remiremontinfo\/2023\/06\/mobilisation-de-lademat-h-vendredi-30-juin-a-14-h-30\/#article\",\"isPartOf\":{\"@id\":\"https:\/\/vosgesinfo.fr\/remiremontinfo\/2023\/06\/mobilisation-de-lademat-h-vendredi-30-juin-a-14-h-30\/\"},\"author\":{\"name\":\"C.M\",\"@id\":\"https:\/\/vosgesinfo.fr\/remiremontinfo\/#\/schema\/person\/27fd50bfa0474755c339da9cdfc89f3d\"},\"headline\":\"Mobilisation de l&rsquo;Ademat-H vendredi 30 juin \u00e0 14 h 30\",\"datePublished\":\"2023-06-26T04:10:38+00:00\",\"dateModified\":\"2023-06-26T04:10:38+00:00\",\"mainEntityOfPage\":{\"@id\":\"https:\/\/vosgesinfo.fr\/remiremontinfo\/2023\/06\/mobilisation-de-lademat-h-vendredi-30-juin-a-14-h-30\/\"},\"wordCount\":66,\"commentCount\":0,\"publisher\":{\"@id\":\"https:\/\/vosgesinfo.fr\/remiremontinfo\/#organization\"},\"image\":{\"@id\":\"https:\/\/vosgesinfo.fr\/remiremontinfo\/2023\/06\/mobilisation-de-lademat-h-vendredi-30-juin-a-14-h-30\/#primaryimage\"},\"thumbnailUrl\":\"https:\/\/vosgesinfo.fr\/app\/uploads\/sites\/5\/2023\/06\/ademat1.jpg\",\"keywords\":[\"ademath\",\"maternit\u00e9\",\"n\u00e9onatalogie\"],\"articleSection\":[\"A la Une\",\"Remiremont\",\"Remiremont &amp; son canton\",\"Sant\u00e9\",\"Solidarit\u00e9\"],\"inLanguage\":\"fr-FR\",\"potentialAction\":[{\"@type\":\"CommentAction\",\"name\":\"Comment\",\"target\":[\"https:\/\/vosgesinfo.fr\/remiremontinfo\/2023\/06\/mobilisation-de-lademat-h-vendredi-30-juin-a-14-h-30\/#respond\"]}]},{\"@type\":\"WebPage\",\"@id\":\"https:\/\/vosgesinfo.fr\/remiremontinfo\/2023\/06\/mobilisation-de-lademat-h-vendredi-30-juin-a-14-h-30\/\",\"url\":\"https:\/\/vosgesinfo.fr\/remiremontinfo\/2023\/06\/mobilisation-de-lademat-h-vendredi-30-juin-a-14-h-30\/\",\"name\":\"Mobilisation de l'Ademat-H vendredi 30 juin \u00e0 14 h 30 - Remiremont Info\",\"isPartOf\":{\"@id\":\"https:\/\/vosgesinfo.fr\/remiremontinfo\/#website\"},\"primaryImageOfPage\":{\"@id\":\"https:\/\/vosgesinfo.fr\/remiremontinfo\/2023\/06\/mobilisation-de-lademat-h-vendredi-30-juin-a-14-h-30\/#primaryimage\"},\"image\":{\"@id\":\"https:\/\/vosgesinfo.fr\/remiremontinfo\/2023\/06\/mobilisation-de-lademat-h-vendredi-30-juin-a-14-h-30\/#primaryimage\"},\"thumbnailUrl\":\"https:\/\/vosgesinfo.fr\/app\/uploads\/sites\/5\/2023\/06\/ademat1.jpg\",\"datePublished\":\"2023-06-26T04:10:38+00:00\",\"dateModified\":\"2023-06-26T04:10:38+00:00\",\"breadcrumb\":{\"@id\":\"https:\/\/vosgesinfo.fr\/remiremontinfo\/2023\/06\/mobilisation-de-lademat-h-vendredi-30-juin-a-14-h-30\/#breadcrumb\"},\"inLanguage\":\"fr-FR\",\"potentialAction\":[{\"@type\":\"ReadAction\",\"target\":[\"https:\/\/vosgesinfo.fr\/remiremontinfo\/2023\/06\/mobilisation-de-lademat-h-vendredi-30-juin-a-14-h-30\/\"]}]},{\"@type\":\"ImageObject\",\"inLanguage\":\"fr-FR\",\"@id\":\"https:\/\/vosgesinfo.fr\/remiremontinfo\/2023\/06\/mobilisation-de-lademat-h-vendredi-30-juin-a-14-h-30\/#primaryimage\",\"url\":\"https:\/\/vosgesinfo.fr\/app\/uploads\/sites\/5\/2023\/06\/ademat1.jpg\",\"contentUrl\":\"https:\/\/vosgesinfo.fr\/app\/uploads\/sites\/5\/2023\/06\/ademat1.jpg\",\"width\":253,\"height\":170},{\"@type\":\"BreadcrumbList\",\"@id\":\"https:\/\/vosgesinfo.fr\/remiremontinfo\/2023\/06\/mobilisation-de-lademat-h-vendredi-30-juin-a-14-h-30\/#breadcrumb\",\"itemListElement\":[{\"@type\":\"ListItem\",\"position\":1,\"name\":\"Home\",\"item\":\"https:\/\/vosgesinfo.fr\/remiremontinfo\/\"},{\"@type\":\"ListItem\",\"position\":2,\"name\":\"Mobilisation de l&rsquo;Ademat-H vendredi 30 juin \u00e0 14 h 30\"}]},{\"@type\":\"WebSite\",\"@id\":\"https:\/\/vosgesinfo.fr\/remiremontinfo\/#website\",\"url\":\"https:\/\/vosgesinfo.fr\/remiremontinfo\/\",\"name\":\"Remiremont Info\",\"description\":\"Toute l&#039;actualit\u00e9 de Remiremont\",\"publisher\":{\"@id\":\"https:\/\/vosgesinfo.fr\/remiremontinfo\/#organization\"},\"alternateName\":\"Toute l'actualit\u00e9 de Remiremont\",\"potentialAction\":[{\"@type\":\"SearchAction\",\"target\":{\"@type\":\"EntryPoint\",\"urlTemplate\":\"https:\/\/vosgesinfo.fr\/remiremontinfo\/?s={search_term_string}\"},\"query-input\":\"required name=search_term_string\"}],\"inLanguage\":\"fr-FR\"},{\"@type\":\"Organization\",\"@id\":\"https:\/\/vosgesinfo.fr\/remiremontinfo\/#organization\",\"name\":\"Remiremont Info\",\"url\":\"https:\/\/vosgesinfo.fr\/remiremontinfo\/\",\"logo\":{\"@type\":\"ImageObject\",\"inLanguage\":\"fr-FR\",\"@id\":\"https:\/\/vosgesinfo.fr\/remiremontinfo\/#\/schema\/logo\/image\/\",\"url\":\"https:\/\/vosgesinfo.fr\/app\/uploads\/sites\/5\/2023\/08\/favicon-remiremontinfo.png\",\"contentUrl\":\"https:\/\/vosgesinfo.fr\/app\/uploads\/sites\/5\/2023\/08\/favicon-remiremontinfo.png\",\"width\":512,\"height\":512,\"caption\":\"Remiremont Info\"},\"image\":{\"@id\":\"https:\/\/vosgesinfo.fr\/remiremontinfo\/#\/schema\/logo\/image\/\"},\"sameAs\":[\"https:\/\/www.facebook.com\/remiremontinfo\",\"https:\/\/x.com\/VosgesInfo88\",\"https:\/\/www.youtube.com\/@vosgesinfo\"]},{\"@type\":\"Person\",\"@id\":\"https:\/\/vosgesinfo.fr\/remiremontinfo\/#\/schema\/person\/27fd50bfa0474755c339da9cdfc89f3d\",\"name\":\"C.M\",\"image\":{\"@type\":\"ImageObject\",\"inLanguage\":\"fr-FR\",\"@id\":\"https:\/\/vosgesinfo.fr\/remiremontinfo\/#\/schema\/person\/image\/\",\"url\":\"https:\/\/secure.gravatar.com\/avatar\/aeefb88e08fc3e19fa733c61898f1bec4517042b8355098e757f11b4d3d4df70?s=96&d=mm&r=g\",\"contentUrl\":\"https:\/\/secure.gravatar.com\/avatar\/aeefb88e08fc3e19fa733c61898f1bec4517042b8355098e757f11b4d3d4df70?s=96&d=mm&r=g\",\"caption\":\"C.M\"},\"url\":\"https:\/\/vosgesinfo.fr\/remiremontinfo\/author\/cathy88200\/\"}]}<\/script>\n<!-- \/ Yoast SEO plugin. -->","yoast_head_json":{"title":"Mobilisation de l'Ademat-H vendredi 30 juin \u00e0 14 h 30 - Remiremont Info","robots":{"index":"index","follow":"follow","max-snippet":"max-snippet:-1","max-image-preview":"max-image-preview:large","max-video-preview":"max-video-preview:-1"},"canonical":"https:\/\/vosgesinfo.fr\/remiremontinfo\/2023\/06\/mobilisation-de-lademat-h-vendredi-30-juin-a-14-h-30\/","twitter_card":"summary_large_image","twitter_title":"Mobilisation de l'Ademat-H vendredi 30 juin \u00e0 14 h 30 - Remiremont Info","twitter_description":"L&rsquo;Ademat-H appelle \u00e0 un rassemblement massif devant l&rsquo;h\u00f4pital de Remiremont, vendredi 30 juin, \u00e0 14 h 30, afin de pr\u00e9server [&hellip;]","twitter_image":"https:\/\/vosgesinfo.fr\/app\/uploads\/sites\/5\/2023\/06\/ademat1.jpg","twitter_creator":"@VosgesInfo88","twitter_site":"@VosgesInfo88","twitter_misc":{"\u00c9crit par":"C.M"},"schema":{"@context":"https:\/\/schema.org","@graph":[{"@type":"Article","@id":"https:\/\/vosgesinfo.fr\/remiremontinfo\/2023\/06\/mobilisation-de-lademat-h-vendredi-30-juin-a-14-h-30\/#article","isPartOf":{"@id":"https:\/\/vosgesinfo.fr\/remiremontinfo\/2023\/06\/mobilisation-de-lademat-h-vendredi-30-juin-a-14-h-30\/"},"author":{"name":"C.M","@id":"https:\/\/vosgesinfo.fr\/remiremontinfo\/#\/schema\/person\/27fd50bfa0474755c339da9cdfc89f3d"},"headline":"Mobilisation de l&rsquo;Ademat-H vendredi 30 juin \u00e0 14 h 30","datePublished":"2023-06-26T04:10:38+00:00","dateModified":"2023-06-26T04:10:38+00:00","mainEntityOfPage":{"@id":"https:\/\/vosgesinfo.fr\/remiremontinfo\/2023\/06\/mobilisation-de-lademat-h-vendredi-30-juin-a-14-h-30\/"},"wordCount":66,"commentCount":0,"publisher":{"@id":"https:\/\/vosgesinfo.fr\/remiremontinfo\/#organization"},"image":{"@id":"https:\/\/vosgesinfo.fr\/remiremontinfo\/2023\/06\/mobilisation-de-lademat-h-vendredi-30-juin-a-14-h-30\/#primaryimage"},"thumbnailUrl":"https:\/\/vosgesinfo.fr\/app\/uploads\/sites\/5\/2023\/06\/ademat1.jpg","keywords":["ademath","maternit\u00e9","n\u00e9onatalogie"],"articleSection":["A la Une","Remiremont","Remiremont &amp; son canton","Sant\u00e9","Solidarit\u00e9"],"inLanguage":"fr-FR","potentialAction":[{"@type":"CommentAction","name":"Comment","target":["https:\/\/vosgesinfo.fr\/remiremontinfo\/2023\/06\/mobilisation-de-lademat-h-vendredi-30-juin-a-14-h-30\/#respond"]}]},{"@type":"WebPage","@id":"https:\/\/vosgesinfo.fr\/remiremontinfo\/2023\/06\/mobilisation-de-lademat-h-vendredi-30-juin-a-14-h-30\/","url":"https:\/\/vosgesinfo.fr\/remiremontinfo\/2023\/06\/mobilisation-de-lademat-h-vendredi-30-juin-a-14-h-30\/","name":"Mobilisation de l'Ademat-H vendredi 30 juin \u00e0 14 h 30 - Remiremont Info","isPartOf":{"@id":"https:\/\/vosgesinfo.fr\/remiremontinfo\/#website"},"primaryImageOfPage":{"@id":"https:\/\/vosgesinfo.fr\/remiremontinfo\/2023\/06\/mobilisation-de-lademat-h-vendredi-30-juin-a-14-h-30\/#primaryimage"},"image":{"@id":"https:\/\/vosgesinfo.fr\/remiremontinfo\/2023\/06\/mobilisation-de-lademat-h-vendredi-30-juin-a-14-h-30\/#primaryimage"},"thumbnailUrl":"https:\/\/vosgesinfo.fr\/app\/uploads\/sites\/5\/2023\/06\/ademat1.jpg","datePublished":"2023-06-26T04:10:38+00:00","dateModified":"2023-06-26T04:10:38+00:00","breadcrumb":{"@id":"https:\/\/vosgesinfo.fr\/remiremontinfo\/2023\/06\/mobilisation-de-lademat-h-vendredi-30-juin-a-14-h-30\/#breadcrumb"},"inLanguage":"fr-FR","potentialAction":[{"@type":"ReadAction","target":["https:\/\/vosgesinfo.fr\/remiremontinfo\/2023\/06\/mobilisation-de-lademat-h-vendredi-30-juin-a-14-h-30\/"]}]},{"@type":"ImageObject","inLanguage":"fr-FR","@id":"https:\/\/vosgesinfo.fr\/remiremontinfo\/2023\/06\/mobilisation-de-lademat-h-vendredi-30-juin-a-14-h-30\/#primaryimage","url":"https:\/\/vosgesinfo.fr\/app\/uploads\/sites\/5\/2023\/06\/ademat1.jpg","contentUrl":"https:\/\/vosgesinfo.fr\/app\/uploads\/sites\/5\/2023\/06\/ademat1.jpg","width":253,"height":170},{"@type":"BreadcrumbList","@id":"https:\/\/vosgesinfo.fr\/remiremontinfo\/2023\/06\/mobilisation-de-lademat-h-vendredi-30-juin-a-14-h-30\/#breadcrumb","itemListElement":[{"@type":"ListItem","position":1,"name":"Home","item":"https:\/\/vosgesinfo.fr\/remiremontinfo\/"},{"@type":"ListItem","position":2,"name":"Mobilisation de l&rsquo;Ademat-H vendredi 30 juin \u00e0 14 h 30"}]},{"@type":"WebSite","@id":"https:\/\/vosgesinfo.fr\/remiremontinfo\/#website","url":"https:\/\/vosgesinfo.fr\/remiremontinfo\/","name":"Remiremont Info","description":"Toute l&#039;actualit\u00e9 de Remiremont","publisher":{"@id":"https:\/\/vosgesinfo.fr\/remiremontinfo\/#organization"},"alternateName":"Toute l'actualit\u00e9 de Remiremont","potentialAction":[{"@type":"SearchAction","target":{"@type":"EntryPoint","urlTemplate":"https:\/\/vosgesinfo.fr\/remiremontinfo\/?s={search_term_string}"},"query-input":"required name=search_term_string"}],"inLanguage":"fr-FR"},{"@type":"Organization","@id":"https:\/\/vosgesinfo.fr\/remiremontinfo\/#organization","name":"Remiremont Info","url":"https:\/\/vosgesinfo.fr\/remiremontinfo\/","logo":{"@type":"ImageObject","inLanguage":"fr-FR","@id":"https:\/\/vosgesinfo.fr\/remiremontinfo\/#\/schema\/logo\/image\/","url":"https:\/\/vosgesinfo.fr\/app\/uploads\/sites\/5\/2023\/08\/favicon-remiremontinfo.png","contentUrl":"https:\/\/vosgesinfo.fr\/app\/uploads\/sites\/5\/2023\/08\/favicon-remiremontinfo.png","width":512,"height":512,"caption":"Remiremont Info"},"image":{"@id":"https:\/\/vosgesinfo.fr\/remiremontinfo\/#\/schema\/logo\/image\/"},"sameAs":["https:\/\/www.facebook.com\/remiremontinfo","https:\/\/x.com\/VosgesInfo88","https:\/\/www.youtube.com\/@vosgesinfo"]},{"@type":"Person","@id":"https:\/\/vosgesinfo.fr\/remiremontinfo\/#\/schema\/person\/27fd50bfa0474755c339da9cdfc89f3d","name":"C.M","image":{"@type":"ImageObject","inLanguage":"fr-FR","@id":"https:\/\/vosgesinfo.fr\/remiremontinfo\/#\/schema\/person\/image\/","url":"https:\/\/secure.gravatar.com\/avatar\/aeefb88e08fc3e19fa733c61898f1bec4517042b8355098e757f11b4d3d4df70?s=96&d=mm&r=g","contentUrl":"https:\/\/secure.gravatar.com\/avatar\/aeefb88e08fc3e19fa733c61898f1bec4517042b8355098e757f11b4d3d4df70?s=96&d=mm&r=g","caption":"C.M"},"url":"https:\/\/vosgesinfo.fr\/remiremontinfo\/author\/cathy88200\/"}]}},"_links":{"self":[{"href":"https:\/\/vosgesinfo.fr\/remiremontinfo\/wp-json\/wp\/v2\/posts\/72487","targetHints":{"allow":["GET"]}}],"collection":[{"href":"https:\/\/vosgesinfo.fr\/remiremontinfo\/wp-json\/wp\/v2\/posts"}],"about":[{"href":"https:\/\/vosgesinfo.fr\/remiremontinfo\/wp-json\/wp\/v2\/types\/post"}],"author":[{"embeddable":true,"href":"https:\/\/vosgesinfo.fr\/remiremontinfo\/wp-json\/wp\/v2\/users\/411"}],"replies":[{"embeddable":true,"href":"https:\/\/vosgesinfo.fr\/remiremontinfo\/wp-json\/wp\/v2\/comments?post=72487"}],"version-history":[{"count":0,"href":"https:\/\/vosgesinfo.fr\/remiremontinfo\/wp-json\/wp\/v2\/posts\/72487\/revisions"}],"wp:featuredmedia":[{"embeddable":true,"href":"https:\/\/vosgesinfo.fr\/remiremontinfo\/wp-json\/wp\/v2\/media\/3073"}],"wp:attachment":[{"href":"https:\/\/vosgesinfo.fr\/remiremontinfo\/wp-json\/wp\/v2\/media?parent=72487"}],"wp:term":[{"taxonomy":"category","embeddable":true,"href":"https:\/\/vosgesinfo.fr\/remiremontinfo\/wp-json\/wp\/v2\/categories?post=72487"},{"taxonomy":"post_tag","embeddable":true,"href":"https:\/\/vosgesinfo.fr\/remiremontinfo\/wp-json\/wp\/v2\/tags?post=72487"}],"curies":[{"name":"wp","href":"https:\/\/api.w.org\/{rel}","templated":true}]}}