{"id":72595,"date":"2023-06-28T13:14:59","date_gmt":"2023-06-28T11:14:59","guid":{"rendered":"https:\/\/vosgesinfo.fr\/remiremontinfo\/2023\/06\/moments-demotions-deux-piliers-de-lares-prennent-de-grandes-vacances\/"},"modified":"2023-06-28T13:14:59","modified_gmt":"2023-06-28T11:14:59","slug":"moments-demotions-deux-piliers-de-lares-prennent-de-grandes-vacances","status":"publish","type":"post","link":"https:\/\/vosgesinfo.fr\/remiremontinfo\/2023\/06\/moments-demotions-deux-piliers-de-lares-prennent-de-grandes-vacances\/","title":{"rendered":"Moments d&rsquo;\u00e9motions pour deux piliers de l&rsquo;ARES qui prennent de grandes vacances"},"content":{"rendered":"<h3>Deux piliers, on pourrait m\u00eame ajouter des incontournables et indissociables depuis de tr\u00e8s nombreuses ann\u00e9es de l&rsquo;Association ARES ont pris leur retraite.<\/h3>\n<h3>Un d\u00e9part dignement f\u00eat\u00e9 au centre culturel Gilbert Zaug de Remiremont ce mardi, devant de tr\u00e8s nombreux employ\u00e9s, familles, partenaires et \u00e9lus. Sylvie Herv\u00e9 et Pascal Zaug vont d\u00e9sormais profiter de longues journ\u00e9es de vacances bien m\u00e9rit\u00e9es, ce \u00e0 quoi leurs proches et eux-m\u00eames ne sont pas forc\u00e9ment habitu\u00e9s.<\/h3>\n<div id=\"attachment_373109\" style=\"width: 970px\" class=\"wp-caption aligncenter\"><a href=\"\/2023\/06\/DSC_0966.jpg\"><img decoding=\"async\" aria-describedby=\"caption-attachment-373109\" class=\"wp-image-373109 size-large\" src=\"\/2023\/06\/DSC_0966-1024x680.jpg\" alt=\"D\u00e9part sylvie - Pascal ARES\" width=\"960\" height=\"638\" \/><\/a><p id=\"caption-attachment-373109\" class=\"wp-caption-text\">Carlos Da Silva, nouveau directeur de l&rsquo;ARES a ouvert le bal de cette soir\u00e9e riche en \u00e9motions.<\/p><\/div>\n<p>&nbsp;<\/p>\n<p>\u00ab\u00a0<em>J&rsquo;avais pr\u00e9vu des mouchoirs, les trois sont utilis\u00e9s<\/em> \u00a0\u00bb avoue Sylvie Herv\u00e9, oscillant entre rires et larmes, \u00e0 l&rsquo;issue de la c\u00e9r\u00e9monie tr\u00e8s \u00e9mouvante organis\u00e9e en honneur de son d\u00e9part en retraite et de celui de son bin\u00f4me, Pascal Zaug.<\/p>\n<p>&nbsp;<\/p>\n<p>\u00ab\u00a0<em>Deux belles et brillantes personnes au service des autres<\/em> \u00a0\u00bb pour qui l&rsquo;Humain dans sa globalit\u00e9 a toujours \u00e9t\u00e9 au centre de leur pr\u00e9occupation, et du m\u00eame coup d&rsquo;ARES et Vosges Solidaires. \u00ab\u00a0<em>C&rsquo;est la force qui fait bloc, en gardant l&rsquo;humain au c\u0153ur du combat, on l&rsquo;a dans les tripes<\/em> \u00a0\u00bb confie Sylvie Herv\u00e9. \u00ab\u00a0<em>Cela a pris beaucoup de temps sur notre vie de famille, mais cela m&rsquo;a rendue plus forte\u00a0\u00bb<\/em>.\u00a0 Apr\u00e8s avoir trouv\u00e9 des solutions \u00e0 chaque probl\u00e8me, ils accompagn\u00e8rent ainsi des milliers de personnes dans le circuit de l&#8217;emploi pendant leur p\u00e9riple professionnel. \u00ab\u00a0<em>L&rsquo;humain a toujours \u00e9t\u00e9 au c\u0153ur de nos actions, nous sommes fiers du chemin parcouru ensemble<\/em> .\u00a0\u00bb<\/p>\n<div id=\"attachment_373108\" style=\"width: 394px\" class=\"wp-caption alignleft\"><a href=\"\/2023\/06\/DSC_0963.jpg\"><img decoding=\"async\" aria-describedby=\"caption-attachment-373108\" class=\"wp-image-373108 size-medium\" src=\"\/2023\/06\/DSC_0963-384x255.jpg\" alt=\"Arriv\u00e9e sous les applaudissements.\" width=\"384\" height=\"255\" \/><\/a><p id=\"caption-attachment-373108\" class=\"wp-caption-text\">Arriv\u00e9e sous les applaudissements.<\/p><\/div>\n<p>&nbsp;<\/p>\n<p>Deux piliers, des incontournables de l&rsquo;association,\u00a0 \u00ab\u00a0<em>tr\u00e8s visionnaires sur l&rsquo;insertion<\/em> \u00a0\u00bb soulignera Didier Martin, pr\u00e9sident du conseil d&rsquo;administration \u00a0\u00bb <em>votre action a rayonn\u00e9 sur le d\u00e9partement, et plus loin encore\u00a0\u00bb<\/em>. Retra\u00e7ant leurs cursus professionnels, M. Martin ne manquera de mettre en avant l&rsquo;exemple donn\u00e9 par Gilbert Zaug \u00e0 son fils, devenu \u00ab\u00a0<em>un homme d&rsquo;action, de vision,\u00a0 de r\u00e9seaux et de r\u00e9actions<\/em> \u00a0\u00bb autant de qualit\u00e9s doubl\u00e9es d&rsquo;altruisme pour le duo qui a permis d&rsquo;asseoir l&rsquo;association au plus haut.<\/p>\n<p>Ce que ne manquera pas de reconna\u00eetre \u00e9galement Fran\u00e7ois Vannson, louant au passage \u00ab\u00a0<em>les relations franches et directes<\/em> \u00a0\u00bb avec Sylvie, \u00ab\u00a0<em>une personnalit\u00e9, qui a des principes<\/em>\u00a0\u00bb et un bin\u00f4me \u00ab\u00a0<em>qui s&rsquo;int\u00e9ressait aux autres.<\/em>\u00a0\u00bb Ils totalisent \u00e0 eux deux\u00a0 55 ann\u00e9es de travail au sein de la maison ARES, Vosges Solidaires.<\/p>\n<p>Entr\u00e9e pour un contrat de 3 mois, Sylvie Herv\u00e9 consacrera finalement 34 ann\u00e9es \u00e0 l&rsquo;Ares sur 43 ans de vie professionnelle, repassant un master de management au passage. \u00c9tant impliqu\u00e9e \u00e9galement en tant qu&rsquo;adjointe au conseil municipal de Rupt-sur-Moselle, l&rsquo;humain sera donc toujours pr\u00e9sent dans son futur.<\/p>\n<p>Une multiple casquette \u00e9galement valable pour Pascal Zaug, entr\u00e9 en 2002, apr\u00e8s avoir suivi l&rsquo;association dans le cadre de ses missions en comptabilit\u00e9, mais aussi \u00e0 la t\u00eate de l&rsquo;orchestre des mandolines de Remiremont, de la coop\u00e9rative l&rsquo;Utile de Vagney, et du conseil d&rsquo;administration de Vosges Solidaires. Une association qui compte \u00e0 ce jour 23 salari\u00e9s permanents et environ 170 personnes suivies.<\/p>\n<p>Ce sont deux belles carri\u00e8res professionnelles qui arrivent \u00e0 terme. La carri\u00e8re de \u00ab\u00a0<em>deux personnes, piliers de notre \u00e9quipe. Leur d\u00e9vouement, leur expertise et leur gentillesse ont marqu\u00e9 chaque jour pass\u00e9 \u00e0 leurs c\u00f4t\u00e9s. Leur passion pour leur travail a \u00e9t\u00e9 une source d&rsquo;inspiration pour nous tous et ils ont su trouver les solutions les plus innovantes face aux d\u00e9fis qui se sont pr\u00e9sent\u00e9s \u00e0 eux.\u00a0\u00bb\u00a0 <\/em>Sylvie et Pascal, dont<em> \u00ab\u00a0leur pr\u00e9sence chaleureuse et leur sens de l&rsquo;humour<\/em>\u00a0\u00bb ont envelopp\u00e9 l&rsquo;association \u00ab\u00a0<em>d&rsquo;une atmosph\u00e8re positive et harmonieuse<\/em>\u00a0\u00bb soulignera leur successeur Carlos Da Silva.<\/p>\n<p><a href=\"\/2023\/06\/DSC_0981.jpg\"><img decoding=\"async\" class=\"alignright size-large wp-image-373111\" src=\"\/2023\/06\/DSC_0981-1024x680.jpg\" alt=\"D\u00e9part sylvie - Pascal ARES\" width=\"960\" height=\"638\" \/><\/a><\/p>\n<p>Apr\u00e8s un petit montage vid\u00e9o humoristique, agr\u00e9ment\u00e9 de t\u00e9moignages de leurs proches, employ\u00e9s, soulevant les derni\u00e8res larmes des deux nouveaux retrait\u00e9s, et les discours des deux protagonistes, tous se sont ensuite retrouv\u00e9s pour partager les cadeaux et derni\u00e8res \u00e9motions au vin d&rsquo;honneur.<\/p>\n<p>Belle retraite \u00e0 Sylvie et Pascal, qui, apr\u00e8s deux belles et brillantes carri\u00e8res se tournent d\u00e9sormais vers leurs nouvelle vie qui sera tout aussi riche et active.<\/p>\n<p>&nbsp;<\/p>\n\n<p><a href=\"\/2023\/06\/DSC_0984.jpg\"><img decoding=\"async\" class=\"aligncenter size-large wp-image-373112\" src=\"\/2023\/06\/DSC_0984-680x1024.jpg\" alt=\"D\u00e9part sylvie - Pascal ARES\" width=\"680\" height=\"1024\" \/><\/a><\/p>\n","protected":false},"excerpt":{"rendered":"<p>Deux piliers, on pourrait m\u00eame ajouter des incontournables et indissociables depuis de tr\u00e8s nombreuses ann\u00e9es de l&rsquo;Association ARES ont pris [&hellip;]<\/p>\n","protected":false},"author":411,"featured_media":72596,"comment_status":"open","ping_status":"open","sticky":false,"template":"","format":"standard","meta":{"footnotes":""},"categories":[26,1556,35,18],"tags":[5995],"class_list":["post-72595","post","type-post","status-publish","format-standard","has-post-thumbnail","hentry","category-a-la-une","category-remiremont-remiremont-son-canton-2","category-remiremont-son-canton","category-vosges","tag-insertion"],"acf":[],"yoast_head":"<!-- This site is optimized with the Yoast SEO plugin v22.5 - https:\/\/yoast.com\/wordpress\/plugins\/seo\/ -->\n<title>Moments d&#039;\u00e9motions pour deux piliers de l&#039;ARES qui prennent de grandes vacances - Remiremont Info<\/title>\n<meta name=\"robots\" content=\"index, follow, max-snippet:-1, max-image-preview:large, max-video-preview:-1\" \/>\n<link rel=\"canonical\" href=\"https:\/\/vosgesinfo.fr\/remiremontinfo\/2023\/06\/moments-demotions-deux-piliers-de-lares-prennent-de-grandes-vacances\/\" \/>\n<meta name=\"twitter:card\" content=\"summary_large_image\" \/>\n<meta name=\"twitter:title\" content=\"Moments d&#039;\u00e9motions pour deux piliers de l&#039;ARES qui prennent de grandes vacances - Remiremont Info\" \/>\n<meta name=\"twitter:description\" content=\"Deux piliers, on pourrait m\u00eame ajouter des incontournables et indissociables depuis de tr\u00e8s nombreuses ann\u00e9es de l&rsquo;Association ARES ont pris [&hellip;]\" \/>\n<meta name=\"twitter:image\" content=\"https:\/\/vosgesinfo.fr\/app\/uploads\/sites\/5\/2024\/09\/202306dsc-0966.jpg\" \/>\n<meta name=\"twitter:creator\" content=\"@VosgesInfo88\" \/>\n<meta name=\"twitter:site\" content=\"@VosgesInfo88\" \/>\n<meta name=\"twitter:label1\" content=\"\u00c9crit par\" \/>\n\t<meta name=\"twitter:data1\" content=\"C.M\" \/>\n\t<meta name=\"twitter:label2\" content=\"Dur\u00e9e de lecture estim\u00e9e\" \/>\n\t<meta name=\"twitter:data2\" content=\"4 minutes\" \/>\n<script type=\"application\/ld+json\" class=\"yoast-schema-graph\">{\"@context\":\"https:\/\/schema.org\",\"@graph\":[{\"@type\":\"Article\",\"@id\":\"https:\/\/vosgesinfo.fr\/remiremontinfo\/2023\/06\/moments-demotions-deux-piliers-de-lares-prennent-de-grandes-vacances\/#article\",\"isPartOf\":{\"@id\":\"https:\/\/vosgesinfo.fr\/remiremontinfo\/2023\/06\/moments-demotions-deux-piliers-de-lares-prennent-de-grandes-vacances\/\"},\"author\":{\"name\":\"C.M\",\"@id\":\"https:\/\/vosgesinfo.fr\/remiremontinfo\/#\/schema\/person\/27fd50bfa0474755c339da9cdfc89f3d\"},\"headline\":\"Moments d&rsquo;\u00e9motions pour deux piliers de l&rsquo;ARES qui prennent de grandes vacances\",\"datePublished\":\"2023-06-28T11:14:59+00:00\",\"dateModified\":\"2023-06-28T11:14:59+00:00\",\"mainEntityOfPage\":{\"@id\":\"https:\/\/vosgesinfo.fr\/remiremontinfo\/2023\/06\/moments-demotions-deux-piliers-de-lares-prennent-de-grandes-vacances\/\"},\"wordCount\":762,\"commentCount\":0,\"publisher\":{\"@id\":\"https:\/\/vosgesinfo.fr\/remiremontinfo\/#organization\"},\"image\":{\"@id\":\"https:\/\/vosgesinfo.fr\/remiremontinfo\/2023\/06\/moments-demotions-deux-piliers-de-lares-prennent-de-grandes-vacances\/#primaryimage\"},\"thumbnailUrl\":\"https:\/\/vosgesinfo.fr\/app\/uploads\/sites\/5\/2024\/09\/202306dsc-0966.jpg\",\"keywords\":[\"insertion\"],\"articleSection\":[\"A la Une\",\"Remiremont\",\"Remiremont &amp; son canton\",\"Vosges\"],\"inLanguage\":\"fr-FR\",\"potentialAction\":[{\"@type\":\"CommentAction\",\"name\":\"Comment\",\"target\":[\"https:\/\/vosgesinfo.fr\/remiremontinfo\/2023\/06\/moments-demotions-deux-piliers-de-lares-prennent-de-grandes-vacances\/#respond\"]}]},{\"@type\":\"WebPage\",\"@id\":\"https:\/\/vosgesinfo.fr\/remiremontinfo\/2023\/06\/moments-demotions-deux-piliers-de-lares-prennent-de-grandes-vacances\/\",\"url\":\"https:\/\/vosgesinfo.fr\/remiremontinfo\/2023\/06\/moments-demotions-deux-piliers-de-lares-prennent-de-grandes-vacances\/\",\"name\":\"Moments d'\u00e9motions pour deux piliers de l'ARES qui prennent de grandes vacances - Remiremont Info\",\"isPartOf\":{\"@id\":\"https:\/\/vosgesinfo.fr\/remiremontinfo\/#website\"},\"primaryImageOfPage\":{\"@id\":\"https:\/\/vosgesinfo.fr\/remiremontinfo\/2023\/06\/moments-demotions-deux-piliers-de-lares-prennent-de-grandes-vacances\/#primaryimage\"},\"image\":{\"@id\":\"https:\/\/vosgesinfo.fr\/remiremontinfo\/2023\/06\/moments-demotions-deux-piliers-de-lares-prennent-de-grandes-vacances\/#primaryimage\"},\"thumbnailUrl\":\"https:\/\/vosgesinfo.fr\/app\/uploads\/sites\/5\/2024\/09\/202306dsc-0966.jpg\",\"datePublished\":\"2023-06-28T11:14:59+00:00\",\"dateModified\":\"2023-06-28T11:14:59+00:00\",\"breadcrumb\":{\"@id\":\"https:\/\/vosgesinfo.fr\/remiremontinfo\/2023\/06\/moments-demotions-deux-piliers-de-lares-prennent-de-grandes-vacances\/#breadcrumb\"},\"inLanguage\":\"fr-FR\",\"potentialAction\":[{\"@type\":\"ReadAction\",\"target\":[\"https:\/\/vosgesinfo.fr\/remiremontinfo\/2023\/06\/moments-demotions-deux-piliers-de-lares-prennent-de-grandes-vacances\/\"]}]},{\"@type\":\"ImageObject\",\"inLanguage\":\"fr-FR\",\"@id\":\"https:\/\/vosgesinfo.fr\/remiremontinfo\/2023\/06\/moments-demotions-deux-piliers-de-lares-prennent-de-grandes-vacances\/#primaryimage\",\"url\":\"https:\/\/vosgesinfo.fr\/app\/uploads\/sites\/5\/2024\/09\/202306dsc-0966.jpg\",\"contentUrl\":\"https:\/\/vosgesinfo.fr\/app\/uploads\/sites\/5\/2024\/09\/202306dsc-0966.jpg\",\"width\":1600,\"height\":1063},{\"@type\":\"BreadcrumbList\",\"@id\":\"https:\/\/vosgesinfo.fr\/remiremontinfo\/2023\/06\/moments-demotions-deux-piliers-de-lares-prennent-de-grandes-vacances\/#breadcrumb\",\"itemListElement\":[{\"@type\":\"ListItem\",\"position\":1,\"name\":\"Home\",\"item\":\"https:\/\/vosgesinfo.fr\/remiremontinfo\/\"},{\"@type\":\"ListItem\",\"position\":2,\"name\":\"Moments d&rsquo;\u00e9motions pour deux piliers de l&rsquo;ARES qui prennent de grandes vacances\"}]},{\"@type\":\"WebSite\",\"@id\":\"https:\/\/vosgesinfo.fr\/remiremontinfo\/#website\",\"url\":\"https:\/\/vosgesinfo.fr\/remiremontinfo\/\",\"name\":\"Remiremont Info\",\"description\":\"Toute l&#039;actualit\u00e9 de Remiremont\",\"publisher\":{\"@id\":\"https:\/\/vosgesinfo.fr\/remiremontinfo\/#organization\"},\"alternateName\":\"Toute l'actualit\u00e9 de Remiremont\",\"potentialAction\":[{\"@type\":\"SearchAction\",\"target\":{\"@type\":\"EntryPoint\",\"urlTemplate\":\"https:\/\/vosgesinfo.fr\/remiremontinfo\/?s={search_term_string}\"},\"query-input\":\"required name=search_term_string\"}],\"inLanguage\":\"fr-FR\"},{\"@type\":\"Organization\",\"@id\":\"https:\/\/vosgesinfo.fr\/remiremontinfo\/#organization\",\"name\":\"Remiremont Info\",\"url\":\"https:\/\/vosgesinfo.fr\/remiremontinfo\/\",\"logo\":{\"@type\":\"ImageObject\",\"inLanguage\":\"fr-FR\",\"@id\":\"https:\/\/vosgesinfo.fr\/remiremontinfo\/#\/schema\/logo\/image\/\",\"url\":\"https:\/\/vosgesinfo.fr\/app\/uploads\/sites\/5\/2023\/08\/favicon-remiremontinfo.png\",\"contentUrl\":\"https:\/\/vosgesinfo.fr\/app\/uploads\/sites\/5\/2023\/08\/favicon-remiremontinfo.png\",\"width\":512,\"height\":512,\"caption\":\"Remiremont Info\"},\"image\":{\"@id\":\"https:\/\/vosgesinfo.fr\/remiremontinfo\/#\/schema\/logo\/image\/\"},\"sameAs\":[\"https:\/\/www.facebook.com\/remiremontinfo\",\"https:\/\/x.com\/VosgesInfo88\",\"https:\/\/www.youtube.com\/@vosgesinfo\"]},{\"@type\":\"Person\",\"@id\":\"https:\/\/vosgesinfo.fr\/remiremontinfo\/#\/schema\/person\/27fd50bfa0474755c339da9cdfc89f3d\",\"name\":\"C.M\",\"image\":{\"@type\":\"ImageObject\",\"inLanguage\":\"fr-FR\",\"@id\":\"https:\/\/vosgesinfo.fr\/remiremontinfo\/#\/schema\/person\/image\/\",\"url\":\"https:\/\/secure.gravatar.com\/avatar\/aeefb88e08fc3e19fa733c61898f1bec4517042b8355098e757f11b4d3d4df70?s=96&d=mm&r=g\",\"contentUrl\":\"https:\/\/secure.gravatar.com\/avatar\/aeefb88e08fc3e19fa733c61898f1bec4517042b8355098e757f11b4d3d4df70?s=96&d=mm&r=g\",\"caption\":\"C.M\"},\"url\":\"https:\/\/vosgesinfo.fr\/remiremontinfo\/author\/cathy88200\/\"}]}<\/script>\n<!-- \/ Yoast SEO plugin. -->","yoast_head_json":{"title":"Moments d'\u00e9motions pour deux piliers de l'ARES qui prennent de grandes vacances - Remiremont Info","robots":{"index":"index","follow":"follow","max-snippet":"max-snippet:-1","max-image-preview":"max-image-preview:large","max-video-preview":"max-video-preview:-1"},"canonical":"https:\/\/vosgesinfo.fr\/remiremontinfo\/2023\/06\/moments-demotions-deux-piliers-de-lares-prennent-de-grandes-vacances\/","twitter_card":"summary_large_image","twitter_title":"Moments d'\u00e9motions pour deux piliers de l'ARES qui prennent de grandes vacances - Remiremont Info","twitter_description":"Deux piliers, on pourrait m\u00eame ajouter des incontournables et indissociables depuis de tr\u00e8s nombreuses ann\u00e9es de l&rsquo;Association ARES ont pris [&hellip;]","twitter_image":"https:\/\/vosgesinfo.fr\/app\/uploads\/sites\/5\/2024\/09\/202306dsc-0966.jpg","twitter_creator":"@VosgesInfo88","twitter_site":"@VosgesInfo88","twitter_misc":{"\u00c9crit par":"C.M","Dur\u00e9e de lecture estim\u00e9e":"4 minutes"},"schema":{"@context":"https:\/\/schema.org","@graph":[{"@type":"Article","@id":"https:\/\/vosgesinfo.fr\/remiremontinfo\/2023\/06\/moments-demotions-deux-piliers-de-lares-prennent-de-grandes-vacances\/#article","isPartOf":{"@id":"https:\/\/vosgesinfo.fr\/remiremontinfo\/2023\/06\/moments-demotions-deux-piliers-de-lares-prennent-de-grandes-vacances\/"},"author":{"name":"C.M","@id":"https:\/\/vosgesinfo.fr\/remiremontinfo\/#\/schema\/person\/27fd50bfa0474755c339da9cdfc89f3d"},"headline":"Moments d&rsquo;\u00e9motions pour deux piliers de l&rsquo;ARES qui prennent de grandes vacances","datePublished":"2023-06-28T11:14:59+00:00","dateModified":"2023-06-28T11:14:59+00:00","mainEntityOfPage":{"@id":"https:\/\/vosgesinfo.fr\/remiremontinfo\/2023\/06\/moments-demotions-deux-piliers-de-lares-prennent-de-grandes-vacances\/"},"wordCount":762,"commentCount":0,"publisher":{"@id":"https:\/\/vosgesinfo.fr\/remiremontinfo\/#organization"},"image":{"@id":"https:\/\/vosgesinfo.fr\/remiremontinfo\/2023\/06\/moments-demotions-deux-piliers-de-lares-prennent-de-grandes-vacances\/#primaryimage"},"thumbnailUrl":"https:\/\/vosgesinfo.fr\/app\/uploads\/sites\/5\/2024\/09\/202306dsc-0966.jpg","keywords":["insertion"],"articleSection":["A la Une","Remiremont","Remiremont &amp; son canton","Vosges"],"inLanguage":"fr-FR","potentialAction":[{"@type":"CommentAction","name":"Comment","target":["https:\/\/vosgesinfo.fr\/remiremontinfo\/2023\/06\/moments-demotions-deux-piliers-de-lares-prennent-de-grandes-vacances\/#respond"]}]},{"@type":"WebPage","@id":"https:\/\/vosgesinfo.fr\/remiremontinfo\/2023\/06\/moments-demotions-deux-piliers-de-lares-prennent-de-grandes-vacances\/","url":"https:\/\/vosgesinfo.fr\/remiremontinfo\/2023\/06\/moments-demotions-deux-piliers-de-lares-prennent-de-grandes-vacances\/","name":"Moments d'\u00e9motions pour deux piliers de l'ARES qui prennent de grandes vacances - Remiremont Info","isPartOf":{"@id":"https:\/\/vosgesinfo.fr\/remiremontinfo\/#website"},"primaryImageOfPage":{"@id":"https:\/\/vosgesinfo.fr\/remiremontinfo\/2023\/06\/moments-demotions-deux-piliers-de-lares-prennent-de-grandes-vacances\/#primaryimage"},"image":{"@id":"https:\/\/vosgesinfo.fr\/remiremontinfo\/2023\/06\/moments-demotions-deux-piliers-de-lares-prennent-de-grandes-vacances\/#primaryimage"},"thumbnailUrl":"https:\/\/vosgesinfo.fr\/app\/uploads\/sites\/5\/2024\/09\/202306dsc-0966.jpg","datePublished":"2023-06-28T11:14:59+00:00","dateModified":"2023-06-28T11:14:59+00:00","breadcrumb":{"@id":"https:\/\/vosgesinfo.fr\/remiremontinfo\/2023\/06\/moments-demotions-deux-piliers-de-lares-prennent-de-grandes-vacances\/#breadcrumb"},"inLanguage":"fr-FR","potentialAction":[{"@type":"ReadAction","target":["https:\/\/vosgesinfo.fr\/remiremontinfo\/2023\/06\/moments-demotions-deux-piliers-de-lares-prennent-de-grandes-vacances\/"]}]},{"@type":"ImageObject","inLanguage":"fr-FR","@id":"https:\/\/vosgesinfo.fr\/remiremontinfo\/2023\/06\/moments-demotions-deux-piliers-de-lares-prennent-de-grandes-vacances\/#primaryimage","url":"https:\/\/vosgesinfo.fr\/app\/uploads\/sites\/5\/2024\/09\/202306dsc-0966.jpg","contentUrl":"https:\/\/vosgesinfo.fr\/app\/uploads\/sites\/5\/2024\/09\/202306dsc-0966.jpg","width":1600,"height":1063},{"@type":"BreadcrumbList","@id":"https:\/\/vosgesinfo.fr\/remiremontinfo\/2023\/06\/moments-demotions-deux-piliers-de-lares-prennent-de-grandes-vacances\/#breadcrumb","itemListElement":[{"@type":"ListItem","position":1,"name":"Home","item":"https:\/\/vosgesinfo.fr\/remiremontinfo\/"},{"@type":"ListItem","position":2,"name":"Moments d&rsquo;\u00e9motions pour deux piliers de l&rsquo;ARES qui prennent de grandes vacances"}]},{"@type":"WebSite","@id":"https:\/\/vosgesinfo.fr\/remiremontinfo\/#website","url":"https:\/\/vosgesinfo.fr\/remiremontinfo\/","name":"Remiremont Info","description":"Toute l&#039;actualit\u00e9 de Remiremont","publisher":{"@id":"https:\/\/vosgesinfo.fr\/remiremontinfo\/#organization"},"alternateName":"Toute l'actualit\u00e9 de Remiremont","potentialAction":[{"@type":"SearchAction","target":{"@type":"EntryPoint","urlTemplate":"https:\/\/vosgesinfo.fr\/remiremontinfo\/?s={search_term_string}"},"query-input":"required name=search_term_string"}],"inLanguage":"fr-FR"},{"@type":"Organization","@id":"https:\/\/vosgesinfo.fr\/remiremontinfo\/#organization","name":"Remiremont Info","url":"https:\/\/vosgesinfo.fr\/remiremontinfo\/","logo":{"@type":"ImageObject","inLanguage":"fr-FR","@id":"https:\/\/vosgesinfo.fr\/remiremontinfo\/#\/schema\/logo\/image\/","url":"https:\/\/vosgesinfo.fr\/app\/uploads\/sites\/5\/2023\/08\/favicon-remiremontinfo.png","contentUrl":"https:\/\/vosgesinfo.fr\/app\/uploads\/sites\/5\/2023\/08\/favicon-remiremontinfo.png","width":512,"height":512,"caption":"Remiremont Info"},"image":{"@id":"https:\/\/vosgesinfo.fr\/remiremontinfo\/#\/schema\/logo\/image\/"},"sameAs":["https:\/\/www.facebook.com\/remiremontinfo","https:\/\/x.com\/VosgesInfo88","https:\/\/www.youtube.com\/@vosgesinfo"]},{"@type":"Person","@id":"https:\/\/vosgesinfo.fr\/remiremontinfo\/#\/schema\/person\/27fd50bfa0474755c339da9cdfc89f3d","name":"C.M","image":{"@type":"ImageObject","inLanguage":"fr-FR","@id":"https:\/\/vosgesinfo.fr\/remiremontinfo\/#\/schema\/person\/image\/","url":"https:\/\/secure.gravatar.com\/avatar\/aeefb88e08fc3e19fa733c61898f1bec4517042b8355098e757f11b4d3d4df70?s=96&d=mm&r=g","contentUrl":"https:\/\/secure.gravatar.com\/avatar\/aeefb88e08fc3e19fa733c61898f1bec4517042b8355098e757f11b4d3d4df70?s=96&d=mm&r=g","caption":"C.M"},"url":"https:\/\/vosgesinfo.fr\/remiremontinfo\/author\/cathy88200\/"}]}},"_links":{"self":[{"href":"https:\/\/vosgesinfo.fr\/remiremontinfo\/wp-json\/wp\/v2\/posts\/72595","targetHints":{"allow":["GET"]}}],"collection":[{"href":"https:\/\/vosgesinfo.fr\/remiremontinfo\/wp-json\/wp\/v2\/posts"}],"about":[{"href":"https:\/\/vosgesinfo.fr\/remiremontinfo\/wp-json\/wp\/v2\/types\/post"}],"author":[{"embeddable":true,"href":"https:\/\/vosgesinfo.fr\/remiremontinfo\/wp-json\/wp\/v2\/users\/411"}],"replies":[{"embeddable":true,"href":"https:\/\/vosgesinfo.fr\/remiremontinfo\/wp-json\/wp\/v2\/comments?post=72595"}],"version-history":[{"count":0,"href":"https:\/\/vosgesinfo.fr\/remiremontinfo\/wp-json\/wp\/v2\/posts\/72595\/revisions"}],"wp:featuredmedia":[{"embeddable":true,"href":"https:\/\/vosgesinfo.fr\/remiremontinfo\/wp-json\/wp\/v2\/media\/72596"}],"wp:attachment":[{"href":"https:\/\/vosgesinfo.fr\/remiremontinfo\/wp-json\/wp\/v2\/media?parent=72595"}],"wp:term":[{"taxonomy":"category","embeddable":true,"href":"https:\/\/vosgesinfo.fr\/remiremontinfo\/wp-json\/wp\/v2\/categories?post=72595"},{"taxonomy":"post_tag","embeddable":true,"href":"https:\/\/vosgesinfo.fr\/remiremontinfo\/wp-json\/wp\/v2\/tags?post=72595"}],"curies":[{"name":"wp","href":"https:\/\/api.w.org\/{rel}","templated":true}]}}