{"id":72614,"date":"2023-06-28T15:00:49","date_gmt":"2023-06-28T13:00:49","guid":{"rendered":"https:\/\/vosgesinfo.fr\/remiremontinfo\/2023\/06\/danseuse-spinalienne-melodie-golle-episode-de-camping-paradis-tf1\/"},"modified":"2023-06-28T15:00:49","modified_gmt":"2023-06-28T13:00:49","slug":"danseuse-spinalienne-melodie-golle-episode-de-camping-paradis-tf1","status":"publish","type":"post","link":"https:\/\/vosgesinfo.fr\/remiremontinfo\/2023\/06\/danseuse-spinalienne-melodie-golle-episode-de-camping-paradis-tf1\/","title":{"rendered":"La danseuse Spinalienne M\u00e9lodie Goll\u00e9 dans un \u00e9pisode de \u00ab Camping Paradis \u00bb sur TF1"},"content":{"rendered":"<p><a href=\"\/2023\/06\/melodie-golle-camping-paradis-TF1.jpg\"><img decoding=\"async\" class=\"aligncenter size-full wp-image-373198\" src=\"\/2023\/06\/melodie-golle-camping-paradis-TF1.jpg\" alt=\"melodie-golle-camping-paradis-TF1\" width=\"800\" height=\"800\" \/><\/a><\/p>\n<p><a href=\"\/2023\/06\/melodie-golle-camping-paradis-TF1.jpg\"><img decoding=\"async\" class=\"aligncenter size-full wp-image-373198\" src=\"\/2023\/06\/melodie-golle-camping-paradis-TF1.jpg\" alt=\"melodie-golle-camping-paradis-TF1\" width=\"800\" height=\"800\" \/><\/a>Originaire d\u2019\u00c9pinal, la jeune danseuse M\u00e9lodie Goll\u00e9 affiche d\u00e9j\u00e0 un beau CV! La danseuse Spinalienne a eu la chance de travailler avec la chanteuse belge Ang\u00e8le o\u00f9 elle a travaill\u00e9 avec le chor\u00e9graphe Mehdi Kerkouche. Elle appara\u00eet \u00e9galement avec une troupe de danse, dans la publicit\u00e9 pour la marque de pr\u00eat \u00e0 porter italienne Liu.Jo<\/p>\n","protected":false},"excerpt":{"rendered":"<p>Originaire d\u2019\u00c9pinal, la jeune danseuse M\u00e9lodie Goll\u00e9 affiche d\u00e9j\u00e0 un beau CV! La danseuse Spinalienne a eu la chance de [&hellip;]<\/p>\n","protected":false},"author":411,"featured_media":72615,"comment_status":"open","ping_status":"open","sticky":false,"template":"","format":"standard","meta":{"footnotes":""},"categories":[26,18],"tags":[],"class_list":["post-72614","post","type-post","status-publish","format-standard","has-post-thumbnail","hentry","category-a-la-une","category-vosges"],"acf":[],"yoast_head":"<!-- This site is optimized with the Yoast SEO plugin v22.5 - https:\/\/yoast.com\/wordpress\/plugins\/seo\/ -->\n<title>La danseuse Spinalienne M\u00e9lodie Goll\u00e9 dans un \u00e9pisode de \u00ab Camping Paradis \u00bb sur TF1 - Remiremont Info<\/title>\n<meta name=\"robots\" content=\"index, follow, max-snippet:-1, max-image-preview:large, max-video-preview:-1\" \/>\n<link rel=\"canonical\" href=\"https:\/\/vosgesinfo.fr\/remiremontinfo\/2023\/06\/danseuse-spinalienne-melodie-golle-episode-de-camping-paradis-tf1\/\" \/>\n<meta name=\"twitter:card\" content=\"summary_large_image\" \/>\n<meta name=\"twitter:title\" content=\"La danseuse Spinalienne M\u00e9lodie Goll\u00e9 dans un \u00e9pisode de \u00ab Camping Paradis \u00bb sur TF1 - Remiremont Info\" \/>\n<meta name=\"twitter:description\" content=\"Originaire d\u2019\u00c9pinal, la jeune danseuse M\u00e9lodie Goll\u00e9 affiche d\u00e9j\u00e0 un beau CV! La danseuse Spinalienne a eu la chance de [&hellip;]\" \/>\n<meta name=\"twitter:image\" content=\"https:\/\/vosgesinfo.fr\/app\/uploads\/sites\/5\/2024\/09\/202306melodie-golle-camping-paradis-tf1.jpg\" \/>\n<meta name=\"twitter:creator\" content=\"@VosgesInfo88\" \/>\n<meta name=\"twitter:site\" content=\"@VosgesInfo88\" \/>\n<meta name=\"twitter:label1\" content=\"\u00c9crit par\" \/>\n\t<meta name=\"twitter:data1\" content=\"C.M\" \/>\n<script type=\"application\/ld+json\" class=\"yoast-schema-graph\">{\"@context\":\"https:\/\/schema.org\",\"@graph\":[{\"@type\":\"Article\",\"@id\":\"https:\/\/vosgesinfo.fr\/remiremontinfo\/2023\/06\/danseuse-spinalienne-melodie-golle-episode-de-camping-paradis-tf1\/#article\",\"isPartOf\":{\"@id\":\"https:\/\/vosgesinfo.fr\/remiremontinfo\/2023\/06\/danseuse-spinalienne-melodie-golle-episode-de-camping-paradis-tf1\/\"},\"author\":{\"name\":\"C.M\",\"@id\":\"https:\/\/vosgesinfo.fr\/remiremontinfo\/#\/schema\/person\/27fd50bfa0474755c339da9cdfc89f3d\"},\"headline\":\"La danseuse Spinalienne M\u00e9lodie Goll\u00e9 dans un \u00e9pisode de \u00ab Camping Paradis \u00bb sur TF1\",\"datePublished\":\"2023-06-28T13:00:49+00:00\",\"dateModified\":\"2023-06-28T13:00:49+00:00\",\"mainEntityOfPage\":{\"@id\":\"https:\/\/vosgesinfo.fr\/remiremontinfo\/2023\/06\/danseuse-spinalienne-melodie-golle-episode-de-camping-paradis-tf1\/\"},\"wordCount\":76,\"commentCount\":0,\"publisher\":{\"@id\":\"https:\/\/vosgesinfo.fr\/remiremontinfo\/#organization\"},\"image\":{\"@id\":\"https:\/\/vosgesinfo.fr\/remiremontinfo\/2023\/06\/danseuse-spinalienne-melodie-golle-episode-de-camping-paradis-tf1\/#primaryimage\"},\"thumbnailUrl\":\"https:\/\/vosgesinfo.fr\/app\/uploads\/sites\/5\/2024\/09\/202306melodie-golle-camping-paradis-tf1.jpg\",\"articleSection\":[\"A la Une\",\"Vosges\"],\"inLanguage\":\"fr-FR\",\"potentialAction\":[{\"@type\":\"CommentAction\",\"name\":\"Comment\",\"target\":[\"https:\/\/vosgesinfo.fr\/remiremontinfo\/2023\/06\/danseuse-spinalienne-melodie-golle-episode-de-camping-paradis-tf1\/#respond\"]}]},{\"@type\":\"WebPage\",\"@id\":\"https:\/\/vosgesinfo.fr\/remiremontinfo\/2023\/06\/danseuse-spinalienne-melodie-golle-episode-de-camping-paradis-tf1\/\",\"url\":\"https:\/\/vosgesinfo.fr\/remiremontinfo\/2023\/06\/danseuse-spinalienne-melodie-golle-episode-de-camping-paradis-tf1\/\",\"name\":\"La danseuse Spinalienne M\u00e9lodie Goll\u00e9 dans un \u00e9pisode de \u00ab Camping Paradis \u00bb sur TF1 - Remiremont Info\",\"isPartOf\":{\"@id\":\"https:\/\/vosgesinfo.fr\/remiremontinfo\/#website\"},\"primaryImageOfPage\":{\"@id\":\"https:\/\/vosgesinfo.fr\/remiremontinfo\/2023\/06\/danseuse-spinalienne-melodie-golle-episode-de-camping-paradis-tf1\/#primaryimage\"},\"image\":{\"@id\":\"https:\/\/vosgesinfo.fr\/remiremontinfo\/2023\/06\/danseuse-spinalienne-melodie-golle-episode-de-camping-paradis-tf1\/#primaryimage\"},\"thumbnailUrl\":\"https:\/\/vosgesinfo.fr\/app\/uploads\/sites\/5\/2024\/09\/202306melodie-golle-camping-paradis-tf1.jpg\",\"datePublished\":\"2023-06-28T13:00:49+00:00\",\"dateModified\":\"2023-06-28T13:00:49+00:00\",\"breadcrumb\":{\"@id\":\"https:\/\/vosgesinfo.fr\/remiremontinfo\/2023\/06\/danseuse-spinalienne-melodie-golle-episode-de-camping-paradis-tf1\/#breadcrumb\"},\"inLanguage\":\"fr-FR\",\"potentialAction\":[{\"@type\":\"ReadAction\",\"target\":[\"https:\/\/vosgesinfo.fr\/remiremontinfo\/2023\/06\/danseuse-spinalienne-melodie-golle-episode-de-camping-paradis-tf1\/\"]}]},{\"@type\":\"ImageObject\",\"inLanguage\":\"fr-FR\",\"@id\":\"https:\/\/vosgesinfo.fr\/remiremontinfo\/2023\/06\/danseuse-spinalienne-melodie-golle-episode-de-camping-paradis-tf1\/#primaryimage\",\"url\":\"https:\/\/vosgesinfo.fr\/app\/uploads\/sites\/5\/2024\/09\/202306melodie-golle-camping-paradis-tf1.jpg\",\"contentUrl\":\"https:\/\/vosgesinfo.fr\/app\/uploads\/sites\/5\/2024\/09\/202306melodie-golle-camping-paradis-tf1.jpg\",\"width\":800,\"height\":800},{\"@type\":\"BreadcrumbList\",\"@id\":\"https:\/\/vosgesinfo.fr\/remiremontinfo\/2023\/06\/danseuse-spinalienne-melodie-golle-episode-de-camping-paradis-tf1\/#breadcrumb\",\"itemListElement\":[{\"@type\":\"ListItem\",\"position\":1,\"name\":\"Home\",\"item\":\"https:\/\/vosgesinfo.fr\/remiremontinfo\/\"},{\"@type\":\"ListItem\",\"position\":2,\"name\":\"La danseuse Spinalienne M\u00e9lodie Goll\u00e9 dans un \u00e9pisode de \u00ab Camping Paradis \u00bb sur TF1\"}]},{\"@type\":\"WebSite\",\"@id\":\"https:\/\/vosgesinfo.fr\/remiremontinfo\/#website\",\"url\":\"https:\/\/vosgesinfo.fr\/remiremontinfo\/\",\"name\":\"Remiremont Info\",\"description\":\"Toute l&#039;actualit\u00e9 de Remiremont\",\"publisher\":{\"@id\":\"https:\/\/vosgesinfo.fr\/remiremontinfo\/#organization\"},\"alternateName\":\"Toute l'actualit\u00e9 de Remiremont\",\"potentialAction\":[{\"@type\":\"SearchAction\",\"target\":{\"@type\":\"EntryPoint\",\"urlTemplate\":\"https:\/\/vosgesinfo.fr\/remiremontinfo\/?s={search_term_string}\"},\"query-input\":\"required name=search_term_string\"}],\"inLanguage\":\"fr-FR\"},{\"@type\":\"Organization\",\"@id\":\"https:\/\/vosgesinfo.fr\/remiremontinfo\/#organization\",\"name\":\"Remiremont Info\",\"url\":\"https:\/\/vosgesinfo.fr\/remiremontinfo\/\",\"logo\":{\"@type\":\"ImageObject\",\"inLanguage\":\"fr-FR\",\"@id\":\"https:\/\/vosgesinfo.fr\/remiremontinfo\/#\/schema\/logo\/image\/\",\"url\":\"https:\/\/vosgesinfo.fr\/app\/uploads\/sites\/5\/2023\/08\/favicon-remiremontinfo.png\",\"contentUrl\":\"https:\/\/vosgesinfo.fr\/app\/uploads\/sites\/5\/2023\/08\/favicon-remiremontinfo.png\",\"width\":512,\"height\":512,\"caption\":\"Remiremont Info\"},\"image\":{\"@id\":\"https:\/\/vosgesinfo.fr\/remiremontinfo\/#\/schema\/logo\/image\/\"},\"sameAs\":[\"https:\/\/www.facebook.com\/remiremontinfo\",\"https:\/\/x.com\/VosgesInfo88\",\"https:\/\/www.youtube.com\/@vosgesinfo\"]},{\"@type\":\"Person\",\"@id\":\"https:\/\/vosgesinfo.fr\/remiremontinfo\/#\/schema\/person\/27fd50bfa0474755c339da9cdfc89f3d\",\"name\":\"C.M\",\"image\":{\"@type\":\"ImageObject\",\"inLanguage\":\"fr-FR\",\"@id\":\"https:\/\/vosgesinfo.fr\/remiremontinfo\/#\/schema\/person\/image\/\",\"url\":\"https:\/\/secure.gravatar.com\/avatar\/aeefb88e08fc3e19fa733c61898f1bec4517042b8355098e757f11b4d3d4df70?s=96&d=mm&r=g\",\"contentUrl\":\"https:\/\/secure.gravatar.com\/avatar\/aeefb88e08fc3e19fa733c61898f1bec4517042b8355098e757f11b4d3d4df70?s=96&d=mm&r=g\",\"caption\":\"C.M\"},\"url\":\"https:\/\/vosgesinfo.fr\/remiremontinfo\/author\/cathy88200\/\"}]}<\/script>\n<!-- \/ Yoast SEO plugin. -->","yoast_head_json":{"title":"La danseuse Spinalienne M\u00e9lodie Goll\u00e9 dans un \u00e9pisode de \u00ab Camping Paradis \u00bb sur TF1 - Remiremont Info","robots":{"index":"index","follow":"follow","max-snippet":"max-snippet:-1","max-image-preview":"max-image-preview:large","max-video-preview":"max-video-preview:-1"},"canonical":"https:\/\/vosgesinfo.fr\/remiremontinfo\/2023\/06\/danseuse-spinalienne-melodie-golle-episode-de-camping-paradis-tf1\/","twitter_card":"summary_large_image","twitter_title":"La danseuse Spinalienne M\u00e9lodie Goll\u00e9 dans un \u00e9pisode de \u00ab Camping Paradis \u00bb sur TF1 - Remiremont Info","twitter_description":"Originaire d\u2019\u00c9pinal, la jeune danseuse M\u00e9lodie Goll\u00e9 affiche d\u00e9j\u00e0 un beau CV! La danseuse Spinalienne a eu la chance de [&hellip;]","twitter_image":"https:\/\/vosgesinfo.fr\/app\/uploads\/sites\/5\/2024\/09\/202306melodie-golle-camping-paradis-tf1.jpg","twitter_creator":"@VosgesInfo88","twitter_site":"@VosgesInfo88","twitter_misc":{"\u00c9crit par":"C.M"},"schema":{"@context":"https:\/\/schema.org","@graph":[{"@type":"Article","@id":"https:\/\/vosgesinfo.fr\/remiremontinfo\/2023\/06\/danseuse-spinalienne-melodie-golle-episode-de-camping-paradis-tf1\/#article","isPartOf":{"@id":"https:\/\/vosgesinfo.fr\/remiremontinfo\/2023\/06\/danseuse-spinalienne-melodie-golle-episode-de-camping-paradis-tf1\/"},"author":{"name":"C.M","@id":"https:\/\/vosgesinfo.fr\/remiremontinfo\/#\/schema\/person\/27fd50bfa0474755c339da9cdfc89f3d"},"headline":"La danseuse Spinalienne M\u00e9lodie Goll\u00e9 dans un \u00e9pisode de \u00ab Camping Paradis \u00bb sur TF1","datePublished":"2023-06-28T13:00:49+00:00","dateModified":"2023-06-28T13:00:49+00:00","mainEntityOfPage":{"@id":"https:\/\/vosgesinfo.fr\/remiremontinfo\/2023\/06\/danseuse-spinalienne-melodie-golle-episode-de-camping-paradis-tf1\/"},"wordCount":76,"commentCount":0,"publisher":{"@id":"https:\/\/vosgesinfo.fr\/remiremontinfo\/#organization"},"image":{"@id":"https:\/\/vosgesinfo.fr\/remiremontinfo\/2023\/06\/danseuse-spinalienne-melodie-golle-episode-de-camping-paradis-tf1\/#primaryimage"},"thumbnailUrl":"https:\/\/vosgesinfo.fr\/app\/uploads\/sites\/5\/2024\/09\/202306melodie-golle-camping-paradis-tf1.jpg","articleSection":["A la Une","Vosges"],"inLanguage":"fr-FR","potentialAction":[{"@type":"CommentAction","name":"Comment","target":["https:\/\/vosgesinfo.fr\/remiremontinfo\/2023\/06\/danseuse-spinalienne-melodie-golle-episode-de-camping-paradis-tf1\/#respond"]}]},{"@type":"WebPage","@id":"https:\/\/vosgesinfo.fr\/remiremontinfo\/2023\/06\/danseuse-spinalienne-melodie-golle-episode-de-camping-paradis-tf1\/","url":"https:\/\/vosgesinfo.fr\/remiremontinfo\/2023\/06\/danseuse-spinalienne-melodie-golle-episode-de-camping-paradis-tf1\/","name":"La danseuse Spinalienne M\u00e9lodie Goll\u00e9 dans un \u00e9pisode de \u00ab Camping Paradis \u00bb sur TF1 - Remiremont Info","isPartOf":{"@id":"https:\/\/vosgesinfo.fr\/remiremontinfo\/#website"},"primaryImageOfPage":{"@id":"https:\/\/vosgesinfo.fr\/remiremontinfo\/2023\/06\/danseuse-spinalienne-melodie-golle-episode-de-camping-paradis-tf1\/#primaryimage"},"image":{"@id":"https:\/\/vosgesinfo.fr\/remiremontinfo\/2023\/06\/danseuse-spinalienne-melodie-golle-episode-de-camping-paradis-tf1\/#primaryimage"},"thumbnailUrl":"https:\/\/vosgesinfo.fr\/app\/uploads\/sites\/5\/2024\/09\/202306melodie-golle-camping-paradis-tf1.jpg","datePublished":"2023-06-28T13:00:49+00:00","dateModified":"2023-06-28T13:00:49+00:00","breadcrumb":{"@id":"https:\/\/vosgesinfo.fr\/remiremontinfo\/2023\/06\/danseuse-spinalienne-melodie-golle-episode-de-camping-paradis-tf1\/#breadcrumb"},"inLanguage":"fr-FR","potentialAction":[{"@type":"ReadAction","target":["https:\/\/vosgesinfo.fr\/remiremontinfo\/2023\/06\/danseuse-spinalienne-melodie-golle-episode-de-camping-paradis-tf1\/"]}]},{"@type":"ImageObject","inLanguage":"fr-FR","@id":"https:\/\/vosgesinfo.fr\/remiremontinfo\/2023\/06\/danseuse-spinalienne-melodie-golle-episode-de-camping-paradis-tf1\/#primaryimage","url":"https:\/\/vosgesinfo.fr\/app\/uploads\/sites\/5\/2024\/09\/202306melodie-golle-camping-paradis-tf1.jpg","contentUrl":"https:\/\/vosgesinfo.fr\/app\/uploads\/sites\/5\/2024\/09\/202306melodie-golle-camping-paradis-tf1.jpg","width":800,"height":800},{"@type":"BreadcrumbList","@id":"https:\/\/vosgesinfo.fr\/remiremontinfo\/2023\/06\/danseuse-spinalienne-melodie-golle-episode-de-camping-paradis-tf1\/#breadcrumb","itemListElement":[{"@type":"ListItem","position":1,"name":"Home","item":"https:\/\/vosgesinfo.fr\/remiremontinfo\/"},{"@type":"ListItem","position":2,"name":"La danseuse Spinalienne M\u00e9lodie Goll\u00e9 dans un \u00e9pisode de \u00ab Camping Paradis \u00bb sur TF1"}]},{"@type":"WebSite","@id":"https:\/\/vosgesinfo.fr\/remiremontinfo\/#website","url":"https:\/\/vosgesinfo.fr\/remiremontinfo\/","name":"Remiremont Info","description":"Toute l&#039;actualit\u00e9 de Remiremont","publisher":{"@id":"https:\/\/vosgesinfo.fr\/remiremontinfo\/#organization"},"alternateName":"Toute l'actualit\u00e9 de Remiremont","potentialAction":[{"@type":"SearchAction","target":{"@type":"EntryPoint","urlTemplate":"https:\/\/vosgesinfo.fr\/remiremontinfo\/?s={search_term_string}"},"query-input":"required name=search_term_string"}],"inLanguage":"fr-FR"},{"@type":"Organization","@id":"https:\/\/vosgesinfo.fr\/remiremontinfo\/#organization","name":"Remiremont Info","url":"https:\/\/vosgesinfo.fr\/remiremontinfo\/","logo":{"@type":"ImageObject","inLanguage":"fr-FR","@id":"https:\/\/vosgesinfo.fr\/remiremontinfo\/#\/schema\/logo\/image\/","url":"https:\/\/vosgesinfo.fr\/app\/uploads\/sites\/5\/2023\/08\/favicon-remiremontinfo.png","contentUrl":"https:\/\/vosgesinfo.fr\/app\/uploads\/sites\/5\/2023\/08\/favicon-remiremontinfo.png","width":512,"height":512,"caption":"Remiremont Info"},"image":{"@id":"https:\/\/vosgesinfo.fr\/remiremontinfo\/#\/schema\/logo\/image\/"},"sameAs":["https:\/\/www.facebook.com\/remiremontinfo","https:\/\/x.com\/VosgesInfo88","https:\/\/www.youtube.com\/@vosgesinfo"]},{"@type":"Person","@id":"https:\/\/vosgesinfo.fr\/remiremontinfo\/#\/schema\/person\/27fd50bfa0474755c339da9cdfc89f3d","name":"C.M","image":{"@type":"ImageObject","inLanguage":"fr-FR","@id":"https:\/\/vosgesinfo.fr\/remiremontinfo\/#\/schema\/person\/image\/","url":"https:\/\/secure.gravatar.com\/avatar\/aeefb88e08fc3e19fa733c61898f1bec4517042b8355098e757f11b4d3d4df70?s=96&d=mm&r=g","contentUrl":"https:\/\/secure.gravatar.com\/avatar\/aeefb88e08fc3e19fa733c61898f1bec4517042b8355098e757f11b4d3d4df70?s=96&d=mm&r=g","caption":"C.M"},"url":"https:\/\/vosgesinfo.fr\/remiremontinfo\/author\/cathy88200\/"}]}},"_links":{"self":[{"href":"https:\/\/vosgesinfo.fr\/remiremontinfo\/wp-json\/wp\/v2\/posts\/72614","targetHints":{"allow":["GET"]}}],"collection":[{"href":"https:\/\/vosgesinfo.fr\/remiremontinfo\/wp-json\/wp\/v2\/posts"}],"about":[{"href":"https:\/\/vosgesinfo.fr\/remiremontinfo\/wp-json\/wp\/v2\/types\/post"}],"author":[{"embeddable":true,"href":"https:\/\/vosgesinfo.fr\/remiremontinfo\/wp-json\/wp\/v2\/users\/411"}],"replies":[{"embeddable":true,"href":"https:\/\/vosgesinfo.fr\/remiremontinfo\/wp-json\/wp\/v2\/comments?post=72614"}],"version-history":[{"count":0,"href":"https:\/\/vosgesinfo.fr\/remiremontinfo\/wp-json\/wp\/v2\/posts\/72614\/revisions"}],"wp:featuredmedia":[{"embeddable":true,"href":"https:\/\/vosgesinfo.fr\/remiremontinfo\/wp-json\/wp\/v2\/media\/72615"}],"wp:attachment":[{"href":"https:\/\/vosgesinfo.fr\/remiremontinfo\/wp-json\/wp\/v2\/media?parent=72614"}],"wp:term":[{"taxonomy":"category","embeddable":true,"href":"https:\/\/vosgesinfo.fr\/remiremontinfo\/wp-json\/wp\/v2\/categories?post=72614"},{"taxonomy":"post_tag","embeddable":true,"href":"https:\/\/vosgesinfo.fr\/remiremontinfo\/wp-json\/wp\/v2\/tags?post=72614"}],"curies":[{"name":"wp","href":"https:\/\/api.w.org\/{rel}","templated":true}]}}