{"id":72616,"date":"2023-06-28T17:42:35","date_gmt":"2023-06-28T15:42:35","guid":{"rendered":"https:\/\/vosgesinfo.fr\/remiremontinfo\/2023\/06\/ville-de-tres-nombreuses-animations-samedi-1er-juillet-apres-midi\/"},"modified":"2023-06-28T17:42:35","modified_gmt":"2023-06-28T15:42:35","slug":"ville-de-tres-nombreuses-animations-samedi-1er-juillet-apres-midi","status":"publish","type":"post","link":"https:\/\/vosgesinfo.fr\/remiremontinfo\/2023\/06\/ville-de-tres-nombreuses-animations-samedi-1er-juillet-apres-midi\/","title":{"rendered":"\u00ab\u00a0Tous en ville\u00a0\u00bb de tr\u00e8s nombreuses animations ce samedi 1er juillet en apr\u00e8s-midi"},"content":{"rendered":"<p><a href=\"\/2023\/06\/affiche-tous-en-ville1.jpg\"><img decoding=\"async\" class=\"wp-image-373210 size-full aligncenter\" src=\"\/2023\/06\/affiche-tous-en-ville1.jpg\" alt=\"affiche tous en ville\" width=\"633\" height=\"909\" \/><\/a><\/p>\n<p><strong>Dans la continuit\u00e9 de l&rsquo;\u00e9dition \u00ab\u00a0Tous au Parmont\u00a0\u00bb, cette fois \u00ab\u00a0Tous en ville\u00a0\u00bb voit le jour ce samedi 1er juillet de 13 h 30 \u00e0 18 h. L&rsquo;occasion est bonne en ce premier samedi des soldes, d&rsquo;en profiter pour se promener et re-d\u00e9couvrir Remiremont, tous en participant aux animations gratuites<\/strong><\/p>\n<p>&nbsp;<\/p>\n<p>De tr\u00e8s nombreuses animations multi-sites et multi-culturelles se profileront le temps de l&rsquo;apr\u00e8s-midi, dans diff\u00e9rents lieux de la ville, allant du Parc Zeller, aux Arcades, en passant par les mus\u00e9es Friry et Charles de Bruy\u00e8re, la Mairie et les Archives municipales.<\/p>\n<p>Des jeux en bois ou de diff\u00e9rents pays, de la danse, moderne, africaine, de la com\u00e9die musicale avec le Cube, des ateliers de Henn\u00e9, aux nattes africaines, c&rsquo;est un beau programme qui se profile, avec en plus la possibilit\u00e9 de se restaurer sur la Place Christian Poncelet, \u00e0 l&rsquo;occasion d&rsquo;un voyage culinaire de recettes africaines, p\u00e2tisseries marocaines, ou des biscuits secs pr\u00e9par\u00e9s par les associations Femmes du Fleuve, Harmonie ou les Usagers du Centre Social.<\/p>\n<p>Un beau programme multi-culturel.<\/p>\n<p>&nbsp;<\/p>\n\n<p>&nbsp;<\/p>\n","protected":false},"excerpt":{"rendered":"<p>Dans la continuit\u00e9 de l&rsquo;\u00e9dition \u00ab\u00a0Tous au Parmont\u00a0\u00bb, cette fois \u00ab\u00a0Tous en ville\u00a0\u00bb voit le jour ce samedi 1er juillet [&hellip;]<\/p>\n","protected":false},"author":411,"featured_media":72617,"comment_status":"open","ping_status":"open","sticky":false,"template":"","format":"standard","meta":{"footnotes":""},"categories":[26,1556,35],"tags":[],"class_list":["post-72616","post","type-post","status-publish","format-standard","has-post-thumbnail","hentry","category-a-la-une","category-remiremont-remiremont-son-canton-2","category-remiremont-son-canton"],"acf":[],"yoast_head":"<!-- This site is optimized with the Yoast SEO plugin v22.5 - https:\/\/yoast.com\/wordpress\/plugins\/seo\/ -->\n<title>&quot;Tous en ville&quot; de tr\u00e8s nombreuses animations ce samedi 1er juillet en apr\u00e8s-midi - Remiremont Info<\/title>\n<meta name=\"robots\" content=\"index, follow, max-snippet:-1, max-image-preview:large, max-video-preview:-1\" \/>\n<link rel=\"canonical\" href=\"https:\/\/vosgesinfo.fr\/remiremontinfo\/2023\/06\/ville-de-tres-nombreuses-animations-samedi-1er-juillet-apres-midi\/\" \/>\n<meta name=\"twitter:card\" content=\"summary_large_image\" \/>\n<meta name=\"twitter:title\" content=\"&quot;Tous en ville&quot; de tr\u00e8s nombreuses animations ce samedi 1er juillet en apr\u00e8s-midi - Remiremont Info\" \/>\n<meta name=\"twitter:description\" content=\"Dans la continuit\u00e9 de l&rsquo;\u00e9dition \u00ab\u00a0Tous au Parmont\u00a0\u00bb, cette fois \u00ab\u00a0Tous en ville\u00a0\u00bb voit le jour ce samedi 1er juillet [&hellip;]\" \/>\n<meta name=\"twitter:image\" content=\"https:\/\/vosgesinfo.fr\/app\/uploads\/sites\/5\/2024\/09\/202306affiche-tous-en-ville1.jpg\" \/>\n<meta name=\"twitter:creator\" content=\"@VosgesInfo88\" \/>\n<meta name=\"twitter:site\" content=\"@VosgesInfo88\" \/>\n<meta name=\"twitter:label1\" content=\"\u00c9crit par\" \/>\n\t<meta name=\"twitter:data1\" content=\"C.M\" \/>\n\t<meta name=\"twitter:label2\" content=\"Dur\u00e9e de lecture estim\u00e9e\" \/>\n\t<meta name=\"twitter:data2\" content=\"1 minute\" \/>\n<script type=\"application\/ld+json\" class=\"yoast-schema-graph\">{\"@context\":\"https:\/\/schema.org\",\"@graph\":[{\"@type\":\"Article\",\"@id\":\"https:\/\/vosgesinfo.fr\/remiremontinfo\/2023\/06\/ville-de-tres-nombreuses-animations-samedi-1er-juillet-apres-midi\/#article\",\"isPartOf\":{\"@id\":\"https:\/\/vosgesinfo.fr\/remiremontinfo\/2023\/06\/ville-de-tres-nombreuses-animations-samedi-1er-juillet-apres-midi\/\"},\"author\":{\"name\":\"C.M\",\"@id\":\"https:\/\/vosgesinfo.fr\/remiremontinfo\/#\/schema\/person\/27fd50bfa0474755c339da9cdfc89f3d\"},\"headline\":\"\u00ab\u00a0Tous en ville\u00a0\u00bb de tr\u00e8s nombreuses animations ce samedi 1er juillet en apr\u00e8s-midi\",\"datePublished\":\"2023-06-28T15:42:35+00:00\",\"dateModified\":\"2023-06-28T15:42:35+00:00\",\"mainEntityOfPage\":{\"@id\":\"https:\/\/vosgesinfo.fr\/remiremontinfo\/2023\/06\/ville-de-tres-nombreuses-animations-samedi-1er-juillet-apres-midi\/\"},\"wordCount\":207,\"commentCount\":0,\"publisher\":{\"@id\":\"https:\/\/vosgesinfo.fr\/remiremontinfo\/#organization\"},\"image\":{\"@id\":\"https:\/\/vosgesinfo.fr\/remiremontinfo\/2023\/06\/ville-de-tres-nombreuses-animations-samedi-1er-juillet-apres-midi\/#primaryimage\"},\"thumbnailUrl\":\"https:\/\/vosgesinfo.fr\/app\/uploads\/sites\/5\/2024\/09\/202306affiche-tous-en-ville1.jpg\",\"articleSection\":[\"A la Une\",\"Remiremont\",\"Remiremont &amp; son canton\"],\"inLanguage\":\"fr-FR\",\"potentialAction\":[{\"@type\":\"CommentAction\",\"name\":\"Comment\",\"target\":[\"https:\/\/vosgesinfo.fr\/remiremontinfo\/2023\/06\/ville-de-tres-nombreuses-animations-samedi-1er-juillet-apres-midi\/#respond\"]}]},{\"@type\":\"WebPage\",\"@id\":\"https:\/\/vosgesinfo.fr\/remiremontinfo\/2023\/06\/ville-de-tres-nombreuses-animations-samedi-1er-juillet-apres-midi\/\",\"url\":\"https:\/\/vosgesinfo.fr\/remiremontinfo\/2023\/06\/ville-de-tres-nombreuses-animations-samedi-1er-juillet-apres-midi\/\",\"name\":\"\\\"Tous en ville\\\" de tr\u00e8s nombreuses animations ce samedi 1er juillet en apr\u00e8s-midi - Remiremont Info\",\"isPartOf\":{\"@id\":\"https:\/\/vosgesinfo.fr\/remiremontinfo\/#website\"},\"primaryImageOfPage\":{\"@id\":\"https:\/\/vosgesinfo.fr\/remiremontinfo\/2023\/06\/ville-de-tres-nombreuses-animations-samedi-1er-juillet-apres-midi\/#primaryimage\"},\"image\":{\"@id\":\"https:\/\/vosgesinfo.fr\/remiremontinfo\/2023\/06\/ville-de-tres-nombreuses-animations-samedi-1er-juillet-apres-midi\/#primaryimage\"},\"thumbnailUrl\":\"https:\/\/vosgesinfo.fr\/app\/uploads\/sites\/5\/2024\/09\/202306affiche-tous-en-ville1.jpg\",\"datePublished\":\"2023-06-28T15:42:35+00:00\",\"dateModified\":\"2023-06-28T15:42:35+00:00\",\"breadcrumb\":{\"@id\":\"https:\/\/vosgesinfo.fr\/remiremontinfo\/2023\/06\/ville-de-tres-nombreuses-animations-samedi-1er-juillet-apres-midi\/#breadcrumb\"},\"inLanguage\":\"fr-FR\",\"potentialAction\":[{\"@type\":\"ReadAction\",\"target\":[\"https:\/\/vosgesinfo.fr\/remiremontinfo\/2023\/06\/ville-de-tres-nombreuses-animations-samedi-1er-juillet-apres-midi\/\"]}]},{\"@type\":\"ImageObject\",\"inLanguage\":\"fr-FR\",\"@id\":\"https:\/\/vosgesinfo.fr\/remiremontinfo\/2023\/06\/ville-de-tres-nombreuses-animations-samedi-1er-juillet-apres-midi\/#primaryimage\",\"url\":\"https:\/\/vosgesinfo.fr\/app\/uploads\/sites\/5\/2024\/09\/202306affiche-tous-en-ville1.jpg\",\"contentUrl\":\"https:\/\/vosgesinfo.fr\/app\/uploads\/sites\/5\/2024\/09\/202306affiche-tous-en-ville1.jpg\",\"width\":633,\"height\":909},{\"@type\":\"BreadcrumbList\",\"@id\":\"https:\/\/vosgesinfo.fr\/remiremontinfo\/2023\/06\/ville-de-tres-nombreuses-animations-samedi-1er-juillet-apres-midi\/#breadcrumb\",\"itemListElement\":[{\"@type\":\"ListItem\",\"position\":1,\"name\":\"Home\",\"item\":\"https:\/\/vosgesinfo.fr\/remiremontinfo\/\"},{\"@type\":\"ListItem\",\"position\":2,\"name\":\"\u00ab\u00a0Tous en ville\u00a0\u00bb de tr\u00e8s nombreuses animations ce samedi 1er juillet en apr\u00e8s-midi\"}]},{\"@type\":\"WebSite\",\"@id\":\"https:\/\/vosgesinfo.fr\/remiremontinfo\/#website\",\"url\":\"https:\/\/vosgesinfo.fr\/remiremontinfo\/\",\"name\":\"Remiremont Info\",\"description\":\"Toute l&#039;actualit\u00e9 de Remiremont\",\"publisher\":{\"@id\":\"https:\/\/vosgesinfo.fr\/remiremontinfo\/#organization\"},\"alternateName\":\"Toute l'actualit\u00e9 de Remiremont\",\"potentialAction\":[{\"@type\":\"SearchAction\",\"target\":{\"@type\":\"EntryPoint\",\"urlTemplate\":\"https:\/\/vosgesinfo.fr\/remiremontinfo\/?s={search_term_string}\"},\"query-input\":\"required name=search_term_string\"}],\"inLanguage\":\"fr-FR\"},{\"@type\":\"Organization\",\"@id\":\"https:\/\/vosgesinfo.fr\/remiremontinfo\/#organization\",\"name\":\"Remiremont Info\",\"url\":\"https:\/\/vosgesinfo.fr\/remiremontinfo\/\",\"logo\":{\"@type\":\"ImageObject\",\"inLanguage\":\"fr-FR\",\"@id\":\"https:\/\/vosgesinfo.fr\/remiremontinfo\/#\/schema\/logo\/image\/\",\"url\":\"https:\/\/vosgesinfo.fr\/app\/uploads\/sites\/5\/2023\/08\/favicon-remiremontinfo.png\",\"contentUrl\":\"https:\/\/vosgesinfo.fr\/app\/uploads\/sites\/5\/2023\/08\/favicon-remiremontinfo.png\",\"width\":512,\"height\":512,\"caption\":\"Remiremont Info\"},\"image\":{\"@id\":\"https:\/\/vosgesinfo.fr\/remiremontinfo\/#\/schema\/logo\/image\/\"},\"sameAs\":[\"https:\/\/www.facebook.com\/remiremontinfo\",\"https:\/\/x.com\/VosgesInfo88\",\"https:\/\/www.youtube.com\/@vosgesinfo\"]},{\"@type\":\"Person\",\"@id\":\"https:\/\/vosgesinfo.fr\/remiremontinfo\/#\/schema\/person\/27fd50bfa0474755c339da9cdfc89f3d\",\"name\":\"C.M\",\"image\":{\"@type\":\"ImageObject\",\"inLanguage\":\"fr-FR\",\"@id\":\"https:\/\/vosgesinfo.fr\/remiremontinfo\/#\/schema\/person\/image\/\",\"url\":\"https:\/\/secure.gravatar.com\/avatar\/aeefb88e08fc3e19fa733c61898f1bec4517042b8355098e757f11b4d3d4df70?s=96&d=mm&r=g\",\"contentUrl\":\"https:\/\/secure.gravatar.com\/avatar\/aeefb88e08fc3e19fa733c61898f1bec4517042b8355098e757f11b4d3d4df70?s=96&d=mm&r=g\",\"caption\":\"C.M\"},\"url\":\"https:\/\/vosgesinfo.fr\/remiremontinfo\/author\/cathy88200\/\"}]}<\/script>\n<!-- \/ Yoast SEO plugin. -->","yoast_head_json":{"title":"\"Tous en ville\" de tr\u00e8s nombreuses animations ce samedi 1er juillet en apr\u00e8s-midi - Remiremont Info","robots":{"index":"index","follow":"follow","max-snippet":"max-snippet:-1","max-image-preview":"max-image-preview:large","max-video-preview":"max-video-preview:-1"},"canonical":"https:\/\/vosgesinfo.fr\/remiremontinfo\/2023\/06\/ville-de-tres-nombreuses-animations-samedi-1er-juillet-apres-midi\/","twitter_card":"summary_large_image","twitter_title":"\"Tous en ville\" de tr\u00e8s nombreuses animations ce samedi 1er juillet en apr\u00e8s-midi - Remiremont Info","twitter_description":"Dans la continuit\u00e9 de l&rsquo;\u00e9dition \u00ab\u00a0Tous au Parmont\u00a0\u00bb, cette fois \u00ab\u00a0Tous en ville\u00a0\u00bb voit le jour ce samedi 1er juillet [&hellip;]","twitter_image":"https:\/\/vosgesinfo.fr\/app\/uploads\/sites\/5\/2024\/09\/202306affiche-tous-en-ville1.jpg","twitter_creator":"@VosgesInfo88","twitter_site":"@VosgesInfo88","twitter_misc":{"\u00c9crit par":"C.M","Dur\u00e9e de lecture estim\u00e9e":"1 minute"},"schema":{"@context":"https:\/\/schema.org","@graph":[{"@type":"Article","@id":"https:\/\/vosgesinfo.fr\/remiremontinfo\/2023\/06\/ville-de-tres-nombreuses-animations-samedi-1er-juillet-apres-midi\/#article","isPartOf":{"@id":"https:\/\/vosgesinfo.fr\/remiremontinfo\/2023\/06\/ville-de-tres-nombreuses-animations-samedi-1er-juillet-apres-midi\/"},"author":{"name":"C.M","@id":"https:\/\/vosgesinfo.fr\/remiremontinfo\/#\/schema\/person\/27fd50bfa0474755c339da9cdfc89f3d"},"headline":"\u00ab\u00a0Tous en ville\u00a0\u00bb de tr\u00e8s nombreuses animations ce samedi 1er juillet en apr\u00e8s-midi","datePublished":"2023-06-28T15:42:35+00:00","dateModified":"2023-06-28T15:42:35+00:00","mainEntityOfPage":{"@id":"https:\/\/vosgesinfo.fr\/remiremontinfo\/2023\/06\/ville-de-tres-nombreuses-animations-samedi-1er-juillet-apres-midi\/"},"wordCount":207,"commentCount":0,"publisher":{"@id":"https:\/\/vosgesinfo.fr\/remiremontinfo\/#organization"},"image":{"@id":"https:\/\/vosgesinfo.fr\/remiremontinfo\/2023\/06\/ville-de-tres-nombreuses-animations-samedi-1er-juillet-apres-midi\/#primaryimage"},"thumbnailUrl":"https:\/\/vosgesinfo.fr\/app\/uploads\/sites\/5\/2024\/09\/202306affiche-tous-en-ville1.jpg","articleSection":["A la Une","Remiremont","Remiremont &amp; son canton"],"inLanguage":"fr-FR","potentialAction":[{"@type":"CommentAction","name":"Comment","target":["https:\/\/vosgesinfo.fr\/remiremontinfo\/2023\/06\/ville-de-tres-nombreuses-animations-samedi-1er-juillet-apres-midi\/#respond"]}]},{"@type":"WebPage","@id":"https:\/\/vosgesinfo.fr\/remiremontinfo\/2023\/06\/ville-de-tres-nombreuses-animations-samedi-1er-juillet-apres-midi\/","url":"https:\/\/vosgesinfo.fr\/remiremontinfo\/2023\/06\/ville-de-tres-nombreuses-animations-samedi-1er-juillet-apres-midi\/","name":"\"Tous en ville\" de tr\u00e8s nombreuses animations ce samedi 1er juillet en apr\u00e8s-midi - Remiremont Info","isPartOf":{"@id":"https:\/\/vosgesinfo.fr\/remiremontinfo\/#website"},"primaryImageOfPage":{"@id":"https:\/\/vosgesinfo.fr\/remiremontinfo\/2023\/06\/ville-de-tres-nombreuses-animations-samedi-1er-juillet-apres-midi\/#primaryimage"},"image":{"@id":"https:\/\/vosgesinfo.fr\/remiremontinfo\/2023\/06\/ville-de-tres-nombreuses-animations-samedi-1er-juillet-apres-midi\/#primaryimage"},"thumbnailUrl":"https:\/\/vosgesinfo.fr\/app\/uploads\/sites\/5\/2024\/09\/202306affiche-tous-en-ville1.jpg","datePublished":"2023-06-28T15:42:35+00:00","dateModified":"2023-06-28T15:42:35+00:00","breadcrumb":{"@id":"https:\/\/vosgesinfo.fr\/remiremontinfo\/2023\/06\/ville-de-tres-nombreuses-animations-samedi-1er-juillet-apres-midi\/#breadcrumb"},"inLanguage":"fr-FR","potentialAction":[{"@type":"ReadAction","target":["https:\/\/vosgesinfo.fr\/remiremontinfo\/2023\/06\/ville-de-tres-nombreuses-animations-samedi-1er-juillet-apres-midi\/"]}]},{"@type":"ImageObject","inLanguage":"fr-FR","@id":"https:\/\/vosgesinfo.fr\/remiremontinfo\/2023\/06\/ville-de-tres-nombreuses-animations-samedi-1er-juillet-apres-midi\/#primaryimage","url":"https:\/\/vosgesinfo.fr\/app\/uploads\/sites\/5\/2024\/09\/202306affiche-tous-en-ville1.jpg","contentUrl":"https:\/\/vosgesinfo.fr\/app\/uploads\/sites\/5\/2024\/09\/202306affiche-tous-en-ville1.jpg","width":633,"height":909},{"@type":"BreadcrumbList","@id":"https:\/\/vosgesinfo.fr\/remiremontinfo\/2023\/06\/ville-de-tres-nombreuses-animations-samedi-1er-juillet-apres-midi\/#breadcrumb","itemListElement":[{"@type":"ListItem","position":1,"name":"Home","item":"https:\/\/vosgesinfo.fr\/remiremontinfo\/"},{"@type":"ListItem","position":2,"name":"\u00ab\u00a0Tous en ville\u00a0\u00bb de tr\u00e8s nombreuses animations ce samedi 1er juillet en apr\u00e8s-midi"}]},{"@type":"WebSite","@id":"https:\/\/vosgesinfo.fr\/remiremontinfo\/#website","url":"https:\/\/vosgesinfo.fr\/remiremontinfo\/","name":"Remiremont Info","description":"Toute l&#039;actualit\u00e9 de Remiremont","publisher":{"@id":"https:\/\/vosgesinfo.fr\/remiremontinfo\/#organization"},"alternateName":"Toute l'actualit\u00e9 de Remiremont","potentialAction":[{"@type":"SearchAction","target":{"@type":"EntryPoint","urlTemplate":"https:\/\/vosgesinfo.fr\/remiremontinfo\/?s={search_term_string}"},"query-input":"required name=search_term_string"}],"inLanguage":"fr-FR"},{"@type":"Organization","@id":"https:\/\/vosgesinfo.fr\/remiremontinfo\/#organization","name":"Remiremont Info","url":"https:\/\/vosgesinfo.fr\/remiremontinfo\/","logo":{"@type":"ImageObject","inLanguage":"fr-FR","@id":"https:\/\/vosgesinfo.fr\/remiremontinfo\/#\/schema\/logo\/image\/","url":"https:\/\/vosgesinfo.fr\/app\/uploads\/sites\/5\/2023\/08\/favicon-remiremontinfo.png","contentUrl":"https:\/\/vosgesinfo.fr\/app\/uploads\/sites\/5\/2023\/08\/favicon-remiremontinfo.png","width":512,"height":512,"caption":"Remiremont Info"},"image":{"@id":"https:\/\/vosgesinfo.fr\/remiremontinfo\/#\/schema\/logo\/image\/"},"sameAs":["https:\/\/www.facebook.com\/remiremontinfo","https:\/\/x.com\/VosgesInfo88","https:\/\/www.youtube.com\/@vosgesinfo"]},{"@type":"Person","@id":"https:\/\/vosgesinfo.fr\/remiremontinfo\/#\/schema\/person\/27fd50bfa0474755c339da9cdfc89f3d","name":"C.M","image":{"@type":"ImageObject","inLanguage":"fr-FR","@id":"https:\/\/vosgesinfo.fr\/remiremontinfo\/#\/schema\/person\/image\/","url":"https:\/\/secure.gravatar.com\/avatar\/aeefb88e08fc3e19fa733c61898f1bec4517042b8355098e757f11b4d3d4df70?s=96&d=mm&r=g","contentUrl":"https:\/\/secure.gravatar.com\/avatar\/aeefb88e08fc3e19fa733c61898f1bec4517042b8355098e757f11b4d3d4df70?s=96&d=mm&r=g","caption":"C.M"},"url":"https:\/\/vosgesinfo.fr\/remiremontinfo\/author\/cathy88200\/"}]}},"_links":{"self":[{"href":"https:\/\/vosgesinfo.fr\/remiremontinfo\/wp-json\/wp\/v2\/posts\/72616","targetHints":{"allow":["GET"]}}],"collection":[{"href":"https:\/\/vosgesinfo.fr\/remiremontinfo\/wp-json\/wp\/v2\/posts"}],"about":[{"href":"https:\/\/vosgesinfo.fr\/remiremontinfo\/wp-json\/wp\/v2\/types\/post"}],"author":[{"embeddable":true,"href":"https:\/\/vosgesinfo.fr\/remiremontinfo\/wp-json\/wp\/v2\/users\/411"}],"replies":[{"embeddable":true,"href":"https:\/\/vosgesinfo.fr\/remiremontinfo\/wp-json\/wp\/v2\/comments?post=72616"}],"version-history":[{"count":0,"href":"https:\/\/vosgesinfo.fr\/remiremontinfo\/wp-json\/wp\/v2\/posts\/72616\/revisions"}],"wp:featuredmedia":[{"embeddable":true,"href":"https:\/\/vosgesinfo.fr\/remiremontinfo\/wp-json\/wp\/v2\/media\/72617"}],"wp:attachment":[{"href":"https:\/\/vosgesinfo.fr\/remiremontinfo\/wp-json\/wp\/v2\/media?parent=72616"}],"wp:term":[{"taxonomy":"category","embeddable":true,"href":"https:\/\/vosgesinfo.fr\/remiremontinfo\/wp-json\/wp\/v2\/categories?post=72616"},{"taxonomy":"post_tag","embeddable":true,"href":"https:\/\/vosgesinfo.fr\/remiremontinfo\/wp-json\/wp\/v2\/tags?post=72616"}],"curies":[{"name":"wp","href":"https:\/\/api.w.org\/{rel}","templated":true}]}}