{"id":72634,"date":"2023-06-28T19:27:28","date_gmt":"2023-06-28T17:27:28","guid":{"rendered":"https:\/\/vosgesinfo.fr\/remiremontinfo\/2023\/06\/julie-abel-se-distinguent-a-compiegne\/"},"modified":"2023-06-28T19:27:28","modified_gmt":"2023-06-28T17:27:28","slug":"julie-abel-se-distinguent-a-compiegne","status":"publish","type":"post","link":"https:\/\/vosgesinfo.fr\/remiremontinfo\/2023\/06\/julie-abel-se-distinguent-a-compiegne\/","title":{"rendered":"Julie et Abel se distinguent \u00e0 Compi\u00e8gne"},"content":{"rendered":"<h3>Un concours international d\u2019endurance \u00e9questre s\u2019est d\u00e9roul\u00e9 \u00e0 Compi\u00e8gne le week-end dernier. Parmi les 250 cavaliers, 23 nations \u00e9taient repr\u00e9sent\u00e9es et, parmi ces nations, notre d\u00e9partement, les Vosges et plus exactement le Val d&rsquo;Ajol ont concouru, avec Julie et Abel.<\/h3>\n<p><a href=\"\/2023\/06\/356800215_10232664631936819_8559776029771035466_n-e1687979286229.jpg\"><img decoding=\"async\" class=\"alignright size-large wp-image-373236\" src=\"\/2023\/06\/356800215_10232664631936819_8559776029771035466_n-e1687979286229-882x1024.jpg\" alt=\"Concours \u00e9quitation compi\u00e8gne\" width=\"882\" height=\"1024\" \/><\/a>En effet, cette ann\u00e9e Julie G\u00e9rardin, du Val d&rsquo;Ajol s&rsquo;est engag\u00e9e sur la course internationale 100 km avec pour objectif de retrouver une course de vitesse.<\/p>\n<p>Align\u00e9e sur la ligne de d\u00e9part dimanche matin, parmi 16 cavaliers sur l&rsquo;\u00e9preuve, la chaleur sera pr\u00e9judiciable a plus de 50% des chevaux avec un nombre impressionnant d\u2019\u00e9liminations au contr\u00f4le v\u00e9t\u00e9rinaire.<\/p>\n<p>Avec plus de 33 degr\u00e9s, il faut veiller \u00e0 l\u2019hydratation du cheval en permanence. Un simple mal de ventre peut remettre en cause toute la course.<\/p>\n<p>La premi\u00e8re boucle de 32 km a \u00e9t\u00e9 courue \u00e0 20.9 km\/h, la seconde boucle de 21 km \u00e0 19km\/h, la troisi\u00e8me boucle de 28kmh \u00e0 17kmh et enfin la derni\u00e8re boucle a 23.2 km\/h.<\/p>\n<p>Julie G\u00e9rardin\u00a0 termine 3eme, un podium dont elle peut \u00eatre tr\u00e8s fi\u00e8re face au plateau de cavaliers pr\u00e9sents ce weekend.<\/p>\n<p>Plus de 3 mois de pr\u00e9paration intensive pour aboutir a ce r\u00e9sultat. Et un suivi millim\u00e9tr\u00e9.<\/p>\n<p>Une belle place acquise gr\u00e2ce \u00e0 un travail de longue haleine et un beau travail d&rsquo;\u00e9quipe autour de Julie et Abel.<\/p>\n<p>Une \u00e9quipe pour la pr\u00e9paration que Julie ne manque d&rsquo;associer \u00e0 son podium et \u00e0 remercier:<\/p>\n<p><a href=\"https:\/\/www.facebook.com\/profile.php?id=100092714257241&amp;__cft__%5b0%5d=AZXMvXeIRtvJNBNzBi8dNNOU-lHRGd4V5gVki7nqnB_O_hmF9lPnUbOvsQA5ducLKr5Ujc5sjyJX8IFwuiVuKL1ev08-nGdKWOaVa_MwekVuWzt8pAdaktwhBOu9jCTIwkj61VfUYpnkZYZmN48BDTCST2lRH9HKxdpqFbDiz9WaTWArB7RyXy_w7ZRErVWTryU&amp;__tn__=-%5dK-R\" data-saferedirecturl=\"https:\/\/www.google.com\/url?q=https:\/\/www.facebook.com\/profile.php?id%3D100092714257241%26__cft__%255b0%255d%3DAZXMvXeIRtvJNBNzBi8dNNOU-lHRGd4V5gVki7nqnB_O_hmF9lPnUbOvsQA5ducLKr5Ujc5sjyJX8IFwuiVuKL1ev08-nGdKWOaVa_MwekVuWzt8pAdaktwhBOu9jCTIwkj61VfUYpnkZYZmN48BDTCST2lRH9HKxdpqFbDiz9WaTWArB7RyXy_w7ZRErVWTryU%26__tn__%3D-%255dK-R&amp;source=gmail&amp;ust=1688061654028000&amp;usg=AOvVaw1lwcuJOPkGJQDsV9e5iGRI\">Margot Bonetto<\/a>\u00a0de\u00a0<a href=\"https:\/\/www.facebook.com\/profile.php?id=100057645511496&amp;__cft__%5b0%5d=AZXMvXeIRtvJNBNzBi8dNNOU-lHRGd4V5gVki7nqnB_O_hmF9lPnUbOvsQA5ducLKr5Ujc5sjyJX8IFwuiVuKL1ev08-nGdKWOaVa_MwekVuWzt8pAdaktwhBOu9jCTIwkj61VfUYpnkZYZmN48BDTCST2lRH9HKxdpqFbDiz9WaTWArB7RyXy_w7ZRErVWTryU&amp;__tn__=-%5dK-R\" data-saferedirecturl=\"https:\/\/www.google.com\/url?q=https:\/\/www.facebook.com\/profile.php?id%3D100057645511496%26__cft__%255b0%255d%3DAZXMvXeIRtvJNBNzBi8dNNOU-lHRGd4V5gVki7nqnB_O_hmF9lPnUbOvsQA5ducLKr5Ujc5sjyJX8IFwuiVuKL1ev08-nGdKWOaVa_MwekVuWzt8pAdaktwhBOu9jCTIwkj61VfUYpnkZYZmN48BDTCST2lRH9HKxdpqFbDiz9WaTWArB7RyXy_w7ZRErVWTryU%26__tn__%3D-%255dK-R&amp;source=gmail&amp;ust=1688061654028000&amp;usg=AOvVaw2E1aVjbSTH6xCoByzAm-VH\">Ferme Equestre le Sarcenot \u00e0 Poney<\/a>\u00a0pour l aide au grooming<\/p>\n<p><a href=\"https:\/\/www.facebook.com\/profile.php?id=100032452856961&amp;__cft__%5b0%5d=AZXMvXeIRtvJNBNzBi8dNNOU-lHRGd4V5gVki7nqnB_O_hmF9lPnUbOvsQA5ducLKr5Ujc5sjyJX8IFwuiVuKL1ev08-nGdKWOaVa_MwekVuWzt8pAdaktwhBOu9jCTIwkj61VfUYpnkZYZmN48BDTCST2lRH9HKxdpqFbDiz9WaTWArB7RyXy_w7ZRErVWTryU&amp;__tn__=-%5dK-R\" data-saferedirecturl=\"https:\/\/www.google.com\/url?q=https:\/\/www.facebook.com\/profile.php?id%3D100032452856961%26__cft__%255b0%255d%3DAZXMvXeIRtvJNBNzBi8dNNOU-lHRGd4V5gVki7nqnB_O_hmF9lPnUbOvsQA5ducLKr5Ujc5sjyJX8IFwuiVuKL1ev08-nGdKWOaVa_MwekVuWzt8pAdaktwhBOu9jCTIwkj61VfUYpnkZYZmN48BDTCST2lRH9HKxdpqFbDiz9WaTWArB7RyXy_w7ZRErVWTryU%26__tn__%3D-%255dK-R&amp;source=gmail&amp;ust=1688061654028000&amp;usg=AOvVaw05KC9GwMRuC59KtQoj_0o9\">Natur&rsquo;O Val Vosges<\/a>.\u00a0<a href=\"https:\/\/www.facebook.com\/valerie.divoux?__cft__%5b0%5d=AZXMvXeIRtvJNBNzBi8dNNOU-lHRGd4V5gVki7nqnB_O_hmF9lPnUbOvsQA5ducLKr5Ujc5sjyJX8IFwuiVuKL1ev08-nGdKWOaVa_MwekVuWzt8pAdaktwhBOu9jCTIwkj61VfUYpnkZYZmN48BDTCST2lRH9HKxdpqFbDiz9WaTWArB7RyXy_w7ZRErVWTryU&amp;__tn__=-%5dK-R\" data-saferedirecturl=\"https:\/\/www.google.com\/url?q=https:\/\/www.facebook.com\/valerie.divoux?__cft__%255b0%255d%3DAZXMvXeIRtvJNBNzBi8dNNOU-lHRGd4V5gVki7nqnB_O_hmF9lPnUbOvsQA5ducLKr5Ujc5sjyJX8IFwuiVuKL1ev08-nGdKWOaVa_MwekVuWzt8pAdaktwhBOu9jCTIwkj61VfUYpnkZYZmN48BDTCST2lRH9HKxdpqFbDiz9WaTWArB7RyXy_w7ZRErVWTryU%26__tn__%3D-%255dK-R&amp;source=gmail&amp;ust=1688061654028000&amp;usg=AOvVaw21kw4O9e_aoiwzLXDikPNC\">Valerie Divoux<\/a>\u00a0pour la pr\u00e9paration.<\/p>\n<p>Francky STEPHAN mar\u00e9chal ferrant pour le suivi de qualit\u00e9 comme d\u2019habitude.<\/p>\n<p><a href=\"https:\/\/www.facebook.com\/lescavaliersdelagrangeputon?__cft__%5b0%5d=AZXMvXeIRtvJNBNzBi8dNNOU-lHRGd4V5gVki7nqnB_O_hmF9lPnUbOvsQA5ducLKr5Ujc5sjyJX8IFwuiVuKL1ev08-nGdKWOaVa_MwekVuWzt8pAdaktwhBOu9jCTIwkj61VfUYpnkZYZmN48BDTCST2lRH9HKxdpqFbDiz9WaTWArB7RyXy_w7ZRErVWTryU&amp;__tn__=-%5dK-R\" data-saferedirecturl=\"https:\/\/www.google.com\/url?q=https:\/\/www.facebook.com\/lescavaliersdelagrangeputon?__cft__%255b0%255d%3DAZXMvXeIRtvJNBNzBi8dNNOU-lHRGd4V5gVki7nqnB_O_hmF9lPnUbOvsQA5ducLKr5Ujc5sjyJX8IFwuiVuKL1ev08-nGdKWOaVa_MwekVuWzt8pAdaktwhBOu9jCTIwkj61VfUYpnkZYZmN48BDTCST2lRH9HKxdpqFbDiz9WaTWArB7RyXy_w7ZRErVWTryU%26__tn__%3D-%255dK-R&amp;source=gmail&amp;ust=1688061654028000&amp;usg=AOvVaw1jiznFIQYQkHNpt5q6qBzJ\">Les Cavaliers de la Grange Puton<\/a>\u00a0pour le travail hivernal que j&rsquo;ai pu faire sur Abel.<\/p>\n<p>Place \u00e0 1 mois de repos pour Abel avant le 2eme objectif de la saison =&gt; les championnats de France a Fontainebleau.<\/p>\n<p>&nbsp;<\/p>\n<p>&nbsp;<\/p>\n\n","protected":false},"excerpt":{"rendered":"<p>Un concours international d\u2019endurance \u00e9questre s\u2019est d\u00e9roul\u00e9 \u00e0 Compi\u00e8gne le week-end dernier. Parmi les 250 cavaliers, 23 nations \u00e9taient repr\u00e9sent\u00e9es [&hellip;]<\/p>\n","protected":false},"author":411,"featured_media":72635,"comment_status":"open","ping_status":"open","sticky":false,"template":"","format":"standard","meta":{"footnotes":""},"categories":[26,121,82],"tags":[],"class_list":["post-72634","post","type-post","status-publish","format-standard","has-post-thumbnail","hentry","category-a-la-une","category-le-val-dajol-le-val-dajol-son-canton","category-le-val-dajol-son-canton"],"acf":[],"yoast_head":"<!-- This site is optimized with the Yoast SEO plugin v22.5 - https:\/\/yoast.com\/wordpress\/plugins\/seo\/ -->\n<title>Julie et Abel se distinguent \u00e0 Compi\u00e8gne - Remiremont Info<\/title>\n<meta name=\"robots\" content=\"index, follow, max-snippet:-1, max-image-preview:large, max-video-preview:-1\" \/>\n<link rel=\"canonical\" href=\"https:\/\/vosgesinfo.fr\/remiremontinfo\/2023\/06\/julie-abel-se-distinguent-a-compiegne\/\" \/>\n<meta name=\"twitter:card\" content=\"summary_large_image\" \/>\n<meta name=\"twitter:title\" content=\"Julie et Abel se distinguent \u00e0 Compi\u00e8gne - Remiremont Info\" \/>\n<meta name=\"twitter:description\" content=\"Un concours international d\u2019endurance \u00e9questre s\u2019est d\u00e9roul\u00e9 \u00e0 Compi\u00e8gne le week-end dernier. Parmi les 250 cavaliers, 23 nations \u00e9taient repr\u00e9sent\u00e9es [&hellip;]\" \/>\n<meta name=\"twitter:image\" content=\"https:\/\/vosgesinfo.fr\/app\/uploads\/sites\/5\/2024\/09\/202306356800215-10232664631936819-8559776029771035466-n-e1687979286229.jpg\" \/>\n<meta name=\"twitter:creator\" content=\"@VosgesInfo88\" \/>\n<meta name=\"twitter:site\" content=\"@VosgesInfo88\" \/>\n<meta name=\"twitter:label1\" content=\"\u00c9crit par\" \/>\n\t<meta name=\"twitter:data1\" content=\"C.M\" \/>\n\t<meta name=\"twitter:label2\" content=\"Dur\u00e9e de lecture estim\u00e9e\" \/>\n\t<meta name=\"twitter:data2\" content=\"2 minutes\" \/>\n<script type=\"application\/ld+json\" class=\"yoast-schema-graph\">{\"@context\":\"https:\/\/schema.org\",\"@graph\":[{\"@type\":\"Article\",\"@id\":\"https:\/\/vosgesinfo.fr\/remiremontinfo\/2023\/06\/julie-abel-se-distinguent-a-compiegne\/#article\",\"isPartOf\":{\"@id\":\"https:\/\/vosgesinfo.fr\/remiremontinfo\/2023\/06\/julie-abel-se-distinguent-a-compiegne\/\"},\"author\":{\"name\":\"C.M\",\"@id\":\"https:\/\/vosgesinfo.fr\/remiremontinfo\/#\/schema\/person\/27fd50bfa0474755c339da9cdfc89f3d\"},\"headline\":\"Julie et Abel se distinguent \u00e0 Compi\u00e8gne\",\"datePublished\":\"2023-06-28T17:27:28+00:00\",\"dateModified\":\"2023-06-28T17:27:28+00:00\",\"mainEntityOfPage\":{\"@id\":\"https:\/\/vosgesinfo.fr\/remiremontinfo\/2023\/06\/julie-abel-se-distinguent-a-compiegne\/\"},\"wordCount\":340,\"commentCount\":0,\"publisher\":{\"@id\":\"https:\/\/vosgesinfo.fr\/remiremontinfo\/#organization\"},\"image\":{\"@id\":\"https:\/\/vosgesinfo.fr\/remiremontinfo\/2023\/06\/julie-abel-se-distinguent-a-compiegne\/#primaryimage\"},\"thumbnailUrl\":\"https:\/\/vosgesinfo.fr\/app\/uploads\/sites\/5\/2024\/09\/202306356800215-10232664631936819-8559776029771035466-n-e1687979286229.jpg\",\"articleSection\":[\"A la Une\",\"Le Val d'Ajol\",\"Le Val-d'Ajol &amp; son canton\"],\"inLanguage\":\"fr-FR\",\"potentialAction\":[{\"@type\":\"CommentAction\",\"name\":\"Comment\",\"target\":[\"https:\/\/vosgesinfo.fr\/remiremontinfo\/2023\/06\/julie-abel-se-distinguent-a-compiegne\/#respond\"]}]},{\"@type\":\"WebPage\",\"@id\":\"https:\/\/vosgesinfo.fr\/remiremontinfo\/2023\/06\/julie-abel-se-distinguent-a-compiegne\/\",\"url\":\"https:\/\/vosgesinfo.fr\/remiremontinfo\/2023\/06\/julie-abel-se-distinguent-a-compiegne\/\",\"name\":\"Julie et Abel se distinguent \u00e0 Compi\u00e8gne - Remiremont Info\",\"isPartOf\":{\"@id\":\"https:\/\/vosgesinfo.fr\/remiremontinfo\/#website\"},\"primaryImageOfPage\":{\"@id\":\"https:\/\/vosgesinfo.fr\/remiremontinfo\/2023\/06\/julie-abel-se-distinguent-a-compiegne\/#primaryimage\"},\"image\":{\"@id\":\"https:\/\/vosgesinfo.fr\/remiremontinfo\/2023\/06\/julie-abel-se-distinguent-a-compiegne\/#primaryimage\"},\"thumbnailUrl\":\"https:\/\/vosgesinfo.fr\/app\/uploads\/sites\/5\/2024\/09\/202306356800215-10232664631936819-8559776029771035466-n-e1687979286229.jpg\",\"datePublished\":\"2023-06-28T17:27:28+00:00\",\"dateModified\":\"2023-06-28T17:27:28+00:00\",\"breadcrumb\":{\"@id\":\"https:\/\/vosgesinfo.fr\/remiremontinfo\/2023\/06\/julie-abel-se-distinguent-a-compiegne\/#breadcrumb\"},\"inLanguage\":\"fr-FR\",\"potentialAction\":[{\"@type\":\"ReadAction\",\"target\":[\"https:\/\/vosgesinfo.fr\/remiremontinfo\/2023\/06\/julie-abel-se-distinguent-a-compiegne\/\"]}]},{\"@type\":\"ImageObject\",\"inLanguage\":\"fr-FR\",\"@id\":\"https:\/\/vosgesinfo.fr\/remiremontinfo\/2023\/06\/julie-abel-se-distinguent-a-compiegne\/#primaryimage\",\"url\":\"https:\/\/vosgesinfo.fr\/app\/uploads\/sites\/5\/2024\/09\/202306356800215-10232664631936819-8559776029771035466-n-e1687979286229.jpg\",\"contentUrl\":\"https:\/\/vosgesinfo.fr\/app\/uploads\/sites\/5\/2024\/09\/202306356800215-10232664631936819-8559776029771035466-n-e1687979286229.jpg\",\"width\":1018,\"height\":1182},{\"@type\":\"BreadcrumbList\",\"@id\":\"https:\/\/vosgesinfo.fr\/remiremontinfo\/2023\/06\/julie-abel-se-distinguent-a-compiegne\/#breadcrumb\",\"itemListElement\":[{\"@type\":\"ListItem\",\"position\":1,\"name\":\"Home\",\"item\":\"https:\/\/vosgesinfo.fr\/remiremontinfo\/\"},{\"@type\":\"ListItem\",\"position\":2,\"name\":\"Julie et Abel se distinguent \u00e0 Compi\u00e8gne\"}]},{\"@type\":\"WebSite\",\"@id\":\"https:\/\/vosgesinfo.fr\/remiremontinfo\/#website\",\"url\":\"https:\/\/vosgesinfo.fr\/remiremontinfo\/\",\"name\":\"Remiremont Info\",\"description\":\"Toute l&#039;actualit\u00e9 de Remiremont\",\"publisher\":{\"@id\":\"https:\/\/vosgesinfo.fr\/remiremontinfo\/#organization\"},\"alternateName\":\"Toute l'actualit\u00e9 de Remiremont\",\"potentialAction\":[{\"@type\":\"SearchAction\",\"target\":{\"@type\":\"EntryPoint\",\"urlTemplate\":\"https:\/\/vosgesinfo.fr\/remiremontinfo\/?s={search_term_string}\"},\"query-input\":\"required name=search_term_string\"}],\"inLanguage\":\"fr-FR\"},{\"@type\":\"Organization\",\"@id\":\"https:\/\/vosgesinfo.fr\/remiremontinfo\/#organization\",\"name\":\"Remiremont Info\",\"url\":\"https:\/\/vosgesinfo.fr\/remiremontinfo\/\",\"logo\":{\"@type\":\"ImageObject\",\"inLanguage\":\"fr-FR\",\"@id\":\"https:\/\/vosgesinfo.fr\/remiremontinfo\/#\/schema\/logo\/image\/\",\"url\":\"https:\/\/vosgesinfo.fr\/app\/uploads\/sites\/5\/2023\/08\/favicon-remiremontinfo.png\",\"contentUrl\":\"https:\/\/vosgesinfo.fr\/app\/uploads\/sites\/5\/2023\/08\/favicon-remiremontinfo.png\",\"width\":512,\"height\":512,\"caption\":\"Remiremont Info\"},\"image\":{\"@id\":\"https:\/\/vosgesinfo.fr\/remiremontinfo\/#\/schema\/logo\/image\/\"},\"sameAs\":[\"https:\/\/www.facebook.com\/remiremontinfo\",\"https:\/\/x.com\/VosgesInfo88\",\"https:\/\/www.youtube.com\/@vosgesinfo\"]},{\"@type\":\"Person\",\"@id\":\"https:\/\/vosgesinfo.fr\/remiremontinfo\/#\/schema\/person\/27fd50bfa0474755c339da9cdfc89f3d\",\"name\":\"C.M\",\"image\":{\"@type\":\"ImageObject\",\"inLanguage\":\"fr-FR\",\"@id\":\"https:\/\/vosgesinfo.fr\/remiremontinfo\/#\/schema\/person\/image\/\",\"url\":\"https:\/\/secure.gravatar.com\/avatar\/aeefb88e08fc3e19fa733c61898f1bec4517042b8355098e757f11b4d3d4df70?s=96&d=mm&r=g\",\"contentUrl\":\"https:\/\/secure.gravatar.com\/avatar\/aeefb88e08fc3e19fa733c61898f1bec4517042b8355098e757f11b4d3d4df70?s=96&d=mm&r=g\",\"caption\":\"C.M\"},\"url\":\"https:\/\/vosgesinfo.fr\/remiremontinfo\/author\/cathy88200\/\"}]}<\/script>\n<!-- \/ Yoast SEO plugin. -->","yoast_head_json":{"title":"Julie et Abel se distinguent \u00e0 Compi\u00e8gne - Remiremont Info","robots":{"index":"index","follow":"follow","max-snippet":"max-snippet:-1","max-image-preview":"max-image-preview:large","max-video-preview":"max-video-preview:-1"},"canonical":"https:\/\/vosgesinfo.fr\/remiremontinfo\/2023\/06\/julie-abel-se-distinguent-a-compiegne\/","twitter_card":"summary_large_image","twitter_title":"Julie et Abel se distinguent \u00e0 Compi\u00e8gne - Remiremont Info","twitter_description":"Un concours international d\u2019endurance \u00e9questre s\u2019est d\u00e9roul\u00e9 \u00e0 Compi\u00e8gne le week-end dernier. Parmi les 250 cavaliers, 23 nations \u00e9taient repr\u00e9sent\u00e9es [&hellip;]","twitter_image":"https:\/\/vosgesinfo.fr\/app\/uploads\/sites\/5\/2024\/09\/202306356800215-10232664631936819-8559776029771035466-n-e1687979286229.jpg","twitter_creator":"@VosgesInfo88","twitter_site":"@VosgesInfo88","twitter_misc":{"\u00c9crit par":"C.M","Dur\u00e9e de lecture estim\u00e9e":"2 minutes"},"schema":{"@context":"https:\/\/schema.org","@graph":[{"@type":"Article","@id":"https:\/\/vosgesinfo.fr\/remiremontinfo\/2023\/06\/julie-abel-se-distinguent-a-compiegne\/#article","isPartOf":{"@id":"https:\/\/vosgesinfo.fr\/remiremontinfo\/2023\/06\/julie-abel-se-distinguent-a-compiegne\/"},"author":{"name":"C.M","@id":"https:\/\/vosgesinfo.fr\/remiremontinfo\/#\/schema\/person\/27fd50bfa0474755c339da9cdfc89f3d"},"headline":"Julie et Abel se distinguent \u00e0 Compi\u00e8gne","datePublished":"2023-06-28T17:27:28+00:00","dateModified":"2023-06-28T17:27:28+00:00","mainEntityOfPage":{"@id":"https:\/\/vosgesinfo.fr\/remiremontinfo\/2023\/06\/julie-abel-se-distinguent-a-compiegne\/"},"wordCount":340,"commentCount":0,"publisher":{"@id":"https:\/\/vosgesinfo.fr\/remiremontinfo\/#organization"},"image":{"@id":"https:\/\/vosgesinfo.fr\/remiremontinfo\/2023\/06\/julie-abel-se-distinguent-a-compiegne\/#primaryimage"},"thumbnailUrl":"https:\/\/vosgesinfo.fr\/app\/uploads\/sites\/5\/2024\/09\/202306356800215-10232664631936819-8559776029771035466-n-e1687979286229.jpg","articleSection":["A la Une","Le Val d'Ajol","Le Val-d'Ajol &amp; son canton"],"inLanguage":"fr-FR","potentialAction":[{"@type":"CommentAction","name":"Comment","target":["https:\/\/vosgesinfo.fr\/remiremontinfo\/2023\/06\/julie-abel-se-distinguent-a-compiegne\/#respond"]}]},{"@type":"WebPage","@id":"https:\/\/vosgesinfo.fr\/remiremontinfo\/2023\/06\/julie-abel-se-distinguent-a-compiegne\/","url":"https:\/\/vosgesinfo.fr\/remiremontinfo\/2023\/06\/julie-abel-se-distinguent-a-compiegne\/","name":"Julie et Abel se distinguent \u00e0 Compi\u00e8gne - Remiremont Info","isPartOf":{"@id":"https:\/\/vosgesinfo.fr\/remiremontinfo\/#website"},"primaryImageOfPage":{"@id":"https:\/\/vosgesinfo.fr\/remiremontinfo\/2023\/06\/julie-abel-se-distinguent-a-compiegne\/#primaryimage"},"image":{"@id":"https:\/\/vosgesinfo.fr\/remiremontinfo\/2023\/06\/julie-abel-se-distinguent-a-compiegne\/#primaryimage"},"thumbnailUrl":"https:\/\/vosgesinfo.fr\/app\/uploads\/sites\/5\/2024\/09\/202306356800215-10232664631936819-8559776029771035466-n-e1687979286229.jpg","datePublished":"2023-06-28T17:27:28+00:00","dateModified":"2023-06-28T17:27:28+00:00","breadcrumb":{"@id":"https:\/\/vosgesinfo.fr\/remiremontinfo\/2023\/06\/julie-abel-se-distinguent-a-compiegne\/#breadcrumb"},"inLanguage":"fr-FR","potentialAction":[{"@type":"ReadAction","target":["https:\/\/vosgesinfo.fr\/remiremontinfo\/2023\/06\/julie-abel-se-distinguent-a-compiegne\/"]}]},{"@type":"ImageObject","inLanguage":"fr-FR","@id":"https:\/\/vosgesinfo.fr\/remiremontinfo\/2023\/06\/julie-abel-se-distinguent-a-compiegne\/#primaryimage","url":"https:\/\/vosgesinfo.fr\/app\/uploads\/sites\/5\/2024\/09\/202306356800215-10232664631936819-8559776029771035466-n-e1687979286229.jpg","contentUrl":"https:\/\/vosgesinfo.fr\/app\/uploads\/sites\/5\/2024\/09\/202306356800215-10232664631936819-8559776029771035466-n-e1687979286229.jpg","width":1018,"height":1182},{"@type":"BreadcrumbList","@id":"https:\/\/vosgesinfo.fr\/remiremontinfo\/2023\/06\/julie-abel-se-distinguent-a-compiegne\/#breadcrumb","itemListElement":[{"@type":"ListItem","position":1,"name":"Home","item":"https:\/\/vosgesinfo.fr\/remiremontinfo\/"},{"@type":"ListItem","position":2,"name":"Julie et Abel se distinguent \u00e0 Compi\u00e8gne"}]},{"@type":"WebSite","@id":"https:\/\/vosgesinfo.fr\/remiremontinfo\/#website","url":"https:\/\/vosgesinfo.fr\/remiremontinfo\/","name":"Remiremont Info","description":"Toute l&#039;actualit\u00e9 de Remiremont","publisher":{"@id":"https:\/\/vosgesinfo.fr\/remiremontinfo\/#organization"},"alternateName":"Toute l'actualit\u00e9 de Remiremont","potentialAction":[{"@type":"SearchAction","target":{"@type":"EntryPoint","urlTemplate":"https:\/\/vosgesinfo.fr\/remiremontinfo\/?s={search_term_string}"},"query-input":"required name=search_term_string"}],"inLanguage":"fr-FR"},{"@type":"Organization","@id":"https:\/\/vosgesinfo.fr\/remiremontinfo\/#organization","name":"Remiremont Info","url":"https:\/\/vosgesinfo.fr\/remiremontinfo\/","logo":{"@type":"ImageObject","inLanguage":"fr-FR","@id":"https:\/\/vosgesinfo.fr\/remiremontinfo\/#\/schema\/logo\/image\/","url":"https:\/\/vosgesinfo.fr\/app\/uploads\/sites\/5\/2023\/08\/favicon-remiremontinfo.png","contentUrl":"https:\/\/vosgesinfo.fr\/app\/uploads\/sites\/5\/2023\/08\/favicon-remiremontinfo.png","width":512,"height":512,"caption":"Remiremont Info"},"image":{"@id":"https:\/\/vosgesinfo.fr\/remiremontinfo\/#\/schema\/logo\/image\/"},"sameAs":["https:\/\/www.facebook.com\/remiremontinfo","https:\/\/x.com\/VosgesInfo88","https:\/\/www.youtube.com\/@vosgesinfo"]},{"@type":"Person","@id":"https:\/\/vosgesinfo.fr\/remiremontinfo\/#\/schema\/person\/27fd50bfa0474755c339da9cdfc89f3d","name":"C.M","image":{"@type":"ImageObject","inLanguage":"fr-FR","@id":"https:\/\/vosgesinfo.fr\/remiremontinfo\/#\/schema\/person\/image\/","url":"https:\/\/secure.gravatar.com\/avatar\/aeefb88e08fc3e19fa733c61898f1bec4517042b8355098e757f11b4d3d4df70?s=96&d=mm&r=g","contentUrl":"https:\/\/secure.gravatar.com\/avatar\/aeefb88e08fc3e19fa733c61898f1bec4517042b8355098e757f11b4d3d4df70?s=96&d=mm&r=g","caption":"C.M"},"url":"https:\/\/vosgesinfo.fr\/remiremontinfo\/author\/cathy88200\/"}]}},"_links":{"self":[{"href":"https:\/\/vosgesinfo.fr\/remiremontinfo\/wp-json\/wp\/v2\/posts\/72634","targetHints":{"allow":["GET"]}}],"collection":[{"href":"https:\/\/vosgesinfo.fr\/remiremontinfo\/wp-json\/wp\/v2\/posts"}],"about":[{"href":"https:\/\/vosgesinfo.fr\/remiremontinfo\/wp-json\/wp\/v2\/types\/post"}],"author":[{"embeddable":true,"href":"https:\/\/vosgesinfo.fr\/remiremontinfo\/wp-json\/wp\/v2\/users\/411"}],"replies":[{"embeddable":true,"href":"https:\/\/vosgesinfo.fr\/remiremontinfo\/wp-json\/wp\/v2\/comments?post=72634"}],"version-history":[{"count":0,"href":"https:\/\/vosgesinfo.fr\/remiremontinfo\/wp-json\/wp\/v2\/posts\/72634\/revisions"}],"wp:featuredmedia":[{"embeddable":true,"href":"https:\/\/vosgesinfo.fr\/remiremontinfo\/wp-json\/wp\/v2\/media\/72635"}],"wp:attachment":[{"href":"https:\/\/vosgesinfo.fr\/remiremontinfo\/wp-json\/wp\/v2\/media?parent=72634"}],"wp:term":[{"taxonomy":"category","embeddable":true,"href":"https:\/\/vosgesinfo.fr\/remiremontinfo\/wp-json\/wp\/v2\/categories?post=72634"},{"taxonomy":"post_tag","embeddable":true,"href":"https:\/\/vosgesinfo.fr\/remiremontinfo\/wp-json\/wp\/v2\/tags?post=72634"}],"curies":[{"name":"wp","href":"https:\/\/api.w.org\/{rel}","templated":true}]}}