{"id":72642,"date":"2023-06-28T21:04:43","date_gmt":"2023-06-28T19:04:43","guid":{"rendered":"https:\/\/vosgesinfo.fr\/remiremontinfo\/2023\/06\/decouverte-chauve-souris-thillot-samedi-1er-juillet\/"},"modified":"2023-06-28T21:04:43","modified_gmt":"2023-06-28T19:04:43","slug":"decouverte-chauve-souris-thillot-samedi-1er-juillet","status":"publish","type":"post","link":"https:\/\/vosgesinfo.fr\/remiremontinfo\/2023\/06\/decouverte-chauve-souris-thillot-samedi-1er-juillet\/","title":{"rendered":"D\u00e9couverte de la chauve-souris au Thillot ce samedi 1er juillet"},"content":{"rendered":"<p><strong>A l\u2019occasion de la 27<sup>\u00e8me <\/sup>Nuit Internationale de la Chauve-Souris, les Hautes-Mynes du Thillot vous proposent de partir sur les traces de ces mammif\u00e8res volants fascinants.<\/strong><\/p>\n<p><a href=\"\/2023\/06\/NICS-Hautes-Mynes-2023-768x1088.jpg\"><img decoding=\"async\" class=\"alignright wp-image-373263 size-large\" src=\"\/2023\/06\/NICS-Hautes-Mynes-2023-768x1088-723x1024.jpg\" alt=\"27 nuit internationale de la chauve-souris\" width=\"723\" height=\"1024\" \/><\/a>Le samedi 01 juillet, au c\u0153ur du biotope particulier des Hautes-Mynes, profitez d\u2019une soir\u00e9e privil\u00e9gi\u00e9e pour d\u00e9couvrir ces reines de la nuit.<\/p>\n<p>Vos pas vous m\u00e8neront \u00e0 la rencontre des esp\u00e8ces pr\u00e9sentes au Thillot \u00e0 travers des ateliers ludiques, contes et visites de mines. Vous en apprendrez plus sur la morphologie et la biologie de ces animaux, sur leur protection, et qui sait, il se peut que vous partiez pour un voyage vers des contr\u00e9es bien plus lointaines\u2026.<\/p>\n<p>Alors venez nombreux poser vos questions, apporter vos exp\u00e9riences ou peut-\u00eatre simplement \u00e9couter et appr\u00e9cier leur ballet nocturne !<\/p>\n<p><strong>De 19h00 \u00e0 22h15 environ. Animation gratuite, se d\u00e9roule en ext\u00e9rieur et en souterrain.<\/strong><\/p>\n<p>Les enfants sont les bienvenus accompagn\u00e9s d\u2019adultes (\u00e0 partir de 5 ans pour la visite guid\u00e9e de la Rouge-Montagne).<\/p>\n<p>Pr\u00e9voir de bonnes chaussures et v\u00eatements chauds<\/p>\n<p>R\u00e9servation obligatoire (03.29.25.03.33).<\/p>\n<p>&nbsp;<\/p>\n<p>&nbsp;<\/p>\n","protected":false},"excerpt":{"rendered":"<p>A l\u2019occasion de la 27\u00e8me Nuit Internationale de la Chauve-Souris, les Hautes-Mynes du Thillot vous proposent de partir sur les [&hellip;]<\/p>\n","protected":false},"author":411,"featured_media":72643,"comment_status":"open","ping_status":"open","sticky":false,"template":"","format":"standard","meta":{"footnotes":""},"categories":[26,212,37],"tags":[5997,5998],"class_list":["post-72642","post","type-post","status-publish","format-standard","has-post-thumbnail","hentry","category-a-la-une","category-le-thillot-le-thillot-son-canton","category-le-thillot-son-canton","tag-hautes-mynes","tag-nuit-chauve-souris"],"acf":[],"yoast_head":"<!-- This site is optimized with the Yoast SEO plugin v22.5 - https:\/\/yoast.com\/wordpress\/plugins\/seo\/ -->\n<title>D\u00e9couverte de la chauve-souris au Thillot ce samedi 1er juillet - Remiremont Info<\/title>\n<meta name=\"robots\" content=\"index, follow, max-snippet:-1, max-image-preview:large, max-video-preview:-1\" \/>\n<link rel=\"canonical\" href=\"https:\/\/vosgesinfo.fr\/remiremontinfo\/2023\/06\/decouverte-chauve-souris-thillot-samedi-1er-juillet\/\" \/>\n<meta name=\"twitter:card\" content=\"summary_large_image\" \/>\n<meta name=\"twitter:title\" content=\"D\u00e9couverte de la chauve-souris au Thillot ce samedi 1er juillet - Remiremont Info\" \/>\n<meta name=\"twitter:description\" content=\"A l\u2019occasion de la 27\u00e8me Nuit Internationale de la Chauve-Souris, les Hautes-Mynes du Thillot vous proposent de partir sur les [&hellip;]\" \/>\n<meta name=\"twitter:image\" content=\"https:\/\/vosgesinfo.fr\/app\/uploads\/sites\/5\/2024\/09\/202306353662533-224249910457632-4970188219324644045-n.jpg\" \/>\n<meta name=\"twitter:creator\" content=\"@VosgesInfo88\" \/>\n<meta name=\"twitter:site\" content=\"@VosgesInfo88\" \/>\n<meta name=\"twitter:label1\" content=\"\u00c9crit par\" \/>\n\t<meta name=\"twitter:data1\" content=\"C.M\" \/>\n\t<meta name=\"twitter:label2\" content=\"Dur\u00e9e de lecture estim\u00e9e\" \/>\n\t<meta name=\"twitter:data2\" content=\"1 minute\" \/>\n<script type=\"application\/ld+json\" class=\"yoast-schema-graph\">{\"@context\":\"https:\/\/schema.org\",\"@graph\":[{\"@type\":\"Article\",\"@id\":\"https:\/\/vosgesinfo.fr\/remiremontinfo\/2023\/06\/decouverte-chauve-souris-thillot-samedi-1er-juillet\/#article\",\"isPartOf\":{\"@id\":\"https:\/\/vosgesinfo.fr\/remiremontinfo\/2023\/06\/decouverte-chauve-souris-thillot-samedi-1er-juillet\/\"},\"author\":{\"name\":\"C.M\",\"@id\":\"https:\/\/vosgesinfo.fr\/remiremontinfo\/#\/schema\/person\/27fd50bfa0474755c339da9cdfc89f3d\"},\"headline\":\"D\u00e9couverte de la chauve-souris au Thillot ce samedi 1er juillet\",\"datePublished\":\"2023-06-28T19:04:43+00:00\",\"dateModified\":\"2023-06-28T19:04:43+00:00\",\"mainEntityOfPage\":{\"@id\":\"https:\/\/vosgesinfo.fr\/remiremontinfo\/2023\/06\/decouverte-chauve-souris-thillot-samedi-1er-juillet\/\"},\"wordCount\":194,\"commentCount\":0,\"publisher\":{\"@id\":\"https:\/\/vosgesinfo.fr\/remiremontinfo\/#organization\"},\"image\":{\"@id\":\"https:\/\/vosgesinfo.fr\/remiremontinfo\/2023\/06\/decouverte-chauve-souris-thillot-samedi-1er-juillet\/#primaryimage\"},\"thumbnailUrl\":\"https:\/\/vosgesinfo.fr\/app\/uploads\/sites\/5\/2024\/09\/202306353662533-224249910457632-4970188219324644045-n.jpg\",\"keywords\":[\"Hautes-Mynes\",\"nuit chauve-souris\"],\"articleSection\":[\"A la Une\",\"Le Thillot\",\"Le Thillot &amp; son canton\"],\"inLanguage\":\"fr-FR\",\"potentialAction\":[{\"@type\":\"CommentAction\",\"name\":\"Comment\",\"target\":[\"https:\/\/vosgesinfo.fr\/remiremontinfo\/2023\/06\/decouverte-chauve-souris-thillot-samedi-1er-juillet\/#respond\"]}]},{\"@type\":\"WebPage\",\"@id\":\"https:\/\/vosgesinfo.fr\/remiremontinfo\/2023\/06\/decouverte-chauve-souris-thillot-samedi-1er-juillet\/\",\"url\":\"https:\/\/vosgesinfo.fr\/remiremontinfo\/2023\/06\/decouverte-chauve-souris-thillot-samedi-1er-juillet\/\",\"name\":\"D\u00e9couverte de la chauve-souris au Thillot ce samedi 1er juillet - Remiremont Info\",\"isPartOf\":{\"@id\":\"https:\/\/vosgesinfo.fr\/remiremontinfo\/#website\"},\"primaryImageOfPage\":{\"@id\":\"https:\/\/vosgesinfo.fr\/remiremontinfo\/2023\/06\/decouverte-chauve-souris-thillot-samedi-1er-juillet\/#primaryimage\"},\"image\":{\"@id\":\"https:\/\/vosgesinfo.fr\/remiremontinfo\/2023\/06\/decouverte-chauve-souris-thillot-samedi-1er-juillet\/#primaryimage\"},\"thumbnailUrl\":\"https:\/\/vosgesinfo.fr\/app\/uploads\/sites\/5\/2024\/09\/202306353662533-224249910457632-4970188219324644045-n.jpg\",\"datePublished\":\"2023-06-28T19:04:43+00:00\",\"dateModified\":\"2023-06-28T19:04:43+00:00\",\"breadcrumb\":{\"@id\":\"https:\/\/vosgesinfo.fr\/remiremontinfo\/2023\/06\/decouverte-chauve-souris-thillot-samedi-1er-juillet\/#breadcrumb\"},\"inLanguage\":\"fr-FR\",\"potentialAction\":[{\"@type\":\"ReadAction\",\"target\":[\"https:\/\/vosgesinfo.fr\/remiremontinfo\/2023\/06\/decouverte-chauve-souris-thillot-samedi-1er-juillet\/\"]}]},{\"@type\":\"ImageObject\",\"inLanguage\":\"fr-FR\",\"@id\":\"https:\/\/vosgesinfo.fr\/remiremontinfo\/2023\/06\/decouverte-chauve-souris-thillot-samedi-1er-juillet\/#primaryimage\",\"url\":\"https:\/\/vosgesinfo.fr\/app\/uploads\/sites\/5\/2024\/09\/202306353662533-224249910457632-4970188219324644045-n.jpg\",\"contentUrl\":\"https:\/\/vosgesinfo.fr\/app\/uploads\/sites\/5\/2024\/09\/202306353662533-224249910457632-4970188219324644045-n.jpg\",\"width\":526,\"height\":274},{\"@type\":\"BreadcrumbList\",\"@id\":\"https:\/\/vosgesinfo.fr\/remiremontinfo\/2023\/06\/decouverte-chauve-souris-thillot-samedi-1er-juillet\/#breadcrumb\",\"itemListElement\":[{\"@type\":\"ListItem\",\"position\":1,\"name\":\"Home\",\"item\":\"https:\/\/vosgesinfo.fr\/remiremontinfo\/\"},{\"@type\":\"ListItem\",\"position\":2,\"name\":\"D\u00e9couverte de la chauve-souris au Thillot ce samedi 1er juillet\"}]},{\"@type\":\"WebSite\",\"@id\":\"https:\/\/vosgesinfo.fr\/remiremontinfo\/#website\",\"url\":\"https:\/\/vosgesinfo.fr\/remiremontinfo\/\",\"name\":\"Remiremont Info\",\"description\":\"Toute l&#039;actualit\u00e9 de Remiremont\",\"publisher\":{\"@id\":\"https:\/\/vosgesinfo.fr\/remiremontinfo\/#organization\"},\"alternateName\":\"Toute l'actualit\u00e9 de Remiremont\",\"potentialAction\":[{\"@type\":\"SearchAction\",\"target\":{\"@type\":\"EntryPoint\",\"urlTemplate\":\"https:\/\/vosgesinfo.fr\/remiremontinfo\/?s={search_term_string}\"},\"query-input\":\"required name=search_term_string\"}],\"inLanguage\":\"fr-FR\"},{\"@type\":\"Organization\",\"@id\":\"https:\/\/vosgesinfo.fr\/remiremontinfo\/#organization\",\"name\":\"Remiremont Info\",\"url\":\"https:\/\/vosgesinfo.fr\/remiremontinfo\/\",\"logo\":{\"@type\":\"ImageObject\",\"inLanguage\":\"fr-FR\",\"@id\":\"https:\/\/vosgesinfo.fr\/remiremontinfo\/#\/schema\/logo\/image\/\",\"url\":\"https:\/\/vosgesinfo.fr\/app\/uploads\/sites\/5\/2023\/08\/favicon-remiremontinfo.png\",\"contentUrl\":\"https:\/\/vosgesinfo.fr\/app\/uploads\/sites\/5\/2023\/08\/favicon-remiremontinfo.png\",\"width\":512,\"height\":512,\"caption\":\"Remiremont Info\"},\"image\":{\"@id\":\"https:\/\/vosgesinfo.fr\/remiremontinfo\/#\/schema\/logo\/image\/\"},\"sameAs\":[\"https:\/\/www.facebook.com\/remiremontinfo\",\"https:\/\/x.com\/VosgesInfo88\",\"https:\/\/www.youtube.com\/@vosgesinfo\"]},{\"@type\":\"Person\",\"@id\":\"https:\/\/vosgesinfo.fr\/remiremontinfo\/#\/schema\/person\/27fd50bfa0474755c339da9cdfc89f3d\",\"name\":\"C.M\",\"image\":{\"@type\":\"ImageObject\",\"inLanguage\":\"fr-FR\",\"@id\":\"https:\/\/vosgesinfo.fr\/remiremontinfo\/#\/schema\/person\/image\/\",\"url\":\"https:\/\/secure.gravatar.com\/avatar\/aeefb88e08fc3e19fa733c61898f1bec4517042b8355098e757f11b4d3d4df70?s=96&d=mm&r=g\",\"contentUrl\":\"https:\/\/secure.gravatar.com\/avatar\/aeefb88e08fc3e19fa733c61898f1bec4517042b8355098e757f11b4d3d4df70?s=96&d=mm&r=g\",\"caption\":\"C.M\"},\"url\":\"https:\/\/vosgesinfo.fr\/remiremontinfo\/author\/cathy88200\/\"}]}<\/script>\n<!-- \/ Yoast SEO plugin. -->","yoast_head_json":{"title":"D\u00e9couverte de la chauve-souris au Thillot ce samedi 1er juillet - Remiremont Info","robots":{"index":"index","follow":"follow","max-snippet":"max-snippet:-1","max-image-preview":"max-image-preview:large","max-video-preview":"max-video-preview:-1"},"canonical":"https:\/\/vosgesinfo.fr\/remiremontinfo\/2023\/06\/decouverte-chauve-souris-thillot-samedi-1er-juillet\/","twitter_card":"summary_large_image","twitter_title":"D\u00e9couverte de la chauve-souris au Thillot ce samedi 1er juillet - Remiremont Info","twitter_description":"A l\u2019occasion de la 27\u00e8me Nuit Internationale de la Chauve-Souris, les Hautes-Mynes du Thillot vous proposent de partir sur les [&hellip;]","twitter_image":"https:\/\/vosgesinfo.fr\/app\/uploads\/sites\/5\/2024\/09\/202306353662533-224249910457632-4970188219324644045-n.jpg","twitter_creator":"@VosgesInfo88","twitter_site":"@VosgesInfo88","twitter_misc":{"\u00c9crit par":"C.M","Dur\u00e9e de lecture estim\u00e9e":"1 minute"},"schema":{"@context":"https:\/\/schema.org","@graph":[{"@type":"Article","@id":"https:\/\/vosgesinfo.fr\/remiremontinfo\/2023\/06\/decouverte-chauve-souris-thillot-samedi-1er-juillet\/#article","isPartOf":{"@id":"https:\/\/vosgesinfo.fr\/remiremontinfo\/2023\/06\/decouverte-chauve-souris-thillot-samedi-1er-juillet\/"},"author":{"name":"C.M","@id":"https:\/\/vosgesinfo.fr\/remiremontinfo\/#\/schema\/person\/27fd50bfa0474755c339da9cdfc89f3d"},"headline":"D\u00e9couverte de la chauve-souris au Thillot ce samedi 1er juillet","datePublished":"2023-06-28T19:04:43+00:00","dateModified":"2023-06-28T19:04:43+00:00","mainEntityOfPage":{"@id":"https:\/\/vosgesinfo.fr\/remiremontinfo\/2023\/06\/decouverte-chauve-souris-thillot-samedi-1er-juillet\/"},"wordCount":194,"commentCount":0,"publisher":{"@id":"https:\/\/vosgesinfo.fr\/remiremontinfo\/#organization"},"image":{"@id":"https:\/\/vosgesinfo.fr\/remiremontinfo\/2023\/06\/decouverte-chauve-souris-thillot-samedi-1er-juillet\/#primaryimage"},"thumbnailUrl":"https:\/\/vosgesinfo.fr\/app\/uploads\/sites\/5\/2024\/09\/202306353662533-224249910457632-4970188219324644045-n.jpg","keywords":["Hautes-Mynes","nuit chauve-souris"],"articleSection":["A la Une","Le Thillot","Le Thillot &amp; son canton"],"inLanguage":"fr-FR","potentialAction":[{"@type":"CommentAction","name":"Comment","target":["https:\/\/vosgesinfo.fr\/remiremontinfo\/2023\/06\/decouverte-chauve-souris-thillot-samedi-1er-juillet\/#respond"]}]},{"@type":"WebPage","@id":"https:\/\/vosgesinfo.fr\/remiremontinfo\/2023\/06\/decouverte-chauve-souris-thillot-samedi-1er-juillet\/","url":"https:\/\/vosgesinfo.fr\/remiremontinfo\/2023\/06\/decouverte-chauve-souris-thillot-samedi-1er-juillet\/","name":"D\u00e9couverte de la chauve-souris au Thillot ce samedi 1er juillet - Remiremont Info","isPartOf":{"@id":"https:\/\/vosgesinfo.fr\/remiremontinfo\/#website"},"primaryImageOfPage":{"@id":"https:\/\/vosgesinfo.fr\/remiremontinfo\/2023\/06\/decouverte-chauve-souris-thillot-samedi-1er-juillet\/#primaryimage"},"image":{"@id":"https:\/\/vosgesinfo.fr\/remiremontinfo\/2023\/06\/decouverte-chauve-souris-thillot-samedi-1er-juillet\/#primaryimage"},"thumbnailUrl":"https:\/\/vosgesinfo.fr\/app\/uploads\/sites\/5\/2024\/09\/202306353662533-224249910457632-4970188219324644045-n.jpg","datePublished":"2023-06-28T19:04:43+00:00","dateModified":"2023-06-28T19:04:43+00:00","breadcrumb":{"@id":"https:\/\/vosgesinfo.fr\/remiremontinfo\/2023\/06\/decouverte-chauve-souris-thillot-samedi-1er-juillet\/#breadcrumb"},"inLanguage":"fr-FR","potentialAction":[{"@type":"ReadAction","target":["https:\/\/vosgesinfo.fr\/remiremontinfo\/2023\/06\/decouverte-chauve-souris-thillot-samedi-1er-juillet\/"]}]},{"@type":"ImageObject","inLanguage":"fr-FR","@id":"https:\/\/vosgesinfo.fr\/remiremontinfo\/2023\/06\/decouverte-chauve-souris-thillot-samedi-1er-juillet\/#primaryimage","url":"https:\/\/vosgesinfo.fr\/app\/uploads\/sites\/5\/2024\/09\/202306353662533-224249910457632-4970188219324644045-n.jpg","contentUrl":"https:\/\/vosgesinfo.fr\/app\/uploads\/sites\/5\/2024\/09\/202306353662533-224249910457632-4970188219324644045-n.jpg","width":526,"height":274},{"@type":"BreadcrumbList","@id":"https:\/\/vosgesinfo.fr\/remiremontinfo\/2023\/06\/decouverte-chauve-souris-thillot-samedi-1er-juillet\/#breadcrumb","itemListElement":[{"@type":"ListItem","position":1,"name":"Home","item":"https:\/\/vosgesinfo.fr\/remiremontinfo\/"},{"@type":"ListItem","position":2,"name":"D\u00e9couverte de la chauve-souris au Thillot ce samedi 1er juillet"}]},{"@type":"WebSite","@id":"https:\/\/vosgesinfo.fr\/remiremontinfo\/#website","url":"https:\/\/vosgesinfo.fr\/remiremontinfo\/","name":"Remiremont Info","description":"Toute l&#039;actualit\u00e9 de Remiremont","publisher":{"@id":"https:\/\/vosgesinfo.fr\/remiremontinfo\/#organization"},"alternateName":"Toute l'actualit\u00e9 de Remiremont","potentialAction":[{"@type":"SearchAction","target":{"@type":"EntryPoint","urlTemplate":"https:\/\/vosgesinfo.fr\/remiremontinfo\/?s={search_term_string}"},"query-input":"required name=search_term_string"}],"inLanguage":"fr-FR"},{"@type":"Organization","@id":"https:\/\/vosgesinfo.fr\/remiremontinfo\/#organization","name":"Remiremont Info","url":"https:\/\/vosgesinfo.fr\/remiremontinfo\/","logo":{"@type":"ImageObject","inLanguage":"fr-FR","@id":"https:\/\/vosgesinfo.fr\/remiremontinfo\/#\/schema\/logo\/image\/","url":"https:\/\/vosgesinfo.fr\/app\/uploads\/sites\/5\/2023\/08\/favicon-remiremontinfo.png","contentUrl":"https:\/\/vosgesinfo.fr\/app\/uploads\/sites\/5\/2023\/08\/favicon-remiremontinfo.png","width":512,"height":512,"caption":"Remiremont Info"},"image":{"@id":"https:\/\/vosgesinfo.fr\/remiremontinfo\/#\/schema\/logo\/image\/"},"sameAs":["https:\/\/www.facebook.com\/remiremontinfo","https:\/\/x.com\/VosgesInfo88","https:\/\/www.youtube.com\/@vosgesinfo"]},{"@type":"Person","@id":"https:\/\/vosgesinfo.fr\/remiremontinfo\/#\/schema\/person\/27fd50bfa0474755c339da9cdfc89f3d","name":"C.M","image":{"@type":"ImageObject","inLanguage":"fr-FR","@id":"https:\/\/vosgesinfo.fr\/remiremontinfo\/#\/schema\/person\/image\/","url":"https:\/\/secure.gravatar.com\/avatar\/aeefb88e08fc3e19fa733c61898f1bec4517042b8355098e757f11b4d3d4df70?s=96&d=mm&r=g","contentUrl":"https:\/\/secure.gravatar.com\/avatar\/aeefb88e08fc3e19fa733c61898f1bec4517042b8355098e757f11b4d3d4df70?s=96&d=mm&r=g","caption":"C.M"},"url":"https:\/\/vosgesinfo.fr\/remiremontinfo\/author\/cathy88200\/"}]}},"_links":{"self":[{"href":"https:\/\/vosgesinfo.fr\/remiremontinfo\/wp-json\/wp\/v2\/posts\/72642","targetHints":{"allow":["GET"]}}],"collection":[{"href":"https:\/\/vosgesinfo.fr\/remiremontinfo\/wp-json\/wp\/v2\/posts"}],"about":[{"href":"https:\/\/vosgesinfo.fr\/remiremontinfo\/wp-json\/wp\/v2\/types\/post"}],"author":[{"embeddable":true,"href":"https:\/\/vosgesinfo.fr\/remiremontinfo\/wp-json\/wp\/v2\/users\/411"}],"replies":[{"embeddable":true,"href":"https:\/\/vosgesinfo.fr\/remiremontinfo\/wp-json\/wp\/v2\/comments?post=72642"}],"version-history":[{"count":0,"href":"https:\/\/vosgesinfo.fr\/remiremontinfo\/wp-json\/wp\/v2\/posts\/72642\/revisions"}],"wp:featuredmedia":[{"embeddable":true,"href":"https:\/\/vosgesinfo.fr\/remiremontinfo\/wp-json\/wp\/v2\/media\/72643"}],"wp:attachment":[{"href":"https:\/\/vosgesinfo.fr\/remiremontinfo\/wp-json\/wp\/v2\/media?parent=72642"}],"wp:term":[{"taxonomy":"category","embeddable":true,"href":"https:\/\/vosgesinfo.fr\/remiremontinfo\/wp-json\/wp\/v2\/categories?post=72642"},{"taxonomy":"post_tag","embeddable":true,"href":"https:\/\/vosgesinfo.fr\/remiremontinfo\/wp-json\/wp\/v2\/tags?post=72642"}],"curies":[{"name":"wp","href":"https:\/\/api.w.org\/{rel}","templated":true}]}}