{"id":72645,"date":"2023-06-29T07:52:55","date_gmt":"2023-06-29T05:52:55","guid":{"rendered":"https:\/\/vosgesinfo.fr\/remiremontinfo\/2023\/06\/festival-1rdt-air-dete-debute-samedi\/"},"modified":"2023-06-29T07:52:55","modified_gmt":"2023-06-29T05:52:55","slug":"festival-1rdt-air-dete-debute-samedi","status":"publish","type":"post","link":"https:\/\/vosgesinfo.fr\/remiremontinfo\/2023\/06\/festival-1rdt-air-dete-debute-samedi\/","title":{"rendered":"Festival 1Rd&rsquo;T (Un Air d&rsquo;\u00e9t\u00e9) d\u00e9bute ce samedi"},"content":{"rendered":"<p><a href=\"\/2023\/06\/Screenshot-2023-06-29-at-08-48-47-rdt2.pdf.png\"><img decoding=\"async\" class=\"size-full wp-image-373277 aligncenter\" src=\"\/2023\/06\/Screenshot-2023-06-29-at-08-48-47-rdt2.pdf.png\" alt=\"Une Rd'T\" width=\"615\" height=\"873\" \/><\/a><\/p>\n<p>Le Festival 1 RD&rsquo;T ( Un air d&rsquo;\u00e9t\u00e9) d\u00e9bute ce week-end et se prolongera jusqu&rsquo;au 2 septembre. Un programme \u00e9clectique et tr\u00e8s diversifi\u00e9 men\u00e9 par les associations et la mairie, qui emportera le public dans divers pays, tant en Irlande, dans les Balkans ou en Asie \u00e0 l&rsquo;occasion de concerts, avec une particularit\u00e9 non-n\u00e9gligeable, ces soir\u00e9es musicales seront gratuites (hormis le concert La L\u00e9gende de Johnny, organis\u00e9 par l&rsquo;association des commer\u00e7ants La Volont&rsquo;R le 19 ao\u00fbt avec Le Cadillac Band ).<\/p>\n<p>\u00ab\u00a0<em>On ne pourra pas dire qu&rsquo;il ne se passe rien \u00e0 Remiremont cet \u00e9t\u00e9. Toutes les semaines, tous les week-ends, il y aura une manifestation<\/em>.\u00a0\u00bb lance Jean-Beno\u00eet Tisserand, qui souligne au passage les 200 animations qui se tiennent dans la commune sur une ann\u00e9e.<\/p>\n<p><a href=\"\/2023\/06\/DSC_0959.jpg\"><img decoding=\"async\" class=\"alignright wp-image-373230 size-medium\" src=\"\/2023\/06\/DSC_0959-384x255.jpg\" alt=\"DSC_0959\" width=\"384\" height=\"255\" \/><\/a><\/p>\n<p>&nbsp;<\/p>\n<p>C&rsquo;est ainsi que pendant tout l&rsquo;\u00e9t\u00e9, diff\u00e9rents endroits de la ville seront \u00ab\u00a0privatis\u00e9s\u00a0\u00bb ou interdits \u00e0 la circulation, afin d&rsquo;assurer la s\u00e9curit\u00e9 du public. Place de Lattre de Tassigny, Parc Zeller, Place Christian Poncelet ( parvis de la Mairie), Rue Charles de Gaulle (fontaine des Capucins), les animations se d\u00e9rouleront dans diff\u00e9rents lieux, afin de ne privil\u00e9gier aucun site.<\/p>\n<p>Retour \u00e9galement cet \u00e9t\u00e9 de la Journ\u00e9e des marquises, le samedi 26 ao\u00fbt, avec March\u00e9 v\u00e9nitien et soir\u00e9e musicale, ainsi que pique-nique chic au parc Zeller.<\/p>\n<p>Et pour en pas \u00eatre en reste c\u00f4t\u00e9 sportif, une belle manifestation sportive de cyclotourisme \u00ab\u00a0Cyclo montagnarde\u00a0\u00bb des Vosges du Sud r\u00e9unira quelques 300 cyclistes venus de toute la France, afin de tutoyer les sommets. Car il n&rsquo;est pas forc\u00e9ment n\u00e9cessaire \u00ab\u00a0<em>d&rsquo;aller dans le Vercors pour avoir de beaux cols<\/em>\u00a0\u00bb soulignera le pr\u00e9sidant du comit\u00e9 d\u00e9partemental.<\/p>\n<p>On l&rsquo;a compris, cet \u00e9t\u00e9 sera rythm\u00e9, color\u00e9, m\u00e9lodieux et sportif \u00e0 Remiremont.<\/p>\n\n\n\n","protected":false},"excerpt":{"rendered":"<p>Le Festival 1 RD&rsquo;T ( Un air d&rsquo;\u00e9t\u00e9) d\u00e9bute ce week-end et se prolongera jusqu&rsquo;au 2 septembre. Un programme \u00e9clectique [&hellip;]<\/p>\n","protected":false},"author":411,"featured_media":72646,"comment_status":"open","ping_status":"open","sticky":false,"template":"","format":"standard","meta":{"footnotes":""},"categories":[26,64,1556,35],"tags":[5999],"class_list":["post-72645","post","type-post","status-publish","format-standard","has-post-thumbnail","hentry","category-a-la-une","category-evenements","category-remiremont-remiremont-son-canton-2","category-remiremont-son-canton","tag-manifestations-estivales"],"acf":[],"yoast_head":"<!-- This site is optimized with the Yoast SEO plugin v22.5 - https:\/\/yoast.com\/wordpress\/plugins\/seo\/ -->\n<title>Festival 1Rd&#039;T (Un Air d&#039;\u00e9t\u00e9) d\u00e9bute ce samedi - Remiremont Info<\/title>\n<meta name=\"robots\" content=\"index, follow, max-snippet:-1, max-image-preview:large, max-video-preview:-1\" \/>\n<link rel=\"canonical\" href=\"https:\/\/vosgesinfo.fr\/remiremontinfo\/2023\/06\/festival-1rdt-air-dete-debute-samedi\/\" \/>\n<meta name=\"twitter:card\" content=\"summary_large_image\" \/>\n<meta name=\"twitter:title\" content=\"Festival 1Rd&#039;T (Un Air d&#039;\u00e9t\u00e9) d\u00e9bute ce samedi - Remiremont Info\" \/>\n<meta name=\"twitter:description\" content=\"Le Festival 1 RD&rsquo;T ( Un air d&rsquo;\u00e9t\u00e9) d\u00e9bute ce week-end et se prolongera jusqu&rsquo;au 2 septembre. Un programme \u00e9clectique [&hellip;]\" \/>\n<meta name=\"twitter:image\" content=\"https:\/\/vosgesinfo.fr\/app\/uploads\/sites\/5\/2024\/09\/202306screenshot-2023-06-29-at-08-48-47-rdt2.pdf.png\" \/>\n<meta name=\"twitter:creator\" content=\"@VosgesInfo88\" \/>\n<meta name=\"twitter:site\" content=\"@VosgesInfo88\" \/>\n<meta name=\"twitter:label1\" content=\"\u00c9crit par\" \/>\n\t<meta name=\"twitter:data1\" content=\"C.M\" \/>\n\t<meta name=\"twitter:label2\" content=\"Dur\u00e9e de lecture estim\u00e9e\" \/>\n\t<meta name=\"twitter:data2\" content=\"2 minutes\" \/>\n<script type=\"application\/ld+json\" class=\"yoast-schema-graph\">{\"@context\":\"https:\/\/schema.org\",\"@graph\":[{\"@type\":\"Article\",\"@id\":\"https:\/\/vosgesinfo.fr\/remiremontinfo\/2023\/06\/festival-1rdt-air-dete-debute-samedi\/#article\",\"isPartOf\":{\"@id\":\"https:\/\/vosgesinfo.fr\/remiremontinfo\/2023\/06\/festival-1rdt-air-dete-debute-samedi\/\"},\"author\":{\"name\":\"C.M\",\"@id\":\"https:\/\/vosgesinfo.fr\/remiremontinfo\/#\/schema\/person\/27fd50bfa0474755c339da9cdfc89f3d\"},\"headline\":\"Festival 1Rd&rsquo;T (Un Air d&rsquo;\u00e9t\u00e9) d\u00e9bute ce samedi\",\"datePublished\":\"2023-06-29T05:52:55+00:00\",\"dateModified\":\"2023-06-29T05:52:55+00:00\",\"mainEntityOfPage\":{\"@id\":\"https:\/\/vosgesinfo.fr\/remiremontinfo\/2023\/06\/festival-1rdt-air-dete-debute-samedi\/\"},\"wordCount\":335,\"commentCount\":0,\"publisher\":{\"@id\":\"https:\/\/vosgesinfo.fr\/remiremontinfo\/#organization\"},\"image\":{\"@id\":\"https:\/\/vosgesinfo.fr\/remiremontinfo\/2023\/06\/festival-1rdt-air-dete-debute-samedi\/#primaryimage\"},\"thumbnailUrl\":\"https:\/\/vosgesinfo.fr\/app\/uploads\/sites\/5\/2024\/09\/202306screenshot-2023-06-29-at-08-48-47-rdt2.pdf.png\",\"keywords\":[\"manifestations estivales\"],\"articleSection\":[\"A la Une\",\"Ev\u00e8nements\",\"Remiremont\",\"Remiremont &amp; son canton\"],\"inLanguage\":\"fr-FR\",\"potentialAction\":[{\"@type\":\"CommentAction\",\"name\":\"Comment\",\"target\":[\"https:\/\/vosgesinfo.fr\/remiremontinfo\/2023\/06\/festival-1rdt-air-dete-debute-samedi\/#respond\"]}]},{\"@type\":\"WebPage\",\"@id\":\"https:\/\/vosgesinfo.fr\/remiremontinfo\/2023\/06\/festival-1rdt-air-dete-debute-samedi\/\",\"url\":\"https:\/\/vosgesinfo.fr\/remiremontinfo\/2023\/06\/festival-1rdt-air-dete-debute-samedi\/\",\"name\":\"Festival 1Rd'T (Un Air d'\u00e9t\u00e9) d\u00e9bute ce samedi - Remiremont Info\",\"isPartOf\":{\"@id\":\"https:\/\/vosgesinfo.fr\/remiremontinfo\/#website\"},\"primaryImageOfPage\":{\"@id\":\"https:\/\/vosgesinfo.fr\/remiremontinfo\/2023\/06\/festival-1rdt-air-dete-debute-samedi\/#primaryimage\"},\"image\":{\"@id\":\"https:\/\/vosgesinfo.fr\/remiremontinfo\/2023\/06\/festival-1rdt-air-dete-debute-samedi\/#primaryimage\"},\"thumbnailUrl\":\"https:\/\/vosgesinfo.fr\/app\/uploads\/sites\/5\/2024\/09\/202306screenshot-2023-06-29-at-08-48-47-rdt2.pdf.png\",\"datePublished\":\"2023-06-29T05:52:55+00:00\",\"dateModified\":\"2023-06-29T05:52:55+00:00\",\"breadcrumb\":{\"@id\":\"https:\/\/vosgesinfo.fr\/remiremontinfo\/2023\/06\/festival-1rdt-air-dete-debute-samedi\/#breadcrumb\"},\"inLanguage\":\"fr-FR\",\"potentialAction\":[{\"@type\":\"ReadAction\",\"target\":[\"https:\/\/vosgesinfo.fr\/remiremontinfo\/2023\/06\/festival-1rdt-air-dete-debute-samedi\/\"]}]},{\"@type\":\"ImageObject\",\"inLanguage\":\"fr-FR\",\"@id\":\"https:\/\/vosgesinfo.fr\/remiremontinfo\/2023\/06\/festival-1rdt-air-dete-debute-samedi\/#primaryimage\",\"url\":\"https:\/\/vosgesinfo.fr\/app\/uploads\/sites\/5\/2024\/09\/202306screenshot-2023-06-29-at-08-48-47-rdt2.pdf.png\",\"contentUrl\":\"https:\/\/vosgesinfo.fr\/app\/uploads\/sites\/5\/2024\/09\/202306screenshot-2023-06-29-at-08-48-47-rdt2.pdf.png\",\"width\":615,\"height\":873},{\"@type\":\"BreadcrumbList\",\"@id\":\"https:\/\/vosgesinfo.fr\/remiremontinfo\/2023\/06\/festival-1rdt-air-dete-debute-samedi\/#breadcrumb\",\"itemListElement\":[{\"@type\":\"ListItem\",\"position\":1,\"name\":\"Home\",\"item\":\"https:\/\/vosgesinfo.fr\/remiremontinfo\/\"},{\"@type\":\"ListItem\",\"position\":2,\"name\":\"Festival 1Rd&rsquo;T (Un Air d&rsquo;\u00e9t\u00e9) d\u00e9bute ce samedi\"}]},{\"@type\":\"WebSite\",\"@id\":\"https:\/\/vosgesinfo.fr\/remiremontinfo\/#website\",\"url\":\"https:\/\/vosgesinfo.fr\/remiremontinfo\/\",\"name\":\"Remiremont Info\",\"description\":\"Toute l&#039;actualit\u00e9 de Remiremont\",\"publisher\":{\"@id\":\"https:\/\/vosgesinfo.fr\/remiremontinfo\/#organization\"},\"alternateName\":\"Toute l'actualit\u00e9 de Remiremont\",\"potentialAction\":[{\"@type\":\"SearchAction\",\"target\":{\"@type\":\"EntryPoint\",\"urlTemplate\":\"https:\/\/vosgesinfo.fr\/remiremontinfo\/?s={search_term_string}\"},\"query-input\":\"required name=search_term_string\"}],\"inLanguage\":\"fr-FR\"},{\"@type\":\"Organization\",\"@id\":\"https:\/\/vosgesinfo.fr\/remiremontinfo\/#organization\",\"name\":\"Remiremont Info\",\"url\":\"https:\/\/vosgesinfo.fr\/remiremontinfo\/\",\"logo\":{\"@type\":\"ImageObject\",\"inLanguage\":\"fr-FR\",\"@id\":\"https:\/\/vosgesinfo.fr\/remiremontinfo\/#\/schema\/logo\/image\/\",\"url\":\"https:\/\/vosgesinfo.fr\/app\/uploads\/sites\/5\/2023\/08\/favicon-remiremontinfo.png\",\"contentUrl\":\"https:\/\/vosgesinfo.fr\/app\/uploads\/sites\/5\/2023\/08\/favicon-remiremontinfo.png\",\"width\":512,\"height\":512,\"caption\":\"Remiremont Info\"},\"image\":{\"@id\":\"https:\/\/vosgesinfo.fr\/remiremontinfo\/#\/schema\/logo\/image\/\"},\"sameAs\":[\"https:\/\/www.facebook.com\/remiremontinfo\",\"https:\/\/x.com\/VosgesInfo88\",\"https:\/\/www.youtube.com\/@vosgesinfo\"]},{\"@type\":\"Person\",\"@id\":\"https:\/\/vosgesinfo.fr\/remiremontinfo\/#\/schema\/person\/27fd50bfa0474755c339da9cdfc89f3d\",\"name\":\"C.M\",\"image\":{\"@type\":\"ImageObject\",\"inLanguage\":\"fr-FR\",\"@id\":\"https:\/\/vosgesinfo.fr\/remiremontinfo\/#\/schema\/person\/image\/\",\"url\":\"https:\/\/secure.gravatar.com\/avatar\/aeefb88e08fc3e19fa733c61898f1bec4517042b8355098e757f11b4d3d4df70?s=96&d=mm&r=g\",\"contentUrl\":\"https:\/\/secure.gravatar.com\/avatar\/aeefb88e08fc3e19fa733c61898f1bec4517042b8355098e757f11b4d3d4df70?s=96&d=mm&r=g\",\"caption\":\"C.M\"},\"url\":\"https:\/\/vosgesinfo.fr\/remiremontinfo\/author\/cathy88200\/\"}]}<\/script>\n<!-- \/ Yoast SEO plugin. -->","yoast_head_json":{"title":"Festival 1Rd'T (Un Air d'\u00e9t\u00e9) d\u00e9bute ce samedi - Remiremont Info","robots":{"index":"index","follow":"follow","max-snippet":"max-snippet:-1","max-image-preview":"max-image-preview:large","max-video-preview":"max-video-preview:-1"},"canonical":"https:\/\/vosgesinfo.fr\/remiremontinfo\/2023\/06\/festival-1rdt-air-dete-debute-samedi\/","twitter_card":"summary_large_image","twitter_title":"Festival 1Rd'T (Un Air d'\u00e9t\u00e9) d\u00e9bute ce samedi - Remiremont Info","twitter_description":"Le Festival 1 RD&rsquo;T ( Un air d&rsquo;\u00e9t\u00e9) d\u00e9bute ce week-end et se prolongera jusqu&rsquo;au 2 septembre. Un programme \u00e9clectique [&hellip;]","twitter_image":"https:\/\/vosgesinfo.fr\/app\/uploads\/sites\/5\/2024\/09\/202306screenshot-2023-06-29-at-08-48-47-rdt2.pdf.png","twitter_creator":"@VosgesInfo88","twitter_site":"@VosgesInfo88","twitter_misc":{"\u00c9crit par":"C.M","Dur\u00e9e de lecture estim\u00e9e":"2 minutes"},"schema":{"@context":"https:\/\/schema.org","@graph":[{"@type":"Article","@id":"https:\/\/vosgesinfo.fr\/remiremontinfo\/2023\/06\/festival-1rdt-air-dete-debute-samedi\/#article","isPartOf":{"@id":"https:\/\/vosgesinfo.fr\/remiremontinfo\/2023\/06\/festival-1rdt-air-dete-debute-samedi\/"},"author":{"name":"C.M","@id":"https:\/\/vosgesinfo.fr\/remiremontinfo\/#\/schema\/person\/27fd50bfa0474755c339da9cdfc89f3d"},"headline":"Festival 1Rd&rsquo;T (Un Air d&rsquo;\u00e9t\u00e9) d\u00e9bute ce samedi","datePublished":"2023-06-29T05:52:55+00:00","dateModified":"2023-06-29T05:52:55+00:00","mainEntityOfPage":{"@id":"https:\/\/vosgesinfo.fr\/remiremontinfo\/2023\/06\/festival-1rdt-air-dete-debute-samedi\/"},"wordCount":335,"commentCount":0,"publisher":{"@id":"https:\/\/vosgesinfo.fr\/remiremontinfo\/#organization"},"image":{"@id":"https:\/\/vosgesinfo.fr\/remiremontinfo\/2023\/06\/festival-1rdt-air-dete-debute-samedi\/#primaryimage"},"thumbnailUrl":"https:\/\/vosgesinfo.fr\/app\/uploads\/sites\/5\/2024\/09\/202306screenshot-2023-06-29-at-08-48-47-rdt2.pdf.png","keywords":["manifestations estivales"],"articleSection":["A la Une","Ev\u00e8nements","Remiremont","Remiremont &amp; son canton"],"inLanguage":"fr-FR","potentialAction":[{"@type":"CommentAction","name":"Comment","target":["https:\/\/vosgesinfo.fr\/remiremontinfo\/2023\/06\/festival-1rdt-air-dete-debute-samedi\/#respond"]}]},{"@type":"WebPage","@id":"https:\/\/vosgesinfo.fr\/remiremontinfo\/2023\/06\/festival-1rdt-air-dete-debute-samedi\/","url":"https:\/\/vosgesinfo.fr\/remiremontinfo\/2023\/06\/festival-1rdt-air-dete-debute-samedi\/","name":"Festival 1Rd'T (Un Air d'\u00e9t\u00e9) d\u00e9bute ce samedi - Remiremont Info","isPartOf":{"@id":"https:\/\/vosgesinfo.fr\/remiremontinfo\/#website"},"primaryImageOfPage":{"@id":"https:\/\/vosgesinfo.fr\/remiremontinfo\/2023\/06\/festival-1rdt-air-dete-debute-samedi\/#primaryimage"},"image":{"@id":"https:\/\/vosgesinfo.fr\/remiremontinfo\/2023\/06\/festival-1rdt-air-dete-debute-samedi\/#primaryimage"},"thumbnailUrl":"https:\/\/vosgesinfo.fr\/app\/uploads\/sites\/5\/2024\/09\/202306screenshot-2023-06-29-at-08-48-47-rdt2.pdf.png","datePublished":"2023-06-29T05:52:55+00:00","dateModified":"2023-06-29T05:52:55+00:00","breadcrumb":{"@id":"https:\/\/vosgesinfo.fr\/remiremontinfo\/2023\/06\/festival-1rdt-air-dete-debute-samedi\/#breadcrumb"},"inLanguage":"fr-FR","potentialAction":[{"@type":"ReadAction","target":["https:\/\/vosgesinfo.fr\/remiremontinfo\/2023\/06\/festival-1rdt-air-dete-debute-samedi\/"]}]},{"@type":"ImageObject","inLanguage":"fr-FR","@id":"https:\/\/vosgesinfo.fr\/remiremontinfo\/2023\/06\/festival-1rdt-air-dete-debute-samedi\/#primaryimage","url":"https:\/\/vosgesinfo.fr\/app\/uploads\/sites\/5\/2024\/09\/202306screenshot-2023-06-29-at-08-48-47-rdt2.pdf.png","contentUrl":"https:\/\/vosgesinfo.fr\/app\/uploads\/sites\/5\/2024\/09\/202306screenshot-2023-06-29-at-08-48-47-rdt2.pdf.png","width":615,"height":873},{"@type":"BreadcrumbList","@id":"https:\/\/vosgesinfo.fr\/remiremontinfo\/2023\/06\/festival-1rdt-air-dete-debute-samedi\/#breadcrumb","itemListElement":[{"@type":"ListItem","position":1,"name":"Home","item":"https:\/\/vosgesinfo.fr\/remiremontinfo\/"},{"@type":"ListItem","position":2,"name":"Festival 1Rd&rsquo;T (Un Air d&rsquo;\u00e9t\u00e9) d\u00e9bute ce samedi"}]},{"@type":"WebSite","@id":"https:\/\/vosgesinfo.fr\/remiremontinfo\/#website","url":"https:\/\/vosgesinfo.fr\/remiremontinfo\/","name":"Remiremont Info","description":"Toute l&#039;actualit\u00e9 de Remiremont","publisher":{"@id":"https:\/\/vosgesinfo.fr\/remiremontinfo\/#organization"},"alternateName":"Toute l'actualit\u00e9 de Remiremont","potentialAction":[{"@type":"SearchAction","target":{"@type":"EntryPoint","urlTemplate":"https:\/\/vosgesinfo.fr\/remiremontinfo\/?s={search_term_string}"},"query-input":"required name=search_term_string"}],"inLanguage":"fr-FR"},{"@type":"Organization","@id":"https:\/\/vosgesinfo.fr\/remiremontinfo\/#organization","name":"Remiremont Info","url":"https:\/\/vosgesinfo.fr\/remiremontinfo\/","logo":{"@type":"ImageObject","inLanguage":"fr-FR","@id":"https:\/\/vosgesinfo.fr\/remiremontinfo\/#\/schema\/logo\/image\/","url":"https:\/\/vosgesinfo.fr\/app\/uploads\/sites\/5\/2023\/08\/favicon-remiremontinfo.png","contentUrl":"https:\/\/vosgesinfo.fr\/app\/uploads\/sites\/5\/2023\/08\/favicon-remiremontinfo.png","width":512,"height":512,"caption":"Remiremont Info"},"image":{"@id":"https:\/\/vosgesinfo.fr\/remiremontinfo\/#\/schema\/logo\/image\/"},"sameAs":["https:\/\/www.facebook.com\/remiremontinfo","https:\/\/x.com\/VosgesInfo88","https:\/\/www.youtube.com\/@vosgesinfo"]},{"@type":"Person","@id":"https:\/\/vosgesinfo.fr\/remiremontinfo\/#\/schema\/person\/27fd50bfa0474755c339da9cdfc89f3d","name":"C.M","image":{"@type":"ImageObject","inLanguage":"fr-FR","@id":"https:\/\/vosgesinfo.fr\/remiremontinfo\/#\/schema\/person\/image\/","url":"https:\/\/secure.gravatar.com\/avatar\/aeefb88e08fc3e19fa733c61898f1bec4517042b8355098e757f11b4d3d4df70?s=96&d=mm&r=g","contentUrl":"https:\/\/secure.gravatar.com\/avatar\/aeefb88e08fc3e19fa733c61898f1bec4517042b8355098e757f11b4d3d4df70?s=96&d=mm&r=g","caption":"C.M"},"url":"https:\/\/vosgesinfo.fr\/remiremontinfo\/author\/cathy88200\/"}]}},"_links":{"self":[{"href":"https:\/\/vosgesinfo.fr\/remiremontinfo\/wp-json\/wp\/v2\/posts\/72645","targetHints":{"allow":["GET"]}}],"collection":[{"href":"https:\/\/vosgesinfo.fr\/remiremontinfo\/wp-json\/wp\/v2\/posts"}],"about":[{"href":"https:\/\/vosgesinfo.fr\/remiremontinfo\/wp-json\/wp\/v2\/types\/post"}],"author":[{"embeddable":true,"href":"https:\/\/vosgesinfo.fr\/remiremontinfo\/wp-json\/wp\/v2\/users\/411"}],"replies":[{"embeddable":true,"href":"https:\/\/vosgesinfo.fr\/remiremontinfo\/wp-json\/wp\/v2\/comments?post=72645"}],"version-history":[{"count":0,"href":"https:\/\/vosgesinfo.fr\/remiremontinfo\/wp-json\/wp\/v2\/posts\/72645\/revisions"}],"wp:featuredmedia":[{"embeddable":true,"href":"https:\/\/vosgesinfo.fr\/remiremontinfo\/wp-json\/wp\/v2\/media\/72646"}],"wp:attachment":[{"href":"https:\/\/vosgesinfo.fr\/remiremontinfo\/wp-json\/wp\/v2\/media?parent=72645"}],"wp:term":[{"taxonomy":"category","embeddable":true,"href":"https:\/\/vosgesinfo.fr\/remiremontinfo\/wp-json\/wp\/v2\/categories?post=72645"},{"taxonomy":"post_tag","embeddable":true,"href":"https:\/\/vosgesinfo.fr\/remiremontinfo\/wp-json\/wp\/v2\/tags?post=72645"}],"curies":[{"name":"wp","href":"https:\/\/api.w.org\/{rel}","templated":true}]}}