{"id":72810,"date":"2023-07-03T16:55:19","date_gmt":"2023-07-03T14:55:19","guid":{"rendered":"https:\/\/vosgesinfo.fr\/remiremontinfo\/2023\/07\/mobilisation-civique-egalement-a-saint-nabord-saint-etienne\/"},"modified":"2023-07-03T16:55:19","modified_gmt":"2023-07-03T14:55:19","slug":"mobilisation-civique-egalement-a-saint-nabord-saint-etienne","status":"publish","type":"post","link":"https:\/\/vosgesinfo.fr\/remiremontinfo\/2023\/07\/mobilisation-civique-egalement-a-saint-nabord-saint-etienne\/","title":{"rendered":"Mobilisation civique \u00e9galement \u00e0 Saint-Nabord, Saint-Etienne"},"content":{"rendered":"<p>Mobilisation civique \u00e0 Saint-Etienne-les-Remiremont et Saint-Nabord<\/p>\n<div id=\"attachment_373611\" style=\"width: 610px\" class=\"wp-caption aligncenter\"><a href=\"\/2023\/07\/mobilisation-civique-030723-st-etienne-les-rt.jpg\"><img decoding=\"async\" aria-describedby=\"caption-attachment-373611\" class=\"wp-image-373611 size-full\" src=\"\/2023\/07\/mobilisation-civique-030723-st-etienne-les-rt.jpg\" alt=\"Suite \u00e0 l\u2019appel de l\u2019Association des Maires de France pour une mobilisation civique contre les violences que connait actuellement notre pays, M. le Maire, Michel Demange a tenu \u00e0 lire le communiqu\u00e9 sur le parvis de l\u2019H\u00f4tel de Ville entour\u00e9 d\u2019adjoint, conseillers et habitants venu le soutenir.   (Photo mairie)\" width=\"600\" height=\"800\" \/><\/a><p id=\"caption-attachment-373611\" class=\"wp-caption-text\">Suite \u00e0 l\u2019appel de l\u2019Association des Maires de France pour une mobilisation civique contre les violences que connait actuellement notre pays, M. le Maire, Michel Demange a tenu \u00e0 lire le communiqu\u00e9 sur le parvis de l\u2019H\u00f4tel de Ville entour\u00e9 d\u2019adjoint, conseillers et habitants venu le soutenir. (Photo mairie)<\/p><\/div>\n<p>&nbsp;<\/p>\n<div id=\"attachment_373610\" style=\"width: 530px\" class=\"wp-caption aligncenter\"><a href=\"\/2023\/07\/saint-nabord-appel-des-maires-de-France-e1688403144741.jpg\"><img decoding=\"async\" aria-describedby=\"caption-attachment-373610\" class=\"wp-image-373610 size-full\" src=\"\/2023\/07\/saint-nabord-appel-des-maires-de-France-e1688403144741.jpg\" alt=\"(Photo Mairie Saint-Nabord)\" width=\"520\" height=\"644\" \/><\/a><p id=\"caption-attachment-373610\" class=\"wp-caption-text\">(Photo Mairie Saint-Nabord)<\/p><\/div>\n<p>&nbsp;<\/p>\n<div class=\"xdj266r x11i5rnm xat24cr x1mh8g0r x1vvkbs x126k92a\">\n<div dir=\"auto\">APPEL DES MAIRES DE FRANCE<\/div>\n<\/div>\n<div class=\"x11i5rnm xat24cr x1mh8g0r x1vvkbs xtlvy1s x126k92a\">\n<div dir=\"auto\">\u00ab<em> Nous refusons que notre pays continue de sombrer dans le chaos.<\/em><\/div>\n<div dir=\"auto\"><\/div>\n<\/div>\n<div class=\"x11i5rnm xat24cr x1mh8g0r x1vvkbs xtlvy1s x126k92a\">\n<div dir=\"auto\"><em>Nous refusons de regarder passivement les mairies br\u00fbler, les magasins pill\u00e9s, des domiciles de maires attaqu\u00e9s, tous les Fran\u00e7ais victimes d\u2019actes injustifiables de d\u00e9gradations et de violences.<\/em><\/div>\n<\/div>\n<div class=\"x11i5rnm xat24cr x1mh8g0r x1vvkbs xtlvy1s x126k92a\">\n<div dir=\"auto\"><em>Malheureusement, cette situation ne nous surprend pas et les maires de France alertent depuis des ann\u00e9es sur la d\u00e9gradation de notre soci\u00e9t\u00e9. Il faudra en tirer le moment venu toutes les conclusions en termes de politiques publiques nationales.<\/em><\/div>\n<div dir=\"auto\"><\/div>\n<\/div>\n<div class=\"x11i5rnm xat24cr x1mh8g0r x1vvkbs xtlvy1s x126k92a\">\n<div dir=\"auto\"><em>En attendant, nous enjoignons l\u2019Etat, qui a la responsabilit\u00e9 du maintien de l\u2019ordre et dont la vocation est de prot\u00e9ger la soci\u00e9t\u00e9, de r\u00e9tablir la s\u00e9curit\u00e9 par tous les moyens op\u00e9rationnels et en droit dont il dispose.<\/em><\/div>\n<\/div>\n<div class=\"x11i5rnm xat24cr x1mh8g0r x1vvkbs xtlvy1s x126k92a\">\n<div dir=\"auto\"><em>La mort d\u2019un jeune homme tu\u00e9 \u00e0 Nanterre mardi dernier a soulev\u00e9 une grande \u00e9motion. La justice s\u2019est saisie le jour m\u00eame de l\u2019affaire et a ouvert une enqu\u00eate.<\/em><\/div>\n<div dir=\"auto\"><\/div>\n<\/div>\n<div class=\"x11i5rnm xat24cr x1mh8g0r x1vvkbs xtlvy1s x126k92a\">\n<div dir=\"auto\"><em>Depuis cette date, partout sur le territoire national, nous faisons face \u00e0 un cycle inou\u00ef de violences, que rien ne peut justifier et qui trahit cette l\u00e9gitime \u00e9motion en la transformant en une d\u00e9linquance de droit commun.<\/em><\/div>\n<div dir=\"auto\"><\/div>\n<\/div>\n<div class=\"x11i5rnm xat24cr x1mh8g0r x1vvkbs xtlvy1s x126k92a\">\n<div dir=\"auto\"><em>Malgr\u00e9 l\u2019intervention des forces de l\u2019ordre et des pompiers, des familles sont mises en danger et doivent \u00eatre \u00e9vacu\u00e9es. Leurs biens personnels sont d\u00e9truits. Des commerces et des entreprises voient leurs locaux pill\u00e9s et incendi\u00e9s. Des maires sont menac\u00e9s, injuri\u00e9s ou frapp\u00e9s. Les b\u00e2timents communaux sont saccag\u00e9s.<\/em><\/div>\n<\/div>\n<div class=\"x11i5rnm xat24cr x1mh8g0r x1vvkbs xtlvy1s x126k92a\">\n<div dir=\"auto\"><em>Ces actes de violence d\u2019une minorit\u00e9 sont inacceptables et p\u00e9nalisent en premier lieu l\u2019ensemble des habitants.<\/em><\/div>\n<\/div>\n<div class=\"x11i5rnm xat24cr x1mh8g0r x1vvkbs xtlvy1s x126k92a\">\n<div dir=\"auto\"><em>Par la d\u00e9gradation des b\u00e2timents publics, ils emp\u00eachent les services publics de fonctionner au service de la population.<\/em><\/div>\n<div dir=\"auto\">\n<div class=\"x11i5rnm xat24cr x1mh8g0r x1vvkbs xtlvy1s x126k92a\">\n<div dir=\"auto\"><em>Par les destructions d\u2019\u00e9coles et de biblioth\u00e8que, ils sabordent les outils d\u2019acc\u00e8s \u00e0 la connaissance, \u00e0 l\u2019\u00e9ducation et \u00e0 la culture, donc \u00e0 l\u2019\u00e9galit\u00e9 des chances.<\/em><\/div>\n<\/div>\n<div class=\"x11i5rnm xat24cr x1mh8g0r x1vvkbs xtlvy1s x126k92a\">\n<div dir=\"auto\"><em>Par l\u2019effet d\u00e9l\u00e9t\u00e8re des images et des r\u00e9seaux, ils renforcent la stigmatisation des quartiers et des autres habitants.<\/em><\/div>\n<\/div>\n<div class=\"x11i5rnm xat24cr x1mh8g0r x1vvkbs xtlvy1s x126k92a\">\n<div dir=\"auto\"><em>Par les violences contre les \u00e9lus, ils attaquent le c\u0153ur de notre d\u00e9mocratie.<\/em><\/div>\n<\/div>\n<div class=\"x11i5rnm xat24cr x1mh8g0r x1vvkbs xtlvy1s x126k92a\">\n<div dir=\"auto\"><em>Cette d\u00e9rive des comportements n\u2019a aucune issue et ne fera qu\u2019aggraver les difficult\u00e9s que leurs auteurs pr\u00e9tendent d\u00e9noncer.<\/em><\/div>\n<\/div>\n<div class=\"x11i5rnm xat24cr x1mh8g0r x1vvkbs xtlvy1s x126k92a\">\n<div dir=\"auto\"><em>La violence n\u2019est jamais une solution.<\/em><\/div>\n<\/div>\n<div class=\"x11i5rnm xat24cr x1mh8g0r x1vvkbs xtlvy1s x126k92a\">\n<div dir=\"auto\"><em>Les maires sont profond\u00e9ment attach\u00e9s \u00e0 l\u2019unit\u00e9 et \u00e0 la coh\u00e9sion de notre pays : ils y contribuent chaque jour en agissant au plus pr\u00e8s des citoyens. Ils observent avec consternation le d\u00e9cha\u00eenement de violence qu\u2019impose au pays une minorit\u00e9 agissante. Mais, ils ne s\u2019y r\u00e9signent pas et sont r\u00e9solus \u00e0 s\u2019y opposer.<\/em><\/div>\n<\/div>\n<div class=\"x11i5rnm xat24cr x1mh8g0r x1vvkbs xtlvy1s x126k92a\">\n<div dir=\"auto\"><em>Les Maires de France appellent donc d\u2019abord l\u2019Etat \u00e0 r\u00e9tablir l\u2019ordre r\u00e9publicain : c\u2019est sa responsabilit\u00e9 pleine et enti\u00e8re. Il ne peut y avoir de justice sans ordre.<\/em><\/div>\n<\/div>\n<div class=\"x11i5rnm xat24cr x1mh8g0r x1vvkbs xtlvy1s x126k92a\">\n<div dir=\"auto\"><em>Les maires de France appellent ensuite \u00e0 une mobilisation civique de la soci\u00e9t\u00e9 pour le respect de la R\u00e9publique et de la France.<\/em><\/div>\n<\/div>\n<div class=\"x11i5rnm xat24cr x1mh8g0r x1vvkbs xtlvy1s x126k92a\">\n<div dir=\"auto\"><em>Chacun doit y prendre sa part dans la responsabilit\u00e9 et le calme pour que le dialogue puisse reprendre.<\/em><\/div>\n<\/div>\n<div class=\"x11i5rnm xat24cr x1mh8g0r x1vvkbs xtlvy1s x126k92a\">\n<div dir=\"auto\"><em>A nous, maires, il appartiendra de tirer lucidement les le\u00e7ons de cette crise, d\u2019en d\u00e9cortiquer les ressorts profonds, de retisser les liens brutalement rompus et inlassablement de construire la coh\u00e9sion dont notre Nation a tant besoin.<\/em><\/div>\n<\/div>\n<div class=\"x11i5rnm xat24cr x1mh8g0r x1vvkbs xtlvy1s x126k92a\">\n<div dir=\"auto\"><em>Vive la R\u00e9publique, vive la France<\/em> \u00bb<\/div>\n<\/div>\n<\/div>\n<\/div>\n<p>&nbsp;<\/p>\n","protected":false},"excerpt":{"rendered":"<p>Mobilisation civique \u00e0 Saint-Etienne-les-Remiremont et Saint-Nabord &nbsp; &nbsp; APPEL DES MAIRES DE FRANCE \u00ab Nous refusons que notre pays continue [&hellip;]<\/p>\n","protected":false},"author":411,"featured_media":72811,"comment_status":"open","ping_status":"open","sticky":false,"template":"","format":"standard","meta":{"footnotes":""},"categories":[26,35,155,100],"tags":[],"class_list":["post-72810","post","type-post","status-publish","format-standard","has-post-thumbnail","hentry","category-a-la-une","category-remiremont-son-canton","category-saint-etienne","category-saint-nabord"],"acf":[],"yoast_head":"<!-- This site is optimized with the Yoast SEO plugin v22.5 - https:\/\/yoast.com\/wordpress\/plugins\/seo\/ -->\n<title>Mobilisation civique \u00e9galement \u00e0 Saint-Nabord, Saint-Etienne - Remiremont Info<\/title>\n<meta name=\"robots\" content=\"index, follow, max-snippet:-1, max-image-preview:large, max-video-preview:-1\" \/>\n<link rel=\"canonical\" href=\"https:\/\/vosgesinfo.fr\/remiremontinfo\/2023\/07\/mobilisation-civique-egalement-a-saint-nabord-saint-etienne\/\" \/>\n<meta name=\"twitter:card\" content=\"summary_large_image\" \/>\n<meta name=\"twitter:title\" content=\"Mobilisation civique \u00e9galement \u00e0 Saint-Nabord, Saint-Etienne - Remiremont Info\" \/>\n<meta name=\"twitter:description\" content=\"Mobilisation civique \u00e0 Saint-Etienne-les-Remiremont et Saint-Nabord &nbsp; &nbsp; APPEL DES MAIRES DE FRANCE \u00ab Nous refusons que notre pays continue [&hellip;]\" \/>\n<meta name=\"twitter:image\" content=\"https:\/\/vosgesinfo.fr\/app\/uploads\/sites\/5\/2024\/09\/202307saint-nabord-appel-des-maires-de-france-e1688403144741-1.jpg\" \/>\n<meta name=\"twitter:creator\" content=\"@VosgesInfo88\" \/>\n<meta name=\"twitter:site\" content=\"@VosgesInfo88\" \/>\n<meta name=\"twitter:label1\" content=\"\u00c9crit par\" \/>\n\t<meta name=\"twitter:data1\" content=\"C.M\" \/>\n\t<meta name=\"twitter:label2\" content=\"Dur\u00e9e de lecture estim\u00e9e\" \/>\n\t<meta name=\"twitter:data2\" content=\"3 minutes\" \/>\n<script type=\"application\/ld+json\" class=\"yoast-schema-graph\">{\"@context\":\"https:\/\/schema.org\",\"@graph\":[{\"@type\":\"Article\",\"@id\":\"https:\/\/vosgesinfo.fr\/remiremontinfo\/2023\/07\/mobilisation-civique-egalement-a-saint-nabord-saint-etienne\/#article\",\"isPartOf\":{\"@id\":\"https:\/\/vosgesinfo.fr\/remiremontinfo\/2023\/07\/mobilisation-civique-egalement-a-saint-nabord-saint-etienne\/\"},\"author\":{\"name\":\"C.M\",\"@id\":\"https:\/\/vosgesinfo.fr\/remiremontinfo\/#\/schema\/person\/27fd50bfa0474755c339da9cdfc89f3d\"},\"headline\":\"Mobilisation civique \u00e9galement \u00e0 Saint-Nabord, Saint-Etienne\",\"datePublished\":\"2023-07-03T14:55:19+00:00\",\"dateModified\":\"2023-07-03T14:55:19+00:00\",\"mainEntityOfPage\":{\"@id\":\"https:\/\/vosgesinfo.fr\/remiremontinfo\/2023\/07\/mobilisation-civique-egalement-a-saint-nabord-saint-etienne\/\"},\"wordCount\":665,\"commentCount\":0,\"publisher\":{\"@id\":\"https:\/\/vosgesinfo.fr\/remiremontinfo\/#organization\"},\"image\":{\"@id\":\"https:\/\/vosgesinfo.fr\/remiremontinfo\/2023\/07\/mobilisation-civique-egalement-a-saint-nabord-saint-etienne\/#primaryimage\"},\"thumbnailUrl\":\"https:\/\/vosgesinfo.fr\/app\/uploads\/sites\/5\/2024\/09\/202307saint-nabord-appel-des-maires-de-france-e1688403144741-1.jpg\",\"articleSection\":[\"A la Une\",\"Remiremont &amp; son canton\",\"Saint-Etienne\",\"Saint-Nabord\"],\"inLanguage\":\"fr-FR\",\"potentialAction\":[{\"@type\":\"CommentAction\",\"name\":\"Comment\",\"target\":[\"https:\/\/vosgesinfo.fr\/remiremontinfo\/2023\/07\/mobilisation-civique-egalement-a-saint-nabord-saint-etienne\/#respond\"]}]},{\"@type\":\"WebPage\",\"@id\":\"https:\/\/vosgesinfo.fr\/remiremontinfo\/2023\/07\/mobilisation-civique-egalement-a-saint-nabord-saint-etienne\/\",\"url\":\"https:\/\/vosgesinfo.fr\/remiremontinfo\/2023\/07\/mobilisation-civique-egalement-a-saint-nabord-saint-etienne\/\",\"name\":\"Mobilisation civique \u00e9galement \u00e0 Saint-Nabord, Saint-Etienne - Remiremont Info\",\"isPartOf\":{\"@id\":\"https:\/\/vosgesinfo.fr\/remiremontinfo\/#website\"},\"primaryImageOfPage\":{\"@id\":\"https:\/\/vosgesinfo.fr\/remiremontinfo\/2023\/07\/mobilisation-civique-egalement-a-saint-nabord-saint-etienne\/#primaryimage\"},\"image\":{\"@id\":\"https:\/\/vosgesinfo.fr\/remiremontinfo\/2023\/07\/mobilisation-civique-egalement-a-saint-nabord-saint-etienne\/#primaryimage\"},\"thumbnailUrl\":\"https:\/\/vosgesinfo.fr\/app\/uploads\/sites\/5\/2024\/09\/202307saint-nabord-appel-des-maires-de-france-e1688403144741-1.jpg\",\"datePublished\":\"2023-07-03T14:55:19+00:00\",\"dateModified\":\"2023-07-03T14:55:19+00:00\",\"breadcrumb\":{\"@id\":\"https:\/\/vosgesinfo.fr\/remiremontinfo\/2023\/07\/mobilisation-civique-egalement-a-saint-nabord-saint-etienne\/#breadcrumb\"},\"inLanguage\":\"fr-FR\",\"potentialAction\":[{\"@type\":\"ReadAction\",\"target\":[\"https:\/\/vosgesinfo.fr\/remiremontinfo\/2023\/07\/mobilisation-civique-egalement-a-saint-nabord-saint-etienne\/\"]}]},{\"@type\":\"ImageObject\",\"inLanguage\":\"fr-FR\",\"@id\":\"https:\/\/vosgesinfo.fr\/remiremontinfo\/2023\/07\/mobilisation-civique-egalement-a-saint-nabord-saint-etienne\/#primaryimage\",\"url\":\"https:\/\/vosgesinfo.fr\/app\/uploads\/sites\/5\/2024\/09\/202307saint-nabord-appel-des-maires-de-france-e1688403144741-1.jpg\",\"contentUrl\":\"https:\/\/vosgesinfo.fr\/app\/uploads\/sites\/5\/2024\/09\/202307saint-nabord-appel-des-maires-de-france-e1688403144741-1.jpg\",\"width\":520,\"height\":644},{\"@type\":\"BreadcrumbList\",\"@id\":\"https:\/\/vosgesinfo.fr\/remiremontinfo\/2023\/07\/mobilisation-civique-egalement-a-saint-nabord-saint-etienne\/#breadcrumb\",\"itemListElement\":[{\"@type\":\"ListItem\",\"position\":1,\"name\":\"Home\",\"item\":\"https:\/\/vosgesinfo.fr\/remiremontinfo\/\"},{\"@type\":\"ListItem\",\"position\":2,\"name\":\"Mobilisation civique \u00e9galement \u00e0 Saint-Nabord, Saint-Etienne\"}]},{\"@type\":\"WebSite\",\"@id\":\"https:\/\/vosgesinfo.fr\/remiremontinfo\/#website\",\"url\":\"https:\/\/vosgesinfo.fr\/remiremontinfo\/\",\"name\":\"Remiremont Info\",\"description\":\"Toute l&#039;actualit\u00e9 de Remiremont\",\"publisher\":{\"@id\":\"https:\/\/vosgesinfo.fr\/remiremontinfo\/#organization\"},\"alternateName\":\"Toute l'actualit\u00e9 de Remiremont\",\"potentialAction\":[{\"@type\":\"SearchAction\",\"target\":{\"@type\":\"EntryPoint\",\"urlTemplate\":\"https:\/\/vosgesinfo.fr\/remiremontinfo\/?s={search_term_string}\"},\"query-input\":\"required name=search_term_string\"}],\"inLanguage\":\"fr-FR\"},{\"@type\":\"Organization\",\"@id\":\"https:\/\/vosgesinfo.fr\/remiremontinfo\/#organization\",\"name\":\"Remiremont Info\",\"url\":\"https:\/\/vosgesinfo.fr\/remiremontinfo\/\",\"logo\":{\"@type\":\"ImageObject\",\"inLanguage\":\"fr-FR\",\"@id\":\"https:\/\/vosgesinfo.fr\/remiremontinfo\/#\/schema\/logo\/image\/\",\"url\":\"https:\/\/vosgesinfo.fr\/app\/uploads\/sites\/5\/2023\/08\/favicon-remiremontinfo.png\",\"contentUrl\":\"https:\/\/vosgesinfo.fr\/app\/uploads\/sites\/5\/2023\/08\/favicon-remiremontinfo.png\",\"width\":512,\"height\":512,\"caption\":\"Remiremont Info\"},\"image\":{\"@id\":\"https:\/\/vosgesinfo.fr\/remiremontinfo\/#\/schema\/logo\/image\/\"},\"sameAs\":[\"https:\/\/www.facebook.com\/remiremontinfo\",\"https:\/\/x.com\/VosgesInfo88\",\"https:\/\/www.youtube.com\/@vosgesinfo\"]},{\"@type\":\"Person\",\"@id\":\"https:\/\/vosgesinfo.fr\/remiremontinfo\/#\/schema\/person\/27fd50bfa0474755c339da9cdfc89f3d\",\"name\":\"C.M\",\"image\":{\"@type\":\"ImageObject\",\"inLanguage\":\"fr-FR\",\"@id\":\"https:\/\/vosgesinfo.fr\/remiremontinfo\/#\/schema\/person\/image\/\",\"url\":\"https:\/\/secure.gravatar.com\/avatar\/aeefb88e08fc3e19fa733c61898f1bec4517042b8355098e757f11b4d3d4df70?s=96&d=mm&r=g\",\"contentUrl\":\"https:\/\/secure.gravatar.com\/avatar\/aeefb88e08fc3e19fa733c61898f1bec4517042b8355098e757f11b4d3d4df70?s=96&d=mm&r=g\",\"caption\":\"C.M\"},\"url\":\"https:\/\/vosgesinfo.fr\/remiremontinfo\/author\/cathy88200\/\"}]}<\/script>\n<!-- \/ Yoast SEO plugin. -->","yoast_head_json":{"title":"Mobilisation civique \u00e9galement \u00e0 Saint-Nabord, Saint-Etienne - Remiremont Info","robots":{"index":"index","follow":"follow","max-snippet":"max-snippet:-1","max-image-preview":"max-image-preview:large","max-video-preview":"max-video-preview:-1"},"canonical":"https:\/\/vosgesinfo.fr\/remiremontinfo\/2023\/07\/mobilisation-civique-egalement-a-saint-nabord-saint-etienne\/","twitter_card":"summary_large_image","twitter_title":"Mobilisation civique \u00e9galement \u00e0 Saint-Nabord, Saint-Etienne - Remiremont Info","twitter_description":"Mobilisation civique \u00e0 Saint-Etienne-les-Remiremont et Saint-Nabord &nbsp; &nbsp; APPEL DES MAIRES DE FRANCE \u00ab Nous refusons que notre pays continue [&hellip;]","twitter_image":"https:\/\/vosgesinfo.fr\/app\/uploads\/sites\/5\/2024\/09\/202307saint-nabord-appel-des-maires-de-france-e1688403144741-1.jpg","twitter_creator":"@VosgesInfo88","twitter_site":"@VosgesInfo88","twitter_misc":{"\u00c9crit par":"C.M","Dur\u00e9e de lecture estim\u00e9e":"3 minutes"},"schema":{"@context":"https:\/\/schema.org","@graph":[{"@type":"Article","@id":"https:\/\/vosgesinfo.fr\/remiremontinfo\/2023\/07\/mobilisation-civique-egalement-a-saint-nabord-saint-etienne\/#article","isPartOf":{"@id":"https:\/\/vosgesinfo.fr\/remiremontinfo\/2023\/07\/mobilisation-civique-egalement-a-saint-nabord-saint-etienne\/"},"author":{"name":"C.M","@id":"https:\/\/vosgesinfo.fr\/remiremontinfo\/#\/schema\/person\/27fd50bfa0474755c339da9cdfc89f3d"},"headline":"Mobilisation civique \u00e9galement \u00e0 Saint-Nabord, Saint-Etienne","datePublished":"2023-07-03T14:55:19+00:00","dateModified":"2023-07-03T14:55:19+00:00","mainEntityOfPage":{"@id":"https:\/\/vosgesinfo.fr\/remiremontinfo\/2023\/07\/mobilisation-civique-egalement-a-saint-nabord-saint-etienne\/"},"wordCount":665,"commentCount":0,"publisher":{"@id":"https:\/\/vosgesinfo.fr\/remiremontinfo\/#organization"},"image":{"@id":"https:\/\/vosgesinfo.fr\/remiremontinfo\/2023\/07\/mobilisation-civique-egalement-a-saint-nabord-saint-etienne\/#primaryimage"},"thumbnailUrl":"https:\/\/vosgesinfo.fr\/app\/uploads\/sites\/5\/2024\/09\/202307saint-nabord-appel-des-maires-de-france-e1688403144741-1.jpg","articleSection":["A la Une","Remiremont &amp; son canton","Saint-Etienne","Saint-Nabord"],"inLanguage":"fr-FR","potentialAction":[{"@type":"CommentAction","name":"Comment","target":["https:\/\/vosgesinfo.fr\/remiremontinfo\/2023\/07\/mobilisation-civique-egalement-a-saint-nabord-saint-etienne\/#respond"]}]},{"@type":"WebPage","@id":"https:\/\/vosgesinfo.fr\/remiremontinfo\/2023\/07\/mobilisation-civique-egalement-a-saint-nabord-saint-etienne\/","url":"https:\/\/vosgesinfo.fr\/remiremontinfo\/2023\/07\/mobilisation-civique-egalement-a-saint-nabord-saint-etienne\/","name":"Mobilisation civique \u00e9galement \u00e0 Saint-Nabord, Saint-Etienne - Remiremont Info","isPartOf":{"@id":"https:\/\/vosgesinfo.fr\/remiremontinfo\/#website"},"primaryImageOfPage":{"@id":"https:\/\/vosgesinfo.fr\/remiremontinfo\/2023\/07\/mobilisation-civique-egalement-a-saint-nabord-saint-etienne\/#primaryimage"},"image":{"@id":"https:\/\/vosgesinfo.fr\/remiremontinfo\/2023\/07\/mobilisation-civique-egalement-a-saint-nabord-saint-etienne\/#primaryimage"},"thumbnailUrl":"https:\/\/vosgesinfo.fr\/app\/uploads\/sites\/5\/2024\/09\/202307saint-nabord-appel-des-maires-de-france-e1688403144741-1.jpg","datePublished":"2023-07-03T14:55:19+00:00","dateModified":"2023-07-03T14:55:19+00:00","breadcrumb":{"@id":"https:\/\/vosgesinfo.fr\/remiremontinfo\/2023\/07\/mobilisation-civique-egalement-a-saint-nabord-saint-etienne\/#breadcrumb"},"inLanguage":"fr-FR","potentialAction":[{"@type":"ReadAction","target":["https:\/\/vosgesinfo.fr\/remiremontinfo\/2023\/07\/mobilisation-civique-egalement-a-saint-nabord-saint-etienne\/"]}]},{"@type":"ImageObject","inLanguage":"fr-FR","@id":"https:\/\/vosgesinfo.fr\/remiremontinfo\/2023\/07\/mobilisation-civique-egalement-a-saint-nabord-saint-etienne\/#primaryimage","url":"https:\/\/vosgesinfo.fr\/app\/uploads\/sites\/5\/2024\/09\/202307saint-nabord-appel-des-maires-de-france-e1688403144741-1.jpg","contentUrl":"https:\/\/vosgesinfo.fr\/app\/uploads\/sites\/5\/2024\/09\/202307saint-nabord-appel-des-maires-de-france-e1688403144741-1.jpg","width":520,"height":644},{"@type":"BreadcrumbList","@id":"https:\/\/vosgesinfo.fr\/remiremontinfo\/2023\/07\/mobilisation-civique-egalement-a-saint-nabord-saint-etienne\/#breadcrumb","itemListElement":[{"@type":"ListItem","position":1,"name":"Home","item":"https:\/\/vosgesinfo.fr\/remiremontinfo\/"},{"@type":"ListItem","position":2,"name":"Mobilisation civique \u00e9galement \u00e0 Saint-Nabord, Saint-Etienne"}]},{"@type":"WebSite","@id":"https:\/\/vosgesinfo.fr\/remiremontinfo\/#website","url":"https:\/\/vosgesinfo.fr\/remiremontinfo\/","name":"Remiremont Info","description":"Toute l&#039;actualit\u00e9 de Remiremont","publisher":{"@id":"https:\/\/vosgesinfo.fr\/remiremontinfo\/#organization"},"alternateName":"Toute l'actualit\u00e9 de Remiremont","potentialAction":[{"@type":"SearchAction","target":{"@type":"EntryPoint","urlTemplate":"https:\/\/vosgesinfo.fr\/remiremontinfo\/?s={search_term_string}"},"query-input":"required name=search_term_string"}],"inLanguage":"fr-FR"},{"@type":"Organization","@id":"https:\/\/vosgesinfo.fr\/remiremontinfo\/#organization","name":"Remiremont Info","url":"https:\/\/vosgesinfo.fr\/remiremontinfo\/","logo":{"@type":"ImageObject","inLanguage":"fr-FR","@id":"https:\/\/vosgesinfo.fr\/remiremontinfo\/#\/schema\/logo\/image\/","url":"https:\/\/vosgesinfo.fr\/app\/uploads\/sites\/5\/2023\/08\/favicon-remiremontinfo.png","contentUrl":"https:\/\/vosgesinfo.fr\/app\/uploads\/sites\/5\/2023\/08\/favicon-remiremontinfo.png","width":512,"height":512,"caption":"Remiremont Info"},"image":{"@id":"https:\/\/vosgesinfo.fr\/remiremontinfo\/#\/schema\/logo\/image\/"},"sameAs":["https:\/\/www.facebook.com\/remiremontinfo","https:\/\/x.com\/VosgesInfo88","https:\/\/www.youtube.com\/@vosgesinfo"]},{"@type":"Person","@id":"https:\/\/vosgesinfo.fr\/remiremontinfo\/#\/schema\/person\/27fd50bfa0474755c339da9cdfc89f3d","name":"C.M","image":{"@type":"ImageObject","inLanguage":"fr-FR","@id":"https:\/\/vosgesinfo.fr\/remiremontinfo\/#\/schema\/person\/image\/","url":"https:\/\/secure.gravatar.com\/avatar\/aeefb88e08fc3e19fa733c61898f1bec4517042b8355098e757f11b4d3d4df70?s=96&d=mm&r=g","contentUrl":"https:\/\/secure.gravatar.com\/avatar\/aeefb88e08fc3e19fa733c61898f1bec4517042b8355098e757f11b4d3d4df70?s=96&d=mm&r=g","caption":"C.M"},"url":"https:\/\/vosgesinfo.fr\/remiremontinfo\/author\/cathy88200\/"}]}},"_links":{"self":[{"href":"https:\/\/vosgesinfo.fr\/remiremontinfo\/wp-json\/wp\/v2\/posts\/72810","targetHints":{"allow":["GET"]}}],"collection":[{"href":"https:\/\/vosgesinfo.fr\/remiremontinfo\/wp-json\/wp\/v2\/posts"}],"about":[{"href":"https:\/\/vosgesinfo.fr\/remiremontinfo\/wp-json\/wp\/v2\/types\/post"}],"author":[{"embeddable":true,"href":"https:\/\/vosgesinfo.fr\/remiremontinfo\/wp-json\/wp\/v2\/users\/411"}],"replies":[{"embeddable":true,"href":"https:\/\/vosgesinfo.fr\/remiremontinfo\/wp-json\/wp\/v2\/comments?post=72810"}],"version-history":[{"count":0,"href":"https:\/\/vosgesinfo.fr\/remiremontinfo\/wp-json\/wp\/v2\/posts\/72810\/revisions"}],"wp:featuredmedia":[{"embeddable":true,"href":"https:\/\/vosgesinfo.fr\/remiremontinfo\/wp-json\/wp\/v2\/media\/72811"}],"wp:attachment":[{"href":"https:\/\/vosgesinfo.fr\/remiremontinfo\/wp-json\/wp\/v2\/media?parent=72810"}],"wp:term":[{"taxonomy":"category","embeddable":true,"href":"https:\/\/vosgesinfo.fr\/remiremontinfo\/wp-json\/wp\/v2\/categories?post=72810"},{"taxonomy":"post_tag","embeddable":true,"href":"https:\/\/vosgesinfo.fr\/remiremontinfo\/wp-json\/wp\/v2\/tags?post=72810"}],"curies":[{"name":"wp","href":"https:\/\/api.w.org\/{rel}","templated":true}]}}