{"id":72899,"date":"2023-07-06T12:51:29","date_gmt":"2023-07-06T10:51:29","guid":{"rendered":"https:\/\/vosgesinfo.fr\/remiremontinfo\/2023\/07\/violences-urbaines-vehicules-incendies-vitres-brisees-a-protection-judiciaire-de-jeunesse\/"},"modified":"2023-07-06T12:51:29","modified_gmt":"2023-07-06T10:51:29","slug":"violences-urbaines-vehicules-incendies-vitres-brisees-a-protection-judiciaire-de-jeunesse","status":"publish","type":"post","link":"https:\/\/vosgesinfo.fr\/remiremontinfo\/2023\/07\/violences-urbaines-vehicules-incendies-vitres-brisees-a-protection-judiciaire-de-jeunesse\/","title":{"rendered":"Violences urbaines : des v\u00e9hicules incendi\u00e9s et des vitres bris\u00e9es \u00e0 la Protection judiciaire de la jeunesse"},"content":{"rendered":"<p><a href=\"\/2023\/07\/pjj-epinal-vosges-1-800x450.jpg\"><img decoding=\"async\" class=\"aligncenter size-medium wp-image-373808\" src=\"\/2023\/07\/pjj-epinal-vosges-1-800x450-400x225.jpg\" alt=\"pjj-epinal-vosges-1-800x450\" width=\"400\" height=\"225\" \/><\/a><\/p>\n<h2>A Epinal, la nuit de dimanche \u00e0 lundi a \u00e9t\u00e9 difficile pour les forces de l\u2019ordre. De nombreuses violences urbaines ont \u00e9t\u00e9 constat\u00e9es, notamment au plateau de la Justice. Au niveau de la\u00a0 Protection judiciaire de la jeunesse (PJJ) des Vosges, situ\u00e9e \u00e0 Epinal, des v\u00e9hicules ont \u00e9t\u00e9 incendi\u00e9s.<\/h2>\n<p>&nbsp;<\/p>\n","protected":false},"excerpt":{"rendered":"<p>A Epinal, la nuit de dimanche \u00e0 lundi a \u00e9t\u00e9 difficile pour les forces de l\u2019ordre. De nombreuses violences urbaines [&hellip;]<\/p>\n","protected":false},"author":411,"featured_media":72900,"comment_status":"open","ping_status":"open","sticky":false,"template":"","format":"standard","meta":{"footnotes":""},"categories":[26,95,18],"tags":[],"class_list":["post-72899","post","type-post","status-publish","format-standard","has-post-thumbnail","hentry","category-a-la-une","category-securite","category-vosges"],"acf":[],"yoast_head":"<!-- This site is optimized with the Yoast SEO plugin v22.5 - https:\/\/yoast.com\/wordpress\/plugins\/seo\/ -->\n<title>Violences urbaines : des v\u00e9hicules incendi\u00e9s et des vitres bris\u00e9es \u00e0 la Protection judiciaire de la jeunesse - Remiremont Info<\/title>\n<meta name=\"robots\" content=\"index, follow, max-snippet:-1, max-image-preview:large, max-video-preview:-1\" \/>\n<link rel=\"canonical\" href=\"https:\/\/vosgesinfo.fr\/remiremontinfo\/2023\/07\/violences-urbaines-vehicules-incendies-vitres-brisees-a-protection-judiciaire-de-jeunesse\/\" \/>\n<meta name=\"twitter:card\" content=\"summary_large_image\" \/>\n<meta name=\"twitter:title\" content=\"Violences urbaines : des v\u00e9hicules incendi\u00e9s et des vitres bris\u00e9es \u00e0 la Protection judiciaire de la jeunesse - Remiremont Info\" \/>\n<meta name=\"twitter:description\" content=\"A Epinal, la nuit de dimanche \u00e0 lundi a \u00e9t\u00e9 difficile pour les forces de l\u2019ordre. De nombreuses violences urbaines [&hellip;]\" \/>\n<meta name=\"twitter:image\" content=\"https:\/\/vosgesinfo.fr\/app\/uploads\/sites\/5\/2024\/09\/202307pjj-epinal-vosges-1-800x450-1.jpg\" \/>\n<meta name=\"twitter:creator\" content=\"@VosgesInfo88\" \/>\n<meta name=\"twitter:site\" content=\"@VosgesInfo88\" \/>\n<meta name=\"twitter:label1\" content=\"\u00c9crit par\" \/>\n\t<meta name=\"twitter:data1\" content=\"C.M\" \/>\n<script type=\"application\/ld+json\" class=\"yoast-schema-graph\">{\"@context\":\"https:\/\/schema.org\",\"@graph\":[{\"@type\":\"Article\",\"@id\":\"https:\/\/vosgesinfo.fr\/remiremontinfo\/2023\/07\/violences-urbaines-vehicules-incendies-vitres-brisees-a-protection-judiciaire-de-jeunesse\/#article\",\"isPartOf\":{\"@id\":\"https:\/\/vosgesinfo.fr\/remiremontinfo\/2023\/07\/violences-urbaines-vehicules-incendies-vitres-brisees-a-protection-judiciaire-de-jeunesse\/\"},\"author\":{\"name\":\"C.M\",\"@id\":\"https:\/\/vosgesinfo.fr\/remiremontinfo\/#\/schema\/person\/27fd50bfa0474755c339da9cdfc89f3d\"},\"headline\":\"Violences urbaines : des v\u00e9hicules incendi\u00e9s et des vitres bris\u00e9es \u00e0 la Protection judiciaire de la jeunesse\",\"datePublished\":\"2023-07-06T10:51:29+00:00\",\"dateModified\":\"2023-07-06T10:51:29+00:00\",\"mainEntityOfPage\":{\"@id\":\"https:\/\/vosgesinfo.fr\/remiremontinfo\/2023\/07\/violences-urbaines-vehicules-incendies-vitres-brisees-a-protection-judiciaire-de-jeunesse\/\"},\"wordCount\":71,\"commentCount\":0,\"publisher\":{\"@id\":\"https:\/\/vosgesinfo.fr\/remiremontinfo\/#organization\"},\"image\":{\"@id\":\"https:\/\/vosgesinfo.fr\/remiremontinfo\/2023\/07\/violences-urbaines-vehicules-incendies-vitres-brisees-a-protection-judiciaire-de-jeunesse\/#primaryimage\"},\"thumbnailUrl\":\"https:\/\/vosgesinfo.fr\/app\/uploads\/sites\/5\/2024\/09\/202307pjj-epinal-vosges-1-800x450-1.jpg\",\"articleSection\":[\"A la Une\",\"S\u00e9curit\u00e9\",\"Vosges\"],\"inLanguage\":\"fr-FR\",\"potentialAction\":[{\"@type\":\"CommentAction\",\"name\":\"Comment\",\"target\":[\"https:\/\/vosgesinfo.fr\/remiremontinfo\/2023\/07\/violences-urbaines-vehicules-incendies-vitres-brisees-a-protection-judiciaire-de-jeunesse\/#respond\"]}]},{\"@type\":\"WebPage\",\"@id\":\"https:\/\/vosgesinfo.fr\/remiremontinfo\/2023\/07\/violences-urbaines-vehicules-incendies-vitres-brisees-a-protection-judiciaire-de-jeunesse\/\",\"url\":\"https:\/\/vosgesinfo.fr\/remiremontinfo\/2023\/07\/violences-urbaines-vehicules-incendies-vitres-brisees-a-protection-judiciaire-de-jeunesse\/\",\"name\":\"Violences urbaines : des v\u00e9hicules incendi\u00e9s et des vitres bris\u00e9es \u00e0 la Protection judiciaire de la jeunesse - Remiremont Info\",\"isPartOf\":{\"@id\":\"https:\/\/vosgesinfo.fr\/remiremontinfo\/#website\"},\"primaryImageOfPage\":{\"@id\":\"https:\/\/vosgesinfo.fr\/remiremontinfo\/2023\/07\/violences-urbaines-vehicules-incendies-vitres-brisees-a-protection-judiciaire-de-jeunesse\/#primaryimage\"},\"image\":{\"@id\":\"https:\/\/vosgesinfo.fr\/remiremontinfo\/2023\/07\/violences-urbaines-vehicules-incendies-vitres-brisees-a-protection-judiciaire-de-jeunesse\/#primaryimage\"},\"thumbnailUrl\":\"https:\/\/vosgesinfo.fr\/app\/uploads\/sites\/5\/2024\/09\/202307pjj-epinal-vosges-1-800x450-1.jpg\",\"datePublished\":\"2023-07-06T10:51:29+00:00\",\"dateModified\":\"2023-07-06T10:51:29+00:00\",\"breadcrumb\":{\"@id\":\"https:\/\/vosgesinfo.fr\/remiremontinfo\/2023\/07\/violences-urbaines-vehicules-incendies-vitres-brisees-a-protection-judiciaire-de-jeunesse\/#breadcrumb\"},\"inLanguage\":\"fr-FR\",\"potentialAction\":[{\"@type\":\"ReadAction\",\"target\":[\"https:\/\/vosgesinfo.fr\/remiremontinfo\/2023\/07\/violences-urbaines-vehicules-incendies-vitres-brisees-a-protection-judiciaire-de-jeunesse\/\"]}]},{\"@type\":\"ImageObject\",\"inLanguage\":\"fr-FR\",\"@id\":\"https:\/\/vosgesinfo.fr\/remiremontinfo\/2023\/07\/violences-urbaines-vehicules-incendies-vitres-brisees-a-protection-judiciaire-de-jeunesse\/#primaryimage\",\"url\":\"https:\/\/vosgesinfo.fr\/app\/uploads\/sites\/5\/2024\/09\/202307pjj-epinal-vosges-1-800x450-1.jpg\",\"contentUrl\":\"https:\/\/vosgesinfo.fr\/app\/uploads\/sites\/5\/2024\/09\/202307pjj-epinal-vosges-1-800x450-1.jpg\",\"width\":800,\"height\":450},{\"@type\":\"BreadcrumbList\",\"@id\":\"https:\/\/vosgesinfo.fr\/remiremontinfo\/2023\/07\/violences-urbaines-vehicules-incendies-vitres-brisees-a-protection-judiciaire-de-jeunesse\/#breadcrumb\",\"itemListElement\":[{\"@type\":\"ListItem\",\"position\":1,\"name\":\"Home\",\"item\":\"https:\/\/vosgesinfo.fr\/remiremontinfo\/\"},{\"@type\":\"ListItem\",\"position\":2,\"name\":\"Violences urbaines : des v\u00e9hicules incendi\u00e9s et des vitres bris\u00e9es \u00e0 la Protection judiciaire de la jeunesse\"}]},{\"@type\":\"WebSite\",\"@id\":\"https:\/\/vosgesinfo.fr\/remiremontinfo\/#website\",\"url\":\"https:\/\/vosgesinfo.fr\/remiremontinfo\/\",\"name\":\"Remiremont Info\",\"description\":\"Toute l&#039;actualit\u00e9 de Remiremont\",\"publisher\":{\"@id\":\"https:\/\/vosgesinfo.fr\/remiremontinfo\/#organization\"},\"alternateName\":\"Toute l'actualit\u00e9 de Remiremont\",\"potentialAction\":[{\"@type\":\"SearchAction\",\"target\":{\"@type\":\"EntryPoint\",\"urlTemplate\":\"https:\/\/vosgesinfo.fr\/remiremontinfo\/?s={search_term_string}\"},\"query-input\":\"required name=search_term_string\"}],\"inLanguage\":\"fr-FR\"},{\"@type\":\"Organization\",\"@id\":\"https:\/\/vosgesinfo.fr\/remiremontinfo\/#organization\",\"name\":\"Remiremont Info\",\"url\":\"https:\/\/vosgesinfo.fr\/remiremontinfo\/\",\"logo\":{\"@type\":\"ImageObject\",\"inLanguage\":\"fr-FR\",\"@id\":\"https:\/\/vosgesinfo.fr\/remiremontinfo\/#\/schema\/logo\/image\/\",\"url\":\"https:\/\/vosgesinfo.fr\/app\/uploads\/sites\/5\/2023\/08\/favicon-remiremontinfo.png\",\"contentUrl\":\"https:\/\/vosgesinfo.fr\/app\/uploads\/sites\/5\/2023\/08\/favicon-remiremontinfo.png\",\"width\":512,\"height\":512,\"caption\":\"Remiremont Info\"},\"image\":{\"@id\":\"https:\/\/vosgesinfo.fr\/remiremontinfo\/#\/schema\/logo\/image\/\"},\"sameAs\":[\"https:\/\/www.facebook.com\/remiremontinfo\",\"https:\/\/x.com\/VosgesInfo88\",\"https:\/\/www.youtube.com\/@vosgesinfo\"]},{\"@type\":\"Person\",\"@id\":\"https:\/\/vosgesinfo.fr\/remiremontinfo\/#\/schema\/person\/27fd50bfa0474755c339da9cdfc89f3d\",\"name\":\"C.M\",\"image\":{\"@type\":\"ImageObject\",\"inLanguage\":\"fr-FR\",\"@id\":\"https:\/\/vosgesinfo.fr\/remiremontinfo\/#\/schema\/person\/image\/\",\"url\":\"https:\/\/secure.gravatar.com\/avatar\/aeefb88e08fc3e19fa733c61898f1bec4517042b8355098e757f11b4d3d4df70?s=96&d=mm&r=g\",\"contentUrl\":\"https:\/\/secure.gravatar.com\/avatar\/aeefb88e08fc3e19fa733c61898f1bec4517042b8355098e757f11b4d3d4df70?s=96&d=mm&r=g\",\"caption\":\"C.M\"},\"url\":\"https:\/\/vosgesinfo.fr\/remiremontinfo\/author\/cathy88200\/\"}]}<\/script>\n<!-- \/ Yoast SEO plugin. -->","yoast_head_json":{"title":"Violences urbaines : des v\u00e9hicules incendi\u00e9s et des vitres bris\u00e9es \u00e0 la Protection judiciaire de la jeunesse - Remiremont Info","robots":{"index":"index","follow":"follow","max-snippet":"max-snippet:-1","max-image-preview":"max-image-preview:large","max-video-preview":"max-video-preview:-1"},"canonical":"https:\/\/vosgesinfo.fr\/remiremontinfo\/2023\/07\/violences-urbaines-vehicules-incendies-vitres-brisees-a-protection-judiciaire-de-jeunesse\/","twitter_card":"summary_large_image","twitter_title":"Violences urbaines : des v\u00e9hicules incendi\u00e9s et des vitres bris\u00e9es \u00e0 la Protection judiciaire de la jeunesse - Remiremont Info","twitter_description":"A Epinal, la nuit de dimanche \u00e0 lundi a \u00e9t\u00e9 difficile pour les forces de l\u2019ordre. De nombreuses violences urbaines [&hellip;]","twitter_image":"https:\/\/vosgesinfo.fr\/app\/uploads\/sites\/5\/2024\/09\/202307pjj-epinal-vosges-1-800x450-1.jpg","twitter_creator":"@VosgesInfo88","twitter_site":"@VosgesInfo88","twitter_misc":{"\u00c9crit par":"C.M"},"schema":{"@context":"https:\/\/schema.org","@graph":[{"@type":"Article","@id":"https:\/\/vosgesinfo.fr\/remiremontinfo\/2023\/07\/violences-urbaines-vehicules-incendies-vitres-brisees-a-protection-judiciaire-de-jeunesse\/#article","isPartOf":{"@id":"https:\/\/vosgesinfo.fr\/remiremontinfo\/2023\/07\/violences-urbaines-vehicules-incendies-vitres-brisees-a-protection-judiciaire-de-jeunesse\/"},"author":{"name":"C.M","@id":"https:\/\/vosgesinfo.fr\/remiremontinfo\/#\/schema\/person\/27fd50bfa0474755c339da9cdfc89f3d"},"headline":"Violences urbaines : des v\u00e9hicules incendi\u00e9s et des vitres bris\u00e9es \u00e0 la Protection judiciaire de la jeunesse","datePublished":"2023-07-06T10:51:29+00:00","dateModified":"2023-07-06T10:51:29+00:00","mainEntityOfPage":{"@id":"https:\/\/vosgesinfo.fr\/remiremontinfo\/2023\/07\/violences-urbaines-vehicules-incendies-vitres-brisees-a-protection-judiciaire-de-jeunesse\/"},"wordCount":71,"commentCount":0,"publisher":{"@id":"https:\/\/vosgesinfo.fr\/remiremontinfo\/#organization"},"image":{"@id":"https:\/\/vosgesinfo.fr\/remiremontinfo\/2023\/07\/violences-urbaines-vehicules-incendies-vitres-brisees-a-protection-judiciaire-de-jeunesse\/#primaryimage"},"thumbnailUrl":"https:\/\/vosgesinfo.fr\/app\/uploads\/sites\/5\/2024\/09\/202307pjj-epinal-vosges-1-800x450-1.jpg","articleSection":["A la Une","S\u00e9curit\u00e9","Vosges"],"inLanguage":"fr-FR","potentialAction":[{"@type":"CommentAction","name":"Comment","target":["https:\/\/vosgesinfo.fr\/remiremontinfo\/2023\/07\/violences-urbaines-vehicules-incendies-vitres-brisees-a-protection-judiciaire-de-jeunesse\/#respond"]}]},{"@type":"WebPage","@id":"https:\/\/vosgesinfo.fr\/remiremontinfo\/2023\/07\/violences-urbaines-vehicules-incendies-vitres-brisees-a-protection-judiciaire-de-jeunesse\/","url":"https:\/\/vosgesinfo.fr\/remiremontinfo\/2023\/07\/violences-urbaines-vehicules-incendies-vitres-brisees-a-protection-judiciaire-de-jeunesse\/","name":"Violences urbaines : des v\u00e9hicules incendi\u00e9s et des vitres bris\u00e9es \u00e0 la Protection judiciaire de la jeunesse - Remiremont Info","isPartOf":{"@id":"https:\/\/vosgesinfo.fr\/remiremontinfo\/#website"},"primaryImageOfPage":{"@id":"https:\/\/vosgesinfo.fr\/remiremontinfo\/2023\/07\/violences-urbaines-vehicules-incendies-vitres-brisees-a-protection-judiciaire-de-jeunesse\/#primaryimage"},"image":{"@id":"https:\/\/vosgesinfo.fr\/remiremontinfo\/2023\/07\/violences-urbaines-vehicules-incendies-vitres-brisees-a-protection-judiciaire-de-jeunesse\/#primaryimage"},"thumbnailUrl":"https:\/\/vosgesinfo.fr\/app\/uploads\/sites\/5\/2024\/09\/202307pjj-epinal-vosges-1-800x450-1.jpg","datePublished":"2023-07-06T10:51:29+00:00","dateModified":"2023-07-06T10:51:29+00:00","breadcrumb":{"@id":"https:\/\/vosgesinfo.fr\/remiremontinfo\/2023\/07\/violences-urbaines-vehicules-incendies-vitres-brisees-a-protection-judiciaire-de-jeunesse\/#breadcrumb"},"inLanguage":"fr-FR","potentialAction":[{"@type":"ReadAction","target":["https:\/\/vosgesinfo.fr\/remiremontinfo\/2023\/07\/violences-urbaines-vehicules-incendies-vitres-brisees-a-protection-judiciaire-de-jeunesse\/"]}]},{"@type":"ImageObject","inLanguage":"fr-FR","@id":"https:\/\/vosgesinfo.fr\/remiremontinfo\/2023\/07\/violences-urbaines-vehicules-incendies-vitres-brisees-a-protection-judiciaire-de-jeunesse\/#primaryimage","url":"https:\/\/vosgesinfo.fr\/app\/uploads\/sites\/5\/2024\/09\/202307pjj-epinal-vosges-1-800x450-1.jpg","contentUrl":"https:\/\/vosgesinfo.fr\/app\/uploads\/sites\/5\/2024\/09\/202307pjj-epinal-vosges-1-800x450-1.jpg","width":800,"height":450},{"@type":"BreadcrumbList","@id":"https:\/\/vosgesinfo.fr\/remiremontinfo\/2023\/07\/violences-urbaines-vehicules-incendies-vitres-brisees-a-protection-judiciaire-de-jeunesse\/#breadcrumb","itemListElement":[{"@type":"ListItem","position":1,"name":"Home","item":"https:\/\/vosgesinfo.fr\/remiremontinfo\/"},{"@type":"ListItem","position":2,"name":"Violences urbaines : des v\u00e9hicules incendi\u00e9s et des vitres bris\u00e9es \u00e0 la Protection judiciaire de la jeunesse"}]},{"@type":"WebSite","@id":"https:\/\/vosgesinfo.fr\/remiremontinfo\/#website","url":"https:\/\/vosgesinfo.fr\/remiremontinfo\/","name":"Remiremont Info","description":"Toute l&#039;actualit\u00e9 de Remiremont","publisher":{"@id":"https:\/\/vosgesinfo.fr\/remiremontinfo\/#organization"},"alternateName":"Toute l'actualit\u00e9 de Remiremont","potentialAction":[{"@type":"SearchAction","target":{"@type":"EntryPoint","urlTemplate":"https:\/\/vosgesinfo.fr\/remiremontinfo\/?s={search_term_string}"},"query-input":"required name=search_term_string"}],"inLanguage":"fr-FR"},{"@type":"Organization","@id":"https:\/\/vosgesinfo.fr\/remiremontinfo\/#organization","name":"Remiremont Info","url":"https:\/\/vosgesinfo.fr\/remiremontinfo\/","logo":{"@type":"ImageObject","inLanguage":"fr-FR","@id":"https:\/\/vosgesinfo.fr\/remiremontinfo\/#\/schema\/logo\/image\/","url":"https:\/\/vosgesinfo.fr\/app\/uploads\/sites\/5\/2023\/08\/favicon-remiremontinfo.png","contentUrl":"https:\/\/vosgesinfo.fr\/app\/uploads\/sites\/5\/2023\/08\/favicon-remiremontinfo.png","width":512,"height":512,"caption":"Remiremont Info"},"image":{"@id":"https:\/\/vosgesinfo.fr\/remiremontinfo\/#\/schema\/logo\/image\/"},"sameAs":["https:\/\/www.facebook.com\/remiremontinfo","https:\/\/x.com\/VosgesInfo88","https:\/\/www.youtube.com\/@vosgesinfo"]},{"@type":"Person","@id":"https:\/\/vosgesinfo.fr\/remiremontinfo\/#\/schema\/person\/27fd50bfa0474755c339da9cdfc89f3d","name":"C.M","image":{"@type":"ImageObject","inLanguage":"fr-FR","@id":"https:\/\/vosgesinfo.fr\/remiremontinfo\/#\/schema\/person\/image\/","url":"https:\/\/secure.gravatar.com\/avatar\/aeefb88e08fc3e19fa733c61898f1bec4517042b8355098e757f11b4d3d4df70?s=96&d=mm&r=g","contentUrl":"https:\/\/secure.gravatar.com\/avatar\/aeefb88e08fc3e19fa733c61898f1bec4517042b8355098e757f11b4d3d4df70?s=96&d=mm&r=g","caption":"C.M"},"url":"https:\/\/vosgesinfo.fr\/remiremontinfo\/author\/cathy88200\/"}]}},"_links":{"self":[{"href":"https:\/\/vosgesinfo.fr\/remiremontinfo\/wp-json\/wp\/v2\/posts\/72899","targetHints":{"allow":["GET"]}}],"collection":[{"href":"https:\/\/vosgesinfo.fr\/remiremontinfo\/wp-json\/wp\/v2\/posts"}],"about":[{"href":"https:\/\/vosgesinfo.fr\/remiremontinfo\/wp-json\/wp\/v2\/types\/post"}],"author":[{"embeddable":true,"href":"https:\/\/vosgesinfo.fr\/remiremontinfo\/wp-json\/wp\/v2\/users\/411"}],"replies":[{"embeddable":true,"href":"https:\/\/vosgesinfo.fr\/remiremontinfo\/wp-json\/wp\/v2\/comments?post=72899"}],"version-history":[{"count":0,"href":"https:\/\/vosgesinfo.fr\/remiremontinfo\/wp-json\/wp\/v2\/posts\/72899\/revisions"}],"wp:featuredmedia":[{"embeddable":true,"href":"https:\/\/vosgesinfo.fr\/remiremontinfo\/wp-json\/wp\/v2\/media\/72900"}],"wp:attachment":[{"href":"https:\/\/vosgesinfo.fr\/remiremontinfo\/wp-json\/wp\/v2\/media?parent=72899"}],"wp:term":[{"taxonomy":"category","embeddable":true,"href":"https:\/\/vosgesinfo.fr\/remiremontinfo\/wp-json\/wp\/v2\/categories?post=72899"},{"taxonomy":"post_tag","embeddable":true,"href":"https:\/\/vosgesinfo.fr\/remiremontinfo\/wp-json\/wp\/v2\/tags?post=72899"}],"curies":[{"name":"wp","href":"https:\/\/api.w.org\/{rel}","templated":true}]}}