{"id":72901,"date":"2023-07-06T15:02:40","date_gmt":"2023-07-06T13:02:40","guid":{"rendered":"https:\/\/vosgesinfo.fr\/remiremontinfo\/2023\/07\/sentier-de-36eme-dius\/"},"modified":"2023-07-06T15:02:40","modified_gmt":"2023-07-06T13:02:40","slug":"sentier-de-36eme-dius","status":"publish","type":"post","link":"https:\/\/vosgesinfo.fr\/remiremontinfo\/2023\/07\/sentier-de-36eme-dius\/","title":{"rendered":"Un sentier sur les pas de la 36\u00e8me DIUS"},"content":{"rendered":"<div id=\"attachment_373816\" style=\"width: 970px\" class=\"wp-caption aligncenter\"><a href=\"\/2023\/07\/11.jpg\"><img decoding=\"async\" aria-describedby=\"caption-attachment-373816\" class=\"wp-image-373816 size-large\" src=\"\/2023\/07\/11-1024x768.jpg\" alt=\"1\" width=\"960\" height=\"720\" \/><\/a><p id=\"caption-attachment-373816\" class=\"wp-caption-text\">Les \u00e9l\u00e8ves de CM2 de Saint-Nabord et Raon aux Bois. Le t\u00e9moin du pass\u00e9 est transmis \u00e0 la jeunesse. Photos Pascale Naulin mairie Saint-Nabord<\/p><\/div>\n<h3 class=\"Normal\"><\/h3>\n<h3 class=\"Normal\"><span class=\"tm5\">A la faveur des longues soir\u00e9es d\u2019\u00e9t\u00e9, ou de la fra\u00eecheur du petit matin, les marcheurs et randonneurs vont pouvoir d\u00e9couvrir un nouveau sentier historique r\u00e9cemment inaugur\u00e9 sur Saint-Nabord, le <\/span><span class=\"tm5\">\u00ab Sentier de la 36\u00e8me DIUS \u00a0\u00bb.<\/span><\/h3>\n<h3 class=\"Normal\"><span class=\"tm5\">\u00a0Une marche d\u2019une dizaine de kilom\u00e8tres qui mettra nos pas dans le pass\u00e9, en parcourant le sentier emprunt\u00e9 par les soldats du <\/span><span class=\"tm5\">36\u00e8me division d&rsquo;infanterie du Texas, qui ont permis de lib\u00e9rer Remiremont . <\/span><\/h3>\n<p class=\"Normal\"><a href=\"\/2023\/07\/36eme-dius.jpg\"><img decoding=\"async\" class=\"alignright size-medium wp-image-373817\" src=\"\/2023\/07\/36eme-dius-364x255.jpg\" alt=\"36eme dius\" width=\"364\" height=\"255\" \/><\/a><span class=\"tm5\">Un parcours allant de Raon-aux-Bois \u00e0 la St\u00e8le de Noirgueux de Saint-Nabord, et qui tenait particuli\u00e8rement au c\u0153ur de Lydie Poirot. <\/span><\/p>\n<p class=\"Normal\"><span class=\"tm5\">Pr\u00e9sidente de l\u2019association des Amis de la 36\u00e8me DIUS et chef d\u2019orchestre de cette belle aventure, elle rend ainsi hommage \u00e0 son grand-p\u00e8re. Jean Hilfiger, qui en avait \u00e9t\u00e9 l\u2019acteur, avec toute l\u2019insouciance et le courage de ces 14 ans, en \u00e9tant le guide de ces soldats du lieu-dit de Champ\u00e9e \u00e0 Raon-aux Bois jusqu\u2019au passage \u00e0 gu\u00e9 de Noirgueux \u00e0 Saint-Nabord. Il leur permis de prendre \u00e0 revers l\u2019arm\u00e9e du Reich un certain 21 septembre 1944.<\/span><\/p>\n<p class=\"Normal\"><span class=\"tm5\">R\u00e9cemment, les \u00e9l\u00e8ves de CM2 des communes de Raon-aux-Bois et Saint-Nabord, \u00e9galement acteurs de ce sentier dont ils ont r\u00e9alis\u00e9 4 grands panneaux (financ\u00e9s par les deux communes) relatant la vie de ces soldats, ont parcouru le sentier en entier. <\/span><\/p>\n<p class=\"Normal\"><span class=\"tm5\">Un moment qui restera certainement longtemps dans leurs m\u00e9moires, car les membres des Amis de la 36\u00e8me DIUS, leur avaient r\u00e9serv\u00e9 la surprise de reconstituer des camps d\u2019antan, permettant au pass\u00e9 de rejoindre le pr\u00e9sent le temps de cette journ\u00e9e.<\/span><\/p>\n<p class=\"Normal\"><span class=\"tm5\">On ne peut que saluer ce beau travail conjoint effectu\u00e9 sur deux communes par des \u00e9coliers et de leurs enseignants, mais \u00e9galement par cette association impliqu\u00e9e dans le devoir et transmission de m\u00e9moire.<\/span><\/p>\n<p><a href=\"\/2023\/07\/357581294_601187442123031_749865368363447654_n.jpg\"><img decoding=\"async\" class=\"alignright size-medium wp-image-373826\" src=\"\/2023\/07\/357581294_601187442123031_749865368363447654_n-340x255.jpg\" alt=\"357581294_601187442123031_749865368363447654_n\" width=\"340\" height=\"255\" \/><\/a> <a href=\"\/2023\/07\/dius.jpg\"><img decoding=\"async\" class=\"alignright wp-image-373818 size-large\" src=\"\/2023\/07\/dius-1024x733.jpg\" alt=\"dius\" width=\"960\" height=\"687\" \/><\/a><\/p>\n","protected":false},"excerpt":{"rendered":"<p>A la faveur des longues soir\u00e9es d\u2019\u00e9t\u00e9, ou de la fra\u00eecheur du petit matin, les marcheurs et randonneurs vont pouvoir [&hellip;]<\/p>\n","protected":false},"author":411,"featured_media":2385,"comment_status":"open","ping_status":"open","sticky":false,"template":"","format":"standard","meta":{"footnotes":""},"categories":[26,35,100],"tags":[6023],"class_list":["post-72901","post","type-post","status-publish","format-standard","has-post-thumbnail","hentry","category-a-la-une","category-remiremont-son-canton","category-saint-nabord","tag-sentier-36emedius"],"acf":[],"yoast_head":"<!-- This site is optimized with the Yoast SEO plugin v22.5 - https:\/\/yoast.com\/wordpress\/plugins\/seo\/ -->\n<title>Un sentier sur les pas de la 36\u00e8me DIUS - Remiremont Info<\/title>\n<meta name=\"robots\" content=\"index, follow, max-snippet:-1, max-image-preview:large, max-video-preview:-1\" \/>\n<link rel=\"canonical\" href=\"https:\/\/vosgesinfo.fr\/remiremontinfo\/2023\/07\/sentier-de-36eme-dius\/\" \/>\n<meta name=\"twitter:card\" content=\"summary_large_image\" \/>\n<meta name=\"twitter:title\" content=\"Un sentier sur les pas de la 36\u00e8me DIUS - Remiremont Info\" \/>\n<meta name=\"twitter:description\" content=\"A la faveur des longues soir\u00e9es d\u2019\u00e9t\u00e9, ou de la fra\u00eecheur du petit matin, les marcheurs et randonneurs vont pouvoir [&hellip;]\" \/>\n<meta name=\"twitter:image\" content=\"https:\/\/vosgesinfo.fr\/app\/uploads\/sites\/5\/2023\/10\/1.jpg\" \/>\n<meta name=\"twitter:creator\" content=\"@VosgesInfo88\" \/>\n<meta name=\"twitter:site\" content=\"@VosgesInfo88\" \/>\n<meta name=\"twitter:label1\" content=\"\u00c9crit par\" \/>\n\t<meta name=\"twitter:data1\" content=\"C.M\" \/>\n\t<meta name=\"twitter:label2\" content=\"Dur\u00e9e de lecture estim\u00e9e\" \/>\n\t<meta name=\"twitter:data2\" content=\"2 minutes\" \/>\n<script type=\"application\/ld+json\" class=\"yoast-schema-graph\">{\"@context\":\"https:\/\/schema.org\",\"@graph\":[{\"@type\":\"Article\",\"@id\":\"https:\/\/vosgesinfo.fr\/remiremontinfo\/2023\/07\/sentier-de-36eme-dius\/#article\",\"isPartOf\":{\"@id\":\"https:\/\/vosgesinfo.fr\/remiremontinfo\/2023\/07\/sentier-de-36eme-dius\/\"},\"author\":{\"name\":\"C.M\",\"@id\":\"https:\/\/vosgesinfo.fr\/remiremontinfo\/#\/schema\/person\/27fd50bfa0474755c339da9cdfc89f3d\"},\"headline\":\"Un sentier sur les pas de la 36\u00e8me DIUS\",\"datePublished\":\"2023-07-06T13:02:40+00:00\",\"dateModified\":\"2023-07-06T13:02:40+00:00\",\"mainEntityOfPage\":{\"@id\":\"https:\/\/vosgesinfo.fr\/remiremontinfo\/2023\/07\/sentier-de-36eme-dius\/\"},\"wordCount\":343,\"commentCount\":0,\"publisher\":{\"@id\":\"https:\/\/vosgesinfo.fr\/remiremontinfo\/#organization\"},\"image\":{\"@id\":\"https:\/\/vosgesinfo.fr\/remiremontinfo\/2023\/07\/sentier-de-36eme-dius\/#primaryimage\"},\"thumbnailUrl\":\"https:\/\/vosgesinfo.fr\/app\/uploads\/sites\/5\/2023\/10\/1.jpg\",\"keywords\":[\"sentier 36\u00e8meDIUS\"],\"articleSection\":[\"A la Une\",\"Remiremont &amp; son canton\",\"Saint-Nabord\"],\"inLanguage\":\"fr-FR\",\"potentialAction\":[{\"@type\":\"CommentAction\",\"name\":\"Comment\",\"target\":[\"https:\/\/vosgesinfo.fr\/remiremontinfo\/2023\/07\/sentier-de-36eme-dius\/#respond\"]}]},{\"@type\":\"WebPage\",\"@id\":\"https:\/\/vosgesinfo.fr\/remiremontinfo\/2023\/07\/sentier-de-36eme-dius\/\",\"url\":\"https:\/\/vosgesinfo.fr\/remiremontinfo\/2023\/07\/sentier-de-36eme-dius\/\",\"name\":\"Un sentier sur les pas de la 36\u00e8me DIUS - Remiremont Info\",\"isPartOf\":{\"@id\":\"https:\/\/vosgesinfo.fr\/remiremontinfo\/#website\"},\"primaryImageOfPage\":{\"@id\":\"https:\/\/vosgesinfo.fr\/remiremontinfo\/2023\/07\/sentier-de-36eme-dius\/#primaryimage\"},\"image\":{\"@id\":\"https:\/\/vosgesinfo.fr\/remiremontinfo\/2023\/07\/sentier-de-36eme-dius\/#primaryimage\"},\"thumbnailUrl\":\"https:\/\/vosgesinfo.fr\/app\/uploads\/sites\/5\/2023\/10\/1.jpg\",\"datePublished\":\"2023-07-06T13:02:40+00:00\",\"dateModified\":\"2023-07-06T13:02:40+00:00\",\"breadcrumb\":{\"@id\":\"https:\/\/vosgesinfo.fr\/remiremontinfo\/2023\/07\/sentier-de-36eme-dius\/#breadcrumb\"},\"inLanguage\":\"fr-FR\",\"potentialAction\":[{\"@type\":\"ReadAction\",\"target\":[\"https:\/\/vosgesinfo.fr\/remiremontinfo\/2023\/07\/sentier-de-36eme-dius\/\"]}]},{\"@type\":\"ImageObject\",\"inLanguage\":\"fr-FR\",\"@id\":\"https:\/\/vosgesinfo.fr\/remiremontinfo\/2023\/07\/sentier-de-36eme-dius\/#primaryimage\",\"url\":\"https:\/\/vosgesinfo.fr\/app\/uploads\/sites\/5\/2023\/10\/1.jpg\",\"contentUrl\":\"https:\/\/vosgesinfo.fr\/app\/uploads\/sites\/5\/2023\/10\/1.jpg\",\"width\":1414,\"height\":2000},{\"@type\":\"BreadcrumbList\",\"@id\":\"https:\/\/vosgesinfo.fr\/remiremontinfo\/2023\/07\/sentier-de-36eme-dius\/#breadcrumb\",\"itemListElement\":[{\"@type\":\"ListItem\",\"position\":1,\"name\":\"Home\",\"item\":\"https:\/\/vosgesinfo.fr\/remiremontinfo\/\"},{\"@type\":\"ListItem\",\"position\":2,\"name\":\"Un sentier sur les pas de la 36\u00e8me DIUS\"}]},{\"@type\":\"WebSite\",\"@id\":\"https:\/\/vosgesinfo.fr\/remiremontinfo\/#website\",\"url\":\"https:\/\/vosgesinfo.fr\/remiremontinfo\/\",\"name\":\"Remiremont Info\",\"description\":\"Toute l&#039;actualit\u00e9 de Remiremont\",\"publisher\":{\"@id\":\"https:\/\/vosgesinfo.fr\/remiremontinfo\/#organization\"},\"alternateName\":\"Toute l'actualit\u00e9 de Remiremont\",\"potentialAction\":[{\"@type\":\"SearchAction\",\"target\":{\"@type\":\"EntryPoint\",\"urlTemplate\":\"https:\/\/vosgesinfo.fr\/remiremontinfo\/?s={search_term_string}\"},\"query-input\":\"required name=search_term_string\"}],\"inLanguage\":\"fr-FR\"},{\"@type\":\"Organization\",\"@id\":\"https:\/\/vosgesinfo.fr\/remiremontinfo\/#organization\",\"name\":\"Remiremont Info\",\"url\":\"https:\/\/vosgesinfo.fr\/remiremontinfo\/\",\"logo\":{\"@type\":\"ImageObject\",\"inLanguage\":\"fr-FR\",\"@id\":\"https:\/\/vosgesinfo.fr\/remiremontinfo\/#\/schema\/logo\/image\/\",\"url\":\"https:\/\/vosgesinfo.fr\/app\/uploads\/sites\/5\/2023\/08\/favicon-remiremontinfo.png\",\"contentUrl\":\"https:\/\/vosgesinfo.fr\/app\/uploads\/sites\/5\/2023\/08\/favicon-remiremontinfo.png\",\"width\":512,\"height\":512,\"caption\":\"Remiremont Info\"},\"image\":{\"@id\":\"https:\/\/vosgesinfo.fr\/remiremontinfo\/#\/schema\/logo\/image\/\"},\"sameAs\":[\"https:\/\/www.facebook.com\/remiremontinfo\",\"https:\/\/x.com\/VosgesInfo88\",\"https:\/\/www.youtube.com\/@vosgesinfo\"]},{\"@type\":\"Person\",\"@id\":\"https:\/\/vosgesinfo.fr\/remiremontinfo\/#\/schema\/person\/27fd50bfa0474755c339da9cdfc89f3d\",\"name\":\"C.M\",\"image\":{\"@type\":\"ImageObject\",\"inLanguage\":\"fr-FR\",\"@id\":\"https:\/\/vosgesinfo.fr\/remiremontinfo\/#\/schema\/person\/image\/\",\"url\":\"https:\/\/secure.gravatar.com\/avatar\/aeefb88e08fc3e19fa733c61898f1bec4517042b8355098e757f11b4d3d4df70?s=96&d=mm&r=g\",\"contentUrl\":\"https:\/\/secure.gravatar.com\/avatar\/aeefb88e08fc3e19fa733c61898f1bec4517042b8355098e757f11b4d3d4df70?s=96&d=mm&r=g\",\"caption\":\"C.M\"},\"url\":\"https:\/\/vosgesinfo.fr\/remiremontinfo\/author\/cathy88200\/\"}]}<\/script>\n<!-- \/ Yoast SEO plugin. -->","yoast_head_json":{"title":"Un sentier sur les pas de la 36\u00e8me DIUS - Remiremont Info","robots":{"index":"index","follow":"follow","max-snippet":"max-snippet:-1","max-image-preview":"max-image-preview:large","max-video-preview":"max-video-preview:-1"},"canonical":"https:\/\/vosgesinfo.fr\/remiremontinfo\/2023\/07\/sentier-de-36eme-dius\/","twitter_card":"summary_large_image","twitter_title":"Un sentier sur les pas de la 36\u00e8me DIUS - Remiremont Info","twitter_description":"A la faveur des longues soir\u00e9es d\u2019\u00e9t\u00e9, ou de la fra\u00eecheur du petit matin, les marcheurs et randonneurs vont pouvoir [&hellip;]","twitter_image":"https:\/\/vosgesinfo.fr\/app\/uploads\/sites\/5\/2023\/10\/1.jpg","twitter_creator":"@VosgesInfo88","twitter_site":"@VosgesInfo88","twitter_misc":{"\u00c9crit par":"C.M","Dur\u00e9e de lecture estim\u00e9e":"2 minutes"},"schema":{"@context":"https:\/\/schema.org","@graph":[{"@type":"Article","@id":"https:\/\/vosgesinfo.fr\/remiremontinfo\/2023\/07\/sentier-de-36eme-dius\/#article","isPartOf":{"@id":"https:\/\/vosgesinfo.fr\/remiremontinfo\/2023\/07\/sentier-de-36eme-dius\/"},"author":{"name":"C.M","@id":"https:\/\/vosgesinfo.fr\/remiremontinfo\/#\/schema\/person\/27fd50bfa0474755c339da9cdfc89f3d"},"headline":"Un sentier sur les pas de la 36\u00e8me DIUS","datePublished":"2023-07-06T13:02:40+00:00","dateModified":"2023-07-06T13:02:40+00:00","mainEntityOfPage":{"@id":"https:\/\/vosgesinfo.fr\/remiremontinfo\/2023\/07\/sentier-de-36eme-dius\/"},"wordCount":343,"commentCount":0,"publisher":{"@id":"https:\/\/vosgesinfo.fr\/remiremontinfo\/#organization"},"image":{"@id":"https:\/\/vosgesinfo.fr\/remiremontinfo\/2023\/07\/sentier-de-36eme-dius\/#primaryimage"},"thumbnailUrl":"https:\/\/vosgesinfo.fr\/app\/uploads\/sites\/5\/2023\/10\/1.jpg","keywords":["sentier 36\u00e8meDIUS"],"articleSection":["A la Une","Remiremont &amp; son canton","Saint-Nabord"],"inLanguage":"fr-FR","potentialAction":[{"@type":"CommentAction","name":"Comment","target":["https:\/\/vosgesinfo.fr\/remiremontinfo\/2023\/07\/sentier-de-36eme-dius\/#respond"]}]},{"@type":"WebPage","@id":"https:\/\/vosgesinfo.fr\/remiremontinfo\/2023\/07\/sentier-de-36eme-dius\/","url":"https:\/\/vosgesinfo.fr\/remiremontinfo\/2023\/07\/sentier-de-36eme-dius\/","name":"Un sentier sur les pas de la 36\u00e8me DIUS - Remiremont Info","isPartOf":{"@id":"https:\/\/vosgesinfo.fr\/remiremontinfo\/#website"},"primaryImageOfPage":{"@id":"https:\/\/vosgesinfo.fr\/remiremontinfo\/2023\/07\/sentier-de-36eme-dius\/#primaryimage"},"image":{"@id":"https:\/\/vosgesinfo.fr\/remiremontinfo\/2023\/07\/sentier-de-36eme-dius\/#primaryimage"},"thumbnailUrl":"https:\/\/vosgesinfo.fr\/app\/uploads\/sites\/5\/2023\/10\/1.jpg","datePublished":"2023-07-06T13:02:40+00:00","dateModified":"2023-07-06T13:02:40+00:00","breadcrumb":{"@id":"https:\/\/vosgesinfo.fr\/remiremontinfo\/2023\/07\/sentier-de-36eme-dius\/#breadcrumb"},"inLanguage":"fr-FR","potentialAction":[{"@type":"ReadAction","target":["https:\/\/vosgesinfo.fr\/remiremontinfo\/2023\/07\/sentier-de-36eme-dius\/"]}]},{"@type":"ImageObject","inLanguage":"fr-FR","@id":"https:\/\/vosgesinfo.fr\/remiremontinfo\/2023\/07\/sentier-de-36eme-dius\/#primaryimage","url":"https:\/\/vosgesinfo.fr\/app\/uploads\/sites\/5\/2023\/10\/1.jpg","contentUrl":"https:\/\/vosgesinfo.fr\/app\/uploads\/sites\/5\/2023\/10\/1.jpg","width":1414,"height":2000},{"@type":"BreadcrumbList","@id":"https:\/\/vosgesinfo.fr\/remiremontinfo\/2023\/07\/sentier-de-36eme-dius\/#breadcrumb","itemListElement":[{"@type":"ListItem","position":1,"name":"Home","item":"https:\/\/vosgesinfo.fr\/remiremontinfo\/"},{"@type":"ListItem","position":2,"name":"Un sentier sur les pas de la 36\u00e8me DIUS"}]},{"@type":"WebSite","@id":"https:\/\/vosgesinfo.fr\/remiremontinfo\/#website","url":"https:\/\/vosgesinfo.fr\/remiremontinfo\/","name":"Remiremont Info","description":"Toute l&#039;actualit\u00e9 de Remiremont","publisher":{"@id":"https:\/\/vosgesinfo.fr\/remiremontinfo\/#organization"},"alternateName":"Toute l'actualit\u00e9 de Remiremont","potentialAction":[{"@type":"SearchAction","target":{"@type":"EntryPoint","urlTemplate":"https:\/\/vosgesinfo.fr\/remiremontinfo\/?s={search_term_string}"},"query-input":"required name=search_term_string"}],"inLanguage":"fr-FR"},{"@type":"Organization","@id":"https:\/\/vosgesinfo.fr\/remiremontinfo\/#organization","name":"Remiremont Info","url":"https:\/\/vosgesinfo.fr\/remiremontinfo\/","logo":{"@type":"ImageObject","inLanguage":"fr-FR","@id":"https:\/\/vosgesinfo.fr\/remiremontinfo\/#\/schema\/logo\/image\/","url":"https:\/\/vosgesinfo.fr\/app\/uploads\/sites\/5\/2023\/08\/favicon-remiremontinfo.png","contentUrl":"https:\/\/vosgesinfo.fr\/app\/uploads\/sites\/5\/2023\/08\/favicon-remiremontinfo.png","width":512,"height":512,"caption":"Remiremont Info"},"image":{"@id":"https:\/\/vosgesinfo.fr\/remiremontinfo\/#\/schema\/logo\/image\/"},"sameAs":["https:\/\/www.facebook.com\/remiremontinfo","https:\/\/x.com\/VosgesInfo88","https:\/\/www.youtube.com\/@vosgesinfo"]},{"@type":"Person","@id":"https:\/\/vosgesinfo.fr\/remiremontinfo\/#\/schema\/person\/27fd50bfa0474755c339da9cdfc89f3d","name":"C.M","image":{"@type":"ImageObject","inLanguage":"fr-FR","@id":"https:\/\/vosgesinfo.fr\/remiremontinfo\/#\/schema\/person\/image\/","url":"https:\/\/secure.gravatar.com\/avatar\/aeefb88e08fc3e19fa733c61898f1bec4517042b8355098e757f11b4d3d4df70?s=96&d=mm&r=g","contentUrl":"https:\/\/secure.gravatar.com\/avatar\/aeefb88e08fc3e19fa733c61898f1bec4517042b8355098e757f11b4d3d4df70?s=96&d=mm&r=g","caption":"C.M"},"url":"https:\/\/vosgesinfo.fr\/remiremontinfo\/author\/cathy88200\/"}]}},"_links":{"self":[{"href":"https:\/\/vosgesinfo.fr\/remiremontinfo\/wp-json\/wp\/v2\/posts\/72901","targetHints":{"allow":["GET"]}}],"collection":[{"href":"https:\/\/vosgesinfo.fr\/remiremontinfo\/wp-json\/wp\/v2\/posts"}],"about":[{"href":"https:\/\/vosgesinfo.fr\/remiremontinfo\/wp-json\/wp\/v2\/types\/post"}],"author":[{"embeddable":true,"href":"https:\/\/vosgesinfo.fr\/remiremontinfo\/wp-json\/wp\/v2\/users\/411"}],"replies":[{"embeddable":true,"href":"https:\/\/vosgesinfo.fr\/remiremontinfo\/wp-json\/wp\/v2\/comments?post=72901"}],"version-history":[{"count":0,"href":"https:\/\/vosgesinfo.fr\/remiremontinfo\/wp-json\/wp\/v2\/posts\/72901\/revisions"}],"wp:featuredmedia":[{"embeddable":true,"href":"https:\/\/vosgesinfo.fr\/remiremontinfo\/wp-json\/wp\/v2\/media\/2385"}],"wp:attachment":[{"href":"https:\/\/vosgesinfo.fr\/remiremontinfo\/wp-json\/wp\/v2\/media?parent=72901"}],"wp:term":[{"taxonomy":"category","embeddable":true,"href":"https:\/\/vosgesinfo.fr\/remiremontinfo\/wp-json\/wp\/v2\/categories?post=72901"},{"taxonomy":"post_tag","embeddable":true,"href":"https:\/\/vosgesinfo.fr\/remiremontinfo\/wp-json\/wp\/v2\/tags?post=72901"}],"curies":[{"name":"wp","href":"https:\/\/api.w.org\/{rel}","templated":true}]}}