{"id":72910,"date":"2023-07-06T18:21:09","date_gmt":"2023-07-06T16:21:09","guid":{"rendered":"https:\/\/vosgesinfo.fr\/remiremontinfo\/2023\/07\/30-jeunes-collegiens-cadets-de-defense-ont-recu-diplome\/"},"modified":"2023-07-06T18:21:09","modified_gmt":"2023-07-06T16:21:09","slug":"30-jeunes-collegiens-cadets-de-defense-ont-recu-diplome","status":"publish","type":"post","link":"https:\/\/vosgesinfo.fr\/remiremontinfo\/2023\/07\/30-jeunes-collegiens-cadets-de-defense-ont-recu-diplome\/","title":{"rendered":"30 jeunes coll\u00e9giens cadets de la D\u00e9fense ont re\u00e7u leur dipl\u00f4me"},"content":{"rendered":"<p><a href=\"\/2023\/07\/cadets-de-la-defense-vosges-10-800x450.jpg\"><img decoding=\"async\" class=\"aligncenter wp-image-373844 size-full\" src=\"\/2023\/07\/cadets-de-la-defense-vosges-10-800x450.jpg\" alt=\"cadets-de-la-defense-vosges-10-800x450\" width=\"800\" height=\"450\" \/><\/a><\/p>\n<p>Ce jeudi apr\u00e8s-midi,\u00a0dans le jardin de la pr\u00e9fecture \u00e0 Epinal, avait lieu la c\u00e9r\u00e9monie de remise des dipl\u00f4mes aux cadets de la D\u00e9fense. Il s\u2019agit de la sixi\u00e8me promotion des cadets de La D\u00e9fense.<\/p>\n","protected":false},"excerpt":{"rendered":"<p>Ce jeudi apr\u00e8s-midi,\u00a0dans le jardin de la pr\u00e9fecture \u00e0 Epinal, avait lieu la c\u00e9r\u00e9monie de remise des dipl\u00f4mes aux cadets [&hellip;]<\/p>\n","protected":false},"author":411,"featured_media":72911,"comment_status":"open","ping_status":"open","sticky":false,"template":"","format":"standard","meta":{"footnotes":""},"categories":[26,95,18],"tags":[],"class_list":["post-72910","post","type-post","status-publish","format-standard","has-post-thumbnail","hentry","category-a-la-une","category-securite","category-vosges"],"acf":[],"yoast_head":"<!-- This site is optimized with the Yoast SEO plugin v22.5 - https:\/\/yoast.com\/wordpress\/plugins\/seo\/ -->\n<title>30 jeunes coll\u00e9giens cadets de la D\u00e9fense ont re\u00e7u leur dipl\u00f4me - Remiremont Info<\/title>\n<meta name=\"robots\" content=\"index, follow, max-snippet:-1, max-image-preview:large, max-video-preview:-1\" \/>\n<link rel=\"canonical\" href=\"https:\/\/vosgesinfo.fr\/remiremontinfo\/2023\/07\/30-jeunes-collegiens-cadets-de-defense-ont-recu-diplome\/\" \/>\n<meta name=\"twitter:card\" content=\"summary_large_image\" \/>\n<meta name=\"twitter:title\" content=\"30 jeunes coll\u00e9giens cadets de la D\u00e9fense ont re\u00e7u leur dipl\u00f4me - Remiremont Info\" \/>\n<meta name=\"twitter:description\" content=\"Ce jeudi apr\u00e8s-midi,\u00a0dans le jardin de la pr\u00e9fecture \u00e0 Epinal, avait lieu la c\u00e9r\u00e9monie de remise des dipl\u00f4mes aux cadets [&hellip;]\" \/>\n<meta name=\"twitter:image\" content=\"https:\/\/vosgesinfo.fr\/app\/uploads\/sites\/5\/2024\/09\/202307cadets-de-la-defense-vosges-10-800x450-1.jpg\" \/>\n<meta name=\"twitter:creator\" content=\"@VosgesInfo88\" \/>\n<meta name=\"twitter:site\" content=\"@VosgesInfo88\" \/>\n<meta name=\"twitter:label1\" content=\"\u00c9crit par\" \/>\n\t<meta name=\"twitter:data1\" content=\"C.M\" \/>\n<script type=\"application\/ld+json\" class=\"yoast-schema-graph\">{\"@context\":\"https:\/\/schema.org\",\"@graph\":[{\"@type\":\"Article\",\"@id\":\"https:\/\/vosgesinfo.fr\/remiremontinfo\/2023\/07\/30-jeunes-collegiens-cadets-de-defense-ont-recu-diplome\/#article\",\"isPartOf\":{\"@id\":\"https:\/\/vosgesinfo.fr\/remiremontinfo\/2023\/07\/30-jeunes-collegiens-cadets-de-defense-ont-recu-diplome\/\"},\"author\":{\"name\":\"C.M\",\"@id\":\"https:\/\/vosgesinfo.fr\/remiremontinfo\/#\/schema\/person\/27fd50bfa0474755c339da9cdfc89f3d\"},\"headline\":\"30 jeunes coll\u00e9giens cadets de la D\u00e9fense ont re\u00e7u leur dipl\u00f4me\",\"datePublished\":\"2023-07-06T16:21:09+00:00\",\"dateModified\":\"2023-07-06T16:21:09+00:00\",\"mainEntityOfPage\":{\"@id\":\"https:\/\/vosgesinfo.fr\/remiremontinfo\/2023\/07\/30-jeunes-collegiens-cadets-de-defense-ont-recu-diplome\/\"},\"wordCount\":57,\"commentCount\":0,\"publisher\":{\"@id\":\"https:\/\/vosgesinfo.fr\/remiremontinfo\/#organization\"},\"image\":{\"@id\":\"https:\/\/vosgesinfo.fr\/remiremontinfo\/2023\/07\/30-jeunes-collegiens-cadets-de-defense-ont-recu-diplome\/#primaryimage\"},\"thumbnailUrl\":\"https:\/\/vosgesinfo.fr\/app\/uploads\/sites\/5\/2024\/09\/202307cadets-de-la-defense-vosges-10-800x450-1.jpg\",\"articleSection\":[\"A la Une\",\"S\u00e9curit\u00e9\",\"Vosges\"],\"inLanguage\":\"fr-FR\",\"potentialAction\":[{\"@type\":\"CommentAction\",\"name\":\"Comment\",\"target\":[\"https:\/\/vosgesinfo.fr\/remiremontinfo\/2023\/07\/30-jeunes-collegiens-cadets-de-defense-ont-recu-diplome\/#respond\"]}]},{\"@type\":\"WebPage\",\"@id\":\"https:\/\/vosgesinfo.fr\/remiremontinfo\/2023\/07\/30-jeunes-collegiens-cadets-de-defense-ont-recu-diplome\/\",\"url\":\"https:\/\/vosgesinfo.fr\/remiremontinfo\/2023\/07\/30-jeunes-collegiens-cadets-de-defense-ont-recu-diplome\/\",\"name\":\"30 jeunes coll\u00e9giens cadets de la D\u00e9fense ont re\u00e7u leur dipl\u00f4me - Remiremont Info\",\"isPartOf\":{\"@id\":\"https:\/\/vosgesinfo.fr\/remiremontinfo\/#website\"},\"primaryImageOfPage\":{\"@id\":\"https:\/\/vosgesinfo.fr\/remiremontinfo\/2023\/07\/30-jeunes-collegiens-cadets-de-defense-ont-recu-diplome\/#primaryimage\"},\"image\":{\"@id\":\"https:\/\/vosgesinfo.fr\/remiremontinfo\/2023\/07\/30-jeunes-collegiens-cadets-de-defense-ont-recu-diplome\/#primaryimage\"},\"thumbnailUrl\":\"https:\/\/vosgesinfo.fr\/app\/uploads\/sites\/5\/2024\/09\/202307cadets-de-la-defense-vosges-10-800x450-1.jpg\",\"datePublished\":\"2023-07-06T16:21:09+00:00\",\"dateModified\":\"2023-07-06T16:21:09+00:00\",\"breadcrumb\":{\"@id\":\"https:\/\/vosgesinfo.fr\/remiremontinfo\/2023\/07\/30-jeunes-collegiens-cadets-de-defense-ont-recu-diplome\/#breadcrumb\"},\"inLanguage\":\"fr-FR\",\"potentialAction\":[{\"@type\":\"ReadAction\",\"target\":[\"https:\/\/vosgesinfo.fr\/remiremontinfo\/2023\/07\/30-jeunes-collegiens-cadets-de-defense-ont-recu-diplome\/\"]}]},{\"@type\":\"ImageObject\",\"inLanguage\":\"fr-FR\",\"@id\":\"https:\/\/vosgesinfo.fr\/remiremontinfo\/2023\/07\/30-jeunes-collegiens-cadets-de-defense-ont-recu-diplome\/#primaryimage\",\"url\":\"https:\/\/vosgesinfo.fr\/app\/uploads\/sites\/5\/2024\/09\/202307cadets-de-la-defense-vosges-10-800x450-1.jpg\",\"contentUrl\":\"https:\/\/vosgesinfo.fr\/app\/uploads\/sites\/5\/2024\/09\/202307cadets-de-la-defense-vosges-10-800x450-1.jpg\",\"width\":800,\"height\":450},{\"@type\":\"BreadcrumbList\",\"@id\":\"https:\/\/vosgesinfo.fr\/remiremontinfo\/2023\/07\/30-jeunes-collegiens-cadets-de-defense-ont-recu-diplome\/#breadcrumb\",\"itemListElement\":[{\"@type\":\"ListItem\",\"position\":1,\"name\":\"Home\",\"item\":\"https:\/\/vosgesinfo.fr\/remiremontinfo\/\"},{\"@type\":\"ListItem\",\"position\":2,\"name\":\"30 jeunes coll\u00e9giens cadets de la D\u00e9fense ont re\u00e7u leur dipl\u00f4me\"}]},{\"@type\":\"WebSite\",\"@id\":\"https:\/\/vosgesinfo.fr\/remiremontinfo\/#website\",\"url\":\"https:\/\/vosgesinfo.fr\/remiremontinfo\/\",\"name\":\"Remiremont Info\",\"description\":\"Toute l&#039;actualit\u00e9 de Remiremont\",\"publisher\":{\"@id\":\"https:\/\/vosgesinfo.fr\/remiremontinfo\/#organization\"},\"alternateName\":\"Toute l'actualit\u00e9 de Remiremont\",\"potentialAction\":[{\"@type\":\"SearchAction\",\"target\":{\"@type\":\"EntryPoint\",\"urlTemplate\":\"https:\/\/vosgesinfo.fr\/remiremontinfo\/?s={search_term_string}\"},\"query-input\":\"required name=search_term_string\"}],\"inLanguage\":\"fr-FR\"},{\"@type\":\"Organization\",\"@id\":\"https:\/\/vosgesinfo.fr\/remiremontinfo\/#organization\",\"name\":\"Remiremont Info\",\"url\":\"https:\/\/vosgesinfo.fr\/remiremontinfo\/\",\"logo\":{\"@type\":\"ImageObject\",\"inLanguage\":\"fr-FR\",\"@id\":\"https:\/\/vosgesinfo.fr\/remiremontinfo\/#\/schema\/logo\/image\/\",\"url\":\"https:\/\/vosgesinfo.fr\/app\/uploads\/sites\/5\/2023\/08\/favicon-remiremontinfo.png\",\"contentUrl\":\"https:\/\/vosgesinfo.fr\/app\/uploads\/sites\/5\/2023\/08\/favicon-remiremontinfo.png\",\"width\":512,\"height\":512,\"caption\":\"Remiremont Info\"},\"image\":{\"@id\":\"https:\/\/vosgesinfo.fr\/remiremontinfo\/#\/schema\/logo\/image\/\"},\"sameAs\":[\"https:\/\/www.facebook.com\/remiremontinfo\",\"https:\/\/x.com\/VosgesInfo88\",\"https:\/\/www.youtube.com\/@vosgesinfo\"]},{\"@type\":\"Person\",\"@id\":\"https:\/\/vosgesinfo.fr\/remiremontinfo\/#\/schema\/person\/27fd50bfa0474755c339da9cdfc89f3d\",\"name\":\"C.M\",\"image\":{\"@type\":\"ImageObject\",\"inLanguage\":\"fr-FR\",\"@id\":\"https:\/\/vosgesinfo.fr\/remiremontinfo\/#\/schema\/person\/image\/\",\"url\":\"https:\/\/secure.gravatar.com\/avatar\/aeefb88e08fc3e19fa733c61898f1bec4517042b8355098e757f11b4d3d4df70?s=96&d=mm&r=g\",\"contentUrl\":\"https:\/\/secure.gravatar.com\/avatar\/aeefb88e08fc3e19fa733c61898f1bec4517042b8355098e757f11b4d3d4df70?s=96&d=mm&r=g\",\"caption\":\"C.M\"},\"url\":\"https:\/\/vosgesinfo.fr\/remiremontinfo\/author\/cathy88200\/\"}]}<\/script>\n<!-- \/ Yoast SEO plugin. -->","yoast_head_json":{"title":"30 jeunes coll\u00e9giens cadets de la D\u00e9fense ont re\u00e7u leur dipl\u00f4me - Remiremont Info","robots":{"index":"index","follow":"follow","max-snippet":"max-snippet:-1","max-image-preview":"max-image-preview:large","max-video-preview":"max-video-preview:-1"},"canonical":"https:\/\/vosgesinfo.fr\/remiremontinfo\/2023\/07\/30-jeunes-collegiens-cadets-de-defense-ont-recu-diplome\/","twitter_card":"summary_large_image","twitter_title":"30 jeunes coll\u00e9giens cadets de la D\u00e9fense ont re\u00e7u leur dipl\u00f4me - Remiremont Info","twitter_description":"Ce jeudi apr\u00e8s-midi,\u00a0dans le jardin de la pr\u00e9fecture \u00e0 Epinal, avait lieu la c\u00e9r\u00e9monie de remise des dipl\u00f4mes aux cadets [&hellip;]","twitter_image":"https:\/\/vosgesinfo.fr\/app\/uploads\/sites\/5\/2024\/09\/202307cadets-de-la-defense-vosges-10-800x450-1.jpg","twitter_creator":"@VosgesInfo88","twitter_site":"@VosgesInfo88","twitter_misc":{"\u00c9crit par":"C.M"},"schema":{"@context":"https:\/\/schema.org","@graph":[{"@type":"Article","@id":"https:\/\/vosgesinfo.fr\/remiremontinfo\/2023\/07\/30-jeunes-collegiens-cadets-de-defense-ont-recu-diplome\/#article","isPartOf":{"@id":"https:\/\/vosgesinfo.fr\/remiremontinfo\/2023\/07\/30-jeunes-collegiens-cadets-de-defense-ont-recu-diplome\/"},"author":{"name":"C.M","@id":"https:\/\/vosgesinfo.fr\/remiremontinfo\/#\/schema\/person\/27fd50bfa0474755c339da9cdfc89f3d"},"headline":"30 jeunes coll\u00e9giens cadets de la D\u00e9fense ont re\u00e7u leur dipl\u00f4me","datePublished":"2023-07-06T16:21:09+00:00","dateModified":"2023-07-06T16:21:09+00:00","mainEntityOfPage":{"@id":"https:\/\/vosgesinfo.fr\/remiremontinfo\/2023\/07\/30-jeunes-collegiens-cadets-de-defense-ont-recu-diplome\/"},"wordCount":57,"commentCount":0,"publisher":{"@id":"https:\/\/vosgesinfo.fr\/remiremontinfo\/#organization"},"image":{"@id":"https:\/\/vosgesinfo.fr\/remiremontinfo\/2023\/07\/30-jeunes-collegiens-cadets-de-defense-ont-recu-diplome\/#primaryimage"},"thumbnailUrl":"https:\/\/vosgesinfo.fr\/app\/uploads\/sites\/5\/2024\/09\/202307cadets-de-la-defense-vosges-10-800x450-1.jpg","articleSection":["A la Une","S\u00e9curit\u00e9","Vosges"],"inLanguage":"fr-FR","potentialAction":[{"@type":"CommentAction","name":"Comment","target":["https:\/\/vosgesinfo.fr\/remiremontinfo\/2023\/07\/30-jeunes-collegiens-cadets-de-defense-ont-recu-diplome\/#respond"]}]},{"@type":"WebPage","@id":"https:\/\/vosgesinfo.fr\/remiremontinfo\/2023\/07\/30-jeunes-collegiens-cadets-de-defense-ont-recu-diplome\/","url":"https:\/\/vosgesinfo.fr\/remiremontinfo\/2023\/07\/30-jeunes-collegiens-cadets-de-defense-ont-recu-diplome\/","name":"30 jeunes coll\u00e9giens cadets de la D\u00e9fense ont re\u00e7u leur dipl\u00f4me - Remiremont Info","isPartOf":{"@id":"https:\/\/vosgesinfo.fr\/remiremontinfo\/#website"},"primaryImageOfPage":{"@id":"https:\/\/vosgesinfo.fr\/remiremontinfo\/2023\/07\/30-jeunes-collegiens-cadets-de-defense-ont-recu-diplome\/#primaryimage"},"image":{"@id":"https:\/\/vosgesinfo.fr\/remiremontinfo\/2023\/07\/30-jeunes-collegiens-cadets-de-defense-ont-recu-diplome\/#primaryimage"},"thumbnailUrl":"https:\/\/vosgesinfo.fr\/app\/uploads\/sites\/5\/2024\/09\/202307cadets-de-la-defense-vosges-10-800x450-1.jpg","datePublished":"2023-07-06T16:21:09+00:00","dateModified":"2023-07-06T16:21:09+00:00","breadcrumb":{"@id":"https:\/\/vosgesinfo.fr\/remiremontinfo\/2023\/07\/30-jeunes-collegiens-cadets-de-defense-ont-recu-diplome\/#breadcrumb"},"inLanguage":"fr-FR","potentialAction":[{"@type":"ReadAction","target":["https:\/\/vosgesinfo.fr\/remiremontinfo\/2023\/07\/30-jeunes-collegiens-cadets-de-defense-ont-recu-diplome\/"]}]},{"@type":"ImageObject","inLanguage":"fr-FR","@id":"https:\/\/vosgesinfo.fr\/remiremontinfo\/2023\/07\/30-jeunes-collegiens-cadets-de-defense-ont-recu-diplome\/#primaryimage","url":"https:\/\/vosgesinfo.fr\/app\/uploads\/sites\/5\/2024\/09\/202307cadets-de-la-defense-vosges-10-800x450-1.jpg","contentUrl":"https:\/\/vosgesinfo.fr\/app\/uploads\/sites\/5\/2024\/09\/202307cadets-de-la-defense-vosges-10-800x450-1.jpg","width":800,"height":450},{"@type":"BreadcrumbList","@id":"https:\/\/vosgesinfo.fr\/remiremontinfo\/2023\/07\/30-jeunes-collegiens-cadets-de-defense-ont-recu-diplome\/#breadcrumb","itemListElement":[{"@type":"ListItem","position":1,"name":"Home","item":"https:\/\/vosgesinfo.fr\/remiremontinfo\/"},{"@type":"ListItem","position":2,"name":"30 jeunes coll\u00e9giens cadets de la D\u00e9fense ont re\u00e7u leur dipl\u00f4me"}]},{"@type":"WebSite","@id":"https:\/\/vosgesinfo.fr\/remiremontinfo\/#website","url":"https:\/\/vosgesinfo.fr\/remiremontinfo\/","name":"Remiremont Info","description":"Toute l&#039;actualit\u00e9 de Remiremont","publisher":{"@id":"https:\/\/vosgesinfo.fr\/remiremontinfo\/#organization"},"alternateName":"Toute l'actualit\u00e9 de Remiremont","potentialAction":[{"@type":"SearchAction","target":{"@type":"EntryPoint","urlTemplate":"https:\/\/vosgesinfo.fr\/remiremontinfo\/?s={search_term_string}"},"query-input":"required name=search_term_string"}],"inLanguage":"fr-FR"},{"@type":"Organization","@id":"https:\/\/vosgesinfo.fr\/remiremontinfo\/#organization","name":"Remiremont Info","url":"https:\/\/vosgesinfo.fr\/remiremontinfo\/","logo":{"@type":"ImageObject","inLanguage":"fr-FR","@id":"https:\/\/vosgesinfo.fr\/remiremontinfo\/#\/schema\/logo\/image\/","url":"https:\/\/vosgesinfo.fr\/app\/uploads\/sites\/5\/2023\/08\/favicon-remiremontinfo.png","contentUrl":"https:\/\/vosgesinfo.fr\/app\/uploads\/sites\/5\/2023\/08\/favicon-remiremontinfo.png","width":512,"height":512,"caption":"Remiremont Info"},"image":{"@id":"https:\/\/vosgesinfo.fr\/remiremontinfo\/#\/schema\/logo\/image\/"},"sameAs":["https:\/\/www.facebook.com\/remiremontinfo","https:\/\/x.com\/VosgesInfo88","https:\/\/www.youtube.com\/@vosgesinfo"]},{"@type":"Person","@id":"https:\/\/vosgesinfo.fr\/remiremontinfo\/#\/schema\/person\/27fd50bfa0474755c339da9cdfc89f3d","name":"C.M","image":{"@type":"ImageObject","inLanguage":"fr-FR","@id":"https:\/\/vosgesinfo.fr\/remiremontinfo\/#\/schema\/person\/image\/","url":"https:\/\/secure.gravatar.com\/avatar\/aeefb88e08fc3e19fa733c61898f1bec4517042b8355098e757f11b4d3d4df70?s=96&d=mm&r=g","contentUrl":"https:\/\/secure.gravatar.com\/avatar\/aeefb88e08fc3e19fa733c61898f1bec4517042b8355098e757f11b4d3d4df70?s=96&d=mm&r=g","caption":"C.M"},"url":"https:\/\/vosgesinfo.fr\/remiremontinfo\/author\/cathy88200\/"}]}},"_links":{"self":[{"href":"https:\/\/vosgesinfo.fr\/remiremontinfo\/wp-json\/wp\/v2\/posts\/72910","targetHints":{"allow":["GET"]}}],"collection":[{"href":"https:\/\/vosgesinfo.fr\/remiremontinfo\/wp-json\/wp\/v2\/posts"}],"about":[{"href":"https:\/\/vosgesinfo.fr\/remiremontinfo\/wp-json\/wp\/v2\/types\/post"}],"author":[{"embeddable":true,"href":"https:\/\/vosgesinfo.fr\/remiremontinfo\/wp-json\/wp\/v2\/users\/411"}],"replies":[{"embeddable":true,"href":"https:\/\/vosgesinfo.fr\/remiremontinfo\/wp-json\/wp\/v2\/comments?post=72910"}],"version-history":[{"count":0,"href":"https:\/\/vosgesinfo.fr\/remiremontinfo\/wp-json\/wp\/v2\/posts\/72910\/revisions"}],"wp:featuredmedia":[{"embeddable":true,"href":"https:\/\/vosgesinfo.fr\/remiremontinfo\/wp-json\/wp\/v2\/media\/72911"}],"wp:attachment":[{"href":"https:\/\/vosgesinfo.fr\/remiremontinfo\/wp-json\/wp\/v2\/media?parent=72910"}],"wp:term":[{"taxonomy":"category","embeddable":true,"href":"https:\/\/vosgesinfo.fr\/remiremontinfo\/wp-json\/wp\/v2\/categories?post=72910"},{"taxonomy":"post_tag","embeddable":true,"href":"https:\/\/vosgesinfo.fr\/remiremontinfo\/wp-json\/wp\/v2\/tags?post=72910"}],"curies":[{"name":"wp","href":"https:\/\/api.w.org\/{rel}","templated":true}]}}