{"id":73044,"date":"2023-07-12T15:18:34","date_gmt":"2023-07-12T13:18:34","guid":{"rendered":"https:\/\/vosgesinfo.fr\/remiremontinfo\/2023\/07\/lutte-contre-feux-de-foret-prefete-vosges-visite-pelicandrome-de-mirecourt\/"},"modified":"2023-07-12T15:18:34","modified_gmt":"2023-07-12T13:18:34","slug":"lutte-contre-feux-de-foret-prefete-vosges-visite-pelicandrome-de-mirecourt","status":"publish","type":"post","link":"https:\/\/vosgesinfo.fr\/remiremontinfo\/2023\/07\/lutte-contre-feux-de-foret-prefete-vosges-visite-pelicandrome-de-mirecourt\/","title":{"rendered":"Lutte contre les feux de for\u00eat : la pr\u00e9f\u00e8te des Vosges visite le pelicandrome de Mirecourt"},"content":{"rendered":"<p>Val\u00e9rie Michel-Moreaux, pr\u00e9f\u00e8te des Vosges, s&rsquo;est rendue au p\u00e9licandrome de Mirecourt o\u00f9 elle a rencontr\u00e9 les sapeurs pompiers pour une pr\u00e9sentation des nouveaux moyens op\u00e9rationnels de lutte contre les feux de for\u00eat.<\/p>\n<p>Cette lutte s\u2019appuie notamment sur les p\u00e9licandromes. Le p\u00e9licandrome est un lieu de<br \/>\nravitaillement en produit retardant ou en eau des avions bombardiers. Moteurs et h\u00e9lices<br \/>\ntournants, moins de dix minutes suffisent pour faire le plein d\u2019un Dash 8 Q400. Le<br \/>\np\u00e9licandrome est mis en oeuvre par les services d\u2019incendie et de secours (SIS), avec un<br \/>\nminimum de trois sapeurs-pompiers form\u00e9s au remplissage des avions.<br \/>\nChaque avion peut emporter 10 tonnes d&rsquo;eau et de produit retardant \u00e0 chaque rotation. Au<br \/>\nsol il faut 6 minutes pour remplir les cuves, moteurs tournant, alors que la mission se pr\u00e9pare.<br \/>\nL\u2019a\u00e9roport d\u2019Epinal-Mirecourt accueille depuis 2021 un p\u00e9licandrome qui pr\u00e9vient et combat<br \/>\nles incendies de for\u00eat dans la zone-Est, qui regroupe 18 d\u00e9partements et les zones frontali\u00e8res<br \/>\nd&rsquo;Allemagne de Belgique du Luxembourg et de Suisse.<br \/>\nDepuis d\u00e9but juillet, le p\u00e9licandrome d\u2019Epinal-Mirecourt a \u00e9t\u00e9 dot\u00e9 d\u2019une station mobile de<br \/>\nretardant dans le cadre du pacte capacitaire d\u00e9cid\u00e9 par le Pr\u00e9sident de la R\u00e9publique.<br \/>\nLes \u00e9quipes du SDIS ont \u00e9galement pr\u00e9sent\u00e9 \u00e0 Madame la Pr\u00e9f\u00e8te, un drone acquis en 2023,<br \/>\ncofinanc\u00e9 par le Fonds vert (Dot\u00e9 de 2 milliards d\u2019euros de cr\u00e9dits d\u00e9concentr\u00e9s aux pr\u00e9fets, le<br \/>\nFond Vert est destin\u00e9 \u00e0 financer des projets dans trois domaines : performance<br \/>\nenvironnementale, adaptation du territoire au changement climatique et am\u00e9lioration du cadre<br \/>\nde vie).<br \/>\nLe dispositif op\u00e9rationnel de lutte contre les feux de for\u00eat s\u2019adapte en permanence aux<br \/>\nnouveaux enjeux auxquels le d\u00e9partement des Vosges est confront\u00e9.<br \/>\n<strong>Le savez-vous ?<\/strong><br \/>\nLe nom de p\u00e9licandrome provient de l\u2019indicatif radio des Canadair, avions bombardiers de la S\u00e9curit\u00e9 civile, qui sont appel\u00e9s \u00ab P\u00e9lican \u00bb.<\/p>\n","protected":false},"excerpt":{"rendered":"<p>Val\u00e9rie Michel-Moreaux, pr\u00e9f\u00e8te des Vosges, s&rsquo;est rendue au p\u00e9licandrome de Mirecourt o\u00f9 elle a rencontr\u00e9 les sapeurs pompiers pour une [&hellip;]<\/p>\n","protected":false},"author":39,"featured_media":73045,"comment_status":"open","ping_status":"open","sticky":false,"template":"","format":"standard","meta":{"footnotes":""},"categories":[26,18],"tags":[6036],"class_list":["post-73044","post","type-post","status-publish","format-standard","has-post-thumbnail","hentry","category-a-la-une","category-vosges","tag-pelicandrome"],"acf":[],"yoast_head":"<!-- This site is optimized with the Yoast SEO plugin v22.5 - https:\/\/yoast.com\/wordpress\/plugins\/seo\/ -->\n<title>Lutte contre les feux de for\u00eat : la pr\u00e9f\u00e8te des Vosges visite le pelicandrome de Mirecourt - Remiremont Info<\/title>\n<meta name=\"robots\" content=\"index, follow, max-snippet:-1, max-image-preview:large, max-video-preview:-1\" \/>\n<link rel=\"canonical\" href=\"https:\/\/vosgesinfo.fr\/remiremontinfo\/2023\/07\/lutte-contre-feux-de-foret-prefete-vosges-visite-pelicandrome-de-mirecourt\/\" \/>\n<meta name=\"twitter:card\" content=\"summary_large_image\" \/>\n<meta name=\"twitter:title\" content=\"Lutte contre les feux de for\u00eat : la pr\u00e9f\u00e8te des Vosges visite le pelicandrome de Mirecourt - Remiremont Info\" \/>\n<meta name=\"twitter:description\" content=\"Val\u00e9rie Michel-Moreaux, pr\u00e9f\u00e8te des Vosges, s&rsquo;est rendue au p\u00e9licandrome de Mirecourt o\u00f9 elle a rencontr\u00e9 les sapeurs pompiers pour une [&hellip;]\" \/>\n<meta name=\"twitter:image\" content=\"https:\/\/vosgesinfo.fr\/app\/uploads\/sites\/5\/2024\/09\/202304ecopage-canadair-lac-de-gerardmer-tests-3-400x225-3.jpg\" \/>\n<meta name=\"twitter:creator\" content=\"@VosgesInfo88\" \/>\n<meta name=\"twitter:site\" content=\"@VosgesInfo88\" \/>\n<meta name=\"twitter:label1\" content=\"\u00c9crit par\" \/>\n\t<meta name=\"twitter:data1\" content=\"Phj\" \/>\n\t<meta name=\"twitter:label2\" content=\"Dur\u00e9e de lecture estim\u00e9e\" \/>\n\t<meta name=\"twitter:data2\" content=\"2 minutes\" \/>\n<script type=\"application\/ld+json\" class=\"yoast-schema-graph\">{\"@context\":\"https:\/\/schema.org\",\"@graph\":[{\"@type\":\"Article\",\"@id\":\"https:\/\/vosgesinfo.fr\/remiremontinfo\/2023\/07\/lutte-contre-feux-de-foret-prefete-vosges-visite-pelicandrome-de-mirecourt\/#article\",\"isPartOf\":{\"@id\":\"https:\/\/vosgesinfo.fr\/remiremontinfo\/2023\/07\/lutte-contre-feux-de-foret-prefete-vosges-visite-pelicandrome-de-mirecourt\/\"},\"author\":{\"name\":\"Phj\",\"@id\":\"https:\/\/vosgesinfo.fr\/remiremontinfo\/#\/schema\/person\/4f57dc393faf2ac8b9f1cab30ad79250\"},\"headline\":\"Lutte contre les feux de for\u00eat : la pr\u00e9f\u00e8te des Vosges visite le pelicandrome de Mirecourt\",\"datePublished\":\"2023-07-12T13:18:34+00:00\",\"dateModified\":\"2023-07-12T13:18:34+00:00\",\"mainEntityOfPage\":{\"@id\":\"https:\/\/vosgesinfo.fr\/remiremontinfo\/2023\/07\/lutte-contre-feux-de-foret-prefete-vosges-visite-pelicandrome-de-mirecourt\/\"},\"wordCount\":352,\"commentCount\":0,\"publisher\":{\"@id\":\"https:\/\/vosgesinfo.fr\/remiremontinfo\/#organization\"},\"image\":{\"@id\":\"https:\/\/vosgesinfo.fr\/remiremontinfo\/2023\/07\/lutte-contre-feux-de-foret-prefete-vosges-visite-pelicandrome-de-mirecourt\/#primaryimage\"},\"thumbnailUrl\":\"https:\/\/vosgesinfo.fr\/app\/uploads\/sites\/5\/2024\/09\/202304ecopage-canadair-lac-de-gerardmer-tests-3-400x225-3.jpg\",\"keywords\":[\"pelicandrome\"],\"articleSection\":[\"A la Une\",\"Vosges\"],\"inLanguage\":\"fr-FR\",\"potentialAction\":[{\"@type\":\"CommentAction\",\"name\":\"Comment\",\"target\":[\"https:\/\/vosgesinfo.fr\/remiremontinfo\/2023\/07\/lutte-contre-feux-de-foret-prefete-vosges-visite-pelicandrome-de-mirecourt\/#respond\"]}]},{\"@type\":\"WebPage\",\"@id\":\"https:\/\/vosgesinfo.fr\/remiremontinfo\/2023\/07\/lutte-contre-feux-de-foret-prefete-vosges-visite-pelicandrome-de-mirecourt\/\",\"url\":\"https:\/\/vosgesinfo.fr\/remiremontinfo\/2023\/07\/lutte-contre-feux-de-foret-prefete-vosges-visite-pelicandrome-de-mirecourt\/\",\"name\":\"Lutte contre les feux de for\u00eat : la pr\u00e9f\u00e8te des Vosges visite le pelicandrome de Mirecourt - Remiremont Info\",\"isPartOf\":{\"@id\":\"https:\/\/vosgesinfo.fr\/remiremontinfo\/#website\"},\"primaryImageOfPage\":{\"@id\":\"https:\/\/vosgesinfo.fr\/remiremontinfo\/2023\/07\/lutte-contre-feux-de-foret-prefete-vosges-visite-pelicandrome-de-mirecourt\/#primaryimage\"},\"image\":{\"@id\":\"https:\/\/vosgesinfo.fr\/remiremontinfo\/2023\/07\/lutte-contre-feux-de-foret-prefete-vosges-visite-pelicandrome-de-mirecourt\/#primaryimage\"},\"thumbnailUrl\":\"https:\/\/vosgesinfo.fr\/app\/uploads\/sites\/5\/2024\/09\/202304ecopage-canadair-lac-de-gerardmer-tests-3-400x225-3.jpg\",\"datePublished\":\"2023-07-12T13:18:34+00:00\",\"dateModified\":\"2023-07-12T13:18:34+00:00\",\"breadcrumb\":{\"@id\":\"https:\/\/vosgesinfo.fr\/remiremontinfo\/2023\/07\/lutte-contre-feux-de-foret-prefete-vosges-visite-pelicandrome-de-mirecourt\/#breadcrumb\"},\"inLanguage\":\"fr-FR\",\"potentialAction\":[{\"@type\":\"ReadAction\",\"target\":[\"https:\/\/vosgesinfo.fr\/remiremontinfo\/2023\/07\/lutte-contre-feux-de-foret-prefete-vosges-visite-pelicandrome-de-mirecourt\/\"]}]},{\"@type\":\"ImageObject\",\"inLanguage\":\"fr-FR\",\"@id\":\"https:\/\/vosgesinfo.fr\/remiremontinfo\/2023\/07\/lutte-contre-feux-de-foret-prefete-vosges-visite-pelicandrome-de-mirecourt\/#primaryimage\",\"url\":\"https:\/\/vosgesinfo.fr\/app\/uploads\/sites\/5\/2024\/09\/202304ecopage-canadair-lac-de-gerardmer-tests-3-400x225-3.jpg\",\"contentUrl\":\"https:\/\/vosgesinfo.fr\/app\/uploads\/sites\/5\/2024\/09\/202304ecopage-canadair-lac-de-gerardmer-tests-3-400x225-3.jpg\",\"width\":400,\"height\":225},{\"@type\":\"BreadcrumbList\",\"@id\":\"https:\/\/vosgesinfo.fr\/remiremontinfo\/2023\/07\/lutte-contre-feux-de-foret-prefete-vosges-visite-pelicandrome-de-mirecourt\/#breadcrumb\",\"itemListElement\":[{\"@type\":\"ListItem\",\"position\":1,\"name\":\"Home\",\"item\":\"https:\/\/vosgesinfo.fr\/remiremontinfo\/\"},{\"@type\":\"ListItem\",\"position\":2,\"name\":\"Lutte contre les feux de for\u00eat : la pr\u00e9f\u00e8te des Vosges visite le pelicandrome de Mirecourt\"}]},{\"@type\":\"WebSite\",\"@id\":\"https:\/\/vosgesinfo.fr\/remiremontinfo\/#website\",\"url\":\"https:\/\/vosgesinfo.fr\/remiremontinfo\/\",\"name\":\"Remiremont Info\",\"description\":\"Toute l&#039;actualit\u00e9 de Remiremont\",\"publisher\":{\"@id\":\"https:\/\/vosgesinfo.fr\/remiremontinfo\/#organization\"},\"alternateName\":\"Toute l'actualit\u00e9 de Remiremont\",\"potentialAction\":[{\"@type\":\"SearchAction\",\"target\":{\"@type\":\"EntryPoint\",\"urlTemplate\":\"https:\/\/vosgesinfo.fr\/remiremontinfo\/?s={search_term_string}\"},\"query-input\":\"required name=search_term_string\"}],\"inLanguage\":\"fr-FR\"},{\"@type\":\"Organization\",\"@id\":\"https:\/\/vosgesinfo.fr\/remiremontinfo\/#organization\",\"name\":\"Remiremont Info\",\"url\":\"https:\/\/vosgesinfo.fr\/remiremontinfo\/\",\"logo\":{\"@type\":\"ImageObject\",\"inLanguage\":\"fr-FR\",\"@id\":\"https:\/\/vosgesinfo.fr\/remiremontinfo\/#\/schema\/logo\/image\/\",\"url\":\"https:\/\/vosgesinfo.fr\/app\/uploads\/sites\/5\/2023\/08\/favicon-remiremontinfo.png\",\"contentUrl\":\"https:\/\/vosgesinfo.fr\/app\/uploads\/sites\/5\/2023\/08\/favicon-remiremontinfo.png\",\"width\":512,\"height\":512,\"caption\":\"Remiremont Info\"},\"image\":{\"@id\":\"https:\/\/vosgesinfo.fr\/remiremontinfo\/#\/schema\/logo\/image\/\"},\"sameAs\":[\"https:\/\/www.facebook.com\/remiremontinfo\",\"https:\/\/x.com\/VosgesInfo88\",\"https:\/\/www.youtube.com\/@vosgesinfo\"]},{\"@type\":\"Person\",\"@id\":\"https:\/\/vosgesinfo.fr\/remiremontinfo\/#\/schema\/person\/4f57dc393faf2ac8b9f1cab30ad79250\",\"name\":\"Phj\",\"image\":{\"@type\":\"ImageObject\",\"inLanguage\":\"fr-FR\",\"@id\":\"https:\/\/vosgesinfo.fr\/remiremontinfo\/#\/schema\/person\/image\/\",\"url\":\"https:\/\/secure.gravatar.com\/avatar\/ada60265080fb9a89c9809bf0abb1f448a128cb85db1c08905baa5038fbe3cfe?s=96&d=mm&r=g\",\"contentUrl\":\"https:\/\/secure.gravatar.com\/avatar\/ada60265080fb9a89c9809bf0abb1f448a128cb85db1c08905baa5038fbe3cfe?s=96&d=mm&r=g\",\"caption\":\"Phj\"},\"url\":\"https:\/\/vosgesinfo.fr\/remiremontinfo\/author\/phj\/\"}]}<\/script>\n<!-- \/ Yoast SEO plugin. -->","yoast_head_json":{"title":"Lutte contre les feux de for\u00eat : la pr\u00e9f\u00e8te des Vosges visite le pelicandrome de Mirecourt - Remiremont Info","robots":{"index":"index","follow":"follow","max-snippet":"max-snippet:-1","max-image-preview":"max-image-preview:large","max-video-preview":"max-video-preview:-1"},"canonical":"https:\/\/vosgesinfo.fr\/remiremontinfo\/2023\/07\/lutte-contre-feux-de-foret-prefete-vosges-visite-pelicandrome-de-mirecourt\/","twitter_card":"summary_large_image","twitter_title":"Lutte contre les feux de for\u00eat : la pr\u00e9f\u00e8te des Vosges visite le pelicandrome de Mirecourt - Remiremont Info","twitter_description":"Val\u00e9rie Michel-Moreaux, pr\u00e9f\u00e8te des Vosges, s&rsquo;est rendue au p\u00e9licandrome de Mirecourt o\u00f9 elle a rencontr\u00e9 les sapeurs pompiers pour une [&hellip;]","twitter_image":"https:\/\/vosgesinfo.fr\/app\/uploads\/sites\/5\/2024\/09\/202304ecopage-canadair-lac-de-gerardmer-tests-3-400x225-3.jpg","twitter_creator":"@VosgesInfo88","twitter_site":"@VosgesInfo88","twitter_misc":{"\u00c9crit par":"Phj","Dur\u00e9e de lecture estim\u00e9e":"2 minutes"},"schema":{"@context":"https:\/\/schema.org","@graph":[{"@type":"Article","@id":"https:\/\/vosgesinfo.fr\/remiremontinfo\/2023\/07\/lutte-contre-feux-de-foret-prefete-vosges-visite-pelicandrome-de-mirecourt\/#article","isPartOf":{"@id":"https:\/\/vosgesinfo.fr\/remiremontinfo\/2023\/07\/lutte-contre-feux-de-foret-prefete-vosges-visite-pelicandrome-de-mirecourt\/"},"author":{"name":"Phj","@id":"https:\/\/vosgesinfo.fr\/remiremontinfo\/#\/schema\/person\/4f57dc393faf2ac8b9f1cab30ad79250"},"headline":"Lutte contre les feux de for\u00eat : la pr\u00e9f\u00e8te des Vosges visite le pelicandrome de Mirecourt","datePublished":"2023-07-12T13:18:34+00:00","dateModified":"2023-07-12T13:18:34+00:00","mainEntityOfPage":{"@id":"https:\/\/vosgesinfo.fr\/remiremontinfo\/2023\/07\/lutte-contre-feux-de-foret-prefete-vosges-visite-pelicandrome-de-mirecourt\/"},"wordCount":352,"commentCount":0,"publisher":{"@id":"https:\/\/vosgesinfo.fr\/remiremontinfo\/#organization"},"image":{"@id":"https:\/\/vosgesinfo.fr\/remiremontinfo\/2023\/07\/lutte-contre-feux-de-foret-prefete-vosges-visite-pelicandrome-de-mirecourt\/#primaryimage"},"thumbnailUrl":"https:\/\/vosgesinfo.fr\/app\/uploads\/sites\/5\/2024\/09\/202304ecopage-canadair-lac-de-gerardmer-tests-3-400x225-3.jpg","keywords":["pelicandrome"],"articleSection":["A la Une","Vosges"],"inLanguage":"fr-FR","potentialAction":[{"@type":"CommentAction","name":"Comment","target":["https:\/\/vosgesinfo.fr\/remiremontinfo\/2023\/07\/lutte-contre-feux-de-foret-prefete-vosges-visite-pelicandrome-de-mirecourt\/#respond"]}]},{"@type":"WebPage","@id":"https:\/\/vosgesinfo.fr\/remiremontinfo\/2023\/07\/lutte-contre-feux-de-foret-prefete-vosges-visite-pelicandrome-de-mirecourt\/","url":"https:\/\/vosgesinfo.fr\/remiremontinfo\/2023\/07\/lutte-contre-feux-de-foret-prefete-vosges-visite-pelicandrome-de-mirecourt\/","name":"Lutte contre les feux de for\u00eat : la pr\u00e9f\u00e8te des Vosges visite le pelicandrome de Mirecourt - Remiremont Info","isPartOf":{"@id":"https:\/\/vosgesinfo.fr\/remiremontinfo\/#website"},"primaryImageOfPage":{"@id":"https:\/\/vosgesinfo.fr\/remiremontinfo\/2023\/07\/lutte-contre-feux-de-foret-prefete-vosges-visite-pelicandrome-de-mirecourt\/#primaryimage"},"image":{"@id":"https:\/\/vosgesinfo.fr\/remiremontinfo\/2023\/07\/lutte-contre-feux-de-foret-prefete-vosges-visite-pelicandrome-de-mirecourt\/#primaryimage"},"thumbnailUrl":"https:\/\/vosgesinfo.fr\/app\/uploads\/sites\/5\/2024\/09\/202304ecopage-canadair-lac-de-gerardmer-tests-3-400x225-3.jpg","datePublished":"2023-07-12T13:18:34+00:00","dateModified":"2023-07-12T13:18:34+00:00","breadcrumb":{"@id":"https:\/\/vosgesinfo.fr\/remiremontinfo\/2023\/07\/lutte-contre-feux-de-foret-prefete-vosges-visite-pelicandrome-de-mirecourt\/#breadcrumb"},"inLanguage":"fr-FR","potentialAction":[{"@type":"ReadAction","target":["https:\/\/vosgesinfo.fr\/remiremontinfo\/2023\/07\/lutte-contre-feux-de-foret-prefete-vosges-visite-pelicandrome-de-mirecourt\/"]}]},{"@type":"ImageObject","inLanguage":"fr-FR","@id":"https:\/\/vosgesinfo.fr\/remiremontinfo\/2023\/07\/lutte-contre-feux-de-foret-prefete-vosges-visite-pelicandrome-de-mirecourt\/#primaryimage","url":"https:\/\/vosgesinfo.fr\/app\/uploads\/sites\/5\/2024\/09\/202304ecopage-canadair-lac-de-gerardmer-tests-3-400x225-3.jpg","contentUrl":"https:\/\/vosgesinfo.fr\/app\/uploads\/sites\/5\/2024\/09\/202304ecopage-canadair-lac-de-gerardmer-tests-3-400x225-3.jpg","width":400,"height":225},{"@type":"BreadcrumbList","@id":"https:\/\/vosgesinfo.fr\/remiremontinfo\/2023\/07\/lutte-contre-feux-de-foret-prefete-vosges-visite-pelicandrome-de-mirecourt\/#breadcrumb","itemListElement":[{"@type":"ListItem","position":1,"name":"Home","item":"https:\/\/vosgesinfo.fr\/remiremontinfo\/"},{"@type":"ListItem","position":2,"name":"Lutte contre les feux de for\u00eat : la pr\u00e9f\u00e8te des Vosges visite le pelicandrome de Mirecourt"}]},{"@type":"WebSite","@id":"https:\/\/vosgesinfo.fr\/remiremontinfo\/#website","url":"https:\/\/vosgesinfo.fr\/remiremontinfo\/","name":"Remiremont Info","description":"Toute l&#039;actualit\u00e9 de Remiremont","publisher":{"@id":"https:\/\/vosgesinfo.fr\/remiremontinfo\/#organization"},"alternateName":"Toute l'actualit\u00e9 de Remiremont","potentialAction":[{"@type":"SearchAction","target":{"@type":"EntryPoint","urlTemplate":"https:\/\/vosgesinfo.fr\/remiremontinfo\/?s={search_term_string}"},"query-input":"required name=search_term_string"}],"inLanguage":"fr-FR"},{"@type":"Organization","@id":"https:\/\/vosgesinfo.fr\/remiremontinfo\/#organization","name":"Remiremont Info","url":"https:\/\/vosgesinfo.fr\/remiremontinfo\/","logo":{"@type":"ImageObject","inLanguage":"fr-FR","@id":"https:\/\/vosgesinfo.fr\/remiremontinfo\/#\/schema\/logo\/image\/","url":"https:\/\/vosgesinfo.fr\/app\/uploads\/sites\/5\/2023\/08\/favicon-remiremontinfo.png","contentUrl":"https:\/\/vosgesinfo.fr\/app\/uploads\/sites\/5\/2023\/08\/favicon-remiremontinfo.png","width":512,"height":512,"caption":"Remiremont Info"},"image":{"@id":"https:\/\/vosgesinfo.fr\/remiremontinfo\/#\/schema\/logo\/image\/"},"sameAs":["https:\/\/www.facebook.com\/remiremontinfo","https:\/\/x.com\/VosgesInfo88","https:\/\/www.youtube.com\/@vosgesinfo"]},{"@type":"Person","@id":"https:\/\/vosgesinfo.fr\/remiremontinfo\/#\/schema\/person\/4f57dc393faf2ac8b9f1cab30ad79250","name":"Phj","image":{"@type":"ImageObject","inLanguage":"fr-FR","@id":"https:\/\/vosgesinfo.fr\/remiremontinfo\/#\/schema\/person\/image\/","url":"https:\/\/secure.gravatar.com\/avatar\/ada60265080fb9a89c9809bf0abb1f448a128cb85db1c08905baa5038fbe3cfe?s=96&d=mm&r=g","contentUrl":"https:\/\/secure.gravatar.com\/avatar\/ada60265080fb9a89c9809bf0abb1f448a128cb85db1c08905baa5038fbe3cfe?s=96&d=mm&r=g","caption":"Phj"},"url":"https:\/\/vosgesinfo.fr\/remiremontinfo\/author\/phj\/"}]}},"_links":{"self":[{"href":"https:\/\/vosgesinfo.fr\/remiremontinfo\/wp-json\/wp\/v2\/posts\/73044","targetHints":{"allow":["GET"]}}],"collection":[{"href":"https:\/\/vosgesinfo.fr\/remiremontinfo\/wp-json\/wp\/v2\/posts"}],"about":[{"href":"https:\/\/vosgesinfo.fr\/remiremontinfo\/wp-json\/wp\/v2\/types\/post"}],"author":[{"embeddable":true,"href":"https:\/\/vosgesinfo.fr\/remiremontinfo\/wp-json\/wp\/v2\/users\/39"}],"replies":[{"embeddable":true,"href":"https:\/\/vosgesinfo.fr\/remiremontinfo\/wp-json\/wp\/v2\/comments?post=73044"}],"version-history":[{"count":0,"href":"https:\/\/vosgesinfo.fr\/remiremontinfo\/wp-json\/wp\/v2\/posts\/73044\/revisions"}],"wp:featuredmedia":[{"embeddable":true,"href":"https:\/\/vosgesinfo.fr\/remiremontinfo\/wp-json\/wp\/v2\/media\/73045"}],"wp:attachment":[{"href":"https:\/\/vosgesinfo.fr\/remiremontinfo\/wp-json\/wp\/v2\/media?parent=73044"}],"wp:term":[{"taxonomy":"category","embeddable":true,"href":"https:\/\/vosgesinfo.fr\/remiremontinfo\/wp-json\/wp\/v2\/categories?post=73044"},{"taxonomy":"post_tag","embeddable":true,"href":"https:\/\/vosgesinfo.fr\/remiremontinfo\/wp-json\/wp\/v2\/tags?post=73044"}],"curies":[{"name":"wp","href":"https:\/\/api.w.org\/{rel}","templated":true}]}}