{"id":73056,"date":"2023-07-13T13:25:48","date_gmt":"2023-07-13T11:25:48","guid":{"rendered":"https:\/\/vosgesinfo.fr\/remiremontinfo\/2023\/07\/animations-a-venir-a-maison-de-bresse\/"},"modified":"2023-07-13T13:25:48","modified_gmt":"2023-07-13T11:25:48","slug":"animations-a-venir-a-maison-de-bresse","status":"publish","type":"post","link":"https:\/\/vosgesinfo.fr\/remiremontinfo\/2023\/07\/animations-a-venir-a-maison-de-bresse\/","title":{"rendered":"Animations \u00e0 venir \u00e0 la Maison de la Bresse"},"content":{"rendered":"<p><a href=\"https:\/\/remiremontinfo.fr\/2023\/07\/animations-a-venir-a-maison-de-bresse\/au_chevalet\/\" rel=\"attachment wp-att-374320\"><img decoding=\"async\" class=\"aligncenter size-medium wp-image-374320\" src=\"\/2023\/07\/Au_chevalet-357x255.jpg\" alt=\"Au_chevalet\" width=\"357\" height=\"255\" \/><\/a><\/p>\n<p>\u2022 Dans l\u2019atelier d\u2019Olivier Claudon<br \/>\nJeudi 20 juillet \u2013 20h30 \/ Maison de La Bresse &#8211; entr\u00e9e libre et gratuite<br \/>\nVous connaissez peut-\u00eatre les soir\u00e9es \u00ab Dans le salon \u00bb de la Maison de La Bresse \u2026 Le probl\u00e8me c\u2019est<br \/>\nque cet \u00e9t\u00e9, activit\u00e9 professionnelle oblige, l\u2019invit\u00e9 n\u2019a pas souhait\u00e9 vous convier dans son salon mais<br \/>\ndans son atelier !<br \/>\n<a href=\"https:\/\/remiremontinfo.fr\/2023\/07\/animations-a-venir-a-maison-de-bresse\/affiche-a4_plan-de-travail-1\/\" rel=\"attachment wp-att-374319\"><img decoding=\"async\" class=\"alignright size-medium wp-image-374319\" src=\"\/2023\/07\/affiche-a4_Plan-de-travail-1-181x255.png\" alt=\"affiche a4_Plan de travail 1\" width=\"181\" height=\"255\" \/><\/a>Olivier Claudon, le c\u00e9l\u00e8bre artiste peintre animalier, se pr\u00eatera au jeu des confidences dans cet entretien<br \/>\nmen\u00e9 dans une ambiance toute particuli\u00e8re. Plongez au coeur de son atelier, reconstitu\u00e9 pour l\u2019occasion<br \/>\ndans la Maison de La Bresse, et d\u00e9couvrez son quotidien, sa vie, ses secrets !<br \/>\nDes anecdotes, des invit\u00e9s et des surprises viendront ponctuer cette soir\u00e9e rencontre avec ce visage<br \/>\nque l\u2019on conna\u00eet bien mais cette personnalit\u00e9 beaucoup plus discr\u00e8te !<\/p>\n<p>\u2022 Les interludes<br \/>\nJeudi 27 et vendredi 28 juillet &#8211; entr\u00e9e libre et gratuite<br \/>\nAvant de faire r\u00e9sonner l\u2019\u00c9glise Saint Laurent de tous leurs talents, Gwena\u00eblle Cl\u00e9mino, chant lyrique,<br \/>\nAnne Salomon, harpe, et Guillaume Foisseau, trompette, iront \u00e0 la rencontre des g\u00e9n\u00e9rations afin de<br \/>\npartager leur amour de la musique.<br \/>\nComme il n\u2019y a pas d\u2019\u00e2ge pour d\u00e9couvrir et aimer les grands compositeurs, les trois musiciens proposeront<br \/>\ntrois interludes. Si deux seront \u00ab priv\u00e9s \u00bb, avec les petits de la cr\u00e8che Les P\u2019tits Amis de Oui-Oui et<br \/>\nles a\u00een\u00e9s de l\u2019EHPAD de la Clairie, le troisi\u00e8me sera ouvert \u00e0 tous et se tiendra le jeudi 27 juillet \u00e0 17h \u00e0<br \/>\nla Maison de La Bresse. De quoi vous mettre en app\u00e9tit avant le concert du samedi !<\/p>\n<p>\u2022 Le rendez-vous !<br \/>\nSamedi 29 juillet \u2013 20h30 \/ \u00c9glise Saint Laurent \/ Entr\u00e9e : 7 \u20ac<br \/>\nVoici trois raisons de ne pas manquer ce rendez-vous !<br \/>\n1. D\u00e9couvrir l\u2019orgue autrement qu\u2019\u00e0 la messe et se r\u00e9jouir de le voir accompagn\u00e9 par des instruments<br \/>\nplus doux.<br \/>\n2. D\u00e9couvrir l\u2019\u00e9glise de nuit et la lumi\u00e8re toute particuli\u00e8re que les vitraux procurent.<br \/>\n3. Passer 1h30 au frais !<br \/>\nInfos pratiques :<br \/>\nMaison de La Bresse, 7A rue de la Clairie &#8211; 03 29 62 65 95 \/ 03 29 25 40 21<br \/>\nFacebook : La Bresse \/ www.labresse.fr<\/p>\n","protected":false},"excerpt":{"rendered":"<p>\u2022 Dans l\u2019atelier d\u2019Olivier Claudon Jeudi 20 juillet \u2013 20h30 \/ Maison de La Bresse &#8211; entr\u00e9e libre et gratuite [&hellip;]<\/p>\n","protected":false},"author":39,"featured_media":73057,"comment_status":"open","ping_status":"open","sticky":false,"template":"","format":"standard","meta":{"footnotes":""},"categories":[26,4],"tags":[],"class_list":["post-73056","post","type-post","status-publish","format-standard","has-post-thumbnail","hentry","category-a-la-une","category-culture"],"acf":[],"yoast_head":"<!-- This site is optimized with the Yoast SEO plugin v22.5 - https:\/\/yoast.com\/wordpress\/plugins\/seo\/ -->\n<title>Animations \u00e0 venir \u00e0 la Maison de la Bresse - Remiremont Info<\/title>\n<meta name=\"robots\" content=\"index, follow, max-snippet:-1, max-image-preview:large, max-video-preview:-1\" \/>\n<link rel=\"canonical\" href=\"https:\/\/vosgesinfo.fr\/remiremontinfo\/2023\/07\/animations-a-venir-a-maison-de-bresse\/\" \/>\n<meta name=\"twitter:card\" content=\"summary_large_image\" \/>\n<meta name=\"twitter:title\" content=\"Animations \u00e0 venir \u00e0 la Maison de la Bresse - Remiremont Info\" \/>\n<meta name=\"twitter:description\" content=\"\u2022 Dans l\u2019atelier d\u2019Olivier Claudon Jeudi 20 juillet \u2013 20h30 \/ Maison de La Bresse &#8211; entr\u00e9e libre et gratuite [&hellip;]\" \/>\n<meta name=\"twitter:image\" content=\"https:\/\/vosgesinfo.fr\/app\/uploads\/sites\/5\/2024\/09\/202307affiche-a4-plan-de-travail-1.png\" \/>\n<meta name=\"twitter:creator\" content=\"@VosgesInfo88\" \/>\n<meta name=\"twitter:site\" content=\"@VosgesInfo88\" \/>\n<meta name=\"twitter:label1\" content=\"\u00c9crit par\" \/>\n\t<meta name=\"twitter:data1\" content=\"Phj\" \/>\n\t<meta name=\"twitter:label2\" content=\"Dur\u00e9e de lecture estim\u00e9e\" \/>\n\t<meta name=\"twitter:data2\" content=\"2 minutes\" \/>\n<script type=\"application\/ld+json\" class=\"yoast-schema-graph\">{\"@context\":\"https:\/\/schema.org\",\"@graph\":[{\"@type\":\"Article\",\"@id\":\"https:\/\/vosgesinfo.fr\/remiremontinfo\/2023\/07\/animations-a-venir-a-maison-de-bresse\/#article\",\"isPartOf\":{\"@id\":\"https:\/\/vosgesinfo.fr\/remiremontinfo\/2023\/07\/animations-a-venir-a-maison-de-bresse\/\"},\"author\":{\"name\":\"Phj\",\"@id\":\"https:\/\/vosgesinfo.fr\/remiremontinfo\/#\/schema\/person\/4f57dc393faf2ac8b9f1cab30ad79250\"},\"headline\":\"Animations \u00e0 venir \u00e0 la Maison de la Bresse\",\"datePublished\":\"2023-07-13T11:25:48+00:00\",\"dateModified\":\"2023-07-13T11:25:48+00:00\",\"mainEntityOfPage\":{\"@id\":\"https:\/\/vosgesinfo.fr\/remiremontinfo\/2023\/07\/animations-a-venir-a-maison-de-bresse\/\"},\"wordCount\":362,\"commentCount\":0,\"publisher\":{\"@id\":\"https:\/\/vosgesinfo.fr\/remiremontinfo\/#organization\"},\"image\":{\"@id\":\"https:\/\/vosgesinfo.fr\/remiremontinfo\/2023\/07\/animations-a-venir-a-maison-de-bresse\/#primaryimage\"},\"thumbnailUrl\":\"https:\/\/vosgesinfo.fr\/app\/uploads\/sites\/5\/2024\/09\/202307affiche-a4-plan-de-travail-1.png\",\"articleSection\":[\"A la Une\",\"Culture\"],\"inLanguage\":\"fr-FR\",\"potentialAction\":[{\"@type\":\"CommentAction\",\"name\":\"Comment\",\"target\":[\"https:\/\/vosgesinfo.fr\/remiremontinfo\/2023\/07\/animations-a-venir-a-maison-de-bresse\/#respond\"]}]},{\"@type\":\"WebPage\",\"@id\":\"https:\/\/vosgesinfo.fr\/remiremontinfo\/2023\/07\/animations-a-venir-a-maison-de-bresse\/\",\"url\":\"https:\/\/vosgesinfo.fr\/remiremontinfo\/2023\/07\/animations-a-venir-a-maison-de-bresse\/\",\"name\":\"Animations \u00e0 venir \u00e0 la Maison de la Bresse - Remiremont Info\",\"isPartOf\":{\"@id\":\"https:\/\/vosgesinfo.fr\/remiremontinfo\/#website\"},\"primaryImageOfPage\":{\"@id\":\"https:\/\/vosgesinfo.fr\/remiremontinfo\/2023\/07\/animations-a-venir-a-maison-de-bresse\/#primaryimage\"},\"image\":{\"@id\":\"https:\/\/vosgesinfo.fr\/remiremontinfo\/2023\/07\/animations-a-venir-a-maison-de-bresse\/#primaryimage\"},\"thumbnailUrl\":\"https:\/\/vosgesinfo.fr\/app\/uploads\/sites\/5\/2024\/09\/202307affiche-a4-plan-de-travail-1.png\",\"datePublished\":\"2023-07-13T11:25:48+00:00\",\"dateModified\":\"2023-07-13T11:25:48+00:00\",\"breadcrumb\":{\"@id\":\"https:\/\/vosgesinfo.fr\/remiremontinfo\/2023\/07\/animations-a-venir-a-maison-de-bresse\/#breadcrumb\"},\"inLanguage\":\"fr-FR\",\"potentialAction\":[{\"@type\":\"ReadAction\",\"target\":[\"https:\/\/vosgesinfo.fr\/remiremontinfo\/2023\/07\/animations-a-venir-a-maison-de-bresse\/\"]}]},{\"@type\":\"ImageObject\",\"inLanguage\":\"fr-FR\",\"@id\":\"https:\/\/vosgesinfo.fr\/remiremontinfo\/2023\/07\/animations-a-venir-a-maison-de-bresse\/#primaryimage\",\"url\":\"https:\/\/vosgesinfo.fr\/app\/uploads\/sites\/5\/2024\/09\/202307affiche-a4-plan-de-travail-1.png\",\"contentUrl\":\"https:\/\/vosgesinfo.fr\/app\/uploads\/sites\/5\/2024\/09\/202307affiche-a4-plan-de-travail-1.png\",\"width\":3556,\"height\":5009},{\"@type\":\"BreadcrumbList\",\"@id\":\"https:\/\/vosgesinfo.fr\/remiremontinfo\/2023\/07\/animations-a-venir-a-maison-de-bresse\/#breadcrumb\",\"itemListElement\":[{\"@type\":\"ListItem\",\"position\":1,\"name\":\"Home\",\"item\":\"https:\/\/vosgesinfo.fr\/remiremontinfo\/\"},{\"@type\":\"ListItem\",\"position\":2,\"name\":\"Animations \u00e0 venir \u00e0 la Maison de la Bresse\"}]},{\"@type\":\"WebSite\",\"@id\":\"https:\/\/vosgesinfo.fr\/remiremontinfo\/#website\",\"url\":\"https:\/\/vosgesinfo.fr\/remiremontinfo\/\",\"name\":\"Remiremont Info\",\"description\":\"Toute l&#039;actualit\u00e9 de Remiremont\",\"publisher\":{\"@id\":\"https:\/\/vosgesinfo.fr\/remiremontinfo\/#organization\"},\"alternateName\":\"Toute l'actualit\u00e9 de Remiremont\",\"potentialAction\":[{\"@type\":\"SearchAction\",\"target\":{\"@type\":\"EntryPoint\",\"urlTemplate\":\"https:\/\/vosgesinfo.fr\/remiremontinfo\/?s={search_term_string}\"},\"query-input\":\"required name=search_term_string\"}],\"inLanguage\":\"fr-FR\"},{\"@type\":\"Organization\",\"@id\":\"https:\/\/vosgesinfo.fr\/remiremontinfo\/#organization\",\"name\":\"Remiremont Info\",\"url\":\"https:\/\/vosgesinfo.fr\/remiremontinfo\/\",\"logo\":{\"@type\":\"ImageObject\",\"inLanguage\":\"fr-FR\",\"@id\":\"https:\/\/vosgesinfo.fr\/remiremontinfo\/#\/schema\/logo\/image\/\",\"url\":\"https:\/\/vosgesinfo.fr\/app\/uploads\/sites\/5\/2023\/08\/favicon-remiremontinfo.png\",\"contentUrl\":\"https:\/\/vosgesinfo.fr\/app\/uploads\/sites\/5\/2023\/08\/favicon-remiremontinfo.png\",\"width\":512,\"height\":512,\"caption\":\"Remiremont Info\"},\"image\":{\"@id\":\"https:\/\/vosgesinfo.fr\/remiremontinfo\/#\/schema\/logo\/image\/\"},\"sameAs\":[\"https:\/\/www.facebook.com\/remiremontinfo\",\"https:\/\/x.com\/VosgesInfo88\",\"https:\/\/www.youtube.com\/@vosgesinfo\"]},{\"@type\":\"Person\",\"@id\":\"https:\/\/vosgesinfo.fr\/remiremontinfo\/#\/schema\/person\/4f57dc393faf2ac8b9f1cab30ad79250\",\"name\":\"Phj\",\"image\":{\"@type\":\"ImageObject\",\"inLanguage\":\"fr-FR\",\"@id\":\"https:\/\/vosgesinfo.fr\/remiremontinfo\/#\/schema\/person\/image\/\",\"url\":\"https:\/\/secure.gravatar.com\/avatar\/ada60265080fb9a89c9809bf0abb1f448a128cb85db1c08905baa5038fbe3cfe?s=96&d=mm&r=g\",\"contentUrl\":\"https:\/\/secure.gravatar.com\/avatar\/ada60265080fb9a89c9809bf0abb1f448a128cb85db1c08905baa5038fbe3cfe?s=96&d=mm&r=g\",\"caption\":\"Phj\"},\"url\":\"https:\/\/vosgesinfo.fr\/remiremontinfo\/author\/phj\/\"}]}<\/script>\n<!-- \/ Yoast SEO plugin. -->","yoast_head_json":{"title":"Animations \u00e0 venir \u00e0 la Maison de la Bresse - Remiremont Info","robots":{"index":"index","follow":"follow","max-snippet":"max-snippet:-1","max-image-preview":"max-image-preview:large","max-video-preview":"max-video-preview:-1"},"canonical":"https:\/\/vosgesinfo.fr\/remiremontinfo\/2023\/07\/animations-a-venir-a-maison-de-bresse\/","twitter_card":"summary_large_image","twitter_title":"Animations \u00e0 venir \u00e0 la Maison de la Bresse - Remiremont Info","twitter_description":"\u2022 Dans l\u2019atelier d\u2019Olivier Claudon Jeudi 20 juillet \u2013 20h30 \/ Maison de La Bresse &#8211; entr\u00e9e libre et gratuite [&hellip;]","twitter_image":"https:\/\/vosgesinfo.fr\/app\/uploads\/sites\/5\/2024\/09\/202307affiche-a4-plan-de-travail-1.png","twitter_creator":"@VosgesInfo88","twitter_site":"@VosgesInfo88","twitter_misc":{"\u00c9crit par":"Phj","Dur\u00e9e de lecture estim\u00e9e":"2 minutes"},"schema":{"@context":"https:\/\/schema.org","@graph":[{"@type":"Article","@id":"https:\/\/vosgesinfo.fr\/remiremontinfo\/2023\/07\/animations-a-venir-a-maison-de-bresse\/#article","isPartOf":{"@id":"https:\/\/vosgesinfo.fr\/remiremontinfo\/2023\/07\/animations-a-venir-a-maison-de-bresse\/"},"author":{"name":"Phj","@id":"https:\/\/vosgesinfo.fr\/remiremontinfo\/#\/schema\/person\/4f57dc393faf2ac8b9f1cab30ad79250"},"headline":"Animations \u00e0 venir \u00e0 la Maison de la Bresse","datePublished":"2023-07-13T11:25:48+00:00","dateModified":"2023-07-13T11:25:48+00:00","mainEntityOfPage":{"@id":"https:\/\/vosgesinfo.fr\/remiremontinfo\/2023\/07\/animations-a-venir-a-maison-de-bresse\/"},"wordCount":362,"commentCount":0,"publisher":{"@id":"https:\/\/vosgesinfo.fr\/remiremontinfo\/#organization"},"image":{"@id":"https:\/\/vosgesinfo.fr\/remiremontinfo\/2023\/07\/animations-a-venir-a-maison-de-bresse\/#primaryimage"},"thumbnailUrl":"https:\/\/vosgesinfo.fr\/app\/uploads\/sites\/5\/2024\/09\/202307affiche-a4-plan-de-travail-1.png","articleSection":["A la Une","Culture"],"inLanguage":"fr-FR","potentialAction":[{"@type":"CommentAction","name":"Comment","target":["https:\/\/vosgesinfo.fr\/remiremontinfo\/2023\/07\/animations-a-venir-a-maison-de-bresse\/#respond"]}]},{"@type":"WebPage","@id":"https:\/\/vosgesinfo.fr\/remiremontinfo\/2023\/07\/animations-a-venir-a-maison-de-bresse\/","url":"https:\/\/vosgesinfo.fr\/remiremontinfo\/2023\/07\/animations-a-venir-a-maison-de-bresse\/","name":"Animations \u00e0 venir \u00e0 la Maison de la Bresse - Remiremont Info","isPartOf":{"@id":"https:\/\/vosgesinfo.fr\/remiremontinfo\/#website"},"primaryImageOfPage":{"@id":"https:\/\/vosgesinfo.fr\/remiremontinfo\/2023\/07\/animations-a-venir-a-maison-de-bresse\/#primaryimage"},"image":{"@id":"https:\/\/vosgesinfo.fr\/remiremontinfo\/2023\/07\/animations-a-venir-a-maison-de-bresse\/#primaryimage"},"thumbnailUrl":"https:\/\/vosgesinfo.fr\/app\/uploads\/sites\/5\/2024\/09\/202307affiche-a4-plan-de-travail-1.png","datePublished":"2023-07-13T11:25:48+00:00","dateModified":"2023-07-13T11:25:48+00:00","breadcrumb":{"@id":"https:\/\/vosgesinfo.fr\/remiremontinfo\/2023\/07\/animations-a-venir-a-maison-de-bresse\/#breadcrumb"},"inLanguage":"fr-FR","potentialAction":[{"@type":"ReadAction","target":["https:\/\/vosgesinfo.fr\/remiremontinfo\/2023\/07\/animations-a-venir-a-maison-de-bresse\/"]}]},{"@type":"ImageObject","inLanguage":"fr-FR","@id":"https:\/\/vosgesinfo.fr\/remiremontinfo\/2023\/07\/animations-a-venir-a-maison-de-bresse\/#primaryimage","url":"https:\/\/vosgesinfo.fr\/app\/uploads\/sites\/5\/2024\/09\/202307affiche-a4-plan-de-travail-1.png","contentUrl":"https:\/\/vosgesinfo.fr\/app\/uploads\/sites\/5\/2024\/09\/202307affiche-a4-plan-de-travail-1.png","width":3556,"height":5009},{"@type":"BreadcrumbList","@id":"https:\/\/vosgesinfo.fr\/remiremontinfo\/2023\/07\/animations-a-venir-a-maison-de-bresse\/#breadcrumb","itemListElement":[{"@type":"ListItem","position":1,"name":"Home","item":"https:\/\/vosgesinfo.fr\/remiremontinfo\/"},{"@type":"ListItem","position":2,"name":"Animations \u00e0 venir \u00e0 la Maison de la Bresse"}]},{"@type":"WebSite","@id":"https:\/\/vosgesinfo.fr\/remiremontinfo\/#website","url":"https:\/\/vosgesinfo.fr\/remiremontinfo\/","name":"Remiremont Info","description":"Toute l&#039;actualit\u00e9 de Remiremont","publisher":{"@id":"https:\/\/vosgesinfo.fr\/remiremontinfo\/#organization"},"alternateName":"Toute l'actualit\u00e9 de Remiremont","potentialAction":[{"@type":"SearchAction","target":{"@type":"EntryPoint","urlTemplate":"https:\/\/vosgesinfo.fr\/remiremontinfo\/?s={search_term_string}"},"query-input":"required name=search_term_string"}],"inLanguage":"fr-FR"},{"@type":"Organization","@id":"https:\/\/vosgesinfo.fr\/remiremontinfo\/#organization","name":"Remiremont Info","url":"https:\/\/vosgesinfo.fr\/remiremontinfo\/","logo":{"@type":"ImageObject","inLanguage":"fr-FR","@id":"https:\/\/vosgesinfo.fr\/remiremontinfo\/#\/schema\/logo\/image\/","url":"https:\/\/vosgesinfo.fr\/app\/uploads\/sites\/5\/2023\/08\/favicon-remiremontinfo.png","contentUrl":"https:\/\/vosgesinfo.fr\/app\/uploads\/sites\/5\/2023\/08\/favicon-remiremontinfo.png","width":512,"height":512,"caption":"Remiremont Info"},"image":{"@id":"https:\/\/vosgesinfo.fr\/remiremontinfo\/#\/schema\/logo\/image\/"},"sameAs":["https:\/\/www.facebook.com\/remiremontinfo","https:\/\/x.com\/VosgesInfo88","https:\/\/www.youtube.com\/@vosgesinfo"]},{"@type":"Person","@id":"https:\/\/vosgesinfo.fr\/remiremontinfo\/#\/schema\/person\/4f57dc393faf2ac8b9f1cab30ad79250","name":"Phj","image":{"@type":"ImageObject","inLanguage":"fr-FR","@id":"https:\/\/vosgesinfo.fr\/remiremontinfo\/#\/schema\/person\/image\/","url":"https:\/\/secure.gravatar.com\/avatar\/ada60265080fb9a89c9809bf0abb1f448a128cb85db1c08905baa5038fbe3cfe?s=96&d=mm&r=g","contentUrl":"https:\/\/secure.gravatar.com\/avatar\/ada60265080fb9a89c9809bf0abb1f448a128cb85db1c08905baa5038fbe3cfe?s=96&d=mm&r=g","caption":"Phj"},"url":"https:\/\/vosgesinfo.fr\/remiremontinfo\/author\/phj\/"}]}},"_links":{"self":[{"href":"https:\/\/vosgesinfo.fr\/remiremontinfo\/wp-json\/wp\/v2\/posts\/73056","targetHints":{"allow":["GET"]}}],"collection":[{"href":"https:\/\/vosgesinfo.fr\/remiremontinfo\/wp-json\/wp\/v2\/posts"}],"about":[{"href":"https:\/\/vosgesinfo.fr\/remiremontinfo\/wp-json\/wp\/v2\/types\/post"}],"author":[{"embeddable":true,"href":"https:\/\/vosgesinfo.fr\/remiremontinfo\/wp-json\/wp\/v2\/users\/39"}],"replies":[{"embeddable":true,"href":"https:\/\/vosgesinfo.fr\/remiremontinfo\/wp-json\/wp\/v2\/comments?post=73056"}],"version-history":[{"count":0,"href":"https:\/\/vosgesinfo.fr\/remiremontinfo\/wp-json\/wp\/v2\/posts\/73056\/revisions"}],"wp:featuredmedia":[{"embeddable":true,"href":"https:\/\/vosgesinfo.fr\/remiremontinfo\/wp-json\/wp\/v2\/media\/73057"}],"wp:attachment":[{"href":"https:\/\/vosgesinfo.fr\/remiremontinfo\/wp-json\/wp\/v2\/media?parent=73056"}],"wp:term":[{"taxonomy":"category","embeddable":true,"href":"https:\/\/vosgesinfo.fr\/remiremontinfo\/wp-json\/wp\/v2\/categories?post=73056"},{"taxonomy":"post_tag","embeddable":true,"href":"https:\/\/vosgesinfo.fr\/remiremontinfo\/wp-json\/wp\/v2\/tags?post=73056"}],"curies":[{"name":"wp","href":"https:\/\/api.w.org\/{rel}","templated":true}]}}