{"id":73062,"date":"2023-07-13T15:16:23","date_gmt":"2023-07-13T13:16:23","guid":{"rendered":"https:\/\/vosgesinfo.fr\/remiremontinfo\/2023\/07\/quadrette-bruno-ducret-luxeuil-remporte-dixieme-challenge-pierre-poignet-jeudi-6-juillet-2023\/"},"modified":"2023-07-13T15:16:23","modified_gmt":"2023-07-13T13:16:23","slug":"quadrette-bruno-ducret-luxeuil-remporte-dixieme-challenge-pierre-poignet-jeudi-6-juillet-2023","status":"publish","type":"post","link":"https:\/\/vosgesinfo.fr\/remiremontinfo\/2023\/07\/quadrette-bruno-ducret-luxeuil-remporte-dixieme-challenge-pierre-poignet-jeudi-6-juillet-2023\/","title":{"rendered":"La Quadrette Bruno DUCRET (LUXEUIL) remporte le Dixi\u00e8me Challenge Pierre POIGNET Jeudi 6 juillet 2023"},"content":{"rendered":"\n<p>GROUPE CULTURE ET LOISIRS SPORT-BOULES LYONNAISES<br \/>\nJeudi 6 juillet le GCL a organis\u00e9 le 10\u00e8me Challenge Pierre POIGNET concours 16 quadrettes Loisir.<br \/>\nL&rsquo;\u00e9preuve a d\u00e9but\u00e9 \u00e0 9H et s&rsquo;est d\u00e9roul\u00e9e en quatre parties d&rsquo;une dur\u00e9e de 1h45 pour s&rsquo;achever \u00e0 18h45 avec arr\u00eat au moment de midi pour prendre un repas<br \/>\nen commun pr\u00e9par\u00e9 par le traiteur local RESTO&rsquo;DOM 41 rue de la gare.<br \/>\nLes parties ont \u00e9t\u00e9 arbitr\u00e9es par Madame Brigitte RAMPAZZO du GCL<br \/>\nLE THILLOT.<br \/>\nMadame R\u00e9gine POIGNET a remis \u00e0 chaque laur\u00e9at des trois premi\u00e8res \u00e9quipes class\u00e9es les Coupes offertes par le GCL .<br \/>\nClassement des quadrettes apr\u00e8s 4 parties, seul le nom du capitaine est not\u00e9.<br \/>\n1er) Bruno DUCRET (LUXEUIL)<br \/>\n2\u00e8me) Jean-Claude CELERIER (ASPTT NANCY)<br \/>\n3\u00e8me) Jean-Marc RAYMOND (VALDOIE)<br \/>\n4\u00e8me) Jos\u00e9 HERNANDEZ (ASM BELFORT)<br \/>\n5\u00e8me) Jean-Marie LHUILLIER (VINCEY)<br \/>\n6\u00e8me) Mohamed LAREF (AC BELFORT)<br \/>\n7\u00e8me) Jean-Marie SIMON (SAINT-DIE)<br \/>\n8\u00e8me) Roger MULLER (BLAINVILLE)<br \/>\n9\u00e8me) Michel MARTINEZ (AC BELFORT)<br \/>\n10\u00e8me) Robert ROGER (AC BELFORT)<br \/>\n11\u00e8me) Jean-Claude BESANCON (ASM BELFORT)<br \/>\n12\u00e8me) Bernard LAUDE (GERARDMER)<br \/>\nLes prochains concours organis\u00e9s par le GCL se d\u00e9rouleront :<br \/>\nDimanche 30 juillet 9H Challenge de la Ville de LE THILLOT 16 Doubles<br \/>\nPromotion.<br \/>\nDimanche 17 septembre 9H Challenge des Mynes du THILLOT 16 Quadrettes<br \/>\nPromotion.<br \/>\nLa cotisation annuelle couvrant l&rsquo; assurance responsabilit\u00e9 civile est de 12\u20ac<br \/>\net le montant de la licence de Sport-Boules Lyonnaises est de 35 \u20ac.<br \/>\nRenseignements RAMPAZZO Jean-Pierre 06.76.24.37.67<br \/>\nSITE DU GCL : http:\/\/gcl1976.e-monsite.com<\/p>\n","protected":false},"excerpt":{"rendered":"<p>GROUPE CULTURE ET LOISIRS SPORT-BOULES LYONNAISES Jeudi 6 juillet le GCL a organis\u00e9 le 10\u00e8me Challenge Pierre POIGNET concours 16 [&hellip;]<\/p>\n","protected":false},"author":39,"featured_media":73063,"comment_status":"open","ping_status":"open","sticky":false,"template":"","format":"standard","meta":{"footnotes":""},"categories":[26,18],"tags":[1090],"class_list":["post-73062","post","type-post","status-publish","format-standard","has-post-thumbnail","hentry","category-a-la-une","category-vosges","tag-gcl-petanque"],"acf":[],"yoast_head":"<!-- This site is optimized with the Yoast SEO plugin v22.5 - https:\/\/yoast.com\/wordpress\/plugins\/seo\/ -->\n<title>La Quadrette Bruno DUCRET (LUXEUIL) remporte le Dixi\u00e8me Challenge Pierre POIGNET Jeudi 6 juillet 2023 - Remiremont Info<\/title>\n<meta name=\"robots\" content=\"index, follow, max-snippet:-1, max-image-preview:large, max-video-preview:-1\" \/>\n<link rel=\"canonical\" href=\"https:\/\/vosgesinfo.fr\/remiremontinfo\/2023\/07\/quadrette-bruno-ducret-luxeuil-remporte-dixieme-challenge-pierre-poignet-jeudi-6-juillet-2023\/\" \/>\n<meta name=\"twitter:card\" content=\"summary_large_image\" \/>\n<meta name=\"twitter:title\" content=\"La Quadrette Bruno DUCRET (LUXEUIL) remporte le Dixi\u00e8me Challenge Pierre POIGNET Jeudi 6 juillet 2023 - Remiremont Info\" \/>\n<meta name=\"twitter:description\" content=\"GROUPE CULTURE ET LOISIRS SPORT-BOULES LYONNAISES Jeudi 6 juillet le GCL a organis\u00e9 le 10\u00e8me Challenge Pierre POIGNET concours 16 [&hellip;]\" \/>\n<meta name=\"twitter:image\" content=\"https:\/\/vosgesinfo.fr\/app\/uploads\/sites\/5\/2024\/09\/202307luxeuil-1er.jpg\" \/>\n<meta name=\"twitter:creator\" content=\"@VosgesInfo88\" \/>\n<meta name=\"twitter:site\" content=\"@VosgesInfo88\" \/>\n<meta name=\"twitter:label1\" content=\"\u00c9crit par\" \/>\n\t<meta name=\"twitter:data1\" content=\"Phj\" \/>\n\t<meta name=\"twitter:label2\" content=\"Dur\u00e9e de lecture estim\u00e9e\" \/>\n\t<meta name=\"twitter:data2\" content=\"1 minute\" \/>\n<script type=\"application\/ld+json\" class=\"yoast-schema-graph\">{\"@context\":\"https:\/\/schema.org\",\"@graph\":[{\"@type\":\"Article\",\"@id\":\"https:\/\/vosgesinfo.fr\/remiremontinfo\/2023\/07\/quadrette-bruno-ducret-luxeuil-remporte-dixieme-challenge-pierre-poignet-jeudi-6-juillet-2023\/#article\",\"isPartOf\":{\"@id\":\"https:\/\/vosgesinfo.fr\/remiremontinfo\/2023\/07\/quadrette-bruno-ducret-luxeuil-remporte-dixieme-challenge-pierre-poignet-jeudi-6-juillet-2023\/\"},\"author\":{\"name\":\"Phj\",\"@id\":\"https:\/\/vosgesinfo.fr\/remiremontinfo\/#\/schema\/person\/4f57dc393faf2ac8b9f1cab30ad79250\"},\"headline\":\"La Quadrette Bruno DUCRET (LUXEUIL) remporte le Dixi\u00e8me Challenge Pierre POIGNET Jeudi 6 juillet 2023\",\"datePublished\":\"2023-07-13T13:16:23+00:00\",\"dateModified\":\"2023-07-13T13:16:23+00:00\",\"mainEntityOfPage\":{\"@id\":\"https:\/\/vosgesinfo.fr\/remiremontinfo\/2023\/07\/quadrette-bruno-ducret-luxeuil-remporte-dixieme-challenge-pierre-poignet-jeudi-6-juillet-2023\/\"},\"wordCount\":259,\"commentCount\":0,\"publisher\":{\"@id\":\"https:\/\/vosgesinfo.fr\/remiremontinfo\/#organization\"},\"image\":{\"@id\":\"https:\/\/vosgesinfo.fr\/remiremontinfo\/2023\/07\/quadrette-bruno-ducret-luxeuil-remporte-dixieme-challenge-pierre-poignet-jeudi-6-juillet-2023\/#primaryimage\"},\"thumbnailUrl\":\"https:\/\/vosgesinfo.fr\/app\/uploads\/sites\/5\/2024\/09\/202307luxeuil-1er.jpg\",\"keywords\":[\"GCL P\u00e9tanque\"],\"articleSection\":[\"A la Une\",\"Vosges\"],\"inLanguage\":\"fr-FR\",\"potentialAction\":[{\"@type\":\"CommentAction\",\"name\":\"Comment\",\"target\":[\"https:\/\/vosgesinfo.fr\/remiremontinfo\/2023\/07\/quadrette-bruno-ducret-luxeuil-remporte-dixieme-challenge-pierre-poignet-jeudi-6-juillet-2023\/#respond\"]}]},{\"@type\":\"WebPage\",\"@id\":\"https:\/\/vosgesinfo.fr\/remiremontinfo\/2023\/07\/quadrette-bruno-ducret-luxeuil-remporte-dixieme-challenge-pierre-poignet-jeudi-6-juillet-2023\/\",\"url\":\"https:\/\/vosgesinfo.fr\/remiremontinfo\/2023\/07\/quadrette-bruno-ducret-luxeuil-remporte-dixieme-challenge-pierre-poignet-jeudi-6-juillet-2023\/\",\"name\":\"La Quadrette Bruno DUCRET (LUXEUIL) remporte le Dixi\u00e8me Challenge Pierre POIGNET Jeudi 6 juillet 2023 - Remiremont Info\",\"isPartOf\":{\"@id\":\"https:\/\/vosgesinfo.fr\/remiremontinfo\/#website\"},\"primaryImageOfPage\":{\"@id\":\"https:\/\/vosgesinfo.fr\/remiremontinfo\/2023\/07\/quadrette-bruno-ducret-luxeuil-remporte-dixieme-challenge-pierre-poignet-jeudi-6-juillet-2023\/#primaryimage\"},\"image\":{\"@id\":\"https:\/\/vosgesinfo.fr\/remiremontinfo\/2023\/07\/quadrette-bruno-ducret-luxeuil-remporte-dixieme-challenge-pierre-poignet-jeudi-6-juillet-2023\/#primaryimage\"},\"thumbnailUrl\":\"https:\/\/vosgesinfo.fr\/app\/uploads\/sites\/5\/2024\/09\/202307luxeuil-1er.jpg\",\"datePublished\":\"2023-07-13T13:16:23+00:00\",\"dateModified\":\"2023-07-13T13:16:23+00:00\",\"breadcrumb\":{\"@id\":\"https:\/\/vosgesinfo.fr\/remiremontinfo\/2023\/07\/quadrette-bruno-ducret-luxeuil-remporte-dixieme-challenge-pierre-poignet-jeudi-6-juillet-2023\/#breadcrumb\"},\"inLanguage\":\"fr-FR\",\"potentialAction\":[{\"@type\":\"ReadAction\",\"target\":[\"https:\/\/vosgesinfo.fr\/remiremontinfo\/2023\/07\/quadrette-bruno-ducret-luxeuil-remporte-dixieme-challenge-pierre-poignet-jeudi-6-juillet-2023\/\"]}]},{\"@type\":\"ImageObject\",\"inLanguage\":\"fr-FR\",\"@id\":\"https:\/\/vosgesinfo.fr\/remiremontinfo\/2023\/07\/quadrette-bruno-ducret-luxeuil-remporte-dixieme-challenge-pierre-poignet-jeudi-6-juillet-2023\/#primaryimage\",\"url\":\"https:\/\/vosgesinfo.fr\/app\/uploads\/sites\/5\/2024\/09\/202307luxeuil-1er.jpg\",\"contentUrl\":\"https:\/\/vosgesinfo.fr\/app\/uploads\/sites\/5\/2024\/09\/202307luxeuil-1er.jpg\",\"width\":1080,\"height\":810},{\"@type\":\"BreadcrumbList\",\"@id\":\"https:\/\/vosgesinfo.fr\/remiremontinfo\/2023\/07\/quadrette-bruno-ducret-luxeuil-remporte-dixieme-challenge-pierre-poignet-jeudi-6-juillet-2023\/#breadcrumb\",\"itemListElement\":[{\"@type\":\"ListItem\",\"position\":1,\"name\":\"Home\",\"item\":\"https:\/\/vosgesinfo.fr\/remiremontinfo\/\"},{\"@type\":\"ListItem\",\"position\":2,\"name\":\"La Quadrette Bruno DUCRET (LUXEUIL) remporte le Dixi\u00e8me Challenge Pierre POIGNET Jeudi 6 juillet 2023\"}]},{\"@type\":\"WebSite\",\"@id\":\"https:\/\/vosgesinfo.fr\/remiremontinfo\/#website\",\"url\":\"https:\/\/vosgesinfo.fr\/remiremontinfo\/\",\"name\":\"Remiremont Info\",\"description\":\"Toute l&#039;actualit\u00e9 de Remiremont\",\"publisher\":{\"@id\":\"https:\/\/vosgesinfo.fr\/remiremontinfo\/#organization\"},\"alternateName\":\"Toute l'actualit\u00e9 de Remiremont\",\"potentialAction\":[{\"@type\":\"SearchAction\",\"target\":{\"@type\":\"EntryPoint\",\"urlTemplate\":\"https:\/\/vosgesinfo.fr\/remiremontinfo\/?s={search_term_string}\"},\"query-input\":\"required name=search_term_string\"}],\"inLanguage\":\"fr-FR\"},{\"@type\":\"Organization\",\"@id\":\"https:\/\/vosgesinfo.fr\/remiremontinfo\/#organization\",\"name\":\"Remiremont Info\",\"url\":\"https:\/\/vosgesinfo.fr\/remiremontinfo\/\",\"logo\":{\"@type\":\"ImageObject\",\"inLanguage\":\"fr-FR\",\"@id\":\"https:\/\/vosgesinfo.fr\/remiremontinfo\/#\/schema\/logo\/image\/\",\"url\":\"https:\/\/vosgesinfo.fr\/app\/uploads\/sites\/5\/2023\/08\/favicon-remiremontinfo.png\",\"contentUrl\":\"https:\/\/vosgesinfo.fr\/app\/uploads\/sites\/5\/2023\/08\/favicon-remiremontinfo.png\",\"width\":512,\"height\":512,\"caption\":\"Remiremont Info\"},\"image\":{\"@id\":\"https:\/\/vosgesinfo.fr\/remiremontinfo\/#\/schema\/logo\/image\/\"},\"sameAs\":[\"https:\/\/www.facebook.com\/remiremontinfo\",\"https:\/\/x.com\/VosgesInfo88\",\"https:\/\/www.youtube.com\/@vosgesinfo\"]},{\"@type\":\"Person\",\"@id\":\"https:\/\/vosgesinfo.fr\/remiremontinfo\/#\/schema\/person\/4f57dc393faf2ac8b9f1cab30ad79250\",\"name\":\"Phj\",\"image\":{\"@type\":\"ImageObject\",\"inLanguage\":\"fr-FR\",\"@id\":\"https:\/\/vosgesinfo.fr\/remiremontinfo\/#\/schema\/person\/image\/\",\"url\":\"https:\/\/secure.gravatar.com\/avatar\/ada60265080fb9a89c9809bf0abb1f448a128cb85db1c08905baa5038fbe3cfe?s=96&d=mm&r=g\",\"contentUrl\":\"https:\/\/secure.gravatar.com\/avatar\/ada60265080fb9a89c9809bf0abb1f448a128cb85db1c08905baa5038fbe3cfe?s=96&d=mm&r=g\",\"caption\":\"Phj\"},\"url\":\"https:\/\/vosgesinfo.fr\/remiremontinfo\/author\/phj\/\"}]}<\/script>\n<!-- \/ Yoast SEO plugin. -->","yoast_head_json":{"title":"La Quadrette Bruno DUCRET (LUXEUIL) remporte le Dixi\u00e8me Challenge Pierre POIGNET Jeudi 6 juillet 2023 - Remiremont Info","robots":{"index":"index","follow":"follow","max-snippet":"max-snippet:-1","max-image-preview":"max-image-preview:large","max-video-preview":"max-video-preview:-1"},"canonical":"https:\/\/vosgesinfo.fr\/remiremontinfo\/2023\/07\/quadrette-bruno-ducret-luxeuil-remporte-dixieme-challenge-pierre-poignet-jeudi-6-juillet-2023\/","twitter_card":"summary_large_image","twitter_title":"La Quadrette Bruno DUCRET (LUXEUIL) remporte le Dixi\u00e8me Challenge Pierre POIGNET Jeudi 6 juillet 2023 - Remiremont Info","twitter_description":"GROUPE CULTURE ET LOISIRS SPORT-BOULES LYONNAISES Jeudi 6 juillet le GCL a organis\u00e9 le 10\u00e8me Challenge Pierre POIGNET concours 16 [&hellip;]","twitter_image":"https:\/\/vosgesinfo.fr\/app\/uploads\/sites\/5\/2024\/09\/202307luxeuil-1er.jpg","twitter_creator":"@VosgesInfo88","twitter_site":"@VosgesInfo88","twitter_misc":{"\u00c9crit par":"Phj","Dur\u00e9e de lecture estim\u00e9e":"1 minute"},"schema":{"@context":"https:\/\/schema.org","@graph":[{"@type":"Article","@id":"https:\/\/vosgesinfo.fr\/remiremontinfo\/2023\/07\/quadrette-bruno-ducret-luxeuil-remporte-dixieme-challenge-pierre-poignet-jeudi-6-juillet-2023\/#article","isPartOf":{"@id":"https:\/\/vosgesinfo.fr\/remiremontinfo\/2023\/07\/quadrette-bruno-ducret-luxeuil-remporte-dixieme-challenge-pierre-poignet-jeudi-6-juillet-2023\/"},"author":{"name":"Phj","@id":"https:\/\/vosgesinfo.fr\/remiremontinfo\/#\/schema\/person\/4f57dc393faf2ac8b9f1cab30ad79250"},"headline":"La Quadrette Bruno DUCRET (LUXEUIL) remporte le Dixi\u00e8me Challenge Pierre POIGNET Jeudi 6 juillet 2023","datePublished":"2023-07-13T13:16:23+00:00","dateModified":"2023-07-13T13:16:23+00:00","mainEntityOfPage":{"@id":"https:\/\/vosgesinfo.fr\/remiremontinfo\/2023\/07\/quadrette-bruno-ducret-luxeuil-remporte-dixieme-challenge-pierre-poignet-jeudi-6-juillet-2023\/"},"wordCount":259,"commentCount":0,"publisher":{"@id":"https:\/\/vosgesinfo.fr\/remiremontinfo\/#organization"},"image":{"@id":"https:\/\/vosgesinfo.fr\/remiremontinfo\/2023\/07\/quadrette-bruno-ducret-luxeuil-remporte-dixieme-challenge-pierre-poignet-jeudi-6-juillet-2023\/#primaryimage"},"thumbnailUrl":"https:\/\/vosgesinfo.fr\/app\/uploads\/sites\/5\/2024\/09\/202307luxeuil-1er.jpg","keywords":["GCL P\u00e9tanque"],"articleSection":["A la Une","Vosges"],"inLanguage":"fr-FR","potentialAction":[{"@type":"CommentAction","name":"Comment","target":["https:\/\/vosgesinfo.fr\/remiremontinfo\/2023\/07\/quadrette-bruno-ducret-luxeuil-remporte-dixieme-challenge-pierre-poignet-jeudi-6-juillet-2023\/#respond"]}]},{"@type":"WebPage","@id":"https:\/\/vosgesinfo.fr\/remiremontinfo\/2023\/07\/quadrette-bruno-ducret-luxeuil-remporte-dixieme-challenge-pierre-poignet-jeudi-6-juillet-2023\/","url":"https:\/\/vosgesinfo.fr\/remiremontinfo\/2023\/07\/quadrette-bruno-ducret-luxeuil-remporte-dixieme-challenge-pierre-poignet-jeudi-6-juillet-2023\/","name":"La Quadrette Bruno DUCRET (LUXEUIL) remporte le Dixi\u00e8me Challenge Pierre POIGNET Jeudi 6 juillet 2023 - Remiremont Info","isPartOf":{"@id":"https:\/\/vosgesinfo.fr\/remiremontinfo\/#website"},"primaryImageOfPage":{"@id":"https:\/\/vosgesinfo.fr\/remiremontinfo\/2023\/07\/quadrette-bruno-ducret-luxeuil-remporte-dixieme-challenge-pierre-poignet-jeudi-6-juillet-2023\/#primaryimage"},"image":{"@id":"https:\/\/vosgesinfo.fr\/remiremontinfo\/2023\/07\/quadrette-bruno-ducret-luxeuil-remporte-dixieme-challenge-pierre-poignet-jeudi-6-juillet-2023\/#primaryimage"},"thumbnailUrl":"https:\/\/vosgesinfo.fr\/app\/uploads\/sites\/5\/2024\/09\/202307luxeuil-1er.jpg","datePublished":"2023-07-13T13:16:23+00:00","dateModified":"2023-07-13T13:16:23+00:00","breadcrumb":{"@id":"https:\/\/vosgesinfo.fr\/remiremontinfo\/2023\/07\/quadrette-bruno-ducret-luxeuil-remporte-dixieme-challenge-pierre-poignet-jeudi-6-juillet-2023\/#breadcrumb"},"inLanguage":"fr-FR","potentialAction":[{"@type":"ReadAction","target":["https:\/\/vosgesinfo.fr\/remiremontinfo\/2023\/07\/quadrette-bruno-ducret-luxeuil-remporte-dixieme-challenge-pierre-poignet-jeudi-6-juillet-2023\/"]}]},{"@type":"ImageObject","inLanguage":"fr-FR","@id":"https:\/\/vosgesinfo.fr\/remiremontinfo\/2023\/07\/quadrette-bruno-ducret-luxeuil-remporte-dixieme-challenge-pierre-poignet-jeudi-6-juillet-2023\/#primaryimage","url":"https:\/\/vosgesinfo.fr\/app\/uploads\/sites\/5\/2024\/09\/202307luxeuil-1er.jpg","contentUrl":"https:\/\/vosgesinfo.fr\/app\/uploads\/sites\/5\/2024\/09\/202307luxeuil-1er.jpg","width":1080,"height":810},{"@type":"BreadcrumbList","@id":"https:\/\/vosgesinfo.fr\/remiremontinfo\/2023\/07\/quadrette-bruno-ducret-luxeuil-remporte-dixieme-challenge-pierre-poignet-jeudi-6-juillet-2023\/#breadcrumb","itemListElement":[{"@type":"ListItem","position":1,"name":"Home","item":"https:\/\/vosgesinfo.fr\/remiremontinfo\/"},{"@type":"ListItem","position":2,"name":"La Quadrette Bruno DUCRET (LUXEUIL) remporte le Dixi\u00e8me Challenge Pierre POIGNET Jeudi 6 juillet 2023"}]},{"@type":"WebSite","@id":"https:\/\/vosgesinfo.fr\/remiremontinfo\/#website","url":"https:\/\/vosgesinfo.fr\/remiremontinfo\/","name":"Remiremont Info","description":"Toute l&#039;actualit\u00e9 de Remiremont","publisher":{"@id":"https:\/\/vosgesinfo.fr\/remiremontinfo\/#organization"},"alternateName":"Toute l'actualit\u00e9 de Remiremont","potentialAction":[{"@type":"SearchAction","target":{"@type":"EntryPoint","urlTemplate":"https:\/\/vosgesinfo.fr\/remiremontinfo\/?s={search_term_string}"},"query-input":"required name=search_term_string"}],"inLanguage":"fr-FR"},{"@type":"Organization","@id":"https:\/\/vosgesinfo.fr\/remiremontinfo\/#organization","name":"Remiremont Info","url":"https:\/\/vosgesinfo.fr\/remiremontinfo\/","logo":{"@type":"ImageObject","inLanguage":"fr-FR","@id":"https:\/\/vosgesinfo.fr\/remiremontinfo\/#\/schema\/logo\/image\/","url":"https:\/\/vosgesinfo.fr\/app\/uploads\/sites\/5\/2023\/08\/favicon-remiremontinfo.png","contentUrl":"https:\/\/vosgesinfo.fr\/app\/uploads\/sites\/5\/2023\/08\/favicon-remiremontinfo.png","width":512,"height":512,"caption":"Remiremont Info"},"image":{"@id":"https:\/\/vosgesinfo.fr\/remiremontinfo\/#\/schema\/logo\/image\/"},"sameAs":["https:\/\/www.facebook.com\/remiremontinfo","https:\/\/x.com\/VosgesInfo88","https:\/\/www.youtube.com\/@vosgesinfo"]},{"@type":"Person","@id":"https:\/\/vosgesinfo.fr\/remiremontinfo\/#\/schema\/person\/4f57dc393faf2ac8b9f1cab30ad79250","name":"Phj","image":{"@type":"ImageObject","inLanguage":"fr-FR","@id":"https:\/\/vosgesinfo.fr\/remiremontinfo\/#\/schema\/person\/image\/","url":"https:\/\/secure.gravatar.com\/avatar\/ada60265080fb9a89c9809bf0abb1f448a128cb85db1c08905baa5038fbe3cfe?s=96&d=mm&r=g","contentUrl":"https:\/\/secure.gravatar.com\/avatar\/ada60265080fb9a89c9809bf0abb1f448a128cb85db1c08905baa5038fbe3cfe?s=96&d=mm&r=g","caption":"Phj"},"url":"https:\/\/vosgesinfo.fr\/remiremontinfo\/author\/phj\/"}]}},"_links":{"self":[{"href":"https:\/\/vosgesinfo.fr\/remiremontinfo\/wp-json\/wp\/v2\/posts\/73062","targetHints":{"allow":["GET"]}}],"collection":[{"href":"https:\/\/vosgesinfo.fr\/remiremontinfo\/wp-json\/wp\/v2\/posts"}],"about":[{"href":"https:\/\/vosgesinfo.fr\/remiremontinfo\/wp-json\/wp\/v2\/types\/post"}],"author":[{"embeddable":true,"href":"https:\/\/vosgesinfo.fr\/remiremontinfo\/wp-json\/wp\/v2\/users\/39"}],"replies":[{"embeddable":true,"href":"https:\/\/vosgesinfo.fr\/remiremontinfo\/wp-json\/wp\/v2\/comments?post=73062"}],"version-history":[{"count":0,"href":"https:\/\/vosgesinfo.fr\/remiremontinfo\/wp-json\/wp\/v2\/posts\/73062\/revisions"}],"wp:featuredmedia":[{"embeddable":true,"href":"https:\/\/vosgesinfo.fr\/remiremontinfo\/wp-json\/wp\/v2\/media\/73063"}],"wp:attachment":[{"href":"https:\/\/vosgesinfo.fr\/remiremontinfo\/wp-json\/wp\/v2\/media?parent=73062"}],"wp:term":[{"taxonomy":"category","embeddable":true,"href":"https:\/\/vosgesinfo.fr\/remiremontinfo\/wp-json\/wp\/v2\/categories?post=73062"},{"taxonomy":"post_tag","embeddable":true,"href":"https:\/\/vosgesinfo.fr\/remiremontinfo\/wp-json\/wp\/v2\/tags?post=73062"}],"curies":[{"name":"wp","href":"https:\/\/api.w.org\/{rel}","templated":true}]}}