{"id":73376,"date":"2024-09-14T16:59:08","date_gmt":"2024-09-14T14:59:08","guid":{"rendered":"https:\/\/vosgesinfo.fr\/remiremontinfo\/2024\/09\/remise-des-diplomes-aux-nouveaux-infirmiers-et-aides-soignants\/"},"modified":"2024-09-14T16:59:08","modified_gmt":"2024-09-14T14:59:08","slug":"remise-des-diplomes-aux-nouveaux-infirmiers-et-aides-soignants","status":"publish","type":"post","link":"https:\/\/vosgesinfo.fr\/remiremontinfo\/2024\/09\/remise-des-diplomes-aux-nouveaux-infirmiers-et-aides-soignants\/","title":{"rendered":"Remise des dipl\u00f4mes aux nouveaux infirmiers et aides-soignants"},"content":{"rendered":"<div id=\"attachment_121616\" style=\"width: 2570px\" class=\"wp-caption aligncenter\"><a href=\"https:\/\/vosgesinfo.fr\/app\/uploads\/sites\/3\/2024\/09\/diplomes-dinfirmiere-19-13-scaled.jpg\"><img decoding=\"async\" aria-describedby=\"caption-attachment-121616\" class=\"size-full wp-image-121616\" src=\"https:\/\/vosgesinfo.fr\/app\/uploads\/sites\/3\/2024\/09\/diplomes-dinfirmiere-19-13-scaled.jpg\" alt=\"\" width=\"2560\" height=\"1709\" \/><\/a><p id=\"caption-attachment-121616\" class=\"wp-caption-text\">PBP-PHOTOGRAPHIE<\/p><\/div>\n<h2>Ce vendredi apr\u00e8s-midi avait lieu la traditionnelle remise des dipl\u00f4mes aux nouveaux infirmiers et aux nouveaux aides-soignants. L\u2019\u00e9v\u00e8nement se d\u00e9roulait \u00e0 Golbey.<\/h2>\n<p>Le dipl\u00f4me leur a \u00e9t\u00e9 remis en pr\u00e9sence de la directrice de l\u2019IFSI, Anne GRANDHAYE, des formateurs et d\u2019Elisabeth Del Genini, adjointe au maire et\u00a0 vice-pr\u00e9sidente du Conseil r\u00e9gional Grand Est.<\/p>\n<p>Avant de remettre \u00e0 chacun son dipl\u00f4me, les \u00e9lus ont f\u00e9licit\u00e9 les infirmiers et les aides soignants ont remerci\u00e9 de faire le choix de cette profession. Ils ont soulign\u00e9 l\u2019importance de faire le choix d\u2019une vie au service des autres dans la situation actuelle.<\/p>\n\n","protected":false},"excerpt":{"rendered":"<p>Ce vendredi apr\u00e8s-midi avait lieu la traditionnelle remise des dipl\u00f4mes aux nouveaux infirmiers et aux nouveaux aides-soignants. L\u2019\u00e9v\u00e8nement se d\u00e9roulait [&hellip;]<\/p>\n","protected":false},"author":52,"featured_media":73377,"comment_status":"open","ping_status":"open","sticky":false,"template":"","format":"standard","meta":{"footnotes":""},"categories":[26,108,62,845,43,362,12],"tags":[],"class_list":["post-73376","post","type-post","status-publish","format-standard","has-post-thumbnail","hentry","category-a-la-une","category-epinal","category-gerardmer","category-la-plaine-des-vosges","category-remiremont-remiremont-son-canton","category-saint-die","category-sante"],"acf":[],"yoast_head":"<!-- This site is optimized with the Yoast SEO plugin v22.5 - https:\/\/yoast.com\/wordpress\/plugins\/seo\/ -->\n<title>Remise des dipl\u00f4mes aux nouveaux infirmiers et aides-soignants - Remiremont Info<\/title>\n<meta name=\"robots\" content=\"index, follow, max-snippet:-1, max-image-preview:large, max-video-preview:-1\" \/>\n<link rel=\"canonical\" href=\"https:\/\/vosgesinfo.fr\/remiremontinfo\/2024\/09\/remise-des-diplomes-aux-nouveaux-infirmiers-et-aides-soignants\/\" \/>\n<meta name=\"twitter:card\" content=\"summary_large_image\" \/>\n<meta name=\"twitter:title\" content=\"Remise des dipl\u00f4mes aux nouveaux infirmiers et aides-soignants - Remiremont Info\" \/>\n<meta name=\"twitter:description\" content=\"Ce vendredi apr\u00e8s-midi avait lieu la traditionnelle remise des dipl\u00f4mes aux nouveaux infirmiers et aux nouveaux aides-soignants. L\u2019\u00e9v\u00e8nement se d\u00e9roulait [&hellip;]\" \/>\n<meta name=\"twitter:image\" content=\"https:\/\/vosgesinfo.fr\/app\/uploads\/sites\/5\/2024\/09\/diplomes-dinfirmiere-19-13-scaled-1.jpg\" \/>\n<meta name=\"twitter:creator\" content=\"@VosgesInfo88\" \/>\n<meta name=\"twitter:site\" content=\"@VosgesInfo88\" \/>\n<meta name=\"twitter:label1\" content=\"\u00c9crit par\" \/>\n\t<meta name=\"twitter:data1\" content=\"C.K.\" \/>\n\t<meta name=\"twitter:label2\" content=\"Dur\u00e9e de lecture estim\u00e9e\" \/>\n\t<meta name=\"twitter:data2\" content=\"1 minute\" \/>\n<script type=\"application\/ld+json\" class=\"yoast-schema-graph\">{\"@context\":\"https:\/\/schema.org\",\"@graph\":[{\"@type\":\"Article\",\"@id\":\"https:\/\/vosgesinfo.fr\/remiremontinfo\/2024\/09\/remise-des-diplomes-aux-nouveaux-infirmiers-et-aides-soignants\/#article\",\"isPartOf\":{\"@id\":\"https:\/\/vosgesinfo.fr\/remiremontinfo\/2024\/09\/remise-des-diplomes-aux-nouveaux-infirmiers-et-aides-soignants\/\"},\"author\":{\"name\":\"C.K.\",\"@id\":\"https:\/\/vosgesinfo.fr\/remiremontinfo\/#\/schema\/person\/6f9a650eeea99d969b6c4ab78fccbe81\"},\"headline\":\"Remise des dipl\u00f4mes aux nouveaux infirmiers et aides-soignants\",\"datePublished\":\"2024-09-14T14:59:08+00:00\",\"dateModified\":\"2024-09-14T14:59:08+00:00\",\"mainEntityOfPage\":{\"@id\":\"https:\/\/vosgesinfo.fr\/remiremontinfo\/2024\/09\/remise-des-diplomes-aux-nouveaux-infirmiers-et-aides-soignants\/\"},\"wordCount\":133,\"commentCount\":0,\"publisher\":{\"@id\":\"https:\/\/vosgesinfo.fr\/remiremontinfo\/#organization\"},\"image\":{\"@id\":\"https:\/\/vosgesinfo.fr\/remiremontinfo\/2024\/09\/remise-des-diplomes-aux-nouveaux-infirmiers-et-aides-soignants\/#primaryimage\"},\"thumbnailUrl\":\"https:\/\/vosgesinfo.fr\/app\/uploads\/sites\/5\/2024\/09\/diplomes-dinfirmiere-19-13-scaled-1.jpg\",\"articleSection\":[\"A la Une\",\"Epinal\",\"G\u00e9rardmer\",\"La plaine des vosges\",\"Remiremont\",\"Saint-di\u00e9\",\"Sant\u00e9\"],\"inLanguage\":\"fr-FR\",\"potentialAction\":[{\"@type\":\"CommentAction\",\"name\":\"Comment\",\"target\":[\"https:\/\/vosgesinfo.fr\/remiremontinfo\/2024\/09\/remise-des-diplomes-aux-nouveaux-infirmiers-et-aides-soignants\/#respond\"]}]},{\"@type\":\"WebPage\",\"@id\":\"https:\/\/vosgesinfo.fr\/remiremontinfo\/2024\/09\/remise-des-diplomes-aux-nouveaux-infirmiers-et-aides-soignants\/\",\"url\":\"https:\/\/vosgesinfo.fr\/remiremontinfo\/2024\/09\/remise-des-diplomes-aux-nouveaux-infirmiers-et-aides-soignants\/\",\"name\":\"Remise des dipl\u00f4mes aux nouveaux infirmiers et aides-soignants - Remiremont Info\",\"isPartOf\":{\"@id\":\"https:\/\/vosgesinfo.fr\/remiremontinfo\/#website\"},\"primaryImageOfPage\":{\"@id\":\"https:\/\/vosgesinfo.fr\/remiremontinfo\/2024\/09\/remise-des-diplomes-aux-nouveaux-infirmiers-et-aides-soignants\/#primaryimage\"},\"image\":{\"@id\":\"https:\/\/vosgesinfo.fr\/remiremontinfo\/2024\/09\/remise-des-diplomes-aux-nouveaux-infirmiers-et-aides-soignants\/#primaryimage\"},\"thumbnailUrl\":\"https:\/\/vosgesinfo.fr\/app\/uploads\/sites\/5\/2024\/09\/diplomes-dinfirmiere-19-13-scaled-1.jpg\",\"datePublished\":\"2024-09-14T14:59:08+00:00\",\"dateModified\":\"2024-09-14T14:59:08+00:00\",\"breadcrumb\":{\"@id\":\"https:\/\/vosgesinfo.fr\/remiremontinfo\/2024\/09\/remise-des-diplomes-aux-nouveaux-infirmiers-et-aides-soignants\/#breadcrumb\"},\"inLanguage\":\"fr-FR\",\"potentialAction\":[{\"@type\":\"ReadAction\",\"target\":[\"https:\/\/vosgesinfo.fr\/remiremontinfo\/2024\/09\/remise-des-diplomes-aux-nouveaux-infirmiers-et-aides-soignants\/\"]}]},{\"@type\":\"ImageObject\",\"inLanguage\":\"fr-FR\",\"@id\":\"https:\/\/vosgesinfo.fr\/remiremontinfo\/2024\/09\/remise-des-diplomes-aux-nouveaux-infirmiers-et-aides-soignants\/#primaryimage\",\"url\":\"https:\/\/vosgesinfo.fr\/app\/uploads\/sites\/5\/2024\/09\/diplomes-dinfirmiere-19-13-scaled-1.jpg\",\"contentUrl\":\"https:\/\/vosgesinfo.fr\/app\/uploads\/sites\/5\/2024\/09\/diplomes-dinfirmiere-19-13-scaled-1.jpg\",\"width\":2560,\"height\":1709},{\"@type\":\"BreadcrumbList\",\"@id\":\"https:\/\/vosgesinfo.fr\/remiremontinfo\/2024\/09\/remise-des-diplomes-aux-nouveaux-infirmiers-et-aides-soignants\/#breadcrumb\",\"itemListElement\":[{\"@type\":\"ListItem\",\"position\":1,\"name\":\"Home\",\"item\":\"https:\/\/vosgesinfo.fr\/remiremontinfo\/\"},{\"@type\":\"ListItem\",\"position\":2,\"name\":\"Remise des dipl\u00f4mes aux nouveaux infirmiers et aides-soignants\"}]},{\"@type\":\"WebSite\",\"@id\":\"https:\/\/vosgesinfo.fr\/remiremontinfo\/#website\",\"url\":\"https:\/\/vosgesinfo.fr\/remiremontinfo\/\",\"name\":\"Remiremont Info\",\"description\":\"Toute l&#039;actualit\u00e9 de Remiremont\",\"publisher\":{\"@id\":\"https:\/\/vosgesinfo.fr\/remiremontinfo\/#organization\"},\"alternateName\":\"Toute l'actualit\u00e9 de Remiremont\",\"potentialAction\":[{\"@type\":\"SearchAction\",\"target\":{\"@type\":\"EntryPoint\",\"urlTemplate\":\"https:\/\/vosgesinfo.fr\/remiremontinfo\/?s={search_term_string}\"},\"query-input\":\"required name=search_term_string\"}],\"inLanguage\":\"fr-FR\"},{\"@type\":\"Organization\",\"@id\":\"https:\/\/vosgesinfo.fr\/remiremontinfo\/#organization\",\"name\":\"Remiremont Info\",\"url\":\"https:\/\/vosgesinfo.fr\/remiremontinfo\/\",\"logo\":{\"@type\":\"ImageObject\",\"inLanguage\":\"fr-FR\",\"@id\":\"https:\/\/vosgesinfo.fr\/remiremontinfo\/#\/schema\/logo\/image\/\",\"url\":\"https:\/\/vosgesinfo.fr\/app\/uploads\/sites\/5\/2023\/08\/favicon-remiremontinfo.png\",\"contentUrl\":\"https:\/\/vosgesinfo.fr\/app\/uploads\/sites\/5\/2023\/08\/favicon-remiremontinfo.png\",\"width\":512,\"height\":512,\"caption\":\"Remiremont Info\"},\"image\":{\"@id\":\"https:\/\/vosgesinfo.fr\/remiremontinfo\/#\/schema\/logo\/image\/\"},\"sameAs\":[\"https:\/\/www.facebook.com\/remiremontinfo\",\"https:\/\/x.com\/VosgesInfo88\",\"https:\/\/www.youtube.com\/@vosgesinfo\"]},{\"@type\":\"Person\",\"@id\":\"https:\/\/vosgesinfo.fr\/remiremontinfo\/#\/schema\/person\/6f9a650eeea99d969b6c4ab78fccbe81\",\"name\":\"C.K.\",\"image\":{\"@type\":\"ImageObject\",\"inLanguage\":\"fr-FR\",\"@id\":\"https:\/\/vosgesinfo.fr\/remiremontinfo\/#\/schema\/person\/image\/\",\"url\":\"https:\/\/secure.gravatar.com\/avatar\/48e3fc7f8421ba8942be6b74a2b7f014ca39bc00dece156b7a8e098ae7dc87bf?s=96&d=mm&r=g\",\"contentUrl\":\"https:\/\/secure.gravatar.com\/avatar\/48e3fc7f8421ba8942be6b74a2b7f014ca39bc00dece156b7a8e098ae7dc87bf?s=96&d=mm&r=g\",\"caption\":\"C.K.\"},\"url\":\"https:\/\/vosgesinfo.fr\/remiremontinfo\/author\/celia-k-n\/\"}]}<\/script>\n<!-- \/ Yoast SEO plugin. -->","yoast_head_json":{"title":"Remise des dipl\u00f4mes aux nouveaux infirmiers et aides-soignants - Remiremont Info","robots":{"index":"index","follow":"follow","max-snippet":"max-snippet:-1","max-image-preview":"max-image-preview:large","max-video-preview":"max-video-preview:-1"},"canonical":"https:\/\/vosgesinfo.fr\/remiremontinfo\/2024\/09\/remise-des-diplomes-aux-nouveaux-infirmiers-et-aides-soignants\/","twitter_card":"summary_large_image","twitter_title":"Remise des dipl\u00f4mes aux nouveaux infirmiers et aides-soignants - Remiremont Info","twitter_description":"Ce vendredi apr\u00e8s-midi avait lieu la traditionnelle remise des dipl\u00f4mes aux nouveaux infirmiers et aux nouveaux aides-soignants. L\u2019\u00e9v\u00e8nement se d\u00e9roulait [&hellip;]","twitter_image":"https:\/\/vosgesinfo.fr\/app\/uploads\/sites\/5\/2024\/09\/diplomes-dinfirmiere-19-13-scaled-1.jpg","twitter_creator":"@VosgesInfo88","twitter_site":"@VosgesInfo88","twitter_misc":{"\u00c9crit par":"C.K.","Dur\u00e9e de lecture estim\u00e9e":"1 minute"},"schema":{"@context":"https:\/\/schema.org","@graph":[{"@type":"Article","@id":"https:\/\/vosgesinfo.fr\/remiremontinfo\/2024\/09\/remise-des-diplomes-aux-nouveaux-infirmiers-et-aides-soignants\/#article","isPartOf":{"@id":"https:\/\/vosgesinfo.fr\/remiremontinfo\/2024\/09\/remise-des-diplomes-aux-nouveaux-infirmiers-et-aides-soignants\/"},"author":{"name":"C.K.","@id":"https:\/\/vosgesinfo.fr\/remiremontinfo\/#\/schema\/person\/6f9a650eeea99d969b6c4ab78fccbe81"},"headline":"Remise des dipl\u00f4mes aux nouveaux infirmiers et aides-soignants","datePublished":"2024-09-14T14:59:08+00:00","dateModified":"2024-09-14T14:59:08+00:00","mainEntityOfPage":{"@id":"https:\/\/vosgesinfo.fr\/remiremontinfo\/2024\/09\/remise-des-diplomes-aux-nouveaux-infirmiers-et-aides-soignants\/"},"wordCount":133,"commentCount":0,"publisher":{"@id":"https:\/\/vosgesinfo.fr\/remiremontinfo\/#organization"},"image":{"@id":"https:\/\/vosgesinfo.fr\/remiremontinfo\/2024\/09\/remise-des-diplomes-aux-nouveaux-infirmiers-et-aides-soignants\/#primaryimage"},"thumbnailUrl":"https:\/\/vosgesinfo.fr\/app\/uploads\/sites\/5\/2024\/09\/diplomes-dinfirmiere-19-13-scaled-1.jpg","articleSection":["A la Une","Epinal","G\u00e9rardmer","La plaine des vosges","Remiremont","Saint-di\u00e9","Sant\u00e9"],"inLanguage":"fr-FR","potentialAction":[{"@type":"CommentAction","name":"Comment","target":["https:\/\/vosgesinfo.fr\/remiremontinfo\/2024\/09\/remise-des-diplomes-aux-nouveaux-infirmiers-et-aides-soignants\/#respond"]}]},{"@type":"WebPage","@id":"https:\/\/vosgesinfo.fr\/remiremontinfo\/2024\/09\/remise-des-diplomes-aux-nouveaux-infirmiers-et-aides-soignants\/","url":"https:\/\/vosgesinfo.fr\/remiremontinfo\/2024\/09\/remise-des-diplomes-aux-nouveaux-infirmiers-et-aides-soignants\/","name":"Remise des dipl\u00f4mes aux nouveaux infirmiers et aides-soignants - Remiremont Info","isPartOf":{"@id":"https:\/\/vosgesinfo.fr\/remiremontinfo\/#website"},"primaryImageOfPage":{"@id":"https:\/\/vosgesinfo.fr\/remiremontinfo\/2024\/09\/remise-des-diplomes-aux-nouveaux-infirmiers-et-aides-soignants\/#primaryimage"},"image":{"@id":"https:\/\/vosgesinfo.fr\/remiremontinfo\/2024\/09\/remise-des-diplomes-aux-nouveaux-infirmiers-et-aides-soignants\/#primaryimage"},"thumbnailUrl":"https:\/\/vosgesinfo.fr\/app\/uploads\/sites\/5\/2024\/09\/diplomes-dinfirmiere-19-13-scaled-1.jpg","datePublished":"2024-09-14T14:59:08+00:00","dateModified":"2024-09-14T14:59:08+00:00","breadcrumb":{"@id":"https:\/\/vosgesinfo.fr\/remiremontinfo\/2024\/09\/remise-des-diplomes-aux-nouveaux-infirmiers-et-aides-soignants\/#breadcrumb"},"inLanguage":"fr-FR","potentialAction":[{"@type":"ReadAction","target":["https:\/\/vosgesinfo.fr\/remiremontinfo\/2024\/09\/remise-des-diplomes-aux-nouveaux-infirmiers-et-aides-soignants\/"]}]},{"@type":"ImageObject","inLanguage":"fr-FR","@id":"https:\/\/vosgesinfo.fr\/remiremontinfo\/2024\/09\/remise-des-diplomes-aux-nouveaux-infirmiers-et-aides-soignants\/#primaryimage","url":"https:\/\/vosgesinfo.fr\/app\/uploads\/sites\/5\/2024\/09\/diplomes-dinfirmiere-19-13-scaled-1.jpg","contentUrl":"https:\/\/vosgesinfo.fr\/app\/uploads\/sites\/5\/2024\/09\/diplomes-dinfirmiere-19-13-scaled-1.jpg","width":2560,"height":1709},{"@type":"BreadcrumbList","@id":"https:\/\/vosgesinfo.fr\/remiremontinfo\/2024\/09\/remise-des-diplomes-aux-nouveaux-infirmiers-et-aides-soignants\/#breadcrumb","itemListElement":[{"@type":"ListItem","position":1,"name":"Home","item":"https:\/\/vosgesinfo.fr\/remiremontinfo\/"},{"@type":"ListItem","position":2,"name":"Remise des dipl\u00f4mes aux nouveaux infirmiers et aides-soignants"}]},{"@type":"WebSite","@id":"https:\/\/vosgesinfo.fr\/remiremontinfo\/#website","url":"https:\/\/vosgesinfo.fr\/remiremontinfo\/","name":"Remiremont Info","description":"Toute l&#039;actualit\u00e9 de Remiremont","publisher":{"@id":"https:\/\/vosgesinfo.fr\/remiremontinfo\/#organization"},"alternateName":"Toute l'actualit\u00e9 de Remiremont","potentialAction":[{"@type":"SearchAction","target":{"@type":"EntryPoint","urlTemplate":"https:\/\/vosgesinfo.fr\/remiremontinfo\/?s={search_term_string}"},"query-input":"required name=search_term_string"}],"inLanguage":"fr-FR"},{"@type":"Organization","@id":"https:\/\/vosgesinfo.fr\/remiremontinfo\/#organization","name":"Remiremont Info","url":"https:\/\/vosgesinfo.fr\/remiremontinfo\/","logo":{"@type":"ImageObject","inLanguage":"fr-FR","@id":"https:\/\/vosgesinfo.fr\/remiremontinfo\/#\/schema\/logo\/image\/","url":"https:\/\/vosgesinfo.fr\/app\/uploads\/sites\/5\/2023\/08\/favicon-remiremontinfo.png","contentUrl":"https:\/\/vosgesinfo.fr\/app\/uploads\/sites\/5\/2023\/08\/favicon-remiremontinfo.png","width":512,"height":512,"caption":"Remiremont Info"},"image":{"@id":"https:\/\/vosgesinfo.fr\/remiremontinfo\/#\/schema\/logo\/image\/"},"sameAs":["https:\/\/www.facebook.com\/remiremontinfo","https:\/\/x.com\/VosgesInfo88","https:\/\/www.youtube.com\/@vosgesinfo"]},{"@type":"Person","@id":"https:\/\/vosgesinfo.fr\/remiremontinfo\/#\/schema\/person\/6f9a650eeea99d969b6c4ab78fccbe81","name":"C.K.","image":{"@type":"ImageObject","inLanguage":"fr-FR","@id":"https:\/\/vosgesinfo.fr\/remiremontinfo\/#\/schema\/person\/image\/","url":"https:\/\/secure.gravatar.com\/avatar\/48e3fc7f8421ba8942be6b74a2b7f014ca39bc00dece156b7a8e098ae7dc87bf?s=96&d=mm&r=g","contentUrl":"https:\/\/secure.gravatar.com\/avatar\/48e3fc7f8421ba8942be6b74a2b7f014ca39bc00dece156b7a8e098ae7dc87bf?s=96&d=mm&r=g","caption":"C.K."},"url":"https:\/\/vosgesinfo.fr\/remiremontinfo\/author\/celia-k-n\/"}]}},"_links":{"self":[{"href":"https:\/\/vosgesinfo.fr\/remiremontinfo\/wp-json\/wp\/v2\/posts\/73376","targetHints":{"allow":["GET"]}}],"collection":[{"href":"https:\/\/vosgesinfo.fr\/remiremontinfo\/wp-json\/wp\/v2\/posts"}],"about":[{"href":"https:\/\/vosgesinfo.fr\/remiremontinfo\/wp-json\/wp\/v2\/types\/post"}],"author":[{"embeddable":true,"href":"https:\/\/vosgesinfo.fr\/remiremontinfo\/wp-json\/wp\/v2\/users\/52"}],"replies":[{"embeddable":true,"href":"https:\/\/vosgesinfo.fr\/remiremontinfo\/wp-json\/wp\/v2\/comments?post=73376"}],"version-history":[{"count":0,"href":"https:\/\/vosgesinfo.fr\/remiremontinfo\/wp-json\/wp\/v2\/posts\/73376\/revisions"}],"wp:featuredmedia":[{"embeddable":true,"href":"https:\/\/vosgesinfo.fr\/remiremontinfo\/wp-json\/wp\/v2\/media\/73377"}],"wp:attachment":[{"href":"https:\/\/vosgesinfo.fr\/remiremontinfo\/wp-json\/wp\/v2\/media?parent=73376"}],"wp:term":[{"taxonomy":"category","embeddable":true,"href":"https:\/\/vosgesinfo.fr\/remiremontinfo\/wp-json\/wp\/v2\/categories?post=73376"},{"taxonomy":"post_tag","embeddable":true,"href":"https:\/\/vosgesinfo.fr\/remiremontinfo\/wp-json\/wp\/v2\/tags?post=73376"}],"curies":[{"name":"wp","href":"https:\/\/api.w.org\/{rel}","templated":true}]}}