{"id":73485,"date":"2024-09-16T14:05:50","date_gmt":"2024-09-16T12:05:50","guid":{"rendered":"https:\/\/vosgesinfo.fr\/remiremontinfo\/?p=73485"},"modified":"2024-09-16T14:13:24","modified_gmt":"2024-09-16T12:13:24","slug":"open-federal-2024-de-flechettes-traditionnelles-du-25-au-27-octobre","status":"publish","type":"post","link":"https:\/\/vosgesinfo.fr\/remiremontinfo\/2024\/09\/open-federal-2024-de-flechettes-traditionnelles-du-25-au-27-octobre\/","title":{"rendered":"OPEN f\u00e9d\u00e9ral 2024 de fl\u00e9chettes traditionnelles du 25 au 27 octobre"},"content":{"rendered":"<div>En association avec la F\u00e9d\u00e9ration Fran\u00e7aise de Darts, (FFD, car F\u00e9d\u00e9ration Fran\u00e7aise de Fl\u00e9chettes ferait FFF, mais ce sigle fait r\u00e9f\u00e9rence \u00e0 une\u00a0autre discipline non moins c\u00e9l\u00e8bre !), le club Dart&rsquo;iste de REMIREMONT organise l&rsquo;OPEN FEDERAL 2024 au Palais des congr\u00e8s de Remiremont les 26 et 27 octobre.<\/div>\n<div>Cette comp\u00e9tition nationale de fl\u00e9chettes traditionnelles aciers est la seule qui est ouverte \u00e0 tous, licenci\u00e9s FFD ou non, et devrait attirer entre 200 et 300 comp\u00e9titeurs, aussi bien des femmes que des hommes, des juniors que des v\u00e9t\u00e9rans, issus des quatre coins de notre pays. Chaque ann\u00e9e, de plus en plus de passionn\u00e9s participent \u00e0 cette comp\u00e9tition dans un esprit de grande f\u00eate et de convivialit\u00e9.<\/div>\n<div><\/div>\n<div>&#8211; Les festivit\u00e9s commenceront d\u00e8s\u00a0le vendredi 25\/10 soir \u00e0 20h00 avec un tournoi 100% amical appel\u00e9 \u00ab\u00a0Warm-up\u00a0\u00bb<\/div>\n<div>&#8211; Le samedi 26\/10, les t\u00e9nors nationaux de la discipline s&rsquo;affrontent en individuel d\u00e8s 10h00 du matin jusqu&rsquo;\u00e0 la finale qui devrait se d\u00e9rouler en fin de journ\u00e9e.<\/div>\n<div>&#8211; Le week-end se cl\u00f4turera\u00a0le dimanche 27\/10 par la comp\u00e9tition doublette aux m\u00eames\u00a0horaires que la veille.<\/div>\n<div><\/div>\n<div>L&rsquo;entr\u00e9e pour les spectateurs est libre, buvette et restauration sur place.<\/div>\n<div><\/div>\n<div>Chaque ann\u00e9e, ce sont de plus en plus de passionn\u00e9s qui participent \u00e0 cette comp\u00e9tition d&rsquo;envergure nationale<\/div>\n<div><\/div>\n<div><a href=\"https:\/\/vosgesinfo.fr\/app\/uploads\/sites\/5\/2024\/09\/affiche-of-2024-page-1.png\"><img decoding=\"async\" class=\"aligncenter size-large wp-image-73486\" src=\"https:\/\/vosgesinfo.fr\/app\/uploads\/sites\/5\/2024\/09\/affiche-of-2024-page-1-724x1024.png\" alt=\"\" width=\"724\" height=\"1024\" srcset=\"https:\/\/vosgesinfo.fr\/app\/uploads\/sites\/5\/2024\/09\/affiche-of-2024-page-1-724x1024.png 724w, https:\/\/vosgesinfo.fr\/app\/uploads\/sites\/5\/2024\/09\/affiche-of-2024-page-1-212x300.png 212w, https:\/\/vosgesinfo.fr\/app\/uploads\/sites\/5\/2024\/09\/affiche-of-2024-page-1-768x1086.png 768w, https:\/\/vosgesinfo.fr\/app\/uploads\/sites\/5\/2024\/09\/affiche-of-2024-page-1-1086x1536.png 1086w, https:\/\/vosgesinfo.fr\/app\/uploads\/sites\/5\/2024\/09\/affiche-of-2024-page-1-1448x2048.png 1448w, https:\/\/vosgesinfo.fr\/app\/uploads\/sites\/5\/2024\/09\/affiche-of-2024-page-1.png 1654w\" sizes=\"(max-width: 724px) 100vw, 724px\" \/><\/a><\/div>\n","protected":false},"excerpt":{"rendered":"<p>En association avec la F\u00e9d\u00e9ration Fran\u00e7aise de Darts, (FFD, car F\u00e9d\u00e9ration Fran\u00e7aise de Fl\u00e9chettes ferait FFF, mais ce sigle fait [&hellip;]<\/p>\n","protected":false},"author":391,"featured_media":73486,"comment_status":"open","ping_status":"open","sticky":false,"template":"","format":"standard","meta":{"footnotes":""},"categories":[26,1556,14],"tags":[6069,6070,44],"class_list":["post-73485","post","type-post","status-publish","format-standard","has-post-thumbnail","hentry","category-a-la-une","category-remiremont-remiremont-son-canton-2","category-sport","tag-ffd","tag-open-federal","tag-remiremont"],"acf":[],"yoast_head":"<!-- This site is optimized with the Yoast SEO plugin v22.5 - https:\/\/yoast.com\/wordpress\/plugins\/seo\/ -->\n<title>OPEN f\u00e9d\u00e9ral 2024 de fl\u00e9chettes traditionnelles du 25 au 27 octobre - Remiremont Info<\/title>\n<meta name=\"robots\" content=\"index, follow, max-snippet:-1, max-image-preview:large, max-video-preview:-1\" \/>\n<link rel=\"canonical\" href=\"https:\/\/vosgesinfo.fr\/remiremontinfo\/2024\/09\/open-federal-2024-de-flechettes-traditionnelles-du-25-au-27-octobre\/\" \/>\n<meta name=\"twitter:card\" content=\"summary_large_image\" \/>\n<meta name=\"twitter:title\" content=\"OPEN f\u00e9d\u00e9ral 2024 de fl\u00e9chettes traditionnelles du 25 au 27 octobre - Remiremont Info\" \/>\n<meta name=\"twitter:description\" content=\"En association avec la F\u00e9d\u00e9ration Fran\u00e7aise de Darts, (FFD, car F\u00e9d\u00e9ration Fran\u00e7aise de Fl\u00e9chettes ferait FFF, mais ce sigle fait [&hellip;]\" \/>\n<meta name=\"twitter:image\" content=\"https:\/\/vosgesinfo.fr\/app\/uploads\/sites\/5\/2024\/09\/affiche-of-2024-page-1.png\" \/>\n<meta name=\"twitter:creator\" content=\"@VosgesInfo88\" \/>\n<meta name=\"twitter:site\" content=\"@VosgesInfo88\" \/>\n<meta name=\"twitter:label1\" content=\"\u00c9crit par\" \/>\n\t<meta name=\"twitter:data1\" content=\"La redaction\" \/>\n\t<meta name=\"twitter:label2\" content=\"Dur\u00e9e de lecture estim\u00e9e\" \/>\n\t<meta name=\"twitter:data2\" content=\"2 minutes\" \/>\n<script type=\"application\/ld+json\" class=\"yoast-schema-graph\">{\"@context\":\"https:\/\/schema.org\",\"@graph\":[{\"@type\":\"Article\",\"@id\":\"https:\/\/vosgesinfo.fr\/remiremontinfo\/2024\/09\/open-federal-2024-de-flechettes-traditionnelles-du-25-au-27-octobre\/#article\",\"isPartOf\":{\"@id\":\"https:\/\/vosgesinfo.fr\/remiremontinfo\/2024\/09\/open-federal-2024-de-flechettes-traditionnelles-du-25-au-27-octobre\/\"},\"author\":{\"name\":\"La redaction\",\"@id\":\"https:\/\/vosgesinfo.fr\/remiremontinfo\/#\/schema\/person\/27a3695b06db98895b354c0765cdfc31\"},\"headline\":\"OPEN f\u00e9d\u00e9ral 2024 de fl\u00e9chettes traditionnelles du 25 au 27 octobre\",\"datePublished\":\"2024-09-16T12:05:50+00:00\",\"dateModified\":\"2024-09-16T12:13:24+00:00\",\"mainEntityOfPage\":{\"@id\":\"https:\/\/vosgesinfo.fr\/remiremontinfo\/2024\/09\/open-federal-2024-de-flechettes-traditionnelles-du-25-au-27-octobre\/\"},\"wordCount\":244,\"commentCount\":0,\"publisher\":{\"@id\":\"https:\/\/vosgesinfo.fr\/remiremontinfo\/#organization\"},\"image\":{\"@id\":\"https:\/\/vosgesinfo.fr\/remiremontinfo\/2024\/09\/open-federal-2024-de-flechettes-traditionnelles-du-25-au-27-octobre\/#primaryimage\"},\"thumbnailUrl\":\"https:\/\/vosgesinfo.fr\/app\/uploads\/sites\/5\/2024\/09\/affiche-of-2024-page-1.png\",\"keywords\":[\"FFD\",\"Open F\u00e9d\u00e9ral\",\"remiremont\"],\"articleSection\":[\"A la Une\",\"Remiremont\",\"Sport\"],\"inLanguage\":\"fr-FR\",\"potentialAction\":[{\"@type\":\"CommentAction\",\"name\":\"Comment\",\"target\":[\"https:\/\/vosgesinfo.fr\/remiremontinfo\/2024\/09\/open-federal-2024-de-flechettes-traditionnelles-du-25-au-27-octobre\/#respond\"]}]},{\"@type\":\"WebPage\",\"@id\":\"https:\/\/vosgesinfo.fr\/remiremontinfo\/2024\/09\/open-federal-2024-de-flechettes-traditionnelles-du-25-au-27-octobre\/\",\"url\":\"https:\/\/vosgesinfo.fr\/remiremontinfo\/2024\/09\/open-federal-2024-de-flechettes-traditionnelles-du-25-au-27-octobre\/\",\"name\":\"OPEN f\u00e9d\u00e9ral 2024 de fl\u00e9chettes traditionnelles du 25 au 27 octobre - Remiremont Info\",\"isPartOf\":{\"@id\":\"https:\/\/vosgesinfo.fr\/remiremontinfo\/#website\"},\"primaryImageOfPage\":{\"@id\":\"https:\/\/vosgesinfo.fr\/remiremontinfo\/2024\/09\/open-federal-2024-de-flechettes-traditionnelles-du-25-au-27-octobre\/#primaryimage\"},\"image\":{\"@id\":\"https:\/\/vosgesinfo.fr\/remiremontinfo\/2024\/09\/open-federal-2024-de-flechettes-traditionnelles-du-25-au-27-octobre\/#primaryimage\"},\"thumbnailUrl\":\"https:\/\/vosgesinfo.fr\/app\/uploads\/sites\/5\/2024\/09\/affiche-of-2024-page-1.png\",\"datePublished\":\"2024-09-16T12:05:50+00:00\",\"dateModified\":\"2024-09-16T12:13:24+00:00\",\"breadcrumb\":{\"@id\":\"https:\/\/vosgesinfo.fr\/remiremontinfo\/2024\/09\/open-federal-2024-de-flechettes-traditionnelles-du-25-au-27-octobre\/#breadcrumb\"},\"inLanguage\":\"fr-FR\",\"potentialAction\":[{\"@type\":\"ReadAction\",\"target\":[\"https:\/\/vosgesinfo.fr\/remiremontinfo\/2024\/09\/open-federal-2024-de-flechettes-traditionnelles-du-25-au-27-octobre\/\"]}]},{\"@type\":\"ImageObject\",\"inLanguage\":\"fr-FR\",\"@id\":\"https:\/\/vosgesinfo.fr\/remiremontinfo\/2024\/09\/open-federal-2024-de-flechettes-traditionnelles-du-25-au-27-octobre\/#primaryimage\",\"url\":\"https:\/\/vosgesinfo.fr\/app\/uploads\/sites\/5\/2024\/09\/affiche-of-2024-page-1.png\",\"contentUrl\":\"https:\/\/vosgesinfo.fr\/app\/uploads\/sites\/5\/2024\/09\/affiche-of-2024-page-1.png\",\"width\":1654,\"height\":2339},{\"@type\":\"BreadcrumbList\",\"@id\":\"https:\/\/vosgesinfo.fr\/remiremontinfo\/2024\/09\/open-federal-2024-de-flechettes-traditionnelles-du-25-au-27-octobre\/#breadcrumb\",\"itemListElement\":[{\"@type\":\"ListItem\",\"position\":1,\"name\":\"Home\",\"item\":\"https:\/\/vosgesinfo.fr\/remiremontinfo\/\"},{\"@type\":\"ListItem\",\"position\":2,\"name\":\"OPEN f\u00e9d\u00e9ral 2024 de fl\u00e9chettes traditionnelles du 25 au 27 octobre\"}]},{\"@type\":\"WebSite\",\"@id\":\"https:\/\/vosgesinfo.fr\/remiremontinfo\/#website\",\"url\":\"https:\/\/vosgesinfo.fr\/remiremontinfo\/\",\"name\":\"Remiremont Info\",\"description\":\"Toute l&#039;actualit\u00e9 de Remiremont\",\"publisher\":{\"@id\":\"https:\/\/vosgesinfo.fr\/remiremontinfo\/#organization\"},\"alternateName\":\"Toute l'actualit\u00e9 de Remiremont\",\"potentialAction\":[{\"@type\":\"SearchAction\",\"target\":{\"@type\":\"EntryPoint\",\"urlTemplate\":\"https:\/\/vosgesinfo.fr\/remiremontinfo\/?s={search_term_string}\"},\"query-input\":\"required name=search_term_string\"}],\"inLanguage\":\"fr-FR\"},{\"@type\":\"Organization\",\"@id\":\"https:\/\/vosgesinfo.fr\/remiremontinfo\/#organization\",\"name\":\"Remiremont Info\",\"url\":\"https:\/\/vosgesinfo.fr\/remiremontinfo\/\",\"logo\":{\"@type\":\"ImageObject\",\"inLanguage\":\"fr-FR\",\"@id\":\"https:\/\/vosgesinfo.fr\/remiremontinfo\/#\/schema\/logo\/image\/\",\"url\":\"https:\/\/vosgesinfo.fr\/app\/uploads\/sites\/5\/2023\/08\/favicon-remiremontinfo.png\",\"contentUrl\":\"https:\/\/vosgesinfo.fr\/app\/uploads\/sites\/5\/2023\/08\/favicon-remiremontinfo.png\",\"width\":512,\"height\":512,\"caption\":\"Remiremont Info\"},\"image\":{\"@id\":\"https:\/\/vosgesinfo.fr\/remiremontinfo\/#\/schema\/logo\/image\/\"},\"sameAs\":[\"https:\/\/www.facebook.com\/remiremontinfo\",\"https:\/\/x.com\/VosgesInfo88\",\"https:\/\/www.youtube.com\/@vosgesinfo\"]},{\"@type\":\"Person\",\"@id\":\"https:\/\/vosgesinfo.fr\/remiremontinfo\/#\/schema\/person\/27a3695b06db98895b354c0765cdfc31\",\"name\":\"La redaction\",\"image\":{\"@type\":\"ImageObject\",\"inLanguage\":\"fr-FR\",\"@id\":\"https:\/\/vosgesinfo.fr\/remiremontinfo\/#\/schema\/person\/image\/\",\"url\":\"https:\/\/secure.gravatar.com\/avatar\/64c76a78e501cedee55736f43f332df901e1896ae9cd8fad269ae2236dd0e8b6?s=96&d=mm&r=g\",\"contentUrl\":\"https:\/\/secure.gravatar.com\/avatar\/64c76a78e501cedee55736f43f332df901e1896ae9cd8fad269ae2236dd0e8b6?s=96&d=mm&r=g\",\"caption\":\"La redaction\"},\"url\":\"https:\/\/vosgesinfo.fr\/remiremontinfo\/author\/la-redaction\/\"}]}<\/script>\n<!-- \/ Yoast SEO plugin. -->","yoast_head_json":{"title":"OPEN f\u00e9d\u00e9ral 2024 de fl\u00e9chettes traditionnelles du 25 au 27 octobre - Remiremont Info","robots":{"index":"index","follow":"follow","max-snippet":"max-snippet:-1","max-image-preview":"max-image-preview:large","max-video-preview":"max-video-preview:-1"},"canonical":"https:\/\/vosgesinfo.fr\/remiremontinfo\/2024\/09\/open-federal-2024-de-flechettes-traditionnelles-du-25-au-27-octobre\/","twitter_card":"summary_large_image","twitter_title":"OPEN f\u00e9d\u00e9ral 2024 de fl\u00e9chettes traditionnelles du 25 au 27 octobre - Remiremont Info","twitter_description":"En association avec la F\u00e9d\u00e9ration Fran\u00e7aise de Darts, (FFD, car F\u00e9d\u00e9ration Fran\u00e7aise de Fl\u00e9chettes ferait FFF, mais ce sigle fait [&hellip;]","twitter_image":"https:\/\/vosgesinfo.fr\/app\/uploads\/sites\/5\/2024\/09\/affiche-of-2024-page-1.png","twitter_creator":"@VosgesInfo88","twitter_site":"@VosgesInfo88","twitter_misc":{"\u00c9crit par":"La redaction","Dur\u00e9e de lecture estim\u00e9e":"2 minutes"},"schema":{"@context":"https:\/\/schema.org","@graph":[{"@type":"Article","@id":"https:\/\/vosgesinfo.fr\/remiremontinfo\/2024\/09\/open-federal-2024-de-flechettes-traditionnelles-du-25-au-27-octobre\/#article","isPartOf":{"@id":"https:\/\/vosgesinfo.fr\/remiremontinfo\/2024\/09\/open-federal-2024-de-flechettes-traditionnelles-du-25-au-27-octobre\/"},"author":{"name":"La redaction","@id":"https:\/\/vosgesinfo.fr\/remiremontinfo\/#\/schema\/person\/27a3695b06db98895b354c0765cdfc31"},"headline":"OPEN f\u00e9d\u00e9ral 2024 de fl\u00e9chettes traditionnelles du 25 au 27 octobre","datePublished":"2024-09-16T12:05:50+00:00","dateModified":"2024-09-16T12:13:24+00:00","mainEntityOfPage":{"@id":"https:\/\/vosgesinfo.fr\/remiremontinfo\/2024\/09\/open-federal-2024-de-flechettes-traditionnelles-du-25-au-27-octobre\/"},"wordCount":244,"commentCount":0,"publisher":{"@id":"https:\/\/vosgesinfo.fr\/remiremontinfo\/#organization"},"image":{"@id":"https:\/\/vosgesinfo.fr\/remiremontinfo\/2024\/09\/open-federal-2024-de-flechettes-traditionnelles-du-25-au-27-octobre\/#primaryimage"},"thumbnailUrl":"https:\/\/vosgesinfo.fr\/app\/uploads\/sites\/5\/2024\/09\/affiche-of-2024-page-1.png","keywords":["FFD","Open F\u00e9d\u00e9ral","remiremont"],"articleSection":["A la Une","Remiremont","Sport"],"inLanguage":"fr-FR","potentialAction":[{"@type":"CommentAction","name":"Comment","target":["https:\/\/vosgesinfo.fr\/remiremontinfo\/2024\/09\/open-federal-2024-de-flechettes-traditionnelles-du-25-au-27-octobre\/#respond"]}]},{"@type":"WebPage","@id":"https:\/\/vosgesinfo.fr\/remiremontinfo\/2024\/09\/open-federal-2024-de-flechettes-traditionnelles-du-25-au-27-octobre\/","url":"https:\/\/vosgesinfo.fr\/remiremontinfo\/2024\/09\/open-federal-2024-de-flechettes-traditionnelles-du-25-au-27-octobre\/","name":"OPEN f\u00e9d\u00e9ral 2024 de fl\u00e9chettes traditionnelles du 25 au 27 octobre - Remiremont Info","isPartOf":{"@id":"https:\/\/vosgesinfo.fr\/remiremontinfo\/#website"},"primaryImageOfPage":{"@id":"https:\/\/vosgesinfo.fr\/remiremontinfo\/2024\/09\/open-federal-2024-de-flechettes-traditionnelles-du-25-au-27-octobre\/#primaryimage"},"image":{"@id":"https:\/\/vosgesinfo.fr\/remiremontinfo\/2024\/09\/open-federal-2024-de-flechettes-traditionnelles-du-25-au-27-octobre\/#primaryimage"},"thumbnailUrl":"https:\/\/vosgesinfo.fr\/app\/uploads\/sites\/5\/2024\/09\/affiche-of-2024-page-1.png","datePublished":"2024-09-16T12:05:50+00:00","dateModified":"2024-09-16T12:13:24+00:00","breadcrumb":{"@id":"https:\/\/vosgesinfo.fr\/remiremontinfo\/2024\/09\/open-federal-2024-de-flechettes-traditionnelles-du-25-au-27-octobre\/#breadcrumb"},"inLanguage":"fr-FR","potentialAction":[{"@type":"ReadAction","target":["https:\/\/vosgesinfo.fr\/remiremontinfo\/2024\/09\/open-federal-2024-de-flechettes-traditionnelles-du-25-au-27-octobre\/"]}]},{"@type":"ImageObject","inLanguage":"fr-FR","@id":"https:\/\/vosgesinfo.fr\/remiremontinfo\/2024\/09\/open-federal-2024-de-flechettes-traditionnelles-du-25-au-27-octobre\/#primaryimage","url":"https:\/\/vosgesinfo.fr\/app\/uploads\/sites\/5\/2024\/09\/affiche-of-2024-page-1.png","contentUrl":"https:\/\/vosgesinfo.fr\/app\/uploads\/sites\/5\/2024\/09\/affiche-of-2024-page-1.png","width":1654,"height":2339},{"@type":"BreadcrumbList","@id":"https:\/\/vosgesinfo.fr\/remiremontinfo\/2024\/09\/open-federal-2024-de-flechettes-traditionnelles-du-25-au-27-octobre\/#breadcrumb","itemListElement":[{"@type":"ListItem","position":1,"name":"Home","item":"https:\/\/vosgesinfo.fr\/remiremontinfo\/"},{"@type":"ListItem","position":2,"name":"OPEN f\u00e9d\u00e9ral 2024 de fl\u00e9chettes traditionnelles du 25 au 27 octobre"}]},{"@type":"WebSite","@id":"https:\/\/vosgesinfo.fr\/remiremontinfo\/#website","url":"https:\/\/vosgesinfo.fr\/remiremontinfo\/","name":"Remiremont Info","description":"Toute l&#039;actualit\u00e9 de Remiremont","publisher":{"@id":"https:\/\/vosgesinfo.fr\/remiremontinfo\/#organization"},"alternateName":"Toute l'actualit\u00e9 de Remiremont","potentialAction":[{"@type":"SearchAction","target":{"@type":"EntryPoint","urlTemplate":"https:\/\/vosgesinfo.fr\/remiremontinfo\/?s={search_term_string}"},"query-input":"required name=search_term_string"}],"inLanguage":"fr-FR"},{"@type":"Organization","@id":"https:\/\/vosgesinfo.fr\/remiremontinfo\/#organization","name":"Remiremont Info","url":"https:\/\/vosgesinfo.fr\/remiremontinfo\/","logo":{"@type":"ImageObject","inLanguage":"fr-FR","@id":"https:\/\/vosgesinfo.fr\/remiremontinfo\/#\/schema\/logo\/image\/","url":"https:\/\/vosgesinfo.fr\/app\/uploads\/sites\/5\/2023\/08\/favicon-remiremontinfo.png","contentUrl":"https:\/\/vosgesinfo.fr\/app\/uploads\/sites\/5\/2023\/08\/favicon-remiremontinfo.png","width":512,"height":512,"caption":"Remiremont Info"},"image":{"@id":"https:\/\/vosgesinfo.fr\/remiremontinfo\/#\/schema\/logo\/image\/"},"sameAs":["https:\/\/www.facebook.com\/remiremontinfo","https:\/\/x.com\/VosgesInfo88","https:\/\/www.youtube.com\/@vosgesinfo"]},{"@type":"Person","@id":"https:\/\/vosgesinfo.fr\/remiremontinfo\/#\/schema\/person\/27a3695b06db98895b354c0765cdfc31","name":"La redaction","image":{"@type":"ImageObject","inLanguage":"fr-FR","@id":"https:\/\/vosgesinfo.fr\/remiremontinfo\/#\/schema\/person\/image\/","url":"https:\/\/secure.gravatar.com\/avatar\/64c76a78e501cedee55736f43f332df901e1896ae9cd8fad269ae2236dd0e8b6?s=96&d=mm&r=g","contentUrl":"https:\/\/secure.gravatar.com\/avatar\/64c76a78e501cedee55736f43f332df901e1896ae9cd8fad269ae2236dd0e8b6?s=96&d=mm&r=g","caption":"La redaction"},"url":"https:\/\/vosgesinfo.fr\/remiremontinfo\/author\/la-redaction\/"}]}},"_links":{"self":[{"href":"https:\/\/vosgesinfo.fr\/remiremontinfo\/wp-json\/wp\/v2\/posts\/73485","targetHints":{"allow":["GET"]}}],"collection":[{"href":"https:\/\/vosgesinfo.fr\/remiremontinfo\/wp-json\/wp\/v2\/posts"}],"about":[{"href":"https:\/\/vosgesinfo.fr\/remiremontinfo\/wp-json\/wp\/v2\/types\/post"}],"author":[{"embeddable":true,"href":"https:\/\/vosgesinfo.fr\/remiremontinfo\/wp-json\/wp\/v2\/users\/391"}],"replies":[{"embeddable":true,"href":"https:\/\/vosgesinfo.fr\/remiremontinfo\/wp-json\/wp\/v2\/comments?post=73485"}],"version-history":[{"count":1,"href":"https:\/\/vosgesinfo.fr\/remiremontinfo\/wp-json\/wp\/v2\/posts\/73485\/revisions"}],"predecessor-version":[{"id":73487,"href":"https:\/\/vosgesinfo.fr\/remiremontinfo\/wp-json\/wp\/v2\/posts\/73485\/revisions\/73487"}],"wp:featuredmedia":[{"embeddable":true,"href":"https:\/\/vosgesinfo.fr\/remiremontinfo\/wp-json\/wp\/v2\/media\/73486"}],"wp:attachment":[{"href":"https:\/\/vosgesinfo.fr\/remiremontinfo\/wp-json\/wp\/v2\/media?parent=73485"}],"wp:term":[{"taxonomy":"category","embeddable":true,"href":"https:\/\/vosgesinfo.fr\/remiremontinfo\/wp-json\/wp\/v2\/categories?post=73485"},{"taxonomy":"post_tag","embeddable":true,"href":"https:\/\/vosgesinfo.fr\/remiremontinfo\/wp-json\/wp\/v2\/tags?post=73485"}],"curies":[{"name":"wp","href":"https:\/\/api.w.org\/{rel}","templated":true}]}}