{"id":73536,"date":"2024-09-18T11:12:05","date_gmt":"2024-09-18T09:12:05","guid":{"rendered":"https:\/\/vosgesinfo.fr\/remiremontinfo\/?p=73536"},"modified":"2024-09-18T11:12:05","modified_gmt":"2024-09-18T09:12:05","slug":"le-programme-du-80eme-anniversaire-de-la-liberation-de-remiremont","status":"publish","type":"post","link":"https:\/\/vosgesinfo.fr\/remiremontinfo\/2024\/09\/le-programme-du-80eme-anniversaire-de-la-liberation-de-remiremont\/","title":{"rendered":"Le programme du 80\u00e8me anniversaire de la Lib\u00e9ration de Remiremont"},"content":{"rendered":"<div class=\"page\" title=\"Page 2\">\n<div class=\"layoutArea\">\n<div class=\"column\">\n<p style=\"text-align: center;\"><strong>PROGRAMME<\/strong><\/p>\n<p style=\"text-align: center;\"><strong>DIMANCHE 22 SEPTEMBRE 2024<\/strong><\/p>\n<div class=\"page\" title=\"Page 2\">\n<div class=\"layoutArea\">\n<div class=\"column\">\n<p>&nbsp;<\/p>\n<p><strong>AUX ARCHIVES MUNICIPALES<\/strong><\/p>\n<p><em>4 place Christian Poncelet Acce\u0300s libre et gratuit<\/em><\/p>\n<p>11h &#8211; Visite guide\u0301e the\u0301matique<br \/>\nAvec pre\u0301sentation d\u2019objets issus des collections ayant trait a\u0300 la Libe\u0301ration.<\/p>\n<p>15h &#8211; Visite guide\u0301e the\u0301matique<\/p>\n<\/div>\n<\/div>\n<\/div>\n<div class=\"page\" title=\"Page 2\">\n<div class=\"layoutArea\">\n<div class=\"column\">\n<p>&nbsp;<\/p>\n<p><strong>AU GRAND SALON DE L\u2019HO\u0302TEL DE VILLE<\/strong><\/p>\n<p><em>1 place Christian Poncelet Acce\u0300s libre et gratuit<\/em><\/p>\n<p>De 14h a\u0300 18h &#8211; Diffusion du film du photographe romarimontain Rene\u0301 Me\u0301nigoz. Re\u0301alise\u0301 en 1944, lors de la Libe\u0301ration de Remiremont.<\/p>\n<p>Exposition d\u2019objets de collection en lien avec deuxie\u0300me guerre mondiale.<\/p>\n<div class=\"page\" title=\"Page 2\">\n<div class=\"layoutArea\">\n<div class=\"column\">\n<p>&nbsp;<\/p>\n<p><strong>AU FORT DU PARMONT<\/strong><\/p>\n<p><em>Route des Forts Acce\u0300s libre et gratuit<\/em><\/p>\n<p>De 10h-17h<br \/>\net samedi 21 septembre de 10h a\u0300 18h Exposition de photos, de ve\u0301hicules ame\u0301ricains, et de mate\u0301riel de la Seconde Guerre Mondiale<\/p>\n<p>&nbsp;<\/p>\n<p><strong><span style=\"font-family: var(--text-font);\">AU NIVEAU DE LA STATUE DU VOLONTAIRE<\/span><\/strong><\/p>\n<p><span style=\"font-family: var(--text-font);\">14h &#8211; Rassemblement et prises de paroles officielles<\/span><\/p>\n<p><span style=\"font-family: var(--text-font);\">14h30 &#8211; De\u0301voilement de la plaque en hommage a\u0300 Euge\u0301nie Me\u0301line.<\/span><\/p>\n<p><span style=\"font-family: var(--text-font);\">Grande re\u0301sistante et premie\u0300re femme e\u0301lue au Conseil Municipal de la Ville.<\/span><\/p>\n<p>&nbsp;<\/p>\n<p><strong style=\"font-family: var(--text-font);\">AU MONUMENT AUX MORTS PUIS AU CIMETIE\u0300RE MILITAIRE<\/strong><\/p>\n<p><span style=\"font-family: var(--text-font);\">15h &#8211; Leve\u0301e des couleurs, de\u0301po\u0302ts de gerbes et minute de recueillement<\/span><\/p>\n<p>&nbsp;<\/p>\n<p><strong><span style=\"font-family: var(--text-font);\">PARVIS DE L\u2019HO\u0302TEL DE VILLE (ou Centre Culturel selon la me\u0301te\u0301o) <\/span><\/strong><\/p>\n<p><em><span style=\"font-family: var(--text-font);\">Place Christian Poncelet Acce\u0300s libre et gratuit<\/span><\/em><\/p>\n<p><span style=\"font-family: var(--text-font);\">15h30 &#8211; Concert du Glenn\u2019s Swing Orchestra Une ve\u0301ritable plonge\u0301e dans l\u2019univers musical jazz et swing des anne\u0301es 40. Un concert exceptionnel, offert par la Ville.<\/span><\/p>\n<p><span style=\"font-family: var(--text-font);\"><a href=\"https:\/\/vosgesinfo.fr\/app\/uploads\/sites\/5\/2024\/09\/affiche-ceremonie-liberation-v2-page-0001.jpg\"><img decoding=\"async\" class=\"aligncenter wp-image-73537\" src=\"https:\/\/vosgesinfo.fr\/app\/uploads\/sites\/5\/2024\/09\/affiche-ceremonie-liberation-v2-page-0001-724x1024.jpg\" alt=\"\" width=\"500\" height=\"707\" srcset=\"https:\/\/vosgesinfo.fr\/app\/uploads\/sites\/5\/2024\/09\/affiche-ceremonie-liberation-v2-page-0001-724x1024.jpg 724w, https:\/\/vosgesinfo.fr\/app\/uploads\/sites\/5\/2024\/09\/affiche-ceremonie-liberation-v2-page-0001-212x300.jpg 212w, https:\/\/vosgesinfo.fr\/app\/uploads\/sites\/5\/2024\/09\/affiche-ceremonie-liberation-v2-page-0001-768x1086.jpg 768w, https:\/\/vosgesinfo.fr\/app\/uploads\/sites\/5\/2024\/09\/affiche-ceremonie-liberation-v2-page-0001-1086x1536.jpg 1086w, https:\/\/vosgesinfo.fr\/app\/uploads\/sites\/5\/2024\/09\/affiche-ceremonie-liberation-v2-page-0001-1448x2048.jpg 1448w, https:\/\/vosgesinfo.fr\/app\/uploads\/sites\/5\/2024\/09\/affiche-ceremonie-liberation-v2-page-0001.jpg 1754w\" sizes=\"(max-width: 500px) 100vw, 500px\" \/><\/a><\/span><\/p>\n<\/div>\n<\/div>\n<div class=\"page\" title=\"Page 4\">\n<div class=\"layoutArea\">\n<div class=\"column\">\n<p>&nbsp;<\/p>\n<p style=\"text-align: center;\"><strong>AUTRES RENDEZ-VOUS A\u0300 NE PAS MANQUER<\/strong><\/p>\n<p>&nbsp;<\/p>\n<\/div>\n<\/div>\n<\/div>\n<\/div>\n<\/div>\n<\/div>\n<\/div>\n<\/div>\n<\/div>\n<\/div>\n<div class=\"page\" title=\"Page 4\">\n<div class=\"layoutArea\">\n<div class=\"column\">\n<p><strong>EXPOSITIONS<\/strong><\/p>\n<\/div>\n<\/div>\n<div class=\"layoutArea\">\n<div class=\"column\">\n<p><strong>Du 17 septembre au 12 octobre<\/strong><\/p>\n<div class=\"page\" title=\"Page 4\">\n<div class=\"layoutArea\">\n<div class=\"column\">\n<p><strong>Les enfants de la Re\u0301sistance<\/strong><\/p>\n<p>D\u2019apre\u0300s la se\u0301rie de bandes dessine\u0301es de Benoi\u0302t Ers et Vincent Dugomier, l\u2019exposition aborde la Seconde Guerre Mondiale et la Re\u0301sistance (presse clandestine, sabotages, renseignement&#8230;).<\/p>\n<div class=\"page\" title=\"Page 4\">\n<div class=\"layoutArea\">\n<div class=\"column\">\n<p><strong>Journal d\u2019Euge\u0301nie Me\u0301line<\/strong><\/p>\n<p>Portrait de la re\u0301sistante Romarimontaine, par les e\u0301le\u0300ves de l\u2019e\u0301cole de la Maix de Remiremont, a\u0300 partir de documents et de te\u0301moignages conserve\u0301s aux Archives Municipales pour le concours de la Re\u0301sistance et de la De\u0301portation.<\/p>\n<div class=\"page\" title=\"Page 4\">\n<div class=\"layoutArea\">\n<div class=\"column\">\n<p>Me\u0301diathe\u0300que Intercommunale Le Cercle Acce\u0300s libre et gratuit<\/p>\n<p>Mardi Mercredi 9h30-12h 13h30-18h<\/p>\n<p>Jeudi 13h30-18h<\/p>\n<p>Vendredi 13h30-18h30<\/p>\n<p>Samedi 9h30-12h30 14h-18h<\/p>\n<p>&nbsp;<\/p>\n<div class=\"page\" title=\"Page 4\">\n<div class=\"layoutArea\">\n<div class=\"column\">\n<p><strong>MUSE\u0301E CHARLES FRIRY<\/strong><\/p>\n<p>Samedi 21 septembre<\/p>\n<p>Dimanche 22 septembre 15h15 (45 min)<\/p>\n<p><strong>Visite guide\u0301e du muse\u0301e<\/strong><\/p>\n<p>et pre\u0301sentation d\u2019une se\u0301lection d\u2019\u0153uvres de Jean Monte\u0301mont exceptionnellement expose\u0301es, sur le the\u0300me de la guerre et de la Libe\u0301ration de Remiremont.<\/p>\n<p>Acce\u0300s libre et gratuit 12 rue du Ge\u0301ne\u0301ral Humbert<\/p>\n<div class=\"page\" title=\"Page 4\">\n<div class=\"layoutArea\">\n<div class=\"column\">\n<p>&nbsp;<\/p>\n<p><strong>CINE\u0301MA<\/strong><\/p>\n<div class=\"page\" title=\"Page 4\">\n<div class=\"layoutArea\">\n<div class=\"column\">\n<p>Vendredi 20 septembre &#8211; <span style=\"font-family: var(--text-font);\">20h<\/span><\/p>\n<\/div>\n<\/div>\n<div class=\"layoutArea\">\n<div class=\"column\">\n<p><strong>\u00ab Indige\u0300nes \u00bb de Rachid Bouchareb<\/strong><\/p>\n<p>La projection sera pre\u0301sente\u0301e par Ce\u0301cile Marchocki, Pre\u0301sidente de l\u2019Association Cine\u0301m\u2019Art Cades.<\/p>\n<p>Cine\u0301ma Majestic France Le Volontaire Tarif 5\u20ac<\/p>\n<\/div>\n<\/div>\n<\/div>\n<\/div>\n<\/div>\n<\/div>\n<\/div>\n<\/div>\n<\/div>\n<\/div>\n<\/div>\n<\/div>\n<\/div>\n<\/div>\n<\/div>\n<\/div>\n<\/div>\n<\/div>\n<\/div>\n<\/div>\n<\/div>\n<p>&nbsp;<\/p>\n","protected":false},"excerpt":{"rendered":"<p>PROGRAMME DIMANCHE 22 SEPTEMBRE 2024 &nbsp; AUX ARCHIVES MUNICIPALES 4 place Christian Poncelet Acce\u0300s libre et gratuit 11h &#8211; Visite [&hellip;]<\/p>\n","protected":false},"author":391,"featured_media":73537,"comment_status":"open","ping_status":"open","sticky":false,"template":"","format":"standard","meta":{"footnotes":""},"categories":[26,594,86,1556],"tags":[6080,44],"class_list":["post-73536","post","type-post","status-publish","format-standard","has-post-thumbnail","hentry","category-a-la-une","category-agenda","category-histoire","category-remiremont-remiremont-son-canton-2","tag-80eme-anniversaire-de-la-liberation","tag-remiremont"],"acf":[],"yoast_head":"<!-- This site is optimized with the Yoast SEO plugin v22.5 - https:\/\/yoast.com\/wordpress\/plugins\/seo\/ -->\n<title>Le programme du 80\u00e8me anniversaire de la Lib\u00e9ration de Remiremont - Remiremont Info<\/title>\n<meta name=\"robots\" content=\"index, follow, max-snippet:-1, max-image-preview:large, max-video-preview:-1\" \/>\n<link rel=\"canonical\" href=\"https:\/\/vosgesinfo.fr\/remiremontinfo\/?p=73536\" \/>\n<meta name=\"twitter:card\" content=\"summary_large_image\" \/>\n<meta name=\"twitter:title\" content=\"Le programme du 80\u00e8me anniversaire de la Lib\u00e9ration de Remiremont - Remiremont Info\" \/>\n<meta name=\"twitter:description\" content=\"PROGRAMME DIMANCHE 22 SEPTEMBRE 2024 &nbsp; AUX ARCHIVES MUNICIPALES 4 place Christian Poncelet Acce\u0300s libre et gratuit 11h &#8211; Visite [&hellip;]\" \/>\n<meta name=\"twitter:image\" content=\"https:\/\/vosgesinfo.fr\/app\/uploads\/sites\/5\/2024\/09\/affiche-ceremonie-liberation-v2-page-0001.jpg\" \/>\n<meta name=\"twitter:creator\" content=\"@VosgesInfo88\" \/>\n<meta name=\"twitter:site\" content=\"@VosgesInfo88\" \/>\n<meta name=\"twitter:label1\" content=\"\u00c9crit par\" \/>\n\t<meta name=\"twitter:data1\" content=\"La redaction\" \/>\n\t<meta name=\"twitter:label2\" content=\"Dur\u00e9e de lecture estim\u00e9e\" \/>\n\t<meta name=\"twitter:data2\" content=\"3 minutes\" \/>\n<script type=\"application\/ld+json\" class=\"yoast-schema-graph\">{\"@context\":\"https:\/\/schema.org\",\"@graph\":[{\"@type\":\"Article\",\"@id\":\"https:\/\/vosgesinfo.fr\/remiremontinfo\/?p=73536#article\",\"isPartOf\":{\"@id\":\"https:\/\/vosgesinfo.fr\/remiremontinfo\/?p=73536\"},\"author\":{\"name\":\"La redaction\",\"@id\":\"https:\/\/vosgesinfo.fr\/remiremontinfo\/#\/schema\/person\/27a3695b06db98895b354c0765cdfc31\"},\"headline\":\"Le programme du 80\u00e8me anniversaire de la Lib\u00e9ration de Remiremont\",\"datePublished\":\"2024-09-18T09:12:05+00:00\",\"dateModified\":\"2024-09-18T09:12:05+00:00\",\"mainEntityOfPage\":{\"@id\":\"https:\/\/vosgesinfo.fr\/remiremontinfo\/?p=73536\"},\"wordCount\":504,\"commentCount\":1,\"publisher\":{\"@id\":\"https:\/\/vosgesinfo.fr\/remiremontinfo\/#organization\"},\"image\":{\"@id\":\"https:\/\/vosgesinfo.fr\/remiremontinfo\/?p=73536#primaryimage\"},\"thumbnailUrl\":\"https:\/\/vosgesinfo.fr\/app\/uploads\/sites\/5\/2024\/09\/affiche-ceremonie-liberation-v2-page-0001.jpg\",\"keywords\":[\"80\u00e8me anniversaire de la Lib\u00e9ration\",\"remiremont\"],\"articleSection\":[\"A la Une\",\"Agenda\",\"Histoire\",\"Remiremont\"],\"inLanguage\":\"fr-FR\",\"potentialAction\":[{\"@type\":\"CommentAction\",\"name\":\"Comment\",\"target\":[\"https:\/\/vosgesinfo.fr\/remiremontinfo\/?p=73536#respond\"]}]},{\"@type\":\"WebPage\",\"@id\":\"https:\/\/vosgesinfo.fr\/remiremontinfo\/?p=73536\",\"url\":\"https:\/\/vosgesinfo.fr\/remiremontinfo\/?p=73536\",\"name\":\"Le programme du 80\u00e8me anniversaire de la Lib\u00e9ration de Remiremont - Remiremont Info\",\"isPartOf\":{\"@id\":\"https:\/\/vosgesinfo.fr\/remiremontinfo\/#website\"},\"primaryImageOfPage\":{\"@id\":\"https:\/\/vosgesinfo.fr\/remiremontinfo\/?p=73536#primaryimage\"},\"image\":{\"@id\":\"https:\/\/vosgesinfo.fr\/remiremontinfo\/?p=73536#primaryimage\"},\"thumbnailUrl\":\"https:\/\/vosgesinfo.fr\/app\/uploads\/sites\/5\/2024\/09\/affiche-ceremonie-liberation-v2-page-0001.jpg\",\"datePublished\":\"2024-09-18T09:12:05+00:00\",\"dateModified\":\"2024-09-18T09:12:05+00:00\",\"breadcrumb\":{\"@id\":\"https:\/\/vosgesinfo.fr\/remiremontinfo\/?p=73536#breadcrumb\"},\"inLanguage\":\"fr-FR\",\"potentialAction\":[{\"@type\":\"ReadAction\",\"target\":[\"https:\/\/vosgesinfo.fr\/remiremontinfo\/?p=73536\"]}]},{\"@type\":\"ImageObject\",\"inLanguage\":\"fr-FR\",\"@id\":\"https:\/\/vosgesinfo.fr\/remiremontinfo\/?p=73536#primaryimage\",\"url\":\"https:\/\/vosgesinfo.fr\/app\/uploads\/sites\/5\/2024\/09\/affiche-ceremonie-liberation-v2-page-0001.jpg\",\"contentUrl\":\"https:\/\/vosgesinfo.fr\/app\/uploads\/sites\/5\/2024\/09\/affiche-ceremonie-liberation-v2-page-0001.jpg\",\"width\":1754,\"height\":2481},{\"@type\":\"BreadcrumbList\",\"@id\":\"https:\/\/vosgesinfo.fr\/remiremontinfo\/?p=73536#breadcrumb\",\"itemListElement\":[{\"@type\":\"ListItem\",\"position\":1,\"name\":\"Home\",\"item\":\"https:\/\/vosgesinfo.fr\/remiremontinfo\/\"},{\"@type\":\"ListItem\",\"position\":2,\"name\":\"Le programme du 80\u00e8me anniversaire de la Lib\u00e9ration de Remiremont\"}]},{\"@type\":\"WebSite\",\"@id\":\"https:\/\/vosgesinfo.fr\/remiremontinfo\/#website\",\"url\":\"https:\/\/vosgesinfo.fr\/remiremontinfo\/\",\"name\":\"Remiremont Info\",\"description\":\"Toute l&#039;actualit\u00e9 de Remiremont\",\"publisher\":{\"@id\":\"https:\/\/vosgesinfo.fr\/remiremontinfo\/#organization\"},\"alternateName\":\"Toute l'actualit\u00e9 de Remiremont\",\"potentialAction\":[{\"@type\":\"SearchAction\",\"target\":{\"@type\":\"EntryPoint\",\"urlTemplate\":\"https:\/\/vosgesinfo.fr\/remiremontinfo\/?s={search_term_string}\"},\"query-input\":\"required name=search_term_string\"}],\"inLanguage\":\"fr-FR\"},{\"@type\":\"Organization\",\"@id\":\"https:\/\/vosgesinfo.fr\/remiremontinfo\/#organization\",\"name\":\"Remiremont Info\",\"url\":\"https:\/\/vosgesinfo.fr\/remiremontinfo\/\",\"logo\":{\"@type\":\"ImageObject\",\"inLanguage\":\"fr-FR\",\"@id\":\"https:\/\/vosgesinfo.fr\/remiremontinfo\/#\/schema\/logo\/image\/\",\"url\":\"https:\/\/vosgesinfo.fr\/app\/uploads\/sites\/5\/2023\/08\/favicon-remiremontinfo.png\",\"contentUrl\":\"https:\/\/vosgesinfo.fr\/app\/uploads\/sites\/5\/2023\/08\/favicon-remiremontinfo.png\",\"width\":512,\"height\":512,\"caption\":\"Remiremont Info\"},\"image\":{\"@id\":\"https:\/\/vosgesinfo.fr\/remiremontinfo\/#\/schema\/logo\/image\/\"},\"sameAs\":[\"https:\/\/www.facebook.com\/remiremontinfo\",\"https:\/\/x.com\/VosgesInfo88\",\"https:\/\/www.youtube.com\/@vosgesinfo\"]},{\"@type\":\"Person\",\"@id\":\"https:\/\/vosgesinfo.fr\/remiremontinfo\/#\/schema\/person\/27a3695b06db98895b354c0765cdfc31\",\"name\":\"La redaction\",\"image\":{\"@type\":\"ImageObject\",\"inLanguage\":\"fr-FR\",\"@id\":\"https:\/\/vosgesinfo.fr\/remiremontinfo\/#\/schema\/person\/image\/\",\"url\":\"https:\/\/secure.gravatar.com\/avatar\/64c76a78e501cedee55736f43f332df901e1896ae9cd8fad269ae2236dd0e8b6?s=96&d=mm&r=g\",\"contentUrl\":\"https:\/\/secure.gravatar.com\/avatar\/64c76a78e501cedee55736f43f332df901e1896ae9cd8fad269ae2236dd0e8b6?s=96&d=mm&r=g\",\"caption\":\"La redaction\"},\"url\":\"https:\/\/vosgesinfo.fr\/remiremontinfo\/author\/la-redaction\/\"}]}<\/script>\n<!-- \/ Yoast SEO plugin. -->","yoast_head_json":{"title":"Le programme du 80\u00e8me anniversaire de la Lib\u00e9ration de Remiremont - Remiremont Info","robots":{"index":"index","follow":"follow","max-snippet":"max-snippet:-1","max-image-preview":"max-image-preview:large","max-video-preview":"max-video-preview:-1"},"canonical":"https:\/\/vosgesinfo.fr\/remiremontinfo\/?p=73536","twitter_card":"summary_large_image","twitter_title":"Le programme du 80\u00e8me anniversaire de la Lib\u00e9ration de Remiremont - Remiremont Info","twitter_description":"PROGRAMME DIMANCHE 22 SEPTEMBRE 2024 &nbsp; AUX ARCHIVES MUNICIPALES 4 place Christian Poncelet Acce\u0300s libre et gratuit 11h &#8211; Visite [&hellip;]","twitter_image":"https:\/\/vosgesinfo.fr\/app\/uploads\/sites\/5\/2024\/09\/affiche-ceremonie-liberation-v2-page-0001.jpg","twitter_creator":"@VosgesInfo88","twitter_site":"@VosgesInfo88","twitter_misc":{"\u00c9crit par":"La redaction","Dur\u00e9e de lecture estim\u00e9e":"3 minutes"},"schema":{"@context":"https:\/\/schema.org","@graph":[{"@type":"Article","@id":"https:\/\/vosgesinfo.fr\/remiremontinfo\/?p=73536#article","isPartOf":{"@id":"https:\/\/vosgesinfo.fr\/remiremontinfo\/?p=73536"},"author":{"name":"La redaction","@id":"https:\/\/vosgesinfo.fr\/remiremontinfo\/#\/schema\/person\/27a3695b06db98895b354c0765cdfc31"},"headline":"Le programme du 80\u00e8me anniversaire de la Lib\u00e9ration de Remiremont","datePublished":"2024-09-18T09:12:05+00:00","dateModified":"2024-09-18T09:12:05+00:00","mainEntityOfPage":{"@id":"https:\/\/vosgesinfo.fr\/remiremontinfo\/?p=73536"},"wordCount":504,"commentCount":1,"publisher":{"@id":"https:\/\/vosgesinfo.fr\/remiremontinfo\/#organization"},"image":{"@id":"https:\/\/vosgesinfo.fr\/remiremontinfo\/?p=73536#primaryimage"},"thumbnailUrl":"https:\/\/vosgesinfo.fr\/app\/uploads\/sites\/5\/2024\/09\/affiche-ceremonie-liberation-v2-page-0001.jpg","keywords":["80\u00e8me anniversaire de la Lib\u00e9ration","remiremont"],"articleSection":["A la Une","Agenda","Histoire","Remiremont"],"inLanguage":"fr-FR","potentialAction":[{"@type":"CommentAction","name":"Comment","target":["https:\/\/vosgesinfo.fr\/remiremontinfo\/?p=73536#respond"]}]},{"@type":"WebPage","@id":"https:\/\/vosgesinfo.fr\/remiremontinfo\/?p=73536","url":"https:\/\/vosgesinfo.fr\/remiremontinfo\/?p=73536","name":"Le programme du 80\u00e8me anniversaire de la Lib\u00e9ration de Remiremont - Remiremont Info","isPartOf":{"@id":"https:\/\/vosgesinfo.fr\/remiremontinfo\/#website"},"primaryImageOfPage":{"@id":"https:\/\/vosgesinfo.fr\/remiremontinfo\/?p=73536#primaryimage"},"image":{"@id":"https:\/\/vosgesinfo.fr\/remiremontinfo\/?p=73536#primaryimage"},"thumbnailUrl":"https:\/\/vosgesinfo.fr\/app\/uploads\/sites\/5\/2024\/09\/affiche-ceremonie-liberation-v2-page-0001.jpg","datePublished":"2024-09-18T09:12:05+00:00","dateModified":"2024-09-18T09:12:05+00:00","breadcrumb":{"@id":"https:\/\/vosgesinfo.fr\/remiremontinfo\/?p=73536#breadcrumb"},"inLanguage":"fr-FR","potentialAction":[{"@type":"ReadAction","target":["https:\/\/vosgesinfo.fr\/remiremontinfo\/?p=73536"]}]},{"@type":"ImageObject","inLanguage":"fr-FR","@id":"https:\/\/vosgesinfo.fr\/remiremontinfo\/?p=73536#primaryimage","url":"https:\/\/vosgesinfo.fr\/app\/uploads\/sites\/5\/2024\/09\/affiche-ceremonie-liberation-v2-page-0001.jpg","contentUrl":"https:\/\/vosgesinfo.fr\/app\/uploads\/sites\/5\/2024\/09\/affiche-ceremonie-liberation-v2-page-0001.jpg","width":1754,"height":2481},{"@type":"BreadcrumbList","@id":"https:\/\/vosgesinfo.fr\/remiremontinfo\/?p=73536#breadcrumb","itemListElement":[{"@type":"ListItem","position":1,"name":"Home","item":"https:\/\/vosgesinfo.fr\/remiremontinfo\/"},{"@type":"ListItem","position":2,"name":"Le programme du 80\u00e8me anniversaire de la Lib\u00e9ration de Remiremont"}]},{"@type":"WebSite","@id":"https:\/\/vosgesinfo.fr\/remiremontinfo\/#website","url":"https:\/\/vosgesinfo.fr\/remiremontinfo\/","name":"Remiremont Info","description":"Toute l&#039;actualit\u00e9 de Remiremont","publisher":{"@id":"https:\/\/vosgesinfo.fr\/remiremontinfo\/#organization"},"alternateName":"Toute l'actualit\u00e9 de Remiremont","potentialAction":[{"@type":"SearchAction","target":{"@type":"EntryPoint","urlTemplate":"https:\/\/vosgesinfo.fr\/remiremontinfo\/?s={search_term_string}"},"query-input":"required name=search_term_string"}],"inLanguage":"fr-FR"},{"@type":"Organization","@id":"https:\/\/vosgesinfo.fr\/remiremontinfo\/#organization","name":"Remiremont Info","url":"https:\/\/vosgesinfo.fr\/remiremontinfo\/","logo":{"@type":"ImageObject","inLanguage":"fr-FR","@id":"https:\/\/vosgesinfo.fr\/remiremontinfo\/#\/schema\/logo\/image\/","url":"https:\/\/vosgesinfo.fr\/app\/uploads\/sites\/5\/2023\/08\/favicon-remiremontinfo.png","contentUrl":"https:\/\/vosgesinfo.fr\/app\/uploads\/sites\/5\/2023\/08\/favicon-remiremontinfo.png","width":512,"height":512,"caption":"Remiremont Info"},"image":{"@id":"https:\/\/vosgesinfo.fr\/remiremontinfo\/#\/schema\/logo\/image\/"},"sameAs":["https:\/\/www.facebook.com\/remiremontinfo","https:\/\/x.com\/VosgesInfo88","https:\/\/www.youtube.com\/@vosgesinfo"]},{"@type":"Person","@id":"https:\/\/vosgesinfo.fr\/remiremontinfo\/#\/schema\/person\/27a3695b06db98895b354c0765cdfc31","name":"La redaction","image":{"@type":"ImageObject","inLanguage":"fr-FR","@id":"https:\/\/vosgesinfo.fr\/remiremontinfo\/#\/schema\/person\/image\/","url":"https:\/\/secure.gravatar.com\/avatar\/64c76a78e501cedee55736f43f332df901e1896ae9cd8fad269ae2236dd0e8b6?s=96&d=mm&r=g","contentUrl":"https:\/\/secure.gravatar.com\/avatar\/64c76a78e501cedee55736f43f332df901e1896ae9cd8fad269ae2236dd0e8b6?s=96&d=mm&r=g","caption":"La redaction"},"url":"https:\/\/vosgesinfo.fr\/remiremontinfo\/author\/la-redaction\/"}]}},"_links":{"self":[{"href":"https:\/\/vosgesinfo.fr\/remiremontinfo\/wp-json\/wp\/v2\/posts\/73536","targetHints":{"allow":["GET"]}}],"collection":[{"href":"https:\/\/vosgesinfo.fr\/remiremontinfo\/wp-json\/wp\/v2\/posts"}],"about":[{"href":"https:\/\/vosgesinfo.fr\/remiremontinfo\/wp-json\/wp\/v2\/types\/post"}],"author":[{"embeddable":true,"href":"https:\/\/vosgesinfo.fr\/remiremontinfo\/wp-json\/wp\/v2\/users\/391"}],"replies":[{"embeddable":true,"href":"https:\/\/vosgesinfo.fr\/remiremontinfo\/wp-json\/wp\/v2\/comments?post=73536"}],"version-history":[{"count":1,"href":"https:\/\/vosgesinfo.fr\/remiremontinfo\/wp-json\/wp\/v2\/posts\/73536\/revisions"}],"predecessor-version":[{"id":73538,"href":"https:\/\/vosgesinfo.fr\/remiremontinfo\/wp-json\/wp\/v2\/posts\/73536\/revisions\/73538"}],"wp:featuredmedia":[{"embeddable":true,"href":"https:\/\/vosgesinfo.fr\/remiremontinfo\/wp-json\/wp\/v2\/media\/73537"}],"wp:attachment":[{"href":"https:\/\/vosgesinfo.fr\/remiremontinfo\/wp-json\/wp\/v2\/media?parent=73536"}],"wp:term":[{"taxonomy":"category","embeddable":true,"href":"https:\/\/vosgesinfo.fr\/remiremontinfo\/wp-json\/wp\/v2\/categories?post=73536"},{"taxonomy":"post_tag","embeddable":true,"href":"https:\/\/vosgesinfo.fr\/remiremontinfo\/wp-json\/wp\/v2\/tags?post=73536"}],"curies":[{"name":"wp","href":"https:\/\/api.w.org\/{rel}","templated":true}]}}