{"id":73555,"date":"2024-09-18T14:59:58","date_gmt":"2024-09-18T12:59:58","guid":{"rendered":"https:\/\/vosgesinfo.fr\/remiremontinfo\/?p=73555"},"modified":"2024-09-18T14:59:58","modified_gmt":"2024-09-18T12:59:58","slug":"potins-bouquins-a-la-mediatheque-le-cercle-le-28-septembre","status":"publish","type":"post","link":"https:\/\/vosgesinfo.fr\/remiremontinfo\/2024\/09\/potins-bouquins-a-la-mediatheque-le-cercle-le-28-septembre\/","title":{"rendered":"Potins Bouquins \u00e0 la m\u00e9diath\u00e8que Le Cercle le 28 septembre"},"content":{"rendered":"<p style=\"text-align: center;\"><strong>POTINS BOUQUINS<\/strong><\/p>\n<p class=\"s8\"><span class=\"s7\">\u00ab\u00a0Potins bouquins\u00a0\u00bb est<\/span><span class=\"s7\"> le rendez-vous de tous les amateurs de lecture qui ont envie de partager un moment convivial autour d\u2019un bon caf\u00e9. On y pr\u00e9sente ses coups de c\u0153urs, ses coups de griffes, on y d\u00e9couvre des auteurs, des romans mais aussi des bandes dessin\u00e9es, des documentaires\u2026En quelques mots, on se r\u00e9unit autour d\u2019un plaisir commun\u00a0: la lecture.<\/span><\/p>\n<p><strong><span class=\"s9\">Ambiance caf\u00e9 d\u00e9tente<\/span><span class=\"s9\">\u00a0<\/span><\/strong><\/p>\n<p><span class=\"s7\">Un bon caf\u00e9, une pile de livres, une ambiance conviviale, quelques f\u00e9rus de lectures qui s\u2019expriment sur leurs coups de <\/span><span class=\"s7\">c\u0153ur<\/span><span class=\"s7\">\u00a0: voil\u00e0 les ingr\u00e9dient<\/span><span class=\"s7\">s de cette pause<\/span><span class=\"s7\"> sympathique.<\/span><\/p>\n<p><strong><span class=\"s9\">Des d\u00e9couvertes enrichissantes<\/span><\/strong><span class=\"s9\">\u00a0<\/span> <span class=\"s7\">Les lectures pr\u00e9sent\u00e9es sont autant d\u2019occasion d\u2019\u00e9largir ses connaissances et de se laisser tenter par de nouveaux auteurs, de nouveaux genres\u00a0: romans, po\u00e9sies, ba<\/span><span class=\"s7\">ndes dessin\u00e9es, documentaires. Le<\/span><span class=\"s7\">s univers des uns et des autres<\/span><span class=\"s7\"> sont de fortes sources d\u2019inspiration.<\/span><\/p>\n<p><strong><span class=\"s9\">Pour ceux qui auraient manqu\u00e9 le rendez-vous<\/span><span class=\"s9\">\u00a0<\/span><\/strong><\/p>\n<p><span class=\"s7\">Le livret Potins bouquins<\/span><span class=\"s13\">, <\/span><span class=\"s7\">rassemblant tous les auteurs et titres \u00e9voqu\u00e9s durant la s\u00e9ance, est mis \u00e0 la disposition de toutes et tous, version papier ou en ligne via le portail d<\/span><span class=\"s7\">e la m<\/span><span class=\"s7\">\u00e9diath\u00e8que<\/span><span class=\"s13\">.<\/span> <span class=\"s7\">Pratique pour faire le plein <\/span><span class=\"s7\">d\u2019id\u00e9es <\/span><span class=\"s7\">lectures\u00a0!<\/span><\/p>\n<p>&nbsp;<\/p>\n<p><strong><span class=\"s9\">Rendez-vous samedi 28 septembre<\/span><span class=\"s9\"> 2024<\/span><\/strong><\/p>\n<p><strong><span class=\"s9\">De 14<\/span><span class=\"s9\">h<\/span><span class=\"s9\">30 \u00e0 16<\/span><span class=\"s9\">h<\/span><span class=\"s9\">3<\/span><span class=\"s9\">0<\/span><\/strong><\/p>\n<p><strong><span class=\"s9\">MEDIATHEQUE<\/span><span class=\"s9\"> INTERCOMMUNALE<\/span><span class=\"s9\"> LE CERCLE \u2013 REMIREMONT<\/span><\/strong><\/p>\n<p>&nbsp;<\/p>\n<p><a href=\"https:\/\/vosgesinfo.fr\/app\/uploads\/sites\/5\/2024\/09\/affiche-septembre.jpg\"><img decoding=\"async\" class=\"aligncenter size-large wp-image-73556\" src=\"https:\/\/vosgesinfo.fr\/app\/uploads\/sites\/5\/2024\/09\/affiche-septembre-724x1024.jpg\" alt=\"\" width=\"724\" height=\"1024\" srcset=\"https:\/\/vosgesinfo.fr\/app\/uploads\/sites\/5\/2024\/09\/affiche-septembre-724x1024.jpg 724w, https:\/\/vosgesinfo.fr\/app\/uploads\/sites\/5\/2024\/09\/affiche-septembre-212x300.jpg 212w, https:\/\/vosgesinfo.fr\/app\/uploads\/sites\/5\/2024\/09\/affiche-septembre-768x1086.jpg 768w, https:\/\/vosgesinfo.fr\/app\/uploads\/sites\/5\/2024\/09\/affiche-septembre-1086x1536.jpg 1086w, https:\/\/vosgesinfo.fr\/app\/uploads\/sites\/5\/2024\/09\/affiche-septembre-1448x2048.jpg 1448w, https:\/\/vosgesinfo.fr\/app\/uploads\/sites\/5\/2024\/09\/affiche-septembre.jpg 1587w\" sizes=\"(max-width: 724px) 100vw, 724px\" \/><\/a><\/p>\n","protected":false},"excerpt":{"rendered":"<p>POTINS BOUQUINS \u00ab\u00a0Potins bouquins\u00a0\u00bb est le rendez-vous de tous les amateurs de lecture qui ont envie de partager un moment [&hellip;]<\/p>\n","protected":false},"author":391,"featured_media":73556,"comment_status":"open","ping_status":"open","sticky":false,"template":"","format":"standard","meta":{"footnotes":""},"categories":[26,594,4,35],"tags":[700,1112,44],"class_list":["post-73555","post","type-post","status-publish","format-standard","has-post-thumbnail","hentry","category-a-la-une","category-agenda","category-culture","category-remiremont-son-canton","tag-mediatheque-le-cercle","tag-potins-bouquins","tag-remiremont"],"acf":[],"yoast_head":"<!-- This site is optimized with the Yoast SEO plugin v22.5 - https:\/\/yoast.com\/wordpress\/plugins\/seo\/ -->\n<title>Potins Bouquins \u00e0 la m\u00e9diath\u00e8que Le Cercle le 28 septembre - Remiremont Info<\/title>\n<meta name=\"robots\" content=\"index, follow, max-snippet:-1, max-image-preview:large, max-video-preview:-1\" \/>\n<link rel=\"canonical\" href=\"https:\/\/vosgesinfo.fr\/remiremontinfo\/?p=73555\" \/>\n<meta name=\"twitter:card\" content=\"summary_large_image\" \/>\n<meta name=\"twitter:title\" content=\"Potins Bouquins \u00e0 la m\u00e9diath\u00e8que Le Cercle le 28 septembre - Remiremont Info\" \/>\n<meta name=\"twitter:description\" content=\"POTINS BOUQUINS \u00ab\u00a0Potins bouquins\u00a0\u00bb est le rendez-vous de tous les amateurs de lecture qui ont envie de partager un moment [&hellip;]\" \/>\n<meta name=\"twitter:image\" content=\"https:\/\/vosgesinfo.fr\/app\/uploads\/sites\/5\/2024\/09\/affiche-septembre-724x1024.jpg\" \/>\n<meta name=\"twitter:creator\" content=\"@VosgesInfo88\" \/>\n<meta name=\"twitter:site\" content=\"@VosgesInfo88\" \/>\n<meta name=\"twitter:label1\" content=\"\u00c9crit par\" \/>\n\t<meta name=\"twitter:data1\" content=\"La redaction\" \/>\n\t<meta name=\"twitter:label2\" content=\"Dur\u00e9e de lecture estim\u00e9e\" \/>\n\t<meta name=\"twitter:data2\" content=\"1 minute\" \/>\n<script type=\"application\/ld+json\" class=\"yoast-schema-graph\">{\"@context\":\"https:\/\/schema.org\",\"@graph\":[{\"@type\":\"Article\",\"@id\":\"https:\/\/vosgesinfo.fr\/remiremontinfo\/?p=73555#article\",\"isPartOf\":{\"@id\":\"https:\/\/vosgesinfo.fr\/remiremontinfo\/?p=73555\"},\"author\":{\"name\":\"La redaction\",\"@id\":\"https:\/\/vosgesinfo.fr\/remiremontinfo\/#\/schema\/person\/27a3695b06db98895b354c0765cdfc31\"},\"headline\":\"Potins Bouquins \u00e0 la m\u00e9diath\u00e8que Le Cercle le 28 septembre\",\"datePublished\":\"2024-09-18T12:59:58+00:00\",\"dateModified\":\"2024-09-18T12:59:58+00:00\",\"mainEntityOfPage\":{\"@id\":\"https:\/\/vosgesinfo.fr\/remiremontinfo\/?p=73555\"},\"wordCount\":234,\"commentCount\":0,\"publisher\":{\"@id\":\"https:\/\/vosgesinfo.fr\/remiremontinfo\/#organization\"},\"image\":{\"@id\":\"https:\/\/vosgesinfo.fr\/remiremontinfo\/?p=73555#primaryimage\"},\"thumbnailUrl\":\"https:\/\/vosgesinfo.fr\/app\/uploads\/sites\/5\/2024\/09\/affiche-septembre.jpg\",\"keywords\":[\"m\u00e9diath\u00e8que le cercle\",\"potins bouquins\",\"remiremont\"],\"articleSection\":[\"A la Une\",\"Agenda\",\"Culture\",\"Remiremont &amp; son canton\"],\"inLanguage\":\"fr-FR\",\"potentialAction\":[{\"@type\":\"CommentAction\",\"name\":\"Comment\",\"target\":[\"https:\/\/vosgesinfo.fr\/remiremontinfo\/?p=73555#respond\"]}]},{\"@type\":\"WebPage\",\"@id\":\"https:\/\/vosgesinfo.fr\/remiremontinfo\/?p=73555\",\"url\":\"https:\/\/vosgesinfo.fr\/remiremontinfo\/?p=73555\",\"name\":\"Potins Bouquins \u00e0 la m\u00e9diath\u00e8que Le Cercle le 28 septembre - Remiremont Info\",\"isPartOf\":{\"@id\":\"https:\/\/vosgesinfo.fr\/remiremontinfo\/#website\"},\"primaryImageOfPage\":{\"@id\":\"https:\/\/vosgesinfo.fr\/remiremontinfo\/?p=73555#primaryimage\"},\"image\":{\"@id\":\"https:\/\/vosgesinfo.fr\/remiremontinfo\/?p=73555#primaryimage\"},\"thumbnailUrl\":\"https:\/\/vosgesinfo.fr\/app\/uploads\/sites\/5\/2024\/09\/affiche-septembre.jpg\",\"datePublished\":\"2024-09-18T12:59:58+00:00\",\"dateModified\":\"2024-09-18T12:59:58+00:00\",\"inLanguage\":\"fr-FR\",\"potentialAction\":[{\"@type\":\"ReadAction\",\"target\":[\"https:\/\/vosgesinfo.fr\/remiremontinfo\/?p=73555\"]}]},{\"@type\":\"ImageObject\",\"inLanguage\":\"fr-FR\",\"@id\":\"https:\/\/vosgesinfo.fr\/remiremontinfo\/?p=73555#primaryimage\",\"url\":\"https:\/\/vosgesinfo.fr\/app\/uploads\/sites\/5\/2024\/09\/affiche-septembre.jpg\",\"contentUrl\":\"https:\/\/vosgesinfo.fr\/app\/uploads\/sites\/5\/2024\/09\/affiche-septembre.jpg\",\"width\":1587,\"height\":2245},{\"@type\":\"WebSite\",\"@id\":\"https:\/\/vosgesinfo.fr\/remiremontinfo\/#website\",\"url\":\"https:\/\/vosgesinfo.fr\/remiremontinfo\/\",\"name\":\"Remiremont Info\",\"description\":\"Toute l&#039;actualit\u00e9 de Remiremont\",\"publisher\":{\"@id\":\"https:\/\/vosgesinfo.fr\/remiremontinfo\/#organization\"},\"alternateName\":\"Toute l'actualit\u00e9 de Remiremont\",\"potentialAction\":[{\"@type\":\"SearchAction\",\"target\":{\"@type\":\"EntryPoint\",\"urlTemplate\":\"https:\/\/vosgesinfo.fr\/remiremontinfo\/?s={search_term_string}\"},\"query-input\":\"required name=search_term_string\"}],\"inLanguage\":\"fr-FR\"},{\"@type\":\"Organization\",\"@id\":\"https:\/\/vosgesinfo.fr\/remiremontinfo\/#organization\",\"name\":\"Remiremont Info\",\"url\":\"https:\/\/vosgesinfo.fr\/remiremontinfo\/\",\"logo\":{\"@type\":\"ImageObject\",\"inLanguage\":\"fr-FR\",\"@id\":\"https:\/\/vosgesinfo.fr\/remiremontinfo\/#\/schema\/logo\/image\/\",\"url\":\"https:\/\/vosgesinfo.fr\/app\/uploads\/sites\/5\/2023\/08\/favicon-remiremontinfo.png\",\"contentUrl\":\"https:\/\/vosgesinfo.fr\/app\/uploads\/sites\/5\/2023\/08\/favicon-remiremontinfo.png\",\"width\":512,\"height\":512,\"caption\":\"Remiremont Info\"},\"image\":{\"@id\":\"https:\/\/vosgesinfo.fr\/remiremontinfo\/#\/schema\/logo\/image\/\"},\"sameAs\":[\"https:\/\/www.facebook.com\/remiremontinfo\",\"https:\/\/x.com\/VosgesInfo88\",\"https:\/\/www.youtube.com\/@vosgesinfo\"]},{\"@type\":\"Person\",\"@id\":\"https:\/\/vosgesinfo.fr\/remiremontinfo\/#\/schema\/person\/27a3695b06db98895b354c0765cdfc31\",\"name\":\"La redaction\",\"image\":{\"@type\":\"ImageObject\",\"inLanguage\":\"fr-FR\",\"@id\":\"https:\/\/vosgesinfo.fr\/remiremontinfo\/#\/schema\/person\/image\/\",\"url\":\"https:\/\/secure.gravatar.com\/avatar\/64c76a78e501cedee55736f43f332df901e1896ae9cd8fad269ae2236dd0e8b6?s=96&d=mm&r=g\",\"contentUrl\":\"https:\/\/secure.gravatar.com\/avatar\/64c76a78e501cedee55736f43f332df901e1896ae9cd8fad269ae2236dd0e8b6?s=96&d=mm&r=g\",\"caption\":\"La redaction\"},\"url\":\"https:\/\/vosgesinfo.fr\/remiremontinfo\/author\/la-redaction\/\"}]}<\/script>\n<!-- \/ Yoast SEO plugin. -->","yoast_head_json":{"title":"Potins Bouquins \u00e0 la m\u00e9diath\u00e8que Le Cercle le 28 septembre - Remiremont Info","robots":{"index":"index","follow":"follow","max-snippet":"max-snippet:-1","max-image-preview":"max-image-preview:large","max-video-preview":"max-video-preview:-1"},"canonical":"https:\/\/vosgesinfo.fr\/remiremontinfo\/?p=73555","twitter_card":"summary_large_image","twitter_title":"Potins Bouquins \u00e0 la m\u00e9diath\u00e8que Le Cercle le 28 septembre - Remiremont Info","twitter_description":"POTINS BOUQUINS \u00ab\u00a0Potins bouquins\u00a0\u00bb est le rendez-vous de tous les amateurs de lecture qui ont envie de partager un moment [&hellip;]","twitter_image":"https:\/\/vosgesinfo.fr\/app\/uploads\/sites\/5\/2024\/09\/affiche-septembre-724x1024.jpg","twitter_creator":"@VosgesInfo88","twitter_site":"@VosgesInfo88","twitter_misc":{"\u00c9crit par":"La redaction","Dur\u00e9e de lecture estim\u00e9e":"1 minute"},"schema":{"@context":"https:\/\/schema.org","@graph":[{"@type":"Article","@id":"https:\/\/vosgesinfo.fr\/remiremontinfo\/?p=73555#article","isPartOf":{"@id":"https:\/\/vosgesinfo.fr\/remiremontinfo\/?p=73555"},"author":{"name":"La redaction","@id":"https:\/\/vosgesinfo.fr\/remiremontinfo\/#\/schema\/person\/27a3695b06db98895b354c0765cdfc31"},"headline":"Potins Bouquins \u00e0 la m\u00e9diath\u00e8que Le Cercle le 28 septembre","datePublished":"2024-09-18T12:59:58+00:00","dateModified":"2024-09-18T12:59:58+00:00","mainEntityOfPage":{"@id":"https:\/\/vosgesinfo.fr\/remiremontinfo\/?p=73555"},"wordCount":234,"commentCount":0,"publisher":{"@id":"https:\/\/vosgesinfo.fr\/remiremontinfo\/#organization"},"image":{"@id":"https:\/\/vosgesinfo.fr\/remiremontinfo\/?p=73555#primaryimage"},"thumbnailUrl":"https:\/\/vosgesinfo.fr\/app\/uploads\/sites\/5\/2024\/09\/affiche-septembre.jpg","keywords":["m\u00e9diath\u00e8que le cercle","potins bouquins","remiremont"],"articleSection":["A la Une","Agenda","Culture","Remiremont &amp; son canton"],"inLanguage":"fr-FR","potentialAction":[{"@type":"CommentAction","name":"Comment","target":["https:\/\/vosgesinfo.fr\/remiremontinfo\/?p=73555#respond"]}]},{"@type":"WebPage","@id":"https:\/\/vosgesinfo.fr\/remiremontinfo\/?p=73555","url":"https:\/\/vosgesinfo.fr\/remiremontinfo\/?p=73555","name":"Potins Bouquins \u00e0 la m\u00e9diath\u00e8que Le Cercle le 28 septembre - Remiremont Info","isPartOf":{"@id":"https:\/\/vosgesinfo.fr\/remiremontinfo\/#website"},"primaryImageOfPage":{"@id":"https:\/\/vosgesinfo.fr\/remiremontinfo\/?p=73555#primaryimage"},"image":{"@id":"https:\/\/vosgesinfo.fr\/remiremontinfo\/?p=73555#primaryimage"},"thumbnailUrl":"https:\/\/vosgesinfo.fr\/app\/uploads\/sites\/5\/2024\/09\/affiche-septembre.jpg","datePublished":"2024-09-18T12:59:58+00:00","dateModified":"2024-09-18T12:59:58+00:00","inLanguage":"fr-FR","potentialAction":[{"@type":"ReadAction","target":["https:\/\/vosgesinfo.fr\/remiremontinfo\/?p=73555"]}]},{"@type":"ImageObject","inLanguage":"fr-FR","@id":"https:\/\/vosgesinfo.fr\/remiremontinfo\/?p=73555#primaryimage","url":"https:\/\/vosgesinfo.fr\/app\/uploads\/sites\/5\/2024\/09\/affiche-septembre.jpg","contentUrl":"https:\/\/vosgesinfo.fr\/app\/uploads\/sites\/5\/2024\/09\/affiche-septembre.jpg","width":1587,"height":2245},{"@type":"WebSite","@id":"https:\/\/vosgesinfo.fr\/remiremontinfo\/#website","url":"https:\/\/vosgesinfo.fr\/remiremontinfo\/","name":"Remiremont Info","description":"Toute l&#039;actualit\u00e9 de Remiremont","publisher":{"@id":"https:\/\/vosgesinfo.fr\/remiremontinfo\/#organization"},"alternateName":"Toute l'actualit\u00e9 de Remiremont","potentialAction":[{"@type":"SearchAction","target":{"@type":"EntryPoint","urlTemplate":"https:\/\/vosgesinfo.fr\/remiremontinfo\/?s={search_term_string}"},"query-input":"required name=search_term_string"}],"inLanguage":"fr-FR"},{"@type":"Organization","@id":"https:\/\/vosgesinfo.fr\/remiremontinfo\/#organization","name":"Remiremont Info","url":"https:\/\/vosgesinfo.fr\/remiremontinfo\/","logo":{"@type":"ImageObject","inLanguage":"fr-FR","@id":"https:\/\/vosgesinfo.fr\/remiremontinfo\/#\/schema\/logo\/image\/","url":"https:\/\/vosgesinfo.fr\/app\/uploads\/sites\/5\/2023\/08\/favicon-remiremontinfo.png","contentUrl":"https:\/\/vosgesinfo.fr\/app\/uploads\/sites\/5\/2023\/08\/favicon-remiremontinfo.png","width":512,"height":512,"caption":"Remiremont Info"},"image":{"@id":"https:\/\/vosgesinfo.fr\/remiremontinfo\/#\/schema\/logo\/image\/"},"sameAs":["https:\/\/www.facebook.com\/remiremontinfo","https:\/\/x.com\/VosgesInfo88","https:\/\/www.youtube.com\/@vosgesinfo"]},{"@type":"Person","@id":"https:\/\/vosgesinfo.fr\/remiremontinfo\/#\/schema\/person\/27a3695b06db98895b354c0765cdfc31","name":"La redaction","image":{"@type":"ImageObject","inLanguage":"fr-FR","@id":"https:\/\/vosgesinfo.fr\/remiremontinfo\/#\/schema\/person\/image\/","url":"https:\/\/secure.gravatar.com\/avatar\/64c76a78e501cedee55736f43f332df901e1896ae9cd8fad269ae2236dd0e8b6?s=96&d=mm&r=g","contentUrl":"https:\/\/secure.gravatar.com\/avatar\/64c76a78e501cedee55736f43f332df901e1896ae9cd8fad269ae2236dd0e8b6?s=96&d=mm&r=g","caption":"La redaction"},"url":"https:\/\/vosgesinfo.fr\/remiremontinfo\/author\/la-redaction\/"}]}},"_links":{"self":[{"href":"https:\/\/vosgesinfo.fr\/remiremontinfo\/wp-json\/wp\/v2\/posts\/73555","targetHints":{"allow":["GET"]}}],"collection":[{"href":"https:\/\/vosgesinfo.fr\/remiremontinfo\/wp-json\/wp\/v2\/posts"}],"about":[{"href":"https:\/\/vosgesinfo.fr\/remiremontinfo\/wp-json\/wp\/v2\/types\/post"}],"author":[{"embeddable":true,"href":"https:\/\/vosgesinfo.fr\/remiremontinfo\/wp-json\/wp\/v2\/users\/391"}],"replies":[{"embeddable":true,"href":"https:\/\/vosgesinfo.fr\/remiremontinfo\/wp-json\/wp\/v2\/comments?post=73555"}],"version-history":[{"count":1,"href":"https:\/\/vosgesinfo.fr\/remiremontinfo\/wp-json\/wp\/v2\/posts\/73555\/revisions"}],"predecessor-version":[{"id":73557,"href":"https:\/\/vosgesinfo.fr\/remiremontinfo\/wp-json\/wp\/v2\/posts\/73555\/revisions\/73557"}],"wp:featuredmedia":[{"embeddable":true,"href":"https:\/\/vosgesinfo.fr\/remiremontinfo\/wp-json\/wp\/v2\/media\/73556"}],"wp:attachment":[{"href":"https:\/\/vosgesinfo.fr\/remiremontinfo\/wp-json\/wp\/v2\/media?parent=73555"}],"wp:term":[{"taxonomy":"category","embeddable":true,"href":"https:\/\/vosgesinfo.fr\/remiremontinfo\/wp-json\/wp\/v2\/categories?post=73555"},{"taxonomy":"post_tag","embeddable":true,"href":"https:\/\/vosgesinfo.fr\/remiremontinfo\/wp-json\/wp\/v2\/tags?post=73555"}],"curies":[{"name":"wp","href":"https:\/\/api.w.org\/{rel}","templated":true}]}}