{"id":73600,"date":"2024-09-20T08:45:11","date_gmt":"2024-09-20T06:45:11","guid":{"rendered":"https:\/\/vosgesinfo.fr\/remiremontinfo\/2024\/09\/fete-de-la-saint-maurice-a-epinal-un-forain-retrouve-decede-avec-une-balle-dans-la-tete\/"},"modified":"2024-09-20T08:45:11","modified_gmt":"2024-09-20T06:45:11","slug":"fete-de-la-saint-maurice-a-epinal-un-forain-retrouve-decede-avec-une-balle-dans-la-tete","status":"publish","type":"post","link":"https:\/\/vosgesinfo.fr\/remiremontinfo\/2024\/09\/fete-de-la-saint-maurice-a-epinal-un-forain-retrouve-decede-avec-une-balle-dans-la-tete\/","title":{"rendered":"F\u00eate de la Saint-Maurice, \u00e0 Epinal : un forain retrouv\u00e9 d\u00e9c\u00e9d\u00e9, avec une balle dans la t\u00eate"},"content":{"rendered":"<h2><span style=\"font-size: 14pt;\"><a href=\"https:\/\/vosgesinfo.fr\/app\/uploads\/sites\/3\/2023\/05\/police.jpg\"><img decoding=\"async\" class=\"aligncenter wp-image-231 size-full\" src=\"https:\/\/vosgesinfo.fr\/app\/uploads\/sites\/3\/2023\/05\/police.jpg\" alt=\"\" width=\"800\" height=\"534\" \/><\/a>Un forain <\/span><span class=\"font-source-serif-pro text-xxl@xs\"><span style=\"font-size: 14pt;\">a \u00e9t\u00e9 retrouv\u00e9 mort, dans sa caravane, au Champ de Mars, \u00e0 Epinal. Une enqu\u00eate est en cours.<\/span> <\/span><\/h2>\n<p>La f\u00eate de la Saint-Maurice ouvre ses portes demain apr\u00e8s-midi, au champ de Mars, \u00e0 Epinal. Un drame s&rsquo;est produit hier. Un forain a \u00e9t\u00e9 retrouv\u00e9 d\u00e9c\u00e9d\u00e9 jeudi matin, dans sa caravane, \u00e0 Epinal.<\/p>\n<p>L\u2019homme a \u00e9t\u00e9 retrouv\u00e9 avec une balle dans la t\u00eate. Une enqu\u00eate est en cours, pour d\u00e9terminer les circonstances exactes de sa mort.<\/p>\n<p>Fr\u00e9d\u00e9ric Nahon, Procureur de la R\u00e9publique d&rsquo;Epinal, ouvert une enqu\u00eate pour \u00ab\u00a0recherches des causes de la mort\u00a0\u00bb. Une autopsie doit \u00eatre pratiqu\u00e9e, \u00e0 l\u2019institut m\u00e9dico-l\u00e9gal de Nancy.<\/p>\n","protected":false},"excerpt":{"rendered":"<p>Un forain a \u00e9t\u00e9 retrouv\u00e9 mort, dans sa caravane, au Champ de Mars, \u00e0 Epinal. Une enqu\u00eate est en cours. [&hellip;]<\/p>\n","protected":false},"author":52,"featured_media":73601,"comment_status":"open","ping_status":"open","sticky":false,"template":"","format":"standard","meta":{"footnotes":""},"categories":[26,108,8,62,845,43,362],"tags":[],"class_list":["post-73600","post","type-post","status-publish","format-standard","has-post-thumbnail","hentry","category-a-la-une","category-epinal","category-faits-divers","category-gerardmer","category-la-plaine-des-vosges","category-remiremont-remiremont-son-canton","category-saint-die"],"acf":[],"yoast_head":"<!-- This site is optimized with the Yoast SEO plugin v22.5 - https:\/\/yoast.com\/wordpress\/plugins\/seo\/ -->\n<title>F\u00eate de la Saint-Maurice, \u00e0 Epinal : un forain retrouv\u00e9 d\u00e9c\u00e9d\u00e9, avec une balle dans la t\u00eate - Remiremont Info<\/title>\n<meta name=\"robots\" content=\"index, follow, max-snippet:-1, max-image-preview:large, max-video-preview:-1\" \/>\n<link rel=\"canonical\" href=\"https:\/\/vosgesinfo.fr\/remiremontinfo\/2024\/09\/fete-de-la-saint-maurice-a-epinal-un-forain-retrouve-decede-avec-une-balle-dans-la-tete\/\" \/>\n<meta name=\"twitter:card\" content=\"summary_large_image\" \/>\n<meta name=\"twitter:title\" content=\"F\u00eate de la Saint-Maurice, \u00e0 Epinal : un forain retrouv\u00e9 d\u00e9c\u00e9d\u00e9, avec une balle dans la t\u00eate - Remiremont Info\" \/>\n<meta name=\"twitter:description\" content=\"Un forain a \u00e9t\u00e9 retrouv\u00e9 mort, dans sa caravane, au Champ de Mars, \u00e0 Epinal. Une enqu\u00eate est en cours. [&hellip;]\" \/>\n<meta name=\"twitter:image\" content=\"https:\/\/vosgesinfo.fr\/app\/uploads\/sites\/5\/2024\/09\/police-33.jpg\" \/>\n<meta name=\"twitter:creator\" content=\"@VosgesInfo88\" \/>\n<meta name=\"twitter:site\" content=\"@VosgesInfo88\" \/>\n<meta name=\"twitter:label1\" content=\"\u00c9crit par\" \/>\n\t<meta name=\"twitter:data1\" content=\"C.K.\" \/>\n\t<meta name=\"twitter:label2\" content=\"Dur\u00e9e de lecture estim\u00e9e\" \/>\n\t<meta name=\"twitter:data2\" content=\"1 minute\" \/>\n<script type=\"application\/ld+json\" class=\"yoast-schema-graph\">{\"@context\":\"https:\/\/schema.org\",\"@graph\":[{\"@type\":\"Article\",\"@id\":\"https:\/\/vosgesinfo.fr\/remiremontinfo\/2024\/09\/fete-de-la-saint-maurice-a-epinal-un-forain-retrouve-decede-avec-une-balle-dans-la-tete\/#article\",\"isPartOf\":{\"@id\":\"https:\/\/vosgesinfo.fr\/remiremontinfo\/2024\/09\/fete-de-la-saint-maurice-a-epinal-un-forain-retrouve-decede-avec-une-balle-dans-la-tete\/\"},\"author\":{\"name\":\"C.K.\",\"@id\":\"https:\/\/vosgesinfo.fr\/remiremontinfo\/#\/schema\/person\/6f9a650eeea99d969b6c4ab78fccbe81\"},\"headline\":\"F\u00eate de la Saint-Maurice, \u00e0 Epinal : un forain retrouv\u00e9 d\u00e9c\u00e9d\u00e9, avec une balle dans la t\u00eate\",\"datePublished\":\"2024-09-20T06:45:11+00:00\",\"dateModified\":\"2024-09-20T06:45:11+00:00\",\"mainEntityOfPage\":{\"@id\":\"https:\/\/vosgesinfo.fr\/remiremontinfo\/2024\/09\/fete-de-la-saint-maurice-a-epinal-un-forain-retrouve-decede-avec-une-balle-dans-la-tete\/\"},\"wordCount\":138,\"commentCount\":0,\"publisher\":{\"@id\":\"https:\/\/vosgesinfo.fr\/remiremontinfo\/#organization\"},\"image\":{\"@id\":\"https:\/\/vosgesinfo.fr\/remiremontinfo\/2024\/09\/fete-de-la-saint-maurice-a-epinal-un-forain-retrouve-decede-avec-une-balle-dans-la-tete\/#primaryimage\"},\"thumbnailUrl\":\"https:\/\/vosgesinfo.fr\/app\/uploads\/sites\/5\/2024\/09\/police-33.jpg\",\"articleSection\":[\"A la Une\",\"Epinal\",\"Faits-divers\",\"G\u00e9rardmer\",\"La plaine des vosges\",\"Remiremont\",\"Saint-di\u00e9\"],\"inLanguage\":\"fr-FR\",\"potentialAction\":[{\"@type\":\"CommentAction\",\"name\":\"Comment\",\"target\":[\"https:\/\/vosgesinfo.fr\/remiremontinfo\/2024\/09\/fete-de-la-saint-maurice-a-epinal-un-forain-retrouve-decede-avec-une-balle-dans-la-tete\/#respond\"]}]},{\"@type\":\"WebPage\",\"@id\":\"https:\/\/vosgesinfo.fr\/remiremontinfo\/2024\/09\/fete-de-la-saint-maurice-a-epinal-un-forain-retrouve-decede-avec-une-balle-dans-la-tete\/\",\"url\":\"https:\/\/vosgesinfo.fr\/remiremontinfo\/2024\/09\/fete-de-la-saint-maurice-a-epinal-un-forain-retrouve-decede-avec-une-balle-dans-la-tete\/\",\"name\":\"F\u00eate de la Saint-Maurice, \u00e0 Epinal : un forain retrouv\u00e9 d\u00e9c\u00e9d\u00e9, avec une balle dans la t\u00eate - Remiremont Info\",\"isPartOf\":{\"@id\":\"https:\/\/vosgesinfo.fr\/remiremontinfo\/#website\"},\"primaryImageOfPage\":{\"@id\":\"https:\/\/vosgesinfo.fr\/remiremontinfo\/2024\/09\/fete-de-la-saint-maurice-a-epinal-un-forain-retrouve-decede-avec-une-balle-dans-la-tete\/#primaryimage\"},\"image\":{\"@id\":\"https:\/\/vosgesinfo.fr\/remiremontinfo\/2024\/09\/fete-de-la-saint-maurice-a-epinal-un-forain-retrouve-decede-avec-une-balle-dans-la-tete\/#primaryimage\"},\"thumbnailUrl\":\"https:\/\/vosgesinfo.fr\/app\/uploads\/sites\/5\/2024\/09\/police-33.jpg\",\"datePublished\":\"2024-09-20T06:45:11+00:00\",\"dateModified\":\"2024-09-20T06:45:11+00:00\",\"breadcrumb\":{\"@id\":\"https:\/\/vosgesinfo.fr\/remiremontinfo\/2024\/09\/fete-de-la-saint-maurice-a-epinal-un-forain-retrouve-decede-avec-une-balle-dans-la-tete\/#breadcrumb\"},\"inLanguage\":\"fr-FR\",\"potentialAction\":[{\"@type\":\"ReadAction\",\"target\":[\"https:\/\/vosgesinfo.fr\/remiremontinfo\/2024\/09\/fete-de-la-saint-maurice-a-epinal-un-forain-retrouve-decede-avec-une-balle-dans-la-tete\/\"]}]},{\"@type\":\"ImageObject\",\"inLanguage\":\"fr-FR\",\"@id\":\"https:\/\/vosgesinfo.fr\/remiremontinfo\/2024\/09\/fete-de-la-saint-maurice-a-epinal-un-forain-retrouve-decede-avec-une-balle-dans-la-tete\/#primaryimage\",\"url\":\"https:\/\/vosgesinfo.fr\/app\/uploads\/sites\/5\/2024\/09\/police-33.jpg\",\"contentUrl\":\"https:\/\/vosgesinfo.fr\/app\/uploads\/sites\/5\/2024\/09\/police-33.jpg\",\"width\":960,\"height\":641},{\"@type\":\"BreadcrumbList\",\"@id\":\"https:\/\/vosgesinfo.fr\/remiremontinfo\/2024\/09\/fete-de-la-saint-maurice-a-epinal-un-forain-retrouve-decede-avec-une-balle-dans-la-tete\/#breadcrumb\",\"itemListElement\":[{\"@type\":\"ListItem\",\"position\":1,\"name\":\"Home\",\"item\":\"https:\/\/vosgesinfo.fr\/remiremontinfo\/\"},{\"@type\":\"ListItem\",\"position\":2,\"name\":\"F\u00eate de la Saint-Maurice, \u00e0 Epinal : un forain retrouv\u00e9 d\u00e9c\u00e9d\u00e9, avec une balle dans la t\u00eate\"}]},{\"@type\":\"WebSite\",\"@id\":\"https:\/\/vosgesinfo.fr\/remiremontinfo\/#website\",\"url\":\"https:\/\/vosgesinfo.fr\/remiremontinfo\/\",\"name\":\"Remiremont Info\",\"description\":\"Toute l&#039;actualit\u00e9 de Remiremont\",\"publisher\":{\"@id\":\"https:\/\/vosgesinfo.fr\/remiremontinfo\/#organization\"},\"alternateName\":\"Toute l'actualit\u00e9 de Remiremont\",\"potentialAction\":[{\"@type\":\"SearchAction\",\"target\":{\"@type\":\"EntryPoint\",\"urlTemplate\":\"https:\/\/vosgesinfo.fr\/remiremontinfo\/?s={search_term_string}\"},\"query-input\":\"required name=search_term_string\"}],\"inLanguage\":\"fr-FR\"},{\"@type\":\"Organization\",\"@id\":\"https:\/\/vosgesinfo.fr\/remiremontinfo\/#organization\",\"name\":\"Remiremont Info\",\"url\":\"https:\/\/vosgesinfo.fr\/remiremontinfo\/\",\"logo\":{\"@type\":\"ImageObject\",\"inLanguage\":\"fr-FR\",\"@id\":\"https:\/\/vosgesinfo.fr\/remiremontinfo\/#\/schema\/logo\/image\/\",\"url\":\"https:\/\/vosgesinfo.fr\/app\/uploads\/sites\/5\/2023\/08\/favicon-remiremontinfo.png\",\"contentUrl\":\"https:\/\/vosgesinfo.fr\/app\/uploads\/sites\/5\/2023\/08\/favicon-remiremontinfo.png\",\"width\":512,\"height\":512,\"caption\":\"Remiremont Info\"},\"image\":{\"@id\":\"https:\/\/vosgesinfo.fr\/remiremontinfo\/#\/schema\/logo\/image\/\"},\"sameAs\":[\"https:\/\/www.facebook.com\/remiremontinfo\",\"https:\/\/x.com\/VosgesInfo88\",\"https:\/\/www.youtube.com\/@vosgesinfo\"]},{\"@type\":\"Person\",\"@id\":\"https:\/\/vosgesinfo.fr\/remiremontinfo\/#\/schema\/person\/6f9a650eeea99d969b6c4ab78fccbe81\",\"name\":\"C.K.\",\"image\":{\"@type\":\"ImageObject\",\"inLanguage\":\"fr-FR\",\"@id\":\"https:\/\/vosgesinfo.fr\/remiremontinfo\/#\/schema\/person\/image\/\",\"url\":\"https:\/\/secure.gravatar.com\/avatar\/48e3fc7f8421ba8942be6b74a2b7f014ca39bc00dece156b7a8e098ae7dc87bf?s=96&d=mm&r=g\",\"contentUrl\":\"https:\/\/secure.gravatar.com\/avatar\/48e3fc7f8421ba8942be6b74a2b7f014ca39bc00dece156b7a8e098ae7dc87bf?s=96&d=mm&r=g\",\"caption\":\"C.K.\"},\"url\":\"https:\/\/vosgesinfo.fr\/remiremontinfo\/author\/celia-k-n\/\"}]}<\/script>\n<!-- \/ Yoast SEO plugin. -->","yoast_head_json":{"title":"F\u00eate de la Saint-Maurice, \u00e0 Epinal : un forain retrouv\u00e9 d\u00e9c\u00e9d\u00e9, avec une balle dans la t\u00eate - Remiremont Info","robots":{"index":"index","follow":"follow","max-snippet":"max-snippet:-1","max-image-preview":"max-image-preview:large","max-video-preview":"max-video-preview:-1"},"canonical":"https:\/\/vosgesinfo.fr\/remiremontinfo\/2024\/09\/fete-de-la-saint-maurice-a-epinal-un-forain-retrouve-decede-avec-une-balle-dans-la-tete\/","twitter_card":"summary_large_image","twitter_title":"F\u00eate de la Saint-Maurice, \u00e0 Epinal : un forain retrouv\u00e9 d\u00e9c\u00e9d\u00e9, avec une balle dans la t\u00eate - Remiremont Info","twitter_description":"Un forain a \u00e9t\u00e9 retrouv\u00e9 mort, dans sa caravane, au Champ de Mars, \u00e0 Epinal. Une enqu\u00eate est en cours. [&hellip;]","twitter_image":"https:\/\/vosgesinfo.fr\/app\/uploads\/sites\/5\/2024\/09\/police-33.jpg","twitter_creator":"@VosgesInfo88","twitter_site":"@VosgesInfo88","twitter_misc":{"\u00c9crit par":"C.K.","Dur\u00e9e de lecture estim\u00e9e":"1 minute"},"schema":{"@context":"https:\/\/schema.org","@graph":[{"@type":"Article","@id":"https:\/\/vosgesinfo.fr\/remiremontinfo\/2024\/09\/fete-de-la-saint-maurice-a-epinal-un-forain-retrouve-decede-avec-une-balle-dans-la-tete\/#article","isPartOf":{"@id":"https:\/\/vosgesinfo.fr\/remiremontinfo\/2024\/09\/fete-de-la-saint-maurice-a-epinal-un-forain-retrouve-decede-avec-une-balle-dans-la-tete\/"},"author":{"name":"C.K.","@id":"https:\/\/vosgesinfo.fr\/remiremontinfo\/#\/schema\/person\/6f9a650eeea99d969b6c4ab78fccbe81"},"headline":"F\u00eate de la Saint-Maurice, \u00e0 Epinal : un forain retrouv\u00e9 d\u00e9c\u00e9d\u00e9, avec une balle dans la t\u00eate","datePublished":"2024-09-20T06:45:11+00:00","dateModified":"2024-09-20T06:45:11+00:00","mainEntityOfPage":{"@id":"https:\/\/vosgesinfo.fr\/remiremontinfo\/2024\/09\/fete-de-la-saint-maurice-a-epinal-un-forain-retrouve-decede-avec-une-balle-dans-la-tete\/"},"wordCount":138,"commentCount":0,"publisher":{"@id":"https:\/\/vosgesinfo.fr\/remiremontinfo\/#organization"},"image":{"@id":"https:\/\/vosgesinfo.fr\/remiremontinfo\/2024\/09\/fete-de-la-saint-maurice-a-epinal-un-forain-retrouve-decede-avec-une-balle-dans-la-tete\/#primaryimage"},"thumbnailUrl":"https:\/\/vosgesinfo.fr\/app\/uploads\/sites\/5\/2024\/09\/police-33.jpg","articleSection":["A la Une","Epinal","Faits-divers","G\u00e9rardmer","La plaine des vosges","Remiremont","Saint-di\u00e9"],"inLanguage":"fr-FR","potentialAction":[{"@type":"CommentAction","name":"Comment","target":["https:\/\/vosgesinfo.fr\/remiremontinfo\/2024\/09\/fete-de-la-saint-maurice-a-epinal-un-forain-retrouve-decede-avec-une-balle-dans-la-tete\/#respond"]}]},{"@type":"WebPage","@id":"https:\/\/vosgesinfo.fr\/remiremontinfo\/2024\/09\/fete-de-la-saint-maurice-a-epinal-un-forain-retrouve-decede-avec-une-balle-dans-la-tete\/","url":"https:\/\/vosgesinfo.fr\/remiremontinfo\/2024\/09\/fete-de-la-saint-maurice-a-epinal-un-forain-retrouve-decede-avec-une-balle-dans-la-tete\/","name":"F\u00eate de la Saint-Maurice, \u00e0 Epinal : un forain retrouv\u00e9 d\u00e9c\u00e9d\u00e9, avec une balle dans la t\u00eate - Remiremont Info","isPartOf":{"@id":"https:\/\/vosgesinfo.fr\/remiremontinfo\/#website"},"primaryImageOfPage":{"@id":"https:\/\/vosgesinfo.fr\/remiremontinfo\/2024\/09\/fete-de-la-saint-maurice-a-epinal-un-forain-retrouve-decede-avec-une-balle-dans-la-tete\/#primaryimage"},"image":{"@id":"https:\/\/vosgesinfo.fr\/remiremontinfo\/2024\/09\/fete-de-la-saint-maurice-a-epinal-un-forain-retrouve-decede-avec-une-balle-dans-la-tete\/#primaryimage"},"thumbnailUrl":"https:\/\/vosgesinfo.fr\/app\/uploads\/sites\/5\/2024\/09\/police-33.jpg","datePublished":"2024-09-20T06:45:11+00:00","dateModified":"2024-09-20T06:45:11+00:00","breadcrumb":{"@id":"https:\/\/vosgesinfo.fr\/remiremontinfo\/2024\/09\/fete-de-la-saint-maurice-a-epinal-un-forain-retrouve-decede-avec-une-balle-dans-la-tete\/#breadcrumb"},"inLanguage":"fr-FR","potentialAction":[{"@type":"ReadAction","target":["https:\/\/vosgesinfo.fr\/remiremontinfo\/2024\/09\/fete-de-la-saint-maurice-a-epinal-un-forain-retrouve-decede-avec-une-balle-dans-la-tete\/"]}]},{"@type":"ImageObject","inLanguage":"fr-FR","@id":"https:\/\/vosgesinfo.fr\/remiremontinfo\/2024\/09\/fete-de-la-saint-maurice-a-epinal-un-forain-retrouve-decede-avec-une-balle-dans-la-tete\/#primaryimage","url":"https:\/\/vosgesinfo.fr\/app\/uploads\/sites\/5\/2024\/09\/police-33.jpg","contentUrl":"https:\/\/vosgesinfo.fr\/app\/uploads\/sites\/5\/2024\/09\/police-33.jpg","width":960,"height":641},{"@type":"BreadcrumbList","@id":"https:\/\/vosgesinfo.fr\/remiremontinfo\/2024\/09\/fete-de-la-saint-maurice-a-epinal-un-forain-retrouve-decede-avec-une-balle-dans-la-tete\/#breadcrumb","itemListElement":[{"@type":"ListItem","position":1,"name":"Home","item":"https:\/\/vosgesinfo.fr\/remiremontinfo\/"},{"@type":"ListItem","position":2,"name":"F\u00eate de la Saint-Maurice, \u00e0 Epinal : un forain retrouv\u00e9 d\u00e9c\u00e9d\u00e9, avec une balle dans la t\u00eate"}]},{"@type":"WebSite","@id":"https:\/\/vosgesinfo.fr\/remiremontinfo\/#website","url":"https:\/\/vosgesinfo.fr\/remiremontinfo\/","name":"Remiremont Info","description":"Toute l&#039;actualit\u00e9 de Remiremont","publisher":{"@id":"https:\/\/vosgesinfo.fr\/remiremontinfo\/#organization"},"alternateName":"Toute l'actualit\u00e9 de Remiremont","potentialAction":[{"@type":"SearchAction","target":{"@type":"EntryPoint","urlTemplate":"https:\/\/vosgesinfo.fr\/remiremontinfo\/?s={search_term_string}"},"query-input":"required name=search_term_string"}],"inLanguage":"fr-FR"},{"@type":"Organization","@id":"https:\/\/vosgesinfo.fr\/remiremontinfo\/#organization","name":"Remiremont Info","url":"https:\/\/vosgesinfo.fr\/remiremontinfo\/","logo":{"@type":"ImageObject","inLanguage":"fr-FR","@id":"https:\/\/vosgesinfo.fr\/remiremontinfo\/#\/schema\/logo\/image\/","url":"https:\/\/vosgesinfo.fr\/app\/uploads\/sites\/5\/2023\/08\/favicon-remiremontinfo.png","contentUrl":"https:\/\/vosgesinfo.fr\/app\/uploads\/sites\/5\/2023\/08\/favicon-remiremontinfo.png","width":512,"height":512,"caption":"Remiremont Info"},"image":{"@id":"https:\/\/vosgesinfo.fr\/remiremontinfo\/#\/schema\/logo\/image\/"},"sameAs":["https:\/\/www.facebook.com\/remiremontinfo","https:\/\/x.com\/VosgesInfo88","https:\/\/www.youtube.com\/@vosgesinfo"]},{"@type":"Person","@id":"https:\/\/vosgesinfo.fr\/remiremontinfo\/#\/schema\/person\/6f9a650eeea99d969b6c4ab78fccbe81","name":"C.K.","image":{"@type":"ImageObject","inLanguage":"fr-FR","@id":"https:\/\/vosgesinfo.fr\/remiremontinfo\/#\/schema\/person\/image\/","url":"https:\/\/secure.gravatar.com\/avatar\/48e3fc7f8421ba8942be6b74a2b7f014ca39bc00dece156b7a8e098ae7dc87bf?s=96&d=mm&r=g","contentUrl":"https:\/\/secure.gravatar.com\/avatar\/48e3fc7f8421ba8942be6b74a2b7f014ca39bc00dece156b7a8e098ae7dc87bf?s=96&d=mm&r=g","caption":"C.K."},"url":"https:\/\/vosgesinfo.fr\/remiremontinfo\/author\/celia-k-n\/"}]}},"_links":{"self":[{"href":"https:\/\/vosgesinfo.fr\/remiremontinfo\/wp-json\/wp\/v2\/posts\/73600","targetHints":{"allow":["GET"]}}],"collection":[{"href":"https:\/\/vosgesinfo.fr\/remiremontinfo\/wp-json\/wp\/v2\/posts"}],"about":[{"href":"https:\/\/vosgesinfo.fr\/remiremontinfo\/wp-json\/wp\/v2\/types\/post"}],"author":[{"embeddable":true,"href":"https:\/\/vosgesinfo.fr\/remiremontinfo\/wp-json\/wp\/v2\/users\/52"}],"replies":[{"embeddable":true,"href":"https:\/\/vosgesinfo.fr\/remiremontinfo\/wp-json\/wp\/v2\/comments?post=73600"}],"version-history":[{"count":0,"href":"https:\/\/vosgesinfo.fr\/remiremontinfo\/wp-json\/wp\/v2\/posts\/73600\/revisions"}],"wp:featuredmedia":[{"embeddable":true,"href":"https:\/\/vosgesinfo.fr\/remiremontinfo\/wp-json\/wp\/v2\/media\/73601"}],"wp:attachment":[{"href":"https:\/\/vosgesinfo.fr\/remiremontinfo\/wp-json\/wp\/v2\/media?parent=73600"}],"wp:term":[{"taxonomy":"category","embeddable":true,"href":"https:\/\/vosgesinfo.fr\/remiremontinfo\/wp-json\/wp\/v2\/categories?post=73600"},{"taxonomy":"post_tag","embeddable":true,"href":"https:\/\/vosgesinfo.fr\/remiremontinfo\/wp-json\/wp\/v2\/tags?post=73600"}],"curies":[{"name":"wp","href":"https:\/\/api.w.org\/{rel}","templated":true}]}}