{"id":73609,"date":"2024-09-20T14:17:09","date_gmt":"2024-09-20T12:17:09","guid":{"rendered":"https:\/\/vosgesinfo.fr\/remiremontinfo\/?p=73609"},"modified":"2024-09-20T14:17:09","modified_gmt":"2024-09-20T12:17:09","slug":"lordre-du-jour-du-prochain-conseil-municipal-de-remiremont","status":"publish","type":"post","link":"https:\/\/vosgesinfo.fr\/remiremontinfo\/2024\/09\/lordre-du-jour-du-prochain-conseil-municipal-de-remiremont\/","title":{"rendered":"L&rsquo;ordre du jour du prochain conseil municipal de Remiremont"},"content":{"rendered":"<div class=\"page\" title=\"Page 1\">\n<div class=\"layoutArea\">\n<div class=\"column\">\n<div class=\"page\" title=\"Page 1\">\n<div class=\"layoutArea\">\n<div class=\"column\">\n<p style=\"text-align: center;\"><strong>Conseil Municipal de la Ville de REMIREMONT<\/strong><\/p>\n<\/div>\n<\/div>\n<\/div>\n<p style=\"text-align: center;\">Se\u0301ance du jeudi 26 septembre 2024 a\u0300 20 h 00 ORDRE DU JOUR<\/p>\n<p>&nbsp;<\/p>\n<p>1. Institution et vie politique &#8211; Communications, remerciements, comptes-rendus (Rapport de Monsieur Jean-Benoi\u0302t TISSERAND, Maire).<\/p>\n<p>2. Institution et vie politique &#8211; Maire &#8211; De\u0301le\u0301gation de certaines attributions du Conseil Municipal &#8211; Administration Ge\u0301ne\u0301rale &#8211; Compte-rendu (Rapport de Monsieur Jean- Benoi\u0302t TISSERAND, Maire).<\/p>\n<p>3. Finances &#8211; De\u0301ga\u0302ts au bien public &#8211; Re\u0300glement de dommages &#8211; Autorisation de recettes (Rapport de Monsieur Jean-Benoi\u0302t TISSERAND, Maire).<\/p>\n<p>4. Institution et vie politique &#8211; Correspondant Incendie et Secours : de\u0301signation (Rapport de Monsieur Jean-Benoi\u0302t TISSERAND, Maire).<\/p>\n<p>5.Institution et vie politique &#8211; Protocole Transactionnel avec un locataire d&rsquo;un logement communal (Rapport de Monsieur Jean-Benoi\u0302t TISSERAND, Maire).<\/p>\n<p>6. Patrimoine Communal &#8211; Conclusion du bail professionnel de la maison de sante\u0301 (Rapport de Monsieur Jean-Benoi\u0302t TISSERAND, Maire).<\/p>\n<p>7.Re\u0301glementation et gestion du domaine &#8211; 4 rue du Capitaine POIROT &#8211; Re\u0301gularisation relative a\u0300 une bande de terrain (Rapport de Monsieur Jean-Benoi\u0302t TISSERAND, Maire).<\/p>\n<p>8. Patrimoine Communal &#8211; Acquisition de la chaufferie Vosgelis pour le service public de distribution de chaleur (Rapport de Monsieur Jean-Benoi\u0302t TISSERAND, Maire).<\/p>\n<p>9. Travaux et urbanisme &#8211; Travaux de voirie et ope\u0301rations spe\u0301cifiques &#8211; Programme 2025 &#8211; De\u0301finition (Rapport de Monsieur Roger BOURCELOT, Adjoint).<\/p>\n<p>10.Travaux et urbanisme &#8211; Travaux d&rsquo;entretien des chemins communaux &#8211; Programme 2025 &#8211; De\u0301finition (Rapport de Monsieur Roger BOURCELOT, Adjoint).<\/p>\n<p>11. Travaux et urbanisme &#8211; Travaux d&rsquo;e\u0301clairage public &#8211; Programme 2025 &#8211; De\u0301finition (Rapport de Monsieur Roger BOURCELOT, Adjoint).<\/p>\n<p>12. Travaux et urbanisme &#8211; Travaux de remplacement et d&rsquo;extension du re\u0301seau d&rsquo;eau potable &#8211; Programme 2025 &#8211; De\u0301finition (Rapport de Monsieur Roger BOURCELOT, Adjoint).<\/p>\n<p>13. Travaux et urbanisme &#8211; Travaux d&rsquo;extension des tennis couverts de l&rsquo;Epinette et cre\u0301ation de padels &#8211; Avant-projet sommaire (Rapport de Madame Joceline PORTE\u0301, Adjointe).<\/p>\n<\/div>\n<\/div>\n<p><img decoding=\"async\" src=\"data:image\/png;base64,iVBORw0KGgoAAAANSUhEUgAAAIcAAAABCAYAAAD0Dr3PAAAAAXNSR0IArs4c6QAAAHhlWElmTU0AKgAAAAgABAEaAAUAAAABAAAAPgEbAAUAAAABAAAARgEoAAMAAAABAAIAAIdpAAQAAAABAAAATgAAAAAABOOUAAAQeQAE45QAABB5AAOgAQADAAAAAQABAACgAgAEAAAAAQAAAIegAwAEAAAAAQAAAAEAAAAAP0OGCAAAAAlwSFlzAAALrwAAC68BJeKuogAAABhJREFUKBVjZGBgqAPiDCAeBaMhgBwCQQDlcQE6V7YmcQAAAABJRU5ErkJggg==\" alt=\"page1image47960752\" width=\"134.700000\" height=\"0.900000\" \/><\/div>\n<div class=\"page\" title=\"Page 2\">\n<div class=\"layoutArea\">\n<div class=\"column\">\n<p>14. Travaux et urbanisme &#8211; Travaux de re\u0301fection du parcours de sante\u0301 &#8211; Avant- projet sommaire (Rapport de Monsieur Fre\u0301de\u0301ric SIMON, Adjoint).<\/p>\n<p>15. Personnel territorial &#8211; Tableau des effectifs permanents &#8211; Modificatif (Rapport de Monsieur Jean-Benoi\u0302t TISSERAND, Maire).<\/p>\n<p>16. Personnel territorial &#8211; Re\u0301gime indemnitaire de la filie\u0300re Police Municipale &#8211; Mise en place de l&rsquo;Indemnite\u0301 Spe\u0301ciale de Fonction et d&rsquo;Engagement (Rapport de Monsieur Jean-Benoi\u0302t TISSERAND, Maire).<\/p>\n<p>17. Personnel territorial &#8211; Contrat Groupe d&rsquo;Assurance des Risques Statutaires du personnel &#8211; Adhe\u0301sion au contrat d&rsquo;assurance (Rapport de Monsieur Jean- Benoi\u0302t TISSERAND, Maire).<\/p>\n<p>18. Re\u0301glementation et gestion du domaine &#8211; Service des Eaux et de l&rsquo;Assainissement &#8211; Exploitation et gestion &#8211; Compte-rendu annuel 2023 (Rapport de Monsieur Jean-Benoi\u0302t TISSERAND, Maire).<\/p>\n<p>19. Finances &#8211; Concours local des maisons fleuries &#8211; Attribution des prix pour l&rsquo;anne\u0301e 2024 (Rapport de Madame Danie\u0300le FISCHER, Adjointe).<\/p>\n<p>20. Finances &#8211; Animations &#8211; Tarifs 2025 (Rapport de Madame Danie\u0300le FISCHER, Adjointe).<\/p>\n<p>21. Finances &#8211; Location de salles et salons &#8211; Tarifs 2025 (Rapport de Monsieur Bruno HAILLANT, Adjoint).<\/p>\n<p>22. Finances &#8211; Association E\u0301clats de voix &#8211; Demande de subvention spe\u0301cifique (Rapport de Monsieur Bruno HAILLANT, Adjoint).<\/p>\n<p>23.Finances &#8211; C.C.A.S. &#8211; Demande de subvention 2024 &#8211; Additif (Rapport de Monsieur Florent POIROT, Conseiller Municipal).<\/p>\n<p>24. Finances &#8211; Muse\u0301es Municipaux &#8211; Droits d&rsquo;entre\u0301es &#8211; Tarifs &#8211; Additif (Rapport de Madame Anne-Marie DULUCQ, Adjointe).<\/p>\n<p>25.Finances &#8211; Muse\u0301es municipaux &#8211; Acquisition d&rsquo;\u0153uvres &#8211; Demande de subventions FRAM &#8211; Anne\u0301e 2025 (DRAC et Re\u0301gion Grand Est) (Rapport de Madame Anne-Marie DULUCQ, Adjointe).<\/p>\n<p>26. Finances &#8211; Muse\u0301es Municipaux &#8211; Soutien a\u0300 l&#8217;emploi d&rsquo;un me\u0301diateur culturel &#8211; Demande de subvention a\u0300 la D.R.A.C au titre de l&rsquo;anne\u0301e 2025 (Rapport de Madame Anne-Marie DULUCQ, Adjointe).<\/p>\n<p>27. Finances &#8211; Clo\u0302ture administrative des dossiers de travaux de \u00ab\u00a0re\u0301novation du kiosque du Calvaire\u00a0\u00bb &#8211; Exone\u0301ration des pe\u0301nalite\u0301s (Rapport de Monsieur Jean-Benoi\u0302t TISSERAND, Maire).<\/p>\n<p>28. Finances &#8211; Budget de l&rsquo;exercice 2024 &#8211; Ajustements de cre\u0301dits &#8211; Budget Principal &#8211; D.M.2 &#8211; Service des Eaux &#8211; D.M.1 &#8211; Service de l&rsquo;Assainissement &#8211; D.M.2 &#8211; Service de la Fore\u0302t &#8211; D.M.1 (Rapport de Monsieur Jean-Benoi\u0302t TISSERAND, Maire).<\/p>\n<p>29. Finances &#8211; Budget &#8211; Demandes de subventions 2025 : D.E.T.R. &#8211; D.S.I.L. &#8211; Re\u0301gion (Rapport de Monsieur Jean-Benoi\u0302t TISSERAND, Maire).<\/p>\n<p>30. Finances &#8211; Enseignement e\u0301le\u0301mentaire : Ski scolaire &#8211; Frais de Transport &#8211; Participation communale 2024\/2025 (Rapport de Madame Danielle WAGNER, Conseille\u0300re Municipale).<\/p>\n<p>Questions diverses.<\/p>\n<\/div>\n<\/div>\n<\/div>\n","protected":false},"excerpt":{"rendered":"<p>Conseil Municipal de la Ville de REMIREMONT Se\u0301ance du jeudi 26 septembre 2024 a\u0300 20 h 00 ORDRE DU JOUR [&hellip;]<\/p>\n","protected":false},"author":391,"featured_media":4836,"comment_status":"open","ping_status":"open","sticky":false,"template":"","format":"standard","meta":{"footnotes":""},"categories":[26,594,1556],"tags":[581,1552,44],"class_list":["post-73609","post","type-post","status-publish","format-standard","has-post-thumbnail","hentry","category-a-la-une","category-agenda","category-remiremont-remiremont-son-canton-2","tag-conseil-municipal","tag-ordre-du-jour","tag-remiremont"],"acf":[],"yoast_head":"<!-- This site is optimized with the Yoast SEO plugin v22.5 - https:\/\/yoast.com\/wordpress\/plugins\/seo\/ -->\n<title>L&#039;ordre du jour du prochain conseil municipal de Remiremont - Remiremont Info<\/title>\n<meta name=\"robots\" content=\"index, follow, max-snippet:-1, max-image-preview:large, max-video-preview:-1\" \/>\n<link rel=\"canonical\" href=\"https:\/\/vosgesinfo.fr\/remiremontinfo\/?p=73609\" \/>\n<meta name=\"twitter:card\" content=\"summary_large_image\" \/>\n<meta name=\"twitter:title\" content=\"L&#039;ordre du jour du prochain conseil municipal de Remiremont - Remiremont Info\" \/>\n<meta name=\"twitter:description\" content=\"Conseil Municipal de la Ville de REMIREMONT Se\u0301ance du jeudi 26 septembre 2024 a\u0300 20 h 00 ORDRE DU JOUR [&hellip;]\" \/>\n<meta name=\"twitter:creator\" content=\"@VosgesInfo88\" \/>\n<meta name=\"twitter:site\" content=\"@VosgesInfo88\" \/>\n<meta name=\"twitter:label1\" content=\"\u00c9crit par\" \/>\n\t<meta name=\"twitter:data1\" content=\"La redaction\" \/>\n\t<meta name=\"twitter:label2\" content=\"Dur\u00e9e de lecture estim\u00e9e\" \/>\n\t<meta name=\"twitter:data2\" content=\"4 minutes\" \/>\n<script type=\"application\/ld+json\" class=\"yoast-schema-graph\">{\"@context\":\"https:\/\/schema.org\",\"@graph\":[{\"@type\":\"Article\",\"@id\":\"https:\/\/vosgesinfo.fr\/remiremontinfo\/?p=73609#article\",\"isPartOf\":{\"@id\":\"https:\/\/vosgesinfo.fr\/remiremontinfo\/?p=73609\"},\"author\":{\"name\":\"La redaction\",\"@id\":\"https:\/\/vosgesinfo.fr\/remiremontinfo\/#\/schema\/person\/27a3695b06db98895b354c0765cdfc31\"},\"headline\":\"L&rsquo;ordre du jour du prochain conseil municipal de Remiremont\",\"datePublished\":\"2024-09-20T12:17:09+00:00\",\"dateModified\":\"2024-09-20T12:17:09+00:00\",\"mainEntityOfPage\":{\"@id\":\"https:\/\/vosgesinfo.fr\/remiremontinfo\/?p=73609\"},\"wordCount\":754,\"commentCount\":0,\"publisher\":{\"@id\":\"https:\/\/vosgesinfo.fr\/remiremontinfo\/#organization\"},\"image\":{\"@id\":\"https:\/\/vosgesinfo.fr\/remiremontinfo\/?p=73609#primaryimage\"},\"thumbnailUrl\":\"https:\/\/vosgesinfo.fr\/app\/uploads\/sites\/5\/2024\/03\/conseil-municipal.jpg\",\"keywords\":[\"conseil municipal\",\"Ordre du jour\",\"remiremont\"],\"articleSection\":[\"A la Une\",\"Agenda\",\"Remiremont\"],\"inLanguage\":\"fr-FR\",\"potentialAction\":[{\"@type\":\"CommentAction\",\"name\":\"Comment\",\"target\":[\"https:\/\/vosgesinfo.fr\/remiremontinfo\/?p=73609#respond\"]}]},{\"@type\":\"WebPage\",\"@id\":\"https:\/\/vosgesinfo.fr\/remiremontinfo\/?p=73609\",\"url\":\"https:\/\/vosgesinfo.fr\/remiremontinfo\/?p=73609\",\"name\":\"L'ordre du jour du prochain conseil municipal de Remiremont - Remiremont Info\",\"isPartOf\":{\"@id\":\"https:\/\/vosgesinfo.fr\/remiremontinfo\/#website\"},\"primaryImageOfPage\":{\"@id\":\"https:\/\/vosgesinfo.fr\/remiremontinfo\/?p=73609#primaryimage\"},\"image\":{\"@id\":\"https:\/\/vosgesinfo.fr\/remiremontinfo\/?p=73609#primaryimage\"},\"thumbnailUrl\":\"https:\/\/vosgesinfo.fr\/app\/uploads\/sites\/5\/2024\/03\/conseil-municipal.jpg\",\"datePublished\":\"2024-09-20T12:17:09+00:00\",\"dateModified\":\"2024-09-20T12:17:09+00:00\",\"breadcrumb\":{\"@id\":\"https:\/\/vosgesinfo.fr\/remiremontinfo\/?p=73609#breadcrumb\"},\"inLanguage\":\"fr-FR\",\"potentialAction\":[{\"@type\":\"ReadAction\",\"target\":[\"https:\/\/vosgesinfo.fr\/remiremontinfo\/?p=73609\"]}]},{\"@type\":\"ImageObject\",\"inLanguage\":\"fr-FR\",\"@id\":\"https:\/\/vosgesinfo.fr\/remiremontinfo\/?p=73609#primaryimage\",\"url\":\"https:\/\/vosgesinfo.fr\/app\/uploads\/sites\/5\/2024\/03\/conseil-municipal.jpg\",\"contentUrl\":\"https:\/\/vosgesinfo.fr\/app\/uploads\/sites\/5\/2024\/03\/conseil-municipal.jpg\",\"width\":715,\"height\":345},{\"@type\":\"BreadcrumbList\",\"@id\":\"https:\/\/vosgesinfo.fr\/remiremontinfo\/?p=73609#breadcrumb\",\"itemListElement\":[{\"@type\":\"ListItem\",\"position\":1,\"name\":\"Home\",\"item\":\"https:\/\/vosgesinfo.fr\/remiremontinfo\/\"},{\"@type\":\"ListItem\",\"position\":2,\"name\":\"L&#8217;ordre du jour du prochain conseil municipal de Remiremont\"}]},{\"@type\":\"WebSite\",\"@id\":\"https:\/\/vosgesinfo.fr\/remiremontinfo\/#website\",\"url\":\"https:\/\/vosgesinfo.fr\/remiremontinfo\/\",\"name\":\"Remiremont Info\",\"description\":\"Toute l&#039;actualit\u00e9 de Remiremont\",\"publisher\":{\"@id\":\"https:\/\/vosgesinfo.fr\/remiremontinfo\/#organization\"},\"alternateName\":\"Toute l'actualit\u00e9 de Remiremont\",\"potentialAction\":[{\"@type\":\"SearchAction\",\"target\":{\"@type\":\"EntryPoint\",\"urlTemplate\":\"https:\/\/vosgesinfo.fr\/remiremontinfo\/?s={search_term_string}\"},\"query-input\":\"required name=search_term_string\"}],\"inLanguage\":\"fr-FR\"},{\"@type\":\"Organization\",\"@id\":\"https:\/\/vosgesinfo.fr\/remiremontinfo\/#organization\",\"name\":\"Remiremont Info\",\"url\":\"https:\/\/vosgesinfo.fr\/remiremontinfo\/\",\"logo\":{\"@type\":\"ImageObject\",\"inLanguage\":\"fr-FR\",\"@id\":\"https:\/\/vosgesinfo.fr\/remiremontinfo\/#\/schema\/logo\/image\/\",\"url\":\"https:\/\/vosgesinfo.fr\/app\/uploads\/sites\/5\/2023\/08\/favicon-remiremontinfo.png\",\"contentUrl\":\"https:\/\/vosgesinfo.fr\/app\/uploads\/sites\/5\/2023\/08\/favicon-remiremontinfo.png\",\"width\":512,\"height\":512,\"caption\":\"Remiremont Info\"},\"image\":{\"@id\":\"https:\/\/vosgesinfo.fr\/remiremontinfo\/#\/schema\/logo\/image\/\"},\"sameAs\":[\"https:\/\/www.facebook.com\/remiremontinfo\",\"https:\/\/x.com\/VosgesInfo88\",\"https:\/\/www.youtube.com\/@vosgesinfo\"]},{\"@type\":\"Person\",\"@id\":\"https:\/\/vosgesinfo.fr\/remiremontinfo\/#\/schema\/person\/27a3695b06db98895b354c0765cdfc31\",\"name\":\"La redaction\",\"image\":{\"@type\":\"ImageObject\",\"inLanguage\":\"fr-FR\",\"@id\":\"https:\/\/vosgesinfo.fr\/remiremontinfo\/#\/schema\/person\/image\/\",\"url\":\"https:\/\/secure.gravatar.com\/avatar\/64c76a78e501cedee55736f43f332df901e1896ae9cd8fad269ae2236dd0e8b6?s=96&d=mm&r=g\",\"contentUrl\":\"https:\/\/secure.gravatar.com\/avatar\/64c76a78e501cedee55736f43f332df901e1896ae9cd8fad269ae2236dd0e8b6?s=96&d=mm&r=g\",\"caption\":\"La redaction\"},\"url\":\"https:\/\/vosgesinfo.fr\/remiremontinfo\/author\/la-redaction\/\"}]}<\/script>\n<!-- \/ Yoast SEO plugin. -->","yoast_head_json":{"title":"L'ordre du jour du prochain conseil municipal de Remiremont - Remiremont Info","robots":{"index":"index","follow":"follow","max-snippet":"max-snippet:-1","max-image-preview":"max-image-preview:large","max-video-preview":"max-video-preview:-1"},"canonical":"https:\/\/vosgesinfo.fr\/remiremontinfo\/?p=73609","twitter_card":"summary_large_image","twitter_title":"L'ordre du jour du prochain conseil municipal de Remiremont - Remiremont Info","twitter_description":"Conseil Municipal de la Ville de REMIREMONT Se\u0301ance du jeudi 26 septembre 2024 a\u0300 20 h 00 ORDRE DU JOUR [&hellip;]","twitter_creator":"@VosgesInfo88","twitter_site":"@VosgesInfo88","twitter_misc":{"\u00c9crit par":"La redaction","Dur\u00e9e de lecture estim\u00e9e":"4 minutes"},"schema":{"@context":"https:\/\/schema.org","@graph":[{"@type":"Article","@id":"https:\/\/vosgesinfo.fr\/remiremontinfo\/?p=73609#article","isPartOf":{"@id":"https:\/\/vosgesinfo.fr\/remiremontinfo\/?p=73609"},"author":{"name":"La redaction","@id":"https:\/\/vosgesinfo.fr\/remiremontinfo\/#\/schema\/person\/27a3695b06db98895b354c0765cdfc31"},"headline":"L&rsquo;ordre du jour du prochain conseil municipal de Remiremont","datePublished":"2024-09-20T12:17:09+00:00","dateModified":"2024-09-20T12:17:09+00:00","mainEntityOfPage":{"@id":"https:\/\/vosgesinfo.fr\/remiremontinfo\/?p=73609"},"wordCount":754,"commentCount":0,"publisher":{"@id":"https:\/\/vosgesinfo.fr\/remiremontinfo\/#organization"},"image":{"@id":"https:\/\/vosgesinfo.fr\/remiremontinfo\/?p=73609#primaryimage"},"thumbnailUrl":"https:\/\/vosgesinfo.fr\/app\/uploads\/sites\/5\/2024\/03\/conseil-municipal.jpg","keywords":["conseil municipal","Ordre du jour","remiremont"],"articleSection":["A la Une","Agenda","Remiremont"],"inLanguage":"fr-FR","potentialAction":[{"@type":"CommentAction","name":"Comment","target":["https:\/\/vosgesinfo.fr\/remiremontinfo\/?p=73609#respond"]}]},{"@type":"WebPage","@id":"https:\/\/vosgesinfo.fr\/remiremontinfo\/?p=73609","url":"https:\/\/vosgesinfo.fr\/remiremontinfo\/?p=73609","name":"L'ordre du jour du prochain conseil municipal de Remiremont - Remiremont Info","isPartOf":{"@id":"https:\/\/vosgesinfo.fr\/remiremontinfo\/#website"},"primaryImageOfPage":{"@id":"https:\/\/vosgesinfo.fr\/remiremontinfo\/?p=73609#primaryimage"},"image":{"@id":"https:\/\/vosgesinfo.fr\/remiremontinfo\/?p=73609#primaryimage"},"thumbnailUrl":"https:\/\/vosgesinfo.fr\/app\/uploads\/sites\/5\/2024\/03\/conseil-municipal.jpg","datePublished":"2024-09-20T12:17:09+00:00","dateModified":"2024-09-20T12:17:09+00:00","breadcrumb":{"@id":"https:\/\/vosgesinfo.fr\/remiremontinfo\/?p=73609#breadcrumb"},"inLanguage":"fr-FR","potentialAction":[{"@type":"ReadAction","target":["https:\/\/vosgesinfo.fr\/remiremontinfo\/?p=73609"]}]},{"@type":"ImageObject","inLanguage":"fr-FR","@id":"https:\/\/vosgesinfo.fr\/remiremontinfo\/?p=73609#primaryimage","url":"https:\/\/vosgesinfo.fr\/app\/uploads\/sites\/5\/2024\/03\/conseil-municipal.jpg","contentUrl":"https:\/\/vosgesinfo.fr\/app\/uploads\/sites\/5\/2024\/03\/conseil-municipal.jpg","width":715,"height":345},{"@type":"BreadcrumbList","@id":"https:\/\/vosgesinfo.fr\/remiremontinfo\/?p=73609#breadcrumb","itemListElement":[{"@type":"ListItem","position":1,"name":"Home","item":"https:\/\/vosgesinfo.fr\/remiremontinfo\/"},{"@type":"ListItem","position":2,"name":"L&#8217;ordre du jour du prochain conseil municipal de Remiremont"}]},{"@type":"WebSite","@id":"https:\/\/vosgesinfo.fr\/remiremontinfo\/#website","url":"https:\/\/vosgesinfo.fr\/remiremontinfo\/","name":"Remiremont Info","description":"Toute l&#039;actualit\u00e9 de Remiremont","publisher":{"@id":"https:\/\/vosgesinfo.fr\/remiremontinfo\/#organization"},"alternateName":"Toute l'actualit\u00e9 de Remiremont","potentialAction":[{"@type":"SearchAction","target":{"@type":"EntryPoint","urlTemplate":"https:\/\/vosgesinfo.fr\/remiremontinfo\/?s={search_term_string}"},"query-input":"required name=search_term_string"}],"inLanguage":"fr-FR"},{"@type":"Organization","@id":"https:\/\/vosgesinfo.fr\/remiremontinfo\/#organization","name":"Remiremont Info","url":"https:\/\/vosgesinfo.fr\/remiremontinfo\/","logo":{"@type":"ImageObject","inLanguage":"fr-FR","@id":"https:\/\/vosgesinfo.fr\/remiremontinfo\/#\/schema\/logo\/image\/","url":"https:\/\/vosgesinfo.fr\/app\/uploads\/sites\/5\/2023\/08\/favicon-remiremontinfo.png","contentUrl":"https:\/\/vosgesinfo.fr\/app\/uploads\/sites\/5\/2023\/08\/favicon-remiremontinfo.png","width":512,"height":512,"caption":"Remiremont Info"},"image":{"@id":"https:\/\/vosgesinfo.fr\/remiremontinfo\/#\/schema\/logo\/image\/"},"sameAs":["https:\/\/www.facebook.com\/remiremontinfo","https:\/\/x.com\/VosgesInfo88","https:\/\/www.youtube.com\/@vosgesinfo"]},{"@type":"Person","@id":"https:\/\/vosgesinfo.fr\/remiremontinfo\/#\/schema\/person\/27a3695b06db98895b354c0765cdfc31","name":"La redaction","image":{"@type":"ImageObject","inLanguage":"fr-FR","@id":"https:\/\/vosgesinfo.fr\/remiremontinfo\/#\/schema\/person\/image\/","url":"https:\/\/secure.gravatar.com\/avatar\/64c76a78e501cedee55736f43f332df901e1896ae9cd8fad269ae2236dd0e8b6?s=96&d=mm&r=g","contentUrl":"https:\/\/secure.gravatar.com\/avatar\/64c76a78e501cedee55736f43f332df901e1896ae9cd8fad269ae2236dd0e8b6?s=96&d=mm&r=g","caption":"La redaction"},"url":"https:\/\/vosgesinfo.fr\/remiremontinfo\/author\/la-redaction\/"}]}},"_links":{"self":[{"href":"https:\/\/vosgesinfo.fr\/remiremontinfo\/wp-json\/wp\/v2\/posts\/73609","targetHints":{"allow":["GET"]}}],"collection":[{"href":"https:\/\/vosgesinfo.fr\/remiremontinfo\/wp-json\/wp\/v2\/posts"}],"about":[{"href":"https:\/\/vosgesinfo.fr\/remiremontinfo\/wp-json\/wp\/v2\/types\/post"}],"author":[{"embeddable":true,"href":"https:\/\/vosgesinfo.fr\/remiremontinfo\/wp-json\/wp\/v2\/users\/391"}],"replies":[{"embeddable":true,"href":"https:\/\/vosgesinfo.fr\/remiremontinfo\/wp-json\/wp\/v2\/comments?post=73609"}],"version-history":[{"count":1,"href":"https:\/\/vosgesinfo.fr\/remiremontinfo\/wp-json\/wp\/v2\/posts\/73609\/revisions"}],"predecessor-version":[{"id":73610,"href":"https:\/\/vosgesinfo.fr\/remiremontinfo\/wp-json\/wp\/v2\/posts\/73609\/revisions\/73610"}],"wp:featuredmedia":[{"embeddable":true,"href":"https:\/\/vosgesinfo.fr\/remiremontinfo\/wp-json\/wp\/v2\/media\/4836"}],"wp:attachment":[{"href":"https:\/\/vosgesinfo.fr\/remiremontinfo\/wp-json\/wp\/v2\/media?parent=73609"}],"wp:term":[{"taxonomy":"category","embeddable":true,"href":"https:\/\/vosgesinfo.fr\/remiremontinfo\/wp-json\/wp\/v2\/categories?post=73609"},{"taxonomy":"post_tag","embeddable":true,"href":"https:\/\/vosgesinfo.fr\/remiremontinfo\/wp-json\/wp\/v2\/tags?post=73609"}],"curies":[{"name":"wp","href":"https:\/\/api.w.org\/{rel}","templated":true}]}}