{"id":73621,"date":"2024-09-20T18:00:54","date_gmt":"2024-09-20T16:00:54","guid":{"rendered":"https:\/\/vosgesinfo.fr\/remiremontinfo\/2024\/09\/un-patrimoine-et-un-heritage-culturel-vous-avez-rendez-vous-ce-week-end-dans-les-fermes-ouvertes-bleu-vert-vosges-2\/"},"modified":"2024-09-20T18:00:54","modified_gmt":"2024-09-20T16:00:54","slug":"un-patrimoine-et-un-heritage-culturel-vous-avez-rendez-vous-ce-week-end-dans-les-fermes-ouvertes-bleu-vert-vosges-2","status":"publish","type":"post","link":"https:\/\/vosgesinfo.fr\/remiremontinfo\/2024\/09\/un-patrimoine-et-un-heritage-culturel-vous-avez-rendez-vous-ce-week-end-dans-les-fermes-ouvertes-bleu-vert-vosges-2\/","title":{"rendered":"Un patrimoine et un h\u00e9ritage culturel : vous avez rendez-vous ce week-end dans les Fermes Ouvertes Bleu Vert Vosges"},"content":{"rendered":"<div id=\"attachment_68900\" style=\"width: 1034px\" class=\"wp-caption aligncenter\"><a href=\"https:\/\/vosgesinfo.fr\/app\/uploads\/sites\/6\/2024\/09\/fermes-ouvertes-2024-photo-c.-tonin-scaled.jpg\"><img decoding=\"async\" aria-describedby=\"caption-attachment-68900\" class=\"wp-image-68900 size-large\" src=\"https:\/\/vosgesinfo.fr\/app\/uploads\/sites\/6\/2024\/09\/fermes-ouvertes-2024-photo-c.-tonin-1024x768.jpg\" alt=\"\" width=\"1024\" height=\"768\" \/><\/a><p id=\"caption-attachment-68900\" class=\"wp-caption-text\">Photos : C. Tonin GAB88 &#8211; Bio en Grd Est<\/p><\/div>\n\n\t\t<style type=\"text\/css\">\n\t\t\t#gallery-1 {\n\t\t\t\tmargin: auto;\n\t\t\t}\n\t\t\t#gallery-1 .gallery-item {\n\t\t\t\tfloat: left;\n\t\t\t\tmargin-top: 10px;\n\t\t\t\ttext-align: center;\n\t\t\t\twidth: 50%;\n\t\t\t}\n\t\t\t#gallery-1 img {\n\t\t\t\tborder: 2px solid #cfcfcf;\n\t\t\t}\n\t\t\t#gallery-1 .gallery-caption {\n\t\t\t\tmargin-left: 0;\n\t\t\t}\n\t\t\t\/* see gallery_shortcode() in wp-includes\/media.php *\/\n\t\t<\/style>\n\t\t<div id='gallery-1' class='gallery galleryid-73621 gallery-columns-2 gallery-size-medium'><dl class='gallery-item'>\n\t\t\t<dt class='gallery-icon landscape'>\n\t\t\t\t<a href='https:\/\/vosgesinfo.fr\/app\/uploads\/sites\/5\/2024\/09\/202303theatre-de-la-miroiterie-1-scaled.jpg'><img decoding=\"async\" width=\"300\" height=\"228\" src=\"https:\/\/vosgesinfo.fr\/app\/uploads\/sites\/5\/2024\/09\/202303theatre-de-la-miroiterie-1-300x228.jpg\" class=\"attachment-medium size-medium\" alt=\"\" srcset=\"https:\/\/vosgesinfo.fr\/app\/uploads\/sites\/5\/2024\/09\/202303theatre-de-la-miroiterie-1-300x228.jpg 300w, https:\/\/vosgesinfo.fr\/app\/uploads\/sites\/5\/2024\/09\/202303theatre-de-la-miroiterie-1-1024x780.jpg 1024w, https:\/\/vosgesinfo.fr\/app\/uploads\/sites\/5\/2024\/09\/202303theatre-de-la-miroiterie-1-768x585.jpg 768w, https:\/\/vosgesinfo.fr\/app\/uploads\/sites\/5\/2024\/09\/202303theatre-de-la-miroiterie-1-1536x1169.jpg 1536w, https:\/\/vosgesinfo.fr\/app\/uploads\/sites\/5\/2024\/09\/202303theatre-de-la-miroiterie-1-2048x1559.jpg 2048w\" sizes=\"(max-width: 300px) 100vw, 300px\" \/><\/a>\n\t\t\t<\/dt><\/dl><dl class='gallery-item'>\n\t\t\t<dt class='gallery-icon landscape'>\n\t\t\t\t<a href='https:\/\/vosgesinfo.fr\/app\/uploads\/sites\/5\/2024\/09\/202303olympiades-mediatheque-1.jpg'><img decoding=\"async\" width=\"300\" height=\"200\" src=\"https:\/\/vosgesinfo.fr\/app\/uploads\/sites\/5\/2024\/09\/202303olympiades-mediatheque-1-300x200.jpg\" class=\"attachment-medium size-medium\" alt=\"\" srcset=\"https:\/\/vosgesinfo.fr\/app\/uploads\/sites\/5\/2024\/09\/202303olympiades-mediatheque-1-300x200.jpg 300w, https:\/\/vosgesinfo.fr\/app\/uploads\/sites\/5\/2024\/09\/202303olympiades-mediatheque-1-1024x681.jpg 1024w, https:\/\/vosgesinfo.fr\/app\/uploads\/sites\/5\/2024\/09\/202303olympiades-mediatheque-1-768x511.jpg 768w, https:\/\/vosgesinfo.fr\/app\/uploads\/sites\/5\/2024\/09\/202303olympiades-mediatheque-1-1536x1021.jpg 1536w, https:\/\/vosgesinfo.fr\/app\/uploads\/sites\/5\/2024\/09\/202303olympiades-mediatheque-1.jpg 1600w\" sizes=\"(max-width: 300px) 100vw, 300px\" \/><\/a>\n\t\t\t<\/dt><\/dl><br style=\"clear: both\" \/><dl class='gallery-item'>\n\t\t\t<dt class='gallery-icon landscape'>\n\t\t\t\t<a href='https:\/\/vosgesinfo.fr\/app\/uploads\/sites\/5\/2024\/09\/202303olympiades-mediatheque-3.jpg'><img decoding=\"async\" width=\"300\" height=\"200\" src=\"https:\/\/vosgesinfo.fr\/app\/uploads\/sites\/5\/2024\/09\/202303olympiades-mediatheque-3-300x200.jpg\" class=\"attachment-medium size-medium\" alt=\"\" srcset=\"https:\/\/vosgesinfo.fr\/app\/uploads\/sites\/5\/2024\/09\/202303olympiades-mediatheque-3-300x200.jpg 300w, https:\/\/vosgesinfo.fr\/app\/uploads\/sites\/5\/2024\/09\/202303olympiades-mediatheque-3-1024x681.jpg 1024w, https:\/\/vosgesinfo.fr\/app\/uploads\/sites\/5\/2024\/09\/202303olympiades-mediatheque-3-768x511.jpg 768w, https:\/\/vosgesinfo.fr\/app\/uploads\/sites\/5\/2024\/09\/202303olympiades-mediatheque-3-1536x1021.jpg 1536w, https:\/\/vosgesinfo.fr\/app\/uploads\/sites\/5\/2024\/09\/202303olympiades-mediatheque-3.jpg 1600w\" sizes=\"(max-width: 300px) 100vw, 300px\" \/><\/a>\n\t\t\t<\/dt><\/dl>\n\t\t\t<br style='clear: both' \/>\n\t\t<\/div>\n\n<p class=\"x_MsoNormal\"><b>\u00a0<\/b><\/p>\n<p class=\"x_MsoNormal\"><a href=\"https:\/\/vosgesinfo.fr\/app\/uploads\/sites\/6\/2024\/09\/bleu-vert-vosges-fermes-ouvertes-2024-11-scaled.jpg\"><img decoding=\"async\" class=\"alignright size-medium wp-image-68901\" src=\"https:\/\/vosgesinfo.fr\/app\/uploads\/sites\/6\/2024\/09\/bleu-vert-vosges-fermes-ouvertes-2024-11-300x225.jpg\" alt=\"\" width=\"300\" height=\"225\" \/><\/a>Ce matin, aux Jardins de Bernadette au Haut-du-T\u00f4t, a eu lieu l\u2019inauguration des Fermes Ouvertes Bleu Vert Vosges. Pr\u00e9sents avec les \u00e9lus du territoire, Daniel Gr\u00e9millet S\u00e9nateur et Conseiller R\u00e9gional, Vice-pr\u00e9sident de la commission Agriculture, viticulture et for\u00eat, a souhait\u00e9 un grand succ\u00e8s \u00e0 cette 1<sup>\u00e8re<\/sup> \u00e9dition des Fermes ouvertes de l\u2019association Bleu Vert Vosges \u00e0 travers 12 communes du Massif vosgien.<\/p>\n<p class=\"x_MsoNormal\">Lionel Ehrart, pr\u00e9sident de l\u2019Association Bleu Vert Vosges, a salu\u00e9 cette ann\u00e9e mobilisatrice et porteuse pour l\u2019association. Colette\u00a0Du Cheyron, co-pr\u00e9sidente du GAB 88, repr\u00e9sentait \u00e9galement Bio en Grand-Est dont une des missions consiste \u00e0 d\u00e9velopper les plantes aromatiques et m\u00e9dicinales en bio sur la R\u00e9gion et qui a soutenu l\u2019organisation de ces portes-ouvertes. Ont \u00e9galement accompagn\u00e9 le lancement de cet \u00e9v\u00e9nement, Gr\u00e9gory Bonne, Adjoint \u00e0 l\u2019Ecologie et au D\u00e9veloppement Durable, \u00e0 la Ville de G\u00e9rardmer, et Julien Bourbier, Directeur-adjoint, au Parc Naturel R\u00e9gional des Ballons des Vosges.<\/p>\n<p class=\"x_MsoNormal\"><b>Tout ce week-end, partez \u00e0 la d\u00e9couverte d\u2019un patrimoine vivant et d\u2019un h\u00e9ritage culturel, dans les 12 fermes qui cultivent et cueillent des plantes aromatiques et m\u00e9dicinales et des petits fruits en agriculture biologique sur le Massif des Vosges. D\u00e9gustez leurs fabrications artisanales vari\u00e9es de qualit\u00e9. Retrouvez le programme\u00a0:<\/b> Association Bleu Vert Vosges <a href=\"https:\/\/www.bleuvertvosges.org\/\" target=\"_blank\" rel=\"noopener noreferrer\" data-auth=\"NotApplicable\" data-linkindex=\"0\">https:\/\/www.bleuvertvosges.org\/<\/a><\/p>\n<p class=\"x_MsoNormal\">Page Facebook de l\u2019association Bleu Vert Vosges <a href=\"https:\/\/www.facebook.com\/AssoBVV\" target=\"_blank\" rel=\"noopener noreferrer\" data-auth=\"NotApplicable\" data-linkindex=\"1\">https:\/\/www.facebook.com\/AssoBVV<\/a><\/p>\n<p class=\"x_MsoNormal\"><b>\u00a0<\/b><\/p>\n<p class=\"x_MsoNormal\">Balades libres ou guid\u00e9es dans les plantations de bluets, dans les jardins de plantes aromatiques et m\u00e9dicinales, apprenez ce qu\u2019est la permaculture, \u00e0 reconna\u00eetre les plantes comestibles et toxiques, \u00e0 concocter des recettes pour d\u00e9guster petits fruits et plantes comestibles de l\u2019automne, \u00e9coutez vos tisanes, d\u00e9couvrez et d\u00e9gustez liqueurs, alcools, ap\u00e9ritifs, sirops, produits sal\u00e9s, sucr\u00e9s, tisanes etc., d\u00e9couvrez le parcours des petits fruits et des plantes du champ ou de la for\u00eat aux s\u00e9choirs puis aux ateliers de transformations, de distillation \u00e0 l\u2019alambic, et dans vos maisons\u00a0!<\/p>\n","protected":false},"excerpt":{"rendered":"<p>\u00a0 Ce matin, aux Jardins de Bernadette au Haut-du-T\u00f4t, a eu lieu l\u2019inauguration des Fermes Ouvertes Bleu Vert Vosges. Pr\u00e9sents [&hellip;]<\/p>\n","protected":false},"author":391,"featured_media":73622,"comment_status":"open","ping_status":"open","sticky":false,"template":"","format":"standard","meta":{"footnotes":""},"categories":[26,47,108,64,845,43,362,18],"tags":[654,6087,6088],"class_list":["post-73621","post","type-post","status-publish","format-standard","has-post-thumbnail","hentry","category-a-la-une","category-agriculture","category-epinal","category-evenements","category-la-plaine-des-vosges","category-remiremont-remiremont-son-canton","category-saint-die","category-vosges","tag-daniel-gremillet","tag-fermes-ouvertes","tag-jardins-de-bernadette"],"acf":[],"yoast_head":"<!-- This site is optimized with the Yoast SEO plugin v22.5 - https:\/\/yoast.com\/wordpress\/plugins\/seo\/ -->\n<title>Un patrimoine et un h\u00e9ritage culturel : vous avez rendez-vous ce week-end dans les Fermes Ouvertes Bleu Vert Vosges - Remiremont Info<\/title>\n<meta name=\"robots\" content=\"index, follow, max-snippet:-1, max-image-preview:large, max-video-preview:-1\" \/>\n<link rel=\"canonical\" href=\"https:\/\/vosgesinfo.fr\/remiremontinfo\/2024\/09\/un-patrimoine-et-un-heritage-culturel-vous-avez-rendez-vous-ce-week-end-dans-les-fermes-ouvertes-bleu-vert-vosges-2\/\" \/>\n<meta name=\"twitter:card\" content=\"summary_large_image\" \/>\n<meta name=\"twitter:title\" content=\"Un patrimoine et un h\u00e9ritage culturel : vous avez rendez-vous ce week-end dans les Fermes Ouvertes Bleu Vert Vosges - Remiremont Info\" \/>\n<meta name=\"twitter:description\" content=\"\u00a0 Ce matin, aux Jardins de Bernadette au Haut-du-T\u00f4t, a eu lieu l\u2019inauguration des Fermes Ouvertes Bleu Vert Vosges. Pr\u00e9sents [&hellip;]\" \/>\n<meta name=\"twitter:image\" content=\"https:\/\/vosgesinfo.fr\/app\/uploads\/sites\/5\/2024\/09\/bleu-vert-vosges-fermes-ouvertes-2024-11-scaled-2.jpg\" \/>\n<meta name=\"twitter:creator\" content=\"@VosgesInfo88\" \/>\n<meta name=\"twitter:site\" content=\"@VosgesInfo88\" \/>\n<meta name=\"twitter:label1\" content=\"\u00c9crit par\" \/>\n\t<meta name=\"twitter:data1\" content=\"La redaction\" \/>\n\t<meta name=\"twitter:label2\" content=\"Dur\u00e9e de lecture estim\u00e9e\" \/>\n\t<meta name=\"twitter:data2\" content=\"2 minutes\" \/>\n<script type=\"application\/ld+json\" class=\"yoast-schema-graph\">{\"@context\":\"https:\/\/schema.org\",\"@graph\":[{\"@type\":\"Article\",\"@id\":\"https:\/\/vosgesinfo.fr\/remiremontinfo\/2024\/09\/un-patrimoine-et-un-heritage-culturel-vous-avez-rendez-vous-ce-week-end-dans-les-fermes-ouvertes-bleu-vert-vosges-2\/#article\",\"isPartOf\":{\"@id\":\"https:\/\/vosgesinfo.fr\/remiremontinfo\/2024\/09\/un-patrimoine-et-un-heritage-culturel-vous-avez-rendez-vous-ce-week-end-dans-les-fermes-ouvertes-bleu-vert-vosges-2\/\"},\"author\":{\"name\":\"La redaction\",\"@id\":\"https:\/\/vosgesinfo.fr\/remiremontinfo\/#\/schema\/person\/27a3695b06db98895b354c0765cdfc31\"},\"headline\":\"Un patrimoine et un h\u00e9ritage culturel : vous avez rendez-vous ce week-end dans les Fermes Ouvertes Bleu Vert Vosges\",\"datePublished\":\"2024-09-20T16:00:54+00:00\",\"dateModified\":\"2024-09-20T16:00:54+00:00\",\"mainEntityOfPage\":{\"@id\":\"https:\/\/vosgesinfo.fr\/remiremontinfo\/2024\/09\/un-patrimoine-et-un-heritage-culturel-vous-avez-rendez-vous-ce-week-end-dans-les-fermes-ouvertes-bleu-vert-vosges-2\/\"},\"wordCount\":385,\"commentCount\":0,\"publisher\":{\"@id\":\"https:\/\/vosgesinfo.fr\/remiremontinfo\/#organization\"},\"image\":{\"@id\":\"https:\/\/vosgesinfo.fr\/remiremontinfo\/2024\/09\/un-patrimoine-et-un-heritage-culturel-vous-avez-rendez-vous-ce-week-end-dans-les-fermes-ouvertes-bleu-vert-vosges-2\/#primaryimage\"},\"thumbnailUrl\":\"https:\/\/vosgesinfo.fr\/app\/uploads\/sites\/5\/2024\/09\/bleu-vert-vosges-fermes-ouvertes-2024-11-scaled-2.jpg\",\"keywords\":[\"Daniel Gremillet\",\"Fermes Ouvertes\",\"jardins de Bernadette\"],\"articleSection\":[\"A la Une\",\"Agriculture\",\"Epinal\",\"Ev\u00e8nements\",\"La plaine des vosges\",\"Remiremont\",\"Saint-di\u00e9\",\"Vosges\"],\"inLanguage\":\"fr-FR\",\"potentialAction\":[{\"@type\":\"CommentAction\",\"name\":\"Comment\",\"target\":[\"https:\/\/vosgesinfo.fr\/remiremontinfo\/2024\/09\/un-patrimoine-et-un-heritage-culturel-vous-avez-rendez-vous-ce-week-end-dans-les-fermes-ouvertes-bleu-vert-vosges-2\/#respond\"]}]},{\"@type\":\"WebPage\",\"@id\":\"https:\/\/vosgesinfo.fr\/remiremontinfo\/2024\/09\/un-patrimoine-et-un-heritage-culturel-vous-avez-rendez-vous-ce-week-end-dans-les-fermes-ouvertes-bleu-vert-vosges-2\/\",\"url\":\"https:\/\/vosgesinfo.fr\/remiremontinfo\/2024\/09\/un-patrimoine-et-un-heritage-culturel-vous-avez-rendez-vous-ce-week-end-dans-les-fermes-ouvertes-bleu-vert-vosges-2\/\",\"name\":\"Un patrimoine et un h\u00e9ritage culturel : vous avez rendez-vous ce week-end dans les Fermes Ouvertes Bleu Vert Vosges - Remiremont Info\",\"isPartOf\":{\"@id\":\"https:\/\/vosgesinfo.fr\/remiremontinfo\/#website\"},\"primaryImageOfPage\":{\"@id\":\"https:\/\/vosgesinfo.fr\/remiremontinfo\/2024\/09\/un-patrimoine-et-un-heritage-culturel-vous-avez-rendez-vous-ce-week-end-dans-les-fermes-ouvertes-bleu-vert-vosges-2\/#primaryimage\"},\"image\":{\"@id\":\"https:\/\/vosgesinfo.fr\/remiremontinfo\/2024\/09\/un-patrimoine-et-un-heritage-culturel-vous-avez-rendez-vous-ce-week-end-dans-les-fermes-ouvertes-bleu-vert-vosges-2\/#primaryimage\"},\"thumbnailUrl\":\"https:\/\/vosgesinfo.fr\/app\/uploads\/sites\/5\/2024\/09\/bleu-vert-vosges-fermes-ouvertes-2024-11-scaled-2.jpg\",\"datePublished\":\"2024-09-20T16:00:54+00:00\",\"dateModified\":\"2024-09-20T16:00:54+00:00\",\"breadcrumb\":{\"@id\":\"https:\/\/vosgesinfo.fr\/remiremontinfo\/2024\/09\/un-patrimoine-et-un-heritage-culturel-vous-avez-rendez-vous-ce-week-end-dans-les-fermes-ouvertes-bleu-vert-vosges-2\/#breadcrumb\"},\"inLanguage\":\"fr-FR\",\"potentialAction\":[{\"@type\":\"ReadAction\",\"target\":[\"https:\/\/vosgesinfo.fr\/remiremontinfo\/2024\/09\/un-patrimoine-et-un-heritage-culturel-vous-avez-rendez-vous-ce-week-end-dans-les-fermes-ouvertes-bleu-vert-vosges-2\/\"]}]},{\"@type\":\"ImageObject\",\"inLanguage\":\"fr-FR\",\"@id\":\"https:\/\/vosgesinfo.fr\/remiremontinfo\/2024\/09\/un-patrimoine-et-un-heritage-culturel-vous-avez-rendez-vous-ce-week-end-dans-les-fermes-ouvertes-bleu-vert-vosges-2\/#primaryimage\",\"url\":\"https:\/\/vosgesinfo.fr\/app\/uploads\/sites\/5\/2024\/09\/bleu-vert-vosges-fermes-ouvertes-2024-11-scaled-2.jpg\",\"contentUrl\":\"https:\/\/vosgesinfo.fr\/app\/uploads\/sites\/5\/2024\/09\/bleu-vert-vosges-fermes-ouvertes-2024-11-scaled-2.jpg\",\"width\":2560,\"height\":1920},{\"@type\":\"BreadcrumbList\",\"@id\":\"https:\/\/vosgesinfo.fr\/remiremontinfo\/2024\/09\/un-patrimoine-et-un-heritage-culturel-vous-avez-rendez-vous-ce-week-end-dans-les-fermes-ouvertes-bleu-vert-vosges-2\/#breadcrumb\",\"itemListElement\":[{\"@type\":\"ListItem\",\"position\":1,\"name\":\"Home\",\"item\":\"https:\/\/vosgesinfo.fr\/remiremontinfo\/\"},{\"@type\":\"ListItem\",\"position\":2,\"name\":\"Un patrimoine et un h\u00e9ritage culturel : vous avez rendez-vous ce week-end dans les Fermes Ouvertes Bleu Vert Vosges\"}]},{\"@type\":\"WebSite\",\"@id\":\"https:\/\/vosgesinfo.fr\/remiremontinfo\/#website\",\"url\":\"https:\/\/vosgesinfo.fr\/remiremontinfo\/\",\"name\":\"Remiremont Info\",\"description\":\"Toute l&#039;actualit\u00e9 de Remiremont\",\"publisher\":{\"@id\":\"https:\/\/vosgesinfo.fr\/remiremontinfo\/#organization\"},\"alternateName\":\"Toute l'actualit\u00e9 de Remiremont\",\"potentialAction\":[{\"@type\":\"SearchAction\",\"target\":{\"@type\":\"EntryPoint\",\"urlTemplate\":\"https:\/\/vosgesinfo.fr\/remiremontinfo\/?s={search_term_string}\"},\"query-input\":\"required name=search_term_string\"}],\"inLanguage\":\"fr-FR\"},{\"@type\":\"Organization\",\"@id\":\"https:\/\/vosgesinfo.fr\/remiremontinfo\/#organization\",\"name\":\"Remiremont Info\",\"url\":\"https:\/\/vosgesinfo.fr\/remiremontinfo\/\",\"logo\":{\"@type\":\"ImageObject\",\"inLanguage\":\"fr-FR\",\"@id\":\"https:\/\/vosgesinfo.fr\/remiremontinfo\/#\/schema\/logo\/image\/\",\"url\":\"https:\/\/vosgesinfo.fr\/app\/uploads\/sites\/5\/2023\/08\/favicon-remiremontinfo.png\",\"contentUrl\":\"https:\/\/vosgesinfo.fr\/app\/uploads\/sites\/5\/2023\/08\/favicon-remiremontinfo.png\",\"width\":512,\"height\":512,\"caption\":\"Remiremont Info\"},\"image\":{\"@id\":\"https:\/\/vosgesinfo.fr\/remiremontinfo\/#\/schema\/logo\/image\/\"},\"sameAs\":[\"https:\/\/www.facebook.com\/remiremontinfo\",\"https:\/\/x.com\/VosgesInfo88\",\"https:\/\/www.youtube.com\/@vosgesinfo\"]},{\"@type\":\"Person\",\"@id\":\"https:\/\/vosgesinfo.fr\/remiremontinfo\/#\/schema\/person\/27a3695b06db98895b354c0765cdfc31\",\"name\":\"La redaction\",\"image\":{\"@type\":\"ImageObject\",\"inLanguage\":\"fr-FR\",\"@id\":\"https:\/\/vosgesinfo.fr\/remiremontinfo\/#\/schema\/person\/image\/\",\"url\":\"https:\/\/secure.gravatar.com\/avatar\/64c76a78e501cedee55736f43f332df901e1896ae9cd8fad269ae2236dd0e8b6?s=96&d=mm&r=g\",\"contentUrl\":\"https:\/\/secure.gravatar.com\/avatar\/64c76a78e501cedee55736f43f332df901e1896ae9cd8fad269ae2236dd0e8b6?s=96&d=mm&r=g\",\"caption\":\"La redaction\"},\"url\":\"https:\/\/vosgesinfo.fr\/remiremontinfo\/author\/la-redaction\/\"}]}<\/script>\n<!-- \/ Yoast SEO plugin. -->","yoast_head_json":{"title":"Un patrimoine et un h\u00e9ritage culturel : vous avez rendez-vous ce week-end dans les Fermes Ouvertes Bleu Vert Vosges - Remiremont Info","robots":{"index":"index","follow":"follow","max-snippet":"max-snippet:-1","max-image-preview":"max-image-preview:large","max-video-preview":"max-video-preview:-1"},"canonical":"https:\/\/vosgesinfo.fr\/remiremontinfo\/2024\/09\/un-patrimoine-et-un-heritage-culturel-vous-avez-rendez-vous-ce-week-end-dans-les-fermes-ouvertes-bleu-vert-vosges-2\/","twitter_card":"summary_large_image","twitter_title":"Un patrimoine et un h\u00e9ritage culturel : vous avez rendez-vous ce week-end dans les Fermes Ouvertes Bleu Vert Vosges - Remiremont Info","twitter_description":"\u00a0 Ce matin, aux Jardins de Bernadette au Haut-du-T\u00f4t, a eu lieu l\u2019inauguration des Fermes Ouvertes Bleu Vert Vosges. Pr\u00e9sents [&hellip;]","twitter_image":"https:\/\/vosgesinfo.fr\/app\/uploads\/sites\/5\/2024\/09\/bleu-vert-vosges-fermes-ouvertes-2024-11-scaled-2.jpg","twitter_creator":"@VosgesInfo88","twitter_site":"@VosgesInfo88","twitter_misc":{"\u00c9crit par":"La redaction","Dur\u00e9e de lecture estim\u00e9e":"2 minutes"},"schema":{"@context":"https:\/\/schema.org","@graph":[{"@type":"Article","@id":"https:\/\/vosgesinfo.fr\/remiremontinfo\/2024\/09\/un-patrimoine-et-un-heritage-culturel-vous-avez-rendez-vous-ce-week-end-dans-les-fermes-ouvertes-bleu-vert-vosges-2\/#article","isPartOf":{"@id":"https:\/\/vosgesinfo.fr\/remiremontinfo\/2024\/09\/un-patrimoine-et-un-heritage-culturel-vous-avez-rendez-vous-ce-week-end-dans-les-fermes-ouvertes-bleu-vert-vosges-2\/"},"author":{"name":"La redaction","@id":"https:\/\/vosgesinfo.fr\/remiremontinfo\/#\/schema\/person\/27a3695b06db98895b354c0765cdfc31"},"headline":"Un patrimoine et un h\u00e9ritage culturel : vous avez rendez-vous ce week-end dans les Fermes Ouvertes Bleu Vert Vosges","datePublished":"2024-09-20T16:00:54+00:00","dateModified":"2024-09-20T16:00:54+00:00","mainEntityOfPage":{"@id":"https:\/\/vosgesinfo.fr\/remiremontinfo\/2024\/09\/un-patrimoine-et-un-heritage-culturel-vous-avez-rendez-vous-ce-week-end-dans-les-fermes-ouvertes-bleu-vert-vosges-2\/"},"wordCount":385,"commentCount":0,"publisher":{"@id":"https:\/\/vosgesinfo.fr\/remiremontinfo\/#organization"},"image":{"@id":"https:\/\/vosgesinfo.fr\/remiremontinfo\/2024\/09\/un-patrimoine-et-un-heritage-culturel-vous-avez-rendez-vous-ce-week-end-dans-les-fermes-ouvertes-bleu-vert-vosges-2\/#primaryimage"},"thumbnailUrl":"https:\/\/vosgesinfo.fr\/app\/uploads\/sites\/5\/2024\/09\/bleu-vert-vosges-fermes-ouvertes-2024-11-scaled-2.jpg","keywords":["Daniel Gremillet","Fermes Ouvertes","jardins de Bernadette"],"articleSection":["A la Une","Agriculture","Epinal","Ev\u00e8nements","La plaine des vosges","Remiremont","Saint-di\u00e9","Vosges"],"inLanguage":"fr-FR","potentialAction":[{"@type":"CommentAction","name":"Comment","target":["https:\/\/vosgesinfo.fr\/remiremontinfo\/2024\/09\/un-patrimoine-et-un-heritage-culturel-vous-avez-rendez-vous-ce-week-end-dans-les-fermes-ouvertes-bleu-vert-vosges-2\/#respond"]}]},{"@type":"WebPage","@id":"https:\/\/vosgesinfo.fr\/remiremontinfo\/2024\/09\/un-patrimoine-et-un-heritage-culturel-vous-avez-rendez-vous-ce-week-end-dans-les-fermes-ouvertes-bleu-vert-vosges-2\/","url":"https:\/\/vosgesinfo.fr\/remiremontinfo\/2024\/09\/un-patrimoine-et-un-heritage-culturel-vous-avez-rendez-vous-ce-week-end-dans-les-fermes-ouvertes-bleu-vert-vosges-2\/","name":"Un patrimoine et un h\u00e9ritage culturel : vous avez rendez-vous ce week-end dans les Fermes Ouvertes Bleu Vert Vosges - Remiremont Info","isPartOf":{"@id":"https:\/\/vosgesinfo.fr\/remiremontinfo\/#website"},"primaryImageOfPage":{"@id":"https:\/\/vosgesinfo.fr\/remiremontinfo\/2024\/09\/un-patrimoine-et-un-heritage-culturel-vous-avez-rendez-vous-ce-week-end-dans-les-fermes-ouvertes-bleu-vert-vosges-2\/#primaryimage"},"image":{"@id":"https:\/\/vosgesinfo.fr\/remiremontinfo\/2024\/09\/un-patrimoine-et-un-heritage-culturel-vous-avez-rendez-vous-ce-week-end-dans-les-fermes-ouvertes-bleu-vert-vosges-2\/#primaryimage"},"thumbnailUrl":"https:\/\/vosgesinfo.fr\/app\/uploads\/sites\/5\/2024\/09\/bleu-vert-vosges-fermes-ouvertes-2024-11-scaled-2.jpg","datePublished":"2024-09-20T16:00:54+00:00","dateModified":"2024-09-20T16:00:54+00:00","breadcrumb":{"@id":"https:\/\/vosgesinfo.fr\/remiremontinfo\/2024\/09\/un-patrimoine-et-un-heritage-culturel-vous-avez-rendez-vous-ce-week-end-dans-les-fermes-ouvertes-bleu-vert-vosges-2\/#breadcrumb"},"inLanguage":"fr-FR","potentialAction":[{"@type":"ReadAction","target":["https:\/\/vosgesinfo.fr\/remiremontinfo\/2024\/09\/un-patrimoine-et-un-heritage-culturel-vous-avez-rendez-vous-ce-week-end-dans-les-fermes-ouvertes-bleu-vert-vosges-2\/"]}]},{"@type":"ImageObject","inLanguage":"fr-FR","@id":"https:\/\/vosgesinfo.fr\/remiremontinfo\/2024\/09\/un-patrimoine-et-un-heritage-culturel-vous-avez-rendez-vous-ce-week-end-dans-les-fermes-ouvertes-bleu-vert-vosges-2\/#primaryimage","url":"https:\/\/vosgesinfo.fr\/app\/uploads\/sites\/5\/2024\/09\/bleu-vert-vosges-fermes-ouvertes-2024-11-scaled-2.jpg","contentUrl":"https:\/\/vosgesinfo.fr\/app\/uploads\/sites\/5\/2024\/09\/bleu-vert-vosges-fermes-ouvertes-2024-11-scaled-2.jpg","width":2560,"height":1920},{"@type":"BreadcrumbList","@id":"https:\/\/vosgesinfo.fr\/remiremontinfo\/2024\/09\/un-patrimoine-et-un-heritage-culturel-vous-avez-rendez-vous-ce-week-end-dans-les-fermes-ouvertes-bleu-vert-vosges-2\/#breadcrumb","itemListElement":[{"@type":"ListItem","position":1,"name":"Home","item":"https:\/\/vosgesinfo.fr\/remiremontinfo\/"},{"@type":"ListItem","position":2,"name":"Un patrimoine et un h\u00e9ritage culturel : vous avez rendez-vous ce week-end dans les Fermes Ouvertes Bleu Vert Vosges"}]},{"@type":"WebSite","@id":"https:\/\/vosgesinfo.fr\/remiremontinfo\/#website","url":"https:\/\/vosgesinfo.fr\/remiremontinfo\/","name":"Remiremont Info","description":"Toute l&#039;actualit\u00e9 de Remiremont","publisher":{"@id":"https:\/\/vosgesinfo.fr\/remiremontinfo\/#organization"},"alternateName":"Toute l'actualit\u00e9 de Remiremont","potentialAction":[{"@type":"SearchAction","target":{"@type":"EntryPoint","urlTemplate":"https:\/\/vosgesinfo.fr\/remiremontinfo\/?s={search_term_string}"},"query-input":"required name=search_term_string"}],"inLanguage":"fr-FR"},{"@type":"Organization","@id":"https:\/\/vosgesinfo.fr\/remiremontinfo\/#organization","name":"Remiremont Info","url":"https:\/\/vosgesinfo.fr\/remiremontinfo\/","logo":{"@type":"ImageObject","inLanguage":"fr-FR","@id":"https:\/\/vosgesinfo.fr\/remiremontinfo\/#\/schema\/logo\/image\/","url":"https:\/\/vosgesinfo.fr\/app\/uploads\/sites\/5\/2023\/08\/favicon-remiremontinfo.png","contentUrl":"https:\/\/vosgesinfo.fr\/app\/uploads\/sites\/5\/2023\/08\/favicon-remiremontinfo.png","width":512,"height":512,"caption":"Remiremont Info"},"image":{"@id":"https:\/\/vosgesinfo.fr\/remiremontinfo\/#\/schema\/logo\/image\/"},"sameAs":["https:\/\/www.facebook.com\/remiremontinfo","https:\/\/x.com\/VosgesInfo88","https:\/\/www.youtube.com\/@vosgesinfo"]},{"@type":"Person","@id":"https:\/\/vosgesinfo.fr\/remiremontinfo\/#\/schema\/person\/27a3695b06db98895b354c0765cdfc31","name":"La redaction","image":{"@type":"ImageObject","inLanguage":"fr-FR","@id":"https:\/\/vosgesinfo.fr\/remiremontinfo\/#\/schema\/person\/image\/","url":"https:\/\/secure.gravatar.com\/avatar\/64c76a78e501cedee55736f43f332df901e1896ae9cd8fad269ae2236dd0e8b6?s=96&d=mm&r=g","contentUrl":"https:\/\/secure.gravatar.com\/avatar\/64c76a78e501cedee55736f43f332df901e1896ae9cd8fad269ae2236dd0e8b6?s=96&d=mm&r=g","caption":"La redaction"},"url":"https:\/\/vosgesinfo.fr\/remiremontinfo\/author\/la-redaction\/"}]}},"_links":{"self":[{"href":"https:\/\/vosgesinfo.fr\/remiremontinfo\/wp-json\/wp\/v2\/posts\/73621","targetHints":{"allow":["GET"]}}],"collection":[{"href":"https:\/\/vosgesinfo.fr\/remiremontinfo\/wp-json\/wp\/v2\/posts"}],"about":[{"href":"https:\/\/vosgesinfo.fr\/remiremontinfo\/wp-json\/wp\/v2\/types\/post"}],"author":[{"embeddable":true,"href":"https:\/\/vosgesinfo.fr\/remiremontinfo\/wp-json\/wp\/v2\/users\/391"}],"replies":[{"embeddable":true,"href":"https:\/\/vosgesinfo.fr\/remiremontinfo\/wp-json\/wp\/v2\/comments?post=73621"}],"version-history":[{"count":0,"href":"https:\/\/vosgesinfo.fr\/remiremontinfo\/wp-json\/wp\/v2\/posts\/73621\/revisions"}],"wp:featuredmedia":[{"embeddable":true,"href":"https:\/\/vosgesinfo.fr\/remiremontinfo\/wp-json\/wp\/v2\/media\/73622"}],"wp:attachment":[{"href":"https:\/\/vosgesinfo.fr\/remiremontinfo\/wp-json\/wp\/v2\/media?parent=73621"}],"wp:term":[{"taxonomy":"category","embeddable":true,"href":"https:\/\/vosgesinfo.fr\/remiremontinfo\/wp-json\/wp\/v2\/categories?post=73621"},{"taxonomy":"post_tag","embeddable":true,"href":"https:\/\/vosgesinfo.fr\/remiremontinfo\/wp-json\/wp\/v2\/tags?post=73621"}],"curies":[{"name":"wp","href":"https:\/\/api.w.org\/{rel}","templated":true}]}}