{"id":73623,"date":"2024-09-20T18:18:15","date_gmt":"2024-09-20T16:18:15","guid":{"rendered":"https:\/\/vosgesinfo.fr\/remiremontinfo\/2024\/09\/fig-300-rendez-vous-et-des-nouveautes-au-programme-du-35e-festival-international-de-geographie-de-saint-die-des-vosges\/"},"modified":"2024-09-20T18:18:15","modified_gmt":"2024-09-20T16:18:15","slug":"fig-300-rendez-vous-et-des-nouveautes-au-programme-du-35e-festival-international-de-geographie-de-saint-die-des-vosges","status":"publish","type":"post","link":"https:\/\/vosgesinfo.fr\/remiremontinfo\/2024\/09\/fig-300-rendez-vous-et-des-nouveautes-au-programme-du-35e-festival-international-de-geographie-de-saint-die-des-vosges\/","title":{"rendered":"FIG \u2013 300 rendez-vous et des nouveaut\u00e9s au programme du 35e Festival International de G\u00e9ographie de Saint-Di\u00e9-des-Vosges"},"content":{"rendered":"<p><iframe loading=\"lazy\" title=\"Le 35e Festival International de G\u00e9ographie de Saint-Di\u00e9-des-Vosges se d\u00e9voile\" width=\"500\" height=\"281\" src=\"https:\/\/www.youtube.com\/embed\/wRzA4Dz39qk?feature=oembed\" frameborder=\"0\" allow=\"accelerometer; autoplay; clipboard-write; encrypted-media; gyroscope; picture-in-picture; web-share\" referrerpolicy=\"strict-origin-when-cross-origin\" allowfullscreen><\/iframe><\/p>\n<h2>Le Festival International de G\u00e9ographie de Saint-Di\u00e9-des-Vosges fera sa 35e \u00e9dition les vendredi 4, samedi 5 et dimanche 6 octobre prochains. Trois journ\u00e9es durant lesquelles la cit\u00e9 d\u00e9odatienne se mettra, comme \u00e0 chaque d\u00e9but d&rsquo;automne, \u00e0 l&rsquo;heure de la G\u00e9ographie.<\/h2>\n<p><!--more--><\/p>\n<p>300 rendez-vous \u2013 soit 50 de plus que l&rsquo;an pass\u00e9 \u2013 dont de nombreuses conf\u00e9rences et rencontres, le FIG Junior, les incontournables salons du Livre, G\u00e9onum\u00e9rique et de la Gastronomie, la pr\u00e9sence de 300 intervenants, 90 auteurs, 130 auteurs et g\u00e9ographes, ainsi qu&rsquo;un certain de nombre de nouveaut\u00e9s, rythmeront cette \u00e9dition 2024, qui s&rsquo;articulera autour du th\u00e8me \u00ab Terres \u00bb et des Alpes, le territoire invit\u00e9 cette ann\u00e9e. La directrice du festival Victoria Kapps, le pr\u00e9sident de l&rsquo;ADFIG Thibaut Sardier, le pr\u00e9sident du Salon du Livre Olivier Huguenot et le maire Bruno Toussaint ont pr\u00e9sent\u00e9, dans ses grandes lignes, les traits et les contours de ce 35e FIG.<\/p>\n<h3>Une th\u00e9matique au c\u0153ur des enjeux mondiaux<\/h3>\n<p>A l&rsquo;heure o\u00f9 l&rsquo;Est de l&rsquo;Europe est inond\u00e9, o\u00f9 le Portugal est en proie aux flammes, o\u00f9 la Chine conna\u00eet une grave crise immobili\u00e8re, o\u00f9 les agriculteurs fran\u00e7ais se soul\u00e8vent, o\u00f9 la guerre fait toujours rage en Ukraine&#8230; la th\u00e9matique \u00ab Terres \u00bb place une fois encore le FIG au c\u0153ur des enjeux mondiaux actuels.<\/p>\n<p>Comment faire face aux enjeux du r\u00e9chauffement climatique&#8230; comment prendre soin des terres&#8230; comment trouver de nouveaux mod\u00e8les en mati\u00e8re d&rsquo;agriculture,&#8230; comment trouver des solutions face \u00e0 l&rsquo;augmentation de l&rsquo;immobilier&#8230; qui poss\u00e8de la terre et comment elle est d\u00e9coup\u00e9e&#8230; Toutes ces questions, et bien d&rsquo;autres, seront soulev\u00e9es dans maintenant 2 semaines.<\/p>\n<h3>Les Alpes, colonne vert\u00e9brale d&rsquo;une partie de l&rsquo;Europe<\/h3>\n<p>Pour la premi\u00e8re fois de l&rsquo;histoire du FIG, c&rsquo;est un territoire naturel qui a \u00e9t\u00e9 choisi comme territoire invit\u00e9. Plus exactement une cha\u00eene de montagne. \u00ab\u00a0Les Alpes sont la colonne vert\u00e9brale d&rsquo;une partie de l&rsquo;Europe. Avec le r\u00e9chauffement climatique, c&rsquo;est tout le mod\u00e8le des Alpes qui est remis en question. C&rsquo;est un territoire relativement proche. Mais ce n&rsquo;est pas parce qu&rsquo;un territoire est proche qu&rsquo;on le connait forc\u00e9ment\u00a0\u00bb souligne Thibaut Sardier \u00e0 propos du territoire invit\u00e9.<\/p>\n<h3>Les personnalit\u00e9s du 35e FIG<\/h3>\n<p>Si le th\u00e8me et le territoire invit\u00e9 d\u00e9finissent le corps de chacune des \u00e9ditions du FIG, les grands invit\u00e9s en sont leur visage. Cette ann\u00e9e, le pr\u00e9sident du festival est Gaspard Koenig. Essayiste, romancier et philosophe, notamment laur\u00e9at des prix Interalli\u00e9 et Jean-Giono 2023.<\/p>\n<p>Sandrine Collette endosse pour sa part le r\u00f4le de pr\u00e9sidente du Salon du Livre. Laur\u00e9ate du prix Amerigo-Vespucci, qu&rsquo;elle avait re\u00e7u \u00e0 Saint-Di\u00e9-des-Vosges lors du FIG 2020, pour son roman \u00ab\u00a0Et toujours les for\u00eats\u00a0\u00bb, Sandrine Collette \u00e9crit des romans noirs \u00ab\u00a0\u00e0 partir de ce qui l&rsquo;angoisse et explore les relations des humains entre eux et avec la nature.\u00a0\u00bb<\/p>\n<p>Consid\u00e9r\u00e9 comme \u00ab\u00a0le plus historien des g\u00e9ographes\u00a0\u00bb, Christian Grataloup est le Grand T\u00e9moin du FIG 2024. Reconnu pour ses travaux sur la cartographie et l&rsquo;histoire de la mondialisation, il dirige actuellement la collection des Atlas historiques aux Editions Les Ar\u00e8nes.<\/p>\n<p>La direction scientifique du festival est men\u00e9e cette ann\u00e9e par Adrien Baysse-Lain\u00e9, chercheur au CNRS et sp\u00e9cialiste du foncier non b\u00e2ti, et Florence Nussbaum, agr\u00e9g\u00e9e de G\u00e9ographie et ma\u00eetresse de conf\u00e9rences \u00e0 l&rsquo;Universit\u00e9 Jean Moulin Lyon 3.<\/p>\n<h3>Au rayon des nouveaut\u00e9s<\/h3>\n<p>Ce 35e \u00e9pisode du FIG s&rsquo;accompagne de son lot de nouveaut\u00e9s, parmi lesquelles la cr\u00e9ation d&rsquo;un espace cartographie \u00e0 l&rsquo;Espace Fran\u00e7ois-Mitterrand ; des speed-meetings g\u00e9ographiques \u00e0 la Boussole, vendredi de 14h \u00e0 17h, qui permettront \u00e0 un festivalier de poser des questions \u00e0 un g\u00e9ographe, dans un cadre plus intimiste qu&rsquo;une conf\u00e9rence ; un volet biodiversit\u00e9 avec le service D\u00e9chets de la Communaut\u00e9 d&rsquo;Agglom\u00e9ration ; le hoya et la bi\u00e8re \u2013 au sapin\u2013 estampill\u00e9s FIG, qui seront disponibles aupr\u00e8s de la boutique du festival ; la refonte du site Internet par Aur\u00e9lie Anneheim, directrice-adjointe du festival; la refonte \u00e9galement du parcours de la gastronomie, qui accueillera 48 exposants et qui sera sera marrain\u00e9 par la cheffe Lorraine Pierrat ; le retour des d\u00e9monstrations culinaires&#8230;<\/p>\n<h3>Le programme complet du festival est disponible<\/h3>\n<p>En attendant le l&rsquo;ouverture du 35e Festival International de G\u00e9ographie de Saint-Di\u00e9-des-Vosges, le programme complet du festival peut d&rsquo;ores et d\u00e9j\u00e0 \u00eatre consult\u00e9 sur <a href=\"https:\/\/fig.saint-die-des-vosges.fr\/\" target=\"_blank\" rel=\"noopener\">https:\/\/fig.saint-die-des-vosges.fr\/<\/a>, en version PDF ou dans une nouvelle version plus interactive, directement sur le site. La version papier devrait quant \u00e0 elle \u00eatre disponible tr\u00e8s prochainement.<\/p>\n<p>J.J.<\/p>\n<p><a href=\"https:\/\/vosgesinfo.fr\/app\/uploads\/sites\/4\/2024\/09\/conference-presse-35e-fig-1-scaled.jpg\"><img decoding=\"async\" class=\"alignnone size-large wp-image-68423\" src=\"https:\/\/vosgesinfo.fr\/app\/uploads\/sites\/4\/2024\/09\/conference-presse-35e-fig-1-1024x771.jpg\" alt=\"\" width=\"1024\" height=\"771\" \/><\/a><\/p>\n<p><a href=\"https:\/\/vosgesinfo.fr\/app\/uploads\/sites\/4\/2024\/09\/conference-presse-35e-fig-2-scaled.jpg\"><img decoding=\"async\" class=\"alignnone size-large wp-image-68424\" src=\"https:\/\/vosgesinfo.fr\/app\/uploads\/sites\/4\/2024\/09\/conference-presse-35e-fig-2-1024x771.jpg\" alt=\"\" width=\"1024\" height=\"771\" \/><\/a><\/p>\n<p><a href=\"https:\/\/vosgesinfo.fr\/app\/uploads\/sites\/4\/2024\/09\/conference-presse-35e-fig-3-scaled.jpg\"><img decoding=\"async\" class=\"alignnone size-large wp-image-68425\" src=\"https:\/\/vosgesinfo.fr\/app\/uploads\/sites\/4\/2024\/09\/conference-presse-35e-fig-3-1024x771.jpg\" alt=\"\" width=\"1024\" height=\"771\" \/><\/a><\/p>\n","protected":false},"excerpt":{"rendered":"<p>Le Festival International de G\u00e9ographie de Saint-Di\u00e9-des-Vosges fera sa 35e \u00e9dition les vendredi 4, samedi 5 et dimanche 6 octobre [&hellip;]<\/p>\n","protected":false},"author":46,"featured_media":73624,"comment_status":"open","ping_status":"open","sticky":false,"template":"","format":"standard","meta":{"footnotes":""},"categories":[26,4,108,62,845,11,43,883,18],"tags":[6089,4108,6090,6091],"class_list":["post-73623","post","type-post","status-publish","format-standard","has-post-thumbnail","hentry","category-a-la-une","category-culture","category-epinal","category-gerardmer","category-la-plaine-des-vosges","category-publi-reportage","category-remiremont-remiremont-son-canton","category-saint-die-des-vosges","category-vosges","tag-35e-festival-international-de-geographie-de-saint-die-des-vosges","tag-alpes","tag-festival-international-de-geographie-de-saint-die-des-vosges","tag-terres"],"acf":[],"yoast_head":"<!-- This site is optimized with the Yoast SEO plugin v22.5 - https:\/\/yoast.com\/wordpress\/plugins\/seo\/ -->\n<title>FIG \u2013 300 rendez-vous et des nouveaut\u00e9s au programme du 35e Festival International de G\u00e9ographie de Saint-Di\u00e9-des-Vosges - Remiremont Info<\/title>\n<meta name=\"robots\" content=\"index, follow, max-snippet:-1, max-image-preview:large, max-video-preview:-1\" \/>\n<link rel=\"canonical\" href=\"https:\/\/vosgesinfo.fr\/remiremontinfo\/2024\/09\/fig-300-rendez-vous-et-des-nouveautes-au-programme-du-35e-festival-international-de-geographie-de-saint-die-des-vosges\/\" \/>\n<meta name=\"twitter:card\" content=\"summary_large_image\" \/>\n<meta name=\"twitter:title\" content=\"FIG \u2013 300 rendez-vous et des nouveaut\u00e9s au programme du 35e Festival International de G\u00e9ographie de Saint-Di\u00e9-des-Vosges - Remiremont Info\" \/>\n<meta name=\"twitter:description\" content=\"Le Festival International de G\u00e9ographie de Saint-Di\u00e9-des-Vosges fera sa 35e \u00e9dition les vendredi 4, samedi 5 et dimanche 6 octobre [&hellip;]\" \/>\n<meta name=\"twitter:image\" content=\"https:\/\/vosgesinfo.fr\/app\/uploads\/sites\/5\/2024\/09\/conference-presse-35e-fig-1-scaled-1.jpg\" \/>\n<meta name=\"twitter:creator\" content=\"@VosgesInfo88\" \/>\n<meta name=\"twitter:site\" content=\"@VosgesInfo88\" \/>\n<meta name=\"twitter:label1\" content=\"\u00c9crit par\" \/>\n\t<meta name=\"twitter:data1\" content=\"J.J.\" \/>\n\t<meta name=\"twitter:label2\" content=\"Dur\u00e9e de lecture estim\u00e9e\" \/>\n\t<meta name=\"twitter:data2\" content=\"4 minutes\" \/>\n<script type=\"application\/ld+json\" class=\"yoast-schema-graph\">{\"@context\":\"https:\/\/schema.org\",\"@graph\":[{\"@type\":\"Article\",\"@id\":\"https:\/\/vosgesinfo.fr\/remiremontinfo\/2024\/09\/fig-300-rendez-vous-et-des-nouveautes-au-programme-du-35e-festival-international-de-geographie-de-saint-die-des-vosges\/#article\",\"isPartOf\":{\"@id\":\"https:\/\/vosgesinfo.fr\/remiremontinfo\/2024\/09\/fig-300-rendez-vous-et-des-nouveautes-au-programme-du-35e-festival-international-de-geographie-de-saint-die-des-vosges\/\"},\"author\":{\"name\":\"J.J.\",\"@id\":\"https:\/\/vosgesinfo.fr\/remiremontinfo\/#\/schema\/person\/fa73e9f726d67bb88f46d5b7943cb572\"},\"headline\":\"FIG \u2013 300 rendez-vous et des nouveaut\u00e9s au programme du 35e Festival International de G\u00e9ographie de Saint-Di\u00e9-des-Vosges\",\"datePublished\":\"2024-09-20T16:18:15+00:00\",\"dateModified\":\"2024-09-20T16:18:15+00:00\",\"mainEntityOfPage\":{\"@id\":\"https:\/\/vosgesinfo.fr\/remiremontinfo\/2024\/09\/fig-300-rendez-vous-et-des-nouveautes-au-programme-du-35e-festival-international-de-geographie-de-saint-die-des-vosges\/\"},\"wordCount\":821,\"commentCount\":0,\"publisher\":{\"@id\":\"https:\/\/vosgesinfo.fr\/remiremontinfo\/#organization\"},\"image\":{\"@id\":\"https:\/\/vosgesinfo.fr\/remiremontinfo\/2024\/09\/fig-300-rendez-vous-et-des-nouveautes-au-programme-du-35e-festival-international-de-geographie-de-saint-die-des-vosges\/#primaryimage\"},\"thumbnailUrl\":\"https:\/\/vosgesinfo.fr\/app\/uploads\/sites\/5\/2024\/09\/conference-presse-35e-fig-1-scaled-1.jpg\",\"keywords\":[\"35e Festival International de G\u00e9ographie de Saint-Di\u00e9-des-Vosges\",\"alpes\",\"Festival International de G\u00e9ographie de Saint-Di\u00e9-des-Vosges\",\"Terres\"],\"articleSection\":[\"A la Une\",\"Culture\",\"Epinal\",\"G\u00e9rardmer\",\"La plaine des vosges\",\"Publi-reportage\",\"Remiremont\",\"Saint-Di\u00e9-des-Vosges\",\"Vosges\"],\"inLanguage\":\"fr-FR\",\"potentialAction\":[{\"@type\":\"CommentAction\",\"name\":\"Comment\",\"target\":[\"https:\/\/vosgesinfo.fr\/remiremontinfo\/2024\/09\/fig-300-rendez-vous-et-des-nouveautes-au-programme-du-35e-festival-international-de-geographie-de-saint-die-des-vosges\/#respond\"]}]},{\"@type\":\"WebPage\",\"@id\":\"https:\/\/vosgesinfo.fr\/remiremontinfo\/2024\/09\/fig-300-rendez-vous-et-des-nouveautes-au-programme-du-35e-festival-international-de-geographie-de-saint-die-des-vosges\/\",\"url\":\"https:\/\/vosgesinfo.fr\/remiremontinfo\/2024\/09\/fig-300-rendez-vous-et-des-nouveautes-au-programme-du-35e-festival-international-de-geographie-de-saint-die-des-vosges\/\",\"name\":\"FIG \u2013 300 rendez-vous et des nouveaut\u00e9s au programme du 35e Festival International de G\u00e9ographie de Saint-Di\u00e9-des-Vosges - Remiremont Info\",\"isPartOf\":{\"@id\":\"https:\/\/vosgesinfo.fr\/remiremontinfo\/#website\"},\"primaryImageOfPage\":{\"@id\":\"https:\/\/vosgesinfo.fr\/remiremontinfo\/2024\/09\/fig-300-rendez-vous-et-des-nouveautes-au-programme-du-35e-festival-international-de-geographie-de-saint-die-des-vosges\/#primaryimage\"},\"image\":{\"@id\":\"https:\/\/vosgesinfo.fr\/remiremontinfo\/2024\/09\/fig-300-rendez-vous-et-des-nouveautes-au-programme-du-35e-festival-international-de-geographie-de-saint-die-des-vosges\/#primaryimage\"},\"thumbnailUrl\":\"https:\/\/vosgesinfo.fr\/app\/uploads\/sites\/5\/2024\/09\/conference-presse-35e-fig-1-scaled-1.jpg\",\"datePublished\":\"2024-09-20T16:18:15+00:00\",\"dateModified\":\"2024-09-20T16:18:15+00:00\",\"breadcrumb\":{\"@id\":\"https:\/\/vosgesinfo.fr\/remiremontinfo\/2024\/09\/fig-300-rendez-vous-et-des-nouveautes-au-programme-du-35e-festival-international-de-geographie-de-saint-die-des-vosges\/#breadcrumb\"},\"inLanguage\":\"fr-FR\",\"potentialAction\":[{\"@type\":\"ReadAction\",\"target\":[\"https:\/\/vosgesinfo.fr\/remiremontinfo\/2024\/09\/fig-300-rendez-vous-et-des-nouveautes-au-programme-du-35e-festival-international-de-geographie-de-saint-die-des-vosges\/\"]}]},{\"@type\":\"ImageObject\",\"inLanguage\":\"fr-FR\",\"@id\":\"https:\/\/vosgesinfo.fr\/remiremontinfo\/2024\/09\/fig-300-rendez-vous-et-des-nouveautes-au-programme-du-35e-festival-international-de-geographie-de-saint-die-des-vosges\/#primaryimage\",\"url\":\"https:\/\/vosgesinfo.fr\/app\/uploads\/sites\/5\/2024\/09\/conference-presse-35e-fig-1-scaled-1.jpg\",\"contentUrl\":\"https:\/\/vosgesinfo.fr\/app\/uploads\/sites\/5\/2024\/09\/conference-presse-35e-fig-1-scaled-1.jpg\",\"width\":2560,\"height\":1928},{\"@type\":\"BreadcrumbList\",\"@id\":\"https:\/\/vosgesinfo.fr\/remiremontinfo\/2024\/09\/fig-300-rendez-vous-et-des-nouveautes-au-programme-du-35e-festival-international-de-geographie-de-saint-die-des-vosges\/#breadcrumb\",\"itemListElement\":[{\"@type\":\"ListItem\",\"position\":1,\"name\":\"Home\",\"item\":\"https:\/\/vosgesinfo.fr\/remiremontinfo\/\"},{\"@type\":\"ListItem\",\"position\":2,\"name\":\"FIG \u2013 300 rendez-vous et des nouveaut\u00e9s au programme du 35e Festival International de G\u00e9ographie de Saint-Di\u00e9-des-Vosges\"}]},{\"@type\":\"WebSite\",\"@id\":\"https:\/\/vosgesinfo.fr\/remiremontinfo\/#website\",\"url\":\"https:\/\/vosgesinfo.fr\/remiremontinfo\/\",\"name\":\"Remiremont Info\",\"description\":\"Toute l&#039;actualit\u00e9 de Remiremont\",\"publisher\":{\"@id\":\"https:\/\/vosgesinfo.fr\/remiremontinfo\/#organization\"},\"alternateName\":\"Toute l'actualit\u00e9 de Remiremont\",\"potentialAction\":[{\"@type\":\"SearchAction\",\"target\":{\"@type\":\"EntryPoint\",\"urlTemplate\":\"https:\/\/vosgesinfo.fr\/remiremontinfo\/?s={search_term_string}\"},\"query-input\":\"required name=search_term_string\"}],\"inLanguage\":\"fr-FR\"},{\"@type\":\"Organization\",\"@id\":\"https:\/\/vosgesinfo.fr\/remiremontinfo\/#organization\",\"name\":\"Remiremont Info\",\"url\":\"https:\/\/vosgesinfo.fr\/remiremontinfo\/\",\"logo\":{\"@type\":\"ImageObject\",\"inLanguage\":\"fr-FR\",\"@id\":\"https:\/\/vosgesinfo.fr\/remiremontinfo\/#\/schema\/logo\/image\/\",\"url\":\"https:\/\/vosgesinfo.fr\/app\/uploads\/sites\/5\/2023\/08\/favicon-remiremontinfo.png\",\"contentUrl\":\"https:\/\/vosgesinfo.fr\/app\/uploads\/sites\/5\/2023\/08\/favicon-remiremontinfo.png\",\"width\":512,\"height\":512,\"caption\":\"Remiremont Info\"},\"image\":{\"@id\":\"https:\/\/vosgesinfo.fr\/remiremontinfo\/#\/schema\/logo\/image\/\"},\"sameAs\":[\"https:\/\/www.facebook.com\/remiremontinfo\",\"https:\/\/x.com\/VosgesInfo88\",\"https:\/\/www.youtube.com\/@vosgesinfo\"]},{\"@type\":\"Person\",\"@id\":\"https:\/\/vosgesinfo.fr\/remiremontinfo\/#\/schema\/person\/fa73e9f726d67bb88f46d5b7943cb572\",\"name\":\"J.J.\",\"image\":{\"@type\":\"ImageObject\",\"inLanguage\":\"fr-FR\",\"@id\":\"https:\/\/vosgesinfo.fr\/remiremontinfo\/#\/schema\/person\/image\/\",\"url\":\"https:\/\/secure.gravatar.com\/avatar\/219e749e47ffbcca018a360ae4add7d4cdf1cdaaf8bc7676b27efade3fe65615?s=96&d=mm&r=g\",\"contentUrl\":\"https:\/\/secure.gravatar.com\/avatar\/219e749e47ffbcca018a360ae4add7d4cdf1cdaaf8bc7676b27efade3fe65615?s=96&d=mm&r=g\",\"caption\":\"J.J.\"},\"url\":\"https:\/\/vosgesinfo.fr\/remiremontinfo\/author\/j-j\/\"}]}<\/script>\n<!-- \/ Yoast SEO plugin. -->","yoast_head_json":{"title":"FIG \u2013 300 rendez-vous et des nouveaut\u00e9s au programme du 35e Festival International de G\u00e9ographie de Saint-Di\u00e9-des-Vosges - Remiremont Info","robots":{"index":"index","follow":"follow","max-snippet":"max-snippet:-1","max-image-preview":"max-image-preview:large","max-video-preview":"max-video-preview:-1"},"canonical":"https:\/\/vosgesinfo.fr\/remiremontinfo\/2024\/09\/fig-300-rendez-vous-et-des-nouveautes-au-programme-du-35e-festival-international-de-geographie-de-saint-die-des-vosges\/","twitter_card":"summary_large_image","twitter_title":"FIG \u2013 300 rendez-vous et des nouveaut\u00e9s au programme du 35e Festival International de G\u00e9ographie de Saint-Di\u00e9-des-Vosges - Remiremont Info","twitter_description":"Le Festival International de G\u00e9ographie de Saint-Di\u00e9-des-Vosges fera sa 35e \u00e9dition les vendredi 4, samedi 5 et dimanche 6 octobre [&hellip;]","twitter_image":"https:\/\/vosgesinfo.fr\/app\/uploads\/sites\/5\/2024\/09\/conference-presse-35e-fig-1-scaled-1.jpg","twitter_creator":"@VosgesInfo88","twitter_site":"@VosgesInfo88","twitter_misc":{"\u00c9crit par":"J.J.","Dur\u00e9e de lecture estim\u00e9e":"4 minutes"},"schema":{"@context":"https:\/\/schema.org","@graph":[{"@type":"Article","@id":"https:\/\/vosgesinfo.fr\/remiremontinfo\/2024\/09\/fig-300-rendez-vous-et-des-nouveautes-au-programme-du-35e-festival-international-de-geographie-de-saint-die-des-vosges\/#article","isPartOf":{"@id":"https:\/\/vosgesinfo.fr\/remiremontinfo\/2024\/09\/fig-300-rendez-vous-et-des-nouveautes-au-programme-du-35e-festival-international-de-geographie-de-saint-die-des-vosges\/"},"author":{"name":"J.J.","@id":"https:\/\/vosgesinfo.fr\/remiremontinfo\/#\/schema\/person\/fa73e9f726d67bb88f46d5b7943cb572"},"headline":"FIG \u2013 300 rendez-vous et des nouveaut\u00e9s au programme du 35e Festival International de G\u00e9ographie de Saint-Di\u00e9-des-Vosges","datePublished":"2024-09-20T16:18:15+00:00","dateModified":"2024-09-20T16:18:15+00:00","mainEntityOfPage":{"@id":"https:\/\/vosgesinfo.fr\/remiremontinfo\/2024\/09\/fig-300-rendez-vous-et-des-nouveautes-au-programme-du-35e-festival-international-de-geographie-de-saint-die-des-vosges\/"},"wordCount":821,"commentCount":0,"publisher":{"@id":"https:\/\/vosgesinfo.fr\/remiremontinfo\/#organization"},"image":{"@id":"https:\/\/vosgesinfo.fr\/remiremontinfo\/2024\/09\/fig-300-rendez-vous-et-des-nouveautes-au-programme-du-35e-festival-international-de-geographie-de-saint-die-des-vosges\/#primaryimage"},"thumbnailUrl":"https:\/\/vosgesinfo.fr\/app\/uploads\/sites\/5\/2024\/09\/conference-presse-35e-fig-1-scaled-1.jpg","keywords":["35e Festival International de G\u00e9ographie de Saint-Di\u00e9-des-Vosges","alpes","Festival International de G\u00e9ographie de Saint-Di\u00e9-des-Vosges","Terres"],"articleSection":["A la Une","Culture","Epinal","G\u00e9rardmer","La plaine des vosges","Publi-reportage","Remiremont","Saint-Di\u00e9-des-Vosges","Vosges"],"inLanguage":"fr-FR","potentialAction":[{"@type":"CommentAction","name":"Comment","target":["https:\/\/vosgesinfo.fr\/remiremontinfo\/2024\/09\/fig-300-rendez-vous-et-des-nouveautes-au-programme-du-35e-festival-international-de-geographie-de-saint-die-des-vosges\/#respond"]}]},{"@type":"WebPage","@id":"https:\/\/vosgesinfo.fr\/remiremontinfo\/2024\/09\/fig-300-rendez-vous-et-des-nouveautes-au-programme-du-35e-festival-international-de-geographie-de-saint-die-des-vosges\/","url":"https:\/\/vosgesinfo.fr\/remiremontinfo\/2024\/09\/fig-300-rendez-vous-et-des-nouveautes-au-programme-du-35e-festival-international-de-geographie-de-saint-die-des-vosges\/","name":"FIG \u2013 300 rendez-vous et des nouveaut\u00e9s au programme du 35e Festival International de G\u00e9ographie de Saint-Di\u00e9-des-Vosges - Remiremont Info","isPartOf":{"@id":"https:\/\/vosgesinfo.fr\/remiremontinfo\/#website"},"primaryImageOfPage":{"@id":"https:\/\/vosgesinfo.fr\/remiremontinfo\/2024\/09\/fig-300-rendez-vous-et-des-nouveautes-au-programme-du-35e-festival-international-de-geographie-de-saint-die-des-vosges\/#primaryimage"},"image":{"@id":"https:\/\/vosgesinfo.fr\/remiremontinfo\/2024\/09\/fig-300-rendez-vous-et-des-nouveautes-au-programme-du-35e-festival-international-de-geographie-de-saint-die-des-vosges\/#primaryimage"},"thumbnailUrl":"https:\/\/vosgesinfo.fr\/app\/uploads\/sites\/5\/2024\/09\/conference-presse-35e-fig-1-scaled-1.jpg","datePublished":"2024-09-20T16:18:15+00:00","dateModified":"2024-09-20T16:18:15+00:00","breadcrumb":{"@id":"https:\/\/vosgesinfo.fr\/remiremontinfo\/2024\/09\/fig-300-rendez-vous-et-des-nouveautes-au-programme-du-35e-festival-international-de-geographie-de-saint-die-des-vosges\/#breadcrumb"},"inLanguage":"fr-FR","potentialAction":[{"@type":"ReadAction","target":["https:\/\/vosgesinfo.fr\/remiremontinfo\/2024\/09\/fig-300-rendez-vous-et-des-nouveautes-au-programme-du-35e-festival-international-de-geographie-de-saint-die-des-vosges\/"]}]},{"@type":"ImageObject","inLanguage":"fr-FR","@id":"https:\/\/vosgesinfo.fr\/remiremontinfo\/2024\/09\/fig-300-rendez-vous-et-des-nouveautes-au-programme-du-35e-festival-international-de-geographie-de-saint-die-des-vosges\/#primaryimage","url":"https:\/\/vosgesinfo.fr\/app\/uploads\/sites\/5\/2024\/09\/conference-presse-35e-fig-1-scaled-1.jpg","contentUrl":"https:\/\/vosgesinfo.fr\/app\/uploads\/sites\/5\/2024\/09\/conference-presse-35e-fig-1-scaled-1.jpg","width":2560,"height":1928},{"@type":"BreadcrumbList","@id":"https:\/\/vosgesinfo.fr\/remiremontinfo\/2024\/09\/fig-300-rendez-vous-et-des-nouveautes-au-programme-du-35e-festival-international-de-geographie-de-saint-die-des-vosges\/#breadcrumb","itemListElement":[{"@type":"ListItem","position":1,"name":"Home","item":"https:\/\/vosgesinfo.fr\/remiremontinfo\/"},{"@type":"ListItem","position":2,"name":"FIG \u2013 300 rendez-vous et des nouveaut\u00e9s au programme du 35e Festival International de G\u00e9ographie de Saint-Di\u00e9-des-Vosges"}]},{"@type":"WebSite","@id":"https:\/\/vosgesinfo.fr\/remiremontinfo\/#website","url":"https:\/\/vosgesinfo.fr\/remiremontinfo\/","name":"Remiremont Info","description":"Toute l&#039;actualit\u00e9 de Remiremont","publisher":{"@id":"https:\/\/vosgesinfo.fr\/remiremontinfo\/#organization"},"alternateName":"Toute l'actualit\u00e9 de Remiremont","potentialAction":[{"@type":"SearchAction","target":{"@type":"EntryPoint","urlTemplate":"https:\/\/vosgesinfo.fr\/remiremontinfo\/?s={search_term_string}"},"query-input":"required name=search_term_string"}],"inLanguage":"fr-FR"},{"@type":"Organization","@id":"https:\/\/vosgesinfo.fr\/remiremontinfo\/#organization","name":"Remiremont Info","url":"https:\/\/vosgesinfo.fr\/remiremontinfo\/","logo":{"@type":"ImageObject","inLanguage":"fr-FR","@id":"https:\/\/vosgesinfo.fr\/remiremontinfo\/#\/schema\/logo\/image\/","url":"https:\/\/vosgesinfo.fr\/app\/uploads\/sites\/5\/2023\/08\/favicon-remiremontinfo.png","contentUrl":"https:\/\/vosgesinfo.fr\/app\/uploads\/sites\/5\/2023\/08\/favicon-remiremontinfo.png","width":512,"height":512,"caption":"Remiremont Info"},"image":{"@id":"https:\/\/vosgesinfo.fr\/remiremontinfo\/#\/schema\/logo\/image\/"},"sameAs":["https:\/\/www.facebook.com\/remiremontinfo","https:\/\/x.com\/VosgesInfo88","https:\/\/www.youtube.com\/@vosgesinfo"]},{"@type":"Person","@id":"https:\/\/vosgesinfo.fr\/remiremontinfo\/#\/schema\/person\/fa73e9f726d67bb88f46d5b7943cb572","name":"J.J.","image":{"@type":"ImageObject","inLanguage":"fr-FR","@id":"https:\/\/vosgesinfo.fr\/remiremontinfo\/#\/schema\/person\/image\/","url":"https:\/\/secure.gravatar.com\/avatar\/219e749e47ffbcca018a360ae4add7d4cdf1cdaaf8bc7676b27efade3fe65615?s=96&d=mm&r=g","contentUrl":"https:\/\/secure.gravatar.com\/avatar\/219e749e47ffbcca018a360ae4add7d4cdf1cdaaf8bc7676b27efade3fe65615?s=96&d=mm&r=g","caption":"J.J."},"url":"https:\/\/vosgesinfo.fr\/remiremontinfo\/author\/j-j\/"}]}},"_links":{"self":[{"href":"https:\/\/vosgesinfo.fr\/remiremontinfo\/wp-json\/wp\/v2\/posts\/73623","targetHints":{"allow":["GET"]}}],"collection":[{"href":"https:\/\/vosgesinfo.fr\/remiremontinfo\/wp-json\/wp\/v2\/posts"}],"about":[{"href":"https:\/\/vosgesinfo.fr\/remiremontinfo\/wp-json\/wp\/v2\/types\/post"}],"author":[{"embeddable":true,"href":"https:\/\/vosgesinfo.fr\/remiremontinfo\/wp-json\/wp\/v2\/users\/46"}],"replies":[{"embeddable":true,"href":"https:\/\/vosgesinfo.fr\/remiremontinfo\/wp-json\/wp\/v2\/comments?post=73623"}],"version-history":[{"count":0,"href":"https:\/\/vosgesinfo.fr\/remiremontinfo\/wp-json\/wp\/v2\/posts\/73623\/revisions"}],"wp:featuredmedia":[{"embeddable":true,"href":"https:\/\/vosgesinfo.fr\/remiremontinfo\/wp-json\/wp\/v2\/media\/73624"}],"wp:attachment":[{"href":"https:\/\/vosgesinfo.fr\/remiremontinfo\/wp-json\/wp\/v2\/media?parent=73623"}],"wp:term":[{"taxonomy":"category","embeddable":true,"href":"https:\/\/vosgesinfo.fr\/remiremontinfo\/wp-json\/wp\/v2\/categories?post=73623"},{"taxonomy":"post_tag","embeddable":true,"href":"https:\/\/vosgesinfo.fr\/remiremontinfo\/wp-json\/wp\/v2\/tags?post=73623"}],"curies":[{"name":"wp","href":"https:\/\/api.w.org\/{rel}","templated":true}]}}