{"id":73625,"date":"2024-09-20T19:47:00","date_gmt":"2024-09-20T17:47:00","guid":{"rendered":"https:\/\/vosgesinfo.fr\/remiremontinfo\/2024\/09\/portes-ouvertes-a-vosgelis-le-mardi-1er-octobre-2024\/"},"modified":"2024-09-20T19:47:00","modified_gmt":"2024-09-20T17:47:00","slug":"portes-ouvertes-a-vosgelis-le-mardi-1er-octobre-2024","status":"publish","type":"post","link":"https:\/\/vosgesinfo.fr\/remiremontinfo\/2024\/09\/portes-ouvertes-a-vosgelis-le-mardi-1er-octobre-2024\/","title":{"rendered":"Portes Ouvertes \u00e0 Vosgelis le mardi 1er octobre 2024"},"content":{"rendered":"<h2><strong><a href=\"https:\/\/vosgesinfo.fr\/app\/uploads\/sites\/3\/2024\/09\/thumbnail-photo-premium-1.jpg\"><img decoding=\"async\" class=\"aligncenter wp-image-121975 size-full\" src=\"https:\/\/vosgesinfo.fr\/app\/uploads\/sites\/3\/2024\/09\/thumbnail-photo-premium-1.jpg\" alt=\"\" width=\"1920\" height=\"1080\" \/><\/a>Dans le cadre de la \u00ab Semaine bleue \u00bb, Vosgelis ouvrira au public les portes de 10 sites d\u00e9di\u00e9s au maintien \u00e0 domicile des s\u00e9niors. Il s\u2019agit de 7 \u00ab habitats inclusifs \u00bb et 3 appartements p\u00e9dagogiques.<\/strong><\/h2>\n<p><strong>\u00a0<\/strong><\/p>\n<p>Les <strong>habitats inclusifs <\/strong>sont des r\u00e9sidences dans lesquelles les logements sont adapt\u00e9s aux s\u00e9niors et\/ou aux publics en situation de handicap. Des structures sp\u00e9cialis\u00e9es telles que Adavie, ADMR ou Adapei88, assurent une pr\u00e9sence dans un local mis \u00e0 disposition par Vosgelis.<\/p>\n<p>Leurs animatrices, dynamiques et d\u00e9vou\u00e9es, proposent ainsi un accompagnement personnalis\u00e9 et des animations pour les locataires b\u00e9n\u00e9ficiant du service.<strong>Ce dispositif permet aux s\u00e9niors de rester plus longtemps chez eux, aux personnes handicap\u00e9es de pr\u00e9server leur autonomie<\/strong>, et \u00e0 tous de retrouver du lien social gr\u00e2ce aux nombreuses activit\u00e9s collectives.<\/p>\n<p><strong> <a href=\"https:\/\/vosgesinfo.fr\/app\/uploads\/sites\/3\/2024\/09\/thumbnail-ap.jpg\"><img decoding=\"async\" class=\"aligncenter size-medium wp-image-121976\" src=\"https:\/\/vosgesinfo.fr\/app\/uploads\/sites\/3\/2024\/09\/thumbnail-ap-300x210.jpg\" alt=\"\" width=\"300\" height=\"210\" \/><\/a><\/strong><\/p>\n<p><strong><em>Animation dans l\u2019habitat inclusif du Quai Barbier \u00e0 \u00c9pinal<\/em><\/strong><\/p>\n<p>Les <strong>appartements p\u00e9dagogiques <\/strong>de Vosgelis sont de v\u00e9ritables vitrines des solutions existantes pour le maintien \u00e0 domicile. De l\u2019enfile-chaussette au monte-escalier, leur visite permet de d\u00e9couvrir de nombreux \u00e9quipements qui facilitent le quotidien. Ils ont \u00e9galement vocation \u00e0 apprendre les \u00e9co-gestes.<\/p>\n<p>&nbsp;<\/p>\n<p><strong><em>Salle de bains de l\u2019appartement p\u00e9dagogique de Golbey<\/em><\/strong><\/p>\n<p>Le mardi 1er octobre, ces diff\u00e9rents lieux ouvriront au public : on vous y proposera des visites guid\u00e9es, animations, jeux, expositions, tombolas\u2026 avec des cadeaux \u00e0 gagner !On vous attend avec impatience !<\/p>\n<p>&nbsp;<\/p>\n<p><strong>Appartements p\u00e9dagogiques : portes ouvertes de 14h00 \u00e0 17h00<\/strong><\/p>\n<p>\udbc0\udc00GOLBEY, 1 rue de la Convivialit\u00e9<\/p>\n<p>\udbc0\udc00VITTEL, 96 all\u00e9e de la Corn\u00e9e<\/p>\n<p>\udbc0\udc00SAINT-DI\u00c9-DES-VOSGES, 15 rue Jean Jaur\u00e8s<\/p>\n<p>&nbsp;<\/p>\n<p><strong>Habitats inclusifs : portes ouvertes de 10h00 \u00e0 17h00, sauf Golbey (14h00 \u00e0 17h00)<\/strong><\/p>\n<p>\udbc0\udc00\u00c9PINAL, 16 Quai Barbier<\/p>\n<p>\udbc0\udc00\u00c9PINAL, 14 rue Fran\u00e7ais (avec \u00c9pinal Habitat)<\/p>\n<p>\udbc0\udc00THAON-LES- VOSGES, All\u00e9e de la Bruy\u00e8re<\/p>\n<p>\udbc0\udc00GOLBEY, 15 rue de l\u2019\u00c9pargne<\/p>\n<p>\udbc0\udc00NEUFCHATEAU, 22 place Jeanne d\u2019Arc<\/p>\n<p>\udbc0\udc00VAGNEY, 134 rue Xavier Thiriat<\/p>\n<p>\udbc0\udc00CORCIEUX, 1 rue du Dr Poirot<\/p>\n<p>&nbsp;<\/p>\n<p><strong>Pour tous renseignements\u00a0: <\/strong><\/p>\n<p><strong>Si\u00e8ge Vosgelis\u00a0Epinal :<\/strong><\/p>\n<p><a href=\"https:\/\/www.vosgelis.fr\/\"><strong>https:\/\/www.vosgelis.fr\/<\/strong><\/a><\/p>\n<p><strong>T\u00e9l.\u00a0: 03.29.82.68.50<\/strong><\/p>\n<p><a href=\"https:\/\/vosgesinfo.fr\/app\/uploads\/sites\/3\/2024\/09\/banniere-carree.png\"><img decoding=\"async\" class=\"aligncenter size-medium wp-image-121977\" src=\"https:\/\/vosgesinfo.fr\/app\/uploads\/sites\/3\/2024\/09\/banniere-carree-300x300.png\" alt=\"\" width=\"300\" height=\"300\" \/><\/a><\/p>\n","protected":false},"excerpt":{"rendered":"<p>Dans le cadre de la \u00ab Semaine bleue \u00bb, Vosgelis ouvrira au public les portes de 10 sites d\u00e9di\u00e9s au [&hellip;]<\/p>\n","protected":false},"author":52,"featured_media":73626,"comment_status":"open","ping_status":"open","sticky":false,"template":"","format":"standard","meta":{"footnotes":""},"categories":[26,108,62,845,11,43,362],"tags":[],"class_list":["post-73625","post","type-post","status-publish","format-standard","has-post-thumbnail","hentry","category-a-la-une","category-epinal","category-gerardmer","category-la-plaine-des-vosges","category-publi-reportage","category-remiremont-remiremont-son-canton","category-saint-die"],"acf":[],"yoast_head":"<!-- This site is optimized with the Yoast SEO plugin v22.5 - https:\/\/yoast.com\/wordpress\/plugins\/seo\/ -->\n<title>Portes Ouvertes \u00e0 Vosgelis le mardi 1er octobre 2024 - Remiremont Info<\/title>\n<meta name=\"robots\" content=\"index, follow, max-snippet:-1, max-image-preview:large, max-video-preview:-1\" \/>\n<link rel=\"canonical\" href=\"https:\/\/vosgesinfo.fr\/remiremontinfo\/2024\/09\/portes-ouvertes-a-vosgelis-le-mardi-1er-octobre-2024\/\" \/>\n<meta name=\"twitter:card\" content=\"summary_large_image\" \/>\n<meta name=\"twitter:title\" content=\"Portes Ouvertes \u00e0 Vosgelis le mardi 1er octobre 2024 - Remiremont Info\" \/>\n<meta name=\"twitter:description\" content=\"Dans le cadre de la \u00ab Semaine bleue \u00bb, Vosgelis ouvrira au public les portes de 10 sites d\u00e9di\u00e9s au [&hellip;]\" \/>\n<meta name=\"twitter:image\" content=\"https:\/\/vosgesinfo.fr\/app\/uploads\/sites\/5\/2024\/09\/thumbnail-photo-premium-1.jpg\" \/>\n<meta name=\"twitter:creator\" content=\"@VosgesInfo88\" \/>\n<meta name=\"twitter:site\" content=\"@VosgesInfo88\" \/>\n<meta name=\"twitter:label1\" content=\"\u00c9crit par\" \/>\n\t<meta name=\"twitter:data1\" content=\"C.K.\" \/>\n\t<meta name=\"twitter:label2\" content=\"Dur\u00e9e de lecture estim\u00e9e\" \/>\n\t<meta name=\"twitter:data2\" content=\"2 minutes\" \/>\n<script type=\"application\/ld+json\" class=\"yoast-schema-graph\">{\"@context\":\"https:\/\/schema.org\",\"@graph\":[{\"@type\":\"Article\",\"@id\":\"https:\/\/vosgesinfo.fr\/remiremontinfo\/2024\/09\/portes-ouvertes-a-vosgelis-le-mardi-1er-octobre-2024\/#article\",\"isPartOf\":{\"@id\":\"https:\/\/vosgesinfo.fr\/remiremontinfo\/2024\/09\/portes-ouvertes-a-vosgelis-le-mardi-1er-octobre-2024\/\"},\"author\":{\"name\":\"C.K.\",\"@id\":\"https:\/\/vosgesinfo.fr\/remiremontinfo\/#\/schema\/person\/6f9a650eeea99d969b6c4ab78fccbe81\"},\"headline\":\"Portes Ouvertes \u00e0 Vosgelis le mardi 1er octobre 2024\",\"datePublished\":\"2024-09-20T17:47:00+00:00\",\"dateModified\":\"2024-09-20T17:47:00+00:00\",\"mainEntityOfPage\":{\"@id\":\"https:\/\/vosgesinfo.fr\/remiremontinfo\/2024\/09\/portes-ouvertes-a-vosgelis-le-mardi-1er-octobre-2024\/\"},\"wordCount\":331,\"commentCount\":0,\"publisher\":{\"@id\":\"https:\/\/vosgesinfo.fr\/remiremontinfo\/#organization\"},\"image\":{\"@id\":\"https:\/\/vosgesinfo.fr\/remiremontinfo\/2024\/09\/portes-ouvertes-a-vosgelis-le-mardi-1er-octobre-2024\/#primaryimage\"},\"thumbnailUrl\":\"https:\/\/vosgesinfo.fr\/app\/uploads\/sites\/5\/2024\/09\/thumbnail-photo-premium-1.jpg\",\"articleSection\":[\"A la Une\",\"Epinal\",\"G\u00e9rardmer\",\"La plaine des vosges\",\"Publi-reportage\",\"Remiremont\",\"Saint-di\u00e9\"],\"inLanguage\":\"fr-FR\",\"potentialAction\":[{\"@type\":\"CommentAction\",\"name\":\"Comment\",\"target\":[\"https:\/\/vosgesinfo.fr\/remiremontinfo\/2024\/09\/portes-ouvertes-a-vosgelis-le-mardi-1er-octobre-2024\/#respond\"]}]},{\"@type\":\"WebPage\",\"@id\":\"https:\/\/vosgesinfo.fr\/remiremontinfo\/2024\/09\/portes-ouvertes-a-vosgelis-le-mardi-1er-octobre-2024\/\",\"url\":\"https:\/\/vosgesinfo.fr\/remiremontinfo\/2024\/09\/portes-ouvertes-a-vosgelis-le-mardi-1er-octobre-2024\/\",\"name\":\"Portes Ouvertes \u00e0 Vosgelis le mardi 1er octobre 2024 - Remiremont Info\",\"isPartOf\":{\"@id\":\"https:\/\/vosgesinfo.fr\/remiremontinfo\/#website\"},\"primaryImageOfPage\":{\"@id\":\"https:\/\/vosgesinfo.fr\/remiremontinfo\/2024\/09\/portes-ouvertes-a-vosgelis-le-mardi-1er-octobre-2024\/#primaryimage\"},\"image\":{\"@id\":\"https:\/\/vosgesinfo.fr\/remiremontinfo\/2024\/09\/portes-ouvertes-a-vosgelis-le-mardi-1er-octobre-2024\/#primaryimage\"},\"thumbnailUrl\":\"https:\/\/vosgesinfo.fr\/app\/uploads\/sites\/5\/2024\/09\/thumbnail-photo-premium-1.jpg\",\"datePublished\":\"2024-09-20T17:47:00+00:00\",\"dateModified\":\"2024-09-20T17:47:00+00:00\",\"breadcrumb\":{\"@id\":\"https:\/\/vosgesinfo.fr\/remiremontinfo\/2024\/09\/portes-ouvertes-a-vosgelis-le-mardi-1er-octobre-2024\/#breadcrumb\"},\"inLanguage\":\"fr-FR\",\"potentialAction\":[{\"@type\":\"ReadAction\",\"target\":[\"https:\/\/vosgesinfo.fr\/remiremontinfo\/2024\/09\/portes-ouvertes-a-vosgelis-le-mardi-1er-octobre-2024\/\"]}]},{\"@type\":\"ImageObject\",\"inLanguage\":\"fr-FR\",\"@id\":\"https:\/\/vosgesinfo.fr\/remiremontinfo\/2024\/09\/portes-ouvertes-a-vosgelis-le-mardi-1er-octobre-2024\/#primaryimage\",\"url\":\"https:\/\/vosgesinfo.fr\/app\/uploads\/sites\/5\/2024\/09\/thumbnail-photo-premium-1.jpg\",\"contentUrl\":\"https:\/\/vosgesinfo.fr\/app\/uploads\/sites\/5\/2024\/09\/thumbnail-photo-premium-1.jpg\",\"width\":1920,\"height\":1080},{\"@type\":\"BreadcrumbList\",\"@id\":\"https:\/\/vosgesinfo.fr\/remiremontinfo\/2024\/09\/portes-ouvertes-a-vosgelis-le-mardi-1er-octobre-2024\/#breadcrumb\",\"itemListElement\":[{\"@type\":\"ListItem\",\"position\":1,\"name\":\"Home\",\"item\":\"https:\/\/vosgesinfo.fr\/remiremontinfo\/\"},{\"@type\":\"ListItem\",\"position\":2,\"name\":\"Portes Ouvertes \u00e0 Vosgelis le mardi 1er octobre 2024\"}]},{\"@type\":\"WebSite\",\"@id\":\"https:\/\/vosgesinfo.fr\/remiremontinfo\/#website\",\"url\":\"https:\/\/vosgesinfo.fr\/remiremontinfo\/\",\"name\":\"Remiremont Info\",\"description\":\"Toute l&#039;actualit\u00e9 de Remiremont\",\"publisher\":{\"@id\":\"https:\/\/vosgesinfo.fr\/remiremontinfo\/#organization\"},\"alternateName\":\"Toute l'actualit\u00e9 de Remiremont\",\"potentialAction\":[{\"@type\":\"SearchAction\",\"target\":{\"@type\":\"EntryPoint\",\"urlTemplate\":\"https:\/\/vosgesinfo.fr\/remiremontinfo\/?s={search_term_string}\"},\"query-input\":\"required name=search_term_string\"}],\"inLanguage\":\"fr-FR\"},{\"@type\":\"Organization\",\"@id\":\"https:\/\/vosgesinfo.fr\/remiremontinfo\/#organization\",\"name\":\"Remiremont Info\",\"url\":\"https:\/\/vosgesinfo.fr\/remiremontinfo\/\",\"logo\":{\"@type\":\"ImageObject\",\"inLanguage\":\"fr-FR\",\"@id\":\"https:\/\/vosgesinfo.fr\/remiremontinfo\/#\/schema\/logo\/image\/\",\"url\":\"https:\/\/vosgesinfo.fr\/app\/uploads\/sites\/5\/2023\/08\/favicon-remiremontinfo.png\",\"contentUrl\":\"https:\/\/vosgesinfo.fr\/app\/uploads\/sites\/5\/2023\/08\/favicon-remiremontinfo.png\",\"width\":512,\"height\":512,\"caption\":\"Remiremont Info\"},\"image\":{\"@id\":\"https:\/\/vosgesinfo.fr\/remiremontinfo\/#\/schema\/logo\/image\/\"},\"sameAs\":[\"https:\/\/www.facebook.com\/remiremontinfo\",\"https:\/\/x.com\/VosgesInfo88\",\"https:\/\/www.youtube.com\/@vosgesinfo\"]},{\"@type\":\"Person\",\"@id\":\"https:\/\/vosgesinfo.fr\/remiremontinfo\/#\/schema\/person\/6f9a650eeea99d969b6c4ab78fccbe81\",\"name\":\"C.K.\",\"image\":{\"@type\":\"ImageObject\",\"inLanguage\":\"fr-FR\",\"@id\":\"https:\/\/vosgesinfo.fr\/remiremontinfo\/#\/schema\/person\/image\/\",\"url\":\"https:\/\/secure.gravatar.com\/avatar\/48e3fc7f8421ba8942be6b74a2b7f014ca39bc00dece156b7a8e098ae7dc87bf?s=96&d=mm&r=g\",\"contentUrl\":\"https:\/\/secure.gravatar.com\/avatar\/48e3fc7f8421ba8942be6b74a2b7f014ca39bc00dece156b7a8e098ae7dc87bf?s=96&d=mm&r=g\",\"caption\":\"C.K.\"},\"url\":\"https:\/\/vosgesinfo.fr\/remiremontinfo\/author\/celia-k-n\/\"}]}<\/script>\n<!-- \/ Yoast SEO plugin. -->","yoast_head_json":{"title":"Portes Ouvertes \u00e0 Vosgelis le mardi 1er octobre 2024 - Remiremont Info","robots":{"index":"index","follow":"follow","max-snippet":"max-snippet:-1","max-image-preview":"max-image-preview:large","max-video-preview":"max-video-preview:-1"},"canonical":"https:\/\/vosgesinfo.fr\/remiremontinfo\/2024\/09\/portes-ouvertes-a-vosgelis-le-mardi-1er-octobre-2024\/","twitter_card":"summary_large_image","twitter_title":"Portes Ouvertes \u00e0 Vosgelis le mardi 1er octobre 2024 - Remiremont Info","twitter_description":"Dans le cadre de la \u00ab Semaine bleue \u00bb, Vosgelis ouvrira au public les portes de 10 sites d\u00e9di\u00e9s au [&hellip;]","twitter_image":"https:\/\/vosgesinfo.fr\/app\/uploads\/sites\/5\/2024\/09\/thumbnail-photo-premium-1.jpg","twitter_creator":"@VosgesInfo88","twitter_site":"@VosgesInfo88","twitter_misc":{"\u00c9crit par":"C.K.","Dur\u00e9e de lecture estim\u00e9e":"2 minutes"},"schema":{"@context":"https:\/\/schema.org","@graph":[{"@type":"Article","@id":"https:\/\/vosgesinfo.fr\/remiremontinfo\/2024\/09\/portes-ouvertes-a-vosgelis-le-mardi-1er-octobre-2024\/#article","isPartOf":{"@id":"https:\/\/vosgesinfo.fr\/remiremontinfo\/2024\/09\/portes-ouvertes-a-vosgelis-le-mardi-1er-octobre-2024\/"},"author":{"name":"C.K.","@id":"https:\/\/vosgesinfo.fr\/remiremontinfo\/#\/schema\/person\/6f9a650eeea99d969b6c4ab78fccbe81"},"headline":"Portes Ouvertes \u00e0 Vosgelis le mardi 1er octobre 2024","datePublished":"2024-09-20T17:47:00+00:00","dateModified":"2024-09-20T17:47:00+00:00","mainEntityOfPage":{"@id":"https:\/\/vosgesinfo.fr\/remiremontinfo\/2024\/09\/portes-ouvertes-a-vosgelis-le-mardi-1er-octobre-2024\/"},"wordCount":331,"commentCount":0,"publisher":{"@id":"https:\/\/vosgesinfo.fr\/remiremontinfo\/#organization"},"image":{"@id":"https:\/\/vosgesinfo.fr\/remiremontinfo\/2024\/09\/portes-ouvertes-a-vosgelis-le-mardi-1er-octobre-2024\/#primaryimage"},"thumbnailUrl":"https:\/\/vosgesinfo.fr\/app\/uploads\/sites\/5\/2024\/09\/thumbnail-photo-premium-1.jpg","articleSection":["A la Une","Epinal","G\u00e9rardmer","La plaine des vosges","Publi-reportage","Remiremont","Saint-di\u00e9"],"inLanguage":"fr-FR","potentialAction":[{"@type":"CommentAction","name":"Comment","target":["https:\/\/vosgesinfo.fr\/remiremontinfo\/2024\/09\/portes-ouvertes-a-vosgelis-le-mardi-1er-octobre-2024\/#respond"]}]},{"@type":"WebPage","@id":"https:\/\/vosgesinfo.fr\/remiremontinfo\/2024\/09\/portes-ouvertes-a-vosgelis-le-mardi-1er-octobre-2024\/","url":"https:\/\/vosgesinfo.fr\/remiremontinfo\/2024\/09\/portes-ouvertes-a-vosgelis-le-mardi-1er-octobre-2024\/","name":"Portes Ouvertes \u00e0 Vosgelis le mardi 1er octobre 2024 - Remiremont Info","isPartOf":{"@id":"https:\/\/vosgesinfo.fr\/remiremontinfo\/#website"},"primaryImageOfPage":{"@id":"https:\/\/vosgesinfo.fr\/remiremontinfo\/2024\/09\/portes-ouvertes-a-vosgelis-le-mardi-1er-octobre-2024\/#primaryimage"},"image":{"@id":"https:\/\/vosgesinfo.fr\/remiremontinfo\/2024\/09\/portes-ouvertes-a-vosgelis-le-mardi-1er-octobre-2024\/#primaryimage"},"thumbnailUrl":"https:\/\/vosgesinfo.fr\/app\/uploads\/sites\/5\/2024\/09\/thumbnail-photo-premium-1.jpg","datePublished":"2024-09-20T17:47:00+00:00","dateModified":"2024-09-20T17:47:00+00:00","breadcrumb":{"@id":"https:\/\/vosgesinfo.fr\/remiremontinfo\/2024\/09\/portes-ouvertes-a-vosgelis-le-mardi-1er-octobre-2024\/#breadcrumb"},"inLanguage":"fr-FR","potentialAction":[{"@type":"ReadAction","target":["https:\/\/vosgesinfo.fr\/remiremontinfo\/2024\/09\/portes-ouvertes-a-vosgelis-le-mardi-1er-octobre-2024\/"]}]},{"@type":"ImageObject","inLanguage":"fr-FR","@id":"https:\/\/vosgesinfo.fr\/remiremontinfo\/2024\/09\/portes-ouvertes-a-vosgelis-le-mardi-1er-octobre-2024\/#primaryimage","url":"https:\/\/vosgesinfo.fr\/app\/uploads\/sites\/5\/2024\/09\/thumbnail-photo-premium-1.jpg","contentUrl":"https:\/\/vosgesinfo.fr\/app\/uploads\/sites\/5\/2024\/09\/thumbnail-photo-premium-1.jpg","width":1920,"height":1080},{"@type":"BreadcrumbList","@id":"https:\/\/vosgesinfo.fr\/remiremontinfo\/2024\/09\/portes-ouvertes-a-vosgelis-le-mardi-1er-octobre-2024\/#breadcrumb","itemListElement":[{"@type":"ListItem","position":1,"name":"Home","item":"https:\/\/vosgesinfo.fr\/remiremontinfo\/"},{"@type":"ListItem","position":2,"name":"Portes Ouvertes \u00e0 Vosgelis le mardi 1er octobre 2024"}]},{"@type":"WebSite","@id":"https:\/\/vosgesinfo.fr\/remiremontinfo\/#website","url":"https:\/\/vosgesinfo.fr\/remiremontinfo\/","name":"Remiremont Info","description":"Toute l&#039;actualit\u00e9 de Remiremont","publisher":{"@id":"https:\/\/vosgesinfo.fr\/remiremontinfo\/#organization"},"alternateName":"Toute l'actualit\u00e9 de Remiremont","potentialAction":[{"@type":"SearchAction","target":{"@type":"EntryPoint","urlTemplate":"https:\/\/vosgesinfo.fr\/remiremontinfo\/?s={search_term_string}"},"query-input":"required name=search_term_string"}],"inLanguage":"fr-FR"},{"@type":"Organization","@id":"https:\/\/vosgesinfo.fr\/remiremontinfo\/#organization","name":"Remiremont Info","url":"https:\/\/vosgesinfo.fr\/remiremontinfo\/","logo":{"@type":"ImageObject","inLanguage":"fr-FR","@id":"https:\/\/vosgesinfo.fr\/remiremontinfo\/#\/schema\/logo\/image\/","url":"https:\/\/vosgesinfo.fr\/app\/uploads\/sites\/5\/2023\/08\/favicon-remiremontinfo.png","contentUrl":"https:\/\/vosgesinfo.fr\/app\/uploads\/sites\/5\/2023\/08\/favicon-remiremontinfo.png","width":512,"height":512,"caption":"Remiremont Info"},"image":{"@id":"https:\/\/vosgesinfo.fr\/remiremontinfo\/#\/schema\/logo\/image\/"},"sameAs":["https:\/\/www.facebook.com\/remiremontinfo","https:\/\/x.com\/VosgesInfo88","https:\/\/www.youtube.com\/@vosgesinfo"]},{"@type":"Person","@id":"https:\/\/vosgesinfo.fr\/remiremontinfo\/#\/schema\/person\/6f9a650eeea99d969b6c4ab78fccbe81","name":"C.K.","image":{"@type":"ImageObject","inLanguage":"fr-FR","@id":"https:\/\/vosgesinfo.fr\/remiremontinfo\/#\/schema\/person\/image\/","url":"https:\/\/secure.gravatar.com\/avatar\/48e3fc7f8421ba8942be6b74a2b7f014ca39bc00dece156b7a8e098ae7dc87bf?s=96&d=mm&r=g","contentUrl":"https:\/\/secure.gravatar.com\/avatar\/48e3fc7f8421ba8942be6b74a2b7f014ca39bc00dece156b7a8e098ae7dc87bf?s=96&d=mm&r=g","caption":"C.K."},"url":"https:\/\/vosgesinfo.fr\/remiremontinfo\/author\/celia-k-n\/"}]}},"_links":{"self":[{"href":"https:\/\/vosgesinfo.fr\/remiremontinfo\/wp-json\/wp\/v2\/posts\/73625","targetHints":{"allow":["GET"]}}],"collection":[{"href":"https:\/\/vosgesinfo.fr\/remiremontinfo\/wp-json\/wp\/v2\/posts"}],"about":[{"href":"https:\/\/vosgesinfo.fr\/remiremontinfo\/wp-json\/wp\/v2\/types\/post"}],"author":[{"embeddable":true,"href":"https:\/\/vosgesinfo.fr\/remiremontinfo\/wp-json\/wp\/v2\/users\/52"}],"replies":[{"embeddable":true,"href":"https:\/\/vosgesinfo.fr\/remiremontinfo\/wp-json\/wp\/v2\/comments?post=73625"}],"version-history":[{"count":0,"href":"https:\/\/vosgesinfo.fr\/remiremontinfo\/wp-json\/wp\/v2\/posts\/73625\/revisions"}],"wp:featuredmedia":[{"embeddable":true,"href":"https:\/\/vosgesinfo.fr\/remiremontinfo\/wp-json\/wp\/v2\/media\/73626"}],"wp:attachment":[{"href":"https:\/\/vosgesinfo.fr\/remiremontinfo\/wp-json\/wp\/v2\/media?parent=73625"}],"wp:term":[{"taxonomy":"category","embeddable":true,"href":"https:\/\/vosgesinfo.fr\/remiremontinfo\/wp-json\/wp\/v2\/categories?post=73625"},{"taxonomy":"post_tag","embeddable":true,"href":"https:\/\/vosgesinfo.fr\/remiremontinfo\/wp-json\/wp\/v2\/tags?post=73625"}],"curies":[{"name":"wp","href":"https:\/\/api.w.org\/{rel}","templated":true}]}}