{"id":73640,"date":"2024-09-22T05:00:38","date_gmt":"2024-09-22T03:00:38","guid":{"rendered":"https:\/\/vosgesinfo.fr\/remiremontinfo\/?p=73640"},"modified":"2024-09-21T23:10:37","modified_gmt":"2024-09-21T21:10:37","slug":"concert-inaugural-de-la-fin-des-travaux-de-lorgue-de-leglise-de-saint-etienne","status":"publish","type":"post","link":"https:\/\/vosgesinfo.fr\/remiremontinfo\/2024\/09\/concert-inaugural-de-la-fin-des-travaux-de-lorgue-de-leglise-de-saint-etienne\/","title":{"rendered":"Concert inaugural de la fin des travaux de l\u2019orgue de l\u2019\u00e9glise de Saint-\u00c9tienne"},"content":{"rendered":"<p><a href=\"https:\/\/vosgesinfo.fr\/app\/uploads\/sites\/5\/2024\/09\/concert-inauguration-refection-de-lorgue-32-scaled.jpg\"><img decoding=\"async\" class=\"aligncenter wp-image-73642 size-large\" src=\"https:\/\/vosgesinfo.fr\/app\/uploads\/sites\/5\/2024\/09\/concert-inauguration-refection-de-lorgue-32-1024x683.jpg\" alt=\"\" width=\"1024\" height=\"683\" srcset=\"https:\/\/vosgesinfo.fr\/app\/uploads\/sites\/5\/2024\/09\/concert-inauguration-refection-de-lorgue-32-1024x683.jpg 1024w, https:\/\/vosgesinfo.fr\/app\/uploads\/sites\/5\/2024\/09\/concert-inauguration-refection-de-lorgue-32-300x200.jpg 300w, https:\/\/vosgesinfo.fr\/app\/uploads\/sites\/5\/2024\/09\/concert-inauguration-refection-de-lorgue-32-768x512.jpg 768w, https:\/\/vosgesinfo.fr\/app\/uploads\/sites\/5\/2024\/09\/concert-inauguration-refection-de-lorgue-32-1536x1024.jpg 1536w, https:\/\/vosgesinfo.fr\/app\/uploads\/sites\/5\/2024\/09\/concert-inauguration-refection-de-lorgue-32-2048x1365.jpg 2048w\" sizes=\"(max-width: 1024px) 100vw, 1024px\" \/><\/a><\/p>\n<p><strong>C\u2019est dans le cadre des Journ\u00e9es Europ\u00e9ennes du patrimoine que la municipalit\u00e9 de Saint-\u00c9tienne avait d\u00e9cid\u00e9 de faire donner un concert d\u2019orgue et de trompette ce vendredi soir.<\/strong><\/p>\n<p>Une tr\u00e8s belle fa\u00e7on d\u2019inaugurer la fin des travaux de restauration de l\u2019orgue, qui a pu \u00eatre r\u00e9alis\u00e9e gr\u00e2ce \u00e0 la g\u00e9n\u00e9rosit\u00e9 de la Fondation Hubert-Gravier de Miraumont, dont l\u2019\u00e9pouse Sylviane et le fils Xavier \u00e9taient pr\u00e9sents.<\/p>\n<p>Restauration bien n\u00e9cessaire, car il a fallu pas moins de 450 heures aux deux facteurs d\u2019orgue Hubert Metz et Xavier Szymczak avec de nombreuses op\u00e9rations tr\u00e8s techniques pour lui redonner toute sa grandeur et sa puissance.<\/p>\n<p>Avant l\u2019ouverture du concert, Monsieur le Maire, Michel Demange et Xavier Gravier, repr\u00e9sentant la fondation, ont d\u00e9voil\u00e9 une plaque marquant cette restauration.<\/p>\n<p>Le public \u00e9tait venu nombreux pour r\u00e9pondre \u00e0 cette invitation. Michel Demange \u00e9tait accompagn\u00e9, entre autres, par le 1er adjoint Yves Leroux. L\u2019abb\u00e9 Claude Durupt, cur\u00e9 de la paroisse, \u00e9tait aussi pr\u00e9sent et se r\u00e9jouissait que cet orgue puisse de nouveau accompagner les c\u00e9l\u00e9brations eucharistiques.<\/p>\n<p>Le concert a quant \u00e0 lui \u00e9t\u00e9 largement \u00e0 la hauteur de l\u2019\u00e9v\u00e9nement. Les deux artistes, qui se connaissent bien, J\u00e9r\u00e9my Marchal, l\u2019organiste et Cl\u00e9ment Foissel, le trompettiste, ont su se compl\u00e9ter merveilleusement bien. Le r\u00e9pertoire a fait voyager l\u2019auditoire \u00e0 travers le temps du 16<sup>\u00e8me<\/sup> si\u00e8cle \u00e0 notre p\u00e9riode contemporaine, interpr\u00e9tant des \u0153uvres de Telemann, Vivaldi, Bach ou encore Damase.<\/p>\n<p>\u00c0 noter qu\u2019une visite de l\u2019orgue est organis\u00e9e ce dimanche 22 septembre \u00e0 17 h 30.<\/p>\n<p>PM<\/p>\n\n\t\t<style type=\"text\/css\">\n\t\t\t#gallery-1 {\n\t\t\t\tmargin: auto;\n\t\t\t}\n\t\t\t#gallery-1 .gallery-item {\n\t\t\t\tfloat: left;\n\t\t\t\tmargin-top: 10px;\n\t\t\t\ttext-align: center;\n\t\t\t\twidth: 50%;\n\t\t\t}\n\t\t\t#gallery-1 img {\n\t\t\t\tborder: 2px solid #cfcfcf;\n\t\t\t}\n\t\t\t#gallery-1 .gallery-caption {\n\t\t\t\tmargin-left: 0;\n\t\t\t}\n\t\t\t\/* see gallery_shortcode() in wp-includes\/media.php *\/\n\t\t<\/style>\n\t\t<div id='gallery-1' class='gallery galleryid-73640 gallery-columns-2 gallery-size-full'><dl class='gallery-item'>\n\t\t\t<dt class='gallery-icon landscape'>\n\t\t\t\t<a href='https:\/\/vosgesinfo.fr\/remiremontinfo\/2024\/09\/concert-inaugural-de-la-fin-des-travaux-de-lorgue-de-leglise-de-saint-etienne\/concert-inauguration-refection-de-lorgue-24\/'><img decoding=\"async\" width=\"2560\" height=\"1707\" src=\"https:\/\/vosgesinfo.fr\/app\/uploads\/sites\/5\/2024\/09\/concert-inauguration-refection-de-lorgue-24-scaled.jpg\" class=\"attachment-full size-full\" alt=\"\" aria-describedby=\"gallery-1-73643\" srcset=\"https:\/\/vosgesinfo.fr\/app\/uploads\/sites\/5\/2024\/09\/concert-inauguration-refection-de-lorgue-24-scaled.jpg 2560w, https:\/\/vosgesinfo.fr\/app\/uploads\/sites\/5\/2024\/09\/concert-inauguration-refection-de-lorgue-24-300x200.jpg 300w, https:\/\/vosgesinfo.fr\/app\/uploads\/sites\/5\/2024\/09\/concert-inauguration-refection-de-lorgue-24-1024x683.jpg 1024w, https:\/\/vosgesinfo.fr\/app\/uploads\/sites\/5\/2024\/09\/concert-inauguration-refection-de-lorgue-24-768x512.jpg 768w, https:\/\/vosgesinfo.fr\/app\/uploads\/sites\/5\/2024\/09\/concert-inauguration-refection-de-lorgue-24-1536x1024.jpg 1536w, https:\/\/vosgesinfo.fr\/app\/uploads\/sites\/5\/2024\/09\/concert-inauguration-refection-de-lorgue-24-2048x1365.jpg 2048w\" sizes=\"(max-width: 2560px) 100vw, 2560px\" \/><\/a>\n\t\t\t<\/dt>\n\t\t\t\t<dd class='wp-caption-text gallery-caption' id='gallery-1-73643'>\n\t\t\t\tD\u00e9voilement de la plaque\n\t\t\t\t<\/dd><\/dl><dl class='gallery-item'>\n\t\t\t<dt class='gallery-icon landscape'>\n\t\t\t\t<a href='https:\/\/vosgesinfo.fr\/remiremontinfo\/2024\/09\/concert-inaugural-de-la-fin-des-travaux-de-lorgue-de-leglise-de-saint-etienne\/concert-inauguration-refection-de-lorgue-25-2\/'><img decoding=\"async\" width=\"2560\" height=\"1707\" src=\"https:\/\/vosgesinfo.fr\/app\/uploads\/sites\/5\/2024\/09\/concert-inauguration-refection-de-lorgue-25-1-scaled.jpg\" class=\"attachment-full size-full\" alt=\"\" aria-describedby=\"gallery-1-73644\" srcset=\"https:\/\/vosgesinfo.fr\/app\/uploads\/sites\/5\/2024\/09\/concert-inauguration-refection-de-lorgue-25-1-scaled.jpg 2560w, https:\/\/vosgesinfo.fr\/app\/uploads\/sites\/5\/2024\/09\/concert-inauguration-refection-de-lorgue-25-1-300x200.jpg 300w, https:\/\/vosgesinfo.fr\/app\/uploads\/sites\/5\/2024\/09\/concert-inauguration-refection-de-lorgue-25-1-1024x683.jpg 1024w, https:\/\/vosgesinfo.fr\/app\/uploads\/sites\/5\/2024\/09\/concert-inauguration-refection-de-lorgue-25-1-768x512.jpg 768w, https:\/\/vosgesinfo.fr\/app\/uploads\/sites\/5\/2024\/09\/concert-inauguration-refection-de-lorgue-25-1-1536x1024.jpg 1536w, https:\/\/vosgesinfo.fr\/app\/uploads\/sites\/5\/2024\/09\/concert-inauguration-refection-de-lorgue-25-1-2048x1365.jpg 2048w\" sizes=\"(max-width: 2560px) 100vw, 2560px\" \/><\/a>\n\t\t\t<\/dt>\n\t\t\t\t<dd class='wp-caption-text gallery-caption' id='gallery-1-73644'>\n\t\t\t\tJ\u00e9r\u00e9my Marchal et Cl\u00e9ment Foissel\n\t\t\t\t<\/dd><\/dl><br style=\"clear: both\" \/>\n\t\t<\/div>\n\n","protected":false},"excerpt":{"rendered":"<p>C\u2019est dans le cadre des Journ\u00e9es Europ\u00e9ennes du patrimoine que la municipalit\u00e9 de Saint-\u00c9tienne avait d\u00e9cid\u00e9 de faire donner un [&hellip;]<\/p>\n","protected":false},"author":413,"featured_media":73641,"comment_status":"open","ping_status":"open","sticky":false,"template":"","format":"standard","meta":{"footnotes":""},"categories":[26,4,52,35],"tags":[5880,1534,397],"class_list":["post-73640","post","type-post","status-publish","format-standard","has-post-thumbnail","hentry","category-a-la-une","category-culture","category-musique","category-remiremont-son-canton","tag-concert-orgue","tag-inauguration","tag-saint-etienne-les-remiremont"],"acf":[],"yoast_head":"<!-- This site is optimized with the Yoast SEO plugin v22.5 - https:\/\/yoast.com\/wordpress\/plugins\/seo\/ -->\n<title>Concert inaugural de la fin des travaux de l\u2019orgue de l\u2019\u00e9glise de Saint-\u00c9tienne - Remiremont Info<\/title>\n<meta name=\"robots\" content=\"index, follow, max-snippet:-1, max-image-preview:large, max-video-preview:-1\" \/>\n<link rel=\"canonical\" href=\"https:\/\/vosgesinfo.fr\/remiremontinfo\/?p=73640\" \/>\n<meta name=\"twitter:card\" content=\"summary_large_image\" \/>\n<meta name=\"twitter:title\" content=\"Concert inaugural de la fin des travaux de l\u2019orgue de l\u2019\u00e9glise de Saint-\u00c9tienne - Remiremont Info\" \/>\n<meta name=\"twitter:description\" content=\"C\u2019est dans le cadre des Journ\u00e9es Europ\u00e9ennes du patrimoine que la municipalit\u00e9 de Saint-\u00c9tienne avait d\u00e9cid\u00e9 de faire donner un [&hellip;]\" \/>\n<meta name=\"twitter:image\" content=\"https:\/\/vosgesinfo.fr\/app\/uploads\/sites\/5\/2024\/09\/concert-inauguration-refection-de-lorgue-25-scaled.jpg\" \/>\n<meta name=\"twitter:creator\" content=\"@VosgesInfo88\" \/>\n<meta name=\"twitter:site\" content=\"@VosgesInfo88\" \/>\n<meta name=\"twitter:label1\" content=\"\u00c9crit par\" \/>\n\t<meta name=\"twitter:data1\" content=\"P.M\" \/>\n\t<meta name=\"twitter:label2\" content=\"Dur\u00e9e de lecture estim\u00e9e\" \/>\n\t<meta name=\"twitter:data2\" content=\"2 minutes\" \/>\n<script type=\"application\/ld+json\" class=\"yoast-schema-graph\">{\"@context\":\"https:\/\/schema.org\",\"@graph\":[{\"@type\":\"Article\",\"@id\":\"https:\/\/vosgesinfo.fr\/remiremontinfo\/?p=73640#article\",\"isPartOf\":{\"@id\":\"https:\/\/vosgesinfo.fr\/remiremontinfo\/?p=73640\"},\"author\":{\"name\":\"P.M\",\"@id\":\"https:\/\/vosgesinfo.fr\/remiremontinfo\/#\/schema\/person\/a6fd2dde36da20be3679f2058b94c5b8\"},\"headline\":\"Concert inaugural de la fin des travaux de l\u2019orgue de l\u2019\u00e9glise de Saint-\u00c9tienne\",\"datePublished\":\"2024-09-22T03:00:38+00:00\",\"dateModified\":\"2024-09-21T21:10:37+00:00\",\"mainEntityOfPage\":{\"@id\":\"https:\/\/vosgesinfo.fr\/remiremontinfo\/?p=73640\"},\"wordCount\":300,\"commentCount\":0,\"publisher\":{\"@id\":\"https:\/\/vosgesinfo.fr\/remiremontinfo\/#organization\"},\"image\":{\"@id\":\"https:\/\/vosgesinfo.fr\/remiremontinfo\/?p=73640#primaryimage\"},\"thumbnailUrl\":\"https:\/\/vosgesinfo.fr\/app\/uploads\/sites\/5\/2024\/09\/concert-inauguration-refection-de-lorgue-25-scaled.jpg\",\"keywords\":[\"concert orgue\",\"Inauguration\",\"Saint-Etienne-l\u00e8s-Remiremont\"],\"articleSection\":[\"A la Une\",\"Culture\",\"musique\",\"Remiremont &amp; son canton\"],\"inLanguage\":\"fr-FR\",\"potentialAction\":[{\"@type\":\"CommentAction\",\"name\":\"Comment\",\"target\":[\"https:\/\/vosgesinfo.fr\/remiremontinfo\/?p=73640#respond\"]}]},{\"@type\":\"WebPage\",\"@id\":\"https:\/\/vosgesinfo.fr\/remiremontinfo\/?p=73640\",\"url\":\"https:\/\/vosgesinfo.fr\/remiremontinfo\/?p=73640\",\"name\":\"Concert inaugural de la fin des travaux de l\u2019orgue de l\u2019\u00e9glise de Saint-\u00c9tienne - Remiremont Info\",\"isPartOf\":{\"@id\":\"https:\/\/vosgesinfo.fr\/remiremontinfo\/#website\"},\"primaryImageOfPage\":{\"@id\":\"https:\/\/vosgesinfo.fr\/remiremontinfo\/?p=73640#primaryimage\"},\"image\":{\"@id\":\"https:\/\/vosgesinfo.fr\/remiremontinfo\/?p=73640#primaryimage\"},\"thumbnailUrl\":\"https:\/\/vosgesinfo.fr\/app\/uploads\/sites\/5\/2024\/09\/concert-inauguration-refection-de-lorgue-25-scaled.jpg\",\"datePublished\":\"2024-09-22T03:00:38+00:00\",\"dateModified\":\"2024-09-21T21:10:37+00:00\",\"breadcrumb\":{\"@id\":\"https:\/\/vosgesinfo.fr\/remiremontinfo\/?p=73640#breadcrumb\"},\"inLanguage\":\"fr-FR\",\"potentialAction\":[{\"@type\":\"ReadAction\",\"target\":[\"https:\/\/vosgesinfo.fr\/remiremontinfo\/?p=73640\"]}]},{\"@type\":\"ImageObject\",\"inLanguage\":\"fr-FR\",\"@id\":\"https:\/\/vosgesinfo.fr\/remiremontinfo\/?p=73640#primaryimage\",\"url\":\"https:\/\/vosgesinfo.fr\/app\/uploads\/sites\/5\/2024\/09\/concert-inauguration-refection-de-lorgue-25-scaled.jpg\",\"contentUrl\":\"https:\/\/vosgesinfo.fr\/app\/uploads\/sites\/5\/2024\/09\/concert-inauguration-refection-de-lorgue-25-scaled.jpg\",\"width\":2560,\"height\":1707},{\"@type\":\"BreadcrumbList\",\"@id\":\"https:\/\/vosgesinfo.fr\/remiremontinfo\/?p=73640#breadcrumb\",\"itemListElement\":[{\"@type\":\"ListItem\",\"position\":1,\"name\":\"Home\",\"item\":\"https:\/\/vosgesinfo.fr\/remiremontinfo\/\"},{\"@type\":\"ListItem\",\"position\":2,\"name\":\"Concert inaugural de la fin des travaux de l\u2019orgue de l\u2019\u00e9glise de Saint-\u00c9tienne\"}]},{\"@type\":\"WebSite\",\"@id\":\"https:\/\/vosgesinfo.fr\/remiremontinfo\/#website\",\"url\":\"https:\/\/vosgesinfo.fr\/remiremontinfo\/\",\"name\":\"Remiremont Info\",\"description\":\"Toute l&#039;actualit\u00e9 de Remiremont\",\"publisher\":{\"@id\":\"https:\/\/vosgesinfo.fr\/remiremontinfo\/#organization\"},\"alternateName\":\"Toute l'actualit\u00e9 de Remiremont\",\"potentialAction\":[{\"@type\":\"SearchAction\",\"target\":{\"@type\":\"EntryPoint\",\"urlTemplate\":\"https:\/\/vosgesinfo.fr\/remiremontinfo\/?s={search_term_string}\"},\"query-input\":\"required name=search_term_string\"}],\"inLanguage\":\"fr-FR\"},{\"@type\":\"Organization\",\"@id\":\"https:\/\/vosgesinfo.fr\/remiremontinfo\/#organization\",\"name\":\"Remiremont Info\",\"url\":\"https:\/\/vosgesinfo.fr\/remiremontinfo\/\",\"logo\":{\"@type\":\"ImageObject\",\"inLanguage\":\"fr-FR\",\"@id\":\"https:\/\/vosgesinfo.fr\/remiremontinfo\/#\/schema\/logo\/image\/\",\"url\":\"https:\/\/vosgesinfo.fr\/app\/uploads\/sites\/5\/2023\/08\/favicon-remiremontinfo.png\",\"contentUrl\":\"https:\/\/vosgesinfo.fr\/app\/uploads\/sites\/5\/2023\/08\/favicon-remiremontinfo.png\",\"width\":512,\"height\":512,\"caption\":\"Remiremont Info\"},\"image\":{\"@id\":\"https:\/\/vosgesinfo.fr\/remiremontinfo\/#\/schema\/logo\/image\/\"},\"sameAs\":[\"https:\/\/www.facebook.com\/remiremontinfo\",\"https:\/\/x.com\/VosgesInfo88\",\"https:\/\/www.youtube.com\/@vosgesinfo\"]},{\"@type\":\"Person\",\"@id\":\"https:\/\/vosgesinfo.fr\/remiremontinfo\/#\/schema\/person\/a6fd2dde36da20be3679f2058b94c5b8\",\"name\":\"P.M\",\"image\":{\"@type\":\"ImageObject\",\"inLanguage\":\"fr-FR\",\"@id\":\"https:\/\/vosgesinfo.fr\/remiremontinfo\/#\/schema\/person\/image\/\",\"url\":\"https:\/\/secure.gravatar.com\/avatar\/db38f6ef38bb165f6f4d352563f264129673ed4536984fbbcddf700bd12f8a9a?s=96&d=mm&r=g\",\"contentUrl\":\"https:\/\/secure.gravatar.com\/avatar\/db38f6ef38bb165f6f4d352563f264129673ed4536984fbbcddf700bd12f8a9a?s=96&d=mm&r=g\",\"caption\":\"P.M\"},\"url\":\"https:\/\/vosgesinfo.fr\/remiremontinfo\/author\/p-mangel88\/\"}]}<\/script>\n<!-- \/ Yoast SEO plugin. -->","yoast_head_json":{"title":"Concert inaugural de la fin des travaux de l\u2019orgue de l\u2019\u00e9glise de Saint-\u00c9tienne - Remiremont Info","robots":{"index":"index","follow":"follow","max-snippet":"max-snippet:-1","max-image-preview":"max-image-preview:large","max-video-preview":"max-video-preview:-1"},"canonical":"https:\/\/vosgesinfo.fr\/remiremontinfo\/?p=73640","twitter_card":"summary_large_image","twitter_title":"Concert inaugural de la fin des travaux de l\u2019orgue de l\u2019\u00e9glise de Saint-\u00c9tienne - Remiremont Info","twitter_description":"C\u2019est dans le cadre des Journ\u00e9es Europ\u00e9ennes du patrimoine que la municipalit\u00e9 de Saint-\u00c9tienne avait d\u00e9cid\u00e9 de faire donner un [&hellip;]","twitter_image":"https:\/\/vosgesinfo.fr\/app\/uploads\/sites\/5\/2024\/09\/concert-inauguration-refection-de-lorgue-25-scaled.jpg","twitter_creator":"@VosgesInfo88","twitter_site":"@VosgesInfo88","twitter_misc":{"\u00c9crit par":"P.M","Dur\u00e9e de lecture estim\u00e9e":"2 minutes"},"schema":{"@context":"https:\/\/schema.org","@graph":[{"@type":"Article","@id":"https:\/\/vosgesinfo.fr\/remiremontinfo\/?p=73640#article","isPartOf":{"@id":"https:\/\/vosgesinfo.fr\/remiremontinfo\/?p=73640"},"author":{"name":"P.M","@id":"https:\/\/vosgesinfo.fr\/remiremontinfo\/#\/schema\/person\/a6fd2dde36da20be3679f2058b94c5b8"},"headline":"Concert inaugural de la fin des travaux de l\u2019orgue de l\u2019\u00e9glise de Saint-\u00c9tienne","datePublished":"2024-09-22T03:00:38+00:00","dateModified":"2024-09-21T21:10:37+00:00","mainEntityOfPage":{"@id":"https:\/\/vosgesinfo.fr\/remiremontinfo\/?p=73640"},"wordCount":300,"commentCount":0,"publisher":{"@id":"https:\/\/vosgesinfo.fr\/remiremontinfo\/#organization"},"image":{"@id":"https:\/\/vosgesinfo.fr\/remiremontinfo\/?p=73640#primaryimage"},"thumbnailUrl":"https:\/\/vosgesinfo.fr\/app\/uploads\/sites\/5\/2024\/09\/concert-inauguration-refection-de-lorgue-25-scaled.jpg","keywords":["concert orgue","Inauguration","Saint-Etienne-l\u00e8s-Remiremont"],"articleSection":["A la Une","Culture","musique","Remiremont &amp; son canton"],"inLanguage":"fr-FR","potentialAction":[{"@type":"CommentAction","name":"Comment","target":["https:\/\/vosgesinfo.fr\/remiremontinfo\/?p=73640#respond"]}]},{"@type":"WebPage","@id":"https:\/\/vosgesinfo.fr\/remiremontinfo\/?p=73640","url":"https:\/\/vosgesinfo.fr\/remiremontinfo\/?p=73640","name":"Concert inaugural de la fin des travaux de l\u2019orgue de l\u2019\u00e9glise de Saint-\u00c9tienne - Remiremont Info","isPartOf":{"@id":"https:\/\/vosgesinfo.fr\/remiremontinfo\/#website"},"primaryImageOfPage":{"@id":"https:\/\/vosgesinfo.fr\/remiremontinfo\/?p=73640#primaryimage"},"image":{"@id":"https:\/\/vosgesinfo.fr\/remiremontinfo\/?p=73640#primaryimage"},"thumbnailUrl":"https:\/\/vosgesinfo.fr\/app\/uploads\/sites\/5\/2024\/09\/concert-inauguration-refection-de-lorgue-25-scaled.jpg","datePublished":"2024-09-22T03:00:38+00:00","dateModified":"2024-09-21T21:10:37+00:00","breadcrumb":{"@id":"https:\/\/vosgesinfo.fr\/remiremontinfo\/?p=73640#breadcrumb"},"inLanguage":"fr-FR","potentialAction":[{"@type":"ReadAction","target":["https:\/\/vosgesinfo.fr\/remiremontinfo\/?p=73640"]}]},{"@type":"ImageObject","inLanguage":"fr-FR","@id":"https:\/\/vosgesinfo.fr\/remiremontinfo\/?p=73640#primaryimage","url":"https:\/\/vosgesinfo.fr\/app\/uploads\/sites\/5\/2024\/09\/concert-inauguration-refection-de-lorgue-25-scaled.jpg","contentUrl":"https:\/\/vosgesinfo.fr\/app\/uploads\/sites\/5\/2024\/09\/concert-inauguration-refection-de-lorgue-25-scaled.jpg","width":2560,"height":1707},{"@type":"BreadcrumbList","@id":"https:\/\/vosgesinfo.fr\/remiremontinfo\/?p=73640#breadcrumb","itemListElement":[{"@type":"ListItem","position":1,"name":"Home","item":"https:\/\/vosgesinfo.fr\/remiremontinfo\/"},{"@type":"ListItem","position":2,"name":"Concert inaugural de la fin des travaux de l\u2019orgue de l\u2019\u00e9glise de Saint-\u00c9tienne"}]},{"@type":"WebSite","@id":"https:\/\/vosgesinfo.fr\/remiremontinfo\/#website","url":"https:\/\/vosgesinfo.fr\/remiremontinfo\/","name":"Remiremont Info","description":"Toute l&#039;actualit\u00e9 de Remiremont","publisher":{"@id":"https:\/\/vosgesinfo.fr\/remiremontinfo\/#organization"},"alternateName":"Toute l'actualit\u00e9 de Remiremont","potentialAction":[{"@type":"SearchAction","target":{"@type":"EntryPoint","urlTemplate":"https:\/\/vosgesinfo.fr\/remiremontinfo\/?s={search_term_string}"},"query-input":"required name=search_term_string"}],"inLanguage":"fr-FR"},{"@type":"Organization","@id":"https:\/\/vosgesinfo.fr\/remiremontinfo\/#organization","name":"Remiremont Info","url":"https:\/\/vosgesinfo.fr\/remiremontinfo\/","logo":{"@type":"ImageObject","inLanguage":"fr-FR","@id":"https:\/\/vosgesinfo.fr\/remiremontinfo\/#\/schema\/logo\/image\/","url":"https:\/\/vosgesinfo.fr\/app\/uploads\/sites\/5\/2023\/08\/favicon-remiremontinfo.png","contentUrl":"https:\/\/vosgesinfo.fr\/app\/uploads\/sites\/5\/2023\/08\/favicon-remiremontinfo.png","width":512,"height":512,"caption":"Remiremont Info"},"image":{"@id":"https:\/\/vosgesinfo.fr\/remiremontinfo\/#\/schema\/logo\/image\/"},"sameAs":["https:\/\/www.facebook.com\/remiremontinfo","https:\/\/x.com\/VosgesInfo88","https:\/\/www.youtube.com\/@vosgesinfo"]},{"@type":"Person","@id":"https:\/\/vosgesinfo.fr\/remiremontinfo\/#\/schema\/person\/a6fd2dde36da20be3679f2058b94c5b8","name":"P.M","image":{"@type":"ImageObject","inLanguage":"fr-FR","@id":"https:\/\/vosgesinfo.fr\/remiremontinfo\/#\/schema\/person\/image\/","url":"https:\/\/secure.gravatar.com\/avatar\/db38f6ef38bb165f6f4d352563f264129673ed4536984fbbcddf700bd12f8a9a?s=96&d=mm&r=g","contentUrl":"https:\/\/secure.gravatar.com\/avatar\/db38f6ef38bb165f6f4d352563f264129673ed4536984fbbcddf700bd12f8a9a?s=96&d=mm&r=g","caption":"P.M"},"url":"https:\/\/vosgesinfo.fr\/remiremontinfo\/author\/p-mangel88\/"}]}},"_links":{"self":[{"href":"https:\/\/vosgesinfo.fr\/remiremontinfo\/wp-json\/wp\/v2\/posts\/73640","targetHints":{"allow":["GET"]}}],"collection":[{"href":"https:\/\/vosgesinfo.fr\/remiremontinfo\/wp-json\/wp\/v2\/posts"}],"about":[{"href":"https:\/\/vosgesinfo.fr\/remiremontinfo\/wp-json\/wp\/v2\/types\/post"}],"author":[{"embeddable":true,"href":"https:\/\/vosgesinfo.fr\/remiremontinfo\/wp-json\/wp\/v2\/users\/413"}],"replies":[{"embeddable":true,"href":"https:\/\/vosgesinfo.fr\/remiremontinfo\/wp-json\/wp\/v2\/comments?post=73640"}],"version-history":[{"count":3,"href":"https:\/\/vosgesinfo.fr\/remiremontinfo\/wp-json\/wp\/v2\/posts\/73640\/revisions"}],"predecessor-version":[{"id":73665,"href":"https:\/\/vosgesinfo.fr\/remiremontinfo\/wp-json\/wp\/v2\/posts\/73640\/revisions\/73665"}],"wp:featuredmedia":[{"embeddable":true,"href":"https:\/\/vosgesinfo.fr\/remiremontinfo\/wp-json\/wp\/v2\/media\/73641"}],"wp:attachment":[{"href":"https:\/\/vosgesinfo.fr\/remiremontinfo\/wp-json\/wp\/v2\/media?parent=73640"}],"wp:term":[{"taxonomy":"category","embeddable":true,"href":"https:\/\/vosgesinfo.fr\/remiremontinfo\/wp-json\/wp\/v2\/categories?post=73640"},{"taxonomy":"post_tag","embeddable":true,"href":"https:\/\/vosgesinfo.fr\/remiremontinfo\/wp-json\/wp\/v2\/tags?post=73640"}],"curies":[{"name":"wp","href":"https:\/\/api.w.org\/{rel}","templated":true}]}}