{"id":73782,"date":"2024-09-24T13:48:04","date_gmt":"2024-09-24T11:48:04","guid":{"rendered":"https:\/\/vosgesinfo.fr\/remiremontinfo\/?p=73782"},"modified":"2024-09-24T13:48:04","modified_gmt":"2024-09-24T11:48:04","slug":"la-campagne-de-releve-des-compteurs-deau-va-debuter-a-cornimont","status":"publish","type":"post","link":"https:\/\/vosgesinfo.fr\/remiremontinfo\/2024\/09\/la-campagne-de-releve-des-compteurs-deau-va-debuter-a-cornimont\/","title":{"rendered":"La campagne de rel\u00e8ve des compteurs d\u2019eau va d\u00e9buter \u00e0 Cornimont"},"content":{"rendered":"<p class=\"s5\" style=\"text-align: center;\"><strong><span class=\"s4\">Rel\u00e8ve<\/span><span class=\"s4\"> des compteurs d\u2019eau pour la commune de <\/span><span class=\"s4\">CORNIMONT<\/span><\/strong><\/p>\n<p class=\"s6\">\n<p class=\"s8\"><span class=\"s7\">La campagne de rel\u00e8ve des compteurs d\u2019eau va d\u00e9buter, un agent de la Mairie de <\/span><span class=\"s7\">Cornimont <\/span><span class=\"s7\">se rendra \u00e0 <\/span><span class=\"s7\">votre domicile. <\/span><\/p>\n<p class=\"s8\"><span class=\"s7\"><br \/>\n<\/span><span class=\"s7\">En cas d\u2019absence, il d\u00e9posera un coupon r\u00e9ponse dans votre bo\u00eete aux lettres.<\/span><\/p>\n<p class=\"s8\">\n<p class=\"s8\"><span class=\"s7\">Ce coupon <\/span><span class=\"s7\">pourra<\/span> <span class=\"s7\">ensuite <\/span><span class=\"s7\">\u00eatre<\/span> <span class=\"s7\">soit<\/span><span class=\"s7\">\u00a0:<\/span><\/p>\n<div class=\"s11\"><span class=\"s9\">\u2022 <\/span><span class=\"s7\">retourn<\/span><span class=\"s7\">\u00e9<\/span><span class=\"s7\"> par mail \u00e0 <\/span><span class=\"s7\">l\u2019adresse<\/span> <a href=\"mailto:eau-assainissement@cchautesvosges.fr\"><span class=\"s10\">eau-assainissement@cchautesvosges.fr<\/span><\/a><\/div>\n<div class=\"s11\"><span class=\"s9\">\u2022 <\/span><span class=\"s7\">envoy\u00e9 par<\/span><span class=\"s7\"> message <\/span><span class=\"s7\">au 07<\/span><span class=\"s7\"> 75 76 42 34<\/span><span class=\"s7\"> avec vos coordonn\u00e9es compl\u00e8tes<\/span><\/div>\n<div class=\"s11\"><span class=\"s9\">\u2022 <\/span><span class=\"s7\">d\u00e9pos\u00e9 <\/span><span class=\"s7\">\u00e0 la Communaut\u00e9 de Communes de Cornimont.<\/span><\/div>\n<p class=\"s8\">\n<p class=\"s8\"><span class=\"s4\">D<\/span><span class=\"s4\">ur\u00e9e estimative de la rel\u00e8ve des compteurs : 5 Semaines.<\/span><\/p>\n<p class=\"s12\">\n<p class=\"s6\"><span class=\"s7\">Nous vous remercions par avance <\/span><span class=\"s7\">de respecter le<\/span><span class=\"s7\"> d\u00e9lai demand\u00e9 pour la r\u00e9cup\u00e9ration des index des compteurs, la facturation de la consommation pour l\u2019ann\u00e9e 2024 <\/span><span class=\"s7\">devant \u00eatre r\u00e9alis\u00e9e avant fin octobre.<\/span><\/p>\n<p>&nbsp;<\/p>\n<p class=\"s6\"><span class=\"s7\">Pour<\/span><span class=\"s7\"> tout renseignement, vous pouvez nous joindre<\/span><span class=\"s7\">\u00a0:<\/span><\/p>\n<div class=\"s14\"><span class=\"s13\">\u27a2 <\/span><span class=\"s7\">Par mail\u00a0: eau-assainissement@cchautesvosges.fr<\/span><\/div>\n<div class=\"s14\"><span class=\"s13\">\u27a2 <\/span><span class=\"s7\">Par t\u00e9l\u00e9phone\u00a0: 03 10 45 22 00<\/span><\/div>\n","protected":false},"excerpt":{"rendered":"<p>Rel\u00e8ve des compteurs d\u2019eau pour la commune de CORNIMONT La campagne de rel\u00e8ve des compteurs d\u2019eau va d\u00e9buter, un agent [&hellip;]<\/p>\n","protected":false},"author":391,"featured_media":58097,"comment_status":"open","ping_status":"open","sticky":false,"template":"","format":"standard","meta":{"footnotes":""},"categories":[26,594,34],"tags":[79,6109],"class_list":["post-73782","post","type-post","status-publish","format-standard","has-post-thumbnail","hentry","category-a-la-une","category-agenda","category-cornimont","tag-cornimont","tag-releve-compteurs-deau"],"acf":[],"yoast_head":"<!-- This site is optimized with the Yoast SEO plugin v22.5 - https:\/\/yoast.com\/wordpress\/plugins\/seo\/ -->\n<title>La campagne de rel\u00e8ve des compteurs d\u2019eau va d\u00e9buter \u00e0 Cornimont - Remiremont Info<\/title>\n<meta name=\"robots\" content=\"index, follow, max-snippet:-1, max-image-preview:large, max-video-preview:-1\" \/>\n<link rel=\"canonical\" href=\"https:\/\/vosgesinfo.fr\/remiremontinfo\/?p=73782\" \/>\n<meta name=\"twitter:card\" content=\"summary_large_image\" \/>\n<meta name=\"twitter:title\" content=\"La campagne de rel\u00e8ve des compteurs d\u2019eau va d\u00e9buter \u00e0 Cornimont - Remiremont Info\" \/>\n<meta name=\"twitter:description\" content=\"Rel\u00e8ve des compteurs d\u2019eau pour la commune de CORNIMONT La campagne de rel\u00e8ve des compteurs d\u2019eau va d\u00e9buter, un agent [&hellip;]\" \/>\n<meta name=\"twitter:image\" content=\"https:\/\/vosgesinfo.fr\/app\/uploads\/sites\/5\/2024\/09\/202206fb-ville-de-cornimont.jpg\" \/>\n<meta name=\"twitter:creator\" content=\"@VosgesInfo88\" \/>\n<meta name=\"twitter:site\" content=\"@VosgesInfo88\" \/>\n<meta name=\"twitter:label1\" content=\"\u00c9crit par\" \/>\n\t<meta name=\"twitter:data1\" content=\"La redaction\" \/>\n\t<meta name=\"twitter:label2\" content=\"Dur\u00e9e de lecture estim\u00e9e\" \/>\n\t<meta name=\"twitter:data2\" content=\"1 minute\" \/>\n<script type=\"application\/ld+json\" class=\"yoast-schema-graph\">{\"@context\":\"https:\/\/schema.org\",\"@graph\":[{\"@type\":\"Article\",\"@id\":\"https:\/\/vosgesinfo.fr\/remiremontinfo\/?p=73782#article\",\"isPartOf\":{\"@id\":\"https:\/\/vosgesinfo.fr\/remiremontinfo\/?p=73782\"},\"author\":{\"name\":\"La redaction\",\"@id\":\"https:\/\/vosgesinfo.fr\/remiremontinfo\/#\/schema\/person\/27a3695b06db98895b354c0765cdfc31\"},\"headline\":\"La campagne de rel\u00e8ve des compteurs d\u2019eau va d\u00e9buter \u00e0 Cornimont\",\"datePublished\":\"2024-09-24T11:48:04+00:00\",\"dateModified\":\"2024-09-24T11:48:04+00:00\",\"mainEntityOfPage\":{\"@id\":\"https:\/\/vosgesinfo.fr\/remiremontinfo\/?p=73782\"},\"wordCount\":161,\"commentCount\":0,\"publisher\":{\"@id\":\"https:\/\/vosgesinfo.fr\/remiremontinfo\/#organization\"},\"image\":{\"@id\":\"https:\/\/vosgesinfo.fr\/remiremontinfo\/?p=73782#primaryimage\"},\"thumbnailUrl\":\"https:\/\/vosgesinfo.fr\/app\/uploads\/sites\/5\/2024\/09\/202206fb-ville-de-cornimont.jpg\",\"keywords\":[\"cornimont\",\"Rel\u00e8ve compteurs d'eau\"],\"articleSection\":[\"A la Une\",\"Agenda\",\"Cornimont\"],\"inLanguage\":\"fr-FR\",\"potentialAction\":[{\"@type\":\"CommentAction\",\"name\":\"Comment\",\"target\":[\"https:\/\/vosgesinfo.fr\/remiremontinfo\/?p=73782#respond\"]}]},{\"@type\":\"WebPage\",\"@id\":\"https:\/\/vosgesinfo.fr\/remiremontinfo\/?p=73782\",\"url\":\"https:\/\/vosgesinfo.fr\/remiremontinfo\/?p=73782\",\"name\":\"La campagne de rel\u00e8ve des compteurs d\u2019eau va d\u00e9buter \u00e0 Cornimont - Remiremont Info\",\"isPartOf\":{\"@id\":\"https:\/\/vosgesinfo.fr\/remiremontinfo\/#website\"},\"primaryImageOfPage\":{\"@id\":\"https:\/\/vosgesinfo.fr\/remiremontinfo\/?p=73782#primaryimage\"},\"image\":{\"@id\":\"https:\/\/vosgesinfo.fr\/remiremontinfo\/?p=73782#primaryimage\"},\"thumbnailUrl\":\"https:\/\/vosgesinfo.fr\/app\/uploads\/sites\/5\/2024\/09\/202206fb-ville-de-cornimont.jpg\",\"datePublished\":\"2024-09-24T11:48:04+00:00\",\"dateModified\":\"2024-09-24T11:48:04+00:00\",\"breadcrumb\":{\"@id\":\"https:\/\/vosgesinfo.fr\/remiremontinfo\/?p=73782#breadcrumb\"},\"inLanguage\":\"fr-FR\",\"potentialAction\":[{\"@type\":\"ReadAction\",\"target\":[\"https:\/\/vosgesinfo.fr\/remiremontinfo\/?p=73782\"]}]},{\"@type\":\"ImageObject\",\"inLanguage\":\"fr-FR\",\"@id\":\"https:\/\/vosgesinfo.fr\/remiremontinfo\/?p=73782#primaryimage\",\"url\":\"https:\/\/vosgesinfo.fr\/app\/uploads\/sites\/5\/2024\/09\/202206fb-ville-de-cornimont.jpg\",\"contentUrl\":\"https:\/\/vosgesinfo.fr\/app\/uploads\/sites\/5\/2024\/09\/202206fb-ville-de-cornimont.jpg\",\"width\":1280,\"height\":800},{\"@type\":\"BreadcrumbList\",\"@id\":\"https:\/\/vosgesinfo.fr\/remiremontinfo\/?p=73782#breadcrumb\",\"itemListElement\":[{\"@type\":\"ListItem\",\"position\":1,\"name\":\"Home\",\"item\":\"https:\/\/vosgesinfo.fr\/remiremontinfo\/\"},{\"@type\":\"ListItem\",\"position\":2,\"name\":\"La campagne de rel\u00e8ve des compteurs d\u2019eau va d\u00e9buter \u00e0 Cornimont\"}]},{\"@type\":\"WebSite\",\"@id\":\"https:\/\/vosgesinfo.fr\/remiremontinfo\/#website\",\"url\":\"https:\/\/vosgesinfo.fr\/remiremontinfo\/\",\"name\":\"Remiremont Info\",\"description\":\"Toute l&#039;actualit\u00e9 de Remiremont\",\"publisher\":{\"@id\":\"https:\/\/vosgesinfo.fr\/remiremontinfo\/#organization\"},\"alternateName\":\"Toute l'actualit\u00e9 de Remiremont\",\"potentialAction\":[{\"@type\":\"SearchAction\",\"target\":{\"@type\":\"EntryPoint\",\"urlTemplate\":\"https:\/\/vosgesinfo.fr\/remiremontinfo\/?s={search_term_string}\"},\"query-input\":\"required name=search_term_string\"}],\"inLanguage\":\"fr-FR\"},{\"@type\":\"Organization\",\"@id\":\"https:\/\/vosgesinfo.fr\/remiremontinfo\/#organization\",\"name\":\"Remiremont Info\",\"url\":\"https:\/\/vosgesinfo.fr\/remiremontinfo\/\",\"logo\":{\"@type\":\"ImageObject\",\"inLanguage\":\"fr-FR\",\"@id\":\"https:\/\/vosgesinfo.fr\/remiremontinfo\/#\/schema\/logo\/image\/\",\"url\":\"https:\/\/vosgesinfo.fr\/app\/uploads\/sites\/5\/2023\/08\/favicon-remiremontinfo.png\",\"contentUrl\":\"https:\/\/vosgesinfo.fr\/app\/uploads\/sites\/5\/2023\/08\/favicon-remiremontinfo.png\",\"width\":512,\"height\":512,\"caption\":\"Remiremont Info\"},\"image\":{\"@id\":\"https:\/\/vosgesinfo.fr\/remiremontinfo\/#\/schema\/logo\/image\/\"},\"sameAs\":[\"https:\/\/www.facebook.com\/remiremontinfo\",\"https:\/\/x.com\/VosgesInfo88\",\"https:\/\/www.youtube.com\/@vosgesinfo\"]},{\"@type\":\"Person\",\"@id\":\"https:\/\/vosgesinfo.fr\/remiremontinfo\/#\/schema\/person\/27a3695b06db98895b354c0765cdfc31\",\"name\":\"La redaction\",\"image\":{\"@type\":\"ImageObject\",\"inLanguage\":\"fr-FR\",\"@id\":\"https:\/\/vosgesinfo.fr\/remiremontinfo\/#\/schema\/person\/image\/\",\"url\":\"https:\/\/secure.gravatar.com\/avatar\/64c76a78e501cedee55736f43f332df901e1896ae9cd8fad269ae2236dd0e8b6?s=96&d=mm&r=g\",\"contentUrl\":\"https:\/\/secure.gravatar.com\/avatar\/64c76a78e501cedee55736f43f332df901e1896ae9cd8fad269ae2236dd0e8b6?s=96&d=mm&r=g\",\"caption\":\"La redaction\"},\"url\":\"https:\/\/vosgesinfo.fr\/remiremontinfo\/author\/la-redaction\/\"}]}<\/script>\n<!-- \/ Yoast SEO plugin. -->","yoast_head_json":{"title":"La campagne de rel\u00e8ve des compteurs d\u2019eau va d\u00e9buter \u00e0 Cornimont - Remiremont Info","robots":{"index":"index","follow":"follow","max-snippet":"max-snippet:-1","max-image-preview":"max-image-preview:large","max-video-preview":"max-video-preview:-1"},"canonical":"https:\/\/vosgesinfo.fr\/remiremontinfo\/?p=73782","twitter_card":"summary_large_image","twitter_title":"La campagne de rel\u00e8ve des compteurs d\u2019eau va d\u00e9buter \u00e0 Cornimont - Remiremont Info","twitter_description":"Rel\u00e8ve des compteurs d\u2019eau pour la commune de CORNIMONT La campagne de rel\u00e8ve des compteurs d\u2019eau va d\u00e9buter, un agent [&hellip;]","twitter_image":"https:\/\/vosgesinfo.fr\/app\/uploads\/sites\/5\/2024\/09\/202206fb-ville-de-cornimont.jpg","twitter_creator":"@VosgesInfo88","twitter_site":"@VosgesInfo88","twitter_misc":{"\u00c9crit par":"La redaction","Dur\u00e9e de lecture estim\u00e9e":"1 minute"},"schema":{"@context":"https:\/\/schema.org","@graph":[{"@type":"Article","@id":"https:\/\/vosgesinfo.fr\/remiremontinfo\/?p=73782#article","isPartOf":{"@id":"https:\/\/vosgesinfo.fr\/remiremontinfo\/?p=73782"},"author":{"name":"La redaction","@id":"https:\/\/vosgesinfo.fr\/remiremontinfo\/#\/schema\/person\/27a3695b06db98895b354c0765cdfc31"},"headline":"La campagne de rel\u00e8ve des compteurs d\u2019eau va d\u00e9buter \u00e0 Cornimont","datePublished":"2024-09-24T11:48:04+00:00","dateModified":"2024-09-24T11:48:04+00:00","mainEntityOfPage":{"@id":"https:\/\/vosgesinfo.fr\/remiremontinfo\/?p=73782"},"wordCount":161,"commentCount":0,"publisher":{"@id":"https:\/\/vosgesinfo.fr\/remiremontinfo\/#organization"},"image":{"@id":"https:\/\/vosgesinfo.fr\/remiremontinfo\/?p=73782#primaryimage"},"thumbnailUrl":"https:\/\/vosgesinfo.fr\/app\/uploads\/sites\/5\/2024\/09\/202206fb-ville-de-cornimont.jpg","keywords":["cornimont","Rel\u00e8ve compteurs d'eau"],"articleSection":["A la Une","Agenda","Cornimont"],"inLanguage":"fr-FR","potentialAction":[{"@type":"CommentAction","name":"Comment","target":["https:\/\/vosgesinfo.fr\/remiremontinfo\/?p=73782#respond"]}]},{"@type":"WebPage","@id":"https:\/\/vosgesinfo.fr\/remiremontinfo\/?p=73782","url":"https:\/\/vosgesinfo.fr\/remiremontinfo\/?p=73782","name":"La campagne de rel\u00e8ve des compteurs d\u2019eau va d\u00e9buter \u00e0 Cornimont - Remiremont Info","isPartOf":{"@id":"https:\/\/vosgesinfo.fr\/remiremontinfo\/#website"},"primaryImageOfPage":{"@id":"https:\/\/vosgesinfo.fr\/remiremontinfo\/?p=73782#primaryimage"},"image":{"@id":"https:\/\/vosgesinfo.fr\/remiremontinfo\/?p=73782#primaryimage"},"thumbnailUrl":"https:\/\/vosgesinfo.fr\/app\/uploads\/sites\/5\/2024\/09\/202206fb-ville-de-cornimont.jpg","datePublished":"2024-09-24T11:48:04+00:00","dateModified":"2024-09-24T11:48:04+00:00","breadcrumb":{"@id":"https:\/\/vosgesinfo.fr\/remiremontinfo\/?p=73782#breadcrumb"},"inLanguage":"fr-FR","potentialAction":[{"@type":"ReadAction","target":["https:\/\/vosgesinfo.fr\/remiremontinfo\/?p=73782"]}]},{"@type":"ImageObject","inLanguage":"fr-FR","@id":"https:\/\/vosgesinfo.fr\/remiremontinfo\/?p=73782#primaryimage","url":"https:\/\/vosgesinfo.fr\/app\/uploads\/sites\/5\/2024\/09\/202206fb-ville-de-cornimont.jpg","contentUrl":"https:\/\/vosgesinfo.fr\/app\/uploads\/sites\/5\/2024\/09\/202206fb-ville-de-cornimont.jpg","width":1280,"height":800},{"@type":"BreadcrumbList","@id":"https:\/\/vosgesinfo.fr\/remiremontinfo\/?p=73782#breadcrumb","itemListElement":[{"@type":"ListItem","position":1,"name":"Home","item":"https:\/\/vosgesinfo.fr\/remiremontinfo\/"},{"@type":"ListItem","position":2,"name":"La campagne de rel\u00e8ve des compteurs d\u2019eau va d\u00e9buter \u00e0 Cornimont"}]},{"@type":"WebSite","@id":"https:\/\/vosgesinfo.fr\/remiremontinfo\/#website","url":"https:\/\/vosgesinfo.fr\/remiremontinfo\/","name":"Remiremont Info","description":"Toute l&#039;actualit\u00e9 de Remiremont","publisher":{"@id":"https:\/\/vosgesinfo.fr\/remiremontinfo\/#organization"},"alternateName":"Toute l'actualit\u00e9 de Remiremont","potentialAction":[{"@type":"SearchAction","target":{"@type":"EntryPoint","urlTemplate":"https:\/\/vosgesinfo.fr\/remiremontinfo\/?s={search_term_string}"},"query-input":"required name=search_term_string"}],"inLanguage":"fr-FR"},{"@type":"Organization","@id":"https:\/\/vosgesinfo.fr\/remiremontinfo\/#organization","name":"Remiremont Info","url":"https:\/\/vosgesinfo.fr\/remiremontinfo\/","logo":{"@type":"ImageObject","inLanguage":"fr-FR","@id":"https:\/\/vosgesinfo.fr\/remiremontinfo\/#\/schema\/logo\/image\/","url":"https:\/\/vosgesinfo.fr\/app\/uploads\/sites\/5\/2023\/08\/favicon-remiremontinfo.png","contentUrl":"https:\/\/vosgesinfo.fr\/app\/uploads\/sites\/5\/2023\/08\/favicon-remiremontinfo.png","width":512,"height":512,"caption":"Remiremont Info"},"image":{"@id":"https:\/\/vosgesinfo.fr\/remiremontinfo\/#\/schema\/logo\/image\/"},"sameAs":["https:\/\/www.facebook.com\/remiremontinfo","https:\/\/x.com\/VosgesInfo88","https:\/\/www.youtube.com\/@vosgesinfo"]},{"@type":"Person","@id":"https:\/\/vosgesinfo.fr\/remiremontinfo\/#\/schema\/person\/27a3695b06db98895b354c0765cdfc31","name":"La redaction","image":{"@type":"ImageObject","inLanguage":"fr-FR","@id":"https:\/\/vosgesinfo.fr\/remiremontinfo\/#\/schema\/person\/image\/","url":"https:\/\/secure.gravatar.com\/avatar\/64c76a78e501cedee55736f43f332df901e1896ae9cd8fad269ae2236dd0e8b6?s=96&d=mm&r=g","contentUrl":"https:\/\/secure.gravatar.com\/avatar\/64c76a78e501cedee55736f43f332df901e1896ae9cd8fad269ae2236dd0e8b6?s=96&d=mm&r=g","caption":"La redaction"},"url":"https:\/\/vosgesinfo.fr\/remiremontinfo\/author\/la-redaction\/"}]}},"_links":{"self":[{"href":"https:\/\/vosgesinfo.fr\/remiremontinfo\/wp-json\/wp\/v2\/posts\/73782","targetHints":{"allow":["GET"]}}],"collection":[{"href":"https:\/\/vosgesinfo.fr\/remiremontinfo\/wp-json\/wp\/v2\/posts"}],"about":[{"href":"https:\/\/vosgesinfo.fr\/remiremontinfo\/wp-json\/wp\/v2\/types\/post"}],"author":[{"embeddable":true,"href":"https:\/\/vosgesinfo.fr\/remiremontinfo\/wp-json\/wp\/v2\/users\/391"}],"replies":[{"embeddable":true,"href":"https:\/\/vosgesinfo.fr\/remiremontinfo\/wp-json\/wp\/v2\/comments?post=73782"}],"version-history":[{"count":1,"href":"https:\/\/vosgesinfo.fr\/remiremontinfo\/wp-json\/wp\/v2\/posts\/73782\/revisions"}],"predecessor-version":[{"id":73783,"href":"https:\/\/vosgesinfo.fr\/remiremontinfo\/wp-json\/wp\/v2\/posts\/73782\/revisions\/73783"}],"wp:featuredmedia":[{"embeddable":true,"href":"https:\/\/vosgesinfo.fr\/remiremontinfo\/wp-json\/wp\/v2\/media\/58097"}],"wp:attachment":[{"href":"https:\/\/vosgesinfo.fr\/remiremontinfo\/wp-json\/wp\/v2\/media?parent=73782"}],"wp:term":[{"taxonomy":"category","embeddable":true,"href":"https:\/\/vosgesinfo.fr\/remiremontinfo\/wp-json\/wp\/v2\/categories?post=73782"},{"taxonomy":"post_tag","embeddable":true,"href":"https:\/\/vosgesinfo.fr\/remiremontinfo\/wp-json\/wp\/v2\/tags?post=73782"}],"curies":[{"name":"wp","href":"https:\/\/api.w.org\/{rel}","templated":true}]}}