{"id":73788,"date":"2024-09-24T16:56:05","date_gmt":"2024-09-24T14:56:05","guid":{"rendered":"https:\/\/vosgesinfo.fr\/remiremontinfo\/?p=73788"},"modified":"2024-09-24T16:56:05","modified_gmt":"2024-09-24T14:56:05","slug":"remiremont-la-grogne-des-habitants-sur-la-modification-du-ramassage-des-ordures-menageres","status":"publish","type":"post","link":"https:\/\/vosgesinfo.fr\/remiremontinfo\/2024\/09\/remiremont-la-grogne-des-habitants-sur-la-modification-du-ramassage-des-ordures-menageres\/","title":{"rendered":"Remiremont : la grogne des habitants sur la modification du ramassage des ordures m\u00e9nag\u00e8res"},"content":{"rendered":"<div>\n<p><a href=\"https:\/\/vosgesinfo.fr\/app\/uploads\/sites\/5\/2024\/04\/collecte-ordures-menageres-dechets-poubelle.jpg\"><img decoding=\"async\" class=\"aligncenter size-full wp-image-6053\" src=\"https:\/\/vosgesinfo.fr\/app\/uploads\/sites\/5\/2024\/04\/collecte-ordures-menageres-dechets-poubelle.jpg\" alt=\"\" width=\"532\" height=\"279\" srcset=\"https:\/\/vosgesinfo.fr\/app\/uploads\/sites\/5\/2024\/04\/collecte-ordures-menageres-dechets-poubelle.jpg 532w, https:\/\/vosgesinfo.fr\/app\/uploads\/sites\/5\/2024\/04\/collecte-ordures-menageres-dechets-poubelle-300x157.jpg 300w\" sizes=\"(max-width: 532px) 100vw, 532px\" \/><\/a><\/p>\n<p>&nbsp;<\/p>\n<p><strong>Ce mardi 24 septembre, les habitants de Remiremont ont appris la nouvelle : le ramassage des ordures m\u00e9nag\u00e8res aura d\u00e9sormais lieu une semaine sur deux, \u00e0 partir du 7 octobre 2024. Un changement annonc\u00e9 par le Sicovad pour adapter le service \u00e0 la r\u00e9alit\u00e9, une modification d\u00e9cri\u00e9e par les Romarimontains, mais qui concerne plusieurs communes.\u00a0<\/strong><\/p>\n<p>La col\u00e8re monte chez les administr\u00e9s Romarimontains ce mardi 24 septembre. En effet, les habitants de Remiremont ont d\u00e9couvert par le biais de Flyers qu&rsquo;\u00e0 partir du 7 octobre, le ramassage des ordures m\u00e9nag\u00e8res aurait lieu une semaine sur deux. \u00ab <em>C&rsquo;est du grand n&rsquo;importe quoi \u00bb <\/em>ou encore \u00ab <em>Pratique quand les gens en ville vivent dans des appartements et qu&rsquo;ils ne peuvent pas entreposer dans des conteneurs \u00bb, <\/em>peut-on lire sur les r\u00e9seaux. Certains s&rsquo;adressant m\u00eame directement \u00e0 Jean-Beno\u00eet Tisserand, maire de la ville, pour avoir une explication. Pourtant, cette d\u00e9cision n&rsquo;appartient pas \u00e0 la municipalit\u00e9 puisque les 144 communes adh\u00e9rentes au Sicovad sont concern\u00e9es.<\/p>\n<p>Du c\u00f4t\u00e9 du Sicovad, ce nouveau planning s&rsquo;explique par des modes de consommation changeants, une habitude de tri d\u00e9sormais encr\u00e9e dans le quotidien des Fran\u00e7ais, mais \u00e9galement par une d\u00e9marche \u00e9cologique concernant la consommation de carburant et l&rsquo;usure des camions poubelles, qui \u00e9viteraient 150 tonnes de rejets de C02\/an. Le Sicovad mentionne \u00e9galement l&rsquo;am\u00e9lioration de la qualit\u00e9 de vie des habitants avec une diminution du bruit engendr\u00e9 par les camions et des habitudes de tri qui continueront de s&rsquo;affiner. \u00c0 noter que la collecte des sacs jaunes, elle, ne sera pas modifi\u00e9e.<\/p>\n<p>\u00c0 la question pos\u00e9e par les habitants sur une \u00e9ventuelle adaptation de la taxe des ordures m\u00e9nag\u00e8res, la r\u00e9ponse est n\u00e9gative. Cela s&rsquo;explique par le fait que les quantit\u00e9s collect\u00e9es seront identiques, qu&rsquo;elles soient collect\u00e9es une fois par semaine ou bien toutes les deux semaines. Le Sicovad explique qu&rsquo;actuellement les camions tournent en partie \u00e0 vide. Alors qu&rsquo;en passant une semaine sur deux, ils pourraient \u00eatre remplis et ainsi limiter l&rsquo;impact \u00e9cologique.<\/p>\n<p>Un calendrier des ramassages a \u00e9t\u00e9 mis en place par le Sicovad, communes par communes sur ce lien : <a href=\"https:\/\/www.sicovad.fr\/dynamic\/pdf\/actu\/tableau_collectes_pap_octobre_2024.pdf\" target=\"_blank\" rel=\"noopener\">https:\/\/www.sicovad.fr\/dynamic\/pdf\/actu\/tableau_collectes_pap_octobre_2024.pdf<\/a>. Pour les administr\u00e9s de Remiremont, les jours de collectes seront consultables \u00e0 partir du 6 octobre sur l&rsquo;application mentionn\u00e9e dans le lien ci-dessus.<\/p>\n<\/div>\n<p>&nbsp;<\/p>\n<p>&nbsp;<\/p>\n<p>&nbsp;<\/p>\n<p>&nbsp;<\/p>\n","protected":false},"excerpt":{"rendered":"<p>&nbsp; Ce mardi 24 septembre, les habitants de Remiremont ont appris la nouvelle : le ramassage des ordures m\u00e9nag\u00e8res aura [&hellip;]<\/p>\n","protected":false},"author":418,"featured_media":6053,"comment_status":"open","ping_status":"open","sticky":false,"template":"","format":"standard","meta":{"footnotes":""},"categories":[26,7,43],"tags":[6110,44,1264],"class_list":["post-73788","post","type-post","status-publish","format-standard","has-post-thumbnail","hentry","category-a-la-une","category-environnement","category-remiremont-remiremont-son-canton","tag-collecte-ordures-menageres","tag-remiremont","tag-sicovad"],"acf":[],"yoast_head":"<!-- This site is optimized with the Yoast SEO plugin v22.5 - https:\/\/yoast.com\/wordpress\/plugins\/seo\/ -->\n<title>Remiremont : la grogne des habitants sur la modification du ramassage des ordures m\u00e9nag\u00e8res - Remiremont Info<\/title>\n<meta name=\"robots\" content=\"index, follow, max-snippet:-1, max-image-preview:large, max-video-preview:-1\" \/>\n<link rel=\"canonical\" href=\"https:\/\/vosgesinfo.fr\/remiremontinfo\/?p=73788\" \/>\n<meta name=\"twitter:card\" content=\"summary_large_image\" \/>\n<meta name=\"twitter:title\" content=\"Remiremont : la grogne des habitants sur la modification du ramassage des ordures m\u00e9nag\u00e8res - Remiremont Info\" \/>\n<meta name=\"twitter:description\" content=\"&nbsp; Ce mardi 24 septembre, les habitants de Remiremont ont appris la nouvelle : le ramassage des ordures m\u00e9nag\u00e8res aura [&hellip;]\" \/>\n<meta name=\"twitter:image\" content=\"https:\/\/vosgesinfo.fr\/app\/uploads\/sites\/5\/2024\/04\/collecte-ordures-menageres-dechets-poubelle.jpg\" \/>\n<meta name=\"twitter:creator\" content=\"@VosgesInfo88\" \/>\n<meta name=\"twitter:site\" content=\"@VosgesInfo88\" \/>\n<meta name=\"twitter:label1\" content=\"\u00c9crit par\" \/>\n\t<meta name=\"twitter:data1\" content=\"C.M\" \/>\n\t<meta name=\"twitter:label2\" content=\"Dur\u00e9e de lecture estim\u00e9e\" \/>\n\t<meta name=\"twitter:data2\" content=\"3 minutes\" \/>\n<script type=\"application\/ld+json\" class=\"yoast-schema-graph\">{\"@context\":\"https:\/\/schema.org\",\"@graph\":[{\"@type\":\"Article\",\"@id\":\"https:\/\/vosgesinfo.fr\/remiremontinfo\/?p=73788#article\",\"isPartOf\":{\"@id\":\"https:\/\/vosgesinfo.fr\/remiremontinfo\/?p=73788\"},\"author\":{\"name\":\"C.M\",\"@id\":\"https:\/\/vosgesinfo.fr\/remiremontinfo\/#\/schema\/person\/4f38cd3068e342935b7304695c797d08\"},\"headline\":\"Remiremont : la grogne des habitants sur la modification du ramassage des ordures m\u00e9nag\u00e8res\",\"datePublished\":\"2024-09-24T14:56:05+00:00\",\"dateModified\":\"2024-09-24T14:56:05+00:00\",\"mainEntityOfPage\":{\"@id\":\"https:\/\/vosgesinfo.fr\/remiremontinfo\/?p=73788\"},\"wordCount\":428,\"commentCount\":3,\"publisher\":{\"@id\":\"https:\/\/vosgesinfo.fr\/remiremontinfo\/#organization\"},\"image\":{\"@id\":\"https:\/\/vosgesinfo.fr\/remiremontinfo\/?p=73788#primaryimage\"},\"thumbnailUrl\":\"https:\/\/vosgesinfo.fr\/app\/uploads\/sites\/5\/2024\/04\/collecte-ordures-menageres-dechets-poubelle.jpg\",\"keywords\":[\"collecte ordures m\u00e9nag\u00e8res\",\"remiremont\",\"sicovad\"],\"articleSection\":[\"A la Une\",\"Environnement\",\"Remiremont\"],\"inLanguage\":\"fr-FR\",\"potentialAction\":[{\"@type\":\"CommentAction\",\"name\":\"Comment\",\"target\":[\"https:\/\/vosgesinfo.fr\/remiremontinfo\/?p=73788#respond\"]}]},{\"@type\":\"WebPage\",\"@id\":\"https:\/\/vosgesinfo.fr\/remiremontinfo\/?p=73788\",\"url\":\"https:\/\/vosgesinfo.fr\/remiremontinfo\/?p=73788\",\"name\":\"Remiremont : la grogne des habitants sur la modification du ramassage des ordures m\u00e9nag\u00e8res - Remiremont Info\",\"isPartOf\":{\"@id\":\"https:\/\/vosgesinfo.fr\/remiremontinfo\/#website\"},\"primaryImageOfPage\":{\"@id\":\"https:\/\/vosgesinfo.fr\/remiremontinfo\/?p=73788#primaryimage\"},\"image\":{\"@id\":\"https:\/\/vosgesinfo.fr\/remiremontinfo\/?p=73788#primaryimage\"},\"thumbnailUrl\":\"https:\/\/vosgesinfo.fr\/app\/uploads\/sites\/5\/2024\/04\/collecte-ordures-menageres-dechets-poubelle.jpg\",\"datePublished\":\"2024-09-24T14:56:05+00:00\",\"dateModified\":\"2024-09-24T14:56:05+00:00\",\"breadcrumb\":{\"@id\":\"https:\/\/vosgesinfo.fr\/remiremontinfo\/?p=73788#breadcrumb\"},\"inLanguage\":\"fr-FR\",\"potentialAction\":[{\"@type\":\"ReadAction\",\"target\":[\"https:\/\/vosgesinfo.fr\/remiremontinfo\/?p=73788\"]}]},{\"@type\":\"ImageObject\",\"inLanguage\":\"fr-FR\",\"@id\":\"https:\/\/vosgesinfo.fr\/remiremontinfo\/?p=73788#primaryimage\",\"url\":\"https:\/\/vosgesinfo.fr\/app\/uploads\/sites\/5\/2024\/04\/collecte-ordures-menageres-dechets-poubelle.jpg\",\"contentUrl\":\"https:\/\/vosgesinfo.fr\/app\/uploads\/sites\/5\/2024\/04\/collecte-ordures-menageres-dechets-poubelle.jpg\",\"width\":532,\"height\":279},{\"@type\":\"BreadcrumbList\",\"@id\":\"https:\/\/vosgesinfo.fr\/remiremontinfo\/?p=73788#breadcrumb\",\"itemListElement\":[{\"@type\":\"ListItem\",\"position\":1,\"name\":\"Home\",\"item\":\"https:\/\/vosgesinfo.fr\/remiremontinfo\/\"},{\"@type\":\"ListItem\",\"position\":2,\"name\":\"Remiremont : la grogne des habitants sur la modification du ramassage des ordures m\u00e9nag\u00e8res\"}]},{\"@type\":\"WebSite\",\"@id\":\"https:\/\/vosgesinfo.fr\/remiremontinfo\/#website\",\"url\":\"https:\/\/vosgesinfo.fr\/remiremontinfo\/\",\"name\":\"Remiremont Info\",\"description\":\"Toute l&#039;actualit\u00e9 de Remiremont\",\"publisher\":{\"@id\":\"https:\/\/vosgesinfo.fr\/remiremontinfo\/#organization\"},\"alternateName\":\"Toute l'actualit\u00e9 de Remiremont\",\"potentialAction\":[{\"@type\":\"SearchAction\",\"target\":{\"@type\":\"EntryPoint\",\"urlTemplate\":\"https:\/\/vosgesinfo.fr\/remiremontinfo\/?s={search_term_string}\"},\"query-input\":\"required name=search_term_string\"}],\"inLanguage\":\"fr-FR\"},{\"@type\":\"Organization\",\"@id\":\"https:\/\/vosgesinfo.fr\/remiremontinfo\/#organization\",\"name\":\"Remiremont Info\",\"url\":\"https:\/\/vosgesinfo.fr\/remiremontinfo\/\",\"logo\":{\"@type\":\"ImageObject\",\"inLanguage\":\"fr-FR\",\"@id\":\"https:\/\/vosgesinfo.fr\/remiremontinfo\/#\/schema\/logo\/image\/\",\"url\":\"https:\/\/vosgesinfo.fr\/app\/uploads\/sites\/5\/2023\/08\/favicon-remiremontinfo.png\",\"contentUrl\":\"https:\/\/vosgesinfo.fr\/app\/uploads\/sites\/5\/2023\/08\/favicon-remiremontinfo.png\",\"width\":512,\"height\":512,\"caption\":\"Remiremont Info\"},\"image\":{\"@id\":\"https:\/\/vosgesinfo.fr\/remiremontinfo\/#\/schema\/logo\/image\/\"},\"sameAs\":[\"https:\/\/www.facebook.com\/remiremontinfo\",\"https:\/\/x.com\/VosgesInfo88\",\"https:\/\/www.youtube.com\/@vosgesinfo\"]},{\"@type\":\"Person\",\"@id\":\"https:\/\/vosgesinfo.fr\/remiremontinfo\/#\/schema\/person\/4f38cd3068e342935b7304695c797d08\",\"name\":\"C.M\",\"image\":{\"@type\":\"ImageObject\",\"inLanguage\":\"fr-FR\",\"@id\":\"https:\/\/vosgesinfo.fr\/remiremontinfo\/#\/schema\/person\/image\/\",\"url\":\"https:\/\/secure.gravatar.com\/avatar\/fe9daaef0164d920717484172682f3c5c9bcf7d42aa8c7048c76c34f0eb6c8da?s=96&d=mm&r=g\",\"contentUrl\":\"https:\/\/secure.gravatar.com\/avatar\/fe9daaef0164d920717484172682f3c5c9bcf7d42aa8c7048c76c34f0eb6c8da?s=96&d=mm&r=g\",\"caption\":\"C.M\"},\"url\":\"https:\/\/vosgesinfo.fr\/remiremontinfo\/author\/cm88200\/\"}]}<\/script>\n<!-- \/ Yoast SEO plugin. -->","yoast_head_json":{"title":"Remiremont : la grogne des habitants sur la modification du ramassage des ordures m\u00e9nag\u00e8res - Remiremont Info","robots":{"index":"index","follow":"follow","max-snippet":"max-snippet:-1","max-image-preview":"max-image-preview:large","max-video-preview":"max-video-preview:-1"},"canonical":"https:\/\/vosgesinfo.fr\/remiremontinfo\/?p=73788","twitter_card":"summary_large_image","twitter_title":"Remiremont : la grogne des habitants sur la modification du ramassage des ordures m\u00e9nag\u00e8res - Remiremont Info","twitter_description":"&nbsp; Ce mardi 24 septembre, les habitants de Remiremont ont appris la nouvelle : le ramassage des ordures m\u00e9nag\u00e8res aura [&hellip;]","twitter_image":"https:\/\/vosgesinfo.fr\/app\/uploads\/sites\/5\/2024\/04\/collecte-ordures-menageres-dechets-poubelle.jpg","twitter_creator":"@VosgesInfo88","twitter_site":"@VosgesInfo88","twitter_misc":{"\u00c9crit par":"C.M","Dur\u00e9e de lecture estim\u00e9e":"3 minutes"},"schema":{"@context":"https:\/\/schema.org","@graph":[{"@type":"Article","@id":"https:\/\/vosgesinfo.fr\/remiremontinfo\/?p=73788#article","isPartOf":{"@id":"https:\/\/vosgesinfo.fr\/remiremontinfo\/?p=73788"},"author":{"name":"C.M","@id":"https:\/\/vosgesinfo.fr\/remiremontinfo\/#\/schema\/person\/4f38cd3068e342935b7304695c797d08"},"headline":"Remiremont : la grogne des habitants sur la modification du ramassage des ordures m\u00e9nag\u00e8res","datePublished":"2024-09-24T14:56:05+00:00","dateModified":"2024-09-24T14:56:05+00:00","mainEntityOfPage":{"@id":"https:\/\/vosgesinfo.fr\/remiremontinfo\/?p=73788"},"wordCount":428,"commentCount":3,"publisher":{"@id":"https:\/\/vosgesinfo.fr\/remiremontinfo\/#organization"},"image":{"@id":"https:\/\/vosgesinfo.fr\/remiremontinfo\/?p=73788#primaryimage"},"thumbnailUrl":"https:\/\/vosgesinfo.fr\/app\/uploads\/sites\/5\/2024\/04\/collecte-ordures-menageres-dechets-poubelle.jpg","keywords":["collecte ordures m\u00e9nag\u00e8res","remiremont","sicovad"],"articleSection":["A la Une","Environnement","Remiremont"],"inLanguage":"fr-FR","potentialAction":[{"@type":"CommentAction","name":"Comment","target":["https:\/\/vosgesinfo.fr\/remiremontinfo\/?p=73788#respond"]}]},{"@type":"WebPage","@id":"https:\/\/vosgesinfo.fr\/remiremontinfo\/?p=73788","url":"https:\/\/vosgesinfo.fr\/remiremontinfo\/?p=73788","name":"Remiremont : la grogne des habitants sur la modification du ramassage des ordures m\u00e9nag\u00e8res - Remiremont Info","isPartOf":{"@id":"https:\/\/vosgesinfo.fr\/remiremontinfo\/#website"},"primaryImageOfPage":{"@id":"https:\/\/vosgesinfo.fr\/remiremontinfo\/?p=73788#primaryimage"},"image":{"@id":"https:\/\/vosgesinfo.fr\/remiremontinfo\/?p=73788#primaryimage"},"thumbnailUrl":"https:\/\/vosgesinfo.fr\/app\/uploads\/sites\/5\/2024\/04\/collecte-ordures-menageres-dechets-poubelle.jpg","datePublished":"2024-09-24T14:56:05+00:00","dateModified":"2024-09-24T14:56:05+00:00","breadcrumb":{"@id":"https:\/\/vosgesinfo.fr\/remiremontinfo\/?p=73788#breadcrumb"},"inLanguage":"fr-FR","potentialAction":[{"@type":"ReadAction","target":["https:\/\/vosgesinfo.fr\/remiremontinfo\/?p=73788"]}]},{"@type":"ImageObject","inLanguage":"fr-FR","@id":"https:\/\/vosgesinfo.fr\/remiremontinfo\/?p=73788#primaryimage","url":"https:\/\/vosgesinfo.fr\/app\/uploads\/sites\/5\/2024\/04\/collecte-ordures-menageres-dechets-poubelle.jpg","contentUrl":"https:\/\/vosgesinfo.fr\/app\/uploads\/sites\/5\/2024\/04\/collecte-ordures-menageres-dechets-poubelle.jpg","width":532,"height":279},{"@type":"BreadcrumbList","@id":"https:\/\/vosgesinfo.fr\/remiremontinfo\/?p=73788#breadcrumb","itemListElement":[{"@type":"ListItem","position":1,"name":"Home","item":"https:\/\/vosgesinfo.fr\/remiremontinfo\/"},{"@type":"ListItem","position":2,"name":"Remiremont : la grogne des habitants sur la modification du ramassage des ordures m\u00e9nag\u00e8res"}]},{"@type":"WebSite","@id":"https:\/\/vosgesinfo.fr\/remiremontinfo\/#website","url":"https:\/\/vosgesinfo.fr\/remiremontinfo\/","name":"Remiremont Info","description":"Toute l&#039;actualit\u00e9 de Remiremont","publisher":{"@id":"https:\/\/vosgesinfo.fr\/remiremontinfo\/#organization"},"alternateName":"Toute l'actualit\u00e9 de Remiremont","potentialAction":[{"@type":"SearchAction","target":{"@type":"EntryPoint","urlTemplate":"https:\/\/vosgesinfo.fr\/remiremontinfo\/?s={search_term_string}"},"query-input":"required name=search_term_string"}],"inLanguage":"fr-FR"},{"@type":"Organization","@id":"https:\/\/vosgesinfo.fr\/remiremontinfo\/#organization","name":"Remiremont Info","url":"https:\/\/vosgesinfo.fr\/remiremontinfo\/","logo":{"@type":"ImageObject","inLanguage":"fr-FR","@id":"https:\/\/vosgesinfo.fr\/remiremontinfo\/#\/schema\/logo\/image\/","url":"https:\/\/vosgesinfo.fr\/app\/uploads\/sites\/5\/2023\/08\/favicon-remiremontinfo.png","contentUrl":"https:\/\/vosgesinfo.fr\/app\/uploads\/sites\/5\/2023\/08\/favicon-remiremontinfo.png","width":512,"height":512,"caption":"Remiremont Info"},"image":{"@id":"https:\/\/vosgesinfo.fr\/remiremontinfo\/#\/schema\/logo\/image\/"},"sameAs":["https:\/\/www.facebook.com\/remiremontinfo","https:\/\/x.com\/VosgesInfo88","https:\/\/www.youtube.com\/@vosgesinfo"]},{"@type":"Person","@id":"https:\/\/vosgesinfo.fr\/remiremontinfo\/#\/schema\/person\/4f38cd3068e342935b7304695c797d08","name":"C.M","image":{"@type":"ImageObject","inLanguage":"fr-FR","@id":"https:\/\/vosgesinfo.fr\/remiremontinfo\/#\/schema\/person\/image\/","url":"https:\/\/secure.gravatar.com\/avatar\/fe9daaef0164d920717484172682f3c5c9bcf7d42aa8c7048c76c34f0eb6c8da?s=96&d=mm&r=g","contentUrl":"https:\/\/secure.gravatar.com\/avatar\/fe9daaef0164d920717484172682f3c5c9bcf7d42aa8c7048c76c34f0eb6c8da?s=96&d=mm&r=g","caption":"C.M"},"url":"https:\/\/vosgesinfo.fr\/remiremontinfo\/author\/cm88200\/"}]}},"_links":{"self":[{"href":"https:\/\/vosgesinfo.fr\/remiremontinfo\/wp-json\/wp\/v2\/posts\/73788","targetHints":{"allow":["GET"]}}],"collection":[{"href":"https:\/\/vosgesinfo.fr\/remiremontinfo\/wp-json\/wp\/v2\/posts"}],"about":[{"href":"https:\/\/vosgesinfo.fr\/remiremontinfo\/wp-json\/wp\/v2\/types\/post"}],"author":[{"embeddable":true,"href":"https:\/\/vosgesinfo.fr\/remiremontinfo\/wp-json\/wp\/v2\/users\/418"}],"replies":[{"embeddable":true,"href":"https:\/\/vosgesinfo.fr\/remiremontinfo\/wp-json\/wp\/v2\/comments?post=73788"}],"version-history":[{"count":5,"href":"https:\/\/vosgesinfo.fr\/remiremontinfo\/wp-json\/wp\/v2\/posts\/73788\/revisions"}],"predecessor-version":[{"id":73793,"href":"https:\/\/vosgesinfo.fr\/remiremontinfo\/wp-json\/wp\/v2\/posts\/73788\/revisions\/73793"}],"wp:featuredmedia":[{"embeddable":true,"href":"https:\/\/vosgesinfo.fr\/remiremontinfo\/wp-json\/wp\/v2\/media\/6053"}],"wp:attachment":[{"href":"https:\/\/vosgesinfo.fr\/remiremontinfo\/wp-json\/wp\/v2\/media?parent=73788"}],"wp:term":[{"taxonomy":"category","embeddable":true,"href":"https:\/\/vosgesinfo.fr\/remiremontinfo\/wp-json\/wp\/v2\/categories?post=73788"},{"taxonomy":"post_tag","embeddable":true,"href":"https:\/\/vosgesinfo.fr\/remiremontinfo\/wp-json\/wp\/v2\/tags?post=73788"}],"curies":[{"name":"wp","href":"https:\/\/api.w.org\/{rel}","templated":true}]}}