{"id":73794,"date":"2024-09-25T06:01:02","date_gmt":"2024-09-25T04:01:02","guid":{"rendered":"https:\/\/vosgesinfo.fr\/remiremontinfo\/?p=73794"},"modified":"2024-09-25T06:01:02","modified_gmt":"2024-09-25T04:01:02","slug":"17eme-festival-du-film-jeune-public-graines-des-toiles-dun-continent-a-lautre","status":"publish","type":"post","link":"https:\/\/vosgesinfo.fr\/remiremontinfo\/2024\/09\/17eme-festival-du-film-jeune-public-graines-des-toiles-dun-continent-a-lautre\/","title":{"rendered":"17\u00e8me Festival du Film Jeune Public Graines des Toiles : D\u2019un continent \u00e0 l\u2019autre\u2026"},"content":{"rendered":"<p style=\"text-align: center;\"><span style=\"color: #0080c0; font-family: Helvetica, Arial, sans-serif; font-size: x-large;\"><a href=\"https:\/\/vosgesinfo.fr\/app\/uploads\/sites\/6\/2024\/09\/graines-des-toiles-2024.png\"><img decoding=\"async\" class=\"aligncenter size-full wp-image-69023\" src=\"https:\/\/vosgesinfo.fr\/app\/uploads\/sites\/6\/2024\/09\/graines-des-toiles-2024.png\" alt=\"\" width=\"500\" height=\"250\" \/><\/a><\/span>Communiqu\u00e9<\/p>\n<p>&nbsp;<\/p>\n<p><span style=\"font-family: Helvetica, Arial, sans-serif;\">Rendez-vous pour la 17\u00e8me \u00e9dition du Festival du Film Jeune Public Graines des Toiles de G\u00e9rardmer qui aura lieu du lundi 14 octobre au vendredi 1er novembre 2024<\/span><\/p>\n<p><span style=\"font-family: Helvetica, Arial, sans-serif;\"><strong>Deux semaines et demi<\/strong>\u00a0de festivit\u00e9s pour mettre \u00e0 l\u2019honneur le 7\u00e8me art \u00e0 travers des films d\u2019animation, des avant-premi\u00e8res mais aussi des moments festifs, musicaux et culinaires\u00a0!<\/span><\/p>\n<p><span style=\"font-family: Helvetica, Arial, sans-serif;\">Le th\u00e8me 2024 du festival nous emm\u00e8nera\u00a0<b>d\u2019un continent \u00e0 l\u2019autre<\/b>\u00a0et nous permettra de conna\u00eetre un peux mieux la diversit\u00e9 du cin\u00e9ma d\u2019Europe, d\u2019Afrique, d\u2019Asie, d\u2019Am\u00e9rique, d\u2019Oc\u00e9anie\u2026<\/span><\/p>\n<p><span style=\"font-family: Helvetica, Arial, sans-serif;\">Dans une MCL compl\u00e8tement red\u00e9cor\u00e9e pour l\u2019occasion, le festival vous proposera des expositions, des soir\u00e9es jeux, des ateliers, des quizzs \u2026 dans une ambiance festive pour c\u00e9l\u00e9brer ensemble les vacances de la Toussaint.<\/span><\/p>\n<p><span style=\"color: #ff8040; font-family: Helvetica, Arial, sans-serif;\"><span style=\"color: #000000;\"><\/p>\n<p><\/span><\/span><span style=\"color: #ff8040; font-family: Helvetica, Arial, sans-serif;\"><span style=\"color: #000000;\"><span style=\"font-size: large;\"><i><b>P<\/b><\/i><\/span><\/span><\/span><span style=\"color: #ff8040; font-family: Helvetica, Arial, sans-serif;\"><span style=\"color: #000000;\"><span style=\"font-size: large;\"><i><b>rogramme complet disponible d\u00e8s le 1er octobre sur :<\/b><\/i><i><b><br \/>\n<\/b><\/i><i><b><a href=\"https:\/\/grainesdestoiles.com\/\" target=\"_blank\" rel=\"noopener noreferrer\" data-auth=\"NotApplicable\" data-linkindex=\"0\">www.grainesdestoiles.com<\/a><\/b><\/i><\/span><\/span><\/span><\/p>\n","protected":false},"excerpt":{"rendered":"<p>Communiqu\u00e9 &nbsp; Rendez-vous pour la 17\u00e8me \u00e9dition du Festival du Film Jeune Public Graines des Toiles de G\u00e9rardmer qui aura [&hellip;]<\/p>\n","protected":false},"author":391,"featured_media":73795,"comment_status":"open","ping_status":"open","sticky":false,"template":"","format":"standard","meta":{"footnotes":""},"categories":[26,108,43,362],"tags":[6111],"class_list":["post-73794","post","type-post","status-publish","format-standard","has-post-thumbnail","hentry","category-a-la-une","category-epinal","category-remiremont-remiremont-son-canton","category-saint-die","tag-festival-graines-des-toiles"],"acf":[],"yoast_head":"<!-- This site is optimized with the Yoast SEO plugin v22.5 - https:\/\/yoast.com\/wordpress\/plugins\/seo\/ -->\n<title>17\u00e8me Festival du Film Jeune Public Graines des Toiles : D\u2019un continent \u00e0 l\u2019autre\u2026 - Remiremont Info<\/title>\n<meta name=\"robots\" content=\"index, follow, max-snippet:-1, max-image-preview:large, max-video-preview:-1\" \/>\n<link rel=\"canonical\" href=\"https:\/\/vosgesinfo.fr\/remiremontinfo\/2024\/09\/17eme-festival-du-film-jeune-public-graines-des-toiles-dun-continent-a-lautre\/\" \/>\n<meta name=\"twitter:card\" content=\"summary_large_image\" \/>\n<meta name=\"twitter:title\" content=\"17\u00e8me Festival du Film Jeune Public Graines des Toiles : D\u2019un continent \u00e0 l\u2019autre\u2026 - Remiremont Info\" \/>\n<meta name=\"twitter:description\" content=\"Communiqu\u00e9 &nbsp; Rendez-vous pour la 17\u00e8me \u00e9dition du Festival du Film Jeune Public Graines des Toiles de G\u00e9rardmer qui aura [&hellip;]\" \/>\n<meta name=\"twitter:image\" content=\"https:\/\/vosgesinfo.fr\/app\/uploads\/sites\/5\/2024\/09\/graines-des-toiles-2024.png\" \/>\n<meta name=\"twitter:creator\" content=\"@VosgesInfo88\" \/>\n<meta name=\"twitter:site\" content=\"@VosgesInfo88\" \/>\n<meta name=\"twitter:label1\" content=\"\u00c9crit par\" \/>\n\t<meta name=\"twitter:data1\" content=\"La redaction\" \/>\n\t<meta name=\"twitter:label2\" content=\"Dur\u00e9e de lecture estim\u00e9e\" \/>\n\t<meta name=\"twitter:data2\" content=\"1 minute\" \/>\n<script type=\"application\/ld+json\" class=\"yoast-schema-graph\">{\"@context\":\"https:\/\/schema.org\",\"@graph\":[{\"@type\":\"Article\",\"@id\":\"https:\/\/vosgesinfo.fr\/remiremontinfo\/2024\/09\/17eme-festival-du-film-jeune-public-graines-des-toiles-dun-continent-a-lautre\/#article\",\"isPartOf\":{\"@id\":\"https:\/\/vosgesinfo.fr\/remiremontinfo\/2024\/09\/17eme-festival-du-film-jeune-public-graines-des-toiles-dun-continent-a-lautre\/\"},\"author\":{\"name\":\"La redaction\",\"@id\":\"https:\/\/vosgesinfo.fr\/remiremontinfo\/#\/schema\/person\/27a3695b06db98895b354c0765cdfc31\"},\"headline\":\"17\u00e8me Festival du Film Jeune Public Graines des Toiles : D\u2019un continent \u00e0 l\u2019autre\u2026\",\"datePublished\":\"2024-09-25T04:01:02+00:00\",\"dateModified\":\"2024-09-25T04:01:02+00:00\",\"mainEntityOfPage\":{\"@id\":\"https:\/\/vosgesinfo.fr\/remiremontinfo\/2024\/09\/17eme-festival-du-film-jeune-public-graines-des-toiles-dun-continent-a-lautre\/\"},\"wordCount\":164,\"commentCount\":0,\"publisher\":{\"@id\":\"https:\/\/vosgesinfo.fr\/remiremontinfo\/#organization\"},\"image\":{\"@id\":\"https:\/\/vosgesinfo.fr\/remiremontinfo\/2024\/09\/17eme-festival-du-film-jeune-public-graines-des-toiles-dun-continent-a-lautre\/#primaryimage\"},\"thumbnailUrl\":\"https:\/\/vosgesinfo.fr\/app\/uploads\/sites\/5\/2024\/09\/graines-des-toiles-2024.png\",\"keywords\":[\"festival graines des toiles\"],\"articleSection\":[\"A la Une\",\"Epinal\",\"Remiremont\",\"Saint-di\u00e9\"],\"inLanguage\":\"fr-FR\",\"potentialAction\":[{\"@type\":\"CommentAction\",\"name\":\"Comment\",\"target\":[\"https:\/\/vosgesinfo.fr\/remiremontinfo\/2024\/09\/17eme-festival-du-film-jeune-public-graines-des-toiles-dun-continent-a-lautre\/#respond\"]}]},{\"@type\":\"WebPage\",\"@id\":\"https:\/\/vosgesinfo.fr\/remiremontinfo\/2024\/09\/17eme-festival-du-film-jeune-public-graines-des-toiles-dun-continent-a-lautre\/\",\"url\":\"https:\/\/vosgesinfo.fr\/remiremontinfo\/2024\/09\/17eme-festival-du-film-jeune-public-graines-des-toiles-dun-continent-a-lautre\/\",\"name\":\"17\u00e8me Festival du Film Jeune Public Graines des Toiles : D\u2019un continent \u00e0 l\u2019autre\u2026 - Remiremont Info\",\"isPartOf\":{\"@id\":\"https:\/\/vosgesinfo.fr\/remiremontinfo\/#website\"},\"primaryImageOfPage\":{\"@id\":\"https:\/\/vosgesinfo.fr\/remiremontinfo\/2024\/09\/17eme-festival-du-film-jeune-public-graines-des-toiles-dun-continent-a-lautre\/#primaryimage\"},\"image\":{\"@id\":\"https:\/\/vosgesinfo.fr\/remiremontinfo\/2024\/09\/17eme-festival-du-film-jeune-public-graines-des-toiles-dun-continent-a-lautre\/#primaryimage\"},\"thumbnailUrl\":\"https:\/\/vosgesinfo.fr\/app\/uploads\/sites\/5\/2024\/09\/graines-des-toiles-2024.png\",\"datePublished\":\"2024-09-25T04:01:02+00:00\",\"dateModified\":\"2024-09-25T04:01:02+00:00\",\"breadcrumb\":{\"@id\":\"https:\/\/vosgesinfo.fr\/remiremontinfo\/2024\/09\/17eme-festival-du-film-jeune-public-graines-des-toiles-dun-continent-a-lautre\/#breadcrumb\"},\"inLanguage\":\"fr-FR\",\"potentialAction\":[{\"@type\":\"ReadAction\",\"target\":[\"https:\/\/vosgesinfo.fr\/remiremontinfo\/2024\/09\/17eme-festival-du-film-jeune-public-graines-des-toiles-dun-continent-a-lautre\/\"]}]},{\"@type\":\"ImageObject\",\"inLanguage\":\"fr-FR\",\"@id\":\"https:\/\/vosgesinfo.fr\/remiremontinfo\/2024\/09\/17eme-festival-du-film-jeune-public-graines-des-toiles-dun-continent-a-lautre\/#primaryimage\",\"url\":\"https:\/\/vosgesinfo.fr\/app\/uploads\/sites\/5\/2024\/09\/graines-des-toiles-2024.png\",\"contentUrl\":\"https:\/\/vosgesinfo.fr\/app\/uploads\/sites\/5\/2024\/09\/graines-des-toiles-2024.png\",\"width\":500,\"height\":250},{\"@type\":\"BreadcrumbList\",\"@id\":\"https:\/\/vosgesinfo.fr\/remiremontinfo\/2024\/09\/17eme-festival-du-film-jeune-public-graines-des-toiles-dun-continent-a-lautre\/#breadcrumb\",\"itemListElement\":[{\"@type\":\"ListItem\",\"position\":1,\"name\":\"Home\",\"item\":\"https:\/\/vosgesinfo.fr\/remiremontinfo\/\"},{\"@type\":\"ListItem\",\"position\":2,\"name\":\"17\u00e8me Festival du Film Jeune Public Graines des Toiles : D\u2019un continent \u00e0 l\u2019autre\u2026\"}]},{\"@type\":\"WebSite\",\"@id\":\"https:\/\/vosgesinfo.fr\/remiremontinfo\/#website\",\"url\":\"https:\/\/vosgesinfo.fr\/remiremontinfo\/\",\"name\":\"Remiremont Info\",\"description\":\"Toute l&#039;actualit\u00e9 de Remiremont\",\"publisher\":{\"@id\":\"https:\/\/vosgesinfo.fr\/remiremontinfo\/#organization\"},\"alternateName\":\"Toute l'actualit\u00e9 de Remiremont\",\"potentialAction\":[{\"@type\":\"SearchAction\",\"target\":{\"@type\":\"EntryPoint\",\"urlTemplate\":\"https:\/\/vosgesinfo.fr\/remiremontinfo\/?s={search_term_string}\"},\"query-input\":\"required name=search_term_string\"}],\"inLanguage\":\"fr-FR\"},{\"@type\":\"Organization\",\"@id\":\"https:\/\/vosgesinfo.fr\/remiremontinfo\/#organization\",\"name\":\"Remiremont Info\",\"url\":\"https:\/\/vosgesinfo.fr\/remiremontinfo\/\",\"logo\":{\"@type\":\"ImageObject\",\"inLanguage\":\"fr-FR\",\"@id\":\"https:\/\/vosgesinfo.fr\/remiremontinfo\/#\/schema\/logo\/image\/\",\"url\":\"https:\/\/vosgesinfo.fr\/app\/uploads\/sites\/5\/2023\/08\/favicon-remiremontinfo.png\",\"contentUrl\":\"https:\/\/vosgesinfo.fr\/app\/uploads\/sites\/5\/2023\/08\/favicon-remiremontinfo.png\",\"width\":512,\"height\":512,\"caption\":\"Remiremont Info\"},\"image\":{\"@id\":\"https:\/\/vosgesinfo.fr\/remiremontinfo\/#\/schema\/logo\/image\/\"},\"sameAs\":[\"https:\/\/www.facebook.com\/remiremontinfo\",\"https:\/\/x.com\/VosgesInfo88\",\"https:\/\/www.youtube.com\/@vosgesinfo\"]},{\"@type\":\"Person\",\"@id\":\"https:\/\/vosgesinfo.fr\/remiremontinfo\/#\/schema\/person\/27a3695b06db98895b354c0765cdfc31\",\"name\":\"La redaction\",\"image\":{\"@type\":\"ImageObject\",\"inLanguage\":\"fr-FR\",\"@id\":\"https:\/\/vosgesinfo.fr\/remiremontinfo\/#\/schema\/person\/image\/\",\"url\":\"https:\/\/secure.gravatar.com\/avatar\/64c76a78e501cedee55736f43f332df901e1896ae9cd8fad269ae2236dd0e8b6?s=96&d=mm&r=g\",\"contentUrl\":\"https:\/\/secure.gravatar.com\/avatar\/64c76a78e501cedee55736f43f332df901e1896ae9cd8fad269ae2236dd0e8b6?s=96&d=mm&r=g\",\"caption\":\"La redaction\"},\"url\":\"https:\/\/vosgesinfo.fr\/remiremontinfo\/author\/la-redaction\/\"}]}<\/script>\n<!-- \/ Yoast SEO plugin. -->","yoast_head_json":{"title":"17\u00e8me Festival du Film Jeune Public Graines des Toiles : D\u2019un continent \u00e0 l\u2019autre\u2026 - Remiremont Info","robots":{"index":"index","follow":"follow","max-snippet":"max-snippet:-1","max-image-preview":"max-image-preview:large","max-video-preview":"max-video-preview:-1"},"canonical":"https:\/\/vosgesinfo.fr\/remiremontinfo\/2024\/09\/17eme-festival-du-film-jeune-public-graines-des-toiles-dun-continent-a-lautre\/","twitter_card":"summary_large_image","twitter_title":"17\u00e8me Festival du Film Jeune Public Graines des Toiles : D\u2019un continent \u00e0 l\u2019autre\u2026 - Remiremont Info","twitter_description":"Communiqu\u00e9 &nbsp; Rendez-vous pour la 17\u00e8me \u00e9dition du Festival du Film Jeune Public Graines des Toiles de G\u00e9rardmer qui aura [&hellip;]","twitter_image":"https:\/\/vosgesinfo.fr\/app\/uploads\/sites\/5\/2024\/09\/graines-des-toiles-2024.png","twitter_creator":"@VosgesInfo88","twitter_site":"@VosgesInfo88","twitter_misc":{"\u00c9crit par":"La redaction","Dur\u00e9e de lecture estim\u00e9e":"1 minute"},"schema":{"@context":"https:\/\/schema.org","@graph":[{"@type":"Article","@id":"https:\/\/vosgesinfo.fr\/remiremontinfo\/2024\/09\/17eme-festival-du-film-jeune-public-graines-des-toiles-dun-continent-a-lautre\/#article","isPartOf":{"@id":"https:\/\/vosgesinfo.fr\/remiremontinfo\/2024\/09\/17eme-festival-du-film-jeune-public-graines-des-toiles-dun-continent-a-lautre\/"},"author":{"name":"La redaction","@id":"https:\/\/vosgesinfo.fr\/remiremontinfo\/#\/schema\/person\/27a3695b06db98895b354c0765cdfc31"},"headline":"17\u00e8me Festival du Film Jeune Public Graines des Toiles : D\u2019un continent \u00e0 l\u2019autre\u2026","datePublished":"2024-09-25T04:01:02+00:00","dateModified":"2024-09-25T04:01:02+00:00","mainEntityOfPage":{"@id":"https:\/\/vosgesinfo.fr\/remiremontinfo\/2024\/09\/17eme-festival-du-film-jeune-public-graines-des-toiles-dun-continent-a-lautre\/"},"wordCount":164,"commentCount":0,"publisher":{"@id":"https:\/\/vosgesinfo.fr\/remiremontinfo\/#organization"},"image":{"@id":"https:\/\/vosgesinfo.fr\/remiremontinfo\/2024\/09\/17eme-festival-du-film-jeune-public-graines-des-toiles-dun-continent-a-lautre\/#primaryimage"},"thumbnailUrl":"https:\/\/vosgesinfo.fr\/app\/uploads\/sites\/5\/2024\/09\/graines-des-toiles-2024.png","keywords":["festival graines des toiles"],"articleSection":["A la Une","Epinal","Remiremont","Saint-di\u00e9"],"inLanguage":"fr-FR","potentialAction":[{"@type":"CommentAction","name":"Comment","target":["https:\/\/vosgesinfo.fr\/remiremontinfo\/2024\/09\/17eme-festival-du-film-jeune-public-graines-des-toiles-dun-continent-a-lautre\/#respond"]}]},{"@type":"WebPage","@id":"https:\/\/vosgesinfo.fr\/remiremontinfo\/2024\/09\/17eme-festival-du-film-jeune-public-graines-des-toiles-dun-continent-a-lautre\/","url":"https:\/\/vosgesinfo.fr\/remiremontinfo\/2024\/09\/17eme-festival-du-film-jeune-public-graines-des-toiles-dun-continent-a-lautre\/","name":"17\u00e8me Festival du Film Jeune Public Graines des Toiles : D\u2019un continent \u00e0 l\u2019autre\u2026 - Remiremont Info","isPartOf":{"@id":"https:\/\/vosgesinfo.fr\/remiremontinfo\/#website"},"primaryImageOfPage":{"@id":"https:\/\/vosgesinfo.fr\/remiremontinfo\/2024\/09\/17eme-festival-du-film-jeune-public-graines-des-toiles-dun-continent-a-lautre\/#primaryimage"},"image":{"@id":"https:\/\/vosgesinfo.fr\/remiremontinfo\/2024\/09\/17eme-festival-du-film-jeune-public-graines-des-toiles-dun-continent-a-lautre\/#primaryimage"},"thumbnailUrl":"https:\/\/vosgesinfo.fr\/app\/uploads\/sites\/5\/2024\/09\/graines-des-toiles-2024.png","datePublished":"2024-09-25T04:01:02+00:00","dateModified":"2024-09-25T04:01:02+00:00","breadcrumb":{"@id":"https:\/\/vosgesinfo.fr\/remiremontinfo\/2024\/09\/17eme-festival-du-film-jeune-public-graines-des-toiles-dun-continent-a-lautre\/#breadcrumb"},"inLanguage":"fr-FR","potentialAction":[{"@type":"ReadAction","target":["https:\/\/vosgesinfo.fr\/remiremontinfo\/2024\/09\/17eme-festival-du-film-jeune-public-graines-des-toiles-dun-continent-a-lautre\/"]}]},{"@type":"ImageObject","inLanguage":"fr-FR","@id":"https:\/\/vosgesinfo.fr\/remiremontinfo\/2024\/09\/17eme-festival-du-film-jeune-public-graines-des-toiles-dun-continent-a-lautre\/#primaryimage","url":"https:\/\/vosgesinfo.fr\/app\/uploads\/sites\/5\/2024\/09\/graines-des-toiles-2024.png","contentUrl":"https:\/\/vosgesinfo.fr\/app\/uploads\/sites\/5\/2024\/09\/graines-des-toiles-2024.png","width":500,"height":250},{"@type":"BreadcrumbList","@id":"https:\/\/vosgesinfo.fr\/remiremontinfo\/2024\/09\/17eme-festival-du-film-jeune-public-graines-des-toiles-dun-continent-a-lautre\/#breadcrumb","itemListElement":[{"@type":"ListItem","position":1,"name":"Home","item":"https:\/\/vosgesinfo.fr\/remiremontinfo\/"},{"@type":"ListItem","position":2,"name":"17\u00e8me Festival du Film Jeune Public Graines des Toiles : D\u2019un continent \u00e0 l\u2019autre\u2026"}]},{"@type":"WebSite","@id":"https:\/\/vosgesinfo.fr\/remiremontinfo\/#website","url":"https:\/\/vosgesinfo.fr\/remiremontinfo\/","name":"Remiremont Info","description":"Toute l&#039;actualit\u00e9 de Remiremont","publisher":{"@id":"https:\/\/vosgesinfo.fr\/remiremontinfo\/#organization"},"alternateName":"Toute l'actualit\u00e9 de Remiremont","potentialAction":[{"@type":"SearchAction","target":{"@type":"EntryPoint","urlTemplate":"https:\/\/vosgesinfo.fr\/remiremontinfo\/?s={search_term_string}"},"query-input":"required name=search_term_string"}],"inLanguage":"fr-FR"},{"@type":"Organization","@id":"https:\/\/vosgesinfo.fr\/remiremontinfo\/#organization","name":"Remiremont Info","url":"https:\/\/vosgesinfo.fr\/remiremontinfo\/","logo":{"@type":"ImageObject","inLanguage":"fr-FR","@id":"https:\/\/vosgesinfo.fr\/remiremontinfo\/#\/schema\/logo\/image\/","url":"https:\/\/vosgesinfo.fr\/app\/uploads\/sites\/5\/2023\/08\/favicon-remiremontinfo.png","contentUrl":"https:\/\/vosgesinfo.fr\/app\/uploads\/sites\/5\/2023\/08\/favicon-remiremontinfo.png","width":512,"height":512,"caption":"Remiremont Info"},"image":{"@id":"https:\/\/vosgesinfo.fr\/remiremontinfo\/#\/schema\/logo\/image\/"},"sameAs":["https:\/\/www.facebook.com\/remiremontinfo","https:\/\/x.com\/VosgesInfo88","https:\/\/www.youtube.com\/@vosgesinfo"]},{"@type":"Person","@id":"https:\/\/vosgesinfo.fr\/remiremontinfo\/#\/schema\/person\/27a3695b06db98895b354c0765cdfc31","name":"La redaction","image":{"@type":"ImageObject","inLanguage":"fr-FR","@id":"https:\/\/vosgesinfo.fr\/remiremontinfo\/#\/schema\/person\/image\/","url":"https:\/\/secure.gravatar.com\/avatar\/64c76a78e501cedee55736f43f332df901e1896ae9cd8fad269ae2236dd0e8b6?s=96&d=mm&r=g","contentUrl":"https:\/\/secure.gravatar.com\/avatar\/64c76a78e501cedee55736f43f332df901e1896ae9cd8fad269ae2236dd0e8b6?s=96&d=mm&r=g","caption":"La redaction"},"url":"https:\/\/vosgesinfo.fr\/remiremontinfo\/author\/la-redaction\/"}]}},"_links":{"self":[{"href":"https:\/\/vosgesinfo.fr\/remiremontinfo\/wp-json\/wp\/v2\/posts\/73794","targetHints":{"allow":["GET"]}}],"collection":[{"href":"https:\/\/vosgesinfo.fr\/remiremontinfo\/wp-json\/wp\/v2\/posts"}],"about":[{"href":"https:\/\/vosgesinfo.fr\/remiremontinfo\/wp-json\/wp\/v2\/types\/post"}],"author":[{"embeddable":true,"href":"https:\/\/vosgesinfo.fr\/remiremontinfo\/wp-json\/wp\/v2\/users\/391"}],"replies":[{"embeddable":true,"href":"https:\/\/vosgesinfo.fr\/remiremontinfo\/wp-json\/wp\/v2\/comments?post=73794"}],"version-history":[{"count":0,"href":"https:\/\/vosgesinfo.fr\/remiremontinfo\/wp-json\/wp\/v2\/posts\/73794\/revisions"}],"wp:featuredmedia":[{"embeddable":true,"href":"https:\/\/vosgesinfo.fr\/remiremontinfo\/wp-json\/wp\/v2\/media\/73795"}],"wp:attachment":[{"href":"https:\/\/vosgesinfo.fr\/remiremontinfo\/wp-json\/wp\/v2\/media?parent=73794"}],"wp:term":[{"taxonomy":"category","embeddable":true,"href":"https:\/\/vosgesinfo.fr\/remiremontinfo\/wp-json\/wp\/v2\/categories?post=73794"},{"taxonomy":"post_tag","embeddable":true,"href":"https:\/\/vosgesinfo.fr\/remiremontinfo\/wp-json\/wp\/v2\/tags?post=73794"}],"curies":[{"name":"wp","href":"https:\/\/api.w.org\/{rel}","templated":true}]}}