{"id":73796,"date":"2024-09-25T05:59:18","date_gmt":"2024-09-25T03:59:18","guid":{"rendered":"https:\/\/vosgesinfo.fr\/remiremontinfo\/2024\/09\/les-jeunes-kayakistes-decouvrent-la-competition-tout-en-samusant-avec-lasg-canoe-kayak-2\/"},"modified":"2024-09-25T05:59:18","modified_gmt":"2024-09-25T03:59:18","slug":"les-jeunes-kayakistes-decouvrent-la-competition-tout-en-samusant-avec-lasg-canoe-kayak-2","status":"publish","type":"post","link":"https:\/\/vosgesinfo.fr\/remiremontinfo\/2024\/09\/les-jeunes-kayakistes-decouvrent-la-competition-tout-en-samusant-avec-lasg-canoe-kayak-2\/","title":{"rendered":"Les\u00a0 jeunes kayakistes d\u00e9couvrent la comp\u00e9tition tout en s\u2019amusant avec l\u2019ASG Cano\u00eb Kayak"},"content":{"rendered":"<p><strong><a href=\"https:\/\/vosgesinfo.fr\/app\/uploads\/sites\/6\/2024\/09\/chpt-des-vosges-jeunes-asgck-2-scaled.jpg\"><img decoding=\"async\" class=\"aligncenter size-large wp-image-68982\" src=\"https:\/\/vosgesinfo.fr\/app\/uploads\/sites\/6\/2024\/09\/chpt-des-vosges-jeunes-asgck-2-1024x768.jpg\" alt=\"\" width=\"1024\" height=\"768\" \/><\/a><\/strong><\/p>\n<p>&nbsp;<\/p>\n<p><strong>Ce samedi 21 septembre les jeunes kayakistes de poussins \u00e0 minimes se sont retrouv\u00e9s \u00e0 la Base Nautique pour les championnats des Vosges organis\u00e9s par l\u2019ASG Cano\u00eb Kayak.<\/strong><\/p>\n<p>Ils \u00e9taient une trentaine \u00e0 participer aux diff\u00e9rentes \u00e9preuves ludiques et se sont affront\u00e9 sur l\u2019eau sur des petits parcours en Kayak, Stand Up Paddle et Dragonboat. Tout le mat\u00e9riel \u00e9tait mis \u00e0 disposition et pour la course en kayak les jeunes comp\u00e9titeurs ont choisi le bateau dans lequel ils se sentaient le plus \u00e0 l\u2019aise. Une belle ambiance et un bel esprit sportif pour la rel\u00e8ve de demain. La journ\u00e9e s\u2019est termin\u00e9e par un go\u00fbter et une remise de m\u00e9dailles pour le plus grand plaisir de tous.<\/p>\n<p>Le weekend prochain l\u2019ASG CK sera sur tous les fronts\u00a0: l\u2019\u00e9quipe de Dragonboat se rend au championnat de France \u00e0 Chamouille. Les descendeurs quant \u00e0 eux participent au championnat r\u00e9gional de descente \u00e0 Strasbourg et les plus jeunes au challenge de Lorraine \u00e0 Metz.<\/p>\n<p>Les podiums\u00a0:<\/p>\n<p><strong>Poussins D<\/strong><\/p>\n<p>1\u00e9re Mathilde Crouvisier ASG CK<\/p>\n<p><strong>Poussins H<\/strong><\/p>\n<p>1<sup>er<\/sup> S\u00e9bastien Lecoanet GESN<\/p>\n<p>2<sup>e<\/sup> Victor Maniez AKADEO<\/p>\n<p>3<sup>e<\/sup> Marc Toussaint GESN<\/p>\n<p><strong>Benjamins D\u00a0:<\/strong><\/p>\n<p>1\u00e9re H\u00e9lo\u00efse Mazerat ASG CK<\/p>\n<p>2<sup>e<\/sup> Louise Schott Zimmer AKADEO<\/p>\n<p>3<sup>e<\/sup> Rose Labussi\u00e8re ASG CK<\/p>\n<p><strong>Benjamins H\u00a0:<\/strong><\/p>\n<p>1<sup>er<\/sup> Ugo Trappler AKADEO<\/p>\n<p>2<sup>e<\/sup> Tom Job AKADEO<\/p>\n<p>3<sup>e<\/sup> Samuel Bourgois Houillon GESN<\/p>\n<p><strong>Minimes D\u00a0:<\/strong><\/p>\n<p>1\u00e9re M\u00e9lyne Robert ASG CK<\/p>\n<p>2<sup>e<\/sup> Alycia Remi ASG CK<\/p>\n<p>3<sup>e<\/sup> Alya Francke Belhadj ASG CK<\/p>\n<p><strong>Minimes H\u00a0:<\/strong><\/p>\n<p>1<sup>er<\/sup> Lubin Hubschi ASG CK<\/p>\n<p>2e Evan Didier ASG CK<\/p>\n<p>Tous les r\u00e9sultats ici : <a href=\"https:\/\/vosgesinfo.fr\/app\/uploads\/sites\/6\/2024\/09\/2024-09-gestion-courses-championnat-des-vosges-2024-09-21.pdf\">2024-09-Gestion Courses Championnat des Vosges_2024-09-21<\/a><\/p>\n<p><a href=\"https:\/\/vosgesinfo.fr\/app\/uploads\/sites\/6\/2024\/09\/chpt-des-vosges-jeunes-asgck-1-scaled.jpg\"><img decoding=\"async\" class=\"aligncenter size-large wp-image-68983\" src=\"https:\/\/vosgesinfo.fr\/app\/uploads\/sites\/6\/2024\/09\/chpt-des-vosges-jeunes-asgck-1-1024x768.jpg\" alt=\"\" width=\"1024\" height=\"768\" \/><\/a><\/p>\n","protected":false},"excerpt":{"rendered":"<p>&nbsp; Ce samedi 21 septembre les jeunes kayakistes de poussins \u00e0 minimes se sont retrouv\u00e9s \u00e0 la Base Nautique pour [&hellip;]<\/p>\n","protected":false},"author":258,"featured_media":73797,"comment_status":"open","ping_status":"open","sticky":false,"template":"","format":"standard","meta":{"footnotes":""},"categories":[26,108,62,43,362,14,18],"tags":[6103,6104,6105],"class_list":["post-73796","post","type-post","status-publish","format-standard","has-post-thumbnail","hentry","category-a-la-une","category-epinal","category-gerardmer","category-remiremont-remiremont-son-canton","category-saint-die","category-sport","category-vosges","tag-asg-ck","tag-base-nautique","tag-championnat-des-vosges-kayak"],"acf":[],"yoast_head":"<!-- This site is optimized with the Yoast SEO plugin v22.5 - https:\/\/yoast.com\/wordpress\/plugins\/seo\/ -->\n<title>Les\u00a0 jeunes kayakistes d\u00e9couvrent la comp\u00e9tition tout en s\u2019amusant avec l\u2019ASG Cano\u00eb Kayak - Remiremont Info<\/title>\n<meta name=\"robots\" content=\"index, follow, max-snippet:-1, max-image-preview:large, max-video-preview:-1\" \/>\n<link rel=\"canonical\" href=\"https:\/\/vosgesinfo.fr\/remiremontinfo\/2024\/09\/les-jeunes-kayakistes-decouvrent-la-competition-tout-en-samusant-avec-lasg-canoe-kayak-2\/\" \/>\n<meta name=\"twitter:card\" content=\"summary_large_image\" \/>\n<meta name=\"twitter:title\" content=\"Les\u00a0 jeunes kayakistes d\u00e9couvrent la comp\u00e9tition tout en s\u2019amusant avec l\u2019ASG Cano\u00eb Kayak - Remiremont Info\" \/>\n<meta name=\"twitter:description\" content=\"&nbsp; Ce samedi 21 septembre les jeunes kayakistes de poussins \u00e0 minimes se sont retrouv\u00e9s \u00e0 la Base Nautique pour [&hellip;]\" \/>\n<meta name=\"twitter:image\" content=\"https:\/\/vosgesinfo.fr\/app\/uploads\/sites\/5\/2024\/09\/chpt-des-vosges-jeunes-asgck-2-scaled-2.jpg\" \/>\n<meta name=\"twitter:creator\" content=\"@VosgesInfo88\" \/>\n<meta name=\"twitter:site\" content=\"@VosgesInfo88\" \/>\n<meta name=\"twitter:label1\" content=\"\u00c9crit par\" \/>\n\t<meta name=\"twitter:data1\" content=\"I.N\" \/>\n\t<meta name=\"twitter:label2\" content=\"Dur\u00e9e de lecture estim\u00e9e\" \/>\n\t<meta name=\"twitter:data2\" content=\"1 minute\" \/>\n<script type=\"application\/ld+json\" class=\"yoast-schema-graph\">{\"@context\":\"https:\/\/schema.org\",\"@graph\":[{\"@type\":\"Article\",\"@id\":\"https:\/\/vosgesinfo.fr\/remiremontinfo\/2024\/09\/les-jeunes-kayakistes-decouvrent-la-competition-tout-en-samusant-avec-lasg-canoe-kayak-2\/#article\",\"isPartOf\":{\"@id\":\"https:\/\/vosgesinfo.fr\/remiremontinfo\/2024\/09\/les-jeunes-kayakistes-decouvrent-la-competition-tout-en-samusant-avec-lasg-canoe-kayak-2\/\"},\"author\":{\"name\":\"I.N\",\"@id\":\"https:\/\/vosgesinfo.fr\/remiremontinfo\/#\/schema\/person\/bb210d3430e59ff5cd247deaccb63615\"},\"headline\":\"Les\u00a0 jeunes kayakistes d\u00e9couvrent la comp\u00e9tition tout en s\u2019amusant avec l\u2019ASG Cano\u00eb Kayak\",\"datePublished\":\"2024-09-25T03:59:18+00:00\",\"dateModified\":\"2024-09-25T03:59:18+00:00\",\"mainEntityOfPage\":{\"@id\":\"https:\/\/vosgesinfo.fr\/remiremontinfo\/2024\/09\/les-jeunes-kayakistes-decouvrent-la-competition-tout-en-samusant-avec-lasg-canoe-kayak-2\/\"},\"wordCount\":288,\"commentCount\":0,\"publisher\":{\"@id\":\"https:\/\/vosgesinfo.fr\/remiremontinfo\/#organization\"},\"image\":{\"@id\":\"https:\/\/vosgesinfo.fr\/remiremontinfo\/2024\/09\/les-jeunes-kayakistes-decouvrent-la-competition-tout-en-samusant-avec-lasg-canoe-kayak-2\/#primaryimage\"},\"thumbnailUrl\":\"https:\/\/vosgesinfo.fr\/app\/uploads\/sites\/5\/2024\/09\/chpt-des-vosges-jeunes-asgck-2-scaled-2.jpg\",\"keywords\":[\"ASG CK\",\"base nautique\",\"championnat des Vosges kayak\"],\"articleSection\":[\"A la Une\",\"Epinal\",\"G\u00e9rardmer\",\"Remiremont\",\"Saint-di\u00e9\",\"Sport\",\"Vosges\"],\"inLanguage\":\"fr-FR\",\"potentialAction\":[{\"@type\":\"CommentAction\",\"name\":\"Comment\",\"target\":[\"https:\/\/vosgesinfo.fr\/remiremontinfo\/2024\/09\/les-jeunes-kayakistes-decouvrent-la-competition-tout-en-samusant-avec-lasg-canoe-kayak-2\/#respond\"]}]},{\"@type\":\"WebPage\",\"@id\":\"https:\/\/vosgesinfo.fr\/remiremontinfo\/2024\/09\/les-jeunes-kayakistes-decouvrent-la-competition-tout-en-samusant-avec-lasg-canoe-kayak-2\/\",\"url\":\"https:\/\/vosgesinfo.fr\/remiremontinfo\/2024\/09\/les-jeunes-kayakistes-decouvrent-la-competition-tout-en-samusant-avec-lasg-canoe-kayak-2\/\",\"name\":\"Les\u00a0 jeunes kayakistes d\u00e9couvrent la comp\u00e9tition tout en s\u2019amusant avec l\u2019ASG Cano\u00eb Kayak - Remiremont Info\",\"isPartOf\":{\"@id\":\"https:\/\/vosgesinfo.fr\/remiremontinfo\/#website\"},\"primaryImageOfPage\":{\"@id\":\"https:\/\/vosgesinfo.fr\/remiremontinfo\/2024\/09\/les-jeunes-kayakistes-decouvrent-la-competition-tout-en-samusant-avec-lasg-canoe-kayak-2\/#primaryimage\"},\"image\":{\"@id\":\"https:\/\/vosgesinfo.fr\/remiremontinfo\/2024\/09\/les-jeunes-kayakistes-decouvrent-la-competition-tout-en-samusant-avec-lasg-canoe-kayak-2\/#primaryimage\"},\"thumbnailUrl\":\"https:\/\/vosgesinfo.fr\/app\/uploads\/sites\/5\/2024\/09\/chpt-des-vosges-jeunes-asgck-2-scaled-2.jpg\",\"datePublished\":\"2024-09-25T03:59:18+00:00\",\"dateModified\":\"2024-09-25T03:59:18+00:00\",\"breadcrumb\":{\"@id\":\"https:\/\/vosgesinfo.fr\/remiremontinfo\/2024\/09\/les-jeunes-kayakistes-decouvrent-la-competition-tout-en-samusant-avec-lasg-canoe-kayak-2\/#breadcrumb\"},\"inLanguage\":\"fr-FR\",\"potentialAction\":[{\"@type\":\"ReadAction\",\"target\":[\"https:\/\/vosgesinfo.fr\/remiremontinfo\/2024\/09\/les-jeunes-kayakistes-decouvrent-la-competition-tout-en-samusant-avec-lasg-canoe-kayak-2\/\"]}]},{\"@type\":\"ImageObject\",\"inLanguage\":\"fr-FR\",\"@id\":\"https:\/\/vosgesinfo.fr\/remiremontinfo\/2024\/09\/les-jeunes-kayakistes-decouvrent-la-competition-tout-en-samusant-avec-lasg-canoe-kayak-2\/#primaryimage\",\"url\":\"https:\/\/vosgesinfo.fr\/app\/uploads\/sites\/5\/2024\/09\/chpt-des-vosges-jeunes-asgck-2-scaled-2.jpg\",\"contentUrl\":\"https:\/\/vosgesinfo.fr\/app\/uploads\/sites\/5\/2024\/09\/chpt-des-vosges-jeunes-asgck-2-scaled-2.jpg\",\"width\":2560,\"height\":1920},{\"@type\":\"BreadcrumbList\",\"@id\":\"https:\/\/vosgesinfo.fr\/remiremontinfo\/2024\/09\/les-jeunes-kayakistes-decouvrent-la-competition-tout-en-samusant-avec-lasg-canoe-kayak-2\/#breadcrumb\",\"itemListElement\":[{\"@type\":\"ListItem\",\"position\":1,\"name\":\"Home\",\"item\":\"https:\/\/vosgesinfo.fr\/remiremontinfo\/\"},{\"@type\":\"ListItem\",\"position\":2,\"name\":\"Les\u00a0 jeunes kayakistes d\u00e9couvrent la comp\u00e9tition tout en s\u2019amusant avec l\u2019ASG Cano\u00eb Kayak\"}]},{\"@type\":\"WebSite\",\"@id\":\"https:\/\/vosgesinfo.fr\/remiremontinfo\/#website\",\"url\":\"https:\/\/vosgesinfo.fr\/remiremontinfo\/\",\"name\":\"Remiremont Info\",\"description\":\"Toute l&#039;actualit\u00e9 de Remiremont\",\"publisher\":{\"@id\":\"https:\/\/vosgesinfo.fr\/remiremontinfo\/#organization\"},\"alternateName\":\"Toute l'actualit\u00e9 de Remiremont\",\"potentialAction\":[{\"@type\":\"SearchAction\",\"target\":{\"@type\":\"EntryPoint\",\"urlTemplate\":\"https:\/\/vosgesinfo.fr\/remiremontinfo\/?s={search_term_string}\"},\"query-input\":\"required name=search_term_string\"}],\"inLanguage\":\"fr-FR\"},{\"@type\":\"Organization\",\"@id\":\"https:\/\/vosgesinfo.fr\/remiremontinfo\/#organization\",\"name\":\"Remiremont Info\",\"url\":\"https:\/\/vosgesinfo.fr\/remiremontinfo\/\",\"logo\":{\"@type\":\"ImageObject\",\"inLanguage\":\"fr-FR\",\"@id\":\"https:\/\/vosgesinfo.fr\/remiremontinfo\/#\/schema\/logo\/image\/\",\"url\":\"https:\/\/vosgesinfo.fr\/app\/uploads\/sites\/5\/2023\/08\/favicon-remiremontinfo.png\",\"contentUrl\":\"https:\/\/vosgesinfo.fr\/app\/uploads\/sites\/5\/2023\/08\/favicon-remiremontinfo.png\",\"width\":512,\"height\":512,\"caption\":\"Remiremont Info\"},\"image\":{\"@id\":\"https:\/\/vosgesinfo.fr\/remiremontinfo\/#\/schema\/logo\/image\/\"},\"sameAs\":[\"https:\/\/www.facebook.com\/remiremontinfo\",\"https:\/\/x.com\/VosgesInfo88\",\"https:\/\/www.youtube.com\/@vosgesinfo\"]},{\"@type\":\"Person\",\"@id\":\"https:\/\/vosgesinfo.fr\/remiremontinfo\/#\/schema\/person\/bb210d3430e59ff5cd247deaccb63615\",\"name\":\"I.N\",\"image\":{\"@type\":\"ImageObject\",\"inLanguage\":\"fr-FR\",\"@id\":\"https:\/\/vosgesinfo.fr\/remiremontinfo\/#\/schema\/person\/image\/\",\"url\":\"https:\/\/secure.gravatar.com\/avatar\/612d5c20a39b1c8bc5675cc8e3d99e120730e7d080423fdafec485619845af71?s=96&d=mm&r=g\",\"contentUrl\":\"https:\/\/secure.gravatar.com\/avatar\/612d5c20a39b1c8bc5675cc8e3d99e120730e7d080423fdafec485619845af71?s=96&d=mm&r=g\",\"caption\":\"I.N\"},\"url\":\"https:\/\/vosgesinfo.fr\/remiremontinfo\/author\/i-ngerardmer\/\"}]}<\/script>\n<!-- \/ Yoast SEO plugin. -->","yoast_head_json":{"title":"Les\u00a0 jeunes kayakistes d\u00e9couvrent la comp\u00e9tition tout en s\u2019amusant avec l\u2019ASG Cano\u00eb Kayak - Remiremont Info","robots":{"index":"index","follow":"follow","max-snippet":"max-snippet:-1","max-image-preview":"max-image-preview:large","max-video-preview":"max-video-preview:-1"},"canonical":"https:\/\/vosgesinfo.fr\/remiremontinfo\/2024\/09\/les-jeunes-kayakistes-decouvrent-la-competition-tout-en-samusant-avec-lasg-canoe-kayak-2\/","twitter_card":"summary_large_image","twitter_title":"Les\u00a0 jeunes kayakistes d\u00e9couvrent la comp\u00e9tition tout en s\u2019amusant avec l\u2019ASG Cano\u00eb Kayak - Remiremont Info","twitter_description":"&nbsp; Ce samedi 21 septembre les jeunes kayakistes de poussins \u00e0 minimes se sont retrouv\u00e9s \u00e0 la Base Nautique pour [&hellip;]","twitter_image":"https:\/\/vosgesinfo.fr\/app\/uploads\/sites\/5\/2024\/09\/chpt-des-vosges-jeunes-asgck-2-scaled-2.jpg","twitter_creator":"@VosgesInfo88","twitter_site":"@VosgesInfo88","twitter_misc":{"\u00c9crit par":"I.N","Dur\u00e9e de lecture estim\u00e9e":"1 minute"},"schema":{"@context":"https:\/\/schema.org","@graph":[{"@type":"Article","@id":"https:\/\/vosgesinfo.fr\/remiremontinfo\/2024\/09\/les-jeunes-kayakistes-decouvrent-la-competition-tout-en-samusant-avec-lasg-canoe-kayak-2\/#article","isPartOf":{"@id":"https:\/\/vosgesinfo.fr\/remiremontinfo\/2024\/09\/les-jeunes-kayakistes-decouvrent-la-competition-tout-en-samusant-avec-lasg-canoe-kayak-2\/"},"author":{"name":"I.N","@id":"https:\/\/vosgesinfo.fr\/remiremontinfo\/#\/schema\/person\/bb210d3430e59ff5cd247deaccb63615"},"headline":"Les\u00a0 jeunes kayakistes d\u00e9couvrent la comp\u00e9tition tout en s\u2019amusant avec l\u2019ASG Cano\u00eb Kayak","datePublished":"2024-09-25T03:59:18+00:00","dateModified":"2024-09-25T03:59:18+00:00","mainEntityOfPage":{"@id":"https:\/\/vosgesinfo.fr\/remiremontinfo\/2024\/09\/les-jeunes-kayakistes-decouvrent-la-competition-tout-en-samusant-avec-lasg-canoe-kayak-2\/"},"wordCount":288,"commentCount":0,"publisher":{"@id":"https:\/\/vosgesinfo.fr\/remiremontinfo\/#organization"},"image":{"@id":"https:\/\/vosgesinfo.fr\/remiremontinfo\/2024\/09\/les-jeunes-kayakistes-decouvrent-la-competition-tout-en-samusant-avec-lasg-canoe-kayak-2\/#primaryimage"},"thumbnailUrl":"https:\/\/vosgesinfo.fr\/app\/uploads\/sites\/5\/2024\/09\/chpt-des-vosges-jeunes-asgck-2-scaled-2.jpg","keywords":["ASG CK","base nautique","championnat des Vosges kayak"],"articleSection":["A la Une","Epinal","G\u00e9rardmer","Remiremont","Saint-di\u00e9","Sport","Vosges"],"inLanguage":"fr-FR","potentialAction":[{"@type":"CommentAction","name":"Comment","target":["https:\/\/vosgesinfo.fr\/remiremontinfo\/2024\/09\/les-jeunes-kayakistes-decouvrent-la-competition-tout-en-samusant-avec-lasg-canoe-kayak-2\/#respond"]}]},{"@type":"WebPage","@id":"https:\/\/vosgesinfo.fr\/remiremontinfo\/2024\/09\/les-jeunes-kayakistes-decouvrent-la-competition-tout-en-samusant-avec-lasg-canoe-kayak-2\/","url":"https:\/\/vosgesinfo.fr\/remiremontinfo\/2024\/09\/les-jeunes-kayakistes-decouvrent-la-competition-tout-en-samusant-avec-lasg-canoe-kayak-2\/","name":"Les\u00a0 jeunes kayakistes d\u00e9couvrent la comp\u00e9tition tout en s\u2019amusant avec l\u2019ASG Cano\u00eb Kayak - Remiremont Info","isPartOf":{"@id":"https:\/\/vosgesinfo.fr\/remiremontinfo\/#website"},"primaryImageOfPage":{"@id":"https:\/\/vosgesinfo.fr\/remiremontinfo\/2024\/09\/les-jeunes-kayakistes-decouvrent-la-competition-tout-en-samusant-avec-lasg-canoe-kayak-2\/#primaryimage"},"image":{"@id":"https:\/\/vosgesinfo.fr\/remiremontinfo\/2024\/09\/les-jeunes-kayakistes-decouvrent-la-competition-tout-en-samusant-avec-lasg-canoe-kayak-2\/#primaryimage"},"thumbnailUrl":"https:\/\/vosgesinfo.fr\/app\/uploads\/sites\/5\/2024\/09\/chpt-des-vosges-jeunes-asgck-2-scaled-2.jpg","datePublished":"2024-09-25T03:59:18+00:00","dateModified":"2024-09-25T03:59:18+00:00","breadcrumb":{"@id":"https:\/\/vosgesinfo.fr\/remiremontinfo\/2024\/09\/les-jeunes-kayakistes-decouvrent-la-competition-tout-en-samusant-avec-lasg-canoe-kayak-2\/#breadcrumb"},"inLanguage":"fr-FR","potentialAction":[{"@type":"ReadAction","target":["https:\/\/vosgesinfo.fr\/remiremontinfo\/2024\/09\/les-jeunes-kayakistes-decouvrent-la-competition-tout-en-samusant-avec-lasg-canoe-kayak-2\/"]}]},{"@type":"ImageObject","inLanguage":"fr-FR","@id":"https:\/\/vosgesinfo.fr\/remiremontinfo\/2024\/09\/les-jeunes-kayakistes-decouvrent-la-competition-tout-en-samusant-avec-lasg-canoe-kayak-2\/#primaryimage","url":"https:\/\/vosgesinfo.fr\/app\/uploads\/sites\/5\/2024\/09\/chpt-des-vosges-jeunes-asgck-2-scaled-2.jpg","contentUrl":"https:\/\/vosgesinfo.fr\/app\/uploads\/sites\/5\/2024\/09\/chpt-des-vosges-jeunes-asgck-2-scaled-2.jpg","width":2560,"height":1920},{"@type":"BreadcrumbList","@id":"https:\/\/vosgesinfo.fr\/remiremontinfo\/2024\/09\/les-jeunes-kayakistes-decouvrent-la-competition-tout-en-samusant-avec-lasg-canoe-kayak-2\/#breadcrumb","itemListElement":[{"@type":"ListItem","position":1,"name":"Home","item":"https:\/\/vosgesinfo.fr\/remiremontinfo\/"},{"@type":"ListItem","position":2,"name":"Les\u00a0 jeunes kayakistes d\u00e9couvrent la comp\u00e9tition tout en s\u2019amusant avec l\u2019ASG Cano\u00eb Kayak"}]},{"@type":"WebSite","@id":"https:\/\/vosgesinfo.fr\/remiremontinfo\/#website","url":"https:\/\/vosgesinfo.fr\/remiremontinfo\/","name":"Remiremont Info","description":"Toute l&#039;actualit\u00e9 de Remiremont","publisher":{"@id":"https:\/\/vosgesinfo.fr\/remiremontinfo\/#organization"},"alternateName":"Toute l'actualit\u00e9 de Remiremont","potentialAction":[{"@type":"SearchAction","target":{"@type":"EntryPoint","urlTemplate":"https:\/\/vosgesinfo.fr\/remiremontinfo\/?s={search_term_string}"},"query-input":"required name=search_term_string"}],"inLanguage":"fr-FR"},{"@type":"Organization","@id":"https:\/\/vosgesinfo.fr\/remiremontinfo\/#organization","name":"Remiremont Info","url":"https:\/\/vosgesinfo.fr\/remiremontinfo\/","logo":{"@type":"ImageObject","inLanguage":"fr-FR","@id":"https:\/\/vosgesinfo.fr\/remiremontinfo\/#\/schema\/logo\/image\/","url":"https:\/\/vosgesinfo.fr\/app\/uploads\/sites\/5\/2023\/08\/favicon-remiremontinfo.png","contentUrl":"https:\/\/vosgesinfo.fr\/app\/uploads\/sites\/5\/2023\/08\/favicon-remiremontinfo.png","width":512,"height":512,"caption":"Remiremont Info"},"image":{"@id":"https:\/\/vosgesinfo.fr\/remiremontinfo\/#\/schema\/logo\/image\/"},"sameAs":["https:\/\/www.facebook.com\/remiremontinfo","https:\/\/x.com\/VosgesInfo88","https:\/\/www.youtube.com\/@vosgesinfo"]},{"@type":"Person","@id":"https:\/\/vosgesinfo.fr\/remiremontinfo\/#\/schema\/person\/bb210d3430e59ff5cd247deaccb63615","name":"I.N","image":{"@type":"ImageObject","inLanguage":"fr-FR","@id":"https:\/\/vosgesinfo.fr\/remiremontinfo\/#\/schema\/person\/image\/","url":"https:\/\/secure.gravatar.com\/avatar\/612d5c20a39b1c8bc5675cc8e3d99e120730e7d080423fdafec485619845af71?s=96&d=mm&r=g","contentUrl":"https:\/\/secure.gravatar.com\/avatar\/612d5c20a39b1c8bc5675cc8e3d99e120730e7d080423fdafec485619845af71?s=96&d=mm&r=g","caption":"I.N"},"url":"https:\/\/vosgesinfo.fr\/remiremontinfo\/author\/i-ngerardmer\/"}]}},"_links":{"self":[{"href":"https:\/\/vosgesinfo.fr\/remiremontinfo\/wp-json\/wp\/v2\/posts\/73796","targetHints":{"allow":["GET"]}}],"collection":[{"href":"https:\/\/vosgesinfo.fr\/remiremontinfo\/wp-json\/wp\/v2\/posts"}],"about":[{"href":"https:\/\/vosgesinfo.fr\/remiremontinfo\/wp-json\/wp\/v2\/types\/post"}],"author":[{"embeddable":true,"href":"https:\/\/vosgesinfo.fr\/remiremontinfo\/wp-json\/wp\/v2\/users\/258"}],"replies":[{"embeddable":true,"href":"https:\/\/vosgesinfo.fr\/remiremontinfo\/wp-json\/wp\/v2\/comments?post=73796"}],"version-history":[{"count":0,"href":"https:\/\/vosgesinfo.fr\/remiremontinfo\/wp-json\/wp\/v2\/posts\/73796\/revisions"}],"wp:featuredmedia":[{"embeddable":true,"href":"https:\/\/vosgesinfo.fr\/remiremontinfo\/wp-json\/wp\/v2\/media\/73797"}],"wp:attachment":[{"href":"https:\/\/vosgesinfo.fr\/remiremontinfo\/wp-json\/wp\/v2\/media?parent=73796"}],"wp:term":[{"taxonomy":"category","embeddable":true,"href":"https:\/\/vosgesinfo.fr\/remiremontinfo\/wp-json\/wp\/v2\/categories?post=73796"},{"taxonomy":"post_tag","embeddable":true,"href":"https:\/\/vosgesinfo.fr\/remiremontinfo\/wp-json\/wp\/v2\/tags?post=73796"}],"curies":[{"name":"wp","href":"https:\/\/api.w.org\/{rel}","templated":true}]}}