{"id":73802,"date":"2024-09-25T10:01:34","date_gmt":"2024-09-25T08:01:34","guid":{"rendered":"https:\/\/vosgesinfo.fr\/remiremontinfo\/?p=73802"},"modified":"2024-09-25T10:01:34","modified_gmt":"2024-09-25T08:01:34","slug":"les-animations-doctobre-a-la-mediatheque-du-thillot","status":"publish","type":"post","link":"https:\/\/vosgesinfo.fr\/remiremontinfo\/2024\/09\/les-animations-doctobre-a-la-mediatheque-du-thillot\/","title":{"rendered":"Les animations d&rsquo;octobre \u00e0 la m\u00e9diath\u00e8que du Thillot"},"content":{"rendered":"<table border=\"0\" width=\"800\" cellspacing=\"0\" cellpadding=\"0\" align=\"center\">\n<tbody>\n<tr>\n<td align=\"center\" valign=\"top\" width=\"800\">\n<h1><strong>ANIMATIONS D&rsquo;OCTOBRE<\/strong><\/h1>\n<\/td>\n<\/tr>\n<tr>\n<td valign=\"top\" width=\"800\">\n<table border=\"0\" width=\"800\" cellspacing=\"0\" cellpadding=\"0\" align=\"center\">\n<tbody>\n<tr>\n<td width=\"15\"><\/td>\n<td valign=\"top\" width=\"570\">&nbsp;<\/p>\n<div>\n<p><strong>Infos diverses :<\/strong><\/p>\n<p><strong>Samedi 28 septembre<\/strong><strong>,<\/strong><strong> la m\u00e9diath\u00e8que ouvrira ses portes \u00e0 <\/strong><strong>11h<\/strong><strong> (au lieu de 09h30), merci pour votre compr\u00e9hension. <\/strong><\/p>\n<p><strong>Appel \u00e0 pr\u00eat de documents :<\/strong> cette ann\u00e9e marque le 80e anniversaire de la lib\u00e9ration du Thillot et de la Vall\u00e9e de la Moselle. A cette occasion, nous souhaitons mettre en place courant novembre une exposition en lien avec cette p\u00e9riode. Si vous poss\u00e9dez des <strong>photos, objets, documents<\/strong> \u00e0 nous pr\u00eater et qui puissent enrichir cette exposition, ainsi que des<strong> anecdotes, t\u00e9moignages familiaux <\/strong>ou autres \u00e0 nous faire partager, n\u2019h\u00e9sitez pas \u00e0 nous contacter !<\/p>\n<\/div>\n<\/td>\n<\/tr>\n<\/tbody>\n<\/table>\n<\/td>\n<\/tr>\n<\/tbody>\n<\/table>\n<table width=\"100%\">\n<tbody>\n<tr>\n<td><span class=\"S1PPyQ\">PETITES PAGES<\/span><\/td>\n<\/tr>\n<\/tbody>\n<\/table>\n<p><img decoding=\"async\" class=\"img-responsive alignright\" src=\"https:\/\/www.mediatheque-lethillot.fr\/vendors\/richfilemanager\/connectors\/php\/filemanager.php?mode=readfile&amp;path=%2Fcroco.png&amp;time=1726840117461\" alt=\"\" width=\"367\" height=\"350\" \/><\/p>\n<p>&nbsp;<\/p>\n<p><strong>SAMEDI 5 OCTOBRE, 10h<\/strong><\/p>\n<p>&nbsp;<\/p>\n<p>Petites histoires, chansons et jeux de doigts \u00e0 destination des tout-petits<\/p>\n<p>&nbsp;<\/p>\n<p><em>Enfants de 0 \u00e0 3 ans, entr\u00e9e libre<\/em><\/p>\n<p>&nbsp;<\/p>\n<p>&nbsp;<\/p>\n<p>&nbsp;<\/p>\n<p>&nbsp;<\/p>\n<p>&nbsp;<\/p>\n<table width=\"100%\">\n<tbody>\n<tr>\n<td style=\"text-align: right;\"><span class=\"S1PPyQ\">PAPERCRAFT 3D : ANUBIS<\/span><\/td>\n<\/tr>\n<\/tbody>\n<\/table>\n<p><img decoding=\"async\" class=\"img-responsive alignright\" src=\"https:\/\/www.mediatheque-lethillot.fr\/vendors\/richfilemanager\/connectors\/php\/filemanager.php?mode=readfile&amp;path=%2FIMG_4973.JPG&amp;time=1726906846937\" alt=\"\" width=\"350\" height=\"243\" \/><\/p>\n<p>&nbsp;<\/p>\n<p><strong>SAMEDI 5 OCTOBRE, 14h<\/strong><\/p>\n<p>&nbsp;<\/p>\n<p>R\u00e9alisez une v\u00e9ritable <strong>sculpture de papier en 3d<\/strong> : la t\u00eate du Dieu Anubis !<\/p>\n<p>&nbsp;<\/p>\n<p><em>+ de 14 ans, sur inscription<\/em><\/p>\n<p>&nbsp;<\/p>\n<p>&nbsp;<\/p>\n<p>&nbsp;<\/p>\n<table width=\"100%\">\n<tbody>\n<tr>\n<td><span class=\"S1PPyQ\">PROJECTION : LES FEMMES DU BUS 678<\/span><\/td>\n<\/tr>\n<\/tbody>\n<\/table>\n<p><img decoding=\"async\" class=\"img-responsive alignright\" src=\"https:\/\/www.mediatheque-lethillot.fr\/vendors\/richfilemanager\/connectors\/php\/filemanager.php?mode=readfile&amp;path=%2Ffemmes.jpg&amp;time=1726840151229\" alt=\"\" width=\"269\" height=\"359\" \/><\/p>\n<p>&nbsp;<\/p>\n<p><strong>VENDREDI 11 OCTOBRE, 20h<\/strong><\/p>\n<p>&nbsp;<\/p>\n<p>Un film puissant de <strong>Mohamed Diab<\/strong> sur le harc\u00e8lement sexuel en Egypte.<\/p>\n<p>R\u00e9sum\u00e9 : \u00ab\u00a0<em>Dans les bus surcharg\u00e9s aussi bien que dans les rues d\u00e9sertes du Caire, Fayza, Seba et Nelly, trois femmes issues de milieux diff\u00e9rents, sont r\u00e9guli\u00e8rement victimes de harc\u00e8lement sexuel. Chacune \u00e0 leur mani\u00e8re, elles d\u00e9cident de sortir du silence, de briser le carcan sournois de la honte pour ne pas se laisser enfermer dans un autre pi\u00e8ge, celui de la victimisation.\u00a0\u00bb <\/em><\/p>\n<p>Dur\u00e9e : 1h40. En version originale sous-titr\u00e9e. <a href=\"https:\/\/sslv9.mjt.lu\/lnk\/BAAABg1afs4AAAAAAAAAAOqBe04AAYCtN3YAAAAAACZkKQBm8teBkOFzBllRQ5uLnjz5eMrrGAAYjqM\/2\/9d5D1tF8TnQcTbSei74MkA\/aHR0cHM6Ly93d3cueW91dHViZS5jb20vd2F0Y2g_dj1lRGhnNVZZNVloNA\" target=\"_blank\" rel=\"noopener noreferrer\">Cliquez ici pour voir la bande-annonce<\/a>.<\/p>\n<p>&nbsp;<\/p>\n<p><em>Ados\/adultes, sans inscription<\/em><\/p>\n<p>&nbsp;<\/p>\n<table width=\"100%\">\n<tbody>\n<tr>\n<td><strong>GRANDES<span class=\"S1PPyQ\"> PAGES<\/span><\/strong><\/td>\n<\/tr>\n<\/tbody>\n<\/table>\n<p><img decoding=\"async\" class=\"img-responsive alignright\" src=\"https:\/\/www.mediatheque-lethillot.fr\/vendors\/richfilemanager\/connectors\/php\/filemanager.php?mode=readfile&amp;path=%2Fhc-t-egy-egypt-pyramids-of-giza-camel-1118623529-s-12x5.jpg&amp;time=1726845610033\" alt=\"\" width=\"400\" height=\"200\" \/><\/p>\n<p>&nbsp;<\/p>\n<p><strong>SAMEDI 12 OCTOBRE, 9h30 ou 11h<\/strong><\/p>\n<div>\n<div>\n<p>Voyagez en <strong>Egypte<\/strong> \u00e0 travers des histoires et une activit\u00e9 manuelle propos\u00e9es par Ma\u00eft\u00e9 !<\/p>\n<p>&nbsp;<\/p>\n<p><em>Enfants de 3 \u00e0 6 ans, sur inscription<\/em><\/p>\n<\/div>\n<\/div>\n<p>&nbsp;<\/p>\n<div>\n<div>\n<table width=\"100%\">\n<tbody>\n<tr>\n<td><span id=\"cke_bm_1538S\"><span id=\"cke_bm_16387S\"><strong>CAF\u00c9 LECTURE<\/strong><\/span><\/span><\/td>\n<\/tr>\n<\/tbody>\n<\/table>\n<p><strong><img decoding=\"async\" class=\"img-responsive alignright\" src=\"https:\/\/www.mediatheque-lethillot.fr\/vendors\/richfilemanager\/connectors\/php\/filemanager.php?mode=readfile&amp;path=%2Fcafe-coeur-silo-berlin-mylittleroad.jpg&amp;time=1722421271771\" alt=\"\" width=\"368\" height=\"245\" \/><\/strong><\/p>\n<p>&nbsp;<\/p>\n<p><strong>SAMEDI 12 OCTOBRE, 14h<\/strong><\/p>\n<p>&nbsp;<\/p>\n<div>\n<div>\n<p><strong>Un livre, un film, un CD, un jeu<\/strong> vous a plu ? Venez le faire d\u00e9couvrir autour d\u2019<strong>un caf\u00e9<\/strong>.<\/p>\n<p>&nbsp;<\/p>\n<p><em>Ados \/ adultes, sur inscription<\/em><\/p>\n<\/div>\n<\/div>\n<p>&nbsp;<\/p>\n<p>&nbsp;<\/p>\n<p>&nbsp;<\/p>\n<table width=\"100%\">\n<tbody>\n<tr>\n<td><span id=\"cke_bm_1538S\"><span id=\"cke_bm_16387S\"><strong>MOI ET MA BANDE<\/strong><\/span><\/span><\/td>\n<\/tr>\n<\/tbody>\n<\/table>\n<p><strong><img decoding=\"async\" class=\"img-responsive alignright\" src=\"https:\/\/www.mediatheque-lethillot.fr\/vendors\/richfilemanager\/connectors\/php\/filemanager.php?mode=readfile&amp;path=%2Fegypt-4862480_960_720.jpg&amp;time=1726847239856\" alt=\"\" width=\"350\" height=\"263\" \/><\/strong><\/p>\n<p>&nbsp;<\/p>\n<p><strong>MERCREDI 16 OCTOBRE, 15h<\/strong><\/p>\n<p>&nbsp;<\/p>\n<div>\n<div>\n<p>Transformez-vous pour quelques heures en<strong> apprentis scribes<\/strong> !<\/p>\n<p>&nbsp;<\/p>\n<p><em>Enfants de 6 \u00e0 10 ans, sur inscription,<\/em><\/p>\n<\/div>\n<\/div>\n<p>&nbsp;<\/p>\n<p>&nbsp;<\/p>\n<p>&nbsp;<\/p>\n<p>&nbsp;<\/p>\n<table width=\"100%\">\n<tbody>\n<tr>\n<td><strong>PROMENADE VIRTUELLE EN \u00c9GYPTE ANTIQUE<\/strong><\/td>\n<\/tr>\n<\/tbody>\n<\/table>\n<p><img decoding=\"async\" class=\"img-responsive alignright\" src=\"https:\/\/www.mediatheque-lethillot.fr\/vendors\/richfilemanager\/connectors\/php\/filemanager.php?mode=readfile&amp;path=%2F592450934e0165f46c8b4568-1.jpg&amp;time=1726907223337\" alt=\"\" width=\"350\" height=\"197\" \/><\/p>\n<p>&nbsp;<\/p>\n<p><strong>SAMEDI 19 OCTOBRE, journ\u00e9e<\/strong><\/p>\n<p>&nbsp;<\/p>\n<p>Testez le mode exploration du jeu <strong>Assassin\u2019s creed origins<\/strong> : avec des visites guid\u00e9es et des sites historiques \u00e0 d\u00e9couvrir dans l\u2019Egypte pharaonique.<\/p>\n<p><a href=\"https:\/\/sslv9.mjt.lu\/lnk\/BAAABg1afs4AAAAAAAAAAOqBe04AAYCtN3YAAAAAACZkKQBm8teBkOFzBllRQ5uLnjz5eMrrGAAYjqM\/3\/2m8zXVIb836L9J2LhoGsdw\/aHR0cHM6Ly93d3cueW91dHViZS5jb20vd2F0Y2g_dj11aDRJeS1wOTQzTQ\" target=\"_blank\" rel=\"noopener noreferrer\">Cliquez ici pour voir une petite bande-annonce en anglais<\/a>(mais la visite sera bien en fran\u00e7ais !)<\/p>\n<p>&nbsp;<\/p>\n<p><em> Tout public, acc\u00e8s libre<\/em><\/p>\n<\/div>\n<div>\n<div>\n<p>&nbsp;<\/p>\n<table width=\"100%\">\n<tbody>\n<tr>\n<td><span id=\"cke_bm_1538S\"><span id=\"cke_bm_16387S\"><span id=\"cke_bm_20002S\"><strong>YOGA<\/strong><\/span><\/span><\/span><\/td>\n<\/tr>\n<\/tbody>\n<\/table>\n<\/div>\n<\/div>\n<p><img decoding=\"async\" class=\"img-responsive alignright\" src=\"https:\/\/www.mediatheque-lethillot.fr\/vendors\/richfilemanager\/connectors\/php\/filemanager.php?mode=readfile&amp;path=%2Fyoga-pour-enfants.jpg&amp;time=1726910064480\" alt=\"\" width=\"350\" height=\"233\" \/><\/p>\n<p>&nbsp;<\/p>\n<p><strong>SAMEDI 19 OCTOBRE, 10h<\/strong><\/p>\n<p>&nbsp;<\/p>\n<p>Avec <strong>Christelle, intervenante en ateliers yoga<\/strong>, les enfants s\u2019offrent un moment de d\u00e9tente !<\/p>\n<p>&nbsp;<\/p>\n<p><em>Enfants de 4 \u00e0 7 ans, sur inscription<\/em><\/p>\n<\/div>\n<div>\n<div>\n<div>\n<table width=\"100%\">\n<tbody>\n<tr>\n<td>&nbsp;<\/p>\n<p>&nbsp;<\/p>\n<p><strong>ATELIER ORIGAMI<\/strong><\/td>\n<\/tr>\n<\/tbody>\n<\/table>\n<\/div>\n<\/div>\n<p><img decoding=\"async\" class=\"img-responsive alignright\" src=\"https:\/\/www.mediatheque-lethillot.fr\/vendors\/richfilemanager\/connectors\/php\/filemanager.php?mode=readfile&amp;path=%2FIMG_4978.JPG&amp;time=1726908869656\" alt=\"\" width=\"350\" height=\"233\" \/><\/p>\n<p>&nbsp;<\/p>\n<p><strong>MERCREDI 23 OCTOBRE, 14h30<\/strong><\/p>\n<p>&nbsp;<\/p>\n<p>Cr\u00e9ez <strong>des masques de pharaons<\/strong> en origami par des pliages de papier astucieux.<\/p>\n<p>&nbsp;<\/p>\n<p><em>Enfants d\u00e8s 8 ans, sur inscription<\/em><\/p>\n<\/div>\n<p>&nbsp;<\/p>\n<p>&nbsp;<\/p>\n<p>&nbsp;<\/p>\n<p style=\"text-align: center;\"><em>Et en novembre, la th\u00e9matique sur l&rsquo;\u00c9gypte se poursuit :<\/em><\/p>\n<p style=\"text-align: center;\"><strong>Vendredi 8 novembre, 18h <\/strong><\/p>\n<p style=\"text-align: center;\"><strong>Projection : \u201cJe suis le peuple\u201d<\/strong><\/p>\n<p style=\"text-align: center;\"><em>Ados \/ adultes <\/em><\/p>\n<p style=\"text-align: center;\"><strong>Samedi 9 novembre, 14h <\/strong><\/p>\n<p style=\"text-align: center;\"><strong>Atelier d\u2019\u00e9criture : Egypte et ailleurs<\/strong><\/p>\n<p style=\"text-align: center;\"><em>Adultes, sur inscription<\/em><\/p>\n<p style=\"text-align: center;\"><strong>Samedi 9 novembre, 14h30<\/strong><\/p>\n<p style=\"text-align: center;\"><strong>Escape game : le r\u00e9veil d\u2019Antef <\/strong><\/p>\n<p style=\"text-align: center;\"><em>Enfants d\u00e8s 10 ans, sur inscription<\/em><\/p>\n<div>\n<div>\n<p style=\"text-align: center;\">\n<p>&nbsp;<\/p>\n<\/div>\n<\/div>\n","protected":false},"excerpt":{"rendered":"<p>ANIMATIONS D&rsquo;OCTOBRE &nbsp; Infos diverses : Samedi 28 septembre, la m\u00e9diath\u00e8que ouvrira ses portes \u00e0 11h (au lieu de 09h30), [&hellip;]<\/p>\n","protected":false},"author":391,"featured_media":73805,"comment_status":"open","ping_status":"open","sticky":false,"template":"","format":"standard","meta":{"footnotes":""},"categories":[26,594,4,212],"tags":[291,213,6112],"class_list":["post-73802","post","type-post","status-publish","format-standard","has-post-thumbnail","hentry","category-a-la-une","category-agenda","category-culture","category-le-thillot-le-thillot-son-canton","tag-animations","tag-le-thillot","tag-mediatheque-le-thillot"],"acf":[],"yoast_head":"<!-- This site is optimized with the Yoast SEO plugin v22.5 - https:\/\/yoast.com\/wordpress\/plugins\/seo\/ -->\n<title>Les animations d&#039;octobre \u00e0 la m\u00e9diath\u00e8que du Thillot - Remiremont Info<\/title>\n<meta name=\"robots\" content=\"index, follow, max-snippet:-1, max-image-preview:large, max-video-preview:-1\" \/>\n<link rel=\"canonical\" href=\"https:\/\/vosgesinfo.fr\/remiremontinfo\/?p=73802\" \/>\n<meta name=\"twitter:card\" content=\"summary_large_image\" \/>\n<meta name=\"twitter:title\" content=\"Les animations d&#039;octobre \u00e0 la m\u00e9diath\u00e8que du Thillot - Remiremont Info\" \/>\n<meta name=\"twitter:description\" content=\"ANIMATIONS D&rsquo;OCTOBRE &nbsp; Infos diverses : Samedi 28 septembre, la m\u00e9diath\u00e8que ouvrira ses portes \u00e0 11h (au lieu de 09h30), [&hellip;]\" \/>\n<meta name=\"twitter:image\" content=\"https:\/\/vosgesinfo.fr\/app\/uploads\/sites\/5\/2024\/09\/img-4978.jpg\" \/>\n<meta name=\"twitter:creator\" content=\"@VosgesInfo88\" \/>\n<meta name=\"twitter:site\" content=\"@VosgesInfo88\" \/>\n<meta name=\"twitter:label1\" content=\"\u00c9crit par\" \/>\n\t<meta name=\"twitter:data1\" content=\"La redaction\" \/>\n\t<meta name=\"twitter:label2\" content=\"Dur\u00e9e de lecture estim\u00e9e\" \/>\n\t<meta name=\"twitter:data2\" content=\"5 minutes\" \/>\n<script type=\"application\/ld+json\" class=\"yoast-schema-graph\">{\"@context\":\"https:\/\/schema.org\",\"@graph\":[{\"@type\":\"Article\",\"@id\":\"https:\/\/vosgesinfo.fr\/remiremontinfo\/?p=73802#article\",\"isPartOf\":{\"@id\":\"https:\/\/vosgesinfo.fr\/remiremontinfo\/?p=73802\"},\"author\":{\"name\":\"La redaction\",\"@id\":\"https:\/\/vosgesinfo.fr\/remiremontinfo\/#\/schema\/person\/27a3695b06db98895b354c0765cdfc31\"},\"headline\":\"Les animations d&rsquo;octobre \u00e0 la m\u00e9diath\u00e8que du Thillot\",\"datePublished\":\"2024-09-25T08:01:34+00:00\",\"dateModified\":\"2024-09-25T08:01:34+00:00\",\"mainEntityOfPage\":{\"@id\":\"https:\/\/vosgesinfo.fr\/remiremontinfo\/?p=73802\"},\"wordCount\":550,\"commentCount\":0,\"publisher\":{\"@id\":\"https:\/\/vosgesinfo.fr\/remiremontinfo\/#organization\"},\"image\":{\"@id\":\"https:\/\/vosgesinfo.fr\/remiremontinfo\/?p=73802#primaryimage\"},\"thumbnailUrl\":\"https:\/\/vosgesinfo.fr\/app\/uploads\/sites\/5\/2024\/09\/img-4978.jpg\",\"keywords\":[\"animations\",\"Le Thillot\",\"m\u00e9diath\u00e8que Le Thillot\"],\"articleSection\":[\"A la Une\",\"Agenda\",\"Culture\",\"Le Thillot\"],\"inLanguage\":\"fr-FR\",\"potentialAction\":[{\"@type\":\"CommentAction\",\"name\":\"Comment\",\"target\":[\"https:\/\/vosgesinfo.fr\/remiremontinfo\/?p=73802#respond\"]}]},{\"@type\":\"WebPage\",\"@id\":\"https:\/\/vosgesinfo.fr\/remiremontinfo\/?p=73802\",\"url\":\"https:\/\/vosgesinfo.fr\/remiremontinfo\/?p=73802\",\"name\":\"Les animations d'octobre \u00e0 la m\u00e9diath\u00e8que du Thillot - Remiremont Info\",\"isPartOf\":{\"@id\":\"https:\/\/vosgesinfo.fr\/remiremontinfo\/#website\"},\"primaryImageOfPage\":{\"@id\":\"https:\/\/vosgesinfo.fr\/remiremontinfo\/?p=73802#primaryimage\"},\"image\":{\"@id\":\"https:\/\/vosgesinfo.fr\/remiremontinfo\/?p=73802#primaryimage\"},\"thumbnailUrl\":\"https:\/\/vosgesinfo.fr\/app\/uploads\/sites\/5\/2024\/09\/img-4978.jpg\",\"datePublished\":\"2024-09-25T08:01:34+00:00\",\"dateModified\":\"2024-09-25T08:01:34+00:00\",\"breadcrumb\":{\"@id\":\"https:\/\/vosgesinfo.fr\/remiremontinfo\/?p=73802#breadcrumb\"},\"inLanguage\":\"fr-FR\",\"potentialAction\":[{\"@type\":\"ReadAction\",\"target\":[\"https:\/\/vosgesinfo.fr\/remiremontinfo\/?p=73802\"]}]},{\"@type\":\"ImageObject\",\"inLanguage\":\"fr-FR\",\"@id\":\"https:\/\/vosgesinfo.fr\/remiremontinfo\/?p=73802#primaryimage\",\"url\":\"https:\/\/vosgesinfo.fr\/app\/uploads\/sites\/5\/2024\/09\/img-4978.jpg\",\"contentUrl\":\"https:\/\/vosgesinfo.fr\/app\/uploads\/sites\/5\/2024\/09\/img-4978.jpg\",\"width\":1280,\"height\":853},{\"@type\":\"BreadcrumbList\",\"@id\":\"https:\/\/vosgesinfo.fr\/remiremontinfo\/?p=73802#breadcrumb\",\"itemListElement\":[{\"@type\":\"ListItem\",\"position\":1,\"name\":\"Home\",\"item\":\"https:\/\/vosgesinfo.fr\/remiremontinfo\/\"},{\"@type\":\"ListItem\",\"position\":2,\"name\":\"Les animations d&#8217;octobre \u00e0 la m\u00e9diath\u00e8que du Thillot\"}]},{\"@type\":\"WebSite\",\"@id\":\"https:\/\/vosgesinfo.fr\/remiremontinfo\/#website\",\"url\":\"https:\/\/vosgesinfo.fr\/remiremontinfo\/\",\"name\":\"Remiremont Info\",\"description\":\"Toute l&#039;actualit\u00e9 de Remiremont\",\"publisher\":{\"@id\":\"https:\/\/vosgesinfo.fr\/remiremontinfo\/#organization\"},\"alternateName\":\"Toute l'actualit\u00e9 de Remiremont\",\"potentialAction\":[{\"@type\":\"SearchAction\",\"target\":{\"@type\":\"EntryPoint\",\"urlTemplate\":\"https:\/\/vosgesinfo.fr\/remiremontinfo\/?s={search_term_string}\"},\"query-input\":\"required name=search_term_string\"}],\"inLanguage\":\"fr-FR\"},{\"@type\":\"Organization\",\"@id\":\"https:\/\/vosgesinfo.fr\/remiremontinfo\/#organization\",\"name\":\"Remiremont Info\",\"url\":\"https:\/\/vosgesinfo.fr\/remiremontinfo\/\",\"logo\":{\"@type\":\"ImageObject\",\"inLanguage\":\"fr-FR\",\"@id\":\"https:\/\/vosgesinfo.fr\/remiremontinfo\/#\/schema\/logo\/image\/\",\"url\":\"https:\/\/vosgesinfo.fr\/app\/uploads\/sites\/5\/2023\/08\/favicon-remiremontinfo.png\",\"contentUrl\":\"https:\/\/vosgesinfo.fr\/app\/uploads\/sites\/5\/2023\/08\/favicon-remiremontinfo.png\",\"width\":512,\"height\":512,\"caption\":\"Remiremont Info\"},\"image\":{\"@id\":\"https:\/\/vosgesinfo.fr\/remiremontinfo\/#\/schema\/logo\/image\/\"},\"sameAs\":[\"https:\/\/www.facebook.com\/remiremontinfo\",\"https:\/\/x.com\/VosgesInfo88\",\"https:\/\/www.youtube.com\/@vosgesinfo\"]},{\"@type\":\"Person\",\"@id\":\"https:\/\/vosgesinfo.fr\/remiremontinfo\/#\/schema\/person\/27a3695b06db98895b354c0765cdfc31\",\"name\":\"La redaction\",\"image\":{\"@type\":\"ImageObject\",\"inLanguage\":\"fr-FR\",\"@id\":\"https:\/\/vosgesinfo.fr\/remiremontinfo\/#\/schema\/person\/image\/\",\"url\":\"https:\/\/secure.gravatar.com\/avatar\/64c76a78e501cedee55736f43f332df901e1896ae9cd8fad269ae2236dd0e8b6?s=96&d=mm&r=g\",\"contentUrl\":\"https:\/\/secure.gravatar.com\/avatar\/64c76a78e501cedee55736f43f332df901e1896ae9cd8fad269ae2236dd0e8b6?s=96&d=mm&r=g\",\"caption\":\"La redaction\"},\"url\":\"https:\/\/vosgesinfo.fr\/remiremontinfo\/author\/la-redaction\/\"}]}<\/script>\n<!-- \/ Yoast SEO plugin. -->","yoast_head_json":{"title":"Les animations d'octobre \u00e0 la m\u00e9diath\u00e8que du Thillot - Remiremont Info","robots":{"index":"index","follow":"follow","max-snippet":"max-snippet:-1","max-image-preview":"max-image-preview:large","max-video-preview":"max-video-preview:-1"},"canonical":"https:\/\/vosgesinfo.fr\/remiremontinfo\/?p=73802","twitter_card":"summary_large_image","twitter_title":"Les animations d'octobre \u00e0 la m\u00e9diath\u00e8que du Thillot - Remiremont Info","twitter_description":"ANIMATIONS D&rsquo;OCTOBRE &nbsp; Infos diverses : Samedi 28 septembre, la m\u00e9diath\u00e8que ouvrira ses portes \u00e0 11h (au lieu de 09h30), [&hellip;]","twitter_image":"https:\/\/vosgesinfo.fr\/app\/uploads\/sites\/5\/2024\/09\/img-4978.jpg","twitter_creator":"@VosgesInfo88","twitter_site":"@VosgesInfo88","twitter_misc":{"\u00c9crit par":"La redaction","Dur\u00e9e de lecture estim\u00e9e":"5 minutes"},"schema":{"@context":"https:\/\/schema.org","@graph":[{"@type":"Article","@id":"https:\/\/vosgesinfo.fr\/remiremontinfo\/?p=73802#article","isPartOf":{"@id":"https:\/\/vosgesinfo.fr\/remiremontinfo\/?p=73802"},"author":{"name":"La redaction","@id":"https:\/\/vosgesinfo.fr\/remiremontinfo\/#\/schema\/person\/27a3695b06db98895b354c0765cdfc31"},"headline":"Les animations d&rsquo;octobre \u00e0 la m\u00e9diath\u00e8que du Thillot","datePublished":"2024-09-25T08:01:34+00:00","dateModified":"2024-09-25T08:01:34+00:00","mainEntityOfPage":{"@id":"https:\/\/vosgesinfo.fr\/remiremontinfo\/?p=73802"},"wordCount":550,"commentCount":0,"publisher":{"@id":"https:\/\/vosgesinfo.fr\/remiremontinfo\/#organization"},"image":{"@id":"https:\/\/vosgesinfo.fr\/remiremontinfo\/?p=73802#primaryimage"},"thumbnailUrl":"https:\/\/vosgesinfo.fr\/app\/uploads\/sites\/5\/2024\/09\/img-4978.jpg","keywords":["animations","Le Thillot","m\u00e9diath\u00e8que Le Thillot"],"articleSection":["A la Une","Agenda","Culture","Le Thillot"],"inLanguage":"fr-FR","potentialAction":[{"@type":"CommentAction","name":"Comment","target":["https:\/\/vosgesinfo.fr\/remiremontinfo\/?p=73802#respond"]}]},{"@type":"WebPage","@id":"https:\/\/vosgesinfo.fr\/remiremontinfo\/?p=73802","url":"https:\/\/vosgesinfo.fr\/remiremontinfo\/?p=73802","name":"Les animations d'octobre \u00e0 la m\u00e9diath\u00e8que du Thillot - Remiremont Info","isPartOf":{"@id":"https:\/\/vosgesinfo.fr\/remiremontinfo\/#website"},"primaryImageOfPage":{"@id":"https:\/\/vosgesinfo.fr\/remiremontinfo\/?p=73802#primaryimage"},"image":{"@id":"https:\/\/vosgesinfo.fr\/remiremontinfo\/?p=73802#primaryimage"},"thumbnailUrl":"https:\/\/vosgesinfo.fr\/app\/uploads\/sites\/5\/2024\/09\/img-4978.jpg","datePublished":"2024-09-25T08:01:34+00:00","dateModified":"2024-09-25T08:01:34+00:00","breadcrumb":{"@id":"https:\/\/vosgesinfo.fr\/remiremontinfo\/?p=73802#breadcrumb"},"inLanguage":"fr-FR","potentialAction":[{"@type":"ReadAction","target":["https:\/\/vosgesinfo.fr\/remiremontinfo\/?p=73802"]}]},{"@type":"ImageObject","inLanguage":"fr-FR","@id":"https:\/\/vosgesinfo.fr\/remiremontinfo\/?p=73802#primaryimage","url":"https:\/\/vosgesinfo.fr\/app\/uploads\/sites\/5\/2024\/09\/img-4978.jpg","contentUrl":"https:\/\/vosgesinfo.fr\/app\/uploads\/sites\/5\/2024\/09\/img-4978.jpg","width":1280,"height":853},{"@type":"BreadcrumbList","@id":"https:\/\/vosgesinfo.fr\/remiremontinfo\/?p=73802#breadcrumb","itemListElement":[{"@type":"ListItem","position":1,"name":"Home","item":"https:\/\/vosgesinfo.fr\/remiremontinfo\/"},{"@type":"ListItem","position":2,"name":"Les animations d&#8217;octobre \u00e0 la m\u00e9diath\u00e8que du Thillot"}]},{"@type":"WebSite","@id":"https:\/\/vosgesinfo.fr\/remiremontinfo\/#website","url":"https:\/\/vosgesinfo.fr\/remiremontinfo\/","name":"Remiremont Info","description":"Toute l&#039;actualit\u00e9 de Remiremont","publisher":{"@id":"https:\/\/vosgesinfo.fr\/remiremontinfo\/#organization"},"alternateName":"Toute l'actualit\u00e9 de Remiremont","potentialAction":[{"@type":"SearchAction","target":{"@type":"EntryPoint","urlTemplate":"https:\/\/vosgesinfo.fr\/remiremontinfo\/?s={search_term_string}"},"query-input":"required name=search_term_string"}],"inLanguage":"fr-FR"},{"@type":"Organization","@id":"https:\/\/vosgesinfo.fr\/remiremontinfo\/#organization","name":"Remiremont Info","url":"https:\/\/vosgesinfo.fr\/remiremontinfo\/","logo":{"@type":"ImageObject","inLanguage":"fr-FR","@id":"https:\/\/vosgesinfo.fr\/remiremontinfo\/#\/schema\/logo\/image\/","url":"https:\/\/vosgesinfo.fr\/app\/uploads\/sites\/5\/2023\/08\/favicon-remiremontinfo.png","contentUrl":"https:\/\/vosgesinfo.fr\/app\/uploads\/sites\/5\/2023\/08\/favicon-remiremontinfo.png","width":512,"height":512,"caption":"Remiremont Info"},"image":{"@id":"https:\/\/vosgesinfo.fr\/remiremontinfo\/#\/schema\/logo\/image\/"},"sameAs":["https:\/\/www.facebook.com\/remiremontinfo","https:\/\/x.com\/VosgesInfo88","https:\/\/www.youtube.com\/@vosgesinfo"]},{"@type":"Person","@id":"https:\/\/vosgesinfo.fr\/remiremontinfo\/#\/schema\/person\/27a3695b06db98895b354c0765cdfc31","name":"La redaction","image":{"@type":"ImageObject","inLanguage":"fr-FR","@id":"https:\/\/vosgesinfo.fr\/remiremontinfo\/#\/schema\/person\/image\/","url":"https:\/\/secure.gravatar.com\/avatar\/64c76a78e501cedee55736f43f332df901e1896ae9cd8fad269ae2236dd0e8b6?s=96&d=mm&r=g","contentUrl":"https:\/\/secure.gravatar.com\/avatar\/64c76a78e501cedee55736f43f332df901e1896ae9cd8fad269ae2236dd0e8b6?s=96&d=mm&r=g","caption":"La redaction"},"url":"https:\/\/vosgesinfo.fr\/remiremontinfo\/author\/la-redaction\/"}]}},"_links":{"self":[{"href":"https:\/\/vosgesinfo.fr\/remiremontinfo\/wp-json\/wp\/v2\/posts\/73802","targetHints":{"allow":["GET"]}}],"collection":[{"href":"https:\/\/vosgesinfo.fr\/remiremontinfo\/wp-json\/wp\/v2\/posts"}],"about":[{"href":"https:\/\/vosgesinfo.fr\/remiremontinfo\/wp-json\/wp\/v2\/types\/post"}],"author":[{"embeddable":true,"href":"https:\/\/vosgesinfo.fr\/remiremontinfo\/wp-json\/wp\/v2\/users\/391"}],"replies":[{"embeddable":true,"href":"https:\/\/vosgesinfo.fr\/remiremontinfo\/wp-json\/wp\/v2\/comments?post=73802"}],"version-history":[{"count":3,"href":"https:\/\/vosgesinfo.fr\/remiremontinfo\/wp-json\/wp\/v2\/posts\/73802\/revisions"}],"predecessor-version":[{"id":73808,"href":"https:\/\/vosgesinfo.fr\/remiremontinfo\/wp-json\/wp\/v2\/posts\/73802\/revisions\/73808"}],"wp:featuredmedia":[{"embeddable":true,"href":"https:\/\/vosgesinfo.fr\/remiremontinfo\/wp-json\/wp\/v2\/media\/73805"}],"wp:attachment":[{"href":"https:\/\/vosgesinfo.fr\/remiremontinfo\/wp-json\/wp\/v2\/media?parent=73802"}],"wp:term":[{"taxonomy":"category","embeddable":true,"href":"https:\/\/vosgesinfo.fr\/remiremontinfo\/wp-json\/wp\/v2\/categories?post=73802"},{"taxonomy":"post_tag","embeddable":true,"href":"https:\/\/vosgesinfo.fr\/remiremontinfo\/wp-json\/wp\/v2\/tags?post=73802"}],"curies":[{"name":"wp","href":"https:\/\/api.w.org\/{rel}","templated":true}]}}