{"id":73809,"date":"2024-09-25T10:12:17","date_gmt":"2024-09-25T08:12:17","guid":{"rendered":"https:\/\/vosgesinfo.fr\/remiremontinfo\/?p=73809"},"modified":"2024-09-25T10:12:17","modified_gmt":"2024-09-25T08:12:17","slug":"clemence-beretta-projection-du-documentaire-pas-a-pas-un-destin-olympique","status":"publish","type":"post","link":"https:\/\/vosgesinfo.fr\/remiremontinfo\/2024\/09\/clemence-beretta-projection-du-documentaire-pas-a-pas-un-destin-olympique\/","title":{"rendered":"Cl\u00e9mence Beretta : Projection du documentaire \u00ab\u00a0Pas \u00e0 Pas\u00a0\u00bb \u2013 Un destin olympique"},"content":{"rendered":"<p style=\"text-align: center;\"><b> Projection du documentaire \u00ab\u00a0Pas \u00e0 Pas\u00a0\u00bb \u2013 Un destin olympique<\/b><\/p>\n<div><\/div>\n<div>Le 03 octobre 2024, \u00e0 19h, le Centre Culturel Gilbert Zaug de Remiremont accueillera la projection du documentaire\u00a0<b>\u00ab\u00a0Pas \u00e0 Pas \u2013 Un destin olympique\u00a0\u00bb<\/b>, un film retra\u00e7ant le parcours unique de\u00a0<b>Cl\u00e9mence Beretta<\/b>, athl\u00e8te olympique vosgienne, seule repr\u00e9sentante des Vosges aux Jeux Olympiques de Paris 2024.<\/div>\n<div><b>Produit par deux jeunes talents vosgiens, Baptiste Virion et Marius Leyval<\/b>, le documentaire plonge dans les coulisses de la pr\u00e9paration de Cl\u00e9mence, capturant les d\u00e9fis physiques et mentaux auxquels elle a fait face avant et pendant les Jeux. Cette immersion intime r\u00e9v\u00e8le le quotidien d&rsquo;une athl\u00e8te de haut niveau, et met en lumi\u00e8re son\u00a0<b>parcours atypique<\/b>, entre comp\u00e9tition sportive et aventure familiale.<\/div>\n<div>Avec une approche authentique et sensible, \u00ab\u00a0Pas \u00e0 Pas\u00a0\u00bb nous permet de mieux comprendre la force mentale, la r\u00e9silience, et les sacrifices qui accompagnent un tel parcours, tout en mettant en avant l&rsquo;importance des racines locales et du soutien des vosgiens dans cette aventure olympique.<\/div>\n<div>Cet \u00e9v\u00e9nement est\u00a0<b>gratuit<\/b>\u00a0et ouvert \u00e0 tous, mais les places sont limit\u00e9es \u00e0 350. Pour y assister, il est n\u00e9cessaire de s&rsquo;inscrire via ce lien :<a id=\"m_2046556137582679508m_8339591991415329449m_-6342382224380864877OWA02ded3a9-3da2-4563-2b9f-8450ae3879a6\" href=\"https:\/\/my.weezevent.com\/projection-pas-a-pas-un-destin-olympique-rencontre-avec-clemence-beretta?_gl=1*19tzdih*_gcl_aw*R0NMLjE3MjcxMDU3ODQuQ2owS0NRandvOFMzQmhEZUFSSXNBRlJta09NcXlFRGxXd2VlSExmREQyMEY4Wl80NW12UzI1c1pGYU56TmRXSlU4V2QyVDZiWFd1WjVaZ2FBcHctRUFMd193Y0I\" target=\"_blank\" rel=\"noopener noreferrer\">Inscription\u00a0\u00e0\u00a0la\u00a0projection<\/a>.<\/div>\n<div>Rendez-vous \u00e0 Remiremont pour d\u00e9couvrir ce t\u00e9moignage unique d&rsquo;un\u00a0<b>destin olympique<\/b>, r\u00e9alis\u00e9 avec passion par ceux qui partagent les valeurs de pers\u00e9v\u00e9rance et d&rsquo;excellence. Un \u00e9change et des d\u00e9dicaces seront organis\u00e9s avec Cl\u00e9mence et l&rsquo;\u00e9quipe de r\u00e9alisation apr\u00e8s la projection du documentaire.<\/div>\n<div><b>Informations pratiques :<\/b><\/div>\n<ul>\n<li><b>Date<\/b>\u00a0: 03 octobre 2024<\/li>\n<li>\n<div><b>Heure<\/b>\u00a0: 19h00<\/div>\n<\/li>\n<li>\n<div><b>Dur\u00e9e du documentaire :\u00a0<\/b>45min<\/div>\n<\/li>\n<li><b>Lieu<\/b>\u00a0: Centre Culturel Gilbert Zaug, Remiremont<\/li>\n<li><b>Entr\u00e9e gratuite<\/b>\u00a0sur inscription (350 places disponibles)<\/li>\n<li><b>Lien d&rsquo;inscription<\/b>\u00a0:\u00a0<a id=\"m_2046556137582679508m_8339591991415329449m_-6342382224380864877OWA4aab0c51-d85a-8760-01c0-e77677727c87\" href=\"https:\/\/my.weezevent.com\/projection-pas-a-pas-un-destin-olympique-rencontre-avec-clemence-beretta?_gl=1*19tzdih*_gcl_aw*R0NMLjE3MjcxMDU3ODQuQ2owS0NRandvOFMzQmhEZUFSSXNBRlJta09NcXlFRGxXd2VlSExmREQyMEY4Wl80NW12UzI1c1pGYU56TmRXSlU4V2QyVDZiWFd1WjVaZ2FBcHctRUFMd193Y0I\" target=\"_blank\" rel=\"noopener noreferrer\">Cliquez\u00a0ici<\/a><\/li>\n<\/ul>\n<p>&nbsp;<\/p>\n<p><a href=\"https:\/\/vosgesinfo.fr\/app\/uploads\/sites\/5\/2024\/09\/affiche-pas-a-pas.png\"><img decoding=\"async\" class=\"aligncenter size-large wp-image-73810\" src=\"https:\/\/vosgesinfo.fr\/app\/uploads\/sites\/5\/2024\/09\/affiche-pas-a-pas-724x1024.png\" alt=\"\" width=\"724\" height=\"1024\" srcset=\"https:\/\/vosgesinfo.fr\/app\/uploads\/sites\/5\/2024\/09\/affiche-pas-a-pas-724x1024.png 724w, https:\/\/vosgesinfo.fr\/app\/uploads\/sites\/5\/2024\/09\/affiche-pas-a-pas-212x300.png 212w, https:\/\/vosgesinfo.fr\/app\/uploads\/sites\/5\/2024\/09\/affiche-pas-a-pas-768x1086.png 768w, https:\/\/vosgesinfo.fr\/app\/uploads\/sites\/5\/2024\/09\/affiche-pas-a-pas-1086x1536.png 1086w, https:\/\/vosgesinfo.fr\/app\/uploads\/sites\/5\/2024\/09\/affiche-pas-a-pas.png 1414w\" sizes=\"(max-width: 724px) 100vw, 724px\" \/><\/a><\/p>\n","protected":false},"excerpt":{"rendered":"<p>Projection du documentaire \u00ab\u00a0Pas \u00e0 Pas\u00a0\u00bb \u2013 Un destin olympique Le 03 octobre 2024, \u00e0 19h, le Centre Culturel Gilbert [&hellip;]<\/p>\n","protected":false},"author":391,"featured_media":73810,"comment_status":"open","ping_status":"open","sticky":false,"template":"","format":"standard","meta":{"footnotes":""},"categories":[26,594,1556,14],"tags":[1265,2207],"class_list":["post-73809","post","type-post","status-publish","format-standard","has-post-thumbnail","hentry","category-a-la-une","category-agenda","category-remiremont-remiremont-son-canton-2","category-sport","tag-clemence-beretta","tag-projection"],"acf":[],"yoast_head":"<!-- This site is optimized with the Yoast SEO plugin v22.5 - https:\/\/yoast.com\/wordpress\/plugins\/seo\/ -->\n<title>Cl\u00e9mence Beretta : Projection du documentaire &quot;Pas \u00e0 Pas&quot; \u2013 Un destin olympique - Remiremont Info<\/title>\n<meta name=\"robots\" content=\"index, follow, max-snippet:-1, max-image-preview:large, max-video-preview:-1\" \/>\n<link rel=\"canonical\" href=\"https:\/\/vosgesinfo.fr\/remiremontinfo\/?p=73809\" \/>\n<meta name=\"twitter:card\" content=\"summary_large_image\" \/>\n<meta name=\"twitter:title\" content=\"Cl\u00e9mence Beretta : Projection du documentaire &quot;Pas \u00e0 Pas&quot; \u2013 Un destin olympique - Remiremont Info\" \/>\n<meta name=\"twitter:description\" content=\"Projection du documentaire \u00ab\u00a0Pas \u00e0 Pas\u00a0\u00bb \u2013 Un destin olympique Le 03 octobre 2024, \u00e0 19h, le Centre Culturel Gilbert [&hellip;]\" \/>\n<meta name=\"twitter:image\" content=\"https:\/\/vosgesinfo.fr\/app\/uploads\/sites\/5\/2024\/09\/affiche-pas-a-pas.png\" \/>\n<meta name=\"twitter:creator\" content=\"@VosgesInfo88\" \/>\n<meta name=\"twitter:site\" content=\"@VosgesInfo88\" \/>\n<meta name=\"twitter:label1\" content=\"\u00c9crit par\" \/>\n\t<meta name=\"twitter:data1\" content=\"La redaction\" \/>\n\t<meta name=\"twitter:label2\" content=\"Dur\u00e9e de lecture estim\u00e9e\" \/>\n\t<meta name=\"twitter:data2\" content=\"2 minutes\" \/>\n<script type=\"application\/ld+json\" class=\"yoast-schema-graph\">{\"@context\":\"https:\/\/schema.org\",\"@graph\":[{\"@type\":\"Article\",\"@id\":\"https:\/\/vosgesinfo.fr\/remiremontinfo\/?p=73809#article\",\"isPartOf\":{\"@id\":\"https:\/\/vosgesinfo.fr\/remiremontinfo\/?p=73809\"},\"author\":{\"name\":\"La redaction\",\"@id\":\"https:\/\/vosgesinfo.fr\/remiremontinfo\/#\/schema\/person\/27a3695b06db98895b354c0765cdfc31\"},\"headline\":\"Cl\u00e9mence Beretta : Projection du documentaire \u00ab\u00a0Pas \u00e0 Pas\u00a0\u00bb \u2013 Un destin olympique\",\"datePublished\":\"2024-09-25T08:12:17+00:00\",\"dateModified\":\"2024-09-25T08:12:17+00:00\",\"mainEntityOfPage\":{\"@id\":\"https:\/\/vosgesinfo.fr\/remiremontinfo\/?p=73809\"},\"wordCount\":295,\"commentCount\":0,\"publisher\":{\"@id\":\"https:\/\/vosgesinfo.fr\/remiremontinfo\/#organization\"},\"image\":{\"@id\":\"https:\/\/vosgesinfo.fr\/remiremontinfo\/?p=73809#primaryimage\"},\"thumbnailUrl\":\"https:\/\/vosgesinfo.fr\/app\/uploads\/sites\/5\/2024\/09\/affiche-pas-a-pas.png\",\"keywords\":[\"Cl\u00e9mence beretta\",\"projection\"],\"articleSection\":[\"A la Une\",\"Agenda\",\"Remiremont\",\"Sport\"],\"inLanguage\":\"fr-FR\",\"potentialAction\":[{\"@type\":\"CommentAction\",\"name\":\"Comment\",\"target\":[\"https:\/\/vosgesinfo.fr\/remiremontinfo\/?p=73809#respond\"]}]},{\"@type\":\"WebPage\",\"@id\":\"https:\/\/vosgesinfo.fr\/remiremontinfo\/?p=73809\",\"url\":\"https:\/\/vosgesinfo.fr\/remiremontinfo\/?p=73809\",\"name\":\"Cl\u00e9mence Beretta : Projection du documentaire \\\"Pas \u00e0 Pas\\\" \u2013 Un destin olympique - Remiremont Info\",\"isPartOf\":{\"@id\":\"https:\/\/vosgesinfo.fr\/remiremontinfo\/#website\"},\"primaryImageOfPage\":{\"@id\":\"https:\/\/vosgesinfo.fr\/remiremontinfo\/?p=73809#primaryimage\"},\"image\":{\"@id\":\"https:\/\/vosgesinfo.fr\/remiremontinfo\/?p=73809#primaryimage\"},\"thumbnailUrl\":\"https:\/\/vosgesinfo.fr\/app\/uploads\/sites\/5\/2024\/09\/affiche-pas-a-pas.png\",\"datePublished\":\"2024-09-25T08:12:17+00:00\",\"dateModified\":\"2024-09-25T08:12:17+00:00\",\"breadcrumb\":{\"@id\":\"https:\/\/vosgesinfo.fr\/remiremontinfo\/?p=73809#breadcrumb\"},\"inLanguage\":\"fr-FR\",\"potentialAction\":[{\"@type\":\"ReadAction\",\"target\":[\"https:\/\/vosgesinfo.fr\/remiremontinfo\/?p=73809\"]}]},{\"@type\":\"ImageObject\",\"inLanguage\":\"fr-FR\",\"@id\":\"https:\/\/vosgesinfo.fr\/remiremontinfo\/?p=73809#primaryimage\",\"url\":\"https:\/\/vosgesinfo.fr\/app\/uploads\/sites\/5\/2024\/09\/affiche-pas-a-pas.png\",\"contentUrl\":\"https:\/\/vosgesinfo.fr\/app\/uploads\/sites\/5\/2024\/09\/affiche-pas-a-pas.png\",\"width\":1414,\"height\":2000},{\"@type\":\"BreadcrumbList\",\"@id\":\"https:\/\/vosgesinfo.fr\/remiremontinfo\/?p=73809#breadcrumb\",\"itemListElement\":[{\"@type\":\"ListItem\",\"position\":1,\"name\":\"Home\",\"item\":\"https:\/\/vosgesinfo.fr\/remiremontinfo\/\"},{\"@type\":\"ListItem\",\"position\":2,\"name\":\"Cl\u00e9mence Beretta : Projection du documentaire &#8220;Pas \u00e0 Pas&#8221; \u2013 Un destin olympique\"}]},{\"@type\":\"WebSite\",\"@id\":\"https:\/\/vosgesinfo.fr\/remiremontinfo\/#website\",\"url\":\"https:\/\/vosgesinfo.fr\/remiremontinfo\/\",\"name\":\"Remiremont Info\",\"description\":\"Toute l&#039;actualit\u00e9 de Remiremont\",\"publisher\":{\"@id\":\"https:\/\/vosgesinfo.fr\/remiremontinfo\/#organization\"},\"alternateName\":\"Toute l'actualit\u00e9 de Remiremont\",\"potentialAction\":[{\"@type\":\"SearchAction\",\"target\":{\"@type\":\"EntryPoint\",\"urlTemplate\":\"https:\/\/vosgesinfo.fr\/remiremontinfo\/?s={search_term_string}\"},\"query-input\":\"required name=search_term_string\"}],\"inLanguage\":\"fr-FR\"},{\"@type\":\"Organization\",\"@id\":\"https:\/\/vosgesinfo.fr\/remiremontinfo\/#organization\",\"name\":\"Remiremont Info\",\"url\":\"https:\/\/vosgesinfo.fr\/remiremontinfo\/\",\"logo\":{\"@type\":\"ImageObject\",\"inLanguage\":\"fr-FR\",\"@id\":\"https:\/\/vosgesinfo.fr\/remiremontinfo\/#\/schema\/logo\/image\/\",\"url\":\"https:\/\/vosgesinfo.fr\/app\/uploads\/sites\/5\/2023\/08\/favicon-remiremontinfo.png\",\"contentUrl\":\"https:\/\/vosgesinfo.fr\/app\/uploads\/sites\/5\/2023\/08\/favicon-remiremontinfo.png\",\"width\":512,\"height\":512,\"caption\":\"Remiremont Info\"},\"image\":{\"@id\":\"https:\/\/vosgesinfo.fr\/remiremontinfo\/#\/schema\/logo\/image\/\"},\"sameAs\":[\"https:\/\/www.facebook.com\/remiremontinfo\",\"https:\/\/x.com\/VosgesInfo88\",\"https:\/\/www.youtube.com\/@vosgesinfo\"]},{\"@type\":\"Person\",\"@id\":\"https:\/\/vosgesinfo.fr\/remiremontinfo\/#\/schema\/person\/27a3695b06db98895b354c0765cdfc31\",\"name\":\"La redaction\",\"image\":{\"@type\":\"ImageObject\",\"inLanguage\":\"fr-FR\",\"@id\":\"https:\/\/vosgesinfo.fr\/remiremontinfo\/#\/schema\/person\/image\/\",\"url\":\"https:\/\/secure.gravatar.com\/avatar\/64c76a78e501cedee55736f43f332df901e1896ae9cd8fad269ae2236dd0e8b6?s=96&d=mm&r=g\",\"contentUrl\":\"https:\/\/secure.gravatar.com\/avatar\/64c76a78e501cedee55736f43f332df901e1896ae9cd8fad269ae2236dd0e8b6?s=96&d=mm&r=g\",\"caption\":\"La redaction\"},\"url\":\"https:\/\/vosgesinfo.fr\/remiremontinfo\/author\/la-redaction\/\"}]}<\/script>\n<!-- \/ Yoast SEO plugin. -->","yoast_head_json":{"title":"Cl\u00e9mence Beretta : Projection du documentaire \"Pas \u00e0 Pas\" \u2013 Un destin olympique - Remiremont Info","robots":{"index":"index","follow":"follow","max-snippet":"max-snippet:-1","max-image-preview":"max-image-preview:large","max-video-preview":"max-video-preview:-1"},"canonical":"https:\/\/vosgesinfo.fr\/remiremontinfo\/?p=73809","twitter_card":"summary_large_image","twitter_title":"Cl\u00e9mence Beretta : Projection du documentaire \"Pas \u00e0 Pas\" \u2013 Un destin olympique - Remiremont Info","twitter_description":"Projection du documentaire \u00ab\u00a0Pas \u00e0 Pas\u00a0\u00bb \u2013 Un destin olympique Le 03 octobre 2024, \u00e0 19h, le Centre Culturel Gilbert [&hellip;]","twitter_image":"https:\/\/vosgesinfo.fr\/app\/uploads\/sites\/5\/2024\/09\/affiche-pas-a-pas.png","twitter_creator":"@VosgesInfo88","twitter_site":"@VosgesInfo88","twitter_misc":{"\u00c9crit par":"La redaction","Dur\u00e9e de lecture estim\u00e9e":"2 minutes"},"schema":{"@context":"https:\/\/schema.org","@graph":[{"@type":"Article","@id":"https:\/\/vosgesinfo.fr\/remiremontinfo\/?p=73809#article","isPartOf":{"@id":"https:\/\/vosgesinfo.fr\/remiremontinfo\/?p=73809"},"author":{"name":"La redaction","@id":"https:\/\/vosgesinfo.fr\/remiremontinfo\/#\/schema\/person\/27a3695b06db98895b354c0765cdfc31"},"headline":"Cl\u00e9mence Beretta : Projection du documentaire \u00ab\u00a0Pas \u00e0 Pas\u00a0\u00bb \u2013 Un destin olympique","datePublished":"2024-09-25T08:12:17+00:00","dateModified":"2024-09-25T08:12:17+00:00","mainEntityOfPage":{"@id":"https:\/\/vosgesinfo.fr\/remiremontinfo\/?p=73809"},"wordCount":295,"commentCount":0,"publisher":{"@id":"https:\/\/vosgesinfo.fr\/remiremontinfo\/#organization"},"image":{"@id":"https:\/\/vosgesinfo.fr\/remiremontinfo\/?p=73809#primaryimage"},"thumbnailUrl":"https:\/\/vosgesinfo.fr\/app\/uploads\/sites\/5\/2024\/09\/affiche-pas-a-pas.png","keywords":["Cl\u00e9mence beretta","projection"],"articleSection":["A la Une","Agenda","Remiremont","Sport"],"inLanguage":"fr-FR","potentialAction":[{"@type":"CommentAction","name":"Comment","target":["https:\/\/vosgesinfo.fr\/remiremontinfo\/?p=73809#respond"]}]},{"@type":"WebPage","@id":"https:\/\/vosgesinfo.fr\/remiremontinfo\/?p=73809","url":"https:\/\/vosgesinfo.fr\/remiremontinfo\/?p=73809","name":"Cl\u00e9mence Beretta : Projection du documentaire \"Pas \u00e0 Pas\" \u2013 Un destin olympique - Remiremont Info","isPartOf":{"@id":"https:\/\/vosgesinfo.fr\/remiremontinfo\/#website"},"primaryImageOfPage":{"@id":"https:\/\/vosgesinfo.fr\/remiremontinfo\/?p=73809#primaryimage"},"image":{"@id":"https:\/\/vosgesinfo.fr\/remiremontinfo\/?p=73809#primaryimage"},"thumbnailUrl":"https:\/\/vosgesinfo.fr\/app\/uploads\/sites\/5\/2024\/09\/affiche-pas-a-pas.png","datePublished":"2024-09-25T08:12:17+00:00","dateModified":"2024-09-25T08:12:17+00:00","breadcrumb":{"@id":"https:\/\/vosgesinfo.fr\/remiremontinfo\/?p=73809#breadcrumb"},"inLanguage":"fr-FR","potentialAction":[{"@type":"ReadAction","target":["https:\/\/vosgesinfo.fr\/remiremontinfo\/?p=73809"]}]},{"@type":"ImageObject","inLanguage":"fr-FR","@id":"https:\/\/vosgesinfo.fr\/remiremontinfo\/?p=73809#primaryimage","url":"https:\/\/vosgesinfo.fr\/app\/uploads\/sites\/5\/2024\/09\/affiche-pas-a-pas.png","contentUrl":"https:\/\/vosgesinfo.fr\/app\/uploads\/sites\/5\/2024\/09\/affiche-pas-a-pas.png","width":1414,"height":2000},{"@type":"BreadcrumbList","@id":"https:\/\/vosgesinfo.fr\/remiremontinfo\/?p=73809#breadcrumb","itemListElement":[{"@type":"ListItem","position":1,"name":"Home","item":"https:\/\/vosgesinfo.fr\/remiremontinfo\/"},{"@type":"ListItem","position":2,"name":"Cl\u00e9mence Beretta : Projection du documentaire &#8220;Pas \u00e0 Pas&#8221; \u2013 Un destin olympique"}]},{"@type":"WebSite","@id":"https:\/\/vosgesinfo.fr\/remiremontinfo\/#website","url":"https:\/\/vosgesinfo.fr\/remiremontinfo\/","name":"Remiremont Info","description":"Toute l&#039;actualit\u00e9 de Remiremont","publisher":{"@id":"https:\/\/vosgesinfo.fr\/remiremontinfo\/#organization"},"alternateName":"Toute l'actualit\u00e9 de Remiremont","potentialAction":[{"@type":"SearchAction","target":{"@type":"EntryPoint","urlTemplate":"https:\/\/vosgesinfo.fr\/remiremontinfo\/?s={search_term_string}"},"query-input":"required name=search_term_string"}],"inLanguage":"fr-FR"},{"@type":"Organization","@id":"https:\/\/vosgesinfo.fr\/remiremontinfo\/#organization","name":"Remiremont Info","url":"https:\/\/vosgesinfo.fr\/remiremontinfo\/","logo":{"@type":"ImageObject","inLanguage":"fr-FR","@id":"https:\/\/vosgesinfo.fr\/remiremontinfo\/#\/schema\/logo\/image\/","url":"https:\/\/vosgesinfo.fr\/app\/uploads\/sites\/5\/2023\/08\/favicon-remiremontinfo.png","contentUrl":"https:\/\/vosgesinfo.fr\/app\/uploads\/sites\/5\/2023\/08\/favicon-remiremontinfo.png","width":512,"height":512,"caption":"Remiremont Info"},"image":{"@id":"https:\/\/vosgesinfo.fr\/remiremontinfo\/#\/schema\/logo\/image\/"},"sameAs":["https:\/\/www.facebook.com\/remiremontinfo","https:\/\/x.com\/VosgesInfo88","https:\/\/www.youtube.com\/@vosgesinfo"]},{"@type":"Person","@id":"https:\/\/vosgesinfo.fr\/remiremontinfo\/#\/schema\/person\/27a3695b06db98895b354c0765cdfc31","name":"La redaction","image":{"@type":"ImageObject","inLanguage":"fr-FR","@id":"https:\/\/vosgesinfo.fr\/remiremontinfo\/#\/schema\/person\/image\/","url":"https:\/\/secure.gravatar.com\/avatar\/64c76a78e501cedee55736f43f332df901e1896ae9cd8fad269ae2236dd0e8b6?s=96&d=mm&r=g","contentUrl":"https:\/\/secure.gravatar.com\/avatar\/64c76a78e501cedee55736f43f332df901e1896ae9cd8fad269ae2236dd0e8b6?s=96&d=mm&r=g","caption":"La redaction"},"url":"https:\/\/vosgesinfo.fr\/remiremontinfo\/author\/la-redaction\/"}]}},"_links":{"self":[{"href":"https:\/\/vosgesinfo.fr\/remiremontinfo\/wp-json\/wp\/v2\/posts\/73809","targetHints":{"allow":["GET"]}}],"collection":[{"href":"https:\/\/vosgesinfo.fr\/remiremontinfo\/wp-json\/wp\/v2\/posts"}],"about":[{"href":"https:\/\/vosgesinfo.fr\/remiremontinfo\/wp-json\/wp\/v2\/types\/post"}],"author":[{"embeddable":true,"href":"https:\/\/vosgesinfo.fr\/remiremontinfo\/wp-json\/wp\/v2\/users\/391"}],"replies":[{"embeddable":true,"href":"https:\/\/vosgesinfo.fr\/remiremontinfo\/wp-json\/wp\/v2\/comments?post=73809"}],"version-history":[{"count":2,"href":"https:\/\/vosgesinfo.fr\/remiremontinfo\/wp-json\/wp\/v2\/posts\/73809\/revisions"}],"predecessor-version":[{"id":73812,"href":"https:\/\/vosgesinfo.fr\/remiremontinfo\/wp-json\/wp\/v2\/posts\/73809\/revisions\/73812"}],"wp:featuredmedia":[{"embeddable":true,"href":"https:\/\/vosgesinfo.fr\/remiremontinfo\/wp-json\/wp\/v2\/media\/73810"}],"wp:attachment":[{"href":"https:\/\/vosgesinfo.fr\/remiremontinfo\/wp-json\/wp\/v2\/media?parent=73809"}],"wp:term":[{"taxonomy":"category","embeddable":true,"href":"https:\/\/vosgesinfo.fr\/remiremontinfo\/wp-json\/wp\/v2\/categories?post=73809"},{"taxonomy":"post_tag","embeddable":true,"href":"https:\/\/vosgesinfo.fr\/remiremontinfo\/wp-json\/wp\/v2\/tags?post=73809"}],"curies":[{"name":"wp","href":"https:\/\/api.w.org\/{rel}","templated":true}]}}