{"id":73960,"date":"2024-10-02T05:48:31","date_gmt":"2024-10-02T03:48:31","guid":{"rendered":"https:\/\/vosgesinfo.fr\/remiremontinfo\/?p=73960"},"modified":"2024-10-01T19:56:27","modified_gmt":"2024-10-01T17:56:27","slug":"exposition-mobilier-de-poupees-au-musee-charles-de-bruyeres-a-remiremont","status":"publish","type":"post","link":"https:\/\/vosgesinfo.fr\/remiremontinfo\/2024\/10\/exposition-mobilier-de-poupees-au-musee-charles-de-bruyeres-a-remiremont\/","title":{"rendered":"Exposition \u00ab\u00a0Mobilier de Poup\u00e9es\u00a0\u00bb au Mus\u00e9e Charles de Bruy\u00e8res \u00e0 Remiremont"},"content":{"rendered":"<p><strong>Le mus\u00e9e Charles de Bruy\u00e8res de Remiremont proposera une exposition \u00ab\u00a0Mobilier de Poup\u00e9es\u00a0\u00bb du 9 octobre au 29 d\u00e9cembre. Accessible du mercredi au dimanche de 10 h \u00e0 12 h et de 14 h \u00e0 18 h.\u00a0<\/strong><\/p>\n<div><\/div>\n<p>Sont pr\u00e9sent\u00e9s plus d&rsquo;une cinquantaine de meubles miniatures et de tr\u00e8s nombreux accessoires reconstituant des chambres \u00e0 coucher, salon, salle \u00e0 manger, salon piano, cuisines. Le tout de\u00a0<span style=\"color: #000000;\"> diff\u00e9rentes \u00e9chelles et de diff\u00e9rents styles<\/span>. Tout un monde de grand en miniature d&rsquo;une tr\u00e8s grande diversit\u00e9 et qualit\u00e9.<\/p>\n<p align=\"justify\"><span style=\"color: #000000;\">Ce mobilier a \u00e9t\u00e9 fabriqu\u00e9 \u00e0 la fin du XIXe si\u00e8cle et au d\u00e9but du XXe si\u00e8cle.<\/span><\/p>\n<p align=\"justify\"><span style=\"color: #000000;\">21 reconstitutions d&rsquo;int\u00e9rieur et une collection de cuisini\u00e8res et de cuivres de cuisine miniatures.<\/span><\/p>\n<div>\n<p align=\"justify\"><span style=\"color: #000000;\">Cette collection priv\u00e9e vosgienne exceptionnelle est le fruit de d\u00e9cennies de passion.<\/span><\/p>\n<p align=\"justify\">\n<\/div>\n<div><em>Mus\u00e9e Charles de Bruy\u00e8res, 1 rue Paul Doumer, 88200 Remiremont<\/em><\/div>\n<div>Ferm\u00e9 le 11 novembre et le 25 d\u00e9cembre<\/div>\n<div>Exposition et mus\u00e9es accessibles aux personnes \u00e0 mobilit\u00e9 r\u00e9duite<\/div>\n<div>03 29 62 59 14 <a class=\"moz-txt-link-freetext\" href=\"mailto:musees@remiremont.fr\" rel=\"noreferrer\">musees@remiremont.fr<\/a><\/div>\n<div>\n<p align=\"justify\">\n<\/div>\n<p><a href=\"https:\/\/vosgesinfo.fr\/app\/uploads\/sites\/5\/2024\/10\/affiche-expo-maisons-de-poupees-2024-v2-page-0001.jpg\"><img decoding=\"async\" class=\"aligncenter size-large wp-image-73961\" src=\"https:\/\/vosgesinfo.fr\/app\/uploads\/sites\/5\/2024\/10\/affiche-expo-maisons-de-poupees-2024-v2-page-0001-724x1024.jpg\" alt=\"\" width=\"724\" height=\"1024\" srcset=\"https:\/\/vosgesinfo.fr\/app\/uploads\/sites\/5\/2024\/10\/affiche-expo-maisons-de-poupees-2024-v2-page-0001-724x1024.jpg 724w, https:\/\/vosgesinfo.fr\/app\/uploads\/sites\/5\/2024\/10\/affiche-expo-maisons-de-poupees-2024-v2-page-0001-212x300.jpg 212w, https:\/\/vosgesinfo.fr\/app\/uploads\/sites\/5\/2024\/10\/affiche-expo-maisons-de-poupees-2024-v2-page-0001-768x1086.jpg 768w, https:\/\/vosgesinfo.fr\/app\/uploads\/sites\/5\/2024\/10\/affiche-expo-maisons-de-poupees-2024-v2-page-0001-1086x1536.jpg 1086w, https:\/\/vosgesinfo.fr\/app\/uploads\/sites\/5\/2024\/10\/affiche-expo-maisons-de-poupees-2024-v2-page-0001-1448x2048.jpg 1448w, https:\/\/vosgesinfo.fr\/app\/uploads\/sites\/5\/2024\/10\/affiche-expo-maisons-de-poupees-2024-v2-page-0001.jpg 1754w\" sizes=\"(max-width: 724px) 100vw, 724px\" \/><\/a><\/p>\n","protected":false},"excerpt":{"rendered":"<p>Le mus\u00e9e Charles de Bruy\u00e8res de Remiremont proposera une exposition \u00ab\u00a0Mobilier de Poup\u00e9es\u00a0\u00bb du 9 octobre au 29 d\u00e9cembre. Accessible [&hellip;]<\/p>\n","protected":false},"author":391,"featured_media":73961,"comment_status":"open","ping_status":"open","sticky":false,"template":"","format":"standard","meta":{"footnotes":""},"categories":[26,594,229,1556],"tags":[6141,839,44],"class_list":["post-73960","post","type-post","status-publish","format-standard","has-post-thumbnail","hentry","category-a-la-une","category-agenda","category-art","category-remiremont-remiremont-son-canton-2","tag-mobilier-de-poupees","tag-musee-charles-de-bruyeres","tag-remiremont"],"acf":[],"yoast_head":"<!-- This site is optimized with the Yoast SEO plugin v22.5 - https:\/\/yoast.com\/wordpress\/plugins\/seo\/ -->\n<title>Exposition &quot;Mobilier de Poup\u00e9es&quot; au Mus\u00e9e Charles de Bruy\u00e8res \u00e0 Remiremont - Remiremont Info<\/title>\n<meta name=\"robots\" content=\"index, follow, max-snippet:-1, max-image-preview:large, max-video-preview:-1\" \/>\n<link rel=\"canonical\" href=\"https:\/\/vosgesinfo.fr\/remiremontinfo\/?p=73960\" \/>\n<meta name=\"twitter:card\" content=\"summary_large_image\" \/>\n<meta name=\"twitter:title\" content=\"Exposition &quot;Mobilier de Poup\u00e9es&quot; au Mus\u00e9e Charles de Bruy\u00e8res \u00e0 Remiremont - Remiremont Info\" \/>\n<meta name=\"twitter:description\" content=\"Le mus\u00e9e Charles de Bruy\u00e8res de Remiremont proposera une exposition \u00ab\u00a0Mobilier de Poup\u00e9es\u00a0\u00bb du 9 octobre au 29 d\u00e9cembre. Accessible [&hellip;]\" \/>\n<meta name=\"twitter:image\" content=\"https:\/\/vosgesinfo.fr\/app\/uploads\/sites\/5\/2024\/10\/affiche-expo-maisons-de-poupees-2024-v2-page-0001.jpg\" \/>\n<meta name=\"twitter:creator\" content=\"@VosgesInfo88\" \/>\n<meta name=\"twitter:site\" content=\"@VosgesInfo88\" \/>\n<meta name=\"twitter:label1\" content=\"\u00c9crit par\" \/>\n\t<meta name=\"twitter:data1\" content=\"La redaction\" \/>\n\t<meta name=\"twitter:label2\" content=\"Dur\u00e9e de lecture estim\u00e9e\" \/>\n\t<meta name=\"twitter:data2\" content=\"2 minutes\" \/>\n<script type=\"application\/ld+json\" class=\"yoast-schema-graph\">{\"@context\":\"https:\/\/schema.org\",\"@graph\":[{\"@type\":\"Article\",\"@id\":\"https:\/\/vosgesinfo.fr\/remiremontinfo\/?p=73960#article\",\"isPartOf\":{\"@id\":\"https:\/\/vosgesinfo.fr\/remiremontinfo\/?p=73960\"},\"author\":{\"name\":\"La redaction\",\"@id\":\"https:\/\/vosgesinfo.fr\/remiremontinfo\/#\/schema\/person\/27a3695b06db98895b354c0765cdfc31\"},\"headline\":\"Exposition \u00ab\u00a0Mobilier de Poup\u00e9es\u00a0\u00bb au Mus\u00e9e Charles de Bruy\u00e8res \u00e0 Remiremont\",\"datePublished\":\"2024-10-02T03:48:31+00:00\",\"dateModified\":\"2024-10-01T17:56:27+00:00\",\"mainEntityOfPage\":{\"@id\":\"https:\/\/vosgesinfo.fr\/remiremontinfo\/?p=73960\"},\"wordCount\":178,\"commentCount\":0,\"publisher\":{\"@id\":\"https:\/\/vosgesinfo.fr\/remiremontinfo\/#organization\"},\"image\":{\"@id\":\"https:\/\/vosgesinfo.fr\/remiremontinfo\/?p=73960#primaryimage\"},\"thumbnailUrl\":\"https:\/\/vosgesinfo.fr\/app\/uploads\/sites\/5\/2024\/10\/affiche-expo-maisons-de-poupees-2024-v2-page-0001.jpg\",\"keywords\":[\"Mobilier de poup\u00e9es\",\"Mus\u00e9e Charles de Bruy\u00e8res\",\"remiremont\"],\"articleSection\":[\"A la Une\",\"Agenda\",\"Art\",\"Remiremont\"],\"inLanguage\":\"fr-FR\",\"potentialAction\":[{\"@type\":\"CommentAction\",\"name\":\"Comment\",\"target\":[\"https:\/\/vosgesinfo.fr\/remiremontinfo\/?p=73960#respond\"]}]},{\"@type\":\"WebPage\",\"@id\":\"https:\/\/vosgesinfo.fr\/remiremontinfo\/?p=73960\",\"url\":\"https:\/\/vosgesinfo.fr\/remiremontinfo\/?p=73960\",\"name\":\"Exposition \\\"Mobilier de Poup\u00e9es\\\" au Mus\u00e9e Charles de Bruy\u00e8res \u00e0 Remiremont - Remiremont Info\",\"isPartOf\":{\"@id\":\"https:\/\/vosgesinfo.fr\/remiremontinfo\/#website\"},\"primaryImageOfPage\":{\"@id\":\"https:\/\/vosgesinfo.fr\/remiremontinfo\/?p=73960#primaryimage\"},\"image\":{\"@id\":\"https:\/\/vosgesinfo.fr\/remiremontinfo\/?p=73960#primaryimage\"},\"thumbnailUrl\":\"https:\/\/vosgesinfo.fr\/app\/uploads\/sites\/5\/2024\/10\/affiche-expo-maisons-de-poupees-2024-v2-page-0001.jpg\",\"datePublished\":\"2024-10-02T03:48:31+00:00\",\"dateModified\":\"2024-10-01T17:56:27+00:00\",\"breadcrumb\":{\"@id\":\"https:\/\/vosgesinfo.fr\/remiremontinfo\/?p=73960#breadcrumb\"},\"inLanguage\":\"fr-FR\",\"potentialAction\":[{\"@type\":\"ReadAction\",\"target\":[\"https:\/\/vosgesinfo.fr\/remiremontinfo\/?p=73960\"]}]},{\"@type\":\"ImageObject\",\"inLanguage\":\"fr-FR\",\"@id\":\"https:\/\/vosgesinfo.fr\/remiremontinfo\/?p=73960#primaryimage\",\"url\":\"https:\/\/vosgesinfo.fr\/app\/uploads\/sites\/5\/2024\/10\/affiche-expo-maisons-de-poupees-2024-v2-page-0001.jpg\",\"contentUrl\":\"https:\/\/vosgesinfo.fr\/app\/uploads\/sites\/5\/2024\/10\/affiche-expo-maisons-de-poupees-2024-v2-page-0001.jpg\",\"width\":1754,\"height\":2481},{\"@type\":\"BreadcrumbList\",\"@id\":\"https:\/\/vosgesinfo.fr\/remiremontinfo\/?p=73960#breadcrumb\",\"itemListElement\":[{\"@type\":\"ListItem\",\"position\":1,\"name\":\"Home\",\"item\":\"https:\/\/vosgesinfo.fr\/remiremontinfo\/\"},{\"@type\":\"ListItem\",\"position\":2,\"name\":\"Exposition &#8220;Mobilier de Poup\u00e9es&#8221; au Mus\u00e9e Charles de Bruy\u00e8res \u00e0 Remiremont\"}]},{\"@type\":\"WebSite\",\"@id\":\"https:\/\/vosgesinfo.fr\/remiremontinfo\/#website\",\"url\":\"https:\/\/vosgesinfo.fr\/remiremontinfo\/\",\"name\":\"Remiremont Info\",\"description\":\"Toute l&#039;actualit\u00e9 de Remiremont\",\"publisher\":{\"@id\":\"https:\/\/vosgesinfo.fr\/remiremontinfo\/#organization\"},\"alternateName\":\"Toute l'actualit\u00e9 de Remiremont\",\"potentialAction\":[{\"@type\":\"SearchAction\",\"target\":{\"@type\":\"EntryPoint\",\"urlTemplate\":\"https:\/\/vosgesinfo.fr\/remiremontinfo\/?s={search_term_string}\"},\"query-input\":\"required name=search_term_string\"}],\"inLanguage\":\"fr-FR\"},{\"@type\":\"Organization\",\"@id\":\"https:\/\/vosgesinfo.fr\/remiremontinfo\/#organization\",\"name\":\"Remiremont Info\",\"url\":\"https:\/\/vosgesinfo.fr\/remiremontinfo\/\",\"logo\":{\"@type\":\"ImageObject\",\"inLanguage\":\"fr-FR\",\"@id\":\"https:\/\/vosgesinfo.fr\/remiremontinfo\/#\/schema\/logo\/image\/\",\"url\":\"https:\/\/vosgesinfo.fr\/app\/uploads\/sites\/5\/2023\/08\/favicon-remiremontinfo.png\",\"contentUrl\":\"https:\/\/vosgesinfo.fr\/app\/uploads\/sites\/5\/2023\/08\/favicon-remiremontinfo.png\",\"width\":512,\"height\":512,\"caption\":\"Remiremont Info\"},\"image\":{\"@id\":\"https:\/\/vosgesinfo.fr\/remiremontinfo\/#\/schema\/logo\/image\/\"},\"sameAs\":[\"https:\/\/www.facebook.com\/remiremontinfo\",\"https:\/\/x.com\/VosgesInfo88\",\"https:\/\/www.youtube.com\/@vosgesinfo\"]},{\"@type\":\"Person\",\"@id\":\"https:\/\/vosgesinfo.fr\/remiremontinfo\/#\/schema\/person\/27a3695b06db98895b354c0765cdfc31\",\"name\":\"La redaction\",\"image\":{\"@type\":\"ImageObject\",\"inLanguage\":\"fr-FR\",\"@id\":\"https:\/\/vosgesinfo.fr\/remiremontinfo\/#\/schema\/person\/image\/\",\"url\":\"https:\/\/secure.gravatar.com\/avatar\/64c76a78e501cedee55736f43f332df901e1896ae9cd8fad269ae2236dd0e8b6?s=96&d=mm&r=g\",\"contentUrl\":\"https:\/\/secure.gravatar.com\/avatar\/64c76a78e501cedee55736f43f332df901e1896ae9cd8fad269ae2236dd0e8b6?s=96&d=mm&r=g\",\"caption\":\"La redaction\"},\"url\":\"https:\/\/vosgesinfo.fr\/remiremontinfo\/author\/la-redaction\/\"}]}<\/script>\n<!-- \/ Yoast SEO plugin. -->","yoast_head_json":{"title":"Exposition \"Mobilier de Poup\u00e9es\" au Mus\u00e9e Charles de Bruy\u00e8res \u00e0 Remiremont - Remiremont Info","robots":{"index":"index","follow":"follow","max-snippet":"max-snippet:-1","max-image-preview":"max-image-preview:large","max-video-preview":"max-video-preview:-1"},"canonical":"https:\/\/vosgesinfo.fr\/remiremontinfo\/?p=73960","twitter_card":"summary_large_image","twitter_title":"Exposition \"Mobilier de Poup\u00e9es\" au Mus\u00e9e Charles de Bruy\u00e8res \u00e0 Remiremont - Remiremont Info","twitter_description":"Le mus\u00e9e Charles de Bruy\u00e8res de Remiremont proposera une exposition \u00ab\u00a0Mobilier de Poup\u00e9es\u00a0\u00bb du 9 octobre au 29 d\u00e9cembre. Accessible [&hellip;]","twitter_image":"https:\/\/vosgesinfo.fr\/app\/uploads\/sites\/5\/2024\/10\/affiche-expo-maisons-de-poupees-2024-v2-page-0001.jpg","twitter_creator":"@VosgesInfo88","twitter_site":"@VosgesInfo88","twitter_misc":{"\u00c9crit par":"La redaction","Dur\u00e9e de lecture estim\u00e9e":"2 minutes"},"schema":{"@context":"https:\/\/schema.org","@graph":[{"@type":"Article","@id":"https:\/\/vosgesinfo.fr\/remiremontinfo\/?p=73960#article","isPartOf":{"@id":"https:\/\/vosgesinfo.fr\/remiremontinfo\/?p=73960"},"author":{"name":"La redaction","@id":"https:\/\/vosgesinfo.fr\/remiremontinfo\/#\/schema\/person\/27a3695b06db98895b354c0765cdfc31"},"headline":"Exposition \u00ab\u00a0Mobilier de Poup\u00e9es\u00a0\u00bb au Mus\u00e9e Charles de Bruy\u00e8res \u00e0 Remiremont","datePublished":"2024-10-02T03:48:31+00:00","dateModified":"2024-10-01T17:56:27+00:00","mainEntityOfPage":{"@id":"https:\/\/vosgesinfo.fr\/remiremontinfo\/?p=73960"},"wordCount":178,"commentCount":0,"publisher":{"@id":"https:\/\/vosgesinfo.fr\/remiremontinfo\/#organization"},"image":{"@id":"https:\/\/vosgesinfo.fr\/remiremontinfo\/?p=73960#primaryimage"},"thumbnailUrl":"https:\/\/vosgesinfo.fr\/app\/uploads\/sites\/5\/2024\/10\/affiche-expo-maisons-de-poupees-2024-v2-page-0001.jpg","keywords":["Mobilier de poup\u00e9es","Mus\u00e9e Charles de Bruy\u00e8res","remiremont"],"articleSection":["A la Une","Agenda","Art","Remiremont"],"inLanguage":"fr-FR","potentialAction":[{"@type":"CommentAction","name":"Comment","target":["https:\/\/vosgesinfo.fr\/remiremontinfo\/?p=73960#respond"]}]},{"@type":"WebPage","@id":"https:\/\/vosgesinfo.fr\/remiremontinfo\/?p=73960","url":"https:\/\/vosgesinfo.fr\/remiremontinfo\/?p=73960","name":"Exposition \"Mobilier de Poup\u00e9es\" au Mus\u00e9e Charles de Bruy\u00e8res \u00e0 Remiremont - Remiremont Info","isPartOf":{"@id":"https:\/\/vosgesinfo.fr\/remiremontinfo\/#website"},"primaryImageOfPage":{"@id":"https:\/\/vosgesinfo.fr\/remiremontinfo\/?p=73960#primaryimage"},"image":{"@id":"https:\/\/vosgesinfo.fr\/remiremontinfo\/?p=73960#primaryimage"},"thumbnailUrl":"https:\/\/vosgesinfo.fr\/app\/uploads\/sites\/5\/2024\/10\/affiche-expo-maisons-de-poupees-2024-v2-page-0001.jpg","datePublished":"2024-10-02T03:48:31+00:00","dateModified":"2024-10-01T17:56:27+00:00","breadcrumb":{"@id":"https:\/\/vosgesinfo.fr\/remiremontinfo\/?p=73960#breadcrumb"},"inLanguage":"fr-FR","potentialAction":[{"@type":"ReadAction","target":["https:\/\/vosgesinfo.fr\/remiremontinfo\/?p=73960"]}]},{"@type":"ImageObject","inLanguage":"fr-FR","@id":"https:\/\/vosgesinfo.fr\/remiremontinfo\/?p=73960#primaryimage","url":"https:\/\/vosgesinfo.fr\/app\/uploads\/sites\/5\/2024\/10\/affiche-expo-maisons-de-poupees-2024-v2-page-0001.jpg","contentUrl":"https:\/\/vosgesinfo.fr\/app\/uploads\/sites\/5\/2024\/10\/affiche-expo-maisons-de-poupees-2024-v2-page-0001.jpg","width":1754,"height":2481},{"@type":"BreadcrumbList","@id":"https:\/\/vosgesinfo.fr\/remiremontinfo\/?p=73960#breadcrumb","itemListElement":[{"@type":"ListItem","position":1,"name":"Home","item":"https:\/\/vosgesinfo.fr\/remiremontinfo\/"},{"@type":"ListItem","position":2,"name":"Exposition &#8220;Mobilier de Poup\u00e9es&#8221; au Mus\u00e9e Charles de Bruy\u00e8res \u00e0 Remiremont"}]},{"@type":"WebSite","@id":"https:\/\/vosgesinfo.fr\/remiremontinfo\/#website","url":"https:\/\/vosgesinfo.fr\/remiremontinfo\/","name":"Remiremont Info","description":"Toute l&#039;actualit\u00e9 de Remiremont","publisher":{"@id":"https:\/\/vosgesinfo.fr\/remiremontinfo\/#organization"},"alternateName":"Toute l'actualit\u00e9 de Remiremont","potentialAction":[{"@type":"SearchAction","target":{"@type":"EntryPoint","urlTemplate":"https:\/\/vosgesinfo.fr\/remiremontinfo\/?s={search_term_string}"},"query-input":"required name=search_term_string"}],"inLanguage":"fr-FR"},{"@type":"Organization","@id":"https:\/\/vosgesinfo.fr\/remiremontinfo\/#organization","name":"Remiremont Info","url":"https:\/\/vosgesinfo.fr\/remiremontinfo\/","logo":{"@type":"ImageObject","inLanguage":"fr-FR","@id":"https:\/\/vosgesinfo.fr\/remiremontinfo\/#\/schema\/logo\/image\/","url":"https:\/\/vosgesinfo.fr\/app\/uploads\/sites\/5\/2023\/08\/favicon-remiremontinfo.png","contentUrl":"https:\/\/vosgesinfo.fr\/app\/uploads\/sites\/5\/2023\/08\/favicon-remiremontinfo.png","width":512,"height":512,"caption":"Remiremont Info"},"image":{"@id":"https:\/\/vosgesinfo.fr\/remiremontinfo\/#\/schema\/logo\/image\/"},"sameAs":["https:\/\/www.facebook.com\/remiremontinfo","https:\/\/x.com\/VosgesInfo88","https:\/\/www.youtube.com\/@vosgesinfo"]},{"@type":"Person","@id":"https:\/\/vosgesinfo.fr\/remiremontinfo\/#\/schema\/person\/27a3695b06db98895b354c0765cdfc31","name":"La redaction","image":{"@type":"ImageObject","inLanguage":"fr-FR","@id":"https:\/\/vosgesinfo.fr\/remiremontinfo\/#\/schema\/person\/image\/","url":"https:\/\/secure.gravatar.com\/avatar\/64c76a78e501cedee55736f43f332df901e1896ae9cd8fad269ae2236dd0e8b6?s=96&d=mm&r=g","contentUrl":"https:\/\/secure.gravatar.com\/avatar\/64c76a78e501cedee55736f43f332df901e1896ae9cd8fad269ae2236dd0e8b6?s=96&d=mm&r=g","caption":"La redaction"},"url":"https:\/\/vosgesinfo.fr\/remiremontinfo\/author\/la-redaction\/"}]}},"_links":{"self":[{"href":"https:\/\/vosgesinfo.fr\/remiremontinfo\/wp-json\/wp\/v2\/posts\/73960","targetHints":{"allow":["GET"]}}],"collection":[{"href":"https:\/\/vosgesinfo.fr\/remiremontinfo\/wp-json\/wp\/v2\/posts"}],"about":[{"href":"https:\/\/vosgesinfo.fr\/remiremontinfo\/wp-json\/wp\/v2\/types\/post"}],"author":[{"embeddable":true,"href":"https:\/\/vosgesinfo.fr\/remiremontinfo\/wp-json\/wp\/v2\/users\/391"}],"replies":[{"embeddable":true,"href":"https:\/\/vosgesinfo.fr\/remiremontinfo\/wp-json\/wp\/v2\/comments?post=73960"}],"version-history":[{"count":3,"href":"https:\/\/vosgesinfo.fr\/remiremontinfo\/wp-json\/wp\/v2\/posts\/73960\/revisions"}],"predecessor-version":[{"id":73964,"href":"https:\/\/vosgesinfo.fr\/remiremontinfo\/wp-json\/wp\/v2\/posts\/73960\/revisions\/73964"}],"wp:featuredmedia":[{"embeddable":true,"href":"https:\/\/vosgesinfo.fr\/remiremontinfo\/wp-json\/wp\/v2\/media\/73961"}],"wp:attachment":[{"href":"https:\/\/vosgesinfo.fr\/remiremontinfo\/wp-json\/wp\/v2\/media?parent=73960"}],"wp:term":[{"taxonomy":"category","embeddable":true,"href":"https:\/\/vosgesinfo.fr\/remiremontinfo\/wp-json\/wp\/v2\/categories?post=73960"},{"taxonomy":"post_tag","embeddable":true,"href":"https:\/\/vosgesinfo.fr\/remiremontinfo\/wp-json\/wp\/v2\/tags?post=73960"}],"curies":[{"name":"wp","href":"https:\/\/api.w.org\/{rel}","templated":true}]}}