{"id":74079,"date":"2024-10-04T16:56:07","date_gmt":"2024-10-04T14:56:07","guid":{"rendered":"https:\/\/vosgesinfo.fr\/remiremontinfo\/?p=74079"},"modified":"2024-10-04T16:56:07","modified_gmt":"2024-10-04T14:56:07","slug":"les-eleves-du-lycee-andre-malraux-recoivent-des-gateaux-dune-entreprise-allemande","status":"publish","type":"post","link":"https:\/\/vosgesinfo.fr\/remiremontinfo\/2024\/10\/les-eleves-du-lycee-andre-malraux-recoivent-des-gateaux-dune-entreprise-allemande\/","title":{"rendered":"Les \u00e9l\u00e8ves du lyc\u00e9e Andr\u00e9 Malraux re\u00e7oivent des g\u00e2teaux d&rsquo;une entreprise allemande"},"content":{"rendered":"<p><a href=\"https:\/\/vosgesinfo.fr\/app\/uploads\/sites\/5\/2024\/10\/malraux-projet-brandt-2.jpg\"><img decoding=\"async\" class=\"aligncenter size-full wp-image-74080\" src=\"https:\/\/vosgesinfo.fr\/app\/uploads\/sites\/5\/2024\/10\/malraux-projet-brandt-2.jpg\" alt=\"\" width=\"871\" height=\"653\" srcset=\"https:\/\/vosgesinfo.fr\/app\/uploads\/sites\/5\/2024\/10\/malraux-projet-brandt-2.jpg 871w, https:\/\/vosgesinfo.fr\/app\/uploads\/sites\/5\/2024\/10\/malraux-projet-brandt-2-300x225.jpg 300w, https:\/\/vosgesinfo.fr\/app\/uploads\/sites\/5\/2024\/10\/malraux-projet-brandt-2-768x576.jpg 768w\" sizes=\"(max-width: 871px) 100vw, 871px\" \/><\/a><\/p>\n<div class=\"page\" title=\"Page 1\">\n<div class=\"layoutArea\">\n<div class=\"column\">\n<div class=\"flex max-w-full flex-col flex-grow\">\n<div class=\"min-h-8 text-message flex w-full flex-col items-end gap-2 whitespace-normal break-words [.text-message+&amp;]:mt-5\" dir=\"auto\" data-message-author-role=\"assistant\" data-message-id=\"318ae07e-dda4-413b-8c91-1718272ad887\">\n<div class=\"flex w-full flex-col gap-1 empty:hidden first:pt-[3px]\">\n<div class=\"markdown prose w-full break-words dark:prose-invert light\">\n<p class=\"s3\"><strong><span class=\"s2\">En mai dernier, les \u00e9l\u00e8ves de <\/span><span class=\"s2\">S<\/span><span class=\"s2\">econde <\/span><span class=\"s2\">de <\/span><span class=\"s2\">la Section<\/span><span class=\"s2\"> euro<\/span><span class=\"s2\">p\u00e9enne<\/span><span class=\"s2\"> allemand du lyc\u00e9e Andr\u00e9 Malraux ont r\u00e9alis\u00e9 un projet<\/span><span class=\"s2\"> artistique<\/span><span class=\"s2\">. Le but \u00e9tait que chacun propose une modernisation de l\u2019emballage des produits Brandt<\/span><span class=\"s2\">, une <\/span><span class=\"s2\">c\u00e9l\u00e8bre marque allemande de biscotte<\/span><span class=\"s2\"> depuis 1912.<\/span><\/strong><\/p>\n<p class=\"s4\"><span class=\"s2\">\u00a0\u00c0 la suite de cela, <\/span><span class=\"s2\">ils<\/span><span class=\"s2\"> ont vot\u00e9 et choisi <\/span><span class=\"s2\">l\u2019<\/span><span class=\"s2\">une de leur<\/span><span class=\"s2\">s<\/span><span class=\"s2\"> cr\u00e9ation<\/span><span class=\"s2\">s<\/span><span class=\"s2\"> pour l\u2019envoyer \u00e0 l\u2019entreprise Brandt. <\/span><span class=\"s2\">Ils ont joint \u00e0 leur envoi <\/span><span class=\"s2\">une lettre en allemand <\/span><span class=\"s2\">\u00e9crite <\/span><span class=\"s2\">avec l\u2019aide de <\/span><span class=\"s2\">Mme Pradel, <\/span><span class=\"s2\">leur <\/span><span class=\"s2\">professeure de <\/span><span class=\"s2\">DNL (<\/span><span class=\"s5\">D<\/span><span class=\"s2\">iscipline <\/span><span class=\"s5\">N<\/span><span class=\"s2\">on <\/span><span class=\"s5\">L<\/span><span class=\"s2\">inguistique)<\/span><span class=\"s2\">. <\/span><\/p>\n<p class=\"s4\"><span class=\"s2\">\u00c0<\/span> <span class=\"s2\">la rentr\u00e9e scolaire de septembre 2024, la classe a \u00e9t\u00e9 surprise de recevoir un gros colis accompagn\u00e9 d\u2019une lettre<\/span><span class=\"s2\"> de la soci\u00e9t\u00e9 Brandt. Cette derni\u00e8re<\/span><span class=\"s2\"> a \u00e9t\u00e9 tr\u00e8s touch\u00e9e du projet des \u00e9l\u00e8ves fran\u00e7ais<\/span><span class=\"s2\">,<\/span><span class=\"s2\"> et leur courrier <\/span><span class=\"s2\">ainsi que leur proposition ont<\/span><span class=\"s2\"> m\u00eame \u00e9t\u00e9 transmis au service <\/span><span class=\"s2\">design <\/span><span class=\"s2\">qui g\u00e8re l\u2019image de <\/span><span class=\"s2\">son<\/span><span class=\"s2\"> produit phare. La soci\u00e9t\u00e9 Brandt les a remerci\u00e9<\/span><span class=\"s2\">s<\/span><span class=\"s2\"> pour leur<\/span><span class=\"s2\">s id\u00e9es<\/span><span class=\"s2\">, mais m\u00eame si d\u2019infimes changement<\/span><span class=\"s2\">s<\/span><span class=\"s2\"> sont r\u00e9guli\u00e8rement apport\u00e9s, <\/span><span class=\"s2\">Brandt<\/span><span class=\"s2\"> n\u2019envisage pas de modifier <\/span><span class=\"s2\">le packaging<\/span> <span class=\"s2\">de fa\u00e7on radicale, car les consommateurs sont attach\u00e9s \u00e0 l\u2019emballage d\u2019origine, synonyme de continuit\u00e9, de go\u00fbt et de tradition.<\/span><\/p>\n<p class=\"s4\"><span class=\"s2\">Les \u00e9l\u00e8ves ont \u00e9t\u00e9 touch\u00e9<\/span><span class=\"s2\">s<\/span><span class=\"s2\"> et heureux d<\/span><span class=\"s2\">e<\/span><span class=\"s2\"> d\u00e9couvrir le contenu<\/span><span class=\"s2\"> du gros paquet que l\u2019entreprise leur a gracieusement envoy\u00e9<\/span><span class=\"s2\">. Il y avait \u00e0 l\u2019int\u00e9rieur <\/span><span class=\"s2\">un paquet de biscottes pour chaque \u00e9l\u00e8ve\u00a0: noix de coco, chocolat, nature<\/span><span class=\"s2\">\u2026<\/span><span class=\"s2\">, il y en avait pour tous les go\u00fbts\u00a0! Cette r\u00e9ponse inattendue et ce cadeau encore moins esp\u00e9r\u00e9 ont provoqu\u00e9 surprise et satisfaction\u00a0: <\/span><span class=\"s2\">\u00ab\u00a0C\u2019est trop g\u00e9nial<\/span><span class=\"s2\">, on a eu une r\u00e9ponse\u00a0!\u00a0\u00bb<\/span><span class=\"s2\">, a-t-on pu entendre dans la classe, fi\u00e8re d\u2019avoir obtenu un tel \u00e9cho \u00e0 son travail<\/span><span class=\"s2\">. <\/span><span class=\"s2\">Prochainement, <\/span><span class=\"s2\">un courrier de remerciements sera envoy\u00e9<\/span> <span class=\"s2\">\u00e0 Brandt<\/span><span class=\"s2\">.<\/span><\/p>\n<p class=\"s4\"><span class=\"s2\">Les \u00e9l\u00e8ves ont d\u2019ores et d\u00e9j\u00e0 <\/span><span class=\"s2\">h\u00e2te de poursuivre la <\/span><span class=\"s2\">S<\/span><span class=\"s2\">ection <\/span><span class=\"s2\">E<\/span><span class=\"s2\">uro<\/span><span class=\"s2\">p\u00e9enne<\/span><span class=\"s2\"> avec de nouveaux projets<\/span><span class=\"s2\"> pr\u00e9vus pour cette ann\u00e9e<\/span><span class=\"s2\">, notamment un voyage culturel \u00e0 Berlin en <\/span><span class=\"s2\">d\u00e9cembre.<\/span><\/p>\n<\/div>\n<\/div>\n<\/div>\n<\/div>\n<\/div>\n<\/div>\n<\/div>\n\n\t\t<style type=\"text\/css\">\n\t\t\t#gallery-1 {\n\t\t\t\tmargin: auto;\n\t\t\t}\n\t\t\t#gallery-1 .gallery-item {\n\t\t\t\tfloat: left;\n\t\t\t\tmargin-top: 10px;\n\t\t\t\ttext-align: center;\n\t\t\t\twidth: 50%;\n\t\t\t}\n\t\t\t#gallery-1 img {\n\t\t\t\tborder: 2px solid #cfcfcf;\n\t\t\t}\n\t\t\t#gallery-1 .gallery-caption {\n\t\t\t\tmargin-left: 0;\n\t\t\t}\n\t\t\t\/* see gallery_shortcode() in wp-includes\/media.php *\/\n\t\t<\/style>\n\t\t<div id='gallery-1' class='gallery galleryid-74079 gallery-columns-2 gallery-size-full'><dl class='gallery-item'>\n\t\t\t<dt class='gallery-icon landscape'>\n\t\t\t\t<a href='https:\/\/vosgesinfo.fr\/remiremontinfo\/2024\/10\/les-eleves-du-lycee-andre-malraux-recoivent-des-gateaux-dune-entreprise-allemande\/malraux-projet-brandt\/'><img decoding=\"async\" width=\"488\" height=\"488\" src=\"https:\/\/vosgesinfo.fr\/app\/uploads\/sites\/5\/2024\/10\/malraux-projet-brandt.jpg\" class=\"attachment-full size-full\" alt=\"\" aria-describedby=\"gallery-1-74081\" srcset=\"https:\/\/vosgesinfo.fr\/app\/uploads\/sites\/5\/2024\/10\/malraux-projet-brandt.jpg 488w, https:\/\/vosgesinfo.fr\/app\/uploads\/sites\/5\/2024\/10\/malraux-projet-brandt-300x300.jpg 300w, https:\/\/vosgesinfo.fr\/app\/uploads\/sites\/5\/2024\/10\/malraux-projet-brandt-150x150.jpg 150w\" sizes=\"(max-width: 488px) 100vw, 488px\" \/><\/a>\n\t\t\t<\/dt>\n\t\t\t\t<dd class='wp-caption-text gallery-caption' id='gallery-1-74081'>\n\t\t\t\tPackaging original de la soci\u00e9t\u00e9 Brandt.\n\t\t\t\t<\/dd><\/dl><dl class='gallery-item'>\n\t\t\t<dt class='gallery-icon landscape'>\n\t\t\t\t<a href='https:\/\/vosgesinfo.fr\/remiremontinfo\/2024\/10\/les-eleves-du-lycee-andre-malraux-recoivent-des-gateaux-dune-entreprise-allemande\/malraux-projet-brandt-1\/'><img decoding=\"async\" width=\"619\" height=\"436\" src=\"https:\/\/vosgesinfo.fr\/app\/uploads\/sites\/5\/2024\/10\/malraux-projet-brandt-1.jpg\" class=\"attachment-full size-full\" alt=\"\" aria-describedby=\"gallery-1-74082\" srcset=\"https:\/\/vosgesinfo.fr\/app\/uploads\/sites\/5\/2024\/10\/malraux-projet-brandt-1.jpg 619w, https:\/\/vosgesinfo.fr\/app\/uploads\/sites\/5\/2024\/10\/malraux-projet-brandt-1-300x211.jpg 300w\" sizes=\"(max-width: 619px) 100vw, 619px\" \/><\/a>\n\t\t\t<\/dt>\n\t\t\t\t<dd class='wp-caption-text gallery-caption' id='gallery-1-74082'>\n\t\t\t\tLa proposition des \u00e9l\u00e8ves de lyc\u00e9e Andr\u00e9 Malraux. \n\t\t\t\t<\/dd><\/dl><br style=\"clear: both\" \/>\n\t\t<\/div>\n\n","protected":false},"excerpt":{"rendered":"<p>En mai dernier, les \u00e9l\u00e8ves de Seconde de la Section europ\u00e9enne allemand du lyc\u00e9e Andr\u00e9 Malraux ont r\u00e9alis\u00e9 un projet [&hellip;]<\/p>\n","protected":false},"author":418,"featured_media":74080,"comment_status":"open","ping_status":"open","sticky":false,"template":"","format":"standard","meta":{"footnotes":""},"categories":[26,6,43],"tags":[6164,737,6165],"class_list":["post-74079","post","type-post","status-publish","format-standard","has-post-thumbnail","hentry","category-a-la-une","category-education","category-remiremont-remiremont-son-canton","tag-brandt","tag-lycee-andre-malraux","tag-section-europeenne-allemand"],"acf":[],"yoast_head":"<!-- This site is optimized with the Yoast SEO plugin v22.5 - https:\/\/yoast.com\/wordpress\/plugins\/seo\/ -->\n<title>Les \u00e9l\u00e8ves du lyc\u00e9e Andr\u00e9 Malraux re\u00e7oivent des g\u00e2teaux d&#039;une entreprise allemande - Remiremont Info<\/title>\n<meta name=\"robots\" content=\"index, follow, max-snippet:-1, max-image-preview:large, max-video-preview:-1\" \/>\n<link rel=\"canonical\" href=\"https:\/\/vosgesinfo.fr\/remiremontinfo\/?p=74079\" \/>\n<meta name=\"twitter:card\" content=\"summary_large_image\" \/>\n<meta name=\"twitter:title\" content=\"Les \u00e9l\u00e8ves du lyc\u00e9e Andr\u00e9 Malraux re\u00e7oivent des g\u00e2teaux d&#039;une entreprise allemande - Remiremont Info\" \/>\n<meta name=\"twitter:description\" content=\"En mai dernier, les \u00e9l\u00e8ves de Seconde de la Section europ\u00e9enne allemand du lyc\u00e9e Andr\u00e9 Malraux ont r\u00e9alis\u00e9 un projet [&hellip;]\" \/>\n<meta name=\"twitter:image\" content=\"https:\/\/vosgesinfo.fr\/app\/uploads\/sites\/5\/2024\/10\/malraux-projet-brandt-2.jpg\" \/>\n<meta name=\"twitter:creator\" content=\"@VosgesInfo88\" \/>\n<meta name=\"twitter:site\" content=\"@VosgesInfo88\" \/>\n<meta name=\"twitter:label1\" content=\"\u00c9crit par\" \/>\n\t<meta name=\"twitter:data1\" content=\"C.M\" \/>\n\t<meta name=\"twitter:label2\" content=\"Dur\u00e9e de lecture estim\u00e9e\" \/>\n\t<meta name=\"twitter:data2\" content=\"3 minutes\" \/>\n<script type=\"application\/ld+json\" class=\"yoast-schema-graph\">{\"@context\":\"https:\/\/schema.org\",\"@graph\":[{\"@type\":\"Article\",\"@id\":\"https:\/\/vosgesinfo.fr\/remiremontinfo\/?p=74079#article\",\"isPartOf\":{\"@id\":\"https:\/\/vosgesinfo.fr\/remiremontinfo\/?p=74079\"},\"author\":{\"name\":\"C.M\",\"@id\":\"https:\/\/vosgesinfo.fr\/remiremontinfo\/#\/schema\/person\/4f38cd3068e342935b7304695c797d08\"},\"headline\":\"Les \u00e9l\u00e8ves du lyc\u00e9e Andr\u00e9 Malraux re\u00e7oivent des g\u00e2teaux d&rsquo;une entreprise allemande\",\"datePublished\":\"2024-10-04T14:56:07+00:00\",\"dateModified\":\"2024-10-04T14:56:07+00:00\",\"mainEntityOfPage\":{\"@id\":\"https:\/\/vosgesinfo.fr\/remiremontinfo\/?p=74079\"},\"wordCount\":386,\"commentCount\":2,\"publisher\":{\"@id\":\"https:\/\/vosgesinfo.fr\/remiremontinfo\/#organization\"},\"image\":{\"@id\":\"https:\/\/vosgesinfo.fr\/remiremontinfo\/?p=74079#primaryimage\"},\"thumbnailUrl\":\"https:\/\/vosgesinfo.fr\/app\/uploads\/sites\/5\/2024\/10\/malraux-projet-brandt-2.jpg\",\"keywords\":[\"Brandt\",\"Lyc\u00e9e Andr\u00e9-Malraux\",\"Section europ\u00e9enne allemand\"],\"articleSection\":[\"A la Une\",\"\u00c9ducation\",\"Remiremont\"],\"inLanguage\":\"fr-FR\",\"potentialAction\":[{\"@type\":\"CommentAction\",\"name\":\"Comment\",\"target\":[\"https:\/\/vosgesinfo.fr\/remiremontinfo\/?p=74079#respond\"]}]},{\"@type\":\"WebPage\",\"@id\":\"https:\/\/vosgesinfo.fr\/remiremontinfo\/?p=74079\",\"url\":\"https:\/\/vosgesinfo.fr\/remiremontinfo\/?p=74079\",\"name\":\"Les \u00e9l\u00e8ves du lyc\u00e9e Andr\u00e9 Malraux re\u00e7oivent des g\u00e2teaux d'une entreprise allemande - Remiremont Info\",\"isPartOf\":{\"@id\":\"https:\/\/vosgesinfo.fr\/remiremontinfo\/#website\"},\"primaryImageOfPage\":{\"@id\":\"https:\/\/vosgesinfo.fr\/remiremontinfo\/?p=74079#primaryimage\"},\"image\":{\"@id\":\"https:\/\/vosgesinfo.fr\/remiremontinfo\/?p=74079#primaryimage\"},\"thumbnailUrl\":\"https:\/\/vosgesinfo.fr\/app\/uploads\/sites\/5\/2024\/10\/malraux-projet-brandt-2.jpg\",\"datePublished\":\"2024-10-04T14:56:07+00:00\",\"dateModified\":\"2024-10-04T14:56:07+00:00\",\"breadcrumb\":{\"@id\":\"https:\/\/vosgesinfo.fr\/remiremontinfo\/?p=74079#breadcrumb\"},\"inLanguage\":\"fr-FR\",\"potentialAction\":[{\"@type\":\"ReadAction\",\"target\":[\"https:\/\/vosgesinfo.fr\/remiremontinfo\/?p=74079\"]}]},{\"@type\":\"ImageObject\",\"inLanguage\":\"fr-FR\",\"@id\":\"https:\/\/vosgesinfo.fr\/remiremontinfo\/?p=74079#primaryimage\",\"url\":\"https:\/\/vosgesinfo.fr\/app\/uploads\/sites\/5\/2024\/10\/malraux-projet-brandt-2.jpg\",\"contentUrl\":\"https:\/\/vosgesinfo.fr\/app\/uploads\/sites\/5\/2024\/10\/malraux-projet-brandt-2.jpg\",\"width\":871,\"height\":653},{\"@type\":\"BreadcrumbList\",\"@id\":\"https:\/\/vosgesinfo.fr\/remiremontinfo\/?p=74079#breadcrumb\",\"itemListElement\":[{\"@type\":\"ListItem\",\"position\":1,\"name\":\"Home\",\"item\":\"https:\/\/vosgesinfo.fr\/remiremontinfo\/\"},{\"@type\":\"ListItem\",\"position\":2,\"name\":\"Les \u00e9l\u00e8ves du lyc\u00e9e Andr\u00e9 Malraux re\u00e7oivent des g\u00e2teaux d&#8217;une entreprise allemande\"}]},{\"@type\":\"WebSite\",\"@id\":\"https:\/\/vosgesinfo.fr\/remiremontinfo\/#website\",\"url\":\"https:\/\/vosgesinfo.fr\/remiremontinfo\/\",\"name\":\"Remiremont Info\",\"description\":\"Toute l&#039;actualit\u00e9 de Remiremont\",\"publisher\":{\"@id\":\"https:\/\/vosgesinfo.fr\/remiremontinfo\/#organization\"},\"alternateName\":\"Toute l'actualit\u00e9 de Remiremont\",\"potentialAction\":[{\"@type\":\"SearchAction\",\"target\":{\"@type\":\"EntryPoint\",\"urlTemplate\":\"https:\/\/vosgesinfo.fr\/remiremontinfo\/?s={search_term_string}\"},\"query-input\":\"required name=search_term_string\"}],\"inLanguage\":\"fr-FR\"},{\"@type\":\"Organization\",\"@id\":\"https:\/\/vosgesinfo.fr\/remiremontinfo\/#organization\",\"name\":\"Remiremont Info\",\"url\":\"https:\/\/vosgesinfo.fr\/remiremontinfo\/\",\"logo\":{\"@type\":\"ImageObject\",\"inLanguage\":\"fr-FR\",\"@id\":\"https:\/\/vosgesinfo.fr\/remiremontinfo\/#\/schema\/logo\/image\/\",\"url\":\"https:\/\/vosgesinfo.fr\/app\/uploads\/sites\/5\/2023\/08\/favicon-remiremontinfo.png\",\"contentUrl\":\"https:\/\/vosgesinfo.fr\/app\/uploads\/sites\/5\/2023\/08\/favicon-remiremontinfo.png\",\"width\":512,\"height\":512,\"caption\":\"Remiremont Info\"},\"image\":{\"@id\":\"https:\/\/vosgesinfo.fr\/remiremontinfo\/#\/schema\/logo\/image\/\"},\"sameAs\":[\"https:\/\/www.facebook.com\/remiremontinfo\",\"https:\/\/x.com\/VosgesInfo88\",\"https:\/\/www.youtube.com\/@vosgesinfo\"]},{\"@type\":\"Person\",\"@id\":\"https:\/\/vosgesinfo.fr\/remiremontinfo\/#\/schema\/person\/4f38cd3068e342935b7304695c797d08\",\"name\":\"C.M\",\"image\":{\"@type\":\"ImageObject\",\"inLanguage\":\"fr-FR\",\"@id\":\"https:\/\/vosgesinfo.fr\/remiremontinfo\/#\/schema\/person\/image\/\",\"url\":\"https:\/\/secure.gravatar.com\/avatar\/fe9daaef0164d920717484172682f3c5c9bcf7d42aa8c7048c76c34f0eb6c8da?s=96&d=mm&r=g\",\"contentUrl\":\"https:\/\/secure.gravatar.com\/avatar\/fe9daaef0164d920717484172682f3c5c9bcf7d42aa8c7048c76c34f0eb6c8da?s=96&d=mm&r=g\",\"caption\":\"C.M\"},\"url\":\"https:\/\/vosgesinfo.fr\/remiremontinfo\/author\/cm88200\/\"}]}<\/script>\n<!-- \/ Yoast SEO plugin. -->","yoast_head_json":{"title":"Les \u00e9l\u00e8ves du lyc\u00e9e Andr\u00e9 Malraux re\u00e7oivent des g\u00e2teaux d'une entreprise allemande - Remiremont Info","robots":{"index":"index","follow":"follow","max-snippet":"max-snippet:-1","max-image-preview":"max-image-preview:large","max-video-preview":"max-video-preview:-1"},"canonical":"https:\/\/vosgesinfo.fr\/remiremontinfo\/?p=74079","twitter_card":"summary_large_image","twitter_title":"Les \u00e9l\u00e8ves du lyc\u00e9e Andr\u00e9 Malraux re\u00e7oivent des g\u00e2teaux d'une entreprise allemande - Remiremont Info","twitter_description":"En mai dernier, les \u00e9l\u00e8ves de Seconde de la Section europ\u00e9enne allemand du lyc\u00e9e Andr\u00e9 Malraux ont r\u00e9alis\u00e9 un projet [&hellip;]","twitter_image":"https:\/\/vosgesinfo.fr\/app\/uploads\/sites\/5\/2024\/10\/malraux-projet-brandt-2.jpg","twitter_creator":"@VosgesInfo88","twitter_site":"@VosgesInfo88","twitter_misc":{"\u00c9crit par":"C.M","Dur\u00e9e de lecture estim\u00e9e":"3 minutes"},"schema":{"@context":"https:\/\/schema.org","@graph":[{"@type":"Article","@id":"https:\/\/vosgesinfo.fr\/remiremontinfo\/?p=74079#article","isPartOf":{"@id":"https:\/\/vosgesinfo.fr\/remiremontinfo\/?p=74079"},"author":{"name":"C.M","@id":"https:\/\/vosgesinfo.fr\/remiremontinfo\/#\/schema\/person\/4f38cd3068e342935b7304695c797d08"},"headline":"Les \u00e9l\u00e8ves du lyc\u00e9e Andr\u00e9 Malraux re\u00e7oivent des g\u00e2teaux d&rsquo;une entreprise allemande","datePublished":"2024-10-04T14:56:07+00:00","dateModified":"2024-10-04T14:56:07+00:00","mainEntityOfPage":{"@id":"https:\/\/vosgesinfo.fr\/remiremontinfo\/?p=74079"},"wordCount":386,"commentCount":2,"publisher":{"@id":"https:\/\/vosgesinfo.fr\/remiremontinfo\/#organization"},"image":{"@id":"https:\/\/vosgesinfo.fr\/remiremontinfo\/?p=74079#primaryimage"},"thumbnailUrl":"https:\/\/vosgesinfo.fr\/app\/uploads\/sites\/5\/2024\/10\/malraux-projet-brandt-2.jpg","keywords":["Brandt","Lyc\u00e9e Andr\u00e9-Malraux","Section europ\u00e9enne allemand"],"articleSection":["A la Une","\u00c9ducation","Remiremont"],"inLanguage":"fr-FR","potentialAction":[{"@type":"CommentAction","name":"Comment","target":["https:\/\/vosgesinfo.fr\/remiremontinfo\/?p=74079#respond"]}]},{"@type":"WebPage","@id":"https:\/\/vosgesinfo.fr\/remiremontinfo\/?p=74079","url":"https:\/\/vosgesinfo.fr\/remiremontinfo\/?p=74079","name":"Les \u00e9l\u00e8ves du lyc\u00e9e Andr\u00e9 Malraux re\u00e7oivent des g\u00e2teaux d'une entreprise allemande - Remiremont Info","isPartOf":{"@id":"https:\/\/vosgesinfo.fr\/remiremontinfo\/#website"},"primaryImageOfPage":{"@id":"https:\/\/vosgesinfo.fr\/remiremontinfo\/?p=74079#primaryimage"},"image":{"@id":"https:\/\/vosgesinfo.fr\/remiremontinfo\/?p=74079#primaryimage"},"thumbnailUrl":"https:\/\/vosgesinfo.fr\/app\/uploads\/sites\/5\/2024\/10\/malraux-projet-brandt-2.jpg","datePublished":"2024-10-04T14:56:07+00:00","dateModified":"2024-10-04T14:56:07+00:00","breadcrumb":{"@id":"https:\/\/vosgesinfo.fr\/remiremontinfo\/?p=74079#breadcrumb"},"inLanguage":"fr-FR","potentialAction":[{"@type":"ReadAction","target":["https:\/\/vosgesinfo.fr\/remiremontinfo\/?p=74079"]}]},{"@type":"ImageObject","inLanguage":"fr-FR","@id":"https:\/\/vosgesinfo.fr\/remiremontinfo\/?p=74079#primaryimage","url":"https:\/\/vosgesinfo.fr\/app\/uploads\/sites\/5\/2024\/10\/malraux-projet-brandt-2.jpg","contentUrl":"https:\/\/vosgesinfo.fr\/app\/uploads\/sites\/5\/2024\/10\/malraux-projet-brandt-2.jpg","width":871,"height":653},{"@type":"BreadcrumbList","@id":"https:\/\/vosgesinfo.fr\/remiremontinfo\/?p=74079#breadcrumb","itemListElement":[{"@type":"ListItem","position":1,"name":"Home","item":"https:\/\/vosgesinfo.fr\/remiremontinfo\/"},{"@type":"ListItem","position":2,"name":"Les \u00e9l\u00e8ves du lyc\u00e9e Andr\u00e9 Malraux re\u00e7oivent des g\u00e2teaux d&#8217;une entreprise allemande"}]},{"@type":"WebSite","@id":"https:\/\/vosgesinfo.fr\/remiremontinfo\/#website","url":"https:\/\/vosgesinfo.fr\/remiremontinfo\/","name":"Remiremont Info","description":"Toute l&#039;actualit\u00e9 de Remiremont","publisher":{"@id":"https:\/\/vosgesinfo.fr\/remiremontinfo\/#organization"},"alternateName":"Toute l'actualit\u00e9 de Remiremont","potentialAction":[{"@type":"SearchAction","target":{"@type":"EntryPoint","urlTemplate":"https:\/\/vosgesinfo.fr\/remiremontinfo\/?s={search_term_string}"},"query-input":"required name=search_term_string"}],"inLanguage":"fr-FR"},{"@type":"Organization","@id":"https:\/\/vosgesinfo.fr\/remiremontinfo\/#organization","name":"Remiremont Info","url":"https:\/\/vosgesinfo.fr\/remiremontinfo\/","logo":{"@type":"ImageObject","inLanguage":"fr-FR","@id":"https:\/\/vosgesinfo.fr\/remiremontinfo\/#\/schema\/logo\/image\/","url":"https:\/\/vosgesinfo.fr\/app\/uploads\/sites\/5\/2023\/08\/favicon-remiremontinfo.png","contentUrl":"https:\/\/vosgesinfo.fr\/app\/uploads\/sites\/5\/2023\/08\/favicon-remiremontinfo.png","width":512,"height":512,"caption":"Remiremont Info"},"image":{"@id":"https:\/\/vosgesinfo.fr\/remiremontinfo\/#\/schema\/logo\/image\/"},"sameAs":["https:\/\/www.facebook.com\/remiremontinfo","https:\/\/x.com\/VosgesInfo88","https:\/\/www.youtube.com\/@vosgesinfo"]},{"@type":"Person","@id":"https:\/\/vosgesinfo.fr\/remiremontinfo\/#\/schema\/person\/4f38cd3068e342935b7304695c797d08","name":"C.M","image":{"@type":"ImageObject","inLanguage":"fr-FR","@id":"https:\/\/vosgesinfo.fr\/remiremontinfo\/#\/schema\/person\/image\/","url":"https:\/\/secure.gravatar.com\/avatar\/fe9daaef0164d920717484172682f3c5c9bcf7d42aa8c7048c76c34f0eb6c8da?s=96&d=mm&r=g","contentUrl":"https:\/\/secure.gravatar.com\/avatar\/fe9daaef0164d920717484172682f3c5c9bcf7d42aa8c7048c76c34f0eb6c8da?s=96&d=mm&r=g","caption":"C.M"},"url":"https:\/\/vosgesinfo.fr\/remiremontinfo\/author\/cm88200\/"}]}},"_links":{"self":[{"href":"https:\/\/vosgesinfo.fr\/remiremontinfo\/wp-json\/wp\/v2\/posts\/74079","targetHints":{"allow":["GET"]}}],"collection":[{"href":"https:\/\/vosgesinfo.fr\/remiremontinfo\/wp-json\/wp\/v2\/posts"}],"about":[{"href":"https:\/\/vosgesinfo.fr\/remiremontinfo\/wp-json\/wp\/v2\/types\/post"}],"author":[{"embeddable":true,"href":"https:\/\/vosgesinfo.fr\/remiremontinfo\/wp-json\/wp\/v2\/users\/418"}],"replies":[{"embeddable":true,"href":"https:\/\/vosgesinfo.fr\/remiremontinfo\/wp-json\/wp\/v2\/comments?post=74079"}],"version-history":[{"count":2,"href":"https:\/\/vosgesinfo.fr\/remiremontinfo\/wp-json\/wp\/v2\/posts\/74079\/revisions"}],"predecessor-version":[{"id":74084,"href":"https:\/\/vosgesinfo.fr\/remiremontinfo\/wp-json\/wp\/v2\/posts\/74079\/revisions\/74084"}],"wp:featuredmedia":[{"embeddable":true,"href":"https:\/\/vosgesinfo.fr\/remiremontinfo\/wp-json\/wp\/v2\/media\/74080"}],"wp:attachment":[{"href":"https:\/\/vosgesinfo.fr\/remiremontinfo\/wp-json\/wp\/v2\/media?parent=74079"}],"wp:term":[{"taxonomy":"category","embeddable":true,"href":"https:\/\/vosgesinfo.fr\/remiremontinfo\/wp-json\/wp\/v2\/categories?post=74079"},{"taxonomy":"post_tag","embeddable":true,"href":"https:\/\/vosgesinfo.fr\/remiremontinfo\/wp-json\/wp\/v2\/tags?post=74079"}],"curies":[{"name":"wp","href":"https:\/\/api.w.org\/{rel}","templated":true}]}}