{"id":74102,"date":"2024-10-06T14:51:05","date_gmt":"2024-10-06T12:51:05","guid":{"rendered":"https:\/\/vosgesinfo.fr\/remiremontinfo\/2024\/10\/fig-ron-boschma-est-le-laureat-du-prix-vautrin-lud-2024-le-nobel-de-la-geographie\/"},"modified":"2024-10-06T14:51:05","modified_gmt":"2024-10-06T12:51:05","slug":"fig-ron-boschma-est-le-laureat-du-prix-vautrin-lud-2024-le-nobel-de-la-geographie","status":"publish","type":"post","link":"https:\/\/vosgesinfo.fr\/remiremontinfo\/2024\/10\/fig-ron-boschma-est-le-laureat-du-prix-vautrin-lud-2024-le-nobel-de-la-geographie\/","title":{"rendered":"FIG \u2013 Ron Boschma est le laur\u00e9at du prix Vautrin-Lud 2024, le \u00ab\u00a0Nobel\u00a0\u00bb de la G\u00e9ographie"},"content":{"rendered":"<p><iframe loading=\"lazy\" title=\"Ron Boschma est laur\u00e9at du prix Vautrin-Lud 2024, le &quot;Nobel&quot; de la G\u00e9ographie.\" width=\"500\" height=\"281\" src=\"https:\/\/www.youtube.com\/embed\/zBPOzVpIWU0?feature=oembed\" frameborder=\"0\" allow=\"accelerometer; autoplay; clipboard-write; encrypted-media; gyroscope; picture-in-picture; web-share\" referrerpolicy=\"strict-origin-when-cross-origin\" allowfullscreen><\/iframe><\/p>\n<h2>Ce dimanche en fin de matin\u00e9e s&rsquo;est d\u00e9roul\u00e9 le pendant \u00ab\u00a0scientifique\u00a0\u00bb de la remise des prix litt\u00e9raires du 35e Festival International de G\u00e9ographie de Saint-Di\u00e9-des-Vosges, avec la remise du prix de la th\u00e8se CNFG puis une rencontre avec le laur\u00e9at du prix Vautrin-Lud 2024.<\/h2>\n<p><!--more--><\/p>\n<p>Un prix international consid\u00e9r\u00e9 comme le \u00ab Nobel \u00bb de la G\u00e9ographie, puisqu&rsquo;il n&rsquo;existe pas de Nobel \u00e0 proprement parler dans cette discipline.. Cette ann\u00e9e, c&rsquo;est le N\u00e9erlandais Ron Boschma qui s&rsquo;est vu d\u00e9cerner cette prestigieuse distinction, qui lui sera officiellement remise lors de la c\u00e9r\u00e9monie de cl\u00f4ture \u00e0 l&rsquo;Espace Georges-Sadoul.<\/p>\n<p>Ce matin, c&rsquo;est aux c\u00f4t\u00e9s de Michael Storper, prix Vautrin-Lud 2022, que Ron Boschma a pr\u00e9sent\u00e9 au public les grandes lignes de sa carri\u00e8res et de ses travaux de recherche. Class\u00e9 chaque ann\u00e9e depuis 2014, par Thomson Reuteurs, parmi les 1% de chercheurs les plus cit\u00e9s au monde dans tous les domaines scientifiques, il est consid\u00e9r\u00e9 comme l&rsquo;un des p\u00e8res fondateurs de la G\u00e9ographie \u00e9conomique \u00e9volutionniste.<\/p>\n<p>Actuellement professeur d&rsquo;Economie R\u00e9gionale \u00e0 l&rsquo;Universit\u00e9 d&rsquo;Utrecht, Ron Broschma rapproche le cycle de vie des entreprises \u00e0 celle de la th\u00e9orie de l&rsquo;\u00e9volution. Selon lui, des entreprises sont adapt\u00e9es \u00e0 leur environnement et donc y survivent, tandis que d&rsquo;autres qui ne le sont plus disparaissent. Dans ses travaux de recherche, il se penche notamment sur la question de comment des secteurs \u00e9conomiques d&rsquo;apparence oppos\u00e9s communiquent entre eux.<\/p>\n<p>J.J.<\/p>\n<p><a href=\"https:\/\/vosgesinfo.fr\/app\/uploads\/sites\/4\/2024\/10\/fig-prix-vautrin-lud-ron-boschma-scaled.jpg\"><img decoding=\"async\" class=\"alignnone size-large wp-image-68871\" src=\"https:\/\/vosgesinfo.fr\/app\/uploads\/sites\/4\/2024\/10\/fig-prix-vautrin-lud-ron-boschma-1024x771.jpg\" alt=\"\" width=\"1024\" height=\"771\" \/><\/a><\/p>\n","protected":false},"excerpt":{"rendered":"<p>Ce dimanche en fin de matin\u00e9e s&rsquo;est d\u00e9roul\u00e9 le pendant \u00ab\u00a0scientifique\u00a0\u00bb de la remise des prix litt\u00e9raires du 35e Festival [&hellip;]<\/p>\n","protected":false},"author":46,"featured_media":74103,"comment_status":"open","ping_status":"open","sticky":false,"template":"","format":"standard","meta":{"footnotes":""},"categories":[26,4,108,62,845,43,883,18],"tags":[6089,6166,241,6183,6184,6185],"class_list":["post-74102","post","type-post","status-publish","format-standard","has-post-thumbnail","hentry","category-a-la-une","category-culture","category-epinal","category-gerardmer","category-la-plaine-des-vosges","category-remiremont-remiremont-son-canton","category-saint-die-des-vosges","category-vosges","tag-35e-festival-international-de-geographie-de-saint-die-des-vosges","tag-35e-fig","tag-fig","tag-prix-vautrin-lud","tag-prix-vautrin-lud-2024","tag-ron-boschma"],"acf":[],"yoast_head":"<!-- This site is optimized with the Yoast SEO plugin v22.5 - https:\/\/yoast.com\/wordpress\/plugins\/seo\/ -->\n<title>FIG \u2013 Ron Boschma est le laur\u00e9at du prix Vautrin-Lud 2024, le \u00ab\u00a0Nobel\u00a0\u00bb de la G\u00e9ographie - Remiremont Info<\/title>\n<meta name=\"robots\" content=\"index, follow, max-snippet:-1, max-image-preview:large, max-video-preview:-1\" \/>\n<link rel=\"canonical\" href=\"https:\/\/vosgesinfo.fr\/remiremontinfo\/2024\/10\/fig-ron-boschma-est-le-laureat-du-prix-vautrin-lud-2024-le-nobel-de-la-geographie\/\" \/>\n<meta name=\"twitter:card\" content=\"summary_large_image\" \/>\n<meta name=\"twitter:title\" content=\"FIG \u2013 Ron Boschma est le laur\u00e9at du prix Vautrin-Lud 2024, le \u00ab\u00a0Nobel\u00a0\u00bb de la G\u00e9ographie - Remiremont Info\" \/>\n<meta name=\"twitter:description\" content=\"Ce dimanche en fin de matin\u00e9e s&rsquo;est d\u00e9roul\u00e9 le pendant \u00ab\u00a0scientifique\u00a0\u00bb de la remise des prix litt\u00e9raires du 35e Festival [&hellip;]\" \/>\n<meta name=\"twitter:image\" content=\"https:\/\/vosgesinfo.fr\/app\/uploads\/sites\/5\/2024\/10\/fig-prix-vautrin-lud-ron-boschma-scaled-1.jpg\" \/>\n<meta name=\"twitter:creator\" content=\"@VosgesInfo88\" \/>\n<meta name=\"twitter:site\" content=\"@VosgesInfo88\" \/>\n<meta name=\"twitter:label1\" content=\"\u00c9crit par\" \/>\n\t<meta name=\"twitter:data1\" content=\"J.J.\" \/>\n\t<meta name=\"twitter:label2\" content=\"Dur\u00e9e de lecture estim\u00e9e\" \/>\n\t<meta name=\"twitter:data2\" content=\"1 minute\" \/>\n<script type=\"application\/ld+json\" class=\"yoast-schema-graph\">{\"@context\":\"https:\/\/schema.org\",\"@graph\":[{\"@type\":\"Article\",\"@id\":\"https:\/\/vosgesinfo.fr\/remiremontinfo\/2024\/10\/fig-ron-boschma-est-le-laureat-du-prix-vautrin-lud-2024-le-nobel-de-la-geographie\/#article\",\"isPartOf\":{\"@id\":\"https:\/\/vosgesinfo.fr\/remiremontinfo\/2024\/10\/fig-ron-boschma-est-le-laureat-du-prix-vautrin-lud-2024-le-nobel-de-la-geographie\/\"},\"author\":{\"name\":\"J.J.\",\"@id\":\"https:\/\/vosgesinfo.fr\/remiremontinfo\/#\/schema\/person\/fa73e9f726d67bb88f46d5b7943cb572\"},\"headline\":\"FIG \u2013 Ron Boschma est le laur\u00e9at du prix Vautrin-Lud 2024, le \u00ab\u00a0Nobel\u00a0\u00bb de la G\u00e9ographie\",\"datePublished\":\"2024-10-06T12:51:05+00:00\",\"dateModified\":\"2024-10-06T12:51:05+00:00\",\"mainEntityOfPage\":{\"@id\":\"https:\/\/vosgesinfo.fr\/remiremontinfo\/2024\/10\/fig-ron-boschma-est-le-laureat-du-prix-vautrin-lud-2024-le-nobel-de-la-geographie\/\"},\"wordCount\":281,\"commentCount\":0,\"publisher\":{\"@id\":\"https:\/\/vosgesinfo.fr\/remiremontinfo\/#organization\"},\"image\":{\"@id\":\"https:\/\/vosgesinfo.fr\/remiremontinfo\/2024\/10\/fig-ron-boschma-est-le-laureat-du-prix-vautrin-lud-2024-le-nobel-de-la-geographie\/#primaryimage\"},\"thumbnailUrl\":\"https:\/\/vosgesinfo.fr\/app\/uploads\/sites\/5\/2024\/10\/fig-prix-vautrin-lud-ron-boschma-scaled-1.jpg\",\"keywords\":[\"35e Festival International de G\u00e9ographie de Saint-Di\u00e9-des-Vosges\",\"35e FIG\",\"FIG\",\"Prix Vautrin-Lud\",\"Prix Vautrin-Lud 2024\",\"Ron Boschma\"],\"articleSection\":[\"A la Une\",\"Culture\",\"Epinal\",\"G\u00e9rardmer\",\"La plaine des vosges\",\"Remiremont\",\"Saint-Di\u00e9-des-Vosges\",\"Vosges\"],\"inLanguage\":\"fr-FR\",\"potentialAction\":[{\"@type\":\"CommentAction\",\"name\":\"Comment\",\"target\":[\"https:\/\/vosgesinfo.fr\/remiremontinfo\/2024\/10\/fig-ron-boschma-est-le-laureat-du-prix-vautrin-lud-2024-le-nobel-de-la-geographie\/#respond\"]}]},{\"@type\":\"WebPage\",\"@id\":\"https:\/\/vosgesinfo.fr\/remiremontinfo\/2024\/10\/fig-ron-boschma-est-le-laureat-du-prix-vautrin-lud-2024-le-nobel-de-la-geographie\/\",\"url\":\"https:\/\/vosgesinfo.fr\/remiremontinfo\/2024\/10\/fig-ron-boschma-est-le-laureat-du-prix-vautrin-lud-2024-le-nobel-de-la-geographie\/\",\"name\":\"FIG \u2013 Ron Boschma est le laur\u00e9at du prix Vautrin-Lud 2024, le \u00ab\u00a0Nobel\u00a0\u00bb de la G\u00e9ographie - Remiremont Info\",\"isPartOf\":{\"@id\":\"https:\/\/vosgesinfo.fr\/remiremontinfo\/#website\"},\"primaryImageOfPage\":{\"@id\":\"https:\/\/vosgesinfo.fr\/remiremontinfo\/2024\/10\/fig-ron-boschma-est-le-laureat-du-prix-vautrin-lud-2024-le-nobel-de-la-geographie\/#primaryimage\"},\"image\":{\"@id\":\"https:\/\/vosgesinfo.fr\/remiremontinfo\/2024\/10\/fig-ron-boschma-est-le-laureat-du-prix-vautrin-lud-2024-le-nobel-de-la-geographie\/#primaryimage\"},\"thumbnailUrl\":\"https:\/\/vosgesinfo.fr\/app\/uploads\/sites\/5\/2024\/10\/fig-prix-vautrin-lud-ron-boschma-scaled-1.jpg\",\"datePublished\":\"2024-10-06T12:51:05+00:00\",\"dateModified\":\"2024-10-06T12:51:05+00:00\",\"breadcrumb\":{\"@id\":\"https:\/\/vosgesinfo.fr\/remiremontinfo\/2024\/10\/fig-ron-boschma-est-le-laureat-du-prix-vautrin-lud-2024-le-nobel-de-la-geographie\/#breadcrumb\"},\"inLanguage\":\"fr-FR\",\"potentialAction\":[{\"@type\":\"ReadAction\",\"target\":[\"https:\/\/vosgesinfo.fr\/remiremontinfo\/2024\/10\/fig-ron-boschma-est-le-laureat-du-prix-vautrin-lud-2024-le-nobel-de-la-geographie\/\"]}]},{\"@type\":\"ImageObject\",\"inLanguage\":\"fr-FR\",\"@id\":\"https:\/\/vosgesinfo.fr\/remiremontinfo\/2024\/10\/fig-ron-boschma-est-le-laureat-du-prix-vautrin-lud-2024-le-nobel-de-la-geographie\/#primaryimage\",\"url\":\"https:\/\/vosgesinfo.fr\/app\/uploads\/sites\/5\/2024\/10\/fig-prix-vautrin-lud-ron-boschma-scaled-1.jpg\",\"contentUrl\":\"https:\/\/vosgesinfo.fr\/app\/uploads\/sites\/5\/2024\/10\/fig-prix-vautrin-lud-ron-boschma-scaled-1.jpg\",\"width\":2560,\"height\":1928},{\"@type\":\"BreadcrumbList\",\"@id\":\"https:\/\/vosgesinfo.fr\/remiremontinfo\/2024\/10\/fig-ron-boschma-est-le-laureat-du-prix-vautrin-lud-2024-le-nobel-de-la-geographie\/#breadcrumb\",\"itemListElement\":[{\"@type\":\"ListItem\",\"position\":1,\"name\":\"Home\",\"item\":\"https:\/\/vosgesinfo.fr\/remiremontinfo\/\"},{\"@type\":\"ListItem\",\"position\":2,\"name\":\"FIG \u2013 Ron Boschma est le laur\u00e9at du prix Vautrin-Lud 2024, le \u00ab\u00a0Nobel\u00a0\u00bb de la G\u00e9ographie\"}]},{\"@type\":\"WebSite\",\"@id\":\"https:\/\/vosgesinfo.fr\/remiremontinfo\/#website\",\"url\":\"https:\/\/vosgesinfo.fr\/remiremontinfo\/\",\"name\":\"Remiremont Info\",\"description\":\"Toute l&#039;actualit\u00e9 de Remiremont\",\"publisher\":{\"@id\":\"https:\/\/vosgesinfo.fr\/remiremontinfo\/#organization\"},\"alternateName\":\"Toute l'actualit\u00e9 de Remiremont\",\"potentialAction\":[{\"@type\":\"SearchAction\",\"target\":{\"@type\":\"EntryPoint\",\"urlTemplate\":\"https:\/\/vosgesinfo.fr\/remiremontinfo\/?s={search_term_string}\"},\"query-input\":\"required name=search_term_string\"}],\"inLanguage\":\"fr-FR\"},{\"@type\":\"Organization\",\"@id\":\"https:\/\/vosgesinfo.fr\/remiremontinfo\/#organization\",\"name\":\"Remiremont Info\",\"url\":\"https:\/\/vosgesinfo.fr\/remiremontinfo\/\",\"logo\":{\"@type\":\"ImageObject\",\"inLanguage\":\"fr-FR\",\"@id\":\"https:\/\/vosgesinfo.fr\/remiremontinfo\/#\/schema\/logo\/image\/\",\"url\":\"https:\/\/vosgesinfo.fr\/app\/uploads\/sites\/5\/2023\/08\/favicon-remiremontinfo.png\",\"contentUrl\":\"https:\/\/vosgesinfo.fr\/app\/uploads\/sites\/5\/2023\/08\/favicon-remiremontinfo.png\",\"width\":512,\"height\":512,\"caption\":\"Remiremont Info\"},\"image\":{\"@id\":\"https:\/\/vosgesinfo.fr\/remiremontinfo\/#\/schema\/logo\/image\/\"},\"sameAs\":[\"https:\/\/www.facebook.com\/remiremontinfo\",\"https:\/\/x.com\/VosgesInfo88\",\"https:\/\/www.youtube.com\/@vosgesinfo\"]},{\"@type\":\"Person\",\"@id\":\"https:\/\/vosgesinfo.fr\/remiremontinfo\/#\/schema\/person\/fa73e9f726d67bb88f46d5b7943cb572\",\"name\":\"J.J.\",\"image\":{\"@type\":\"ImageObject\",\"inLanguage\":\"fr-FR\",\"@id\":\"https:\/\/vosgesinfo.fr\/remiremontinfo\/#\/schema\/person\/image\/\",\"url\":\"https:\/\/secure.gravatar.com\/avatar\/219e749e47ffbcca018a360ae4add7d4cdf1cdaaf8bc7676b27efade3fe65615?s=96&d=mm&r=g\",\"contentUrl\":\"https:\/\/secure.gravatar.com\/avatar\/219e749e47ffbcca018a360ae4add7d4cdf1cdaaf8bc7676b27efade3fe65615?s=96&d=mm&r=g\",\"caption\":\"J.J.\"},\"url\":\"https:\/\/vosgesinfo.fr\/remiremontinfo\/author\/j-j\/\"}]}<\/script>\n<!-- \/ Yoast SEO plugin. -->","yoast_head_json":{"title":"FIG \u2013 Ron Boschma est le laur\u00e9at du prix Vautrin-Lud 2024, le \u00ab\u00a0Nobel\u00a0\u00bb de la G\u00e9ographie - Remiremont Info","robots":{"index":"index","follow":"follow","max-snippet":"max-snippet:-1","max-image-preview":"max-image-preview:large","max-video-preview":"max-video-preview:-1"},"canonical":"https:\/\/vosgesinfo.fr\/remiremontinfo\/2024\/10\/fig-ron-boschma-est-le-laureat-du-prix-vautrin-lud-2024-le-nobel-de-la-geographie\/","twitter_card":"summary_large_image","twitter_title":"FIG \u2013 Ron Boschma est le laur\u00e9at du prix Vautrin-Lud 2024, le \u00ab\u00a0Nobel\u00a0\u00bb de la G\u00e9ographie - Remiremont Info","twitter_description":"Ce dimanche en fin de matin\u00e9e s&rsquo;est d\u00e9roul\u00e9 le pendant \u00ab\u00a0scientifique\u00a0\u00bb de la remise des prix litt\u00e9raires du 35e Festival [&hellip;]","twitter_image":"https:\/\/vosgesinfo.fr\/app\/uploads\/sites\/5\/2024\/10\/fig-prix-vautrin-lud-ron-boschma-scaled-1.jpg","twitter_creator":"@VosgesInfo88","twitter_site":"@VosgesInfo88","twitter_misc":{"\u00c9crit par":"J.J.","Dur\u00e9e de lecture estim\u00e9e":"1 minute"},"schema":{"@context":"https:\/\/schema.org","@graph":[{"@type":"Article","@id":"https:\/\/vosgesinfo.fr\/remiremontinfo\/2024\/10\/fig-ron-boschma-est-le-laureat-du-prix-vautrin-lud-2024-le-nobel-de-la-geographie\/#article","isPartOf":{"@id":"https:\/\/vosgesinfo.fr\/remiremontinfo\/2024\/10\/fig-ron-boschma-est-le-laureat-du-prix-vautrin-lud-2024-le-nobel-de-la-geographie\/"},"author":{"name":"J.J.","@id":"https:\/\/vosgesinfo.fr\/remiremontinfo\/#\/schema\/person\/fa73e9f726d67bb88f46d5b7943cb572"},"headline":"FIG \u2013 Ron Boschma est le laur\u00e9at du prix Vautrin-Lud 2024, le \u00ab\u00a0Nobel\u00a0\u00bb de la G\u00e9ographie","datePublished":"2024-10-06T12:51:05+00:00","dateModified":"2024-10-06T12:51:05+00:00","mainEntityOfPage":{"@id":"https:\/\/vosgesinfo.fr\/remiremontinfo\/2024\/10\/fig-ron-boschma-est-le-laureat-du-prix-vautrin-lud-2024-le-nobel-de-la-geographie\/"},"wordCount":281,"commentCount":0,"publisher":{"@id":"https:\/\/vosgesinfo.fr\/remiremontinfo\/#organization"},"image":{"@id":"https:\/\/vosgesinfo.fr\/remiremontinfo\/2024\/10\/fig-ron-boschma-est-le-laureat-du-prix-vautrin-lud-2024-le-nobel-de-la-geographie\/#primaryimage"},"thumbnailUrl":"https:\/\/vosgesinfo.fr\/app\/uploads\/sites\/5\/2024\/10\/fig-prix-vautrin-lud-ron-boschma-scaled-1.jpg","keywords":["35e Festival International de G\u00e9ographie de Saint-Di\u00e9-des-Vosges","35e FIG","FIG","Prix Vautrin-Lud","Prix Vautrin-Lud 2024","Ron Boschma"],"articleSection":["A la Une","Culture","Epinal","G\u00e9rardmer","La plaine des vosges","Remiremont","Saint-Di\u00e9-des-Vosges","Vosges"],"inLanguage":"fr-FR","potentialAction":[{"@type":"CommentAction","name":"Comment","target":["https:\/\/vosgesinfo.fr\/remiremontinfo\/2024\/10\/fig-ron-boschma-est-le-laureat-du-prix-vautrin-lud-2024-le-nobel-de-la-geographie\/#respond"]}]},{"@type":"WebPage","@id":"https:\/\/vosgesinfo.fr\/remiremontinfo\/2024\/10\/fig-ron-boschma-est-le-laureat-du-prix-vautrin-lud-2024-le-nobel-de-la-geographie\/","url":"https:\/\/vosgesinfo.fr\/remiremontinfo\/2024\/10\/fig-ron-boschma-est-le-laureat-du-prix-vautrin-lud-2024-le-nobel-de-la-geographie\/","name":"FIG \u2013 Ron Boschma est le laur\u00e9at du prix Vautrin-Lud 2024, le \u00ab\u00a0Nobel\u00a0\u00bb de la G\u00e9ographie - Remiremont Info","isPartOf":{"@id":"https:\/\/vosgesinfo.fr\/remiremontinfo\/#website"},"primaryImageOfPage":{"@id":"https:\/\/vosgesinfo.fr\/remiremontinfo\/2024\/10\/fig-ron-boschma-est-le-laureat-du-prix-vautrin-lud-2024-le-nobel-de-la-geographie\/#primaryimage"},"image":{"@id":"https:\/\/vosgesinfo.fr\/remiremontinfo\/2024\/10\/fig-ron-boschma-est-le-laureat-du-prix-vautrin-lud-2024-le-nobel-de-la-geographie\/#primaryimage"},"thumbnailUrl":"https:\/\/vosgesinfo.fr\/app\/uploads\/sites\/5\/2024\/10\/fig-prix-vautrin-lud-ron-boschma-scaled-1.jpg","datePublished":"2024-10-06T12:51:05+00:00","dateModified":"2024-10-06T12:51:05+00:00","breadcrumb":{"@id":"https:\/\/vosgesinfo.fr\/remiremontinfo\/2024\/10\/fig-ron-boschma-est-le-laureat-du-prix-vautrin-lud-2024-le-nobel-de-la-geographie\/#breadcrumb"},"inLanguage":"fr-FR","potentialAction":[{"@type":"ReadAction","target":["https:\/\/vosgesinfo.fr\/remiremontinfo\/2024\/10\/fig-ron-boschma-est-le-laureat-du-prix-vautrin-lud-2024-le-nobel-de-la-geographie\/"]}]},{"@type":"ImageObject","inLanguage":"fr-FR","@id":"https:\/\/vosgesinfo.fr\/remiremontinfo\/2024\/10\/fig-ron-boschma-est-le-laureat-du-prix-vautrin-lud-2024-le-nobel-de-la-geographie\/#primaryimage","url":"https:\/\/vosgesinfo.fr\/app\/uploads\/sites\/5\/2024\/10\/fig-prix-vautrin-lud-ron-boschma-scaled-1.jpg","contentUrl":"https:\/\/vosgesinfo.fr\/app\/uploads\/sites\/5\/2024\/10\/fig-prix-vautrin-lud-ron-boschma-scaled-1.jpg","width":2560,"height":1928},{"@type":"BreadcrumbList","@id":"https:\/\/vosgesinfo.fr\/remiremontinfo\/2024\/10\/fig-ron-boschma-est-le-laureat-du-prix-vautrin-lud-2024-le-nobel-de-la-geographie\/#breadcrumb","itemListElement":[{"@type":"ListItem","position":1,"name":"Home","item":"https:\/\/vosgesinfo.fr\/remiremontinfo\/"},{"@type":"ListItem","position":2,"name":"FIG \u2013 Ron Boschma est le laur\u00e9at du prix Vautrin-Lud 2024, le \u00ab\u00a0Nobel\u00a0\u00bb de la G\u00e9ographie"}]},{"@type":"WebSite","@id":"https:\/\/vosgesinfo.fr\/remiremontinfo\/#website","url":"https:\/\/vosgesinfo.fr\/remiremontinfo\/","name":"Remiremont Info","description":"Toute l&#039;actualit\u00e9 de Remiremont","publisher":{"@id":"https:\/\/vosgesinfo.fr\/remiremontinfo\/#organization"},"alternateName":"Toute l'actualit\u00e9 de Remiremont","potentialAction":[{"@type":"SearchAction","target":{"@type":"EntryPoint","urlTemplate":"https:\/\/vosgesinfo.fr\/remiremontinfo\/?s={search_term_string}"},"query-input":"required name=search_term_string"}],"inLanguage":"fr-FR"},{"@type":"Organization","@id":"https:\/\/vosgesinfo.fr\/remiremontinfo\/#organization","name":"Remiremont Info","url":"https:\/\/vosgesinfo.fr\/remiremontinfo\/","logo":{"@type":"ImageObject","inLanguage":"fr-FR","@id":"https:\/\/vosgesinfo.fr\/remiremontinfo\/#\/schema\/logo\/image\/","url":"https:\/\/vosgesinfo.fr\/app\/uploads\/sites\/5\/2023\/08\/favicon-remiremontinfo.png","contentUrl":"https:\/\/vosgesinfo.fr\/app\/uploads\/sites\/5\/2023\/08\/favicon-remiremontinfo.png","width":512,"height":512,"caption":"Remiremont Info"},"image":{"@id":"https:\/\/vosgesinfo.fr\/remiremontinfo\/#\/schema\/logo\/image\/"},"sameAs":["https:\/\/www.facebook.com\/remiremontinfo","https:\/\/x.com\/VosgesInfo88","https:\/\/www.youtube.com\/@vosgesinfo"]},{"@type":"Person","@id":"https:\/\/vosgesinfo.fr\/remiremontinfo\/#\/schema\/person\/fa73e9f726d67bb88f46d5b7943cb572","name":"J.J.","image":{"@type":"ImageObject","inLanguage":"fr-FR","@id":"https:\/\/vosgesinfo.fr\/remiremontinfo\/#\/schema\/person\/image\/","url":"https:\/\/secure.gravatar.com\/avatar\/219e749e47ffbcca018a360ae4add7d4cdf1cdaaf8bc7676b27efade3fe65615?s=96&d=mm&r=g","contentUrl":"https:\/\/secure.gravatar.com\/avatar\/219e749e47ffbcca018a360ae4add7d4cdf1cdaaf8bc7676b27efade3fe65615?s=96&d=mm&r=g","caption":"J.J."},"url":"https:\/\/vosgesinfo.fr\/remiremontinfo\/author\/j-j\/"}]}},"_links":{"self":[{"href":"https:\/\/vosgesinfo.fr\/remiremontinfo\/wp-json\/wp\/v2\/posts\/74102","targetHints":{"allow":["GET"]}}],"collection":[{"href":"https:\/\/vosgesinfo.fr\/remiremontinfo\/wp-json\/wp\/v2\/posts"}],"about":[{"href":"https:\/\/vosgesinfo.fr\/remiremontinfo\/wp-json\/wp\/v2\/types\/post"}],"author":[{"embeddable":true,"href":"https:\/\/vosgesinfo.fr\/remiremontinfo\/wp-json\/wp\/v2\/users\/46"}],"replies":[{"embeddable":true,"href":"https:\/\/vosgesinfo.fr\/remiremontinfo\/wp-json\/wp\/v2\/comments?post=74102"}],"version-history":[{"count":0,"href":"https:\/\/vosgesinfo.fr\/remiremontinfo\/wp-json\/wp\/v2\/posts\/74102\/revisions"}],"wp:featuredmedia":[{"embeddable":true,"href":"https:\/\/vosgesinfo.fr\/remiremontinfo\/wp-json\/wp\/v2\/media\/74103"}],"wp:attachment":[{"href":"https:\/\/vosgesinfo.fr\/remiremontinfo\/wp-json\/wp\/v2\/media?parent=74102"}],"wp:term":[{"taxonomy":"category","embeddable":true,"href":"https:\/\/vosgesinfo.fr\/remiremontinfo\/wp-json\/wp\/v2\/categories?post=74102"},{"taxonomy":"post_tag","embeddable":true,"href":"https:\/\/vosgesinfo.fr\/remiremontinfo\/wp-json\/wp\/v2\/tags?post=74102"}],"curies":[{"name":"wp","href":"https:\/\/api.w.org\/{rel}","templated":true}]}}