{"id":74276,"date":"2024-10-11T08:10:26","date_gmt":"2024-10-11T06:10:26","guid":{"rendered":"https:\/\/vosgesinfo.fr\/remiremontinfo\/?p=74276"},"modified":"2024-10-11T07:51:54","modified_gmt":"2024-10-11T05:51:54","slug":"les-horaires-douverture-de-la-piscine-de-la-bresse-pour-les-vacances-de-la-toussaint","status":"publish","type":"post","link":"https:\/\/vosgesinfo.fr\/remiremontinfo\/2024\/10\/les-horaires-douverture-de-la-piscine-de-la-bresse-pour-les-vacances-de-la-toussaint\/","title":{"rendered":"Les horaires d&rsquo;ouverture de la piscine de La Bresse pour les vacances de la Toussaint"},"content":{"rendered":"<p><strong>Les horaires d&rsquo;ouverture de la piscine de La Bresse pour les vacances de la Toussaint sont \u00e0 retrouver ci-dessous. \u00c0 noter que le 1 novembre, la piscine sera ouverte de 14 h \u00e0 20 h 45.\u00a0<\/strong><\/p>\n<p><a href=\"https:\/\/vosgesinfo.fr\/app\/uploads\/sites\/5\/2024\/10\/pisc-affichage-horaires-vacances-toussaint-2024-page-0001.jpg\"><img decoding=\"async\" class=\"aligncenter size-full wp-image-74273\" src=\"https:\/\/vosgesinfo.fr\/app\/uploads\/sites\/5\/2024\/10\/pisc-affichage-horaires-vacances-toussaint-2024-page-0001.jpg\" alt=\"\" width=\"1755\" height=\"1240\" srcset=\"https:\/\/vosgesinfo.fr\/app\/uploads\/sites\/5\/2024\/10\/pisc-affichage-horaires-vacances-toussaint-2024-page-0001.jpg 1755w, https:\/\/vosgesinfo.fr\/app\/uploads\/sites\/5\/2024\/10\/pisc-affichage-horaires-vacances-toussaint-2024-page-0001-300x212.jpg 300w, https:\/\/vosgesinfo.fr\/app\/uploads\/sites\/5\/2024\/10\/pisc-affichage-horaires-vacances-toussaint-2024-page-0001-1024x724.jpg 1024w, https:\/\/vosgesinfo.fr\/app\/uploads\/sites\/5\/2024\/10\/pisc-affichage-horaires-vacances-toussaint-2024-page-0001-768x543.jpg 768w, https:\/\/vosgesinfo.fr\/app\/uploads\/sites\/5\/2024\/10\/pisc-affichage-horaires-vacances-toussaint-2024-page-0001-1536x1085.jpg 1536w\" sizes=\"(max-width: 1755px) 100vw, 1755px\" \/><\/a><\/p>\n","protected":false},"excerpt":{"rendered":"<p>Les horaires d&rsquo;ouverture de la piscine de La Bresse pour les vacances de la Toussaint sont \u00e0 retrouver ci-dessous. \u00c0 [&hellip;]<\/p>\n","protected":false},"author":418,"featured_media":74273,"comment_status":"open","ping_status":"open","sticky":false,"template":"","format":"standard","meta":{"footnotes":""},"categories":[26,594,1547,104],"tags":[6219,6220,105],"class_list":["post-74276","post","type-post","status-publish","format-standard","has-post-thumbnail","hentry","category-a-la-une","category-agenda","category-gerardmer-2","category-la-bresse-la-bresse-son-canton","tag-complexe-aquatique-de-la-bresse","tag-horaires-douverture","tag-la-bresse"],"acf":[],"yoast_head":"<!-- This site is optimized with the Yoast SEO plugin v22.5 - https:\/\/yoast.com\/wordpress\/plugins\/seo\/ -->\n<title>Les horaires d&#039;ouverture de la piscine de La Bresse pour les vacances de la Toussaint - Remiremont Info<\/title>\n<meta name=\"robots\" content=\"index, follow, max-snippet:-1, max-image-preview:large, max-video-preview:-1\" \/>\n<link rel=\"canonical\" href=\"https:\/\/vosgesinfo.fr\/remiremontinfo\/?p=74276\" \/>\n<meta name=\"twitter:card\" content=\"summary_large_image\" \/>\n<meta name=\"twitter:title\" content=\"Les horaires d&#039;ouverture de la piscine de La Bresse pour les vacances de la Toussaint - Remiremont Info\" \/>\n<meta name=\"twitter:description\" content=\"Les horaires d&rsquo;ouverture de la piscine de La Bresse pour les vacances de la Toussaint sont \u00e0 retrouver ci-dessous. \u00c0 [&hellip;]\" \/>\n<meta name=\"twitter:image\" content=\"https:\/\/vosgesinfo.fr\/app\/uploads\/sites\/5\/2024\/10\/pisc-affichage-horaires-vacances-toussaint-2024-page-0001.jpg\" \/>\n<meta name=\"twitter:creator\" content=\"@VosgesInfo88\" \/>\n<meta name=\"twitter:site\" content=\"@VosgesInfo88\" \/>\n<meta name=\"twitter:label1\" content=\"\u00c9crit par\" \/>\n\t<meta name=\"twitter:data1\" content=\"C.M\" \/>\n<script type=\"application\/ld+json\" class=\"yoast-schema-graph\">{\"@context\":\"https:\/\/schema.org\",\"@graph\":[{\"@type\":\"Article\",\"@id\":\"https:\/\/vosgesinfo.fr\/remiremontinfo\/?p=74276#article\",\"isPartOf\":{\"@id\":\"https:\/\/vosgesinfo.fr\/remiremontinfo\/?p=74276\"},\"author\":{\"name\":\"C.M\",\"@id\":\"https:\/\/vosgesinfo.fr\/remiremontinfo\/#\/schema\/person\/4f38cd3068e342935b7304695c797d08\"},\"headline\":\"Les horaires d&rsquo;ouverture de la piscine de La Bresse pour les vacances de la Toussaint\",\"datePublished\":\"2024-10-11T06:10:26+00:00\",\"dateModified\":\"2024-10-11T05:51:54+00:00\",\"mainEntityOfPage\":{\"@id\":\"https:\/\/vosgesinfo.fr\/remiremontinfo\/?p=74276\"},\"wordCount\":46,\"commentCount\":0,\"publisher\":{\"@id\":\"https:\/\/vosgesinfo.fr\/remiremontinfo\/#organization\"},\"image\":{\"@id\":\"https:\/\/vosgesinfo.fr\/remiremontinfo\/?p=74276#primaryimage\"},\"thumbnailUrl\":\"https:\/\/vosgesinfo.fr\/app\/uploads\/sites\/5\/2024\/10\/pisc-affichage-horaires-vacances-toussaint-2024-page-0001.jpg\",\"keywords\":[\"Complexe aquatique de La Bresse\",\"Horaires d'ouverture\",\"la bresse\"],\"articleSection\":[\"A la Une\",\"Agenda\",\"Gerardmer\",\"La Bresse\"],\"inLanguage\":\"fr-FR\",\"potentialAction\":[{\"@type\":\"CommentAction\",\"name\":\"Comment\",\"target\":[\"https:\/\/vosgesinfo.fr\/remiremontinfo\/?p=74276#respond\"]}]},{\"@type\":\"WebPage\",\"@id\":\"https:\/\/vosgesinfo.fr\/remiremontinfo\/?p=74276\",\"url\":\"https:\/\/vosgesinfo.fr\/remiremontinfo\/?p=74276\",\"name\":\"Les horaires d'ouverture de la piscine de La Bresse pour les vacances de la Toussaint - Remiremont Info\",\"isPartOf\":{\"@id\":\"https:\/\/vosgesinfo.fr\/remiremontinfo\/#website\"},\"primaryImageOfPage\":{\"@id\":\"https:\/\/vosgesinfo.fr\/remiremontinfo\/?p=74276#primaryimage\"},\"image\":{\"@id\":\"https:\/\/vosgesinfo.fr\/remiremontinfo\/?p=74276#primaryimage\"},\"thumbnailUrl\":\"https:\/\/vosgesinfo.fr\/app\/uploads\/sites\/5\/2024\/10\/pisc-affichage-horaires-vacances-toussaint-2024-page-0001.jpg\",\"datePublished\":\"2024-10-11T06:10:26+00:00\",\"dateModified\":\"2024-10-11T05:51:54+00:00\",\"breadcrumb\":{\"@id\":\"https:\/\/vosgesinfo.fr\/remiremontinfo\/?p=74276#breadcrumb\"},\"inLanguage\":\"fr-FR\",\"potentialAction\":[{\"@type\":\"ReadAction\",\"target\":[\"https:\/\/vosgesinfo.fr\/remiremontinfo\/?p=74276\"]}]},{\"@type\":\"ImageObject\",\"inLanguage\":\"fr-FR\",\"@id\":\"https:\/\/vosgesinfo.fr\/remiremontinfo\/?p=74276#primaryimage\",\"url\":\"https:\/\/vosgesinfo.fr\/app\/uploads\/sites\/5\/2024\/10\/pisc-affichage-horaires-vacances-toussaint-2024-page-0001.jpg\",\"contentUrl\":\"https:\/\/vosgesinfo.fr\/app\/uploads\/sites\/5\/2024\/10\/pisc-affichage-horaires-vacances-toussaint-2024-page-0001.jpg\",\"width\":1755,\"height\":1240},{\"@type\":\"BreadcrumbList\",\"@id\":\"https:\/\/vosgesinfo.fr\/remiremontinfo\/?p=74276#breadcrumb\",\"itemListElement\":[{\"@type\":\"ListItem\",\"position\":1,\"name\":\"Home\",\"item\":\"https:\/\/vosgesinfo.fr\/remiremontinfo\/\"},{\"@type\":\"ListItem\",\"position\":2,\"name\":\"Les horaires d&#8217;ouverture de la piscine de La Bresse pour les vacances de la Toussaint\"}]},{\"@type\":\"WebSite\",\"@id\":\"https:\/\/vosgesinfo.fr\/remiremontinfo\/#website\",\"url\":\"https:\/\/vosgesinfo.fr\/remiremontinfo\/\",\"name\":\"Remiremont Info\",\"description\":\"Toute l&#039;actualit\u00e9 de Remiremont\",\"publisher\":{\"@id\":\"https:\/\/vosgesinfo.fr\/remiremontinfo\/#organization\"},\"alternateName\":\"Toute l'actualit\u00e9 de Remiremont\",\"potentialAction\":[{\"@type\":\"SearchAction\",\"target\":{\"@type\":\"EntryPoint\",\"urlTemplate\":\"https:\/\/vosgesinfo.fr\/remiremontinfo\/?s={search_term_string}\"},\"query-input\":\"required name=search_term_string\"}],\"inLanguage\":\"fr-FR\"},{\"@type\":\"Organization\",\"@id\":\"https:\/\/vosgesinfo.fr\/remiremontinfo\/#organization\",\"name\":\"Remiremont Info\",\"url\":\"https:\/\/vosgesinfo.fr\/remiremontinfo\/\",\"logo\":{\"@type\":\"ImageObject\",\"inLanguage\":\"fr-FR\",\"@id\":\"https:\/\/vosgesinfo.fr\/remiremontinfo\/#\/schema\/logo\/image\/\",\"url\":\"https:\/\/vosgesinfo.fr\/app\/uploads\/sites\/5\/2023\/08\/favicon-remiremontinfo.png\",\"contentUrl\":\"https:\/\/vosgesinfo.fr\/app\/uploads\/sites\/5\/2023\/08\/favicon-remiremontinfo.png\",\"width\":512,\"height\":512,\"caption\":\"Remiremont Info\"},\"image\":{\"@id\":\"https:\/\/vosgesinfo.fr\/remiremontinfo\/#\/schema\/logo\/image\/\"},\"sameAs\":[\"https:\/\/www.facebook.com\/remiremontinfo\",\"https:\/\/x.com\/VosgesInfo88\",\"https:\/\/www.youtube.com\/@vosgesinfo\"]},{\"@type\":\"Person\",\"@id\":\"https:\/\/vosgesinfo.fr\/remiremontinfo\/#\/schema\/person\/4f38cd3068e342935b7304695c797d08\",\"name\":\"C.M\",\"image\":{\"@type\":\"ImageObject\",\"inLanguage\":\"fr-FR\",\"@id\":\"https:\/\/vosgesinfo.fr\/remiremontinfo\/#\/schema\/person\/image\/\",\"url\":\"https:\/\/secure.gravatar.com\/avatar\/fe9daaef0164d920717484172682f3c5c9bcf7d42aa8c7048c76c34f0eb6c8da?s=96&d=mm&r=g\",\"contentUrl\":\"https:\/\/secure.gravatar.com\/avatar\/fe9daaef0164d920717484172682f3c5c9bcf7d42aa8c7048c76c34f0eb6c8da?s=96&d=mm&r=g\",\"caption\":\"C.M\"},\"url\":\"https:\/\/vosgesinfo.fr\/remiremontinfo\/author\/cm88200\/\"}]}<\/script>\n<!-- \/ Yoast SEO plugin. -->","yoast_head_json":{"title":"Les horaires d'ouverture de la piscine de La Bresse pour les vacances de la Toussaint - Remiremont Info","robots":{"index":"index","follow":"follow","max-snippet":"max-snippet:-1","max-image-preview":"max-image-preview:large","max-video-preview":"max-video-preview:-1"},"canonical":"https:\/\/vosgesinfo.fr\/remiremontinfo\/?p=74276","twitter_card":"summary_large_image","twitter_title":"Les horaires d'ouverture de la piscine de La Bresse pour les vacances de la Toussaint - Remiremont Info","twitter_description":"Les horaires d&rsquo;ouverture de la piscine de La Bresse pour les vacances de la Toussaint sont \u00e0 retrouver ci-dessous. \u00c0 [&hellip;]","twitter_image":"https:\/\/vosgesinfo.fr\/app\/uploads\/sites\/5\/2024\/10\/pisc-affichage-horaires-vacances-toussaint-2024-page-0001.jpg","twitter_creator":"@VosgesInfo88","twitter_site":"@VosgesInfo88","twitter_misc":{"\u00c9crit par":"C.M"},"schema":{"@context":"https:\/\/schema.org","@graph":[{"@type":"Article","@id":"https:\/\/vosgesinfo.fr\/remiremontinfo\/?p=74276#article","isPartOf":{"@id":"https:\/\/vosgesinfo.fr\/remiremontinfo\/?p=74276"},"author":{"name":"C.M","@id":"https:\/\/vosgesinfo.fr\/remiremontinfo\/#\/schema\/person\/4f38cd3068e342935b7304695c797d08"},"headline":"Les horaires d&rsquo;ouverture de la piscine de La Bresse pour les vacances de la Toussaint","datePublished":"2024-10-11T06:10:26+00:00","dateModified":"2024-10-11T05:51:54+00:00","mainEntityOfPage":{"@id":"https:\/\/vosgesinfo.fr\/remiremontinfo\/?p=74276"},"wordCount":46,"commentCount":0,"publisher":{"@id":"https:\/\/vosgesinfo.fr\/remiremontinfo\/#organization"},"image":{"@id":"https:\/\/vosgesinfo.fr\/remiremontinfo\/?p=74276#primaryimage"},"thumbnailUrl":"https:\/\/vosgesinfo.fr\/app\/uploads\/sites\/5\/2024\/10\/pisc-affichage-horaires-vacances-toussaint-2024-page-0001.jpg","keywords":["Complexe aquatique de La Bresse","Horaires d'ouverture","la bresse"],"articleSection":["A la Une","Agenda","Gerardmer","La Bresse"],"inLanguage":"fr-FR","potentialAction":[{"@type":"CommentAction","name":"Comment","target":["https:\/\/vosgesinfo.fr\/remiremontinfo\/?p=74276#respond"]}]},{"@type":"WebPage","@id":"https:\/\/vosgesinfo.fr\/remiremontinfo\/?p=74276","url":"https:\/\/vosgesinfo.fr\/remiremontinfo\/?p=74276","name":"Les horaires d'ouverture de la piscine de La Bresse pour les vacances de la Toussaint - Remiremont Info","isPartOf":{"@id":"https:\/\/vosgesinfo.fr\/remiremontinfo\/#website"},"primaryImageOfPage":{"@id":"https:\/\/vosgesinfo.fr\/remiremontinfo\/?p=74276#primaryimage"},"image":{"@id":"https:\/\/vosgesinfo.fr\/remiremontinfo\/?p=74276#primaryimage"},"thumbnailUrl":"https:\/\/vosgesinfo.fr\/app\/uploads\/sites\/5\/2024\/10\/pisc-affichage-horaires-vacances-toussaint-2024-page-0001.jpg","datePublished":"2024-10-11T06:10:26+00:00","dateModified":"2024-10-11T05:51:54+00:00","breadcrumb":{"@id":"https:\/\/vosgesinfo.fr\/remiremontinfo\/?p=74276#breadcrumb"},"inLanguage":"fr-FR","potentialAction":[{"@type":"ReadAction","target":["https:\/\/vosgesinfo.fr\/remiremontinfo\/?p=74276"]}]},{"@type":"ImageObject","inLanguage":"fr-FR","@id":"https:\/\/vosgesinfo.fr\/remiremontinfo\/?p=74276#primaryimage","url":"https:\/\/vosgesinfo.fr\/app\/uploads\/sites\/5\/2024\/10\/pisc-affichage-horaires-vacances-toussaint-2024-page-0001.jpg","contentUrl":"https:\/\/vosgesinfo.fr\/app\/uploads\/sites\/5\/2024\/10\/pisc-affichage-horaires-vacances-toussaint-2024-page-0001.jpg","width":1755,"height":1240},{"@type":"BreadcrumbList","@id":"https:\/\/vosgesinfo.fr\/remiremontinfo\/?p=74276#breadcrumb","itemListElement":[{"@type":"ListItem","position":1,"name":"Home","item":"https:\/\/vosgesinfo.fr\/remiremontinfo\/"},{"@type":"ListItem","position":2,"name":"Les horaires d&#8217;ouverture de la piscine de La Bresse pour les vacances de la Toussaint"}]},{"@type":"WebSite","@id":"https:\/\/vosgesinfo.fr\/remiremontinfo\/#website","url":"https:\/\/vosgesinfo.fr\/remiremontinfo\/","name":"Remiremont Info","description":"Toute l&#039;actualit\u00e9 de Remiremont","publisher":{"@id":"https:\/\/vosgesinfo.fr\/remiremontinfo\/#organization"},"alternateName":"Toute l'actualit\u00e9 de Remiremont","potentialAction":[{"@type":"SearchAction","target":{"@type":"EntryPoint","urlTemplate":"https:\/\/vosgesinfo.fr\/remiremontinfo\/?s={search_term_string}"},"query-input":"required name=search_term_string"}],"inLanguage":"fr-FR"},{"@type":"Organization","@id":"https:\/\/vosgesinfo.fr\/remiremontinfo\/#organization","name":"Remiremont Info","url":"https:\/\/vosgesinfo.fr\/remiremontinfo\/","logo":{"@type":"ImageObject","inLanguage":"fr-FR","@id":"https:\/\/vosgesinfo.fr\/remiremontinfo\/#\/schema\/logo\/image\/","url":"https:\/\/vosgesinfo.fr\/app\/uploads\/sites\/5\/2023\/08\/favicon-remiremontinfo.png","contentUrl":"https:\/\/vosgesinfo.fr\/app\/uploads\/sites\/5\/2023\/08\/favicon-remiremontinfo.png","width":512,"height":512,"caption":"Remiremont Info"},"image":{"@id":"https:\/\/vosgesinfo.fr\/remiremontinfo\/#\/schema\/logo\/image\/"},"sameAs":["https:\/\/www.facebook.com\/remiremontinfo","https:\/\/x.com\/VosgesInfo88","https:\/\/www.youtube.com\/@vosgesinfo"]},{"@type":"Person","@id":"https:\/\/vosgesinfo.fr\/remiremontinfo\/#\/schema\/person\/4f38cd3068e342935b7304695c797d08","name":"C.M","image":{"@type":"ImageObject","inLanguage":"fr-FR","@id":"https:\/\/vosgesinfo.fr\/remiremontinfo\/#\/schema\/person\/image\/","url":"https:\/\/secure.gravatar.com\/avatar\/fe9daaef0164d920717484172682f3c5c9bcf7d42aa8c7048c76c34f0eb6c8da?s=96&d=mm&r=g","contentUrl":"https:\/\/secure.gravatar.com\/avatar\/fe9daaef0164d920717484172682f3c5c9bcf7d42aa8c7048c76c34f0eb6c8da?s=96&d=mm&r=g","caption":"C.M"},"url":"https:\/\/vosgesinfo.fr\/remiremontinfo\/author\/cm88200\/"}]}},"_links":{"self":[{"href":"https:\/\/vosgesinfo.fr\/remiremontinfo\/wp-json\/wp\/v2\/posts\/74276","targetHints":{"allow":["GET"]}}],"collection":[{"href":"https:\/\/vosgesinfo.fr\/remiremontinfo\/wp-json\/wp\/v2\/posts"}],"about":[{"href":"https:\/\/vosgesinfo.fr\/remiremontinfo\/wp-json\/wp\/v2\/types\/post"}],"author":[{"embeddable":true,"href":"https:\/\/vosgesinfo.fr\/remiremontinfo\/wp-json\/wp\/v2\/users\/418"}],"replies":[{"embeddable":true,"href":"https:\/\/vosgesinfo.fr\/remiremontinfo\/wp-json\/wp\/v2\/comments?post=74276"}],"version-history":[{"count":1,"href":"https:\/\/vosgesinfo.fr\/remiremontinfo\/wp-json\/wp\/v2\/posts\/74276\/revisions"}],"predecessor-version":[{"id":74277,"href":"https:\/\/vosgesinfo.fr\/remiremontinfo\/wp-json\/wp\/v2\/posts\/74276\/revisions\/74277"}],"wp:featuredmedia":[{"embeddable":true,"href":"https:\/\/vosgesinfo.fr\/remiremontinfo\/wp-json\/wp\/v2\/media\/74273"}],"wp:attachment":[{"href":"https:\/\/vosgesinfo.fr\/remiremontinfo\/wp-json\/wp\/v2\/media?parent=74276"}],"wp:term":[{"taxonomy":"category","embeddable":true,"href":"https:\/\/vosgesinfo.fr\/remiremontinfo\/wp-json\/wp\/v2\/categories?post=74276"},{"taxonomy":"post_tag","embeddable":true,"href":"https:\/\/vosgesinfo.fr\/remiremontinfo\/wp-json\/wp\/v2\/tags?post=74276"}],"curies":[{"name":"wp","href":"https:\/\/api.w.org\/{rel}","templated":true}]}}