{"id":74424,"date":"2024-10-16T09:41:02","date_gmt":"2024-10-16T07:41:02","guid":{"rendered":"https:\/\/vosgesinfo.fr\/remiremontinfo\/?p=74424"},"modified":"2024-10-16T09:41:02","modified_gmt":"2024-10-16T07:41:02","slug":"festival-alimenterre-une-projection-debat-sur-les-enjeux-agricoles-lies-au-changement-climatique","status":"publish","type":"post","link":"https:\/\/vosgesinfo.fr\/remiremontinfo\/2024\/10\/festival-alimenterre-une-projection-debat-sur-les-enjeux-agricoles-lies-au-changement-climatique\/","title":{"rendered":"Festival Alimenterre : Une projection d\u00e9bat sur les enjeux agricoles li\u00e9s au changement climatique.\u00a0"},"content":{"rendered":"<p style=\"text-align: center;\"><span style=\"font-size: 14pt;\"><strong>Festival Alimenterre : Une projection d\u00e9bat sur les enjeux agricoles li\u00e9s au changement climatique.\u00a0<\/strong><\/span><\/p>\n<p class=\"s8\"><strong><span class=\"s7\">Pour la seconde <\/span><span class=\"s7\">ann\u00e9e, la m\u00e9diath\u00e8que<\/span><span class=\"s7\"> intercommunale<\/span><span class=\"s7\"> l<\/span><span class=\"s7\">e Cercle participe au Festival <\/span><span class=\"s7\">Alimenterre<\/span><span class=\"s7\">, \u00e9v\u00e8nement <\/span><span class=\"s7\">inter<\/span><span class=\"s7\">national incontournable sur l\u2019alimentation durable et solidaire. <\/span><\/strong><\/p>\n<p class=\"s8\"><strong><span class=\"s9\">Le festival<\/span><span class=\"s10\">\u00a0<\/span><\/strong><\/p>\n<p class=\"s8\"><span class=\"s11\">Le festival \u00ab\u00a0<\/span><span class=\"s11\">Alimenterre<\/span><span class=\"s11\">\u00a0\u00bb est organis\u00e9 chaque ann\u00e9e du 15 octobre au 30 novembre et am\u00e8ne les citoyens \u00e0 s\u2019informer et comprendre les enjeux agricoles et alimentaires en France et dans le monde autour d\u2019une s\u00e9lection de 8 films documentaires. Durant 1 mois et demi, plus d\u2019un millier d\u2019\u00e9v\u00e8nements sont organis\u00e9s dans 600 communes et une dizaine de pays : projection-d\u00e9bat, march\u00e9 alimentaire et solidaire, atelier cuisine bio, locale et \u00e9quitable avec des enfants, exposition, visite de fermes et rencontre avec des professionnels agricoles, jeu p\u00e9dagogique pour une classe de lyc\u00e9ens, spectacle de rue, etc.<\/span><\/p>\n<p class=\"s8\"><strong><span class=\"s7\">En partenariat avec le Parc Naturel R\u00e9gional des Ballons des Vosges, la m\u00e9diath\u00e8qu<\/span><span class=\"s7\">e a choisi d\u2019aborder des sujets tels que la r\u00e9silience alimentaire, la perte de la biodiversit\u00e9, la question du partage de l\u2019eau.<\/span><\/strong><\/p>\n<p>&nbsp;<\/p>\n<p class=\"s8\"><strong><span class=\"s9\">Le docume<\/span><span class=\"s9\">ntaire \u00ab\u00a0La th\u00e9orie du boxeur<\/span><span class=\"s9\">\u00a0\u00bb<\/span> <span class=\"s11\">de Nathana\u00ebl Coste<\/span><span class=\"s11\">.<\/span><\/strong><\/p>\n<p class=\"s13\"><span class=\"s12\">Ann\u00e9e de sortie<\/span><span class=\"s11\"> : 202<\/span><span class=\"s11\">3<\/span><\/p>\n<p class=\"s13\"><span class=\"s12\">Pays<\/span><span class=\"s11\"> :<\/span><span class=\"s11\"> France<\/span><\/p>\n<p class=\"s13\"><span class=\"s12\">Production<\/span><span class=\"s11\"> : <\/span><span class=\"s11\">Kamea<\/span> <span class=\"s11\">Meah<\/span><\/p>\n<p class=\"s13\"><span class=\"s12\">Dur\u00e9e<\/span><span class=\"s11\"> : 98<\/span><span class=\"s11\"> minutes<\/span><\/p>\n<p class=\"s13\"><span class=\"s12\">Langue(s) du film<\/span><span class=\"s11\"> : Fran\u00e7ais<\/span><\/p>\n<p class=\"s15\"><span class=\"s14\">Le<\/span><span class=\"s14\">s exc\u00e8s du climat frappent de plus en plus durement le monde agricole. En 2022, la s\u00e9cheresse cr\u00e9e un v\u00e9ritable \u00e9lectrochoc dans la vall\u00e9e de la Dr\u00f4me. Nathana\u00ebl Coste, g\u00e9ographe de formation, enqu\u00eate chez des agriculteurs <\/span><span class=\"s14\">bio<\/span><span class=\"s14\"> et conventionnels pour qui le temps de l\u2019adaptation a d\u00e9j\u00e0 commenc\u00e9. Sur le terrain, les approches diff\u00e8rent, qu\u2019elles reposent sur les technologies, les stockages d\u2019eau, la gestion des sols ou l\u2019<\/span><span class=\"s14\">agro\u00e9cologie<\/span><span class=\"s14\">.<\/span><\/p>\n<p class=\"s15\"><span class=\"s14\">Alors que la moiti\u00e9 des fermes va changer de main d\u2019ici dix ans, le film questionne agriculteurs et chercheurs sans a priori pour repenser notre fa\u00e7on de produire et construire la r\u00e9silience alimentaire d\u2019un territoire.<\/span><\/p>\n<p class=\"s15\"><span class=\"s14\">Un d\u00e9bat suivra la projection en pr\u00e9sence <\/span><span class=\"s14\">de producteurs et de diff\u00e9rents acteurs <\/span><span class=\"s14\">\u0153uvrant<\/span><span class=\"s14\"> pour l<\/span><span class=\"s14\">a <\/span><span class=\"s14\">pr\u00e9servation<\/span><span class=\"s14\"> de l\u2019<\/span><span class=\"s14\">envi<\/span><span class=\"s14\">ronnement<\/span><span class=\"s14\">.<\/span><\/p>\n<p class=\"s17\"><strong><span class=\"s16\">Cin\u00e9ma <\/span><span class=\"s16\">Majestic<\/span><span class=\"s16\"> France Le Volontaire, Remiremont<\/span><\/strong><\/p>\n<p class=\"s17\"><strong><span class=\"s16\">Vendredi 1<\/span><span class=\"s16\">5 novembre \u00e0 20h<\/span><\/strong><\/p>\n<p class=\"s18\"><strong><span class=\"s16\">Public\u00a0: Tout public<\/span><\/strong><\/p>\n<p class=\"s18\"><strong><span class=\"s16\">Entr\u00e9e\u00a0: 5 \u20ac<\/span><\/strong><\/p>\n<table>\n<tbody>\n<tr>\n<td class=\"s19\">\n<div>\n<p class=\"s4\"><strong><span class=\"s20\">mediatheque@ccpvm.fr<\/span><\/strong><\/p>\n<p class=\"s4\"><strong><span class=\"s20\">03 29 22 50 01<\/span><\/strong><\/p>\n<\/div>\n<\/td>\n<\/tr>\n<\/tbody>\n<\/table>\n<p>&nbsp;<\/p>\n<p><a href=\"https:\/\/vosgesinfo.fr\/app\/uploads\/sites\/5\/2024\/10\/affiche-validee-page-0001.jpg\"><img decoding=\"async\" class=\"aligncenter size-full wp-image-74425\" src=\"https:\/\/vosgesinfo.fr\/app\/uploads\/sites\/5\/2024\/10\/affiche-validee-page-0001.jpg\" alt=\"\" width=\"1241\" height=\"1755\" srcset=\"https:\/\/vosgesinfo.fr\/app\/uploads\/sites\/5\/2024\/10\/affiche-validee-page-0001.jpg 1241w, https:\/\/vosgesinfo.fr\/app\/uploads\/sites\/5\/2024\/10\/affiche-validee-page-0001-212x300.jpg 212w, https:\/\/vosgesinfo.fr\/app\/uploads\/sites\/5\/2024\/10\/affiche-validee-page-0001-724x1024.jpg 724w, https:\/\/vosgesinfo.fr\/app\/uploads\/sites\/5\/2024\/10\/affiche-validee-page-0001-768x1086.jpg 768w, https:\/\/vosgesinfo.fr\/app\/uploads\/sites\/5\/2024\/10\/affiche-validee-page-0001-1086x1536.jpg 1086w\" sizes=\"(max-width: 1241px) 100vw, 1241px\" \/><\/a><\/p>\n","protected":false},"excerpt":{"rendered":"<p>Festival Alimenterre : Une projection d\u00e9bat sur les enjeux agricoles li\u00e9s au changement climatique.\u00a0 Pour la seconde ann\u00e9e, la m\u00e9diath\u00e8que [&hellip;]<\/p>\n","protected":false},"author":391,"featured_media":74425,"comment_status":"open","ping_status":"open","sticky":false,"template":"","format":"standard","meta":{"footnotes":""},"categories":[26,594,47,43],"tags":[6108,6264,44],"class_list":["post-74424","post","type-post","status-publish","format-standard","has-post-thumbnail","hentry","category-a-la-une","category-agenda","category-agriculture","category-remiremont-remiremont-son-canton","tag-cinema-le-majestic","tag-projection-debat","tag-remiremont"],"acf":[],"yoast_head":"<!-- This site is optimized with the Yoast SEO plugin v22.5 - https:\/\/yoast.com\/wordpress\/plugins\/seo\/ -->\n<title>Festival Alimenterre : Une projection d\u00e9bat sur les enjeux agricoles li\u00e9s au changement climatique.\u00a0 - Remiremont Info<\/title>\n<meta name=\"robots\" content=\"index, follow, max-snippet:-1, max-image-preview:large, max-video-preview:-1\" \/>\n<link rel=\"canonical\" href=\"https:\/\/vosgesinfo.fr\/remiremontinfo\/?p=74424\" \/>\n<meta name=\"twitter:card\" content=\"summary_large_image\" \/>\n<meta name=\"twitter:title\" content=\"Festival Alimenterre : Une projection d\u00e9bat sur les enjeux agricoles li\u00e9s au changement climatique.\u00a0 - Remiremont Info\" \/>\n<meta name=\"twitter:description\" content=\"Festival Alimenterre : Une projection d\u00e9bat sur les enjeux agricoles li\u00e9s au changement climatique.\u00a0 Pour la seconde ann\u00e9e, la m\u00e9diath\u00e8que [&hellip;]\" \/>\n<meta name=\"twitter:image\" content=\"https:\/\/vosgesinfo.fr\/app\/uploads\/sites\/5\/2024\/10\/affiche-validee-page-0001.jpg\" \/>\n<meta name=\"twitter:creator\" content=\"@VosgesInfo88\" \/>\n<meta name=\"twitter:site\" content=\"@VosgesInfo88\" \/>\n<meta name=\"twitter:label1\" content=\"\u00c9crit par\" \/>\n\t<meta name=\"twitter:data1\" content=\"La redaction\" \/>\n\t<meta name=\"twitter:label2\" content=\"Dur\u00e9e de lecture estim\u00e9e\" \/>\n\t<meta name=\"twitter:data2\" content=\"3 minutes\" \/>\n<script type=\"application\/ld+json\" class=\"yoast-schema-graph\">{\"@context\":\"https:\/\/schema.org\",\"@graph\":[{\"@type\":\"Article\",\"@id\":\"https:\/\/vosgesinfo.fr\/remiremontinfo\/?p=74424#article\",\"isPartOf\":{\"@id\":\"https:\/\/vosgesinfo.fr\/remiremontinfo\/?p=74424\"},\"author\":{\"name\":\"La redaction\",\"@id\":\"https:\/\/vosgesinfo.fr\/remiremontinfo\/#\/schema\/person\/27a3695b06db98895b354c0765cdfc31\"},\"headline\":\"Festival Alimenterre : Une projection d\u00e9bat sur les enjeux agricoles li\u00e9s au changement climatique.\u00a0\",\"datePublished\":\"2024-10-16T07:41:02+00:00\",\"dateModified\":\"2024-10-16T07:41:02+00:00\",\"mainEntityOfPage\":{\"@id\":\"https:\/\/vosgesinfo.fr\/remiremontinfo\/?p=74424\"},\"wordCount\":399,\"commentCount\":0,\"publisher\":{\"@id\":\"https:\/\/vosgesinfo.fr\/remiremontinfo\/#organization\"},\"image\":{\"@id\":\"https:\/\/vosgesinfo.fr\/remiremontinfo\/?p=74424#primaryimage\"},\"thumbnailUrl\":\"https:\/\/vosgesinfo.fr\/app\/uploads\/sites\/5\/2024\/10\/affiche-validee-page-0001.jpg\",\"keywords\":[\"Cin\u00e9ma Le Majestic\",\"Projection d\u00e9bat\",\"remiremont\"],\"articleSection\":[\"A la Une\",\"Agenda\",\"Agriculture\",\"Remiremont\"],\"inLanguage\":\"fr-FR\",\"potentialAction\":[{\"@type\":\"CommentAction\",\"name\":\"Comment\",\"target\":[\"https:\/\/vosgesinfo.fr\/remiremontinfo\/?p=74424#respond\"]}]},{\"@type\":\"WebPage\",\"@id\":\"https:\/\/vosgesinfo.fr\/remiremontinfo\/?p=74424\",\"url\":\"https:\/\/vosgesinfo.fr\/remiremontinfo\/?p=74424\",\"name\":\"Festival Alimenterre : Une projection d\u00e9bat sur les enjeux agricoles li\u00e9s au changement climatique.\u00a0 - Remiremont Info\",\"isPartOf\":{\"@id\":\"https:\/\/vosgesinfo.fr\/remiremontinfo\/#website\"},\"primaryImageOfPage\":{\"@id\":\"https:\/\/vosgesinfo.fr\/remiremontinfo\/?p=74424#primaryimage\"},\"image\":{\"@id\":\"https:\/\/vosgesinfo.fr\/remiremontinfo\/?p=74424#primaryimage\"},\"thumbnailUrl\":\"https:\/\/vosgesinfo.fr\/app\/uploads\/sites\/5\/2024\/10\/affiche-validee-page-0001.jpg\",\"datePublished\":\"2024-10-16T07:41:02+00:00\",\"dateModified\":\"2024-10-16T07:41:02+00:00\",\"breadcrumb\":{\"@id\":\"https:\/\/vosgesinfo.fr\/remiremontinfo\/?p=74424#breadcrumb\"},\"inLanguage\":\"fr-FR\",\"potentialAction\":[{\"@type\":\"ReadAction\",\"target\":[\"https:\/\/vosgesinfo.fr\/remiremontinfo\/?p=74424\"]}]},{\"@type\":\"ImageObject\",\"inLanguage\":\"fr-FR\",\"@id\":\"https:\/\/vosgesinfo.fr\/remiremontinfo\/?p=74424#primaryimage\",\"url\":\"https:\/\/vosgesinfo.fr\/app\/uploads\/sites\/5\/2024\/10\/affiche-validee-page-0001.jpg\",\"contentUrl\":\"https:\/\/vosgesinfo.fr\/app\/uploads\/sites\/5\/2024\/10\/affiche-validee-page-0001.jpg\",\"width\":1241,\"height\":1755},{\"@type\":\"BreadcrumbList\",\"@id\":\"https:\/\/vosgesinfo.fr\/remiremontinfo\/?p=74424#breadcrumb\",\"itemListElement\":[{\"@type\":\"ListItem\",\"position\":1,\"name\":\"Home\",\"item\":\"https:\/\/vosgesinfo.fr\/remiremontinfo\/\"},{\"@type\":\"ListItem\",\"position\":2,\"name\":\"Festival Alimenterre : Une projection d\u00e9bat sur les enjeux agricoles li\u00e9s au changement climatique.\u00a0\"}]},{\"@type\":\"WebSite\",\"@id\":\"https:\/\/vosgesinfo.fr\/remiremontinfo\/#website\",\"url\":\"https:\/\/vosgesinfo.fr\/remiremontinfo\/\",\"name\":\"Remiremont Info\",\"description\":\"Toute l&#039;actualit\u00e9 de Remiremont\",\"publisher\":{\"@id\":\"https:\/\/vosgesinfo.fr\/remiremontinfo\/#organization\"},\"alternateName\":\"Toute l'actualit\u00e9 de Remiremont\",\"potentialAction\":[{\"@type\":\"SearchAction\",\"target\":{\"@type\":\"EntryPoint\",\"urlTemplate\":\"https:\/\/vosgesinfo.fr\/remiremontinfo\/?s={search_term_string}\"},\"query-input\":\"required name=search_term_string\"}],\"inLanguage\":\"fr-FR\"},{\"@type\":\"Organization\",\"@id\":\"https:\/\/vosgesinfo.fr\/remiremontinfo\/#organization\",\"name\":\"Remiremont Info\",\"url\":\"https:\/\/vosgesinfo.fr\/remiremontinfo\/\",\"logo\":{\"@type\":\"ImageObject\",\"inLanguage\":\"fr-FR\",\"@id\":\"https:\/\/vosgesinfo.fr\/remiremontinfo\/#\/schema\/logo\/image\/\",\"url\":\"https:\/\/vosgesinfo.fr\/app\/uploads\/sites\/5\/2023\/08\/favicon-remiremontinfo.png\",\"contentUrl\":\"https:\/\/vosgesinfo.fr\/app\/uploads\/sites\/5\/2023\/08\/favicon-remiremontinfo.png\",\"width\":512,\"height\":512,\"caption\":\"Remiremont Info\"},\"image\":{\"@id\":\"https:\/\/vosgesinfo.fr\/remiremontinfo\/#\/schema\/logo\/image\/\"},\"sameAs\":[\"https:\/\/www.facebook.com\/remiremontinfo\",\"https:\/\/x.com\/VosgesInfo88\",\"https:\/\/www.youtube.com\/@vosgesinfo\"]},{\"@type\":\"Person\",\"@id\":\"https:\/\/vosgesinfo.fr\/remiremontinfo\/#\/schema\/person\/27a3695b06db98895b354c0765cdfc31\",\"name\":\"La redaction\",\"image\":{\"@type\":\"ImageObject\",\"inLanguage\":\"fr-FR\",\"@id\":\"https:\/\/vosgesinfo.fr\/remiremontinfo\/#\/schema\/person\/image\/\",\"url\":\"https:\/\/secure.gravatar.com\/avatar\/64c76a78e501cedee55736f43f332df901e1896ae9cd8fad269ae2236dd0e8b6?s=96&d=mm&r=g\",\"contentUrl\":\"https:\/\/secure.gravatar.com\/avatar\/64c76a78e501cedee55736f43f332df901e1896ae9cd8fad269ae2236dd0e8b6?s=96&d=mm&r=g\",\"caption\":\"La redaction\"},\"url\":\"https:\/\/vosgesinfo.fr\/remiremontinfo\/author\/la-redaction\/\"}]}<\/script>\n<!-- \/ Yoast SEO plugin. -->","yoast_head_json":{"title":"Festival Alimenterre : Une projection d\u00e9bat sur les enjeux agricoles li\u00e9s au changement climatique.\u00a0 - Remiremont Info","robots":{"index":"index","follow":"follow","max-snippet":"max-snippet:-1","max-image-preview":"max-image-preview:large","max-video-preview":"max-video-preview:-1"},"canonical":"https:\/\/vosgesinfo.fr\/remiremontinfo\/?p=74424","twitter_card":"summary_large_image","twitter_title":"Festival Alimenterre : Une projection d\u00e9bat sur les enjeux agricoles li\u00e9s au changement climatique.\u00a0 - Remiremont Info","twitter_description":"Festival Alimenterre : Une projection d\u00e9bat sur les enjeux agricoles li\u00e9s au changement climatique.\u00a0 Pour la seconde ann\u00e9e, la m\u00e9diath\u00e8que [&hellip;]","twitter_image":"https:\/\/vosgesinfo.fr\/app\/uploads\/sites\/5\/2024\/10\/affiche-validee-page-0001.jpg","twitter_creator":"@VosgesInfo88","twitter_site":"@VosgesInfo88","twitter_misc":{"\u00c9crit par":"La redaction","Dur\u00e9e de lecture estim\u00e9e":"3 minutes"},"schema":{"@context":"https:\/\/schema.org","@graph":[{"@type":"Article","@id":"https:\/\/vosgesinfo.fr\/remiremontinfo\/?p=74424#article","isPartOf":{"@id":"https:\/\/vosgesinfo.fr\/remiremontinfo\/?p=74424"},"author":{"name":"La redaction","@id":"https:\/\/vosgesinfo.fr\/remiremontinfo\/#\/schema\/person\/27a3695b06db98895b354c0765cdfc31"},"headline":"Festival Alimenterre : Une projection d\u00e9bat sur les enjeux agricoles li\u00e9s au changement climatique.\u00a0","datePublished":"2024-10-16T07:41:02+00:00","dateModified":"2024-10-16T07:41:02+00:00","mainEntityOfPage":{"@id":"https:\/\/vosgesinfo.fr\/remiremontinfo\/?p=74424"},"wordCount":399,"commentCount":0,"publisher":{"@id":"https:\/\/vosgesinfo.fr\/remiremontinfo\/#organization"},"image":{"@id":"https:\/\/vosgesinfo.fr\/remiremontinfo\/?p=74424#primaryimage"},"thumbnailUrl":"https:\/\/vosgesinfo.fr\/app\/uploads\/sites\/5\/2024\/10\/affiche-validee-page-0001.jpg","keywords":["Cin\u00e9ma Le Majestic","Projection d\u00e9bat","remiremont"],"articleSection":["A la Une","Agenda","Agriculture","Remiremont"],"inLanguage":"fr-FR","potentialAction":[{"@type":"CommentAction","name":"Comment","target":["https:\/\/vosgesinfo.fr\/remiremontinfo\/?p=74424#respond"]}]},{"@type":"WebPage","@id":"https:\/\/vosgesinfo.fr\/remiremontinfo\/?p=74424","url":"https:\/\/vosgesinfo.fr\/remiremontinfo\/?p=74424","name":"Festival Alimenterre : Une projection d\u00e9bat sur les enjeux agricoles li\u00e9s au changement climatique.\u00a0 - Remiremont Info","isPartOf":{"@id":"https:\/\/vosgesinfo.fr\/remiremontinfo\/#website"},"primaryImageOfPage":{"@id":"https:\/\/vosgesinfo.fr\/remiremontinfo\/?p=74424#primaryimage"},"image":{"@id":"https:\/\/vosgesinfo.fr\/remiremontinfo\/?p=74424#primaryimage"},"thumbnailUrl":"https:\/\/vosgesinfo.fr\/app\/uploads\/sites\/5\/2024\/10\/affiche-validee-page-0001.jpg","datePublished":"2024-10-16T07:41:02+00:00","dateModified":"2024-10-16T07:41:02+00:00","breadcrumb":{"@id":"https:\/\/vosgesinfo.fr\/remiremontinfo\/?p=74424#breadcrumb"},"inLanguage":"fr-FR","potentialAction":[{"@type":"ReadAction","target":["https:\/\/vosgesinfo.fr\/remiremontinfo\/?p=74424"]}]},{"@type":"ImageObject","inLanguage":"fr-FR","@id":"https:\/\/vosgesinfo.fr\/remiremontinfo\/?p=74424#primaryimage","url":"https:\/\/vosgesinfo.fr\/app\/uploads\/sites\/5\/2024\/10\/affiche-validee-page-0001.jpg","contentUrl":"https:\/\/vosgesinfo.fr\/app\/uploads\/sites\/5\/2024\/10\/affiche-validee-page-0001.jpg","width":1241,"height":1755},{"@type":"BreadcrumbList","@id":"https:\/\/vosgesinfo.fr\/remiremontinfo\/?p=74424#breadcrumb","itemListElement":[{"@type":"ListItem","position":1,"name":"Home","item":"https:\/\/vosgesinfo.fr\/remiremontinfo\/"},{"@type":"ListItem","position":2,"name":"Festival Alimenterre : Une projection d\u00e9bat sur les enjeux agricoles li\u00e9s au changement climatique.\u00a0"}]},{"@type":"WebSite","@id":"https:\/\/vosgesinfo.fr\/remiremontinfo\/#website","url":"https:\/\/vosgesinfo.fr\/remiremontinfo\/","name":"Remiremont Info","description":"Toute l&#039;actualit\u00e9 de Remiremont","publisher":{"@id":"https:\/\/vosgesinfo.fr\/remiremontinfo\/#organization"},"alternateName":"Toute l'actualit\u00e9 de Remiremont","potentialAction":[{"@type":"SearchAction","target":{"@type":"EntryPoint","urlTemplate":"https:\/\/vosgesinfo.fr\/remiremontinfo\/?s={search_term_string}"},"query-input":"required name=search_term_string"}],"inLanguage":"fr-FR"},{"@type":"Organization","@id":"https:\/\/vosgesinfo.fr\/remiremontinfo\/#organization","name":"Remiremont Info","url":"https:\/\/vosgesinfo.fr\/remiremontinfo\/","logo":{"@type":"ImageObject","inLanguage":"fr-FR","@id":"https:\/\/vosgesinfo.fr\/remiremontinfo\/#\/schema\/logo\/image\/","url":"https:\/\/vosgesinfo.fr\/app\/uploads\/sites\/5\/2023\/08\/favicon-remiremontinfo.png","contentUrl":"https:\/\/vosgesinfo.fr\/app\/uploads\/sites\/5\/2023\/08\/favicon-remiremontinfo.png","width":512,"height":512,"caption":"Remiremont Info"},"image":{"@id":"https:\/\/vosgesinfo.fr\/remiremontinfo\/#\/schema\/logo\/image\/"},"sameAs":["https:\/\/www.facebook.com\/remiremontinfo","https:\/\/x.com\/VosgesInfo88","https:\/\/www.youtube.com\/@vosgesinfo"]},{"@type":"Person","@id":"https:\/\/vosgesinfo.fr\/remiremontinfo\/#\/schema\/person\/27a3695b06db98895b354c0765cdfc31","name":"La redaction","image":{"@type":"ImageObject","inLanguage":"fr-FR","@id":"https:\/\/vosgesinfo.fr\/remiremontinfo\/#\/schema\/person\/image\/","url":"https:\/\/secure.gravatar.com\/avatar\/64c76a78e501cedee55736f43f332df901e1896ae9cd8fad269ae2236dd0e8b6?s=96&d=mm&r=g","contentUrl":"https:\/\/secure.gravatar.com\/avatar\/64c76a78e501cedee55736f43f332df901e1896ae9cd8fad269ae2236dd0e8b6?s=96&d=mm&r=g","caption":"La redaction"},"url":"https:\/\/vosgesinfo.fr\/remiremontinfo\/author\/la-redaction\/"}]}},"_links":{"self":[{"href":"https:\/\/vosgesinfo.fr\/remiremontinfo\/wp-json\/wp\/v2\/posts\/74424","targetHints":{"allow":["GET"]}}],"collection":[{"href":"https:\/\/vosgesinfo.fr\/remiremontinfo\/wp-json\/wp\/v2\/posts"}],"about":[{"href":"https:\/\/vosgesinfo.fr\/remiremontinfo\/wp-json\/wp\/v2\/types\/post"}],"author":[{"embeddable":true,"href":"https:\/\/vosgesinfo.fr\/remiremontinfo\/wp-json\/wp\/v2\/users\/391"}],"replies":[{"embeddable":true,"href":"https:\/\/vosgesinfo.fr\/remiremontinfo\/wp-json\/wp\/v2\/comments?post=74424"}],"version-history":[{"count":2,"href":"https:\/\/vosgesinfo.fr\/remiremontinfo\/wp-json\/wp\/v2\/posts\/74424\/revisions"}],"predecessor-version":[{"id":74427,"href":"https:\/\/vosgesinfo.fr\/remiremontinfo\/wp-json\/wp\/v2\/posts\/74424\/revisions\/74427"}],"wp:featuredmedia":[{"embeddable":true,"href":"https:\/\/vosgesinfo.fr\/remiremontinfo\/wp-json\/wp\/v2\/media\/74425"}],"wp:attachment":[{"href":"https:\/\/vosgesinfo.fr\/remiremontinfo\/wp-json\/wp\/v2\/media?parent=74424"}],"wp:term":[{"taxonomy":"category","embeddable":true,"href":"https:\/\/vosgesinfo.fr\/remiremontinfo\/wp-json\/wp\/v2\/categories?post=74424"},{"taxonomy":"post_tag","embeddable":true,"href":"https:\/\/vosgesinfo.fr\/remiremontinfo\/wp-json\/wp\/v2\/tags?post=74424"}],"curies":[{"name":"wp","href":"https:\/\/api.w.org\/{rel}","templated":true}]}}