{"id":74428,"date":"2024-10-16T09:49:14","date_gmt":"2024-10-16T07:49:14","guid":{"rendered":"https:\/\/vosgesinfo.fr\/remiremontinfo\/?p=74428"},"modified":"2024-10-16T09:49:14","modified_gmt":"2024-10-16T07:49:14","slug":"jean-jacques-annaud-a-luxeuil-les-bains-et-remiremont-pour-la-7eme-edition-du-festival-clap","status":"publish","type":"post","link":"https:\/\/vosgesinfo.fr\/remiremontinfo\/2024\/10\/jean-jacques-annaud-a-luxeuil-les-bains-et-remiremont-pour-la-7eme-edition-du-festival-clap\/","title":{"rendered":"Jean-Jacques ANNAUD \u00e0 Luxeuil-les-Bains et Remiremont pour la 7\u00e8me \u00e9dition du Festival CLAP!"},"content":{"rendered":"<div><a href=\"https:\/\/vosgesinfo.fr\/app\/uploads\/sites\/5\/2024\/10\/jean-jacques-annaud.jpg\"><img decoding=\"async\" class=\"aligncenter size-full wp-image-74429\" src=\"https:\/\/vosgesinfo.fr\/app\/uploads\/sites\/5\/2024\/10\/jean-jacques-annaud.jpg\" alt=\"\" width=\"1479\" height=\"898\" srcset=\"https:\/\/vosgesinfo.fr\/app\/uploads\/sites\/5\/2024\/10\/jean-jacques-annaud.jpg 1479w, https:\/\/vosgesinfo.fr\/app\/uploads\/sites\/5\/2024\/10\/jean-jacques-annaud-300x182.jpg 300w, https:\/\/vosgesinfo.fr\/app\/uploads\/sites\/5\/2024\/10\/jean-jacques-annaud-1024x622.jpg 1024w, https:\/\/vosgesinfo.fr\/app\/uploads\/sites\/5\/2024\/10\/jean-jacques-annaud-768x466.jpg 768w\" sizes=\"(max-width: 1479px) 100vw, 1479px\" \/><\/a><\/div>\n<div><\/div>\n<div>\n<div class=\"page\" title=\"Page 1\">\n<div class=\"layoutArea\">\n<div class=\"column\">\n<div class=\"page\" title=\"Page 1\">\n<div class=\"layoutArea\">\n<div class=\"column\">\n<div class=\"page\" title=\"Page 1\">\n<div class=\"layoutArea\">\n<div class=\"column\">\n<div class=\"page\" title=\"Page 1\">\n<div class=\"layoutArea\">\n<div class=\"column\">\n<div class=\"page\" title=\"Page 1\">\n<div class=\"layoutArea\">\n<div class=\"column\">\n<div class=\"page\" title=\"Page 1\">\n<div class=\"layoutArea\">\n<div class=\"column\">\n<div><strong>Jean-Jacques ANNAUD \u00e0 Luxeuil-les-Bains et Remiremont pour la 7\u00e8me \u00e9dition du Festival CLAP!<\/strong><\/div>\n<div><\/div>\n<div>Les b\u00e9n\u00e9voles de PASSION CINEMA sont EXTREMEMENT fiers de vous annoncer qu&rsquo;ils recevront le l\u00e9gendaire r\u00e9alisateur &#8211; laur\u00e9at d&rsquo;un OSCAR et de 4 CESAR &#8211; du 22 au 24 novembre pour 6 s\u00e9ances exceptionnelles.<\/div>\n<div><\/div>\n<div>Un \u00e9v\u00e9nement qui fera date, une cin\u00e9-rencontre sous le signe de l&rsquo;Histoire, tant ses films, de l&rsquo;OURS, \u00e0 L&rsquo;AMANT en passant par LE NOM DE LA ROSE ou 7 ANS AU TIBET ont fait l&rsquo;histoire du cin\u00e9ma de ces 40 derni\u00e8res ann\u00e9es.<\/div>\n<div><\/div>\n<div>Un week-end \u00e0 ne pas manquer , riche en \u00e9motions , anecdotes, moments de convivialit\u00e9.<\/div>\n<div><\/div>\n<div>Jean-Jacques ANNAUD sera pr\u00e9sent lors des 6 s\u00e9ances de ses films cultes pr\u00e9vues dans les cin\u00e9mas de Luxeuil-les-Bains et Remiremont ;<\/div>\n<div>Les temps forts \u00e0 ne pas manquer se succ\u00e9deront tout au long du week-end : Masterclass \u00e0 la m\u00e9diath\u00e8que de Remiremont, verres de l&rsquo;amiti\u00e9 en sa compagnie, c\u00e9r\u00e9monie d&rsquo;ouverture&#8230;<\/div>\n<div>Retrouvez bient\u00f4t le programme complet sur Facebook et sur <a href=\"http:\/\/www.plombierescinema.fr\/\" target=\"_blank\" rel=\"noopener noreferrer\">www.plombierescinema.fr<\/a><\/div>\n<div><\/div>\n<div>Rendez vous les 22, 23 et 24 novembre prochains !<\/div>\n<div><\/div>\n<\/div>\n<\/div>\n<\/div>\n<\/div>\n<\/div>\n<\/div>\n<\/div>\n<\/div>\n<\/div>\n<\/div>\n<\/div>\n<\/div>\n<\/div>\n<\/div>\n<\/div>\n<\/div>\n<\/div>\n<\/div>\n<\/div>\n<div><\/div>\n<div><a href=\"https:\/\/vosgesinfo.fr\/app\/uploads\/sites\/5\/2024\/10\/visuel-presse-clap-7-jja-page-0001.jpg\"><img decoding=\"async\" class=\"aligncenter size-full wp-image-74430\" src=\"https:\/\/vosgesinfo.fr\/app\/uploads\/sites\/5\/2024\/10\/visuel-presse-clap-7-jja-page-0001.jpg\" alt=\"\" width=\"1241\" height=\"1754\" srcset=\"https:\/\/vosgesinfo.fr\/app\/uploads\/sites\/5\/2024\/10\/visuel-presse-clap-7-jja-page-0001.jpg 1241w, https:\/\/vosgesinfo.fr\/app\/uploads\/sites\/5\/2024\/10\/visuel-presse-clap-7-jja-page-0001-212x300.jpg 212w, https:\/\/vosgesinfo.fr\/app\/uploads\/sites\/5\/2024\/10\/visuel-presse-clap-7-jja-page-0001-725x1024.jpg 725w, https:\/\/vosgesinfo.fr\/app\/uploads\/sites\/5\/2024\/10\/visuel-presse-clap-7-jja-page-0001-768x1085.jpg 768w, https:\/\/vosgesinfo.fr\/app\/uploads\/sites\/5\/2024\/10\/visuel-presse-clap-7-jja-page-0001-1087x1536.jpg 1087w\" sizes=\"(max-width: 1241px) 100vw, 1241px\" \/><\/a><\/div>\n","protected":false},"excerpt":{"rendered":"<p>Jean-Jacques ANNAUD \u00e0 Luxeuil-les-Bains et Remiremont pour la 7\u00e8me \u00e9dition du Festival CLAP! Les b\u00e9n\u00e9voles de PASSION CINEMA sont EXTREMEMENT [&hellip;]<\/p>\n","protected":false},"author":391,"featured_media":74429,"comment_status":"open","ping_status":"open","sticky":false,"template":"","format":"standard","meta":{"footnotes":""},"categories":[26,594,108,1547,845,43,362],"tags":[852,6265,44],"class_list":["post-74428","post","type-post","status-publish","format-standard","has-post-thumbnail","hentry","category-a-la-une","category-agenda","category-epinal","category-gerardmer-2","category-la-plaine-des-vosges","category-remiremont-remiremont-son-canton","category-saint-die","tag-festival-clap","tag-jean-jacques-annaud","tag-remiremont"],"acf":[],"yoast_head":"<!-- This site is optimized with the Yoast SEO plugin v22.5 - https:\/\/yoast.com\/wordpress\/plugins\/seo\/ -->\n<title>Jean-Jacques ANNAUD \u00e0 Luxeuil-les-Bains et Remiremont pour la 7\u00e8me \u00e9dition du Festival CLAP! - Remiremont Info<\/title>\n<meta name=\"robots\" content=\"index, follow, max-snippet:-1, max-image-preview:large, max-video-preview:-1\" \/>\n<link rel=\"canonical\" href=\"https:\/\/vosgesinfo.fr\/remiremontinfo\/?p=74428\" \/>\n<meta name=\"twitter:card\" content=\"summary_large_image\" \/>\n<meta name=\"twitter:title\" content=\"Jean-Jacques ANNAUD \u00e0 Luxeuil-les-Bains et Remiremont pour la 7\u00e8me \u00e9dition du Festival CLAP! - Remiremont Info\" \/>\n<meta name=\"twitter:description\" content=\"Jean-Jacques ANNAUD \u00e0 Luxeuil-les-Bains et Remiremont pour la 7\u00e8me \u00e9dition du Festival CLAP! Les b\u00e9n\u00e9voles de PASSION CINEMA sont EXTREMEMENT [&hellip;]\" \/>\n<meta name=\"twitter:image\" content=\"https:\/\/vosgesinfo.fr\/app\/uploads\/sites\/5\/2024\/10\/jean-jacques-annaud.jpg\" \/>\n<meta name=\"twitter:creator\" content=\"@VosgesInfo88\" \/>\n<meta name=\"twitter:site\" content=\"@VosgesInfo88\" \/>\n<meta name=\"twitter:label1\" content=\"\u00c9crit par\" \/>\n\t<meta name=\"twitter:data1\" content=\"La redaction\" \/>\n\t<meta name=\"twitter:label2\" content=\"Dur\u00e9e de lecture estim\u00e9e\" \/>\n\t<meta name=\"twitter:data2\" content=\"2 minutes\" \/>\n<script type=\"application\/ld+json\" class=\"yoast-schema-graph\">{\"@context\":\"https:\/\/schema.org\",\"@graph\":[{\"@type\":\"Article\",\"@id\":\"https:\/\/vosgesinfo.fr\/remiremontinfo\/?p=74428#article\",\"isPartOf\":{\"@id\":\"https:\/\/vosgesinfo.fr\/remiremontinfo\/?p=74428\"},\"author\":{\"name\":\"La redaction\",\"@id\":\"https:\/\/vosgesinfo.fr\/remiremontinfo\/#\/schema\/person\/27a3695b06db98895b354c0765cdfc31\"},\"headline\":\"Jean-Jacques ANNAUD \u00e0 Luxeuil-les-Bains et Remiremont pour la 7\u00e8me \u00e9dition du Festival CLAP!\",\"datePublished\":\"2024-10-16T07:49:14+00:00\",\"dateModified\":\"2024-10-16T07:49:14+00:00\",\"mainEntityOfPage\":{\"@id\":\"https:\/\/vosgesinfo.fr\/remiremontinfo\/?p=74428\"},\"wordCount\":197,\"commentCount\":0,\"publisher\":{\"@id\":\"https:\/\/vosgesinfo.fr\/remiremontinfo\/#organization\"},\"image\":{\"@id\":\"https:\/\/vosgesinfo.fr\/remiremontinfo\/?p=74428#primaryimage\"},\"thumbnailUrl\":\"https:\/\/vosgesinfo.fr\/app\/uploads\/sites\/5\/2024\/10\/jean-jacques-annaud.jpg\",\"keywords\":[\"festival Clap\",\"Jean-Jacques Annaud\",\"remiremont\"],\"articleSection\":[\"A la Une\",\"Agenda\",\"Epinal\",\"Gerardmer\",\"La plaine des vosges\",\"Remiremont\",\"Saint-di\u00e9\"],\"inLanguage\":\"fr-FR\",\"potentialAction\":[{\"@type\":\"CommentAction\",\"name\":\"Comment\",\"target\":[\"https:\/\/vosgesinfo.fr\/remiremontinfo\/?p=74428#respond\"]}]},{\"@type\":\"WebPage\",\"@id\":\"https:\/\/vosgesinfo.fr\/remiremontinfo\/?p=74428\",\"url\":\"https:\/\/vosgesinfo.fr\/remiremontinfo\/?p=74428\",\"name\":\"Jean-Jacques ANNAUD \u00e0 Luxeuil-les-Bains et Remiremont pour la 7\u00e8me \u00e9dition du Festival CLAP! - Remiremont Info\",\"isPartOf\":{\"@id\":\"https:\/\/vosgesinfo.fr\/remiremontinfo\/#website\"},\"primaryImageOfPage\":{\"@id\":\"https:\/\/vosgesinfo.fr\/remiremontinfo\/?p=74428#primaryimage\"},\"image\":{\"@id\":\"https:\/\/vosgesinfo.fr\/remiremontinfo\/?p=74428#primaryimage\"},\"thumbnailUrl\":\"https:\/\/vosgesinfo.fr\/app\/uploads\/sites\/5\/2024\/10\/jean-jacques-annaud.jpg\",\"datePublished\":\"2024-10-16T07:49:14+00:00\",\"dateModified\":\"2024-10-16T07:49:14+00:00\",\"breadcrumb\":{\"@id\":\"https:\/\/vosgesinfo.fr\/remiremontinfo\/?p=74428#breadcrumb\"},\"inLanguage\":\"fr-FR\",\"potentialAction\":[{\"@type\":\"ReadAction\",\"target\":[\"https:\/\/vosgesinfo.fr\/remiremontinfo\/?p=74428\"]}]},{\"@type\":\"ImageObject\",\"inLanguage\":\"fr-FR\",\"@id\":\"https:\/\/vosgesinfo.fr\/remiremontinfo\/?p=74428#primaryimage\",\"url\":\"https:\/\/vosgesinfo.fr\/app\/uploads\/sites\/5\/2024\/10\/jean-jacques-annaud.jpg\",\"contentUrl\":\"https:\/\/vosgesinfo.fr\/app\/uploads\/sites\/5\/2024\/10\/jean-jacques-annaud.jpg\",\"width\":1479,\"height\":898},{\"@type\":\"BreadcrumbList\",\"@id\":\"https:\/\/vosgesinfo.fr\/remiremontinfo\/?p=74428#breadcrumb\",\"itemListElement\":[{\"@type\":\"ListItem\",\"position\":1,\"name\":\"Home\",\"item\":\"https:\/\/vosgesinfo.fr\/remiremontinfo\/\"},{\"@type\":\"ListItem\",\"position\":2,\"name\":\"Jean-Jacques ANNAUD \u00e0 Luxeuil-les-Bains et Remiremont pour la 7\u00e8me \u00e9dition du Festival CLAP!\"}]},{\"@type\":\"WebSite\",\"@id\":\"https:\/\/vosgesinfo.fr\/remiremontinfo\/#website\",\"url\":\"https:\/\/vosgesinfo.fr\/remiremontinfo\/\",\"name\":\"Remiremont Info\",\"description\":\"Toute l&#039;actualit\u00e9 de Remiremont\",\"publisher\":{\"@id\":\"https:\/\/vosgesinfo.fr\/remiremontinfo\/#organization\"},\"alternateName\":\"Toute l'actualit\u00e9 de Remiremont\",\"potentialAction\":[{\"@type\":\"SearchAction\",\"target\":{\"@type\":\"EntryPoint\",\"urlTemplate\":\"https:\/\/vosgesinfo.fr\/remiremontinfo\/?s={search_term_string}\"},\"query-input\":\"required name=search_term_string\"}],\"inLanguage\":\"fr-FR\"},{\"@type\":\"Organization\",\"@id\":\"https:\/\/vosgesinfo.fr\/remiremontinfo\/#organization\",\"name\":\"Remiremont Info\",\"url\":\"https:\/\/vosgesinfo.fr\/remiremontinfo\/\",\"logo\":{\"@type\":\"ImageObject\",\"inLanguage\":\"fr-FR\",\"@id\":\"https:\/\/vosgesinfo.fr\/remiremontinfo\/#\/schema\/logo\/image\/\",\"url\":\"https:\/\/vosgesinfo.fr\/app\/uploads\/sites\/5\/2023\/08\/favicon-remiremontinfo.png\",\"contentUrl\":\"https:\/\/vosgesinfo.fr\/app\/uploads\/sites\/5\/2023\/08\/favicon-remiremontinfo.png\",\"width\":512,\"height\":512,\"caption\":\"Remiremont Info\"},\"image\":{\"@id\":\"https:\/\/vosgesinfo.fr\/remiremontinfo\/#\/schema\/logo\/image\/\"},\"sameAs\":[\"https:\/\/www.facebook.com\/remiremontinfo\",\"https:\/\/x.com\/VosgesInfo88\",\"https:\/\/www.youtube.com\/@vosgesinfo\"]},{\"@type\":\"Person\",\"@id\":\"https:\/\/vosgesinfo.fr\/remiremontinfo\/#\/schema\/person\/27a3695b06db98895b354c0765cdfc31\",\"name\":\"La redaction\",\"image\":{\"@type\":\"ImageObject\",\"inLanguage\":\"fr-FR\",\"@id\":\"https:\/\/vosgesinfo.fr\/remiremontinfo\/#\/schema\/person\/image\/\",\"url\":\"https:\/\/secure.gravatar.com\/avatar\/64c76a78e501cedee55736f43f332df901e1896ae9cd8fad269ae2236dd0e8b6?s=96&d=mm&r=g\",\"contentUrl\":\"https:\/\/secure.gravatar.com\/avatar\/64c76a78e501cedee55736f43f332df901e1896ae9cd8fad269ae2236dd0e8b6?s=96&d=mm&r=g\",\"caption\":\"La redaction\"},\"url\":\"https:\/\/vosgesinfo.fr\/remiremontinfo\/author\/la-redaction\/\"}]}<\/script>\n<!-- \/ Yoast SEO plugin. -->","yoast_head_json":{"title":"Jean-Jacques ANNAUD \u00e0 Luxeuil-les-Bains et Remiremont pour la 7\u00e8me \u00e9dition du Festival CLAP! - Remiremont Info","robots":{"index":"index","follow":"follow","max-snippet":"max-snippet:-1","max-image-preview":"max-image-preview:large","max-video-preview":"max-video-preview:-1"},"canonical":"https:\/\/vosgesinfo.fr\/remiremontinfo\/?p=74428","twitter_card":"summary_large_image","twitter_title":"Jean-Jacques ANNAUD \u00e0 Luxeuil-les-Bains et Remiremont pour la 7\u00e8me \u00e9dition du Festival CLAP! - Remiremont Info","twitter_description":"Jean-Jacques ANNAUD \u00e0 Luxeuil-les-Bains et Remiremont pour la 7\u00e8me \u00e9dition du Festival CLAP! Les b\u00e9n\u00e9voles de PASSION CINEMA sont EXTREMEMENT [&hellip;]","twitter_image":"https:\/\/vosgesinfo.fr\/app\/uploads\/sites\/5\/2024\/10\/jean-jacques-annaud.jpg","twitter_creator":"@VosgesInfo88","twitter_site":"@VosgesInfo88","twitter_misc":{"\u00c9crit par":"La redaction","Dur\u00e9e de lecture estim\u00e9e":"2 minutes"},"schema":{"@context":"https:\/\/schema.org","@graph":[{"@type":"Article","@id":"https:\/\/vosgesinfo.fr\/remiremontinfo\/?p=74428#article","isPartOf":{"@id":"https:\/\/vosgesinfo.fr\/remiremontinfo\/?p=74428"},"author":{"name":"La redaction","@id":"https:\/\/vosgesinfo.fr\/remiremontinfo\/#\/schema\/person\/27a3695b06db98895b354c0765cdfc31"},"headline":"Jean-Jacques ANNAUD \u00e0 Luxeuil-les-Bains et Remiremont pour la 7\u00e8me \u00e9dition du Festival CLAP!","datePublished":"2024-10-16T07:49:14+00:00","dateModified":"2024-10-16T07:49:14+00:00","mainEntityOfPage":{"@id":"https:\/\/vosgesinfo.fr\/remiremontinfo\/?p=74428"},"wordCount":197,"commentCount":0,"publisher":{"@id":"https:\/\/vosgesinfo.fr\/remiremontinfo\/#organization"},"image":{"@id":"https:\/\/vosgesinfo.fr\/remiremontinfo\/?p=74428#primaryimage"},"thumbnailUrl":"https:\/\/vosgesinfo.fr\/app\/uploads\/sites\/5\/2024\/10\/jean-jacques-annaud.jpg","keywords":["festival Clap","Jean-Jacques Annaud","remiremont"],"articleSection":["A la Une","Agenda","Epinal","Gerardmer","La plaine des vosges","Remiremont","Saint-di\u00e9"],"inLanguage":"fr-FR","potentialAction":[{"@type":"CommentAction","name":"Comment","target":["https:\/\/vosgesinfo.fr\/remiremontinfo\/?p=74428#respond"]}]},{"@type":"WebPage","@id":"https:\/\/vosgesinfo.fr\/remiremontinfo\/?p=74428","url":"https:\/\/vosgesinfo.fr\/remiremontinfo\/?p=74428","name":"Jean-Jacques ANNAUD \u00e0 Luxeuil-les-Bains et Remiremont pour la 7\u00e8me \u00e9dition du Festival CLAP! - Remiremont Info","isPartOf":{"@id":"https:\/\/vosgesinfo.fr\/remiremontinfo\/#website"},"primaryImageOfPage":{"@id":"https:\/\/vosgesinfo.fr\/remiremontinfo\/?p=74428#primaryimage"},"image":{"@id":"https:\/\/vosgesinfo.fr\/remiremontinfo\/?p=74428#primaryimage"},"thumbnailUrl":"https:\/\/vosgesinfo.fr\/app\/uploads\/sites\/5\/2024\/10\/jean-jacques-annaud.jpg","datePublished":"2024-10-16T07:49:14+00:00","dateModified":"2024-10-16T07:49:14+00:00","breadcrumb":{"@id":"https:\/\/vosgesinfo.fr\/remiremontinfo\/?p=74428#breadcrumb"},"inLanguage":"fr-FR","potentialAction":[{"@type":"ReadAction","target":["https:\/\/vosgesinfo.fr\/remiremontinfo\/?p=74428"]}]},{"@type":"ImageObject","inLanguage":"fr-FR","@id":"https:\/\/vosgesinfo.fr\/remiremontinfo\/?p=74428#primaryimage","url":"https:\/\/vosgesinfo.fr\/app\/uploads\/sites\/5\/2024\/10\/jean-jacques-annaud.jpg","contentUrl":"https:\/\/vosgesinfo.fr\/app\/uploads\/sites\/5\/2024\/10\/jean-jacques-annaud.jpg","width":1479,"height":898},{"@type":"BreadcrumbList","@id":"https:\/\/vosgesinfo.fr\/remiremontinfo\/?p=74428#breadcrumb","itemListElement":[{"@type":"ListItem","position":1,"name":"Home","item":"https:\/\/vosgesinfo.fr\/remiremontinfo\/"},{"@type":"ListItem","position":2,"name":"Jean-Jacques ANNAUD \u00e0 Luxeuil-les-Bains et Remiremont pour la 7\u00e8me \u00e9dition du Festival CLAP!"}]},{"@type":"WebSite","@id":"https:\/\/vosgesinfo.fr\/remiremontinfo\/#website","url":"https:\/\/vosgesinfo.fr\/remiremontinfo\/","name":"Remiremont Info","description":"Toute l&#039;actualit\u00e9 de Remiremont","publisher":{"@id":"https:\/\/vosgesinfo.fr\/remiremontinfo\/#organization"},"alternateName":"Toute l'actualit\u00e9 de Remiremont","potentialAction":[{"@type":"SearchAction","target":{"@type":"EntryPoint","urlTemplate":"https:\/\/vosgesinfo.fr\/remiremontinfo\/?s={search_term_string}"},"query-input":"required name=search_term_string"}],"inLanguage":"fr-FR"},{"@type":"Organization","@id":"https:\/\/vosgesinfo.fr\/remiremontinfo\/#organization","name":"Remiremont Info","url":"https:\/\/vosgesinfo.fr\/remiremontinfo\/","logo":{"@type":"ImageObject","inLanguage":"fr-FR","@id":"https:\/\/vosgesinfo.fr\/remiremontinfo\/#\/schema\/logo\/image\/","url":"https:\/\/vosgesinfo.fr\/app\/uploads\/sites\/5\/2023\/08\/favicon-remiremontinfo.png","contentUrl":"https:\/\/vosgesinfo.fr\/app\/uploads\/sites\/5\/2023\/08\/favicon-remiremontinfo.png","width":512,"height":512,"caption":"Remiremont Info"},"image":{"@id":"https:\/\/vosgesinfo.fr\/remiremontinfo\/#\/schema\/logo\/image\/"},"sameAs":["https:\/\/www.facebook.com\/remiremontinfo","https:\/\/x.com\/VosgesInfo88","https:\/\/www.youtube.com\/@vosgesinfo"]},{"@type":"Person","@id":"https:\/\/vosgesinfo.fr\/remiremontinfo\/#\/schema\/person\/27a3695b06db98895b354c0765cdfc31","name":"La redaction","image":{"@type":"ImageObject","inLanguage":"fr-FR","@id":"https:\/\/vosgesinfo.fr\/remiremontinfo\/#\/schema\/person\/image\/","url":"https:\/\/secure.gravatar.com\/avatar\/64c76a78e501cedee55736f43f332df901e1896ae9cd8fad269ae2236dd0e8b6?s=96&d=mm&r=g","contentUrl":"https:\/\/secure.gravatar.com\/avatar\/64c76a78e501cedee55736f43f332df901e1896ae9cd8fad269ae2236dd0e8b6?s=96&d=mm&r=g","caption":"La redaction"},"url":"https:\/\/vosgesinfo.fr\/remiremontinfo\/author\/la-redaction\/"}]}},"_links":{"self":[{"href":"https:\/\/vosgesinfo.fr\/remiremontinfo\/wp-json\/wp\/v2\/posts\/74428","targetHints":{"allow":["GET"]}}],"collection":[{"href":"https:\/\/vosgesinfo.fr\/remiremontinfo\/wp-json\/wp\/v2\/posts"}],"about":[{"href":"https:\/\/vosgesinfo.fr\/remiremontinfo\/wp-json\/wp\/v2\/types\/post"}],"author":[{"embeddable":true,"href":"https:\/\/vosgesinfo.fr\/remiremontinfo\/wp-json\/wp\/v2\/users\/391"}],"replies":[{"embeddable":true,"href":"https:\/\/vosgesinfo.fr\/remiremontinfo\/wp-json\/wp\/v2\/comments?post=74428"}],"version-history":[{"count":3,"href":"https:\/\/vosgesinfo.fr\/remiremontinfo\/wp-json\/wp\/v2\/posts\/74428\/revisions"}],"predecessor-version":[{"id":74433,"href":"https:\/\/vosgesinfo.fr\/remiremontinfo\/wp-json\/wp\/v2\/posts\/74428\/revisions\/74433"}],"wp:featuredmedia":[{"embeddable":true,"href":"https:\/\/vosgesinfo.fr\/remiremontinfo\/wp-json\/wp\/v2\/media\/74429"}],"wp:attachment":[{"href":"https:\/\/vosgesinfo.fr\/remiremontinfo\/wp-json\/wp\/v2\/media?parent=74428"}],"wp:term":[{"taxonomy":"category","embeddable":true,"href":"https:\/\/vosgesinfo.fr\/remiremontinfo\/wp-json\/wp\/v2\/categories?post=74428"},{"taxonomy":"post_tag","embeddable":true,"href":"https:\/\/vosgesinfo.fr\/remiremontinfo\/wp-json\/wp\/v2\/tags?post=74428"}],"curies":[{"name":"wp","href":"https:\/\/api.w.org\/{rel}","templated":true}]}}