{"id":74465,"date":"2024-10-17T08:50:49","date_gmt":"2024-10-17T06:50:49","guid":{"rendered":"https:\/\/vosgesinfo.fr\/remiremontinfo\/?p=74465"},"modified":"2024-10-17T08:50:49","modified_gmt":"2024-10-17T06:50:49","slug":"les-resultats-du-15e-cyclo-cross-a-saulxures-sur-moselotte","status":"publish","type":"post","link":"https:\/\/vosgesinfo.fr\/remiremontinfo\/2024\/10\/les-resultats-du-15e-cyclo-cross-a-saulxures-sur-moselotte\/","title":{"rendered":"Les r\u00e9sultats du 15e Cyclo-Cross \u00e0 Saulxures-sur-Moselotte"},"content":{"rendered":"<p><strong>Ce dimanche 13 octobre, l&rsquo;UCR organisait son 15e cyclo-cross de la base de loisirs de Saulxures-sur-Moselotte, retrouvez les classements de la journ\u00e9e ci-dessous :\u00a0<\/strong><\/p>\n<p><strong><img decoding=\"async\" class=\"aligncenter size-full wp-image-74471\" src=\"https:\/\/vosgesinfo.fr\/app\/uploads\/sites\/5\/2024\/10\/capture-decran-2024-10-17-a-08.41.37.png\" alt=\"\" width=\"2086\" height=\"1446\" srcset=\"https:\/\/vosgesinfo.fr\/app\/uploads\/sites\/5\/2024\/10\/capture-decran-2024-10-17-a-08.41.37.png 2086w, https:\/\/vosgesinfo.fr\/app\/uploads\/sites\/5\/2024\/10\/capture-decran-2024-10-17-a-08.41.37-300x208.png 300w, https:\/\/vosgesinfo.fr\/app\/uploads\/sites\/5\/2024\/10\/capture-decran-2024-10-17-a-08.41.37-1024x710.png 1024w, https:\/\/vosgesinfo.fr\/app\/uploads\/sites\/5\/2024\/10\/capture-decran-2024-10-17-a-08.41.37-768x532.png 768w, https:\/\/vosgesinfo.fr\/app\/uploads\/sites\/5\/2024\/10\/capture-decran-2024-10-17-a-08.41.37-1536x1065.png 1536w, https:\/\/vosgesinfo.fr\/app\/uploads\/sites\/5\/2024\/10\/capture-decran-2024-10-17-a-08.41.37-2048x1420.png 2048w\" sizes=\"(max-width: 2086px) 100vw, 2086px\" \/><br \/>\n<\/strong><\/p>\n<ol>\n<li><a href=\"https:\/\/vosgesinfo.fr\/app\/uploads\/sites\/5\/2024\/10\/capture-decran-2024-10-17-a-08.41.01.png\"><img decoding=\"async\" class=\"aligncenter size-full wp-image-74474\" src=\"https:\/\/vosgesinfo.fr\/app\/uploads\/sites\/5\/2024\/10\/capture-decran-2024-10-17-a-08.41.01.png\" alt=\"\" width=\"2086\" height=\"854\" srcset=\"https:\/\/vosgesinfo.fr\/app\/uploads\/sites\/5\/2024\/10\/capture-decran-2024-10-17-a-08.41.01.png 2086w, https:\/\/vosgesinfo.fr\/app\/uploads\/sites\/5\/2024\/10\/capture-decran-2024-10-17-a-08.41.01-300x123.png 300w, https:\/\/vosgesinfo.fr\/app\/uploads\/sites\/5\/2024\/10\/capture-decran-2024-10-17-a-08.41.01-1024x419.png 1024w, https:\/\/vosgesinfo.fr\/app\/uploads\/sites\/5\/2024\/10\/capture-decran-2024-10-17-a-08.41.01-768x314.png 768w, https:\/\/vosgesinfo.fr\/app\/uploads\/sites\/5\/2024\/10\/capture-decran-2024-10-17-a-08.41.01-1536x629.png 1536w, https:\/\/vosgesinfo.fr\/app\/uploads\/sites\/5\/2024\/10\/capture-decran-2024-10-17-a-08.41.01-2048x838.png 2048w\" sizes=\"(max-width: 2086px) 100vw, 2086px\" \/><\/a><\/li>\n<li><a href=\"https:\/\/vosgesinfo.fr\/app\/uploads\/sites\/5\/2024\/10\/capture-decran-2024-10-17-a-08.40.44.png\"><img decoding=\"async\" class=\"aligncenter size-full wp-image-74475\" src=\"https:\/\/vosgesinfo.fr\/app\/uploads\/sites\/5\/2024\/10\/capture-decran-2024-10-17-a-08.40.44.png\" alt=\"\" width=\"2086\" height=\"854\" srcset=\"https:\/\/vosgesinfo.fr\/app\/uploads\/sites\/5\/2024\/10\/capture-decran-2024-10-17-a-08.40.44.png 2086w, https:\/\/vosgesinfo.fr\/app\/uploads\/sites\/5\/2024\/10\/capture-decran-2024-10-17-a-08.40.44-300x123.png 300w, https:\/\/vosgesinfo.fr\/app\/uploads\/sites\/5\/2024\/10\/capture-decran-2024-10-17-a-08.40.44-1024x419.png 1024w, https:\/\/vosgesinfo.fr\/app\/uploads\/sites\/5\/2024\/10\/capture-decran-2024-10-17-a-08.40.44-768x314.png 768w, https:\/\/vosgesinfo.fr\/app\/uploads\/sites\/5\/2024\/10\/capture-decran-2024-10-17-a-08.40.44-1536x629.png 1536w, https:\/\/vosgesinfo.fr\/app\/uploads\/sites\/5\/2024\/10\/capture-decran-2024-10-17-a-08.40.44-2048x838.png 2048w\" sizes=\"(max-width: 2086px) 100vw, 2086px\" \/><\/a><\/li>\n<\/ol>\n<ol>\n<li>\n\t\t<style type=\"text\/css\">\n\t\t\t#gallery-1 {\n\t\t\t\tmargin: auto;\n\t\t\t}\n\t\t\t#gallery-1 .gallery-item {\n\t\t\t\tfloat: left;\n\t\t\t\tmargin-top: 10px;\n\t\t\t\ttext-align: center;\n\t\t\t\twidth: 33%;\n\t\t\t}\n\t\t\t#gallery-1 img {\n\t\t\t\tborder: 2px solid #cfcfcf;\n\t\t\t}\n\t\t\t#gallery-1 .gallery-caption {\n\t\t\t\tmargin-left: 0;\n\t\t\t}\n\t\t\t\/* see gallery_shortcode() in wp-includes\/media.php *\/\n\t\t<\/style>\n\t\t<div id='gallery-1' class='gallery galleryid-74465 gallery-columns-3 gallery-size-full'><dl class='gallery-item'>\n\t\t\t<dt class='gallery-icon landscape'>\n\t\t\t\t<a href='https:\/\/vosgesinfo.fr\/remiremontinfo\/2024\/10\/les-resultats-du-15e-cyclo-cross-a-saulxures-sur-moselotte\/cyclo-cross-saulxures001\/'><img decoding=\"async\" width=\"640\" height=\"480\" src=\"https:\/\/vosgesinfo.fr\/app\/uploads\/sites\/5\/2024\/10\/cyclo-cross-saulxures001.jpeg\" class=\"attachment-full size-full\" alt=\"\" srcset=\"https:\/\/vosgesinfo.fr\/app\/uploads\/sites\/5\/2024\/10\/cyclo-cross-saulxures001.jpeg 640w, https:\/\/vosgesinfo.fr\/app\/uploads\/sites\/5\/2024\/10\/cyclo-cross-saulxures001-300x225.jpeg 300w\" sizes=\"(max-width: 640px) 100vw, 640px\" \/><\/a>\n\t\t\t<\/dt><\/dl><dl class='gallery-item'>\n\t\t\t<dt class='gallery-icon landscape'>\n\t\t\t\t<a href='https:\/\/vosgesinfo.fr\/remiremontinfo\/2024\/10\/les-resultats-du-15e-cyclo-cross-a-saulxures-sur-moselotte\/cyclo-cross-saulxures003\/'><img decoding=\"async\" width=\"640\" height=\"480\" src=\"https:\/\/vosgesinfo.fr\/app\/uploads\/sites\/5\/2024\/10\/cyclo-cross-saulxures003.jpeg\" class=\"attachment-full size-full\" alt=\"\" srcset=\"https:\/\/vosgesinfo.fr\/app\/uploads\/sites\/5\/2024\/10\/cyclo-cross-saulxures003.jpeg 640w, https:\/\/vosgesinfo.fr\/app\/uploads\/sites\/5\/2024\/10\/cyclo-cross-saulxures003-300x225.jpeg 300w\" sizes=\"(max-width: 640px) 100vw, 640px\" \/><\/a>\n\t\t\t<\/dt><\/dl><dl class='gallery-item'>\n\t\t\t<dt class='gallery-icon landscape'>\n\t\t\t\t<a href='https:\/\/vosgesinfo.fr\/remiremontinfo\/2024\/10\/les-resultats-du-15e-cyclo-cross-a-saulxures-sur-moselotte\/cyclo-cross-saulxures004\/'><img decoding=\"async\" width=\"640\" height=\"480\" src=\"https:\/\/vosgesinfo.fr\/app\/uploads\/sites\/5\/2024\/10\/cyclo-cross-saulxures004.jpeg\" class=\"attachment-full size-full\" alt=\"\" srcset=\"https:\/\/vosgesinfo.fr\/app\/uploads\/sites\/5\/2024\/10\/cyclo-cross-saulxures004.jpeg 640w, https:\/\/vosgesinfo.fr\/app\/uploads\/sites\/5\/2024\/10\/cyclo-cross-saulxures004-300x225.jpeg 300w\" sizes=\"(max-width: 640px) 100vw, 640px\" \/><\/a>\n\t\t\t<\/dt><\/dl><br style=\"clear: both\" \/>\n\t\t<\/div>\n<\/li>\n<li><a href=\"https:\/\/vosgesinfo.fr\/app\/uploads\/sites\/5\/2024\/10\/capture-decran-2024-10-17-a-08.41.15.png\"><img decoding=\"async\" class=\"aligncenter size-full wp-image-74473\" src=\"https:\/\/vosgesinfo.fr\/app\/uploads\/sites\/5\/2024\/10\/capture-decran-2024-10-17-a-08.41.15.png\" alt=\"\" width=\"2086\" height=\"1118\" srcset=\"https:\/\/vosgesinfo.fr\/app\/uploads\/sites\/5\/2024\/10\/capture-decran-2024-10-17-a-08.41.15.png 2086w, https:\/\/vosgesinfo.fr\/app\/uploads\/sites\/5\/2024\/10\/capture-decran-2024-10-17-a-08.41.15-300x161.png 300w, https:\/\/vosgesinfo.fr\/app\/uploads\/sites\/5\/2024\/10\/capture-decran-2024-10-17-a-08.41.15-1024x549.png 1024w, https:\/\/vosgesinfo.fr\/app\/uploads\/sites\/5\/2024\/10\/capture-decran-2024-10-17-a-08.41.15-768x412.png 768w, https:\/\/vosgesinfo.fr\/app\/uploads\/sites\/5\/2024\/10\/capture-decran-2024-10-17-a-08.41.15-1536x823.png 1536w, https:\/\/vosgesinfo.fr\/app\/uploads\/sites\/5\/2024\/10\/capture-decran-2024-10-17-a-08.41.15-2048x1098.png 2048w\" sizes=\"(max-width: 2086px) 100vw, 2086px\" \/><\/a><a href=\"https:\/\/vosgesinfo.fr\/app\/uploads\/sites\/5\/2024\/10\/capture-decran-2024-10-17-a-08.41.25.png\"><img decoding=\"async\" class=\"aligncenter size-full wp-image-74472\" src=\"https:\/\/vosgesinfo.fr\/app\/uploads\/sites\/5\/2024\/10\/capture-decran-2024-10-17-a-08.41.25.png\" alt=\"\" width=\"2086\" height=\"1446\" srcset=\"https:\/\/vosgesinfo.fr\/app\/uploads\/sites\/5\/2024\/10\/capture-decran-2024-10-17-a-08.41.25.png 2086w, https:\/\/vosgesinfo.fr\/app\/uploads\/sites\/5\/2024\/10\/capture-decran-2024-10-17-a-08.41.25-300x208.png 300w, https:\/\/vosgesinfo.fr\/app\/uploads\/sites\/5\/2024\/10\/capture-decran-2024-10-17-a-08.41.25-1024x710.png 1024w, https:\/\/vosgesinfo.fr\/app\/uploads\/sites\/5\/2024\/10\/capture-decran-2024-10-17-a-08.41.25-768x532.png 768w, https:\/\/vosgesinfo.fr\/app\/uploads\/sites\/5\/2024\/10\/capture-decran-2024-10-17-a-08.41.25-1536x1065.png 1536w, https:\/\/vosgesinfo.fr\/app\/uploads\/sites\/5\/2024\/10\/capture-decran-2024-10-17-a-08.41.25-2048x1420.png 2048w\" sizes=\"(max-width: 2086px) 100vw, 2086px\" \/><\/a>\n\t\t<style type=\"text\/css\">\n\t\t\t#gallery-2 {\n\t\t\t\tmargin: auto;\n\t\t\t}\n\t\t\t#gallery-2 .gallery-item {\n\t\t\t\tfloat: left;\n\t\t\t\tmargin-top: 10px;\n\t\t\t\ttext-align: center;\n\t\t\t\twidth: 33%;\n\t\t\t}\n\t\t\t#gallery-2 img {\n\t\t\t\tborder: 2px solid #cfcfcf;\n\t\t\t}\n\t\t\t#gallery-2 .gallery-caption {\n\t\t\t\tmargin-left: 0;\n\t\t\t}\n\t\t\t\/* see gallery_shortcode() in wp-includes\/media.php *\/\n\t\t<\/style>\n\t\t<div id='gallery-2' class='gallery galleryid-74465 gallery-columns-3 gallery-size-full'><dl class='gallery-item'>\n\t\t\t<dt class='gallery-icon landscape'>\n\t\t\t\t<a href='https:\/\/vosgesinfo.fr\/remiremontinfo\/2024\/10\/les-resultats-du-15e-cyclo-cross-a-saulxures-sur-moselotte\/cyclo-cross-saulxures005\/'><img decoding=\"async\" width=\"640\" height=\"560\" src=\"https:\/\/vosgesinfo.fr\/app\/uploads\/sites\/5\/2024\/10\/cyclo-cross-saulxures005.jpeg\" class=\"attachment-full size-full\" alt=\"\" srcset=\"https:\/\/vosgesinfo.fr\/app\/uploads\/sites\/5\/2024\/10\/cyclo-cross-saulxures005.jpeg 640w, https:\/\/vosgesinfo.fr\/app\/uploads\/sites\/5\/2024\/10\/cyclo-cross-saulxures005-300x263.jpeg 300w\" sizes=\"(max-width: 640px) 100vw, 640px\" \/><\/a>\n\t\t\t<\/dt><\/dl><dl class='gallery-item'>\n\t\t\t<dt class='gallery-icon landscape'>\n\t\t\t\t<a href='https:\/\/vosgesinfo.fr\/remiremontinfo\/2024\/10\/les-resultats-du-15e-cyclo-cross-a-saulxures-sur-moselotte\/cyclo-cross-saulxures006\/'><img decoding=\"async\" width=\"640\" height=\"480\" src=\"https:\/\/vosgesinfo.fr\/app\/uploads\/sites\/5\/2024\/10\/cyclo-cross-saulxures006.jpeg\" class=\"attachment-full size-full\" alt=\"\" srcset=\"https:\/\/vosgesinfo.fr\/app\/uploads\/sites\/5\/2024\/10\/cyclo-cross-saulxures006.jpeg 640w, https:\/\/vosgesinfo.fr\/app\/uploads\/sites\/5\/2024\/10\/cyclo-cross-saulxures006-300x225.jpeg 300w\" sizes=\"(max-width: 640px) 100vw, 640px\" \/><\/a>\n\t\t\t<\/dt><\/dl><dl class='gallery-item'>\n\t\t\t<dt class='gallery-icon landscape'>\n\t\t\t\t<a href='https:\/\/vosgesinfo.fr\/remiremontinfo\/2024\/10\/les-resultats-du-15e-cyclo-cross-a-saulxures-sur-moselotte\/cyclo-cross-saulxures007\/'><img decoding=\"async\" width=\"640\" height=\"480\" src=\"https:\/\/vosgesinfo.fr\/app\/uploads\/sites\/5\/2024\/10\/cyclo-cross-saulxures007.jpeg\" class=\"attachment-full size-full\" alt=\"\" srcset=\"https:\/\/vosgesinfo.fr\/app\/uploads\/sites\/5\/2024\/10\/cyclo-cross-saulxures007.jpeg 640w, https:\/\/vosgesinfo.fr\/app\/uploads\/sites\/5\/2024\/10\/cyclo-cross-saulxures007-300x225.jpeg 300w\" sizes=\"(max-width: 640px) 100vw, 640px\" \/><\/a>\n\t\t\t<\/dt><\/dl><br style=\"clear: both\" \/>\n\t\t<\/div>\n<\/li>\n<li><a href=\"https:\/\/vosgesinfo.fr\/app\/uploads\/sites\/5\/2024\/10\/capture-decran-2024-10-17-a-08.41.53.png\"><img decoding=\"async\" class=\"aligncenter size-full wp-image-74470\" src=\"https:\/\/vosgesinfo.fr\/app\/uploads\/sites\/5\/2024\/10\/capture-decran-2024-10-17-a-08.41.53.png\" alt=\"\" width=\"2086\" height=\"1446\" srcset=\"https:\/\/vosgesinfo.fr\/app\/uploads\/sites\/5\/2024\/10\/capture-decran-2024-10-17-a-08.41.53.png 2086w, https:\/\/vosgesinfo.fr\/app\/uploads\/sites\/5\/2024\/10\/capture-decran-2024-10-17-a-08.41.53-300x208.png 300w, https:\/\/vosgesinfo.fr\/app\/uploads\/sites\/5\/2024\/10\/capture-decran-2024-10-17-a-08.41.53-1024x710.png 1024w, https:\/\/vosgesinfo.fr\/app\/uploads\/sites\/5\/2024\/10\/capture-decran-2024-10-17-a-08.41.53-768x532.png 768w, https:\/\/vosgesinfo.fr\/app\/uploads\/sites\/5\/2024\/10\/capture-decran-2024-10-17-a-08.41.53-1536x1065.png 1536w, https:\/\/vosgesinfo.fr\/app\/uploads\/sites\/5\/2024\/10\/capture-decran-2024-10-17-a-08.41.53-2048x1420.png 2048w\" sizes=\"(max-width: 2086px) 100vw, 2086px\" \/><\/a><\/li>\n<li><a href=\"https:\/\/vosgesinfo.fr\/app\/uploads\/sites\/5\/2024\/10\/capture-decran-2024-10-17-a-08.42.04.png\"><img decoding=\"async\" class=\"aligncenter size-full wp-image-74469\" src=\"https:\/\/vosgesinfo.fr\/app\/uploads\/sites\/5\/2024\/10\/capture-decran-2024-10-17-a-08.42.04.png\" alt=\"\" width=\"2086\" height=\"1178\" srcset=\"https:\/\/vosgesinfo.fr\/app\/uploads\/sites\/5\/2024\/10\/capture-decran-2024-10-17-a-08.42.04.png 2086w, https:\/\/vosgesinfo.fr\/app\/uploads\/sites\/5\/2024\/10\/capture-decran-2024-10-17-a-08.42.04-300x169.png 300w, https:\/\/vosgesinfo.fr\/app\/uploads\/sites\/5\/2024\/10\/capture-decran-2024-10-17-a-08.42.04-1024x578.png 1024w, https:\/\/vosgesinfo.fr\/app\/uploads\/sites\/5\/2024\/10\/capture-decran-2024-10-17-a-08.42.04-768x434.png 768w, https:\/\/vosgesinfo.fr\/app\/uploads\/sites\/5\/2024\/10\/capture-decran-2024-10-17-a-08.42.04-1536x867.png 1536w, https:\/\/vosgesinfo.fr\/app\/uploads\/sites\/5\/2024\/10\/capture-decran-2024-10-17-a-08.42.04-2048x1157.png 2048w\" sizes=\"(max-width: 2086px) 100vw, 2086px\" \/><\/a><\/li>\n<li>\n\t\t<style type=\"text\/css\">\n\t\t\t#gallery-3 {\n\t\t\t\tmargin: auto;\n\t\t\t}\n\t\t\t#gallery-3 .gallery-item {\n\t\t\t\tfloat: left;\n\t\t\t\tmargin-top: 10px;\n\t\t\t\ttext-align: center;\n\t\t\t\twidth: 25%;\n\t\t\t}\n\t\t\t#gallery-3 img {\n\t\t\t\tborder: 2px solid #cfcfcf;\n\t\t\t}\n\t\t\t#gallery-3 .gallery-caption {\n\t\t\t\tmargin-left: 0;\n\t\t\t}\n\t\t\t\/* see gallery_shortcode() in wp-includes\/media.php *\/\n\t\t<\/style>\n\t\t<div id='gallery-3' class='gallery galleryid-74465 gallery-columns-4 gallery-size-full'><dl class='gallery-item'>\n\t\t\t<dt class='gallery-icon landscape'>\n\t\t\t\t<a href='https:\/\/vosgesinfo.fr\/remiremontinfo\/2024\/10\/les-resultats-du-15e-cyclo-cross-a-saulxures-sur-moselotte\/cyclo-cross-saulxures008\/'><img decoding=\"async\" width=\"640\" height=\"480\" src=\"https:\/\/vosgesinfo.fr\/app\/uploads\/sites\/5\/2024\/10\/cyclo-cross-saulxures008.jpeg\" class=\"attachment-full size-full\" alt=\"\" srcset=\"https:\/\/vosgesinfo.fr\/app\/uploads\/sites\/5\/2024\/10\/cyclo-cross-saulxures008.jpeg 640w, https:\/\/vosgesinfo.fr\/app\/uploads\/sites\/5\/2024\/10\/cyclo-cross-saulxures008-300x225.jpeg 300w\" sizes=\"(max-width: 640px) 100vw, 640px\" \/><\/a>\n\t\t\t<\/dt><\/dl><dl class='gallery-item'>\n\t\t\t<dt class='gallery-icon landscape'>\n\t\t\t\t<a href='https:\/\/vosgesinfo.fr\/remiremontinfo\/2024\/10\/les-resultats-du-15e-cyclo-cross-a-saulxures-sur-moselotte\/cyclo-cross-saulxures009\/'><img decoding=\"async\" width=\"640\" height=\"480\" src=\"https:\/\/vosgesinfo.fr\/app\/uploads\/sites\/5\/2024\/10\/cyclo-cross-saulxures009.jpeg\" class=\"attachment-full size-full\" alt=\"\" srcset=\"https:\/\/vosgesinfo.fr\/app\/uploads\/sites\/5\/2024\/10\/cyclo-cross-saulxures009.jpeg 640w, https:\/\/vosgesinfo.fr\/app\/uploads\/sites\/5\/2024\/10\/cyclo-cross-saulxures009-300x225.jpeg 300w\" sizes=\"(max-width: 640px) 100vw, 640px\" \/><\/a>\n\t\t\t<\/dt><\/dl><dl class='gallery-item'>\n\t\t\t<dt class='gallery-icon landscape'>\n\t\t\t\t<a href='https:\/\/vosgesinfo.fr\/remiremontinfo\/2024\/10\/les-resultats-du-15e-cyclo-cross-a-saulxures-sur-moselotte\/cyclo-cross-saulxures010\/'><img decoding=\"async\" width=\"640\" height=\"480\" src=\"https:\/\/vosgesinfo.fr\/app\/uploads\/sites\/5\/2024\/10\/cyclo-cross-saulxures010.jpeg\" class=\"attachment-full size-full\" alt=\"\" srcset=\"https:\/\/vosgesinfo.fr\/app\/uploads\/sites\/5\/2024\/10\/cyclo-cross-saulxures010.jpeg 640w, https:\/\/vosgesinfo.fr\/app\/uploads\/sites\/5\/2024\/10\/cyclo-cross-saulxures010-300x225.jpeg 300w\" sizes=\"(max-width: 640px) 100vw, 640px\" \/><\/a>\n\t\t\t<\/dt><\/dl><dl class='gallery-item'>\n\t\t\t<dt class='gallery-icon landscape'>\n\t\t\t\t<a href='https:\/\/vosgesinfo.fr\/remiremontinfo\/2024\/10\/les-resultats-du-15e-cyclo-cross-a-saulxures-sur-moselotte\/cyclo-cross-saulxures002\/'><img decoding=\"async\" width=\"640\" height=\"480\" src=\"https:\/\/vosgesinfo.fr\/app\/uploads\/sites\/5\/2024\/10\/cyclo-cross-saulxures002.jpeg\" class=\"attachment-full size-full\" alt=\"\" srcset=\"https:\/\/vosgesinfo.fr\/app\/uploads\/sites\/5\/2024\/10\/cyclo-cross-saulxures002.jpeg 640w, https:\/\/vosgesinfo.fr\/app\/uploads\/sites\/5\/2024\/10\/cyclo-cross-saulxures002-300x225.jpeg 300w\" sizes=\"(max-width: 640px) 100vw, 640px\" \/><\/a>\n\t\t\t<\/dt><\/dl><br style=\"clear: both\" \/>\n\t\t<\/div>\n\n<p><a href=\"https:\/\/vosgesinfo.fr\/app\/uploads\/sites\/5\/2024\/10\/capture-decran-2024-10-17-a-08.42.16.png\"><img decoding=\"async\" class=\"aligncenter size-full wp-image-74468\" src=\"https:\/\/vosgesinfo.fr\/app\/uploads\/sites\/5\/2024\/10\/capture-decran-2024-10-17-a-08.42.16.png\" alt=\"\" width=\"2086\" height=\"1178\" srcset=\"https:\/\/vosgesinfo.fr\/app\/uploads\/sites\/5\/2024\/10\/capture-decran-2024-10-17-a-08.42.16.png 2086w, https:\/\/vosgesinfo.fr\/app\/uploads\/sites\/5\/2024\/10\/capture-decran-2024-10-17-a-08.42.16-300x169.png 300w, https:\/\/vosgesinfo.fr\/app\/uploads\/sites\/5\/2024\/10\/capture-decran-2024-10-17-a-08.42.16-1024x578.png 1024w, https:\/\/vosgesinfo.fr\/app\/uploads\/sites\/5\/2024\/10\/capture-decran-2024-10-17-a-08.42.16-768x434.png 768w, https:\/\/vosgesinfo.fr\/app\/uploads\/sites\/5\/2024\/10\/capture-decran-2024-10-17-a-08.42.16-1536x867.png 1536w, https:\/\/vosgesinfo.fr\/app\/uploads\/sites\/5\/2024\/10\/capture-decran-2024-10-17-a-08.42.16-2048x1157.png 2048w\" sizes=\"(max-width: 2086px) 100vw, 2086px\" \/><\/a><\/li>\n<li><a href=\"https:\/\/vosgesinfo.fr\/app\/uploads\/sites\/5\/2024\/10\/capture-decran-2024-10-17-a-08.42.45.png\"><img decoding=\"async\" class=\"aligncenter size-full wp-image-74467\" src=\"https:\/\/vosgesinfo.fr\/app\/uploads\/sites\/5\/2024\/10\/capture-decran-2024-10-17-a-08.42.45.png\" alt=\"\" width=\"1408\" height=\"1636\" srcset=\"https:\/\/vosgesinfo.fr\/app\/uploads\/sites\/5\/2024\/10\/capture-decran-2024-10-17-a-08.42.45.png 1408w, https:\/\/vosgesinfo.fr\/app\/uploads\/sites\/5\/2024\/10\/capture-decran-2024-10-17-a-08.42.45-258x300.png 258w, https:\/\/vosgesinfo.fr\/app\/uploads\/sites\/5\/2024\/10\/capture-decran-2024-10-17-a-08.42.45-881x1024.png 881w, https:\/\/vosgesinfo.fr\/app\/uploads\/sites\/5\/2024\/10\/capture-decran-2024-10-17-a-08.42.45-768x892.png 768w, https:\/\/vosgesinfo.fr\/app\/uploads\/sites\/5\/2024\/10\/capture-decran-2024-10-17-a-08.42.45-1322x1536.png 1322w\" sizes=\"(max-width: 1408px) 100vw, 1408px\" \/><\/a><a href=\"https:\/\/vosgesinfo.fr\/app\/uploads\/sites\/5\/2024\/10\/capture-decran-2024-10-17-a-08.42.59.png\"><img decoding=\"async\" class=\"aligncenter size-full wp-image-74466\" src=\"https:\/\/vosgesinfo.fr\/app\/uploads\/sites\/5\/2024\/10\/capture-decran-2024-10-17-a-08.42.59.png\" alt=\"\" width=\"1408\" height=\"1636\" srcset=\"https:\/\/vosgesinfo.fr\/app\/uploads\/sites\/5\/2024\/10\/capture-decran-2024-10-17-a-08.42.59.png 1408w, https:\/\/vosgesinfo.fr\/app\/uploads\/sites\/5\/2024\/10\/capture-decran-2024-10-17-a-08.42.59-258x300.png 258w, https:\/\/vosgesinfo.fr\/app\/uploads\/sites\/5\/2024\/10\/capture-decran-2024-10-17-a-08.42.59-881x1024.png 881w, https:\/\/vosgesinfo.fr\/app\/uploads\/sites\/5\/2024\/10\/capture-decran-2024-10-17-a-08.42.59-768x892.png 768w, https:\/\/vosgesinfo.fr\/app\/uploads\/sites\/5\/2024\/10\/capture-decran-2024-10-17-a-08.42.59-1322x1536.png 1322w\" sizes=\"(max-width: 1408px) 100vw, 1408px\" \/><\/a><\/li>\n<\/ol>\n","protected":false},"excerpt":{"rendered":"<p>Ce dimanche 13 octobre, l&rsquo;UCR organisait son 15e cyclo-cross de la base de loisirs de Saulxures-sur-Moselotte, retrouvez les classements de [&hellip;]<\/p>\n","protected":false},"author":391,"featured_media":74476,"comment_status":"open","ping_status":"open","sticky":false,"template":"","format":"standard","meta":{"footnotes":""},"categories":[26,68,14,17],"tags":[292,2243,597,1315],"class_list":["post-74465","post","type-post","status-publish","format-standard","has-post-thumbnail","hentry","category-a-la-une","category-saulxures-sur-moselotte","category-sport","category-vie-associative","tag-cyclo-cross","tag-resultats","tag-saulxures-sur-moselotte","tag-ucr"],"acf":[],"yoast_head":"<!-- This site is optimized with the Yoast SEO plugin v22.5 - https:\/\/yoast.com\/wordpress\/plugins\/seo\/ -->\n<title>Les r\u00e9sultats du 15e Cyclo-Cross \u00e0 Saulxures-sur-Moselotte - Remiremont Info<\/title>\n<meta name=\"robots\" content=\"index, follow, max-snippet:-1, max-image-preview:large, max-video-preview:-1\" \/>\n<link rel=\"canonical\" href=\"https:\/\/vosgesinfo.fr\/remiremontinfo\/?p=74465\" \/>\n<meta name=\"twitter:card\" content=\"summary_large_image\" \/>\n<meta name=\"twitter:title\" content=\"Les r\u00e9sultats du 15e Cyclo-Cross \u00e0 Saulxures-sur-Moselotte - Remiremont Info\" \/>\n<meta name=\"twitter:description\" content=\"Ce dimanche 13 octobre, l&rsquo;UCR organisait son 15e cyclo-cross de la base de loisirs de Saulxures-sur-Moselotte, retrouvez les classements de [&hellip;]\" \/>\n<meta name=\"twitter:image\" content=\"https:\/\/vosgesinfo.fr\/app\/uploads\/sites\/5\/2024\/10\/cyclo-cross-saulxures002.jpeg\" \/>\n<meta name=\"twitter:creator\" content=\"@VosgesInfo88\" \/>\n<meta name=\"twitter:site\" content=\"@VosgesInfo88\" \/>\n<meta name=\"twitter:label1\" content=\"\u00c9crit par\" \/>\n\t<meta name=\"twitter:data1\" content=\"La redaction\" \/>\n\t<meta name=\"twitter:label2\" content=\"Dur\u00e9e de lecture estim\u00e9e\" \/>\n\t<meta name=\"twitter:data2\" content=\"3 minutes\" \/>\n<script type=\"application\/ld+json\" class=\"yoast-schema-graph\">{\"@context\":\"https:\/\/schema.org\",\"@graph\":[{\"@type\":\"Article\",\"@id\":\"https:\/\/vosgesinfo.fr\/remiremontinfo\/?p=74465#article\",\"isPartOf\":{\"@id\":\"https:\/\/vosgesinfo.fr\/remiremontinfo\/?p=74465\"},\"author\":{\"name\":\"La redaction\",\"@id\":\"https:\/\/vosgesinfo.fr\/remiremontinfo\/#\/schema\/person\/27a3695b06db98895b354c0765cdfc31\"},\"headline\":\"Les r\u00e9sultats du 15e Cyclo-Cross \u00e0 Saulxures-sur-Moselotte\",\"datePublished\":\"2024-10-17T06:50:49+00:00\",\"dateModified\":\"2024-10-17T06:50:49+00:00\",\"mainEntityOfPage\":{\"@id\":\"https:\/\/vosgesinfo.fr\/remiremontinfo\/?p=74465\"},\"wordCount\":44,\"commentCount\":0,\"publisher\":{\"@id\":\"https:\/\/vosgesinfo.fr\/remiremontinfo\/#organization\"},\"image\":{\"@id\":\"https:\/\/vosgesinfo.fr\/remiremontinfo\/?p=74465#primaryimage\"},\"thumbnailUrl\":\"https:\/\/vosgesinfo.fr\/app\/uploads\/sites\/5\/2024\/10\/cyclo-cross-saulxures002.jpeg\",\"keywords\":[\"Cyclo-cross\",\"r\u00e9sultats\",\"saulxures-sur-moselotte\",\"UCR\"],\"articleSection\":[\"A la Une\",\"Saulxures-Sur-Moselotte\",\"Sport\",\"Vie associative\"],\"inLanguage\":\"fr-FR\",\"potentialAction\":[{\"@type\":\"CommentAction\",\"name\":\"Comment\",\"target\":[\"https:\/\/vosgesinfo.fr\/remiremontinfo\/?p=74465#respond\"]}]},{\"@type\":\"WebPage\",\"@id\":\"https:\/\/vosgesinfo.fr\/remiremontinfo\/?p=74465\",\"url\":\"https:\/\/vosgesinfo.fr\/remiremontinfo\/?p=74465\",\"name\":\"Les r\u00e9sultats du 15e Cyclo-Cross \u00e0 Saulxures-sur-Moselotte - Remiremont Info\",\"isPartOf\":{\"@id\":\"https:\/\/vosgesinfo.fr\/remiremontinfo\/#website\"},\"primaryImageOfPage\":{\"@id\":\"https:\/\/vosgesinfo.fr\/remiremontinfo\/?p=74465#primaryimage\"},\"image\":{\"@id\":\"https:\/\/vosgesinfo.fr\/remiremontinfo\/?p=74465#primaryimage\"},\"thumbnailUrl\":\"https:\/\/vosgesinfo.fr\/app\/uploads\/sites\/5\/2024\/10\/cyclo-cross-saulxures002.jpeg\",\"datePublished\":\"2024-10-17T06:50:49+00:00\",\"dateModified\":\"2024-10-17T06:50:49+00:00\",\"breadcrumb\":{\"@id\":\"https:\/\/vosgesinfo.fr\/remiremontinfo\/?p=74465#breadcrumb\"},\"inLanguage\":\"fr-FR\",\"potentialAction\":[{\"@type\":\"ReadAction\",\"target\":[\"https:\/\/vosgesinfo.fr\/remiremontinfo\/?p=74465\"]}]},{\"@type\":\"ImageObject\",\"inLanguage\":\"fr-FR\",\"@id\":\"https:\/\/vosgesinfo.fr\/remiremontinfo\/?p=74465#primaryimage\",\"url\":\"https:\/\/vosgesinfo.fr\/app\/uploads\/sites\/5\/2024\/10\/cyclo-cross-saulxures002.jpeg\",\"contentUrl\":\"https:\/\/vosgesinfo.fr\/app\/uploads\/sites\/5\/2024\/10\/cyclo-cross-saulxures002.jpeg\",\"width\":640,\"height\":480},{\"@type\":\"BreadcrumbList\",\"@id\":\"https:\/\/vosgesinfo.fr\/remiremontinfo\/?p=74465#breadcrumb\",\"itemListElement\":[{\"@type\":\"ListItem\",\"position\":1,\"name\":\"Home\",\"item\":\"https:\/\/vosgesinfo.fr\/remiremontinfo\/\"},{\"@type\":\"ListItem\",\"position\":2,\"name\":\"Les r\u00e9sultats du 15e Cyclo-Cross \u00e0 Saulxures-sur-Moselotte\"}]},{\"@type\":\"WebSite\",\"@id\":\"https:\/\/vosgesinfo.fr\/remiremontinfo\/#website\",\"url\":\"https:\/\/vosgesinfo.fr\/remiremontinfo\/\",\"name\":\"Remiremont Info\",\"description\":\"Toute l&#039;actualit\u00e9 de Remiremont\",\"publisher\":{\"@id\":\"https:\/\/vosgesinfo.fr\/remiremontinfo\/#organization\"},\"alternateName\":\"Toute l'actualit\u00e9 de Remiremont\",\"potentialAction\":[{\"@type\":\"SearchAction\",\"target\":{\"@type\":\"EntryPoint\",\"urlTemplate\":\"https:\/\/vosgesinfo.fr\/remiremontinfo\/?s={search_term_string}\"},\"query-input\":\"required name=search_term_string\"}],\"inLanguage\":\"fr-FR\"},{\"@type\":\"Organization\",\"@id\":\"https:\/\/vosgesinfo.fr\/remiremontinfo\/#organization\",\"name\":\"Remiremont Info\",\"url\":\"https:\/\/vosgesinfo.fr\/remiremontinfo\/\",\"logo\":{\"@type\":\"ImageObject\",\"inLanguage\":\"fr-FR\",\"@id\":\"https:\/\/vosgesinfo.fr\/remiremontinfo\/#\/schema\/logo\/image\/\",\"url\":\"https:\/\/vosgesinfo.fr\/app\/uploads\/sites\/5\/2023\/08\/favicon-remiremontinfo.png\",\"contentUrl\":\"https:\/\/vosgesinfo.fr\/app\/uploads\/sites\/5\/2023\/08\/favicon-remiremontinfo.png\",\"width\":512,\"height\":512,\"caption\":\"Remiremont Info\"},\"image\":{\"@id\":\"https:\/\/vosgesinfo.fr\/remiremontinfo\/#\/schema\/logo\/image\/\"},\"sameAs\":[\"https:\/\/www.facebook.com\/remiremontinfo\",\"https:\/\/x.com\/VosgesInfo88\",\"https:\/\/www.youtube.com\/@vosgesinfo\"]},{\"@type\":\"Person\",\"@id\":\"https:\/\/vosgesinfo.fr\/remiremontinfo\/#\/schema\/person\/27a3695b06db98895b354c0765cdfc31\",\"name\":\"La redaction\",\"image\":{\"@type\":\"ImageObject\",\"inLanguage\":\"fr-FR\",\"@id\":\"https:\/\/vosgesinfo.fr\/remiremontinfo\/#\/schema\/person\/image\/\",\"url\":\"https:\/\/secure.gravatar.com\/avatar\/64c76a78e501cedee55736f43f332df901e1896ae9cd8fad269ae2236dd0e8b6?s=96&d=mm&r=g\",\"contentUrl\":\"https:\/\/secure.gravatar.com\/avatar\/64c76a78e501cedee55736f43f332df901e1896ae9cd8fad269ae2236dd0e8b6?s=96&d=mm&r=g\",\"caption\":\"La redaction\"},\"url\":\"https:\/\/vosgesinfo.fr\/remiremontinfo\/author\/la-redaction\/\"}]}<\/script>\n<!-- \/ Yoast SEO plugin. -->","yoast_head_json":{"title":"Les r\u00e9sultats du 15e Cyclo-Cross \u00e0 Saulxures-sur-Moselotte - Remiremont Info","robots":{"index":"index","follow":"follow","max-snippet":"max-snippet:-1","max-image-preview":"max-image-preview:large","max-video-preview":"max-video-preview:-1"},"canonical":"https:\/\/vosgesinfo.fr\/remiremontinfo\/?p=74465","twitter_card":"summary_large_image","twitter_title":"Les r\u00e9sultats du 15e Cyclo-Cross \u00e0 Saulxures-sur-Moselotte - Remiremont Info","twitter_description":"Ce dimanche 13 octobre, l&rsquo;UCR organisait son 15e cyclo-cross de la base de loisirs de Saulxures-sur-Moselotte, retrouvez les classements de [&hellip;]","twitter_image":"https:\/\/vosgesinfo.fr\/app\/uploads\/sites\/5\/2024\/10\/cyclo-cross-saulxures002.jpeg","twitter_creator":"@VosgesInfo88","twitter_site":"@VosgesInfo88","twitter_misc":{"\u00c9crit par":"La redaction","Dur\u00e9e de lecture estim\u00e9e":"3 minutes"},"schema":{"@context":"https:\/\/schema.org","@graph":[{"@type":"Article","@id":"https:\/\/vosgesinfo.fr\/remiremontinfo\/?p=74465#article","isPartOf":{"@id":"https:\/\/vosgesinfo.fr\/remiremontinfo\/?p=74465"},"author":{"name":"La redaction","@id":"https:\/\/vosgesinfo.fr\/remiremontinfo\/#\/schema\/person\/27a3695b06db98895b354c0765cdfc31"},"headline":"Les r\u00e9sultats du 15e Cyclo-Cross \u00e0 Saulxures-sur-Moselotte","datePublished":"2024-10-17T06:50:49+00:00","dateModified":"2024-10-17T06:50:49+00:00","mainEntityOfPage":{"@id":"https:\/\/vosgesinfo.fr\/remiremontinfo\/?p=74465"},"wordCount":44,"commentCount":0,"publisher":{"@id":"https:\/\/vosgesinfo.fr\/remiremontinfo\/#organization"},"image":{"@id":"https:\/\/vosgesinfo.fr\/remiremontinfo\/?p=74465#primaryimage"},"thumbnailUrl":"https:\/\/vosgesinfo.fr\/app\/uploads\/sites\/5\/2024\/10\/cyclo-cross-saulxures002.jpeg","keywords":["Cyclo-cross","r\u00e9sultats","saulxures-sur-moselotte","UCR"],"articleSection":["A la Une","Saulxures-Sur-Moselotte","Sport","Vie associative"],"inLanguage":"fr-FR","potentialAction":[{"@type":"CommentAction","name":"Comment","target":["https:\/\/vosgesinfo.fr\/remiremontinfo\/?p=74465#respond"]}]},{"@type":"WebPage","@id":"https:\/\/vosgesinfo.fr\/remiremontinfo\/?p=74465","url":"https:\/\/vosgesinfo.fr\/remiremontinfo\/?p=74465","name":"Les r\u00e9sultats du 15e Cyclo-Cross \u00e0 Saulxures-sur-Moselotte - Remiremont Info","isPartOf":{"@id":"https:\/\/vosgesinfo.fr\/remiremontinfo\/#website"},"primaryImageOfPage":{"@id":"https:\/\/vosgesinfo.fr\/remiremontinfo\/?p=74465#primaryimage"},"image":{"@id":"https:\/\/vosgesinfo.fr\/remiremontinfo\/?p=74465#primaryimage"},"thumbnailUrl":"https:\/\/vosgesinfo.fr\/app\/uploads\/sites\/5\/2024\/10\/cyclo-cross-saulxures002.jpeg","datePublished":"2024-10-17T06:50:49+00:00","dateModified":"2024-10-17T06:50:49+00:00","breadcrumb":{"@id":"https:\/\/vosgesinfo.fr\/remiremontinfo\/?p=74465#breadcrumb"},"inLanguage":"fr-FR","potentialAction":[{"@type":"ReadAction","target":["https:\/\/vosgesinfo.fr\/remiremontinfo\/?p=74465"]}]},{"@type":"ImageObject","inLanguage":"fr-FR","@id":"https:\/\/vosgesinfo.fr\/remiremontinfo\/?p=74465#primaryimage","url":"https:\/\/vosgesinfo.fr\/app\/uploads\/sites\/5\/2024\/10\/cyclo-cross-saulxures002.jpeg","contentUrl":"https:\/\/vosgesinfo.fr\/app\/uploads\/sites\/5\/2024\/10\/cyclo-cross-saulxures002.jpeg","width":640,"height":480},{"@type":"BreadcrumbList","@id":"https:\/\/vosgesinfo.fr\/remiremontinfo\/?p=74465#breadcrumb","itemListElement":[{"@type":"ListItem","position":1,"name":"Home","item":"https:\/\/vosgesinfo.fr\/remiremontinfo\/"},{"@type":"ListItem","position":2,"name":"Les r\u00e9sultats du 15e Cyclo-Cross \u00e0 Saulxures-sur-Moselotte"}]},{"@type":"WebSite","@id":"https:\/\/vosgesinfo.fr\/remiremontinfo\/#website","url":"https:\/\/vosgesinfo.fr\/remiremontinfo\/","name":"Remiremont Info","description":"Toute l&#039;actualit\u00e9 de Remiremont","publisher":{"@id":"https:\/\/vosgesinfo.fr\/remiremontinfo\/#organization"},"alternateName":"Toute l'actualit\u00e9 de Remiremont","potentialAction":[{"@type":"SearchAction","target":{"@type":"EntryPoint","urlTemplate":"https:\/\/vosgesinfo.fr\/remiremontinfo\/?s={search_term_string}"},"query-input":"required name=search_term_string"}],"inLanguage":"fr-FR"},{"@type":"Organization","@id":"https:\/\/vosgesinfo.fr\/remiremontinfo\/#organization","name":"Remiremont Info","url":"https:\/\/vosgesinfo.fr\/remiremontinfo\/","logo":{"@type":"ImageObject","inLanguage":"fr-FR","@id":"https:\/\/vosgesinfo.fr\/remiremontinfo\/#\/schema\/logo\/image\/","url":"https:\/\/vosgesinfo.fr\/app\/uploads\/sites\/5\/2023\/08\/favicon-remiremontinfo.png","contentUrl":"https:\/\/vosgesinfo.fr\/app\/uploads\/sites\/5\/2023\/08\/favicon-remiremontinfo.png","width":512,"height":512,"caption":"Remiremont Info"},"image":{"@id":"https:\/\/vosgesinfo.fr\/remiremontinfo\/#\/schema\/logo\/image\/"},"sameAs":["https:\/\/www.facebook.com\/remiremontinfo","https:\/\/x.com\/VosgesInfo88","https:\/\/www.youtube.com\/@vosgesinfo"]},{"@type":"Person","@id":"https:\/\/vosgesinfo.fr\/remiremontinfo\/#\/schema\/person\/27a3695b06db98895b354c0765cdfc31","name":"La redaction","image":{"@type":"ImageObject","inLanguage":"fr-FR","@id":"https:\/\/vosgesinfo.fr\/remiremontinfo\/#\/schema\/person\/image\/","url":"https:\/\/secure.gravatar.com\/avatar\/64c76a78e501cedee55736f43f332df901e1896ae9cd8fad269ae2236dd0e8b6?s=96&d=mm&r=g","contentUrl":"https:\/\/secure.gravatar.com\/avatar\/64c76a78e501cedee55736f43f332df901e1896ae9cd8fad269ae2236dd0e8b6?s=96&d=mm&r=g","caption":"La redaction"},"url":"https:\/\/vosgesinfo.fr\/remiremontinfo\/author\/la-redaction\/"}]}},"_links":{"self":[{"href":"https:\/\/vosgesinfo.fr\/remiremontinfo\/wp-json\/wp\/v2\/posts\/74465","targetHints":{"allow":["GET"]}}],"collection":[{"href":"https:\/\/vosgesinfo.fr\/remiremontinfo\/wp-json\/wp\/v2\/posts"}],"about":[{"href":"https:\/\/vosgesinfo.fr\/remiremontinfo\/wp-json\/wp\/v2\/types\/post"}],"author":[{"embeddable":true,"href":"https:\/\/vosgesinfo.fr\/remiremontinfo\/wp-json\/wp\/v2\/users\/391"}],"replies":[{"embeddable":true,"href":"https:\/\/vosgesinfo.fr\/remiremontinfo\/wp-json\/wp\/v2\/comments?post=74465"}],"version-history":[{"count":3,"href":"https:\/\/vosgesinfo.fr\/remiremontinfo\/wp-json\/wp\/v2\/posts\/74465\/revisions"}],"predecessor-version":[{"id":74488,"href":"https:\/\/vosgesinfo.fr\/remiremontinfo\/wp-json\/wp\/v2\/posts\/74465\/revisions\/74488"}],"wp:featuredmedia":[{"embeddable":true,"href":"https:\/\/vosgesinfo.fr\/remiremontinfo\/wp-json\/wp\/v2\/media\/74476"}],"wp:attachment":[{"href":"https:\/\/vosgesinfo.fr\/remiremontinfo\/wp-json\/wp\/v2\/media?parent=74465"}],"wp:term":[{"taxonomy":"category","embeddable":true,"href":"https:\/\/vosgesinfo.fr\/remiremontinfo\/wp-json\/wp\/v2\/categories?post=74465"},{"taxonomy":"post_tag","embeddable":true,"href":"https:\/\/vosgesinfo.fr\/remiremontinfo\/wp-json\/wp\/v2\/tags?post=74465"}],"curies":[{"name":"wp","href":"https:\/\/api.w.org\/{rel}","templated":true}]}}