{"id":74521,"date":"2024-10-18T08:34:09","date_gmt":"2024-10-18T06:34:09","guid":{"rendered":"https:\/\/vosgesinfo.fr\/remiremontinfo\/?p=74521"},"modified":"2024-10-18T14:48:38","modified_gmt":"2024-10-18T12:48:38","slug":"le-groupe-mauffrey-simplante-en-espagne-avec-lacquisition-de-global-feed-ecotrans","status":"publish","type":"post","link":"https:\/\/vosgesinfo.fr\/remiremontinfo\/2024\/10\/le-groupe-mauffrey-simplante-en-espagne-avec-lacquisition-de-global-feed-ecotrans\/","title":{"rendered":"Le Groupe Mauffrey s\u2019implante en Espagne avec l\u2019acquisition de Global Feed Ecotrans"},"content":{"rendered":"<div id=\"attachment_74522\" style=\"width: 1930px\" class=\"wp-caption aligncenter\"><a href=\"https:\/\/vosgesinfo.fr\/app\/uploads\/sites\/5\/2024\/10\/signature-acquisition-global-feed-ecotrans-scaled.jpg\"><img decoding=\"async\" aria-describedby=\"caption-attachment-74522\" class=\"size-full wp-image-74522\" src=\"https:\/\/vosgesinfo.fr\/app\/uploads\/sites\/5\/2024\/10\/signature-acquisition-global-feed-ecotrans-scaled.jpg\" alt=\"\" width=\"1920\" height=\"2560\" srcset=\"https:\/\/vosgesinfo.fr\/app\/uploads\/sites\/5\/2024\/10\/signature-acquisition-global-feed-ecotrans-scaled.jpg 1920w, https:\/\/vosgesinfo.fr\/app\/uploads\/sites\/5\/2024\/10\/signature-acquisition-global-feed-ecotrans-225x300.jpg 225w, https:\/\/vosgesinfo.fr\/app\/uploads\/sites\/5\/2024\/10\/signature-acquisition-global-feed-ecotrans-768x1024.jpg 768w, https:\/\/vosgesinfo.fr\/app\/uploads\/sites\/5\/2024\/10\/signature-acquisition-global-feed-ecotrans-1152x1536.jpg 1152w, https:\/\/vosgesinfo.fr\/app\/uploads\/sites\/5\/2024\/10\/signature-acquisition-global-feed-ecotrans-1536x2048.jpg 1536w\" sizes=\"(max-width: 1920px) 100vw, 1920px\" \/><\/a><p id=\"caption-attachment-74522\" class=\"wp-caption-text\">De gauche \u00e0 droite : Josep Mar\u00eda Gonzalez Perarnau, F\u00e9lix Ojeada JR, Directeurs de Global Feed Ecotrans, Dominique Mauffrey, Pr\u00e9sident du Conseil de Surveillance du Groupe Mauffrey et Benoit Schindele, Directeur International du Groupe Mauffrey.<\/p><\/div>\n<p style=\"text-align: left;\"><strong><br \/>\nD\u00e9j\u00e0 implant\u00e9 au Luxembourg et en Pologne depuis plusieurs ann\u00e9es, le Groupe Mauffrey se d\u00e9veloppe davantage dans les autres pays europ\u00e9ens afin de trouver de nouveaux relais de croissance et assurer la p\u00e9rennit\u00e9 du Groupe. Apr\u00e8s une r\u00e9cente implantation en Italie gr\u00e2ce \u00e0 l\u2019acquisition de La Nettatutto en f\u00e9vrier dernier, les couleurs Mauffrey vont d\u00e9sormais rayonner en Espagne gr\u00e2ce \u00e0 l\u2019acquisition de Global Feed Ecotrans.<\/strong><\/p>\n<p>Global Feed Ecotrans, sp\u00e9cialis\u00e9 dans le transport agricole et particuli\u00e8rement dans la nutrition animale est compos\u00e9 de plus de 350 collaborateurs et 300 v\u00e9hicules en propre (dont 80% de tracteurs gaz). Cette soci\u00e9t\u00e9 est compl\u00e9t\u00e9e d\u2019un large r\u00e9seau de sous-traitants efficace pour une couverture nationale compl\u00e8te. Global Feed Ecotrans r\u00e9alise un CA de 62M\u20ac en 2023. Il dispose de 3 sites principaux ainsi que des implantations directes chez les clients pour une prestation qui rayonne sur une grande partie de l\u2019Espagne.<\/p>\n<p style=\"text-align: left;\">En tant que leader du transport dans la nutrition animale en Espagne, Global Feed Ecotrans renforce le p\u00f4le agricole du Groupe Mauffrey, d\u00e9j\u00e0 expert et positionn\u00e9 sur ce march\u00e9 en France. \u00ab Je suis heureux de voir les \u00e9quipes de Global Feed Ecotrans rejoindre Mauffrey, explique Fabrice Grandgirard, Pr\u00e9sident du Groupe Mauffrey. Nos ambitions et valeurs communes vont faire de cette collaboration un succ\u00e8s dans le secteur du transport agricole europ\u00e9en et permettre de d\u00e9velopper la visibilit\u00e9 de notre savoir-faire et de nos m\u00e9tiers de niche en Espagne ! \u00bb.<\/p>\n<p style=\"text-align: left;\">Pour F\u00e9lix Ojeada JR, Directeur de Global Feed Ecotrans, \u00ab l&rsquo;int\u00e9gration de Global Feed<br \/>\nEcotrans dans le groupe Mauffrey est une opportunit\u00e9 de continuer \u00e0 cro\u00eetre sans perdre le facteur humain qui a \u00e9t\u00e9 notre pilier. Nous continuerons avec la flexibilit\u00e9 d&rsquo;une petite<br \/>\nentreprise, nos valeurs et l&rsquo;excellence op\u00e9rationnelle, en am\u00e9liorant l&rsquo;efficacit\u00e9 et la qualit\u00e9 des services accompagn\u00e9s de la structure et des moyens technologiques d&rsquo;une grande entreprise comme le groupe Mauffrey. \u00bb. Josep Mar\u00eda Gonzalez Perarnau Directeur de Global Feed Ecotrans ajoute \u00ab Je suis convaincu que cette nouvelle phase avec le groupe Mauffrey apportera de grands b\u00e9n\u00e9fices, tant en termes d&rsquo;expansion que de capacit\u00e9 op\u00e9rationnelle, sans affecter la qualit\u00e9 de service que nos clients attendent de nous. Cette d\u00e9cision ne renforcera pas seulement l&rsquo;entreprise, mais permettra \u00e0 Global Feed Ecotrans d&rsquo;atteindre de nouveaux niveaux de croissance et de comp\u00e9titivit\u00e9 sur un march\u00e9 mondial de plus en plus exigeant. \u00bb.<\/p>\n","protected":false},"excerpt":{"rendered":"<p>D\u00e9j\u00e0 implant\u00e9 au Luxembourg et en Pologne depuis plusieurs ann\u00e9es, le Groupe Mauffrey se d\u00e9veloppe davantage dans les autres pays [&hellip;]<\/p>\n","protected":false},"author":418,"featured_media":74522,"comment_status":"open","ping_status":"open","sticky":false,"template":"","format":"standard","meta":{"footnotes":""},"categories":[26,318,144,100],"tags":[6282,1054],"class_list":["post-74521","post","type-post","status-publish","format-standard","has-post-thumbnail","hentry","category-a-la-une","category-eloyes","category-entreprise","category-saint-nabord","tag-espagne","tag-mauffrey"],"acf":[],"yoast_head":"<!-- This site is optimized with the Yoast SEO plugin v22.5 - https:\/\/yoast.com\/wordpress\/plugins\/seo\/ -->\n<title>Le Groupe Mauffrey s\u2019implante en Espagne avec l\u2019acquisition de Global Feed Ecotrans - Remiremont Info<\/title>\n<meta name=\"robots\" content=\"index, follow, max-snippet:-1, max-image-preview:large, max-video-preview:-1\" \/>\n<link rel=\"canonical\" href=\"https:\/\/vosgesinfo.fr\/remiremontinfo\/2024\/10\/le-groupe-mauffrey-simplante-en-espagne-avec-lacquisition-de-global-feed-ecotrans\/\" \/>\n<meta name=\"twitter:card\" content=\"summary_large_image\" \/>\n<meta name=\"twitter:title\" content=\"Le Groupe Mauffrey s\u2019implante en Espagne avec l\u2019acquisition de Global Feed Ecotrans - Remiremont Info\" \/>\n<meta name=\"twitter:description\" content=\"D\u00e9j\u00e0 implant\u00e9 au Luxembourg et en Pologne depuis plusieurs ann\u00e9es, le Groupe Mauffrey se d\u00e9veloppe davantage dans les autres pays [&hellip;]\" \/>\n<meta name=\"twitter:image\" content=\"https:\/\/vosgesinfo.fr\/app\/uploads\/sites\/5\/2024\/10\/signature-acquisition-global-feed-ecotrans-scaled.jpg\" \/>\n<meta name=\"twitter:creator\" content=\"@VosgesInfo88\" \/>\n<meta name=\"twitter:site\" content=\"@VosgesInfo88\" \/>\n<meta name=\"twitter:label1\" content=\"\u00c9crit par\" \/>\n\t<meta name=\"twitter:data1\" content=\"C.M\" \/>\n\t<meta name=\"twitter:label2\" content=\"Dur\u00e9e de lecture estim\u00e9e\" \/>\n\t<meta name=\"twitter:data2\" content=\"3 minutes\" \/>\n<script type=\"application\/ld+json\" class=\"yoast-schema-graph\">{\"@context\":\"https:\/\/schema.org\",\"@graph\":[{\"@type\":\"Article\",\"@id\":\"https:\/\/vosgesinfo.fr\/remiremontinfo\/2024\/10\/le-groupe-mauffrey-simplante-en-espagne-avec-lacquisition-de-global-feed-ecotrans\/#article\",\"isPartOf\":{\"@id\":\"https:\/\/vosgesinfo.fr\/remiremontinfo\/2024\/10\/le-groupe-mauffrey-simplante-en-espagne-avec-lacquisition-de-global-feed-ecotrans\/\"},\"author\":{\"name\":\"C.M\",\"@id\":\"https:\/\/vosgesinfo.fr\/remiremontinfo\/#\/schema\/person\/4f38cd3068e342935b7304695c797d08\"},\"headline\":\"Le Groupe Mauffrey s\u2019implante en Espagne avec l\u2019acquisition de Global Feed Ecotrans\",\"datePublished\":\"2024-10-18T06:34:09+00:00\",\"dateModified\":\"2024-10-18T12:48:38+00:00\",\"mainEntityOfPage\":{\"@id\":\"https:\/\/vosgesinfo.fr\/remiremontinfo\/2024\/10\/le-groupe-mauffrey-simplante-en-espagne-avec-lacquisition-de-global-feed-ecotrans\/\"},\"wordCount\":479,\"commentCount\":0,\"publisher\":{\"@id\":\"https:\/\/vosgesinfo.fr\/remiremontinfo\/#organization\"},\"image\":{\"@id\":\"https:\/\/vosgesinfo.fr\/remiremontinfo\/2024\/10\/le-groupe-mauffrey-simplante-en-espagne-avec-lacquisition-de-global-feed-ecotrans\/#primaryimage\"},\"thumbnailUrl\":\"https:\/\/vosgesinfo.fr\/app\/uploads\/sites\/5\/2024\/10\/signature-acquisition-global-feed-ecotrans-scaled.jpg\",\"keywords\":[\"espagne\",\"Mauffrey\"],\"articleSection\":[\"A la Une\",\"Eloyes\",\"Entreprise\",\"Saint-Nabord\"],\"inLanguage\":\"fr-FR\",\"potentialAction\":[{\"@type\":\"CommentAction\",\"name\":\"Comment\",\"target\":[\"https:\/\/vosgesinfo.fr\/remiremontinfo\/2024\/10\/le-groupe-mauffrey-simplante-en-espagne-avec-lacquisition-de-global-feed-ecotrans\/#respond\"]}]},{\"@type\":\"WebPage\",\"@id\":\"https:\/\/vosgesinfo.fr\/remiremontinfo\/2024\/10\/le-groupe-mauffrey-simplante-en-espagne-avec-lacquisition-de-global-feed-ecotrans\/\",\"url\":\"https:\/\/vosgesinfo.fr\/remiremontinfo\/2024\/10\/le-groupe-mauffrey-simplante-en-espagne-avec-lacquisition-de-global-feed-ecotrans\/\",\"name\":\"Le Groupe Mauffrey s\u2019implante en Espagne avec l\u2019acquisition de Global Feed Ecotrans - Remiremont Info\",\"isPartOf\":{\"@id\":\"https:\/\/vosgesinfo.fr\/remiremontinfo\/#website\"},\"primaryImageOfPage\":{\"@id\":\"https:\/\/vosgesinfo.fr\/remiremontinfo\/2024\/10\/le-groupe-mauffrey-simplante-en-espagne-avec-lacquisition-de-global-feed-ecotrans\/#primaryimage\"},\"image\":{\"@id\":\"https:\/\/vosgesinfo.fr\/remiremontinfo\/2024\/10\/le-groupe-mauffrey-simplante-en-espagne-avec-lacquisition-de-global-feed-ecotrans\/#primaryimage\"},\"thumbnailUrl\":\"https:\/\/vosgesinfo.fr\/app\/uploads\/sites\/5\/2024\/10\/signature-acquisition-global-feed-ecotrans-scaled.jpg\",\"datePublished\":\"2024-10-18T06:34:09+00:00\",\"dateModified\":\"2024-10-18T12:48:38+00:00\",\"breadcrumb\":{\"@id\":\"https:\/\/vosgesinfo.fr\/remiremontinfo\/2024\/10\/le-groupe-mauffrey-simplante-en-espagne-avec-lacquisition-de-global-feed-ecotrans\/#breadcrumb\"},\"inLanguage\":\"fr-FR\",\"potentialAction\":[{\"@type\":\"ReadAction\",\"target\":[\"https:\/\/vosgesinfo.fr\/remiremontinfo\/2024\/10\/le-groupe-mauffrey-simplante-en-espagne-avec-lacquisition-de-global-feed-ecotrans\/\"]}]},{\"@type\":\"ImageObject\",\"inLanguage\":\"fr-FR\",\"@id\":\"https:\/\/vosgesinfo.fr\/remiremontinfo\/2024\/10\/le-groupe-mauffrey-simplante-en-espagne-avec-lacquisition-de-global-feed-ecotrans\/#primaryimage\",\"url\":\"https:\/\/vosgesinfo.fr\/app\/uploads\/sites\/5\/2024\/10\/signature-acquisition-global-feed-ecotrans-scaled.jpg\",\"contentUrl\":\"https:\/\/vosgesinfo.fr\/app\/uploads\/sites\/5\/2024\/10\/signature-acquisition-global-feed-ecotrans-scaled.jpg\",\"width\":1920,\"height\":2560,\"caption\":\"De gauche \u00e0 droite : Josep Mar\u00eda Gonzalez Perarnau, F\u00e9lix Ojeada JR, Directeurs de Global Feed Ecotrans, Dominique Mauffrey, Pr\u00e9sident du Conseil de Surveillance du Groupe Mauffrey et Benoit Schindele, Directeur International du Groupe Mauffrey.\"},{\"@type\":\"BreadcrumbList\",\"@id\":\"https:\/\/vosgesinfo.fr\/remiremontinfo\/2024\/10\/le-groupe-mauffrey-simplante-en-espagne-avec-lacquisition-de-global-feed-ecotrans\/#breadcrumb\",\"itemListElement\":[{\"@type\":\"ListItem\",\"position\":1,\"name\":\"Home\",\"item\":\"https:\/\/vosgesinfo.fr\/remiremontinfo\/\"},{\"@type\":\"ListItem\",\"position\":2,\"name\":\"Le Groupe Mauffrey s\u2019implante en Espagne avec l\u2019acquisition de Global Feed Ecotrans\"}]},{\"@type\":\"WebSite\",\"@id\":\"https:\/\/vosgesinfo.fr\/remiremontinfo\/#website\",\"url\":\"https:\/\/vosgesinfo.fr\/remiremontinfo\/\",\"name\":\"Remiremont Info\",\"description\":\"Toute l&#039;actualit\u00e9 de Remiremont\",\"publisher\":{\"@id\":\"https:\/\/vosgesinfo.fr\/remiremontinfo\/#organization\"},\"alternateName\":\"Toute l'actualit\u00e9 de Remiremont\",\"potentialAction\":[{\"@type\":\"SearchAction\",\"target\":{\"@type\":\"EntryPoint\",\"urlTemplate\":\"https:\/\/vosgesinfo.fr\/remiremontinfo\/?s={search_term_string}\"},\"query-input\":\"required name=search_term_string\"}],\"inLanguage\":\"fr-FR\"},{\"@type\":\"Organization\",\"@id\":\"https:\/\/vosgesinfo.fr\/remiremontinfo\/#organization\",\"name\":\"Remiremont Info\",\"url\":\"https:\/\/vosgesinfo.fr\/remiremontinfo\/\",\"logo\":{\"@type\":\"ImageObject\",\"inLanguage\":\"fr-FR\",\"@id\":\"https:\/\/vosgesinfo.fr\/remiremontinfo\/#\/schema\/logo\/image\/\",\"url\":\"https:\/\/vosgesinfo.fr\/app\/uploads\/sites\/5\/2023\/08\/favicon-remiremontinfo.png\",\"contentUrl\":\"https:\/\/vosgesinfo.fr\/app\/uploads\/sites\/5\/2023\/08\/favicon-remiremontinfo.png\",\"width\":512,\"height\":512,\"caption\":\"Remiremont Info\"},\"image\":{\"@id\":\"https:\/\/vosgesinfo.fr\/remiremontinfo\/#\/schema\/logo\/image\/\"},\"sameAs\":[\"https:\/\/www.facebook.com\/remiremontinfo\",\"https:\/\/x.com\/VosgesInfo88\",\"https:\/\/www.youtube.com\/@vosgesinfo\"]},{\"@type\":\"Person\",\"@id\":\"https:\/\/vosgesinfo.fr\/remiremontinfo\/#\/schema\/person\/4f38cd3068e342935b7304695c797d08\",\"name\":\"C.M\",\"image\":{\"@type\":\"ImageObject\",\"inLanguage\":\"fr-FR\",\"@id\":\"https:\/\/vosgesinfo.fr\/remiremontinfo\/#\/schema\/person\/image\/\",\"url\":\"https:\/\/secure.gravatar.com\/avatar\/fe9daaef0164d920717484172682f3c5c9bcf7d42aa8c7048c76c34f0eb6c8da?s=96&d=mm&r=g\",\"contentUrl\":\"https:\/\/secure.gravatar.com\/avatar\/fe9daaef0164d920717484172682f3c5c9bcf7d42aa8c7048c76c34f0eb6c8da?s=96&d=mm&r=g\",\"caption\":\"C.M\"},\"url\":\"https:\/\/vosgesinfo.fr\/remiremontinfo\/author\/cm88200\/\"}]}<\/script>\n<!-- \/ Yoast SEO plugin. -->","yoast_head_json":{"title":"Le Groupe Mauffrey s\u2019implante en Espagne avec l\u2019acquisition de Global Feed Ecotrans - Remiremont Info","robots":{"index":"index","follow":"follow","max-snippet":"max-snippet:-1","max-image-preview":"max-image-preview:large","max-video-preview":"max-video-preview:-1"},"canonical":"https:\/\/vosgesinfo.fr\/remiremontinfo\/2024\/10\/le-groupe-mauffrey-simplante-en-espagne-avec-lacquisition-de-global-feed-ecotrans\/","twitter_card":"summary_large_image","twitter_title":"Le Groupe Mauffrey s\u2019implante en Espagne avec l\u2019acquisition de Global Feed Ecotrans - Remiremont Info","twitter_description":"D\u00e9j\u00e0 implant\u00e9 au Luxembourg et en Pologne depuis plusieurs ann\u00e9es, le Groupe Mauffrey se d\u00e9veloppe davantage dans les autres pays [&hellip;]","twitter_image":"https:\/\/vosgesinfo.fr\/app\/uploads\/sites\/5\/2024\/10\/signature-acquisition-global-feed-ecotrans-scaled.jpg","twitter_creator":"@VosgesInfo88","twitter_site":"@VosgesInfo88","twitter_misc":{"\u00c9crit par":"C.M","Dur\u00e9e de lecture estim\u00e9e":"3 minutes"},"schema":{"@context":"https:\/\/schema.org","@graph":[{"@type":"Article","@id":"https:\/\/vosgesinfo.fr\/remiremontinfo\/2024\/10\/le-groupe-mauffrey-simplante-en-espagne-avec-lacquisition-de-global-feed-ecotrans\/#article","isPartOf":{"@id":"https:\/\/vosgesinfo.fr\/remiremontinfo\/2024\/10\/le-groupe-mauffrey-simplante-en-espagne-avec-lacquisition-de-global-feed-ecotrans\/"},"author":{"name":"C.M","@id":"https:\/\/vosgesinfo.fr\/remiremontinfo\/#\/schema\/person\/4f38cd3068e342935b7304695c797d08"},"headline":"Le Groupe Mauffrey s\u2019implante en Espagne avec l\u2019acquisition de Global Feed Ecotrans","datePublished":"2024-10-18T06:34:09+00:00","dateModified":"2024-10-18T12:48:38+00:00","mainEntityOfPage":{"@id":"https:\/\/vosgesinfo.fr\/remiremontinfo\/2024\/10\/le-groupe-mauffrey-simplante-en-espagne-avec-lacquisition-de-global-feed-ecotrans\/"},"wordCount":479,"commentCount":0,"publisher":{"@id":"https:\/\/vosgesinfo.fr\/remiremontinfo\/#organization"},"image":{"@id":"https:\/\/vosgesinfo.fr\/remiremontinfo\/2024\/10\/le-groupe-mauffrey-simplante-en-espagne-avec-lacquisition-de-global-feed-ecotrans\/#primaryimage"},"thumbnailUrl":"https:\/\/vosgesinfo.fr\/app\/uploads\/sites\/5\/2024\/10\/signature-acquisition-global-feed-ecotrans-scaled.jpg","keywords":["espagne","Mauffrey"],"articleSection":["A la Une","Eloyes","Entreprise","Saint-Nabord"],"inLanguage":"fr-FR","potentialAction":[{"@type":"CommentAction","name":"Comment","target":["https:\/\/vosgesinfo.fr\/remiremontinfo\/2024\/10\/le-groupe-mauffrey-simplante-en-espagne-avec-lacquisition-de-global-feed-ecotrans\/#respond"]}]},{"@type":"WebPage","@id":"https:\/\/vosgesinfo.fr\/remiremontinfo\/2024\/10\/le-groupe-mauffrey-simplante-en-espagne-avec-lacquisition-de-global-feed-ecotrans\/","url":"https:\/\/vosgesinfo.fr\/remiremontinfo\/2024\/10\/le-groupe-mauffrey-simplante-en-espagne-avec-lacquisition-de-global-feed-ecotrans\/","name":"Le Groupe Mauffrey s\u2019implante en Espagne avec l\u2019acquisition de Global Feed Ecotrans - Remiremont Info","isPartOf":{"@id":"https:\/\/vosgesinfo.fr\/remiremontinfo\/#website"},"primaryImageOfPage":{"@id":"https:\/\/vosgesinfo.fr\/remiremontinfo\/2024\/10\/le-groupe-mauffrey-simplante-en-espagne-avec-lacquisition-de-global-feed-ecotrans\/#primaryimage"},"image":{"@id":"https:\/\/vosgesinfo.fr\/remiremontinfo\/2024\/10\/le-groupe-mauffrey-simplante-en-espagne-avec-lacquisition-de-global-feed-ecotrans\/#primaryimage"},"thumbnailUrl":"https:\/\/vosgesinfo.fr\/app\/uploads\/sites\/5\/2024\/10\/signature-acquisition-global-feed-ecotrans-scaled.jpg","datePublished":"2024-10-18T06:34:09+00:00","dateModified":"2024-10-18T12:48:38+00:00","breadcrumb":{"@id":"https:\/\/vosgesinfo.fr\/remiremontinfo\/2024\/10\/le-groupe-mauffrey-simplante-en-espagne-avec-lacquisition-de-global-feed-ecotrans\/#breadcrumb"},"inLanguage":"fr-FR","potentialAction":[{"@type":"ReadAction","target":["https:\/\/vosgesinfo.fr\/remiremontinfo\/2024\/10\/le-groupe-mauffrey-simplante-en-espagne-avec-lacquisition-de-global-feed-ecotrans\/"]}]},{"@type":"ImageObject","inLanguage":"fr-FR","@id":"https:\/\/vosgesinfo.fr\/remiremontinfo\/2024\/10\/le-groupe-mauffrey-simplante-en-espagne-avec-lacquisition-de-global-feed-ecotrans\/#primaryimage","url":"https:\/\/vosgesinfo.fr\/app\/uploads\/sites\/5\/2024\/10\/signature-acquisition-global-feed-ecotrans-scaled.jpg","contentUrl":"https:\/\/vosgesinfo.fr\/app\/uploads\/sites\/5\/2024\/10\/signature-acquisition-global-feed-ecotrans-scaled.jpg","width":1920,"height":2560,"caption":"De gauche \u00e0 droite : Josep Mar\u00eda Gonzalez Perarnau, F\u00e9lix Ojeada JR, Directeurs de Global Feed Ecotrans, Dominique Mauffrey, Pr\u00e9sident du Conseil de Surveillance du Groupe Mauffrey et Benoit Schindele, Directeur International du Groupe Mauffrey."},{"@type":"BreadcrumbList","@id":"https:\/\/vosgesinfo.fr\/remiremontinfo\/2024\/10\/le-groupe-mauffrey-simplante-en-espagne-avec-lacquisition-de-global-feed-ecotrans\/#breadcrumb","itemListElement":[{"@type":"ListItem","position":1,"name":"Home","item":"https:\/\/vosgesinfo.fr\/remiremontinfo\/"},{"@type":"ListItem","position":2,"name":"Le Groupe Mauffrey s\u2019implante en Espagne avec l\u2019acquisition de Global Feed Ecotrans"}]},{"@type":"WebSite","@id":"https:\/\/vosgesinfo.fr\/remiremontinfo\/#website","url":"https:\/\/vosgesinfo.fr\/remiremontinfo\/","name":"Remiremont Info","description":"Toute l&#039;actualit\u00e9 de Remiremont","publisher":{"@id":"https:\/\/vosgesinfo.fr\/remiremontinfo\/#organization"},"alternateName":"Toute l'actualit\u00e9 de Remiremont","potentialAction":[{"@type":"SearchAction","target":{"@type":"EntryPoint","urlTemplate":"https:\/\/vosgesinfo.fr\/remiremontinfo\/?s={search_term_string}"},"query-input":"required name=search_term_string"}],"inLanguage":"fr-FR"},{"@type":"Organization","@id":"https:\/\/vosgesinfo.fr\/remiremontinfo\/#organization","name":"Remiremont Info","url":"https:\/\/vosgesinfo.fr\/remiremontinfo\/","logo":{"@type":"ImageObject","inLanguage":"fr-FR","@id":"https:\/\/vosgesinfo.fr\/remiremontinfo\/#\/schema\/logo\/image\/","url":"https:\/\/vosgesinfo.fr\/app\/uploads\/sites\/5\/2023\/08\/favicon-remiremontinfo.png","contentUrl":"https:\/\/vosgesinfo.fr\/app\/uploads\/sites\/5\/2023\/08\/favicon-remiremontinfo.png","width":512,"height":512,"caption":"Remiremont Info"},"image":{"@id":"https:\/\/vosgesinfo.fr\/remiremontinfo\/#\/schema\/logo\/image\/"},"sameAs":["https:\/\/www.facebook.com\/remiremontinfo","https:\/\/x.com\/VosgesInfo88","https:\/\/www.youtube.com\/@vosgesinfo"]},{"@type":"Person","@id":"https:\/\/vosgesinfo.fr\/remiremontinfo\/#\/schema\/person\/4f38cd3068e342935b7304695c797d08","name":"C.M","image":{"@type":"ImageObject","inLanguage":"fr-FR","@id":"https:\/\/vosgesinfo.fr\/remiremontinfo\/#\/schema\/person\/image\/","url":"https:\/\/secure.gravatar.com\/avatar\/fe9daaef0164d920717484172682f3c5c9bcf7d42aa8c7048c76c34f0eb6c8da?s=96&d=mm&r=g","contentUrl":"https:\/\/secure.gravatar.com\/avatar\/fe9daaef0164d920717484172682f3c5c9bcf7d42aa8c7048c76c34f0eb6c8da?s=96&d=mm&r=g","caption":"C.M"},"url":"https:\/\/vosgesinfo.fr\/remiremontinfo\/author\/cm88200\/"}]}},"_links":{"self":[{"href":"https:\/\/vosgesinfo.fr\/remiremontinfo\/wp-json\/wp\/v2\/posts\/74521","targetHints":{"allow":["GET"]}}],"collection":[{"href":"https:\/\/vosgesinfo.fr\/remiremontinfo\/wp-json\/wp\/v2\/posts"}],"about":[{"href":"https:\/\/vosgesinfo.fr\/remiremontinfo\/wp-json\/wp\/v2\/types\/post"}],"author":[{"embeddable":true,"href":"https:\/\/vosgesinfo.fr\/remiremontinfo\/wp-json\/wp\/v2\/users\/418"}],"replies":[{"embeddable":true,"href":"https:\/\/vosgesinfo.fr\/remiremontinfo\/wp-json\/wp\/v2\/comments?post=74521"}],"version-history":[{"count":2,"href":"https:\/\/vosgesinfo.fr\/remiremontinfo\/wp-json\/wp\/v2\/posts\/74521\/revisions"}],"predecessor-version":[{"id":74524,"href":"https:\/\/vosgesinfo.fr\/remiremontinfo\/wp-json\/wp\/v2\/posts\/74521\/revisions\/74524"}],"wp:featuredmedia":[{"embeddable":true,"href":"https:\/\/vosgesinfo.fr\/remiremontinfo\/wp-json\/wp\/v2\/media\/74522"}],"wp:attachment":[{"href":"https:\/\/vosgesinfo.fr\/remiremontinfo\/wp-json\/wp\/v2\/media?parent=74521"}],"wp:term":[{"taxonomy":"category","embeddable":true,"href":"https:\/\/vosgesinfo.fr\/remiremontinfo\/wp-json\/wp\/v2\/categories?post=74521"},{"taxonomy":"post_tag","embeddable":true,"href":"https:\/\/vosgesinfo.fr\/remiremontinfo\/wp-json\/wp\/v2\/tags?post=74521"}],"curies":[{"name":"wp","href":"https:\/\/api.w.org\/{rel}","templated":true}]}}