{"id":74637,"date":"2024-10-22T09:54:57","date_gmt":"2024-10-22T07:54:57","guid":{"rendered":"https:\/\/vosgesinfo.fr\/remiremontinfo\/?p=74637"},"modified":"2024-10-22T09:54:57","modified_gmt":"2024-10-22T07:54:57","slug":"succes-pour-la-1ere-edition-du-cross-duathlon-illico-perso-a-la-bresse","status":"publish","type":"post","link":"https:\/\/vosgesinfo.fr\/remiremontinfo\/2024\/10\/succes-pour-la-1ere-edition-du-cross-duathlon-illico-perso-a-la-bresse\/","title":{"rendered":"Succ\u00e8s pour la 1\u00e8re \u00e9dition du Cross Duathlon Illico Perso \u00e0 La Bresse"},"content":{"rendered":"\n\t\t<style type=\"text\/css\">\n\t\t\t#gallery-1 {\n\t\t\t\tmargin: auto;\n\t\t\t}\n\t\t\t#gallery-1 .gallery-item {\n\t\t\t\tfloat: left;\n\t\t\t\tmargin-top: 10px;\n\t\t\t\ttext-align: center;\n\t\t\t\twidth: 33%;\n\t\t\t}\n\t\t\t#gallery-1 img {\n\t\t\t\tborder: 2px solid #cfcfcf;\n\t\t\t}\n\t\t\t#gallery-1 .gallery-caption {\n\t\t\t\tmargin-left: 0;\n\t\t\t}\n\t\t\t\/* see gallery_shortcode() in wp-includes\/media.php *\/\n\t\t<\/style>\n\t\t<div id='gallery-1' class='gallery galleryid-74637 gallery-columns-3 gallery-size-large'><dl class='gallery-item'>\n\t\t\t<dt class='gallery-icon portrait'>\n\t\t\t\t<a href='https:\/\/vosgesinfo.fr\/remiremontinfo\/2024\/10\/succes-pour-la-1ere-edition-du-cross-duathlon-illico-perso-a-la-bresse\/cross-duathlon-labresse\/'><img decoding=\"async\" width=\"600\" height=\"1024\" src=\"https:\/\/vosgesinfo.fr\/app\/uploads\/sites\/5\/2024\/10\/cross-duathlon-labresse-600x1024.png\" class=\"attachment-large size-large\" alt=\"\" aria-describedby=\"gallery-1-74646\" srcset=\"https:\/\/vosgesinfo.fr\/app\/uploads\/sites\/5\/2024\/10\/cross-duathlon-labresse-600x1024.png 600w, https:\/\/vosgesinfo.fr\/app\/uploads\/sites\/5\/2024\/10\/cross-duathlon-labresse-176x300.png 176w, https:\/\/vosgesinfo.fr\/app\/uploads\/sites\/5\/2024\/10\/cross-duathlon-labresse-768x1312.png 768w, https:\/\/vosgesinfo.fr\/app\/uploads\/sites\/5\/2024\/10\/cross-duathlon-labresse.png 780w\" sizes=\"(max-width: 600px) 100vw, 600px\" \/><\/a>\n\t\t\t<\/dt>\n\t\t\t\t<dd class='wp-caption-text gallery-caption' id='gallery-1-74646'>\n\t\t\t\tPhotographie : Emilie A.\n\t\t\t\t<\/dd><\/dl><dl class='gallery-item'>\n\t\t\t<dt class='gallery-icon portrait'>\n\t\t\t\t<a href='https:\/\/vosgesinfo.fr\/remiremontinfo\/2024\/10\/succes-pour-la-1ere-edition-du-cross-duathlon-illico-perso-a-la-bresse\/cross-duathlon-la-bresse-4\/'><img decoding=\"async\" width=\"618\" height=\"1024\" src=\"https:\/\/vosgesinfo.fr\/app\/uploads\/sites\/5\/2024\/10\/cross-duathlon-la-bresse-4-618x1024.png\" class=\"attachment-large size-large\" alt=\"\" aria-describedby=\"gallery-1-74640\" srcset=\"https:\/\/vosgesinfo.fr\/app\/uploads\/sites\/5\/2024\/10\/cross-duathlon-la-bresse-4-618x1024.png 618w, https:\/\/vosgesinfo.fr\/app\/uploads\/sites\/5\/2024\/10\/cross-duathlon-la-bresse-4-181x300.png 181w, https:\/\/vosgesinfo.fr\/app\/uploads\/sites\/5\/2024\/10\/cross-duathlon-la-bresse-4-768x1273.png 768w, https:\/\/vosgesinfo.fr\/app\/uploads\/sites\/5\/2024\/10\/cross-duathlon-la-bresse-4.png 788w\" sizes=\"(max-width: 618px) 100vw, 618px\" \/><\/a>\n\t\t\t<\/dt>\n\t\t\t\t<dd class='wp-caption-text gallery-caption' id='gallery-1-74640'>\n\t\t\t\tPhotographie : Emilie A.\n\t\t\t\t<\/dd><\/dl><dl class='gallery-item'>\n\t\t\t<dt class='gallery-icon portrait'>\n\t\t\t\t<a href='https:\/\/vosgesinfo.fr\/remiremontinfo\/2024\/10\/succes-pour-la-1ere-edition-du-cross-duathlon-illico-perso-a-la-bresse\/cross-duathlon-la-bresse-3\/'><img decoding=\"async\" width=\"623\" height=\"1024\" src=\"https:\/\/vosgesinfo.fr\/app\/uploads\/sites\/5\/2024\/10\/cross-duathlon-la-bresse-3-623x1024.png\" class=\"attachment-large size-large\" alt=\"\" aria-describedby=\"gallery-1-74639\" srcset=\"https:\/\/vosgesinfo.fr\/app\/uploads\/sites\/5\/2024\/10\/cross-duathlon-la-bresse-3-623x1024.png 623w, https:\/\/vosgesinfo.fr\/app\/uploads\/sites\/5\/2024\/10\/cross-duathlon-la-bresse-3-182x300.png 182w, https:\/\/vosgesinfo.fr\/app\/uploads\/sites\/5\/2024\/10\/cross-duathlon-la-bresse-3-768x1263.png 768w, https:\/\/vosgesinfo.fr\/app\/uploads\/sites\/5\/2024\/10\/cross-duathlon-la-bresse-3.png 792w\" sizes=\"(max-width: 623px) 100vw, 623px\" \/><\/a>\n\t\t\t<\/dt>\n\t\t\t\t<dd class='wp-caption-text gallery-caption' id='gallery-1-74639'>\n\t\t\t\tPhotographie : Emilie A.\n\t\t\t\t<\/dd><\/dl><br style=\"clear: both\" \/>\n\t\t<\/div>\n\n<p><strong>Le 20 octobre 2024, La Bressaude Triathlon a marqu\u00e9 les esprits avec la premi\u00e8re \u00e9dition du Cross Duathlon Illico Perso. Plus de 200 participants, amateurs et licenci\u00e9s, ont profit\u00e9 d\u2019une journ\u00e9e sportive au Col de Grosse Pierre sous un ciel ensoleill\u00e9, une belle r\u00e9compense apr\u00e8s des semaines de pluie.<\/strong><\/p>\n<p>L\u2019organisation, men\u00e9e par une quarantaine de licenci\u00e9s du club, a \u00e9t\u00e9 exemplaire, offrant un parcours exigeant dans une ambiance conviviale.<\/p>\n<p>Parmi les performances marquantes, Yann Maret s\u2019est impos\u00e9 chez les hommes, tandis que Thessa Lavancier a domin\u00e9 chez les femmes. Les jeunes ont \u00e9galement brill\u00e9, avec des victoires de Romane Dubuc et L\u00e9on Grosjean chez les enfants.<\/p>\n<p>Le Cross Duathlon a \u00e9t\u00e9 bien plus qu\u2019une comp\u00e9tition, il a c\u00e9l\u00e9br\u00e9 le sport et les paysages vosgiens, laissant un souvenir m\u00e9morable \u00e0 tous les participants et spectateurs.<\/p>\n<p>&nbsp;<\/p>\n<blockquote>\n<blockquote>\n<p dir=\"auto\"><strong>Voici les r\u00e9sultats marquants de la journ\u00e9e :<\/strong><\/p>\n<p dir=\"auto\"><strong>Chez les adultes :<\/strong><\/p>\n<p dir=\"auto\">\u2022 Yann Maret, 1er Senior Homme et vainqueur au scratch, a survol\u00e9 l\u2019\u00e9preuve, s\u2019imposant avec autorit\u00e9.<\/p>\n<p dir=\"auto\">\u2022 Thessa Lavancier, 1\u00e8re Junior Femme et \u00e9galement 1\u00e8re Femme au scratch, a impressionn\u00e9 par sa r\u00e9gularit\u00e9 et sa ma\u00eetrise sur le parcours.<\/p>\n<p dir=\"auto\">\u2022 Paul Costille a brill\u00e9 chez les cadets, remportant la 1\u00e8re place.<\/p>\n<p dir=\"auto\">\u2022 Romane Boy\u00e9, 1\u00e8re Senior Femme, a marqu\u00e9 la comp\u00e9tition chez les femmes.<\/p>\n<p dir=\"auto\">\u2022 Raphael Arnould, 1er Junior Homme, a fait preuve d\u2019un grand talent tout au long de l\u2019\u00e9preuve.<\/p>\n<p dir=\"auto\">\u2022 Chez les v\u00e9t\u00e9rans, Blandine Grosdemange (1\u00e8re Femme) et Fr\u00e9d\u00e9ric Ollivier (1er Homme) se sont impos\u00e9s avec brio.<\/p>\n<p dir=\"auto\"><strong>Chez les enfants :<\/strong><\/p>\n<p dir=\"auto\">\u2022 Sur la course 8\/11 ans Romane Dubuc (1\u00e8re Poussine) et L\u00e9onine Stiedel (1\u00e8re Pupille) chez les filles, ainsi qu&rsquo;Antoine Beck (1er Poussin) et L\u00e9on Grosjean (1er Pupille) chez les gar\u00e7ons, ont domin\u00e9 leur cat\u00e9gorie.<\/p>\n<p dir=\"auto\">\u2022 Dans la cat\u00e9gorie 12\/15 ans, Manon Beck (1\u00e8re Benjamine) et L\u00e9a Jacquels (1\u00e8re Minime) se sont distingu\u00e9es chez les filles, tandis que Marcel Grosjean (1er Benjamin) et Basile Mathis (1er Minime) ont fait de m\u00eame chez les gar\u00e7ons.<\/p>\n<p dir=\"auto\"><strong>Relais :<\/strong><\/p>\n<p dir=\"auto\">\u2022 Nathan Wiss et Louka Didier se sont impos\u00e9s comme vainqueurs dans la cat\u00e9gorie relais hommes.<\/p>\n<p dir=\"auto\">\u2022 Sabrina Enaux et Camille Bourgeois ont remport\u00e9 la victoire en relais femmes.<\/p>\n<p dir=\"auto\">\u2022 Anne-Laure et Mathieu Prud&rsquo;homme ont domin\u00e9 la cat\u00e9gorie relais mixtes.<\/p>\n<\/blockquote>\n\n\t\t<style type=\"text\/css\">\n\t\t\t#gallery-2 {\n\t\t\t\tmargin: auto;\n\t\t\t}\n\t\t\t#gallery-2 .gallery-item {\n\t\t\t\tfloat: left;\n\t\t\t\tmargin-top: 10px;\n\t\t\t\ttext-align: center;\n\t\t\t\twidth: 20%;\n\t\t\t}\n\t\t\t#gallery-2 img {\n\t\t\t\tborder: 2px solid #cfcfcf;\n\t\t\t}\n\t\t\t#gallery-2 .gallery-caption {\n\t\t\t\tmargin-left: 0;\n\t\t\t}\n\t\t\t\/* see gallery_shortcode() in wp-includes\/media.php *\/\n\t\t<\/style>\n\t\t<div id='gallery-2' class='gallery galleryid-74637 gallery-columns-5 gallery-size-full'><dl class='gallery-item'>\n\t\t\t<dt class='gallery-icon portrait'>\n\t\t\t\t<a href='https:\/\/vosgesinfo.fr\/remiremontinfo\/2024\/10\/succes-pour-la-1ere-edition-du-cross-duathlon-illico-perso-a-la-bresse\/img_2078\/'><img decoding=\"async\" width=\"1920\" height=\"2560\" src=\"https:\/\/vosgesinfo.fr\/app\/uploads\/sites\/5\/2024\/10\/img-2078-scaled.jpeg\" class=\"attachment-full size-full\" alt=\"\" aria-describedby=\"gallery-2-74647\" srcset=\"https:\/\/vosgesinfo.fr\/app\/uploads\/sites\/5\/2024\/10\/img-2078-scaled.jpeg 1920w, https:\/\/vosgesinfo.fr\/app\/uploads\/sites\/5\/2024\/10\/img-2078-225x300.jpeg 225w, https:\/\/vosgesinfo.fr\/app\/uploads\/sites\/5\/2024\/10\/img-2078-768x1024.jpeg 768w, https:\/\/vosgesinfo.fr\/app\/uploads\/sites\/5\/2024\/10\/img-2078-1152x1536.jpeg 1152w, https:\/\/vosgesinfo.fr\/app\/uploads\/sites\/5\/2024\/10\/img-2078-1536x2048.jpeg 1536w\" sizes=\"(max-width: 1920px) 100vw, 1920px\" \/><\/a>\n\t\t\t<\/dt>\n\t\t\t\t<dd class='wp-caption-text gallery-caption' id='gallery-2-74647'>\n\t\t\t\tPhotographie : Emilie A.\n\t\t\t\t<\/dd><\/dl><dl class='gallery-item'>\n\t\t\t<dt class='gallery-icon portrait'>\n\t\t\t\t<a href='https:\/\/vosgesinfo.fr\/remiremontinfo\/2024\/10\/succes-pour-la-1ere-edition-du-cross-duathlon-illico-perso-a-la-bresse\/cross-duathlon-la-bresse-6\/'><img decoding=\"async\" width=\"780\" height=\"1266\" src=\"https:\/\/vosgesinfo.fr\/app\/uploads\/sites\/5\/2024\/10\/cross-duathlon-la-bresse-6.png\" class=\"attachment-full size-full\" alt=\"\" aria-describedby=\"gallery-2-74642\" srcset=\"https:\/\/vosgesinfo.fr\/app\/uploads\/sites\/5\/2024\/10\/cross-duathlon-la-bresse-6.png 780w, https:\/\/vosgesinfo.fr\/app\/uploads\/sites\/5\/2024\/10\/cross-duathlon-la-bresse-6-185x300.png 185w, https:\/\/vosgesinfo.fr\/app\/uploads\/sites\/5\/2024\/10\/cross-duathlon-la-bresse-6-631x1024.png 631w, https:\/\/vosgesinfo.fr\/app\/uploads\/sites\/5\/2024\/10\/cross-duathlon-la-bresse-6-768x1247.png 768w\" sizes=\"(max-width: 780px) 100vw, 780px\" \/><\/a>\n\t\t\t<\/dt>\n\t\t\t\t<dd class='wp-caption-text gallery-caption' id='gallery-2-74642'>\n\t\t\t\tPhotographie : Emilie A.\n\t\t\t\t<\/dd><\/dl><dl class='gallery-item'>\n\t\t\t<dt class='gallery-icon portrait'>\n\t\t\t\t<a href='https:\/\/vosgesinfo.fr\/remiremontinfo\/2024\/10\/succes-pour-la-1ere-edition-du-cross-duathlon-illico-perso-a-la-bresse\/cross-duathlon-la-bresse-5\/'><img decoding=\"async\" width=\"786\" height=\"1224\" src=\"https:\/\/vosgesinfo.fr\/app\/uploads\/sites\/5\/2024\/10\/cross-duathlon-la-bresse-5.png\" class=\"attachment-full size-full\" alt=\"\" aria-describedby=\"gallery-2-74641\" srcset=\"https:\/\/vosgesinfo.fr\/app\/uploads\/sites\/5\/2024\/10\/cross-duathlon-la-bresse-5.png 786w, https:\/\/vosgesinfo.fr\/app\/uploads\/sites\/5\/2024\/10\/cross-duathlon-la-bresse-5-193x300.png 193w, https:\/\/vosgesinfo.fr\/app\/uploads\/sites\/5\/2024\/10\/cross-duathlon-la-bresse-5-658x1024.png 658w, https:\/\/vosgesinfo.fr\/app\/uploads\/sites\/5\/2024\/10\/cross-duathlon-la-bresse-5-768x1196.png 768w\" sizes=\"(max-width: 786px) 100vw, 786px\" \/><\/a>\n\t\t\t<\/dt>\n\t\t\t\t<dd class='wp-caption-text gallery-caption' id='gallery-2-74641'>\n\t\t\t\tPhotographie : Emilie A.\n\t\t\t\t<\/dd><\/dl><dl class='gallery-item'>\n\t\t\t<dt class='gallery-icon portrait'>\n\t\t\t\t<a href='https:\/\/vosgesinfo.fr\/remiremontinfo\/2024\/10\/succes-pour-la-1ere-edition-du-cross-duathlon-illico-perso-a-la-bresse\/cross-duathlon-la-bresse-7\/'><img decoding=\"async\" width=\"790\" height=\"1238\" src=\"https:\/\/vosgesinfo.fr\/app\/uploads\/sites\/5\/2024\/10\/cross-duathlon-la-bresse-7.png\" class=\"attachment-full size-full\" alt=\"\" aria-describedby=\"gallery-2-74643\" srcset=\"https:\/\/vosgesinfo.fr\/app\/uploads\/sites\/5\/2024\/10\/cross-duathlon-la-bresse-7.png 790w, https:\/\/vosgesinfo.fr\/app\/uploads\/sites\/5\/2024\/10\/cross-duathlon-la-bresse-7-191x300.png 191w, https:\/\/vosgesinfo.fr\/app\/uploads\/sites\/5\/2024\/10\/cross-duathlon-la-bresse-7-653x1024.png 653w, https:\/\/vosgesinfo.fr\/app\/uploads\/sites\/5\/2024\/10\/cross-duathlon-la-bresse-7-768x1204.png 768w\" sizes=\"(max-width: 790px) 100vw, 790px\" \/><\/a>\n\t\t\t<\/dt>\n\t\t\t\t<dd class='wp-caption-text gallery-caption' id='gallery-2-74643'>\n\t\t\t\tPhotographie : Emilie A.\n\t\t\t\t<\/dd><\/dl><dl class='gallery-item'>\n\t\t\t<dt class='gallery-icon portrait'>\n\t\t\t\t<a href='https:\/\/vosgesinfo.fr\/remiremontinfo\/2024\/10\/succes-pour-la-1ere-edition-du-cross-duathlon-illico-perso-a-la-bresse\/cross-duathlon-la-bresse-2\/'><img decoding=\"async\" width=\"788\" height=\"1332\" src=\"https:\/\/vosgesinfo.fr\/app\/uploads\/sites\/5\/2024\/10\/cross-duathlon-la-bresse-2.png\" class=\"attachment-full size-full\" alt=\"\" aria-describedby=\"gallery-2-74638\" srcset=\"https:\/\/vosgesinfo.fr\/app\/uploads\/sites\/5\/2024\/10\/cross-duathlon-la-bresse-2.png 788w, https:\/\/vosgesinfo.fr\/app\/uploads\/sites\/5\/2024\/10\/cross-duathlon-la-bresse-2-177x300.png 177w, https:\/\/vosgesinfo.fr\/app\/uploads\/sites\/5\/2024\/10\/cross-duathlon-la-bresse-2-606x1024.png 606w, https:\/\/vosgesinfo.fr\/app\/uploads\/sites\/5\/2024\/10\/cross-duathlon-la-bresse-2-768x1298.png 768w\" sizes=\"(max-width: 788px) 100vw, 788px\" \/><\/a>\n\t\t\t<\/dt>\n\t\t\t\t<dd class='wp-caption-text gallery-caption' id='gallery-2-74638'>\n\t\t\t\tPhotographie : Emilie A.\n\t\t\t\t<\/dd><\/dl><br style=\"clear: both\" \/>\n\t\t<\/div>\n<\/blockquote>\n","protected":false},"excerpt":{"rendered":"<p>Le 20 octobre 2024, La Bressaude Triathlon a marqu\u00e9 les esprits avec la premi\u00e8re \u00e9dition du Cross Duathlon Illico Perso. [&hellip;]<\/p>\n","protected":false},"author":418,"featured_media":74639,"comment_status":"open","ping_status":"open","sticky":false,"template":"","format":"standard","meta":{"footnotes":""},"categories":[26,108,1547,104,845,43,362,14],"tags":[6300,6246,105],"class_list":["post-74637","post","type-post","status-publish","format-standard","has-post-thumbnail","hentry","category-a-la-une","category-epinal","category-gerardmer-2","category-la-bresse-la-bresse-son-canton","category-la-plaine-des-vosges","category-remiremont-remiremont-son-canton","category-saint-die","category-sport","tag-bressaude-triathlon","tag-cross-duathlon-illico-perso","tag-la-bresse"],"acf":[],"yoast_head":"<!-- This site is optimized with the Yoast SEO plugin v22.5 - https:\/\/yoast.com\/wordpress\/plugins\/seo\/ -->\n<title>Succ\u00e8s pour la 1\u00e8re \u00e9dition du Cross Duathlon Illico Perso \u00e0 La Bresse - Remiremont Info<\/title>\n<meta name=\"robots\" content=\"index, follow, max-snippet:-1, max-image-preview:large, max-video-preview:-1\" \/>\n<link rel=\"canonical\" href=\"https:\/\/vosgesinfo.fr\/remiremontinfo\/?p=74637\" \/>\n<meta name=\"twitter:card\" content=\"summary_large_image\" \/>\n<meta name=\"twitter:title\" content=\"Succ\u00e8s pour la 1\u00e8re \u00e9dition du Cross Duathlon Illico Perso \u00e0 La Bresse - Remiremont Info\" \/>\n<meta name=\"twitter:description\" content=\"Le 20 octobre 2024, La Bressaude Triathlon a marqu\u00e9 les esprits avec la premi\u00e8re \u00e9dition du Cross Duathlon Illico Perso. [&hellip;]\" \/>\n<meta name=\"twitter:image\" content=\"https:\/\/vosgesinfo.fr\/app\/uploads\/sites\/5\/2024\/10\/cross-duathlon-la-bresse-3.png\" \/>\n<meta name=\"twitter:creator\" content=\"@VosgesInfo88\" \/>\n<meta name=\"twitter:site\" content=\"@VosgesInfo88\" \/>\n<meta name=\"twitter:label1\" content=\"\u00c9crit par\" \/>\n\t<meta name=\"twitter:data1\" content=\"C.M\" \/>\n\t<meta name=\"twitter:label2\" content=\"Dur\u00e9e de lecture estim\u00e9e\" \/>\n\t<meta name=\"twitter:data2\" content=\"1 minute\" \/>\n<script type=\"application\/ld+json\" class=\"yoast-schema-graph\">{\"@context\":\"https:\/\/schema.org\",\"@graph\":[{\"@type\":\"Article\",\"@id\":\"https:\/\/vosgesinfo.fr\/remiremontinfo\/?p=74637#article\",\"isPartOf\":{\"@id\":\"https:\/\/vosgesinfo.fr\/remiremontinfo\/?p=74637\"},\"author\":{\"name\":\"C.M\",\"@id\":\"https:\/\/vosgesinfo.fr\/remiremontinfo\/#\/schema\/person\/4f38cd3068e342935b7304695c797d08\"},\"headline\":\"Succ\u00e8s pour la 1\u00e8re \u00e9dition du Cross Duathlon Illico Perso \u00e0 La Bresse\",\"datePublished\":\"2024-10-22T07:54:57+00:00\",\"dateModified\":\"2024-10-22T07:54:57+00:00\",\"mainEntityOfPage\":{\"@id\":\"https:\/\/vosgesinfo.fr\/remiremontinfo\/?p=74637\"},\"wordCount\":411,\"commentCount\":0,\"publisher\":{\"@id\":\"https:\/\/vosgesinfo.fr\/remiremontinfo\/#organization\"},\"image\":{\"@id\":\"https:\/\/vosgesinfo.fr\/remiremontinfo\/?p=74637#primaryimage\"},\"thumbnailUrl\":\"https:\/\/vosgesinfo.fr\/app\/uploads\/sites\/5\/2024\/10\/cross-duathlon-la-bresse-3.png\",\"keywords\":[\"Bressaude Triathlon\",\"Cross Duathlon Illico Perso\",\"la bresse\"],\"articleSection\":[\"A la Une\",\"Epinal\",\"Gerardmer\",\"La Bresse\",\"La plaine des vosges\",\"Remiremont\",\"Saint-di\u00e9\",\"Sport\"],\"inLanguage\":\"fr-FR\",\"potentialAction\":[{\"@type\":\"CommentAction\",\"name\":\"Comment\",\"target\":[\"https:\/\/vosgesinfo.fr\/remiremontinfo\/?p=74637#respond\"]}]},{\"@type\":\"WebPage\",\"@id\":\"https:\/\/vosgesinfo.fr\/remiremontinfo\/?p=74637\",\"url\":\"https:\/\/vosgesinfo.fr\/remiremontinfo\/?p=74637\",\"name\":\"Succ\u00e8s pour la 1\u00e8re \u00e9dition du Cross Duathlon Illico Perso \u00e0 La Bresse - Remiremont Info\",\"isPartOf\":{\"@id\":\"https:\/\/vosgesinfo.fr\/remiremontinfo\/#website\"},\"primaryImageOfPage\":{\"@id\":\"https:\/\/vosgesinfo.fr\/remiremontinfo\/?p=74637#primaryimage\"},\"image\":{\"@id\":\"https:\/\/vosgesinfo.fr\/remiremontinfo\/?p=74637#primaryimage\"},\"thumbnailUrl\":\"https:\/\/vosgesinfo.fr\/app\/uploads\/sites\/5\/2024\/10\/cross-duathlon-la-bresse-3.png\",\"datePublished\":\"2024-10-22T07:54:57+00:00\",\"dateModified\":\"2024-10-22T07:54:57+00:00\",\"breadcrumb\":{\"@id\":\"https:\/\/vosgesinfo.fr\/remiremontinfo\/?p=74637#breadcrumb\"},\"inLanguage\":\"fr-FR\",\"potentialAction\":[{\"@type\":\"ReadAction\",\"target\":[\"https:\/\/vosgesinfo.fr\/remiremontinfo\/?p=74637\"]}]},{\"@type\":\"ImageObject\",\"inLanguage\":\"fr-FR\",\"@id\":\"https:\/\/vosgesinfo.fr\/remiremontinfo\/?p=74637#primaryimage\",\"url\":\"https:\/\/vosgesinfo.fr\/app\/uploads\/sites\/5\/2024\/10\/cross-duathlon-la-bresse-3.png\",\"contentUrl\":\"https:\/\/vosgesinfo.fr\/app\/uploads\/sites\/5\/2024\/10\/cross-duathlon-la-bresse-3.png\",\"width\":792,\"height\":1302,\"caption\":\"Photographie : Emilie A.\"},{\"@type\":\"BreadcrumbList\",\"@id\":\"https:\/\/vosgesinfo.fr\/remiremontinfo\/?p=74637#breadcrumb\",\"itemListElement\":[{\"@type\":\"ListItem\",\"position\":1,\"name\":\"Home\",\"item\":\"https:\/\/vosgesinfo.fr\/remiremontinfo\/\"},{\"@type\":\"ListItem\",\"position\":2,\"name\":\"Succ\u00e8s pour la 1\u00e8re \u00e9dition du Cross Duathlon Illico Perso \u00e0 La Bresse\"}]},{\"@type\":\"WebSite\",\"@id\":\"https:\/\/vosgesinfo.fr\/remiremontinfo\/#website\",\"url\":\"https:\/\/vosgesinfo.fr\/remiremontinfo\/\",\"name\":\"Remiremont Info\",\"description\":\"Toute l&#039;actualit\u00e9 de Remiremont\",\"publisher\":{\"@id\":\"https:\/\/vosgesinfo.fr\/remiremontinfo\/#organization\"},\"alternateName\":\"Toute l'actualit\u00e9 de Remiremont\",\"potentialAction\":[{\"@type\":\"SearchAction\",\"target\":{\"@type\":\"EntryPoint\",\"urlTemplate\":\"https:\/\/vosgesinfo.fr\/remiremontinfo\/?s={search_term_string}\"},\"query-input\":\"required name=search_term_string\"}],\"inLanguage\":\"fr-FR\"},{\"@type\":\"Organization\",\"@id\":\"https:\/\/vosgesinfo.fr\/remiremontinfo\/#organization\",\"name\":\"Remiremont Info\",\"url\":\"https:\/\/vosgesinfo.fr\/remiremontinfo\/\",\"logo\":{\"@type\":\"ImageObject\",\"inLanguage\":\"fr-FR\",\"@id\":\"https:\/\/vosgesinfo.fr\/remiremontinfo\/#\/schema\/logo\/image\/\",\"url\":\"https:\/\/vosgesinfo.fr\/app\/uploads\/sites\/5\/2023\/08\/favicon-remiremontinfo.png\",\"contentUrl\":\"https:\/\/vosgesinfo.fr\/app\/uploads\/sites\/5\/2023\/08\/favicon-remiremontinfo.png\",\"width\":512,\"height\":512,\"caption\":\"Remiremont Info\"},\"image\":{\"@id\":\"https:\/\/vosgesinfo.fr\/remiremontinfo\/#\/schema\/logo\/image\/\"},\"sameAs\":[\"https:\/\/www.facebook.com\/remiremontinfo\",\"https:\/\/x.com\/VosgesInfo88\",\"https:\/\/www.youtube.com\/@vosgesinfo\"]},{\"@type\":\"Person\",\"@id\":\"https:\/\/vosgesinfo.fr\/remiremontinfo\/#\/schema\/person\/4f38cd3068e342935b7304695c797d08\",\"name\":\"C.M\",\"image\":{\"@type\":\"ImageObject\",\"inLanguage\":\"fr-FR\",\"@id\":\"https:\/\/vosgesinfo.fr\/remiremontinfo\/#\/schema\/person\/image\/\",\"url\":\"https:\/\/secure.gravatar.com\/avatar\/fe9daaef0164d920717484172682f3c5c9bcf7d42aa8c7048c76c34f0eb6c8da?s=96&d=mm&r=g\",\"contentUrl\":\"https:\/\/secure.gravatar.com\/avatar\/fe9daaef0164d920717484172682f3c5c9bcf7d42aa8c7048c76c34f0eb6c8da?s=96&d=mm&r=g\",\"caption\":\"C.M\"},\"url\":\"https:\/\/vosgesinfo.fr\/remiremontinfo\/author\/cm88200\/\"}]}<\/script>\n<!-- \/ Yoast SEO plugin. -->","yoast_head_json":{"title":"Succ\u00e8s pour la 1\u00e8re \u00e9dition du Cross Duathlon Illico Perso \u00e0 La Bresse - Remiremont Info","robots":{"index":"index","follow":"follow","max-snippet":"max-snippet:-1","max-image-preview":"max-image-preview:large","max-video-preview":"max-video-preview:-1"},"canonical":"https:\/\/vosgesinfo.fr\/remiremontinfo\/?p=74637","twitter_card":"summary_large_image","twitter_title":"Succ\u00e8s pour la 1\u00e8re \u00e9dition du Cross Duathlon Illico Perso \u00e0 La Bresse - Remiremont Info","twitter_description":"Le 20 octobre 2024, La Bressaude Triathlon a marqu\u00e9 les esprits avec la premi\u00e8re \u00e9dition du Cross Duathlon Illico Perso. [&hellip;]","twitter_image":"https:\/\/vosgesinfo.fr\/app\/uploads\/sites\/5\/2024\/10\/cross-duathlon-la-bresse-3.png","twitter_creator":"@VosgesInfo88","twitter_site":"@VosgesInfo88","twitter_misc":{"\u00c9crit par":"C.M","Dur\u00e9e de lecture estim\u00e9e":"1 minute"},"schema":{"@context":"https:\/\/schema.org","@graph":[{"@type":"Article","@id":"https:\/\/vosgesinfo.fr\/remiremontinfo\/?p=74637#article","isPartOf":{"@id":"https:\/\/vosgesinfo.fr\/remiremontinfo\/?p=74637"},"author":{"name":"C.M","@id":"https:\/\/vosgesinfo.fr\/remiremontinfo\/#\/schema\/person\/4f38cd3068e342935b7304695c797d08"},"headline":"Succ\u00e8s pour la 1\u00e8re \u00e9dition du Cross Duathlon Illico Perso \u00e0 La Bresse","datePublished":"2024-10-22T07:54:57+00:00","dateModified":"2024-10-22T07:54:57+00:00","mainEntityOfPage":{"@id":"https:\/\/vosgesinfo.fr\/remiremontinfo\/?p=74637"},"wordCount":411,"commentCount":0,"publisher":{"@id":"https:\/\/vosgesinfo.fr\/remiremontinfo\/#organization"},"image":{"@id":"https:\/\/vosgesinfo.fr\/remiremontinfo\/?p=74637#primaryimage"},"thumbnailUrl":"https:\/\/vosgesinfo.fr\/app\/uploads\/sites\/5\/2024\/10\/cross-duathlon-la-bresse-3.png","keywords":["Bressaude Triathlon","Cross Duathlon Illico Perso","la bresse"],"articleSection":["A la Une","Epinal","Gerardmer","La Bresse","La plaine des vosges","Remiremont","Saint-di\u00e9","Sport"],"inLanguage":"fr-FR","potentialAction":[{"@type":"CommentAction","name":"Comment","target":["https:\/\/vosgesinfo.fr\/remiremontinfo\/?p=74637#respond"]}]},{"@type":"WebPage","@id":"https:\/\/vosgesinfo.fr\/remiremontinfo\/?p=74637","url":"https:\/\/vosgesinfo.fr\/remiremontinfo\/?p=74637","name":"Succ\u00e8s pour la 1\u00e8re \u00e9dition du Cross Duathlon Illico Perso \u00e0 La Bresse - Remiremont Info","isPartOf":{"@id":"https:\/\/vosgesinfo.fr\/remiremontinfo\/#website"},"primaryImageOfPage":{"@id":"https:\/\/vosgesinfo.fr\/remiremontinfo\/?p=74637#primaryimage"},"image":{"@id":"https:\/\/vosgesinfo.fr\/remiremontinfo\/?p=74637#primaryimage"},"thumbnailUrl":"https:\/\/vosgesinfo.fr\/app\/uploads\/sites\/5\/2024\/10\/cross-duathlon-la-bresse-3.png","datePublished":"2024-10-22T07:54:57+00:00","dateModified":"2024-10-22T07:54:57+00:00","breadcrumb":{"@id":"https:\/\/vosgesinfo.fr\/remiremontinfo\/?p=74637#breadcrumb"},"inLanguage":"fr-FR","potentialAction":[{"@type":"ReadAction","target":["https:\/\/vosgesinfo.fr\/remiremontinfo\/?p=74637"]}]},{"@type":"ImageObject","inLanguage":"fr-FR","@id":"https:\/\/vosgesinfo.fr\/remiremontinfo\/?p=74637#primaryimage","url":"https:\/\/vosgesinfo.fr\/app\/uploads\/sites\/5\/2024\/10\/cross-duathlon-la-bresse-3.png","contentUrl":"https:\/\/vosgesinfo.fr\/app\/uploads\/sites\/5\/2024\/10\/cross-duathlon-la-bresse-3.png","width":792,"height":1302,"caption":"Photographie : Emilie A."},{"@type":"BreadcrumbList","@id":"https:\/\/vosgesinfo.fr\/remiremontinfo\/?p=74637#breadcrumb","itemListElement":[{"@type":"ListItem","position":1,"name":"Home","item":"https:\/\/vosgesinfo.fr\/remiremontinfo\/"},{"@type":"ListItem","position":2,"name":"Succ\u00e8s pour la 1\u00e8re \u00e9dition du Cross Duathlon Illico Perso \u00e0 La Bresse"}]},{"@type":"WebSite","@id":"https:\/\/vosgesinfo.fr\/remiremontinfo\/#website","url":"https:\/\/vosgesinfo.fr\/remiremontinfo\/","name":"Remiremont Info","description":"Toute l&#039;actualit\u00e9 de Remiremont","publisher":{"@id":"https:\/\/vosgesinfo.fr\/remiremontinfo\/#organization"},"alternateName":"Toute l'actualit\u00e9 de Remiremont","potentialAction":[{"@type":"SearchAction","target":{"@type":"EntryPoint","urlTemplate":"https:\/\/vosgesinfo.fr\/remiremontinfo\/?s={search_term_string}"},"query-input":"required name=search_term_string"}],"inLanguage":"fr-FR"},{"@type":"Organization","@id":"https:\/\/vosgesinfo.fr\/remiremontinfo\/#organization","name":"Remiremont Info","url":"https:\/\/vosgesinfo.fr\/remiremontinfo\/","logo":{"@type":"ImageObject","inLanguage":"fr-FR","@id":"https:\/\/vosgesinfo.fr\/remiremontinfo\/#\/schema\/logo\/image\/","url":"https:\/\/vosgesinfo.fr\/app\/uploads\/sites\/5\/2023\/08\/favicon-remiremontinfo.png","contentUrl":"https:\/\/vosgesinfo.fr\/app\/uploads\/sites\/5\/2023\/08\/favicon-remiremontinfo.png","width":512,"height":512,"caption":"Remiremont Info"},"image":{"@id":"https:\/\/vosgesinfo.fr\/remiremontinfo\/#\/schema\/logo\/image\/"},"sameAs":["https:\/\/www.facebook.com\/remiremontinfo","https:\/\/x.com\/VosgesInfo88","https:\/\/www.youtube.com\/@vosgesinfo"]},{"@type":"Person","@id":"https:\/\/vosgesinfo.fr\/remiremontinfo\/#\/schema\/person\/4f38cd3068e342935b7304695c797d08","name":"C.M","image":{"@type":"ImageObject","inLanguage":"fr-FR","@id":"https:\/\/vosgesinfo.fr\/remiremontinfo\/#\/schema\/person\/image\/","url":"https:\/\/secure.gravatar.com\/avatar\/fe9daaef0164d920717484172682f3c5c9bcf7d42aa8c7048c76c34f0eb6c8da?s=96&d=mm&r=g","contentUrl":"https:\/\/secure.gravatar.com\/avatar\/fe9daaef0164d920717484172682f3c5c9bcf7d42aa8c7048c76c34f0eb6c8da?s=96&d=mm&r=g","caption":"C.M"},"url":"https:\/\/vosgesinfo.fr\/remiremontinfo\/author\/cm88200\/"}]}},"_links":{"self":[{"href":"https:\/\/vosgesinfo.fr\/remiremontinfo\/wp-json\/wp\/v2\/posts\/74637","targetHints":{"allow":["GET"]}}],"collection":[{"href":"https:\/\/vosgesinfo.fr\/remiremontinfo\/wp-json\/wp\/v2\/posts"}],"about":[{"href":"https:\/\/vosgesinfo.fr\/remiremontinfo\/wp-json\/wp\/v2\/types\/post"}],"author":[{"embeddable":true,"href":"https:\/\/vosgesinfo.fr\/remiremontinfo\/wp-json\/wp\/v2\/users\/418"}],"replies":[{"embeddable":true,"href":"https:\/\/vosgesinfo.fr\/remiremontinfo\/wp-json\/wp\/v2\/comments?post=74637"}],"version-history":[{"count":1,"href":"https:\/\/vosgesinfo.fr\/remiremontinfo\/wp-json\/wp\/v2\/posts\/74637\/revisions"}],"predecessor-version":[{"id":74648,"href":"https:\/\/vosgesinfo.fr\/remiremontinfo\/wp-json\/wp\/v2\/posts\/74637\/revisions\/74648"}],"wp:featuredmedia":[{"embeddable":true,"href":"https:\/\/vosgesinfo.fr\/remiremontinfo\/wp-json\/wp\/v2\/media\/74639"}],"wp:attachment":[{"href":"https:\/\/vosgesinfo.fr\/remiremontinfo\/wp-json\/wp\/v2\/media?parent=74637"}],"wp:term":[{"taxonomy":"category","embeddable":true,"href":"https:\/\/vosgesinfo.fr\/remiremontinfo\/wp-json\/wp\/v2\/categories?post=74637"},{"taxonomy":"post_tag","embeddable":true,"href":"https:\/\/vosgesinfo.fr\/remiremontinfo\/wp-json\/wp\/v2\/tags?post=74637"}],"curies":[{"name":"wp","href":"https:\/\/api.w.org\/{rel}","templated":true}]}}