{"id":74794,"date":"2024-10-28T14:18:23","date_gmt":"2024-10-28T13:18:23","guid":{"rendered":"https:\/\/vosgesinfo.fr\/remiremontinfo\/?p=74794"},"modified":"2024-10-28T14:18:23","modified_gmt":"2024-10-28T13:18:23","slug":"les-bonnes-de-jean-genet-au-theatre-de-la-miroiterie-le-8-novembre","status":"publish","type":"post","link":"https:\/\/vosgesinfo.fr\/remiremontinfo\/2024\/10\/les-bonnes-de-jean-genet-au-theatre-de-la-miroiterie-le-8-novembre\/","title":{"rendered":"\u00ab Les Bonnes \u00bb de Jean Genet au Th\u00e9\u00e2tre de la Miroiterie le 8 novembre"},"content":{"rendered":"<p><a href=\"https:\/\/vosgesinfo.fr\/app\/uploads\/sites\/5\/2024\/10\/les-bonnes-photo-1.jpg\"><img decoding=\"async\" class=\"aligncenter size-full wp-image-74795\" src=\"https:\/\/vosgesinfo.fr\/app\/uploads\/sites\/5\/2024\/10\/les-bonnes-photo-1.jpg\" alt=\"\" width=\"577\" height=\"500\" srcset=\"https:\/\/vosgesinfo.fr\/app\/uploads\/sites\/5\/2024\/10\/les-bonnes-photo-1.jpg 577w, https:\/\/vosgesinfo.fr\/app\/uploads\/sites\/5\/2024\/10\/les-bonnes-photo-1-300x260.jpg 300w\" sizes=\"(max-width: 577px) 100vw, 577px\" \/><\/a><\/p>\n<p style=\"text-align: center;\"><strong><span class=\"s2\">\u00ab LES BONNES \u00bb DE JEAN GENET<\/span><\/strong><\/p>\n<p class=\"s4\" style=\"text-align: center;\"><strong><span class=\"s2\">UNE CR\u00c9ATION DE LA <\/span><span class=\"s3\">CIE TH\u00c9\u00c2TRE AU NOIR<\/span><\/strong><\/p>\n<p><strong>Les Bonnes\u00a0<\/strong><\/p>\n<p><strong>Le vendredi 8 novembre \u00e0 20h30\u00a0<\/strong><\/p>\n<p class=\"s4\"><span class=\"s3\">Dur\u00e9e\u00a0: 1h<\/span><\/p>\n<p class=\"s4\"><span class=\"s2\">Apr\u00e8s de nombreuses \u00ab com\u00e9dies classiques \u00bb (Le songe d&rsquo;une nuit d&rsquo;\u00e9t\u00e9, La Cerisaie, La Nuit des<\/span> <span class=\"s2\">rois, Le Mariage de Figaro\u00a0\u2026) <\/span><span class=\"s2\">Jacques Rimbert, metteur en sc\u00e8ne de la compagnie a eu envie de travailler sur un <\/span><span class=\"s2\">drame contemporain. <\/span><span class=\"s2\">Il a choisi \u00ab\u00a0Les bonnes\u00a0\u00bb de Jean Genet et l\u2019a propos\u00e9 \u00e0 trois com\u00e9diennes chevronn\u00e9es.<\/span><\/p>\n<p><span class=\"s2\">Jean Genet <\/span><span class=\"s2\">s&rsquo;est d\u00e9fendu de s&rsquo;\u00eatre inspir\u00e9 du meurtre sauvage des s\u0153urs Papin sur leur ma\u00eetresse, c\u00e9l\u00e8bre fait divers macabre des ann\u00e9es 30.<\/span><\/p>\n<p class=\"s4\"><span class=\"s2\">Sa pi\u00e8ce loin d&rsquo;en \u00eatre la chronique,<\/span><span class=\"s2\"> en <\/span><span class=\"s2\">explore des ab\u00eemes<\/span> <span class=\"s2\">vertigineux.<\/span><\/p>\n<p class=\"s4\"><span class=\"s2\">Le <\/span><span class=\"s2\">va et vient entre les mots et la sc\u00e8ne nous oblige sans cesse \u00e0 interroger le texte : les bonnes jouent-elles leur relation \u00e0 \u00ab Madame \u00bb<\/span><span class=\"s2\">\u00a0? <\/span><span class=\"s2\">leurs rapports pervers<\/span><span class=\"s2\">\u00a0? <\/span><span class=\"s2\">les deux \u00e0 la fois ?<\/span><\/p>\n<p class=\"s4\"><span class=\"s2\">A vous d&rsquo;en juger, tant Genet a entrelac\u00e9 fascination, m\u00e9pris et d\u00e9go\u00fbt des<\/span> <span class=\"s2\">s\u0153urs pour leur ma\u00eetresse<\/span><span class=\"s2\"> et pour elles m\u00eames jusqu\u2019\u00e0 la folie. Jusqu\u2019\u00e0 la mort\u00a0?<\/span><\/p>\n<p><span class=\"s3\">Avec\u00a0:<\/span><\/p>\n<p><span class=\"s3\">Claire Audouard, <em>Claire<\/em><\/span><\/p>\n<p><span class=\"s3\">Anne-Laure Frasnier, <em>Solange<\/em><\/span><\/p>\n<p><span class=\"s3\">C\u00e9cile Giacometti, <em>Madame<\/em><\/span><\/p>\n<p><span class=\"s2\">Mise en sc\u00e8ne, Jacques Rimbert<\/span><\/p>\n<p><strong>Pour rappel, le th\u00e9\u00e2tre de la Miroiterie (28 rue de la Joncherie &#8211; Remiremont) poss\u00e8de une jauge de 50 places, il est donc important de<\/strong> <strong>r\u00e9server au 07 49 29 33 37\u00a0<\/strong><\/p>\n<p><a href=\"https:\/\/vosgesinfo.fr\/app\/uploads\/sites\/5\/2024\/10\/les-bonnes-photo2.jpg\"><img decoding=\"async\" class=\"aligncenter size-full wp-image-74796\" src=\"https:\/\/vosgesinfo.fr\/app\/uploads\/sites\/5\/2024\/10\/les-bonnes-photo2.jpg\" alt=\"\" width=\"234\" height=\"312\" srcset=\"https:\/\/vosgesinfo.fr\/app\/uploads\/sites\/5\/2024\/10\/les-bonnes-photo2.jpg 234w, https:\/\/vosgesinfo.fr\/app\/uploads\/sites\/5\/2024\/10\/les-bonnes-photo2-225x300.jpg 225w\" sizes=\"(max-width: 234px) 100vw, 234px\" \/><\/a><\/p>\n","protected":false},"excerpt":{"rendered":"<p>\u00ab LES BONNES \u00bb DE JEAN GENET UNE CR\u00c9ATION DE LA CIE TH\u00c9\u00c2TRE AU NOIR Les Bonnes\u00a0 Le vendredi 8 [&hellip;]<\/p>\n","protected":false},"author":391,"featured_media":74795,"comment_status":"open","ping_status":"open","sticky":false,"template":"","format":"standard","meta":{"footnotes":""},"categories":[26,594,43],"tags":[44,279],"class_list":["post-74794","post","type-post","status-publish","format-standard","has-post-thumbnail","hentry","category-a-la-une","category-agenda","category-remiremont-remiremont-son-canton","tag-remiremont","tag-theatre-de-la-miroiterie"],"acf":[],"yoast_head":"<!-- This site is optimized with the Yoast SEO plugin v22.5 - https:\/\/yoast.com\/wordpress\/plugins\/seo\/ -->\n<title>\u00ab Les Bonnes \u00bb de Jean Genet au Th\u00e9\u00e2tre de la Miroiterie le 8 novembre - Remiremont Info<\/title>\n<meta name=\"robots\" content=\"index, follow, max-snippet:-1, max-image-preview:large, max-video-preview:-1\" \/>\n<link rel=\"canonical\" href=\"https:\/\/vosgesinfo.fr\/remiremontinfo\/?p=74794\" \/>\n<meta name=\"twitter:card\" content=\"summary_large_image\" \/>\n<meta name=\"twitter:title\" content=\"\u00ab Les Bonnes \u00bb de Jean Genet au Th\u00e9\u00e2tre de la Miroiterie le 8 novembre - Remiremont Info\" \/>\n<meta name=\"twitter:description\" content=\"\u00ab LES BONNES \u00bb DE JEAN GENET UNE CR\u00c9ATION DE LA CIE TH\u00c9\u00c2TRE AU NOIR Les Bonnes\u00a0 Le vendredi 8 [&hellip;]\" \/>\n<meta name=\"twitter:image\" content=\"https:\/\/vosgesinfo.fr\/app\/uploads\/sites\/5\/2024\/10\/les-bonnes-photo-1.jpg\" \/>\n<meta name=\"twitter:creator\" content=\"@VosgesInfo88\" \/>\n<meta name=\"twitter:site\" content=\"@VosgesInfo88\" \/>\n<meta name=\"twitter:label1\" content=\"\u00c9crit par\" \/>\n\t<meta name=\"twitter:data1\" content=\"La redaction\" \/>\n\t<meta name=\"twitter:label2\" content=\"Dur\u00e9e de lecture estim\u00e9e\" \/>\n\t<meta name=\"twitter:data2\" content=\"2 minutes\" \/>\n<script type=\"application\/ld+json\" class=\"yoast-schema-graph\">{\"@context\":\"https:\/\/schema.org\",\"@graph\":[{\"@type\":\"Article\",\"@id\":\"https:\/\/vosgesinfo.fr\/remiremontinfo\/?p=74794#article\",\"isPartOf\":{\"@id\":\"https:\/\/vosgesinfo.fr\/remiremontinfo\/?p=74794\"},\"author\":{\"name\":\"La redaction\",\"@id\":\"https:\/\/vosgesinfo.fr\/remiremontinfo\/#\/schema\/person\/27a3695b06db98895b354c0765cdfc31\"},\"headline\":\"\u00ab Les Bonnes \u00bb de Jean Genet au Th\u00e9\u00e2tre de la Miroiterie le 8 novembre\",\"datePublished\":\"2024-10-28T13:18:23+00:00\",\"dateModified\":\"2024-10-28T13:18:23+00:00\",\"mainEntityOfPage\":{\"@id\":\"https:\/\/vosgesinfo.fr\/remiremontinfo\/?p=74794\"},\"wordCount\":251,\"commentCount\":0,\"publisher\":{\"@id\":\"https:\/\/vosgesinfo.fr\/remiremontinfo\/#organization\"},\"image\":{\"@id\":\"https:\/\/vosgesinfo.fr\/remiremontinfo\/?p=74794#primaryimage\"},\"thumbnailUrl\":\"https:\/\/vosgesinfo.fr\/app\/uploads\/sites\/5\/2024\/10\/les-bonnes-photo-1.jpg\",\"keywords\":[\"remiremont\",\"th\u00e9\u00e2tre de la Miroiterie\"],\"articleSection\":[\"A la Une\",\"Agenda\",\"Remiremont\"],\"inLanguage\":\"fr-FR\",\"potentialAction\":[{\"@type\":\"CommentAction\",\"name\":\"Comment\",\"target\":[\"https:\/\/vosgesinfo.fr\/remiremontinfo\/?p=74794#respond\"]}]},{\"@type\":\"WebPage\",\"@id\":\"https:\/\/vosgesinfo.fr\/remiremontinfo\/?p=74794\",\"url\":\"https:\/\/vosgesinfo.fr\/remiremontinfo\/?p=74794\",\"name\":\"\u00ab Les Bonnes \u00bb de Jean Genet au Th\u00e9\u00e2tre de la Miroiterie le 8 novembre - Remiremont Info\",\"isPartOf\":{\"@id\":\"https:\/\/vosgesinfo.fr\/remiremontinfo\/#website\"},\"primaryImageOfPage\":{\"@id\":\"https:\/\/vosgesinfo.fr\/remiremontinfo\/?p=74794#primaryimage\"},\"image\":{\"@id\":\"https:\/\/vosgesinfo.fr\/remiremontinfo\/?p=74794#primaryimage\"},\"thumbnailUrl\":\"https:\/\/vosgesinfo.fr\/app\/uploads\/sites\/5\/2024\/10\/les-bonnes-photo-1.jpg\",\"datePublished\":\"2024-10-28T13:18:23+00:00\",\"dateModified\":\"2024-10-28T13:18:23+00:00\",\"breadcrumb\":{\"@id\":\"https:\/\/vosgesinfo.fr\/remiremontinfo\/?p=74794#breadcrumb\"},\"inLanguage\":\"fr-FR\",\"potentialAction\":[{\"@type\":\"ReadAction\",\"target\":[\"https:\/\/vosgesinfo.fr\/remiremontinfo\/?p=74794\"]}]},{\"@type\":\"ImageObject\",\"inLanguage\":\"fr-FR\",\"@id\":\"https:\/\/vosgesinfo.fr\/remiremontinfo\/?p=74794#primaryimage\",\"url\":\"https:\/\/vosgesinfo.fr\/app\/uploads\/sites\/5\/2024\/10\/les-bonnes-photo-1.jpg\",\"contentUrl\":\"https:\/\/vosgesinfo.fr\/app\/uploads\/sites\/5\/2024\/10\/les-bonnes-photo-1.jpg\",\"width\":577,\"height\":500},{\"@type\":\"BreadcrumbList\",\"@id\":\"https:\/\/vosgesinfo.fr\/remiremontinfo\/?p=74794#breadcrumb\",\"itemListElement\":[{\"@type\":\"ListItem\",\"position\":1,\"name\":\"Home\",\"item\":\"https:\/\/vosgesinfo.fr\/remiremontinfo\/\"},{\"@type\":\"ListItem\",\"position\":2,\"name\":\"\u00ab Les Bonnes \u00bb de Jean Genet au Th\u00e9\u00e2tre de la Miroiterie le 8 novembre\"}]},{\"@type\":\"WebSite\",\"@id\":\"https:\/\/vosgesinfo.fr\/remiremontinfo\/#website\",\"url\":\"https:\/\/vosgesinfo.fr\/remiremontinfo\/\",\"name\":\"Remiremont Info\",\"description\":\"Toute l&#039;actualit\u00e9 de Remiremont\",\"publisher\":{\"@id\":\"https:\/\/vosgesinfo.fr\/remiremontinfo\/#organization\"},\"alternateName\":\"Toute l'actualit\u00e9 de Remiremont\",\"potentialAction\":[{\"@type\":\"SearchAction\",\"target\":{\"@type\":\"EntryPoint\",\"urlTemplate\":\"https:\/\/vosgesinfo.fr\/remiremontinfo\/?s={search_term_string}\"},\"query-input\":\"required name=search_term_string\"}],\"inLanguage\":\"fr-FR\"},{\"@type\":\"Organization\",\"@id\":\"https:\/\/vosgesinfo.fr\/remiremontinfo\/#organization\",\"name\":\"Remiremont Info\",\"url\":\"https:\/\/vosgesinfo.fr\/remiremontinfo\/\",\"logo\":{\"@type\":\"ImageObject\",\"inLanguage\":\"fr-FR\",\"@id\":\"https:\/\/vosgesinfo.fr\/remiremontinfo\/#\/schema\/logo\/image\/\",\"url\":\"https:\/\/vosgesinfo.fr\/app\/uploads\/sites\/5\/2023\/08\/favicon-remiremontinfo.png\",\"contentUrl\":\"https:\/\/vosgesinfo.fr\/app\/uploads\/sites\/5\/2023\/08\/favicon-remiremontinfo.png\",\"width\":512,\"height\":512,\"caption\":\"Remiremont Info\"},\"image\":{\"@id\":\"https:\/\/vosgesinfo.fr\/remiremontinfo\/#\/schema\/logo\/image\/\"},\"sameAs\":[\"https:\/\/www.facebook.com\/remiremontinfo\",\"https:\/\/x.com\/VosgesInfo88\",\"https:\/\/www.youtube.com\/@vosgesinfo\"]},{\"@type\":\"Person\",\"@id\":\"https:\/\/vosgesinfo.fr\/remiremontinfo\/#\/schema\/person\/27a3695b06db98895b354c0765cdfc31\",\"name\":\"La redaction\",\"image\":{\"@type\":\"ImageObject\",\"inLanguage\":\"fr-FR\",\"@id\":\"https:\/\/vosgesinfo.fr\/remiremontinfo\/#\/schema\/person\/image\/\",\"url\":\"https:\/\/secure.gravatar.com\/avatar\/64c76a78e501cedee55736f43f332df901e1896ae9cd8fad269ae2236dd0e8b6?s=96&d=mm&r=g\",\"contentUrl\":\"https:\/\/secure.gravatar.com\/avatar\/64c76a78e501cedee55736f43f332df901e1896ae9cd8fad269ae2236dd0e8b6?s=96&d=mm&r=g\",\"caption\":\"La redaction\"},\"url\":\"https:\/\/vosgesinfo.fr\/remiremontinfo\/author\/la-redaction\/\"}]}<\/script>\n<!-- \/ Yoast SEO plugin. -->","yoast_head_json":{"title":"\u00ab Les Bonnes \u00bb de Jean Genet au Th\u00e9\u00e2tre de la Miroiterie le 8 novembre - Remiremont Info","robots":{"index":"index","follow":"follow","max-snippet":"max-snippet:-1","max-image-preview":"max-image-preview:large","max-video-preview":"max-video-preview:-1"},"canonical":"https:\/\/vosgesinfo.fr\/remiremontinfo\/?p=74794","twitter_card":"summary_large_image","twitter_title":"\u00ab Les Bonnes \u00bb de Jean Genet au Th\u00e9\u00e2tre de la Miroiterie le 8 novembre - Remiremont Info","twitter_description":"\u00ab LES BONNES \u00bb DE JEAN GENET UNE CR\u00c9ATION DE LA CIE TH\u00c9\u00c2TRE AU NOIR Les Bonnes\u00a0 Le vendredi 8 [&hellip;]","twitter_image":"https:\/\/vosgesinfo.fr\/app\/uploads\/sites\/5\/2024\/10\/les-bonnes-photo-1.jpg","twitter_creator":"@VosgesInfo88","twitter_site":"@VosgesInfo88","twitter_misc":{"\u00c9crit par":"La redaction","Dur\u00e9e de lecture estim\u00e9e":"2 minutes"},"schema":{"@context":"https:\/\/schema.org","@graph":[{"@type":"Article","@id":"https:\/\/vosgesinfo.fr\/remiremontinfo\/?p=74794#article","isPartOf":{"@id":"https:\/\/vosgesinfo.fr\/remiremontinfo\/?p=74794"},"author":{"name":"La redaction","@id":"https:\/\/vosgesinfo.fr\/remiremontinfo\/#\/schema\/person\/27a3695b06db98895b354c0765cdfc31"},"headline":"\u00ab Les Bonnes \u00bb de Jean Genet au Th\u00e9\u00e2tre de la Miroiterie le 8 novembre","datePublished":"2024-10-28T13:18:23+00:00","dateModified":"2024-10-28T13:18:23+00:00","mainEntityOfPage":{"@id":"https:\/\/vosgesinfo.fr\/remiremontinfo\/?p=74794"},"wordCount":251,"commentCount":0,"publisher":{"@id":"https:\/\/vosgesinfo.fr\/remiremontinfo\/#organization"},"image":{"@id":"https:\/\/vosgesinfo.fr\/remiremontinfo\/?p=74794#primaryimage"},"thumbnailUrl":"https:\/\/vosgesinfo.fr\/app\/uploads\/sites\/5\/2024\/10\/les-bonnes-photo-1.jpg","keywords":["remiremont","th\u00e9\u00e2tre de la Miroiterie"],"articleSection":["A la Une","Agenda","Remiremont"],"inLanguage":"fr-FR","potentialAction":[{"@type":"CommentAction","name":"Comment","target":["https:\/\/vosgesinfo.fr\/remiremontinfo\/?p=74794#respond"]}]},{"@type":"WebPage","@id":"https:\/\/vosgesinfo.fr\/remiremontinfo\/?p=74794","url":"https:\/\/vosgesinfo.fr\/remiremontinfo\/?p=74794","name":"\u00ab Les Bonnes \u00bb de Jean Genet au Th\u00e9\u00e2tre de la Miroiterie le 8 novembre - Remiremont Info","isPartOf":{"@id":"https:\/\/vosgesinfo.fr\/remiremontinfo\/#website"},"primaryImageOfPage":{"@id":"https:\/\/vosgesinfo.fr\/remiremontinfo\/?p=74794#primaryimage"},"image":{"@id":"https:\/\/vosgesinfo.fr\/remiremontinfo\/?p=74794#primaryimage"},"thumbnailUrl":"https:\/\/vosgesinfo.fr\/app\/uploads\/sites\/5\/2024\/10\/les-bonnes-photo-1.jpg","datePublished":"2024-10-28T13:18:23+00:00","dateModified":"2024-10-28T13:18:23+00:00","breadcrumb":{"@id":"https:\/\/vosgesinfo.fr\/remiremontinfo\/?p=74794#breadcrumb"},"inLanguage":"fr-FR","potentialAction":[{"@type":"ReadAction","target":["https:\/\/vosgesinfo.fr\/remiremontinfo\/?p=74794"]}]},{"@type":"ImageObject","inLanguage":"fr-FR","@id":"https:\/\/vosgesinfo.fr\/remiremontinfo\/?p=74794#primaryimage","url":"https:\/\/vosgesinfo.fr\/app\/uploads\/sites\/5\/2024\/10\/les-bonnes-photo-1.jpg","contentUrl":"https:\/\/vosgesinfo.fr\/app\/uploads\/sites\/5\/2024\/10\/les-bonnes-photo-1.jpg","width":577,"height":500},{"@type":"BreadcrumbList","@id":"https:\/\/vosgesinfo.fr\/remiremontinfo\/?p=74794#breadcrumb","itemListElement":[{"@type":"ListItem","position":1,"name":"Home","item":"https:\/\/vosgesinfo.fr\/remiremontinfo\/"},{"@type":"ListItem","position":2,"name":"\u00ab Les Bonnes \u00bb de Jean Genet au Th\u00e9\u00e2tre de la Miroiterie le 8 novembre"}]},{"@type":"WebSite","@id":"https:\/\/vosgesinfo.fr\/remiremontinfo\/#website","url":"https:\/\/vosgesinfo.fr\/remiremontinfo\/","name":"Remiremont Info","description":"Toute l&#039;actualit\u00e9 de Remiremont","publisher":{"@id":"https:\/\/vosgesinfo.fr\/remiremontinfo\/#organization"},"alternateName":"Toute l'actualit\u00e9 de Remiremont","potentialAction":[{"@type":"SearchAction","target":{"@type":"EntryPoint","urlTemplate":"https:\/\/vosgesinfo.fr\/remiremontinfo\/?s={search_term_string}"},"query-input":"required name=search_term_string"}],"inLanguage":"fr-FR"},{"@type":"Organization","@id":"https:\/\/vosgesinfo.fr\/remiremontinfo\/#organization","name":"Remiremont Info","url":"https:\/\/vosgesinfo.fr\/remiremontinfo\/","logo":{"@type":"ImageObject","inLanguage":"fr-FR","@id":"https:\/\/vosgesinfo.fr\/remiremontinfo\/#\/schema\/logo\/image\/","url":"https:\/\/vosgesinfo.fr\/app\/uploads\/sites\/5\/2023\/08\/favicon-remiremontinfo.png","contentUrl":"https:\/\/vosgesinfo.fr\/app\/uploads\/sites\/5\/2023\/08\/favicon-remiremontinfo.png","width":512,"height":512,"caption":"Remiremont Info"},"image":{"@id":"https:\/\/vosgesinfo.fr\/remiremontinfo\/#\/schema\/logo\/image\/"},"sameAs":["https:\/\/www.facebook.com\/remiremontinfo","https:\/\/x.com\/VosgesInfo88","https:\/\/www.youtube.com\/@vosgesinfo"]},{"@type":"Person","@id":"https:\/\/vosgesinfo.fr\/remiremontinfo\/#\/schema\/person\/27a3695b06db98895b354c0765cdfc31","name":"La redaction","image":{"@type":"ImageObject","inLanguage":"fr-FR","@id":"https:\/\/vosgesinfo.fr\/remiremontinfo\/#\/schema\/person\/image\/","url":"https:\/\/secure.gravatar.com\/avatar\/64c76a78e501cedee55736f43f332df901e1896ae9cd8fad269ae2236dd0e8b6?s=96&d=mm&r=g","contentUrl":"https:\/\/secure.gravatar.com\/avatar\/64c76a78e501cedee55736f43f332df901e1896ae9cd8fad269ae2236dd0e8b6?s=96&d=mm&r=g","caption":"La redaction"},"url":"https:\/\/vosgesinfo.fr\/remiremontinfo\/author\/la-redaction\/"}]}},"_links":{"self":[{"href":"https:\/\/vosgesinfo.fr\/remiremontinfo\/wp-json\/wp\/v2\/posts\/74794","targetHints":{"allow":["GET"]}}],"collection":[{"href":"https:\/\/vosgesinfo.fr\/remiremontinfo\/wp-json\/wp\/v2\/posts"}],"about":[{"href":"https:\/\/vosgesinfo.fr\/remiremontinfo\/wp-json\/wp\/v2\/types\/post"}],"author":[{"embeddable":true,"href":"https:\/\/vosgesinfo.fr\/remiremontinfo\/wp-json\/wp\/v2\/users\/391"}],"replies":[{"embeddable":true,"href":"https:\/\/vosgesinfo.fr\/remiremontinfo\/wp-json\/wp\/v2\/comments?post=74794"}],"version-history":[{"count":1,"href":"https:\/\/vosgesinfo.fr\/remiremontinfo\/wp-json\/wp\/v2\/posts\/74794\/revisions"}],"predecessor-version":[{"id":74797,"href":"https:\/\/vosgesinfo.fr\/remiremontinfo\/wp-json\/wp\/v2\/posts\/74794\/revisions\/74797"}],"wp:featuredmedia":[{"embeddable":true,"href":"https:\/\/vosgesinfo.fr\/remiremontinfo\/wp-json\/wp\/v2\/media\/74795"}],"wp:attachment":[{"href":"https:\/\/vosgesinfo.fr\/remiremontinfo\/wp-json\/wp\/v2\/media?parent=74794"}],"wp:term":[{"taxonomy":"category","embeddable":true,"href":"https:\/\/vosgesinfo.fr\/remiremontinfo\/wp-json\/wp\/v2\/categories?post=74794"},{"taxonomy":"post_tag","embeddable":true,"href":"https:\/\/vosgesinfo.fr\/remiremontinfo\/wp-json\/wp\/v2\/tags?post=74794"}],"curies":[{"name":"wp","href":"https:\/\/api.w.org\/{rel}","templated":true}]}}