{"id":74818,"date":"2024-10-29T09:39:03","date_gmt":"2024-10-29T08:39:03","guid":{"rendered":"https:\/\/vosgesinfo.fr\/remiremontinfo\/?p=74818"},"modified":"2024-10-29T09:39:03","modified_gmt":"2024-10-29T08:39:03","slug":"cornimont-seance-de-cinema-de-la-piquante-pierre-a-la-vallee-des-larmes","status":"publish","type":"post","link":"https:\/\/vosgesinfo.fr\/remiremontinfo\/2024\/10\/cornimont-seance-de-cinema-de-la-piquante-pierre-a-la-vallee-des-larmes\/","title":{"rendered":"Cornimont &#8211; S\u00e9ance de cin\u00e9ma \u00ab\u00a0de la Piquante Pierre \u00e0 la Vall\u00e9e des Larmes \u00ab\u00a0"},"content":{"rendered":"<p style=\"font-weight: 400;\"><strong>Vendredi 8 novembre \u00e0 20h<br \/>\nSalle Jacques Villeret \u00e0 Cornimont<br \/>\nEntr\u00e9e libre<\/strong><\/p>\n<p style=\"font-weight: 400;\">Jacques Cuny revient avec le deuxi\u00e8me volet de sa s\u00e9rie consacr\u00e9e \u00e0 la m\u00e9moire vivante de la guerre dans la montagne vosgienne entre 1939 et 1945. Durant deux ans Jacques Cuny n&rsquo;a pas m\u00e9nag\u00e9 son temps pour montrer les \u00e9v\u00e8nements qui ont marqu\u00e9 cette \u00e9poque de la <strong>Piquante Pierre<\/strong> (dans le secteur de Basse-sur-le-Rupt, La Bresse, Rochesson&#8230;) \u00e0 <strong>La Vall\u00e9e des Larmes<\/strong> (le Rabodeau et plus particuli\u00e8rement\u00a0 le secteur de Moussey).<\/p>\n<p><a href=\"https:\/\/vosgesinfo.fr\/app\/uploads\/sites\/5\/2024\/10\/de-la-piquante-pierre-a-la-vallee-des-larmes-scaled.jpg\"><img decoding=\"async\" class=\"aligncenter wp-image-74819 size-medium\" src=\"https:\/\/vosgesinfo.fr\/app\/uploads\/sites\/5\/2024\/10\/de-la-piquante-pierre-a-la-vallee-des-larmes-170x300.jpg\" alt=\"\" width=\"170\" height=\"300\" srcset=\"https:\/\/vosgesinfo.fr\/app\/uploads\/sites\/5\/2024\/10\/de-la-piquante-pierre-a-la-vallee-des-larmes-170x300.jpg 170w, https:\/\/vosgesinfo.fr\/app\/uploads\/sites\/5\/2024\/10\/de-la-piquante-pierre-a-la-vallee-des-larmes-579x1024.jpg 579w, https:\/\/vosgesinfo.fr\/app\/uploads\/sites\/5\/2024\/10\/de-la-piquante-pierre-a-la-vallee-des-larmes-768x1358.jpg 768w, https:\/\/vosgesinfo.fr\/app\/uploads\/sites\/5\/2024\/10\/de-la-piquante-pierre-a-la-vallee-des-larmes-869x1536.jpg 869w, https:\/\/vosgesinfo.fr\/app\/uploads\/sites\/5\/2024\/10\/de-la-piquante-pierre-a-la-vallee-des-larmes-1159x2048.jpg 1159w, https:\/\/vosgesinfo.fr\/app\/uploads\/sites\/5\/2024\/10\/de-la-piquante-pierre-a-la-vallee-des-larmes-scaled.jpg 1448w\" sizes=\"(max-width: 170px) 100vw, 170px\" \/><\/a><\/p>\n<p style=\"font-weight: 400;\">Voir la bande-annonce :<\/p>\n<p><iframe loading=\"lazy\" title=\"Guerre 2\/3&quot;de la PIQUANTE PIERRE \u00e0 la Vall\u00e9e des Larmes&quot;\" width=\"500\" height=\"281\" src=\"https:\/\/www.youtube.com\/embed\/uNZJCpOpXPo?feature=oembed\" frameborder=\"0\" allow=\"accelerometer; autoplay; clipboard-write; encrypted-media; gyroscope; picture-in-picture; web-share\" referrerpolicy=\"strict-origin-when-cross-origin\" allowfullscreen><\/iframe><\/p>\n","protected":false},"excerpt":{"rendered":"<p>Vendredi 8 novembre \u00e0 20h Salle Jacques Villeret \u00e0 Cornimont Entr\u00e9e libre Jacques Cuny revient avec le deuxi\u00e8me volet de [&hellip;]<\/p>\n","protected":false},"author":391,"featured_media":74819,"comment_status":"open","ping_status":"open","sticky":false,"template":"","format":"standard","meta":{"footnotes":""},"categories":[26,594,34],"tags":[79,2437,6348,6347],"class_list":["post-74818","post","type-post","status-publish","format-standard","has-post-thumbnail","hentry","category-a-la-une","category-agenda","category-cornimont","tag-cornimont","tag-jacques-cuny","tag-memoire-vivante-de-la-guerre-dans-la-montagne-vosgienne","tag-seance-de-cinema"],"acf":[],"yoast_head":"<!-- This site is optimized with the Yoast SEO plugin v22.5 - https:\/\/yoast.com\/wordpress\/plugins\/seo\/ -->\n<title>Cornimont - S\u00e9ance de cin\u00e9ma &quot;de la Piquante Pierre \u00e0 la Vall\u00e9e des Larmes &quot; - Remiremont Info<\/title>\n<meta name=\"robots\" content=\"index, follow, max-snippet:-1, max-image-preview:large, max-video-preview:-1\" \/>\n<link rel=\"canonical\" href=\"https:\/\/vosgesinfo.fr\/remiremontinfo\/?p=74818\" \/>\n<meta name=\"twitter:card\" content=\"summary_large_image\" \/>\n<meta name=\"twitter:title\" content=\"Cornimont - S\u00e9ance de cin\u00e9ma &quot;de la Piquante Pierre \u00e0 la Vall\u00e9e des Larmes &quot; - Remiremont Info\" \/>\n<meta name=\"twitter:description\" content=\"Vendredi 8 novembre \u00e0 20h Salle Jacques Villeret \u00e0 Cornimont Entr\u00e9e libre Jacques Cuny revient avec le deuxi\u00e8me volet de [&hellip;]\" \/>\n<meta name=\"twitter:image\" content=\"https:\/\/vosgesinfo.fr\/app\/uploads\/sites\/5\/2024\/10\/de-la-piquante-pierre-a-la-vallee-des-larmes-scaled.jpg\" \/>\n<meta name=\"twitter:creator\" content=\"@VosgesInfo88\" \/>\n<meta name=\"twitter:site\" content=\"@VosgesInfo88\" \/>\n<meta name=\"twitter:label1\" content=\"\u00c9crit par\" \/>\n\t<meta name=\"twitter:data1\" content=\"La redaction\" \/>\n\t<meta name=\"twitter:label2\" content=\"Dur\u00e9e de lecture estim\u00e9e\" \/>\n\t<meta name=\"twitter:data2\" content=\"1 minute\" \/>\n<script type=\"application\/ld+json\" class=\"yoast-schema-graph\">{\"@context\":\"https:\/\/schema.org\",\"@graph\":[{\"@type\":\"Article\",\"@id\":\"https:\/\/vosgesinfo.fr\/remiremontinfo\/?p=74818#article\",\"isPartOf\":{\"@id\":\"https:\/\/vosgesinfo.fr\/remiremontinfo\/?p=74818\"},\"author\":{\"name\":\"La redaction\",\"@id\":\"https:\/\/vosgesinfo.fr\/remiremontinfo\/#\/schema\/person\/27a3695b06db98895b354c0765cdfc31\"},\"headline\":\"Cornimont &#8211; S\u00e9ance de cin\u00e9ma \u00ab\u00a0de la Piquante Pierre \u00e0 la Vall\u00e9e des Larmes \u00ab\u00a0\",\"datePublished\":\"2024-10-29T08:39:03+00:00\",\"dateModified\":\"2024-10-29T08:39:03+00:00\",\"mainEntityOfPage\":{\"@id\":\"https:\/\/vosgesinfo.fr\/remiremontinfo\/?p=74818\"},\"wordCount\":114,\"commentCount\":0,\"publisher\":{\"@id\":\"https:\/\/vosgesinfo.fr\/remiremontinfo\/#organization\"},\"image\":{\"@id\":\"https:\/\/vosgesinfo.fr\/remiremontinfo\/?p=74818#primaryimage\"},\"thumbnailUrl\":\"https:\/\/vosgesinfo.fr\/app\/uploads\/sites\/5\/2024\/10\/de-la-piquante-pierre-a-la-vallee-des-larmes-scaled.jpg\",\"keywords\":[\"cornimont\",\"jacques cuny\",\"M\u00e9moire vivante de la guerre dans la montagne vosgienne\",\"S\u00e9ance de cin\u00e9ma\"],\"articleSection\":[\"A la Une\",\"Agenda\",\"Cornimont\"],\"inLanguage\":\"fr-FR\",\"potentialAction\":[{\"@type\":\"CommentAction\",\"name\":\"Comment\",\"target\":[\"https:\/\/vosgesinfo.fr\/remiremontinfo\/?p=74818#respond\"]}]},{\"@type\":\"WebPage\",\"@id\":\"https:\/\/vosgesinfo.fr\/remiremontinfo\/?p=74818\",\"url\":\"https:\/\/vosgesinfo.fr\/remiremontinfo\/?p=74818\",\"name\":\"Cornimont - S\u00e9ance de cin\u00e9ma \\\"de la Piquante Pierre \u00e0 la Vall\u00e9e des Larmes \\\" - Remiremont Info\",\"isPartOf\":{\"@id\":\"https:\/\/vosgesinfo.fr\/remiremontinfo\/#website\"},\"primaryImageOfPage\":{\"@id\":\"https:\/\/vosgesinfo.fr\/remiremontinfo\/?p=74818#primaryimage\"},\"image\":{\"@id\":\"https:\/\/vosgesinfo.fr\/remiremontinfo\/?p=74818#primaryimage\"},\"thumbnailUrl\":\"https:\/\/vosgesinfo.fr\/app\/uploads\/sites\/5\/2024\/10\/de-la-piquante-pierre-a-la-vallee-des-larmes-scaled.jpg\",\"datePublished\":\"2024-10-29T08:39:03+00:00\",\"dateModified\":\"2024-10-29T08:39:03+00:00\",\"breadcrumb\":{\"@id\":\"https:\/\/vosgesinfo.fr\/remiremontinfo\/?p=74818#breadcrumb\"},\"inLanguage\":\"fr-FR\",\"potentialAction\":[{\"@type\":\"ReadAction\",\"target\":[\"https:\/\/vosgesinfo.fr\/remiremontinfo\/?p=74818\"]}]},{\"@type\":\"ImageObject\",\"inLanguage\":\"fr-FR\",\"@id\":\"https:\/\/vosgesinfo.fr\/remiremontinfo\/?p=74818#primaryimage\",\"url\":\"https:\/\/vosgesinfo.fr\/app\/uploads\/sites\/5\/2024\/10\/de-la-piquante-pierre-a-la-vallee-des-larmes-scaled.jpg\",\"contentUrl\":\"https:\/\/vosgesinfo.fr\/app\/uploads\/sites\/5\/2024\/10\/de-la-piquante-pierre-a-la-vallee-des-larmes-scaled.jpg\",\"width\":1448,\"height\":2560},{\"@type\":\"BreadcrumbList\",\"@id\":\"https:\/\/vosgesinfo.fr\/remiremontinfo\/?p=74818#breadcrumb\",\"itemListElement\":[{\"@type\":\"ListItem\",\"position\":1,\"name\":\"Home\",\"item\":\"https:\/\/vosgesinfo.fr\/remiremontinfo\/\"},{\"@type\":\"ListItem\",\"position\":2,\"name\":\"Cornimont &#8211; S\u00e9ance de cin\u00e9ma &#8220;de la Piquante Pierre \u00e0 la Vall\u00e9e des Larmes &#8220;\"}]},{\"@type\":\"WebSite\",\"@id\":\"https:\/\/vosgesinfo.fr\/remiremontinfo\/#website\",\"url\":\"https:\/\/vosgesinfo.fr\/remiremontinfo\/\",\"name\":\"Remiremont Info\",\"description\":\"Toute l&#039;actualit\u00e9 de Remiremont\",\"publisher\":{\"@id\":\"https:\/\/vosgesinfo.fr\/remiremontinfo\/#organization\"},\"alternateName\":\"Toute l'actualit\u00e9 de Remiremont\",\"potentialAction\":[{\"@type\":\"SearchAction\",\"target\":{\"@type\":\"EntryPoint\",\"urlTemplate\":\"https:\/\/vosgesinfo.fr\/remiremontinfo\/?s={search_term_string}\"},\"query-input\":\"required name=search_term_string\"}],\"inLanguage\":\"fr-FR\"},{\"@type\":\"Organization\",\"@id\":\"https:\/\/vosgesinfo.fr\/remiremontinfo\/#organization\",\"name\":\"Remiremont Info\",\"url\":\"https:\/\/vosgesinfo.fr\/remiremontinfo\/\",\"logo\":{\"@type\":\"ImageObject\",\"inLanguage\":\"fr-FR\",\"@id\":\"https:\/\/vosgesinfo.fr\/remiremontinfo\/#\/schema\/logo\/image\/\",\"url\":\"https:\/\/vosgesinfo.fr\/app\/uploads\/sites\/5\/2023\/08\/favicon-remiremontinfo.png\",\"contentUrl\":\"https:\/\/vosgesinfo.fr\/app\/uploads\/sites\/5\/2023\/08\/favicon-remiremontinfo.png\",\"width\":512,\"height\":512,\"caption\":\"Remiremont Info\"},\"image\":{\"@id\":\"https:\/\/vosgesinfo.fr\/remiremontinfo\/#\/schema\/logo\/image\/\"},\"sameAs\":[\"https:\/\/www.facebook.com\/remiremontinfo\",\"https:\/\/x.com\/VosgesInfo88\",\"https:\/\/www.youtube.com\/@vosgesinfo\"]},{\"@type\":\"Person\",\"@id\":\"https:\/\/vosgesinfo.fr\/remiremontinfo\/#\/schema\/person\/27a3695b06db98895b354c0765cdfc31\",\"name\":\"La redaction\",\"image\":{\"@type\":\"ImageObject\",\"inLanguage\":\"fr-FR\",\"@id\":\"https:\/\/vosgesinfo.fr\/remiremontinfo\/#\/schema\/person\/image\/\",\"url\":\"https:\/\/secure.gravatar.com\/avatar\/64c76a78e501cedee55736f43f332df901e1896ae9cd8fad269ae2236dd0e8b6?s=96&d=mm&r=g\",\"contentUrl\":\"https:\/\/secure.gravatar.com\/avatar\/64c76a78e501cedee55736f43f332df901e1896ae9cd8fad269ae2236dd0e8b6?s=96&d=mm&r=g\",\"caption\":\"La redaction\"},\"url\":\"https:\/\/vosgesinfo.fr\/remiremontinfo\/author\/la-redaction\/\"}]}<\/script>\n<!-- \/ Yoast SEO plugin. -->","yoast_head_json":{"title":"Cornimont - S\u00e9ance de cin\u00e9ma \"de la Piquante Pierre \u00e0 la Vall\u00e9e des Larmes \" - Remiremont Info","robots":{"index":"index","follow":"follow","max-snippet":"max-snippet:-1","max-image-preview":"max-image-preview:large","max-video-preview":"max-video-preview:-1"},"canonical":"https:\/\/vosgesinfo.fr\/remiremontinfo\/?p=74818","twitter_card":"summary_large_image","twitter_title":"Cornimont - S\u00e9ance de cin\u00e9ma \"de la Piquante Pierre \u00e0 la Vall\u00e9e des Larmes \" - Remiremont Info","twitter_description":"Vendredi 8 novembre \u00e0 20h Salle Jacques Villeret \u00e0 Cornimont Entr\u00e9e libre Jacques Cuny revient avec le deuxi\u00e8me volet de [&hellip;]","twitter_image":"https:\/\/vosgesinfo.fr\/app\/uploads\/sites\/5\/2024\/10\/de-la-piquante-pierre-a-la-vallee-des-larmes-scaled.jpg","twitter_creator":"@VosgesInfo88","twitter_site":"@VosgesInfo88","twitter_misc":{"\u00c9crit par":"La redaction","Dur\u00e9e de lecture estim\u00e9e":"1 minute"},"schema":{"@context":"https:\/\/schema.org","@graph":[{"@type":"Article","@id":"https:\/\/vosgesinfo.fr\/remiremontinfo\/?p=74818#article","isPartOf":{"@id":"https:\/\/vosgesinfo.fr\/remiremontinfo\/?p=74818"},"author":{"name":"La redaction","@id":"https:\/\/vosgesinfo.fr\/remiremontinfo\/#\/schema\/person\/27a3695b06db98895b354c0765cdfc31"},"headline":"Cornimont &#8211; S\u00e9ance de cin\u00e9ma \u00ab\u00a0de la Piquante Pierre \u00e0 la Vall\u00e9e des Larmes \u00ab\u00a0","datePublished":"2024-10-29T08:39:03+00:00","dateModified":"2024-10-29T08:39:03+00:00","mainEntityOfPage":{"@id":"https:\/\/vosgesinfo.fr\/remiremontinfo\/?p=74818"},"wordCount":114,"commentCount":0,"publisher":{"@id":"https:\/\/vosgesinfo.fr\/remiremontinfo\/#organization"},"image":{"@id":"https:\/\/vosgesinfo.fr\/remiremontinfo\/?p=74818#primaryimage"},"thumbnailUrl":"https:\/\/vosgesinfo.fr\/app\/uploads\/sites\/5\/2024\/10\/de-la-piquante-pierre-a-la-vallee-des-larmes-scaled.jpg","keywords":["cornimont","jacques cuny","M\u00e9moire vivante de la guerre dans la montagne vosgienne","S\u00e9ance de cin\u00e9ma"],"articleSection":["A la Une","Agenda","Cornimont"],"inLanguage":"fr-FR","potentialAction":[{"@type":"CommentAction","name":"Comment","target":["https:\/\/vosgesinfo.fr\/remiremontinfo\/?p=74818#respond"]}]},{"@type":"WebPage","@id":"https:\/\/vosgesinfo.fr\/remiremontinfo\/?p=74818","url":"https:\/\/vosgesinfo.fr\/remiremontinfo\/?p=74818","name":"Cornimont - S\u00e9ance de cin\u00e9ma \"de la Piquante Pierre \u00e0 la Vall\u00e9e des Larmes \" - Remiremont Info","isPartOf":{"@id":"https:\/\/vosgesinfo.fr\/remiremontinfo\/#website"},"primaryImageOfPage":{"@id":"https:\/\/vosgesinfo.fr\/remiremontinfo\/?p=74818#primaryimage"},"image":{"@id":"https:\/\/vosgesinfo.fr\/remiremontinfo\/?p=74818#primaryimage"},"thumbnailUrl":"https:\/\/vosgesinfo.fr\/app\/uploads\/sites\/5\/2024\/10\/de-la-piquante-pierre-a-la-vallee-des-larmes-scaled.jpg","datePublished":"2024-10-29T08:39:03+00:00","dateModified":"2024-10-29T08:39:03+00:00","breadcrumb":{"@id":"https:\/\/vosgesinfo.fr\/remiremontinfo\/?p=74818#breadcrumb"},"inLanguage":"fr-FR","potentialAction":[{"@type":"ReadAction","target":["https:\/\/vosgesinfo.fr\/remiremontinfo\/?p=74818"]}]},{"@type":"ImageObject","inLanguage":"fr-FR","@id":"https:\/\/vosgesinfo.fr\/remiremontinfo\/?p=74818#primaryimage","url":"https:\/\/vosgesinfo.fr\/app\/uploads\/sites\/5\/2024\/10\/de-la-piquante-pierre-a-la-vallee-des-larmes-scaled.jpg","contentUrl":"https:\/\/vosgesinfo.fr\/app\/uploads\/sites\/5\/2024\/10\/de-la-piquante-pierre-a-la-vallee-des-larmes-scaled.jpg","width":1448,"height":2560},{"@type":"BreadcrumbList","@id":"https:\/\/vosgesinfo.fr\/remiremontinfo\/?p=74818#breadcrumb","itemListElement":[{"@type":"ListItem","position":1,"name":"Home","item":"https:\/\/vosgesinfo.fr\/remiremontinfo\/"},{"@type":"ListItem","position":2,"name":"Cornimont &#8211; S\u00e9ance de cin\u00e9ma &#8220;de la Piquante Pierre \u00e0 la Vall\u00e9e des Larmes &#8220;"}]},{"@type":"WebSite","@id":"https:\/\/vosgesinfo.fr\/remiremontinfo\/#website","url":"https:\/\/vosgesinfo.fr\/remiremontinfo\/","name":"Remiremont Info","description":"Toute l&#039;actualit\u00e9 de Remiremont","publisher":{"@id":"https:\/\/vosgesinfo.fr\/remiremontinfo\/#organization"},"alternateName":"Toute l'actualit\u00e9 de Remiremont","potentialAction":[{"@type":"SearchAction","target":{"@type":"EntryPoint","urlTemplate":"https:\/\/vosgesinfo.fr\/remiremontinfo\/?s={search_term_string}"},"query-input":"required name=search_term_string"}],"inLanguage":"fr-FR"},{"@type":"Organization","@id":"https:\/\/vosgesinfo.fr\/remiremontinfo\/#organization","name":"Remiremont Info","url":"https:\/\/vosgesinfo.fr\/remiremontinfo\/","logo":{"@type":"ImageObject","inLanguage":"fr-FR","@id":"https:\/\/vosgesinfo.fr\/remiremontinfo\/#\/schema\/logo\/image\/","url":"https:\/\/vosgesinfo.fr\/app\/uploads\/sites\/5\/2023\/08\/favicon-remiremontinfo.png","contentUrl":"https:\/\/vosgesinfo.fr\/app\/uploads\/sites\/5\/2023\/08\/favicon-remiremontinfo.png","width":512,"height":512,"caption":"Remiremont Info"},"image":{"@id":"https:\/\/vosgesinfo.fr\/remiremontinfo\/#\/schema\/logo\/image\/"},"sameAs":["https:\/\/www.facebook.com\/remiremontinfo","https:\/\/x.com\/VosgesInfo88","https:\/\/www.youtube.com\/@vosgesinfo"]},{"@type":"Person","@id":"https:\/\/vosgesinfo.fr\/remiremontinfo\/#\/schema\/person\/27a3695b06db98895b354c0765cdfc31","name":"La redaction","image":{"@type":"ImageObject","inLanguage":"fr-FR","@id":"https:\/\/vosgesinfo.fr\/remiremontinfo\/#\/schema\/person\/image\/","url":"https:\/\/secure.gravatar.com\/avatar\/64c76a78e501cedee55736f43f332df901e1896ae9cd8fad269ae2236dd0e8b6?s=96&d=mm&r=g","contentUrl":"https:\/\/secure.gravatar.com\/avatar\/64c76a78e501cedee55736f43f332df901e1896ae9cd8fad269ae2236dd0e8b6?s=96&d=mm&r=g","caption":"La redaction"},"url":"https:\/\/vosgesinfo.fr\/remiremontinfo\/author\/la-redaction\/"}]}},"_links":{"self":[{"href":"https:\/\/vosgesinfo.fr\/remiremontinfo\/wp-json\/wp\/v2\/posts\/74818","targetHints":{"allow":["GET"]}}],"collection":[{"href":"https:\/\/vosgesinfo.fr\/remiremontinfo\/wp-json\/wp\/v2\/posts"}],"about":[{"href":"https:\/\/vosgesinfo.fr\/remiremontinfo\/wp-json\/wp\/v2\/types\/post"}],"author":[{"embeddable":true,"href":"https:\/\/vosgesinfo.fr\/remiremontinfo\/wp-json\/wp\/v2\/users\/391"}],"replies":[{"embeddable":true,"href":"https:\/\/vosgesinfo.fr\/remiremontinfo\/wp-json\/wp\/v2\/comments?post=74818"}],"version-history":[{"count":3,"href":"https:\/\/vosgesinfo.fr\/remiremontinfo\/wp-json\/wp\/v2\/posts\/74818\/revisions"}],"predecessor-version":[{"id":74822,"href":"https:\/\/vosgesinfo.fr\/remiremontinfo\/wp-json\/wp\/v2\/posts\/74818\/revisions\/74822"}],"wp:featuredmedia":[{"embeddable":true,"href":"https:\/\/vosgesinfo.fr\/remiremontinfo\/wp-json\/wp\/v2\/media\/74819"}],"wp:attachment":[{"href":"https:\/\/vosgesinfo.fr\/remiremontinfo\/wp-json\/wp\/v2\/media?parent=74818"}],"wp:term":[{"taxonomy":"category","embeddable":true,"href":"https:\/\/vosgesinfo.fr\/remiremontinfo\/wp-json\/wp\/v2\/categories?post=74818"},{"taxonomy":"post_tag","embeddable":true,"href":"https:\/\/vosgesinfo.fr\/remiremontinfo\/wp-json\/wp\/v2\/tags?post=74818"}],"curies":[{"name":"wp","href":"https:\/\/api.w.org\/{rel}","templated":true}]}}