{"id":74898,"date":"2024-10-31T11:09:36","date_gmt":"2024-10-31T10:09:36","guid":{"rendered":"https:\/\/vosgesinfo.fr\/remiremontinfo\/2024\/10\/operation-special-automne-a-la-boutique-flash-mode\/"},"modified":"2024-10-31T11:09:36","modified_gmt":"2024-10-31T10:09:36","slug":"operation-special-automne-a-la-boutique-flash-mode","status":"publish","type":"post","link":"https:\/\/vosgesinfo.fr\/remiremontinfo\/2024\/10\/operation-special-automne-a-la-boutique-flash-mode\/","title":{"rendered":"Op\u00e9ration \u00ab sp\u00e9cial automne \u00bb \u00e0 la boutique Flash Mode"},"content":{"rendered":"<h2><strong><a href=\"https:\/\/vosgesinfo.fr\/app\/uploads\/sites\/3\/2024\/10\/thumbnail-flash-mode-photo-premium.jpg\"><img decoding=\"async\" class=\"aligncenter size-full wp-image-123558\" src=\"https:\/\/vosgesinfo.fr\/app\/uploads\/sites\/3\/2024\/10\/thumbnail-flash-mode-photo-premium.jpg\" alt=\"\" width=\"1920\" height=\"1068\" \/><\/a>Dans un magnifique espace de 350 m2, le magasin \u00ab Flash Mode \u00bb situ\u00e9 Zac des Terres Saint-Jean \u00e0 \u00c9pinal, accueille la nouvelle collection automne\/hiver, de pr\u00eat-\u00e0-porter f\u00e9minin, avec des offres sp\u00e9ciales et des nouveaux arrivages \u00e0 d\u00e9couvrir chaque quinzaine.<\/strong><\/h2>\n<h3><strong>Au bonheur de toutes les femmes\u00a0!<\/strong><\/h3>\n<p><strong>Vous connaissez \u00e0 coup s\u00fbr le magasin Flash Mode <\/strong>situ\u00e9 entre le magasin \u00ab Giant\u00a0\u00bb et la boutique Aviva \u00e0 Epinal\u00a0? Cette enseigne cr\u00e9\u00e9e et g\u00e9r\u00e9e depuis plus de 20 ans par Monsieur Bela\u00efd, attire incontestablement toutes les femmes et les jeunes filles d\u00e9sireuses de se faire plaisir et \u00e0 des prix tr\u00e8s abordables\u00a0;<\/p>\n<p><strong>Flash Mode aurait pu \u00e9galement se nommer \u00ab\u00a0au bonheur de toutes les femmes\u00a0\u00bb<\/strong>, tant cette belle surface regorge \u00e0 la fois de v\u00eatements de tous les styles, pour la plus part provenant d\u2019Italie et de toutes les tailles, avec 70% des produits allant du 42 au 54, en pulls, pantalons, robes, leggings, tuniques, chemisiers, vestes, manteaux\u2026et \u00e9galement en chaussures, bottes, bottines, sans oublier en lingerie et petites maroquinerie.<\/p>\n<p><a href=\"https:\/\/vosgesinfo.fr\/app\/uploads\/sites\/3\/2024\/10\/thumbnail-capture-decran-2024-10-31-105100.png\"><img decoding=\"async\" class=\"aligncenter size-medium wp-image-123559\" src=\"https:\/\/vosgesinfo.fr\/app\/uploads\/sites\/3\/2024\/10\/thumbnail-capture-decran-2024-10-31-105100-300x224.png\" alt=\"\" width=\"300\" height=\"224\" \/><\/a><\/p>\n<h3><strong>Des offres de folie\u00a0sur les jeans et les doudounes\u00a0!<\/strong><\/h3>\n<p>En plus des offres ponctuelles de d\u00e9stockage sur les produits fin de s\u00e9rie, vous allez pouvoir profiter, <strong>jusqu\u2019au 15 Novembre 2024, de deux belles op\u00e9rations promotionnelles, \u00e0 savoir\u00a0: le 2<sup>\u00e8me<\/sup> pantalon est \u00e0 1\u20ac <\/strong>(le moins cher des 2), signal\u00e9s en magasin, du 36 au 50, selon les mod\u00e8les, soit en moyenne 26 \u20ac pour 2 pantalons\u00a0! Difficile de faire mieux\u2026<strong>et la seconde offre vous fera b\u00e9n\u00e9ficier de 50% de remise sur les doudounes<\/strong> \u2013signal\u00e9es en magasin-<\/p>\n<p><a href=\"https:\/\/vosgesinfo.fr\/app\/uploads\/sites\/3\/2024\/10\/thumbnail-capture-decran-2024-10-31-105131.png\"><img decoding=\"async\" class=\"aligncenter size-medium wp-image-123560\" src=\"https:\/\/vosgesinfo.fr\/app\/uploads\/sites\/3\/2024\/10\/thumbnail-capture-decran-2024-10-31-105131-300x197.png\" alt=\"\" width=\"300\" height=\"197\" \/><\/a><\/p>\n<h3><strong>L\u2019accueil et le conseil \u00ab\u00a0by Ang\u00e9lique\u00a0\u00bb\u00a0!<\/strong><\/h3>\n<p>Ang\u00e9lique, qui \u00e9paule Monsieur Bela\u00efd, chez Flash Mode, se fera un r\u00e9el plaisir de vous accueillir et de vous conseiller selon toutes vos envies et avec le sourire\u00a0! Cette\u00a0 jeune femme, passionn\u00e9e par la mode, saura comprendre vos besoins et vos pr\u00e9f\u00e9rences, tout en respectant votre budget.<\/p>\n<p><strong>Alors bienvenue chez Flash Mode, <\/strong>du mardi au samedi, de 9h30-12H, 14h-18h30, (ferm\u00e9 dimanche et lundi).<\/p>\n<p><a href=\"https:\/\/vosgesinfo.fr\/app\/uploads\/sites\/3\/2024\/10\/thumbnail-capture-decran-2024-10-31-105209.png\"><img decoding=\"async\" class=\"aligncenter size-medium wp-image-123561\" src=\"https:\/\/vosgesinfo.fr\/app\/uploads\/sites\/3\/2024\/10\/thumbnail-capture-decran-2024-10-31-105209-300x197.png\" alt=\"\" width=\"300\" height=\"197\" \/><\/a><\/p>\n<p><strong><u>Renseignements compl\u00e9mentaires<\/u><\/strong><strong>\u00a0:<\/strong><\/p>\n<p><strong>Flash Mode \u00e0 Epinal, Avenue des Terres Saint-Jean<\/strong><\/p>\n<p><strong>Facebook\u00a0: https:\/\/www.facebook.com\/Flashmode88\/?locale=fr_FR <\/strong><\/p>\n<p>R\u00e9daction\u00a0: Patricia Ferry-Demange \u00a0\u2013 \u00a0patricia.ferrydemange@gmail.com<\/p>\n\n","protected":false},"excerpt":{"rendered":"<p>Dans un magnifique espace de 350 m2, le magasin \u00ab Flash Mode \u00bb situ\u00e9 Zac des Terres Saint-Jean \u00e0 \u00c9pinal, [&hellip;]<\/p>\n","protected":false},"author":52,"featured_media":74899,"comment_status":"open","ping_status":"open","sticky":false,"template":"","format":"standard","meta":{"footnotes":""},"categories":[26,108,11,43],"tags":[],"class_list":["post-74898","post","type-post","status-publish","format-standard","has-post-thumbnail","hentry","category-a-la-une","category-epinal","category-publi-reportage","category-remiremont-remiremont-son-canton"],"acf":[],"yoast_head":"<!-- This site is optimized with the Yoast SEO plugin v22.5 - https:\/\/yoast.com\/wordpress\/plugins\/seo\/ -->\n<title>Op\u00e9ration \u00ab sp\u00e9cial automne \u00bb \u00e0 la boutique Flash Mode - Remiremont Info<\/title>\n<meta name=\"robots\" content=\"index, follow, max-snippet:-1, max-image-preview:large, max-video-preview:-1\" \/>\n<link rel=\"canonical\" href=\"https:\/\/vosgesinfo.fr\/remiremontinfo\/2024\/10\/operation-special-automne-a-la-boutique-flash-mode\/\" \/>\n<meta name=\"twitter:card\" content=\"summary_large_image\" \/>\n<meta name=\"twitter:title\" content=\"Op\u00e9ration \u00ab sp\u00e9cial automne \u00bb \u00e0 la boutique Flash Mode - Remiremont Info\" \/>\n<meta name=\"twitter:description\" content=\"Dans un magnifique espace de 350 m2, le magasin \u00ab Flash Mode \u00bb situ\u00e9 Zac des Terres Saint-Jean \u00e0 \u00c9pinal, [&hellip;]\" \/>\n<meta name=\"twitter:image\" content=\"https:\/\/vosgesinfo.fr\/app\/uploads\/sites\/5\/2024\/10\/thumbnail-flash-mode-photo-premium.jpg\" \/>\n<meta name=\"twitter:creator\" content=\"@VosgesInfo88\" \/>\n<meta name=\"twitter:site\" content=\"@VosgesInfo88\" \/>\n<meta name=\"twitter:label1\" content=\"\u00c9crit par\" \/>\n\t<meta name=\"twitter:data1\" content=\"C.K.\" \/>\n\t<meta name=\"twitter:label2\" content=\"Dur\u00e9e de lecture estim\u00e9e\" \/>\n\t<meta name=\"twitter:data2\" content=\"2 minutes\" \/>\n<script type=\"application\/ld+json\" class=\"yoast-schema-graph\">{\"@context\":\"https:\/\/schema.org\",\"@graph\":[{\"@type\":\"Article\",\"@id\":\"https:\/\/vosgesinfo.fr\/remiremontinfo\/2024\/10\/operation-special-automne-a-la-boutique-flash-mode\/#article\",\"isPartOf\":{\"@id\":\"https:\/\/vosgesinfo.fr\/remiremontinfo\/2024\/10\/operation-special-automne-a-la-boutique-flash-mode\/\"},\"author\":{\"name\":\"C.K.\",\"@id\":\"https:\/\/vosgesinfo.fr\/remiremontinfo\/#\/schema\/person\/6f9a650eeea99d969b6c4ab78fccbe81\"},\"headline\":\"Op\u00e9ration \u00ab sp\u00e9cial automne \u00bb \u00e0 la boutique Flash Mode\",\"datePublished\":\"2024-10-31T10:09:36+00:00\",\"dateModified\":\"2024-10-31T10:09:36+00:00\",\"mainEntityOfPage\":{\"@id\":\"https:\/\/vosgesinfo.fr\/remiremontinfo\/2024\/10\/operation-special-automne-a-la-boutique-flash-mode\/\"},\"wordCount\":377,\"commentCount\":0,\"publisher\":{\"@id\":\"https:\/\/vosgesinfo.fr\/remiremontinfo\/#organization\"},\"image\":{\"@id\":\"https:\/\/vosgesinfo.fr\/remiremontinfo\/2024\/10\/operation-special-automne-a-la-boutique-flash-mode\/#primaryimage\"},\"thumbnailUrl\":\"https:\/\/vosgesinfo.fr\/app\/uploads\/sites\/5\/2024\/10\/thumbnail-flash-mode-photo-premium.jpg\",\"articleSection\":[\"A la Une\",\"Epinal\",\"Publi-reportage\",\"Remiremont\"],\"inLanguage\":\"fr-FR\",\"potentialAction\":[{\"@type\":\"CommentAction\",\"name\":\"Comment\",\"target\":[\"https:\/\/vosgesinfo.fr\/remiremontinfo\/2024\/10\/operation-special-automne-a-la-boutique-flash-mode\/#respond\"]}]},{\"@type\":\"WebPage\",\"@id\":\"https:\/\/vosgesinfo.fr\/remiremontinfo\/2024\/10\/operation-special-automne-a-la-boutique-flash-mode\/\",\"url\":\"https:\/\/vosgesinfo.fr\/remiremontinfo\/2024\/10\/operation-special-automne-a-la-boutique-flash-mode\/\",\"name\":\"Op\u00e9ration \u00ab sp\u00e9cial automne \u00bb \u00e0 la boutique Flash Mode - Remiremont Info\",\"isPartOf\":{\"@id\":\"https:\/\/vosgesinfo.fr\/remiremontinfo\/#website\"},\"primaryImageOfPage\":{\"@id\":\"https:\/\/vosgesinfo.fr\/remiremontinfo\/2024\/10\/operation-special-automne-a-la-boutique-flash-mode\/#primaryimage\"},\"image\":{\"@id\":\"https:\/\/vosgesinfo.fr\/remiremontinfo\/2024\/10\/operation-special-automne-a-la-boutique-flash-mode\/#primaryimage\"},\"thumbnailUrl\":\"https:\/\/vosgesinfo.fr\/app\/uploads\/sites\/5\/2024\/10\/thumbnail-flash-mode-photo-premium.jpg\",\"datePublished\":\"2024-10-31T10:09:36+00:00\",\"dateModified\":\"2024-10-31T10:09:36+00:00\",\"breadcrumb\":{\"@id\":\"https:\/\/vosgesinfo.fr\/remiremontinfo\/2024\/10\/operation-special-automne-a-la-boutique-flash-mode\/#breadcrumb\"},\"inLanguage\":\"fr-FR\",\"potentialAction\":[{\"@type\":\"ReadAction\",\"target\":[\"https:\/\/vosgesinfo.fr\/remiremontinfo\/2024\/10\/operation-special-automne-a-la-boutique-flash-mode\/\"]}]},{\"@type\":\"ImageObject\",\"inLanguage\":\"fr-FR\",\"@id\":\"https:\/\/vosgesinfo.fr\/remiremontinfo\/2024\/10\/operation-special-automne-a-la-boutique-flash-mode\/#primaryimage\",\"url\":\"https:\/\/vosgesinfo.fr\/app\/uploads\/sites\/5\/2024\/10\/thumbnail-flash-mode-photo-premium.jpg\",\"contentUrl\":\"https:\/\/vosgesinfo.fr\/app\/uploads\/sites\/5\/2024\/10\/thumbnail-flash-mode-photo-premium.jpg\",\"width\":1920,\"height\":1068},{\"@type\":\"BreadcrumbList\",\"@id\":\"https:\/\/vosgesinfo.fr\/remiremontinfo\/2024\/10\/operation-special-automne-a-la-boutique-flash-mode\/#breadcrumb\",\"itemListElement\":[{\"@type\":\"ListItem\",\"position\":1,\"name\":\"Home\",\"item\":\"https:\/\/vosgesinfo.fr\/remiremontinfo\/\"},{\"@type\":\"ListItem\",\"position\":2,\"name\":\"Op\u00e9ration \u00ab sp\u00e9cial automne \u00bb \u00e0 la boutique Flash Mode\"}]},{\"@type\":\"WebSite\",\"@id\":\"https:\/\/vosgesinfo.fr\/remiremontinfo\/#website\",\"url\":\"https:\/\/vosgesinfo.fr\/remiremontinfo\/\",\"name\":\"Remiremont Info\",\"description\":\"Toute l&#039;actualit\u00e9 de Remiremont\",\"publisher\":{\"@id\":\"https:\/\/vosgesinfo.fr\/remiremontinfo\/#organization\"},\"alternateName\":\"Toute l'actualit\u00e9 de Remiremont\",\"potentialAction\":[{\"@type\":\"SearchAction\",\"target\":{\"@type\":\"EntryPoint\",\"urlTemplate\":\"https:\/\/vosgesinfo.fr\/remiremontinfo\/?s={search_term_string}\"},\"query-input\":\"required name=search_term_string\"}],\"inLanguage\":\"fr-FR\"},{\"@type\":\"Organization\",\"@id\":\"https:\/\/vosgesinfo.fr\/remiremontinfo\/#organization\",\"name\":\"Remiremont Info\",\"url\":\"https:\/\/vosgesinfo.fr\/remiremontinfo\/\",\"logo\":{\"@type\":\"ImageObject\",\"inLanguage\":\"fr-FR\",\"@id\":\"https:\/\/vosgesinfo.fr\/remiremontinfo\/#\/schema\/logo\/image\/\",\"url\":\"https:\/\/vosgesinfo.fr\/app\/uploads\/sites\/5\/2023\/08\/favicon-remiremontinfo.png\",\"contentUrl\":\"https:\/\/vosgesinfo.fr\/app\/uploads\/sites\/5\/2023\/08\/favicon-remiremontinfo.png\",\"width\":512,\"height\":512,\"caption\":\"Remiremont Info\"},\"image\":{\"@id\":\"https:\/\/vosgesinfo.fr\/remiremontinfo\/#\/schema\/logo\/image\/\"},\"sameAs\":[\"https:\/\/www.facebook.com\/remiremontinfo\",\"https:\/\/x.com\/VosgesInfo88\",\"https:\/\/www.youtube.com\/@vosgesinfo\"]},{\"@type\":\"Person\",\"@id\":\"https:\/\/vosgesinfo.fr\/remiremontinfo\/#\/schema\/person\/6f9a650eeea99d969b6c4ab78fccbe81\",\"name\":\"C.K.\",\"image\":{\"@type\":\"ImageObject\",\"inLanguage\":\"fr-FR\",\"@id\":\"https:\/\/vosgesinfo.fr\/remiremontinfo\/#\/schema\/person\/image\/\",\"url\":\"https:\/\/secure.gravatar.com\/avatar\/48e3fc7f8421ba8942be6b74a2b7f014ca39bc00dece156b7a8e098ae7dc87bf?s=96&d=mm&r=g\",\"contentUrl\":\"https:\/\/secure.gravatar.com\/avatar\/48e3fc7f8421ba8942be6b74a2b7f014ca39bc00dece156b7a8e098ae7dc87bf?s=96&d=mm&r=g\",\"caption\":\"C.K.\"},\"url\":\"https:\/\/vosgesinfo.fr\/remiremontinfo\/author\/celia-k-n\/\"}]}<\/script>\n<!-- \/ Yoast SEO plugin. -->","yoast_head_json":{"title":"Op\u00e9ration \u00ab sp\u00e9cial automne \u00bb \u00e0 la boutique Flash Mode - Remiremont Info","robots":{"index":"index","follow":"follow","max-snippet":"max-snippet:-1","max-image-preview":"max-image-preview:large","max-video-preview":"max-video-preview:-1"},"canonical":"https:\/\/vosgesinfo.fr\/remiremontinfo\/2024\/10\/operation-special-automne-a-la-boutique-flash-mode\/","twitter_card":"summary_large_image","twitter_title":"Op\u00e9ration \u00ab sp\u00e9cial automne \u00bb \u00e0 la boutique Flash Mode - Remiremont Info","twitter_description":"Dans un magnifique espace de 350 m2, le magasin \u00ab Flash Mode \u00bb situ\u00e9 Zac des Terres Saint-Jean \u00e0 \u00c9pinal, [&hellip;]","twitter_image":"https:\/\/vosgesinfo.fr\/app\/uploads\/sites\/5\/2024\/10\/thumbnail-flash-mode-photo-premium.jpg","twitter_creator":"@VosgesInfo88","twitter_site":"@VosgesInfo88","twitter_misc":{"\u00c9crit par":"C.K.","Dur\u00e9e de lecture estim\u00e9e":"2 minutes"},"schema":{"@context":"https:\/\/schema.org","@graph":[{"@type":"Article","@id":"https:\/\/vosgesinfo.fr\/remiremontinfo\/2024\/10\/operation-special-automne-a-la-boutique-flash-mode\/#article","isPartOf":{"@id":"https:\/\/vosgesinfo.fr\/remiremontinfo\/2024\/10\/operation-special-automne-a-la-boutique-flash-mode\/"},"author":{"name":"C.K.","@id":"https:\/\/vosgesinfo.fr\/remiremontinfo\/#\/schema\/person\/6f9a650eeea99d969b6c4ab78fccbe81"},"headline":"Op\u00e9ration \u00ab sp\u00e9cial automne \u00bb \u00e0 la boutique Flash Mode","datePublished":"2024-10-31T10:09:36+00:00","dateModified":"2024-10-31T10:09:36+00:00","mainEntityOfPage":{"@id":"https:\/\/vosgesinfo.fr\/remiremontinfo\/2024\/10\/operation-special-automne-a-la-boutique-flash-mode\/"},"wordCount":377,"commentCount":0,"publisher":{"@id":"https:\/\/vosgesinfo.fr\/remiremontinfo\/#organization"},"image":{"@id":"https:\/\/vosgesinfo.fr\/remiremontinfo\/2024\/10\/operation-special-automne-a-la-boutique-flash-mode\/#primaryimage"},"thumbnailUrl":"https:\/\/vosgesinfo.fr\/app\/uploads\/sites\/5\/2024\/10\/thumbnail-flash-mode-photo-premium.jpg","articleSection":["A la Une","Epinal","Publi-reportage","Remiremont"],"inLanguage":"fr-FR","potentialAction":[{"@type":"CommentAction","name":"Comment","target":["https:\/\/vosgesinfo.fr\/remiremontinfo\/2024\/10\/operation-special-automne-a-la-boutique-flash-mode\/#respond"]}]},{"@type":"WebPage","@id":"https:\/\/vosgesinfo.fr\/remiremontinfo\/2024\/10\/operation-special-automne-a-la-boutique-flash-mode\/","url":"https:\/\/vosgesinfo.fr\/remiremontinfo\/2024\/10\/operation-special-automne-a-la-boutique-flash-mode\/","name":"Op\u00e9ration \u00ab sp\u00e9cial automne \u00bb \u00e0 la boutique Flash Mode - Remiremont Info","isPartOf":{"@id":"https:\/\/vosgesinfo.fr\/remiremontinfo\/#website"},"primaryImageOfPage":{"@id":"https:\/\/vosgesinfo.fr\/remiremontinfo\/2024\/10\/operation-special-automne-a-la-boutique-flash-mode\/#primaryimage"},"image":{"@id":"https:\/\/vosgesinfo.fr\/remiremontinfo\/2024\/10\/operation-special-automne-a-la-boutique-flash-mode\/#primaryimage"},"thumbnailUrl":"https:\/\/vosgesinfo.fr\/app\/uploads\/sites\/5\/2024\/10\/thumbnail-flash-mode-photo-premium.jpg","datePublished":"2024-10-31T10:09:36+00:00","dateModified":"2024-10-31T10:09:36+00:00","breadcrumb":{"@id":"https:\/\/vosgesinfo.fr\/remiremontinfo\/2024\/10\/operation-special-automne-a-la-boutique-flash-mode\/#breadcrumb"},"inLanguage":"fr-FR","potentialAction":[{"@type":"ReadAction","target":["https:\/\/vosgesinfo.fr\/remiremontinfo\/2024\/10\/operation-special-automne-a-la-boutique-flash-mode\/"]}]},{"@type":"ImageObject","inLanguage":"fr-FR","@id":"https:\/\/vosgesinfo.fr\/remiremontinfo\/2024\/10\/operation-special-automne-a-la-boutique-flash-mode\/#primaryimage","url":"https:\/\/vosgesinfo.fr\/app\/uploads\/sites\/5\/2024\/10\/thumbnail-flash-mode-photo-premium.jpg","contentUrl":"https:\/\/vosgesinfo.fr\/app\/uploads\/sites\/5\/2024\/10\/thumbnail-flash-mode-photo-premium.jpg","width":1920,"height":1068},{"@type":"BreadcrumbList","@id":"https:\/\/vosgesinfo.fr\/remiremontinfo\/2024\/10\/operation-special-automne-a-la-boutique-flash-mode\/#breadcrumb","itemListElement":[{"@type":"ListItem","position":1,"name":"Home","item":"https:\/\/vosgesinfo.fr\/remiremontinfo\/"},{"@type":"ListItem","position":2,"name":"Op\u00e9ration \u00ab sp\u00e9cial automne \u00bb \u00e0 la boutique Flash Mode"}]},{"@type":"WebSite","@id":"https:\/\/vosgesinfo.fr\/remiremontinfo\/#website","url":"https:\/\/vosgesinfo.fr\/remiremontinfo\/","name":"Remiremont Info","description":"Toute l&#039;actualit\u00e9 de Remiremont","publisher":{"@id":"https:\/\/vosgesinfo.fr\/remiremontinfo\/#organization"},"alternateName":"Toute l'actualit\u00e9 de Remiremont","potentialAction":[{"@type":"SearchAction","target":{"@type":"EntryPoint","urlTemplate":"https:\/\/vosgesinfo.fr\/remiremontinfo\/?s={search_term_string}"},"query-input":"required name=search_term_string"}],"inLanguage":"fr-FR"},{"@type":"Organization","@id":"https:\/\/vosgesinfo.fr\/remiremontinfo\/#organization","name":"Remiremont Info","url":"https:\/\/vosgesinfo.fr\/remiremontinfo\/","logo":{"@type":"ImageObject","inLanguage":"fr-FR","@id":"https:\/\/vosgesinfo.fr\/remiremontinfo\/#\/schema\/logo\/image\/","url":"https:\/\/vosgesinfo.fr\/app\/uploads\/sites\/5\/2023\/08\/favicon-remiremontinfo.png","contentUrl":"https:\/\/vosgesinfo.fr\/app\/uploads\/sites\/5\/2023\/08\/favicon-remiremontinfo.png","width":512,"height":512,"caption":"Remiremont Info"},"image":{"@id":"https:\/\/vosgesinfo.fr\/remiremontinfo\/#\/schema\/logo\/image\/"},"sameAs":["https:\/\/www.facebook.com\/remiremontinfo","https:\/\/x.com\/VosgesInfo88","https:\/\/www.youtube.com\/@vosgesinfo"]},{"@type":"Person","@id":"https:\/\/vosgesinfo.fr\/remiremontinfo\/#\/schema\/person\/6f9a650eeea99d969b6c4ab78fccbe81","name":"C.K.","image":{"@type":"ImageObject","inLanguage":"fr-FR","@id":"https:\/\/vosgesinfo.fr\/remiremontinfo\/#\/schema\/person\/image\/","url":"https:\/\/secure.gravatar.com\/avatar\/48e3fc7f8421ba8942be6b74a2b7f014ca39bc00dece156b7a8e098ae7dc87bf?s=96&d=mm&r=g","contentUrl":"https:\/\/secure.gravatar.com\/avatar\/48e3fc7f8421ba8942be6b74a2b7f014ca39bc00dece156b7a8e098ae7dc87bf?s=96&d=mm&r=g","caption":"C.K."},"url":"https:\/\/vosgesinfo.fr\/remiremontinfo\/author\/celia-k-n\/"}]}},"_links":{"self":[{"href":"https:\/\/vosgesinfo.fr\/remiremontinfo\/wp-json\/wp\/v2\/posts\/74898","targetHints":{"allow":["GET"]}}],"collection":[{"href":"https:\/\/vosgesinfo.fr\/remiremontinfo\/wp-json\/wp\/v2\/posts"}],"about":[{"href":"https:\/\/vosgesinfo.fr\/remiremontinfo\/wp-json\/wp\/v2\/types\/post"}],"author":[{"embeddable":true,"href":"https:\/\/vosgesinfo.fr\/remiremontinfo\/wp-json\/wp\/v2\/users\/52"}],"replies":[{"embeddable":true,"href":"https:\/\/vosgesinfo.fr\/remiremontinfo\/wp-json\/wp\/v2\/comments?post=74898"}],"version-history":[{"count":0,"href":"https:\/\/vosgesinfo.fr\/remiremontinfo\/wp-json\/wp\/v2\/posts\/74898\/revisions"}],"wp:featuredmedia":[{"embeddable":true,"href":"https:\/\/vosgesinfo.fr\/remiremontinfo\/wp-json\/wp\/v2\/media\/74899"}],"wp:attachment":[{"href":"https:\/\/vosgesinfo.fr\/remiremontinfo\/wp-json\/wp\/v2\/media?parent=74898"}],"wp:term":[{"taxonomy":"category","embeddable":true,"href":"https:\/\/vosgesinfo.fr\/remiremontinfo\/wp-json\/wp\/v2\/categories?post=74898"},{"taxonomy":"post_tag","embeddable":true,"href":"https:\/\/vosgesinfo.fr\/remiremontinfo\/wp-json\/wp\/v2\/tags?post=74898"}],"curies":[{"name":"wp","href":"https:\/\/api.w.org\/{rel}","templated":true}]}}