{"id":74998,"date":"2024-11-04T15:30:09","date_gmt":"2024-11-04T14:30:09","guid":{"rendered":"https:\/\/vosgesinfo.fr\/remiremontinfo\/?p=74998"},"modified":"2024-11-04T15:21:05","modified_gmt":"2024-11-04T14:21:05","slug":"une-belle-chaine-de-solidarite-sest-creee-suite-a-lincendie-dune-habitation-a-rupt-sur-moselle","status":"publish","type":"post","link":"https:\/\/vosgesinfo.fr\/remiremontinfo\/2024\/11\/une-belle-chaine-de-solidarite-sest-creee-suite-a-lincendie-dune-habitation-a-rupt-sur-moselle\/","title":{"rendered":"Une belle cha\u00eene de solidarit\u00e9 s&rsquo;est cr\u00e9\u00e9e suite \u00e0 l&rsquo;incendie d&rsquo;une habitation \u00e0 Rupt-sur-Moselle"},"content":{"rendered":"<div id=\"attachment_75034\" style=\"width: 983px\" class=\"wp-caption aligncenter\"><a href=\"https:\/\/vosgesinfo.fr\/app\/uploads\/sites\/5\/2024\/11\/incendie-rupt-sur-moselle.jpeg\"><img decoding=\"async\" aria-describedby=\"caption-attachment-75034\" class=\"size-full wp-image-75034\" src=\"https:\/\/vosgesinfo.fr\/app\/uploads\/sites\/5\/2024\/11\/incendie-rupt-sur-moselle.jpeg\" alt=\"\" width=\"973\" height=\"731\" srcset=\"https:\/\/vosgesinfo.fr\/app\/uploads\/sites\/5\/2024\/11\/incendie-rupt-sur-moselle.jpeg 973w, https:\/\/vosgesinfo.fr\/app\/uploads\/sites\/5\/2024\/11\/incendie-rupt-sur-moselle-300x225.jpeg 300w, https:\/\/vosgesinfo.fr\/app\/uploads\/sites\/5\/2024\/11\/incendie-rupt-sur-moselle-768x577.jpeg 768w\" sizes=\"(max-width: 973px) 100vw, 973px\" \/><\/a><p id=\"caption-attachment-75034\" class=\"wp-caption-text\">Photographie : Ma\u00eflyne Grisvard.<\/p><\/div>\n<p><strong>Tr\u00e8s t\u00f4t samedi matin, un incendie s&rsquo;est d\u00e9clar\u00e9 dans un chalet d&rsquo;habitation \u00e0 Rupt-sur-Moselle. Les occupants, sortis indemnes, ont perdu l&rsquo;int\u00e9gralit\u00e9 de leurs effets personnels dans le sinistre. <\/strong><\/p>\n<p>D\u00e8s l&rsquo;apr\u00e8s-midi m\u00eame, leur fille Ma\u00eflyne Grisvard, domicili\u00e9e \u00e0 Eloyes, a lanc\u00e9 un appel aux dons sur les r\u00e9seaux sociaux pour collecter des v\u00eatements pour les 4 membres de sa famille. Une belle cha\u00eene de solidarit\u00e9 s&rsquo;est cr\u00e9\u00e9e \u00e0 la suite de cet appel et un important don de v\u00eatements a \u00e9t\u00e9 r\u00e9colt\u00e9. Quant \u00e0 la famille, elle a pu \u00eatre log\u00e9e chez des proches en attendant une solution.<\/p>\n<p>Ma\u00eflyne Grisvard a aujourd&rsquo;hui cr\u00e9\u00e9 une cagnotte en ligne pour toutes les personnes souhaitant aider davantage la famille \u00e0 sortir de cette situation. La cagnotte est disponible sur ce lien : <a href=\"https:\/\/www.leetchi.com\/fr\/c\/incendie-de-rupt-sur-moselle-2283563?utm_source=native&amp;utm_medium=social_sharing\" target=\"_blank\" rel=\"noopener\">https:\/\/www.leetchi.com\/fr\/c\/incendie-de-rupt-sur-moselle-2283563?utm_source=native&amp;utm_medium=social_sharing\u00a0<\/a><\/p>\n<p>La famille remercie tous ceux ayant contribu\u00e9 de pr\u00e8s ou de loin \u00e0 cette cha\u00eene de solidarit\u00e9.<\/p>\n","protected":false},"excerpt":{"rendered":"<p>Tr\u00e8s t\u00f4t samedi matin, un incendie s&rsquo;est d\u00e9clar\u00e9 dans un chalet d&rsquo;habitation \u00e0 Rupt-sur-Moselle. Les occupants, sortis indemnes, ont perdu [&hellip;]<\/p>\n","protected":false},"author":418,"featured_media":75034,"comment_status":"open","ping_status":"open","sticky":false,"template":"","format":"standard","meta":{"footnotes":""},"categories":[26,108,1547,845,43,250,362,60],"tags":[6387,289,310],"class_list":["post-74998","post","type-post","status-publish","format-standard","has-post-thumbnail","hentry","category-a-la-une","category-epinal","category-gerardmer-2","category-la-plaine-des-vosges","category-remiremont-remiremont-son-canton","category-rupt-sur-moselle","category-saint-die","category-solidarite","tag-chaine-de-solidarite","tag-incendie","tag-rupt-sur-moselle"],"acf":[],"yoast_head":"<!-- This site is optimized with the Yoast SEO plugin v22.5 - https:\/\/yoast.com\/wordpress\/plugins\/seo\/ -->\n<title>Une belle cha\u00eene de solidarit\u00e9 s&#039;est cr\u00e9\u00e9e suite \u00e0 l&#039;incendie d&#039;une habitation \u00e0 Rupt-sur-Moselle - Remiremont Info<\/title>\n<meta name=\"robots\" content=\"index, follow, max-snippet:-1, max-image-preview:large, max-video-preview:-1\" \/>\n<link rel=\"canonical\" href=\"https:\/\/vosgesinfo.fr\/remiremontinfo\/?p=74998\" \/>\n<meta name=\"twitter:card\" content=\"summary_large_image\" \/>\n<meta name=\"twitter:title\" content=\"Une belle cha\u00eene de solidarit\u00e9 s&#039;est cr\u00e9\u00e9e suite \u00e0 l&#039;incendie d&#039;une habitation \u00e0 Rupt-sur-Moselle - Remiremont Info\" \/>\n<meta name=\"twitter:description\" content=\"Tr\u00e8s t\u00f4t samedi matin, un incendie s&rsquo;est d\u00e9clar\u00e9 dans un chalet d&rsquo;habitation \u00e0 Rupt-sur-Moselle. Les occupants, sortis indemnes, ont perdu [&hellip;]\" \/>\n<meta name=\"twitter:image\" content=\"https:\/\/vosgesinfo.fr\/app\/uploads\/sites\/5\/2024\/11\/incendie-rupt-sur-moselle.jpeg\" \/>\n<meta name=\"twitter:creator\" content=\"@VosgesInfo88\" \/>\n<meta name=\"twitter:site\" content=\"@VosgesInfo88\" \/>\n<meta name=\"twitter:label1\" content=\"\u00c9crit par\" \/>\n\t<meta name=\"twitter:data1\" content=\"C.M\" \/>\n\t<meta name=\"twitter:label2\" content=\"Dur\u00e9e de lecture estim\u00e9e\" \/>\n\t<meta name=\"twitter:data2\" content=\"2 minutes\" \/>\n<script type=\"application\/ld+json\" class=\"yoast-schema-graph\">{\"@context\":\"https:\/\/schema.org\",\"@graph\":[{\"@type\":\"Article\",\"@id\":\"https:\/\/vosgesinfo.fr\/remiremontinfo\/?p=74998#article\",\"isPartOf\":{\"@id\":\"https:\/\/vosgesinfo.fr\/remiremontinfo\/?p=74998\"},\"author\":{\"name\":\"C.M\",\"@id\":\"https:\/\/vosgesinfo.fr\/remiremontinfo\/#\/schema\/person\/4f38cd3068e342935b7304695c797d08\"},\"headline\":\"Une belle cha\u00eene de solidarit\u00e9 s&rsquo;est cr\u00e9\u00e9e suite \u00e0 l&rsquo;incendie d&rsquo;une habitation \u00e0 Rupt-sur-Moselle\",\"datePublished\":\"2024-11-04T14:30:09+00:00\",\"dateModified\":\"2024-11-04T14:21:05+00:00\",\"mainEntityOfPage\":{\"@id\":\"https:\/\/vosgesinfo.fr\/remiremontinfo\/?p=74998\"},\"wordCount\":205,\"commentCount\":0,\"publisher\":{\"@id\":\"https:\/\/vosgesinfo.fr\/remiremontinfo\/#organization\"},\"image\":{\"@id\":\"https:\/\/vosgesinfo.fr\/remiremontinfo\/?p=74998#primaryimage\"},\"thumbnailUrl\":\"https:\/\/vosgesinfo.fr\/app\/uploads\/sites\/5\/2024\/11\/incendie-rupt-sur-moselle.jpeg\",\"keywords\":[\"cha\u00eene de solidarit\u00e9\",\"incendie\",\"rupt-sur-moselle\"],\"articleSection\":[\"A la Une\",\"Epinal\",\"Gerardmer\",\"La plaine des vosges\",\"Remiremont\",\"Rupt-Sur-Moselle\",\"Saint-di\u00e9\",\"Solidarit\u00e9\"],\"inLanguage\":\"fr-FR\",\"potentialAction\":[{\"@type\":\"CommentAction\",\"name\":\"Comment\",\"target\":[\"https:\/\/vosgesinfo.fr\/remiremontinfo\/?p=74998#respond\"]}]},{\"@type\":\"WebPage\",\"@id\":\"https:\/\/vosgesinfo.fr\/remiremontinfo\/?p=74998\",\"url\":\"https:\/\/vosgesinfo.fr\/remiremontinfo\/?p=74998\",\"name\":\"Une belle cha\u00eene de solidarit\u00e9 s'est cr\u00e9\u00e9e suite \u00e0 l'incendie d'une habitation \u00e0 Rupt-sur-Moselle - Remiremont Info\",\"isPartOf\":{\"@id\":\"https:\/\/vosgesinfo.fr\/remiremontinfo\/#website\"},\"primaryImageOfPage\":{\"@id\":\"https:\/\/vosgesinfo.fr\/remiremontinfo\/?p=74998#primaryimage\"},\"image\":{\"@id\":\"https:\/\/vosgesinfo.fr\/remiremontinfo\/?p=74998#primaryimage\"},\"thumbnailUrl\":\"https:\/\/vosgesinfo.fr\/app\/uploads\/sites\/5\/2024\/11\/incendie-rupt-sur-moselle.jpeg\",\"datePublished\":\"2024-11-04T14:30:09+00:00\",\"dateModified\":\"2024-11-04T14:21:05+00:00\",\"breadcrumb\":{\"@id\":\"https:\/\/vosgesinfo.fr\/remiremontinfo\/?p=74998#breadcrumb\"},\"inLanguage\":\"fr-FR\",\"potentialAction\":[{\"@type\":\"ReadAction\",\"target\":[\"https:\/\/vosgesinfo.fr\/remiremontinfo\/?p=74998\"]}]},{\"@type\":\"ImageObject\",\"inLanguage\":\"fr-FR\",\"@id\":\"https:\/\/vosgesinfo.fr\/remiremontinfo\/?p=74998#primaryimage\",\"url\":\"https:\/\/vosgesinfo.fr\/app\/uploads\/sites\/5\/2024\/11\/incendie-rupt-sur-moselle.jpeg\",\"contentUrl\":\"https:\/\/vosgesinfo.fr\/app\/uploads\/sites\/5\/2024\/11\/incendie-rupt-sur-moselle.jpeg\",\"width\":973,\"height\":731,\"caption\":\"Photographie : Ma\u00eflyne Grisvard.\"},{\"@type\":\"BreadcrumbList\",\"@id\":\"https:\/\/vosgesinfo.fr\/remiremontinfo\/?p=74998#breadcrumb\",\"itemListElement\":[{\"@type\":\"ListItem\",\"position\":1,\"name\":\"Home\",\"item\":\"https:\/\/vosgesinfo.fr\/remiremontinfo\/\"},{\"@type\":\"ListItem\",\"position\":2,\"name\":\"Une belle cha\u00eene de solidarit\u00e9 s&#8217;est cr\u00e9\u00e9e suite \u00e0 l&#8217;incendie d&#8217;une habitation \u00e0 Rupt-sur-Moselle\"}]},{\"@type\":\"WebSite\",\"@id\":\"https:\/\/vosgesinfo.fr\/remiremontinfo\/#website\",\"url\":\"https:\/\/vosgesinfo.fr\/remiremontinfo\/\",\"name\":\"Remiremont Info\",\"description\":\"Toute l&#039;actualit\u00e9 de Remiremont\",\"publisher\":{\"@id\":\"https:\/\/vosgesinfo.fr\/remiremontinfo\/#organization\"},\"alternateName\":\"Toute l'actualit\u00e9 de Remiremont\",\"potentialAction\":[{\"@type\":\"SearchAction\",\"target\":{\"@type\":\"EntryPoint\",\"urlTemplate\":\"https:\/\/vosgesinfo.fr\/remiremontinfo\/?s={search_term_string}\"},\"query-input\":\"required name=search_term_string\"}],\"inLanguage\":\"fr-FR\"},{\"@type\":\"Organization\",\"@id\":\"https:\/\/vosgesinfo.fr\/remiremontinfo\/#organization\",\"name\":\"Remiremont Info\",\"url\":\"https:\/\/vosgesinfo.fr\/remiremontinfo\/\",\"logo\":{\"@type\":\"ImageObject\",\"inLanguage\":\"fr-FR\",\"@id\":\"https:\/\/vosgesinfo.fr\/remiremontinfo\/#\/schema\/logo\/image\/\",\"url\":\"https:\/\/vosgesinfo.fr\/app\/uploads\/sites\/5\/2023\/08\/favicon-remiremontinfo.png\",\"contentUrl\":\"https:\/\/vosgesinfo.fr\/app\/uploads\/sites\/5\/2023\/08\/favicon-remiremontinfo.png\",\"width\":512,\"height\":512,\"caption\":\"Remiremont Info\"},\"image\":{\"@id\":\"https:\/\/vosgesinfo.fr\/remiremontinfo\/#\/schema\/logo\/image\/\"},\"sameAs\":[\"https:\/\/www.facebook.com\/remiremontinfo\",\"https:\/\/x.com\/VosgesInfo88\",\"https:\/\/www.youtube.com\/@vosgesinfo\"]},{\"@type\":\"Person\",\"@id\":\"https:\/\/vosgesinfo.fr\/remiremontinfo\/#\/schema\/person\/4f38cd3068e342935b7304695c797d08\",\"name\":\"C.M\",\"image\":{\"@type\":\"ImageObject\",\"inLanguage\":\"fr-FR\",\"@id\":\"https:\/\/vosgesinfo.fr\/remiremontinfo\/#\/schema\/person\/image\/\",\"url\":\"https:\/\/secure.gravatar.com\/avatar\/fe9daaef0164d920717484172682f3c5c9bcf7d42aa8c7048c76c34f0eb6c8da?s=96&d=mm&r=g\",\"contentUrl\":\"https:\/\/secure.gravatar.com\/avatar\/fe9daaef0164d920717484172682f3c5c9bcf7d42aa8c7048c76c34f0eb6c8da?s=96&d=mm&r=g\",\"caption\":\"C.M\"},\"url\":\"https:\/\/vosgesinfo.fr\/remiremontinfo\/author\/cm88200\/\"}]}<\/script>\n<!-- \/ Yoast SEO plugin. -->","yoast_head_json":{"title":"Une belle cha\u00eene de solidarit\u00e9 s'est cr\u00e9\u00e9e suite \u00e0 l'incendie d'une habitation \u00e0 Rupt-sur-Moselle - Remiremont Info","robots":{"index":"index","follow":"follow","max-snippet":"max-snippet:-1","max-image-preview":"max-image-preview:large","max-video-preview":"max-video-preview:-1"},"canonical":"https:\/\/vosgesinfo.fr\/remiremontinfo\/?p=74998","twitter_card":"summary_large_image","twitter_title":"Une belle cha\u00eene de solidarit\u00e9 s'est cr\u00e9\u00e9e suite \u00e0 l'incendie d'une habitation \u00e0 Rupt-sur-Moselle - Remiremont Info","twitter_description":"Tr\u00e8s t\u00f4t samedi matin, un incendie s&rsquo;est d\u00e9clar\u00e9 dans un chalet d&rsquo;habitation \u00e0 Rupt-sur-Moselle. Les occupants, sortis indemnes, ont perdu [&hellip;]","twitter_image":"https:\/\/vosgesinfo.fr\/app\/uploads\/sites\/5\/2024\/11\/incendie-rupt-sur-moselle.jpeg","twitter_creator":"@VosgesInfo88","twitter_site":"@VosgesInfo88","twitter_misc":{"\u00c9crit par":"C.M","Dur\u00e9e de lecture estim\u00e9e":"2 minutes"},"schema":{"@context":"https:\/\/schema.org","@graph":[{"@type":"Article","@id":"https:\/\/vosgesinfo.fr\/remiremontinfo\/?p=74998#article","isPartOf":{"@id":"https:\/\/vosgesinfo.fr\/remiremontinfo\/?p=74998"},"author":{"name":"C.M","@id":"https:\/\/vosgesinfo.fr\/remiremontinfo\/#\/schema\/person\/4f38cd3068e342935b7304695c797d08"},"headline":"Une belle cha\u00eene de solidarit\u00e9 s&rsquo;est cr\u00e9\u00e9e suite \u00e0 l&rsquo;incendie d&rsquo;une habitation \u00e0 Rupt-sur-Moselle","datePublished":"2024-11-04T14:30:09+00:00","dateModified":"2024-11-04T14:21:05+00:00","mainEntityOfPage":{"@id":"https:\/\/vosgesinfo.fr\/remiremontinfo\/?p=74998"},"wordCount":205,"commentCount":0,"publisher":{"@id":"https:\/\/vosgesinfo.fr\/remiremontinfo\/#organization"},"image":{"@id":"https:\/\/vosgesinfo.fr\/remiremontinfo\/?p=74998#primaryimage"},"thumbnailUrl":"https:\/\/vosgesinfo.fr\/app\/uploads\/sites\/5\/2024\/11\/incendie-rupt-sur-moselle.jpeg","keywords":["cha\u00eene de solidarit\u00e9","incendie","rupt-sur-moselle"],"articleSection":["A la Une","Epinal","Gerardmer","La plaine des vosges","Remiremont","Rupt-Sur-Moselle","Saint-di\u00e9","Solidarit\u00e9"],"inLanguage":"fr-FR","potentialAction":[{"@type":"CommentAction","name":"Comment","target":["https:\/\/vosgesinfo.fr\/remiremontinfo\/?p=74998#respond"]}]},{"@type":"WebPage","@id":"https:\/\/vosgesinfo.fr\/remiremontinfo\/?p=74998","url":"https:\/\/vosgesinfo.fr\/remiremontinfo\/?p=74998","name":"Une belle cha\u00eene de solidarit\u00e9 s'est cr\u00e9\u00e9e suite \u00e0 l'incendie d'une habitation \u00e0 Rupt-sur-Moselle - Remiremont Info","isPartOf":{"@id":"https:\/\/vosgesinfo.fr\/remiremontinfo\/#website"},"primaryImageOfPage":{"@id":"https:\/\/vosgesinfo.fr\/remiremontinfo\/?p=74998#primaryimage"},"image":{"@id":"https:\/\/vosgesinfo.fr\/remiremontinfo\/?p=74998#primaryimage"},"thumbnailUrl":"https:\/\/vosgesinfo.fr\/app\/uploads\/sites\/5\/2024\/11\/incendie-rupt-sur-moselle.jpeg","datePublished":"2024-11-04T14:30:09+00:00","dateModified":"2024-11-04T14:21:05+00:00","breadcrumb":{"@id":"https:\/\/vosgesinfo.fr\/remiremontinfo\/?p=74998#breadcrumb"},"inLanguage":"fr-FR","potentialAction":[{"@type":"ReadAction","target":["https:\/\/vosgesinfo.fr\/remiremontinfo\/?p=74998"]}]},{"@type":"ImageObject","inLanguage":"fr-FR","@id":"https:\/\/vosgesinfo.fr\/remiremontinfo\/?p=74998#primaryimage","url":"https:\/\/vosgesinfo.fr\/app\/uploads\/sites\/5\/2024\/11\/incendie-rupt-sur-moselle.jpeg","contentUrl":"https:\/\/vosgesinfo.fr\/app\/uploads\/sites\/5\/2024\/11\/incendie-rupt-sur-moselle.jpeg","width":973,"height":731,"caption":"Photographie : Ma\u00eflyne Grisvard."},{"@type":"BreadcrumbList","@id":"https:\/\/vosgesinfo.fr\/remiremontinfo\/?p=74998#breadcrumb","itemListElement":[{"@type":"ListItem","position":1,"name":"Home","item":"https:\/\/vosgesinfo.fr\/remiremontinfo\/"},{"@type":"ListItem","position":2,"name":"Une belle cha\u00eene de solidarit\u00e9 s&#8217;est cr\u00e9\u00e9e suite \u00e0 l&#8217;incendie d&#8217;une habitation \u00e0 Rupt-sur-Moselle"}]},{"@type":"WebSite","@id":"https:\/\/vosgesinfo.fr\/remiremontinfo\/#website","url":"https:\/\/vosgesinfo.fr\/remiremontinfo\/","name":"Remiremont Info","description":"Toute l&#039;actualit\u00e9 de Remiremont","publisher":{"@id":"https:\/\/vosgesinfo.fr\/remiremontinfo\/#organization"},"alternateName":"Toute l'actualit\u00e9 de Remiremont","potentialAction":[{"@type":"SearchAction","target":{"@type":"EntryPoint","urlTemplate":"https:\/\/vosgesinfo.fr\/remiremontinfo\/?s={search_term_string}"},"query-input":"required name=search_term_string"}],"inLanguage":"fr-FR"},{"@type":"Organization","@id":"https:\/\/vosgesinfo.fr\/remiremontinfo\/#organization","name":"Remiremont Info","url":"https:\/\/vosgesinfo.fr\/remiremontinfo\/","logo":{"@type":"ImageObject","inLanguage":"fr-FR","@id":"https:\/\/vosgesinfo.fr\/remiremontinfo\/#\/schema\/logo\/image\/","url":"https:\/\/vosgesinfo.fr\/app\/uploads\/sites\/5\/2023\/08\/favicon-remiremontinfo.png","contentUrl":"https:\/\/vosgesinfo.fr\/app\/uploads\/sites\/5\/2023\/08\/favicon-remiremontinfo.png","width":512,"height":512,"caption":"Remiremont Info"},"image":{"@id":"https:\/\/vosgesinfo.fr\/remiremontinfo\/#\/schema\/logo\/image\/"},"sameAs":["https:\/\/www.facebook.com\/remiremontinfo","https:\/\/x.com\/VosgesInfo88","https:\/\/www.youtube.com\/@vosgesinfo"]},{"@type":"Person","@id":"https:\/\/vosgesinfo.fr\/remiremontinfo\/#\/schema\/person\/4f38cd3068e342935b7304695c797d08","name":"C.M","image":{"@type":"ImageObject","inLanguage":"fr-FR","@id":"https:\/\/vosgesinfo.fr\/remiremontinfo\/#\/schema\/person\/image\/","url":"https:\/\/secure.gravatar.com\/avatar\/fe9daaef0164d920717484172682f3c5c9bcf7d42aa8c7048c76c34f0eb6c8da?s=96&d=mm&r=g","contentUrl":"https:\/\/secure.gravatar.com\/avatar\/fe9daaef0164d920717484172682f3c5c9bcf7d42aa8c7048c76c34f0eb6c8da?s=96&d=mm&r=g","caption":"C.M"},"url":"https:\/\/vosgesinfo.fr\/remiremontinfo\/author\/cm88200\/"}]}},"_links":{"self":[{"href":"https:\/\/vosgesinfo.fr\/remiremontinfo\/wp-json\/wp\/v2\/posts\/74998","targetHints":{"allow":["GET"]}}],"collection":[{"href":"https:\/\/vosgesinfo.fr\/remiremontinfo\/wp-json\/wp\/v2\/posts"}],"about":[{"href":"https:\/\/vosgesinfo.fr\/remiremontinfo\/wp-json\/wp\/v2\/types\/post"}],"author":[{"embeddable":true,"href":"https:\/\/vosgesinfo.fr\/remiremontinfo\/wp-json\/wp\/v2\/users\/418"}],"replies":[{"embeddable":true,"href":"https:\/\/vosgesinfo.fr\/remiremontinfo\/wp-json\/wp\/v2\/comments?post=74998"}],"version-history":[{"count":2,"href":"https:\/\/vosgesinfo.fr\/remiremontinfo\/wp-json\/wp\/v2\/posts\/74998\/revisions"}],"predecessor-version":[{"id":75035,"href":"https:\/\/vosgesinfo.fr\/remiremontinfo\/wp-json\/wp\/v2\/posts\/74998\/revisions\/75035"}],"wp:featuredmedia":[{"embeddable":true,"href":"https:\/\/vosgesinfo.fr\/remiremontinfo\/wp-json\/wp\/v2\/media\/75034"}],"wp:attachment":[{"href":"https:\/\/vosgesinfo.fr\/remiremontinfo\/wp-json\/wp\/v2\/media?parent=74998"}],"wp:term":[{"taxonomy":"category","embeddable":true,"href":"https:\/\/vosgesinfo.fr\/remiremontinfo\/wp-json\/wp\/v2\/categories?post=74998"},{"taxonomy":"post_tag","embeddable":true,"href":"https:\/\/vosgesinfo.fr\/remiremontinfo\/wp-json\/wp\/v2\/tags?post=74998"}],"curies":[{"name":"wp","href":"https:\/\/api.w.org\/{rel}","templated":true}]}}