{"id":75088,"date":"2024-11-06T12:09:56","date_gmt":"2024-11-06T11:09:56","guid":{"rendered":"https:\/\/vosgesinfo.fr\/remiremontinfo\/?p=75088"},"modified":"2024-11-06T12:09:56","modified_gmt":"2024-11-06T11:09:56","slug":"prochaine-broco-kids-le-dimanche-10-novembre-au-foyer-de-la-mcl","status":"publish","type":"post","link":"https:\/\/vosgesinfo.fr\/remiremontinfo\/2024\/11\/prochaine-broco-kids-le-dimanche-10-novembre-au-foyer-de-la-mcl\/","title":{"rendered":"Prochaine Broc&rsquo;O Kids le dimanche 10 novembre au foyer de la MCL"},"content":{"rendered":"<p><a href=\"https:\/\/vosgesinfo.fr\/app\/uploads\/sites\/6\/2024\/11\/broc-o-kids-argots-smile.jpeg\"><img decoding=\"async\" class=\"aligncenter size-large wp-image-70485\" src=\"https:\/\/vosgesinfo.fr\/app\/uploads\/sites\/6\/2024\/11\/broc-o-kids-argots-smile-732x1024.jpeg\" alt=\"\" width=\"732\" height=\"1024\" \/><\/a><\/p>\n<p>&nbsp;<\/p>\n<p><strong>La prochaine \u00e9dition de la Broc\u2019O Kids organis\u00e9e en faveur de l\u2019association Margot\u2019s Smile aura lieu les 9 &amp; 10 novembre prochains au foyer-bar de la MCL de G\u00e9rardmer.<\/strong><\/p>\n<p>Le d\u00e9p\u00f4t se fera le samedi 9 novembre de 9 h 00 \u00e0 16 h 00, la vente le dimanche 10 de 9 h 00 \u00e0 16 h 00 et la reprise des invendus le dimanche au terme de la vente. A noter qu\u2019une participation de 15 % sur le total de la somme des d\u00e9p\u00f4ts sera pr\u00e9lev\u00e9e au profit de l\u2019association. Et bien entendu, les b\u00e9n\u00e9voles qui souhaiteraient venir se joindre \u00e0 l\u2019op\u00e9ration sont les bienvenus !<\/p>\n<p>&nbsp;<\/p>\n<p>Concernant l\u2019argent r\u00e9colt\u00e9, il permettra \u00e0 nouveau \u00e0 Margot, jeune g\u00e9r\u00f4moise atteinte du syndrome d\u2019Angelman, de poursuivre son petit bout de chemin sur la voie de la motricit\u00e9 et de la communication.<\/p>\n","protected":false},"excerpt":{"rendered":"<p>&nbsp; La prochaine \u00e9dition de la Broc\u2019O Kids organis\u00e9e en faveur de l\u2019association Margot\u2019s Smile aura lieu les 9 &amp; [&hellip;]<\/p>\n","protected":false},"author":42,"featured_media":75089,"comment_status":"open","ping_status":"open","sticky":false,"template":"","format":"standard","meta":{"footnotes":""},"categories":[26,43,12,17],"tags":[6406,6407,6250],"class_list":["post-75088","post","type-post","status-publish","format-standard","has-post-thumbnail","hentry","category-a-la-une","category-remiremont-remiremont-son-canton","category-sante","category-vie-associative","tag-broco-kids","tag-margots-smile","tag-mcl-gerardmer"],"acf":[],"yoast_head":"<!-- This site is optimized with the Yoast SEO plugin v22.5 - https:\/\/yoast.com\/wordpress\/plugins\/seo\/ -->\n<title>Prochaine Broc&#039;O Kids le dimanche 10 novembre au foyer de la MCL - Remiremont Info<\/title>\n<meta name=\"robots\" content=\"index, follow, max-snippet:-1, max-image-preview:large, max-video-preview:-1\" \/>\n<link rel=\"canonical\" href=\"https:\/\/vosgesinfo.fr\/remiremontinfo\/2024\/11\/prochaine-broco-kids-le-dimanche-10-novembre-au-foyer-de-la-mcl\/\" \/>\n<meta name=\"twitter:card\" content=\"summary_large_image\" \/>\n<meta name=\"twitter:title\" content=\"Prochaine Broc&#039;O Kids le dimanche 10 novembre au foyer de la MCL - Remiremont Info\" \/>\n<meta name=\"twitter:description\" content=\"&nbsp; La prochaine \u00e9dition de la Broc\u2019O Kids organis\u00e9e en faveur de l\u2019association Margot\u2019s Smile aura lieu les 9 &amp; [&hellip;]\" \/>\n<meta name=\"twitter:image\" content=\"https:\/\/vosgesinfo.fr\/app\/uploads\/sites\/5\/2024\/11\/broc-o-kids-argots-smile.jpeg\" \/>\n<meta name=\"twitter:creator\" content=\"@VosgesInfo88\" \/>\n<meta name=\"twitter:site\" content=\"@VosgesInfo88\" \/>\n<meta name=\"twitter:label1\" content=\"\u00c9crit par\" \/>\n\t<meta name=\"twitter:data1\" content=\"QG\" \/>\n\t<meta name=\"twitter:label2\" content=\"Dur\u00e9e de lecture estim\u00e9e\" \/>\n\t<meta name=\"twitter:data2\" content=\"1 minute\" \/>\n<script type=\"application\/ld+json\" class=\"yoast-schema-graph\">{\"@context\":\"https:\/\/schema.org\",\"@graph\":[{\"@type\":\"Article\",\"@id\":\"https:\/\/vosgesinfo.fr\/remiremontinfo\/2024\/11\/prochaine-broco-kids-le-dimanche-10-novembre-au-foyer-de-la-mcl\/#article\",\"isPartOf\":{\"@id\":\"https:\/\/vosgesinfo.fr\/remiremontinfo\/2024\/11\/prochaine-broco-kids-le-dimanche-10-novembre-au-foyer-de-la-mcl\/\"},\"author\":{\"name\":\"QG\",\"@id\":\"https:\/\/vosgesinfo.fr\/remiremontinfo\/#\/schema\/person\/db5605779a843dad16b5368f3e7613a5\"},\"headline\":\"Prochaine Broc&rsquo;O Kids le dimanche 10 novembre au foyer de la MCL\",\"datePublished\":\"2024-11-06T11:09:56+00:00\",\"dateModified\":\"2024-11-06T11:09:56+00:00\",\"mainEntityOfPage\":{\"@id\":\"https:\/\/vosgesinfo.fr\/remiremontinfo\/2024\/11\/prochaine-broco-kids-le-dimanche-10-novembre-au-foyer-de-la-mcl\/\"},\"wordCount\":155,\"commentCount\":0,\"publisher\":{\"@id\":\"https:\/\/vosgesinfo.fr\/remiremontinfo\/#organization\"},\"image\":{\"@id\":\"https:\/\/vosgesinfo.fr\/remiremontinfo\/2024\/11\/prochaine-broco-kids-le-dimanche-10-novembre-au-foyer-de-la-mcl\/#primaryimage\"},\"thumbnailUrl\":\"https:\/\/vosgesinfo.fr\/app\/uploads\/sites\/5\/2024\/11\/broc-o-kids-argots-smile.jpeg\",\"keywords\":[\"broc'O kids\",\"margot's smile\",\"MCL G\u00e9rardmer\"],\"articleSection\":[\"A la Une\",\"Remiremont\",\"Sant\u00e9\",\"Vie associative\"],\"inLanguage\":\"fr-FR\",\"potentialAction\":[{\"@type\":\"CommentAction\",\"name\":\"Comment\",\"target\":[\"https:\/\/vosgesinfo.fr\/remiremontinfo\/2024\/11\/prochaine-broco-kids-le-dimanche-10-novembre-au-foyer-de-la-mcl\/#respond\"]}]},{\"@type\":\"WebPage\",\"@id\":\"https:\/\/vosgesinfo.fr\/remiremontinfo\/2024\/11\/prochaine-broco-kids-le-dimanche-10-novembre-au-foyer-de-la-mcl\/\",\"url\":\"https:\/\/vosgesinfo.fr\/remiremontinfo\/2024\/11\/prochaine-broco-kids-le-dimanche-10-novembre-au-foyer-de-la-mcl\/\",\"name\":\"Prochaine Broc'O Kids le dimanche 10 novembre au foyer de la MCL - Remiremont Info\",\"isPartOf\":{\"@id\":\"https:\/\/vosgesinfo.fr\/remiremontinfo\/#website\"},\"primaryImageOfPage\":{\"@id\":\"https:\/\/vosgesinfo.fr\/remiremontinfo\/2024\/11\/prochaine-broco-kids-le-dimanche-10-novembre-au-foyer-de-la-mcl\/#primaryimage\"},\"image\":{\"@id\":\"https:\/\/vosgesinfo.fr\/remiremontinfo\/2024\/11\/prochaine-broco-kids-le-dimanche-10-novembre-au-foyer-de-la-mcl\/#primaryimage\"},\"thumbnailUrl\":\"https:\/\/vosgesinfo.fr\/app\/uploads\/sites\/5\/2024\/11\/broc-o-kids-argots-smile.jpeg\",\"datePublished\":\"2024-11-06T11:09:56+00:00\",\"dateModified\":\"2024-11-06T11:09:56+00:00\",\"breadcrumb\":{\"@id\":\"https:\/\/vosgesinfo.fr\/remiremontinfo\/2024\/11\/prochaine-broco-kids-le-dimanche-10-novembre-au-foyer-de-la-mcl\/#breadcrumb\"},\"inLanguage\":\"fr-FR\",\"potentialAction\":[{\"@type\":\"ReadAction\",\"target\":[\"https:\/\/vosgesinfo.fr\/remiremontinfo\/2024\/11\/prochaine-broco-kids-le-dimanche-10-novembre-au-foyer-de-la-mcl\/\"]}]},{\"@type\":\"ImageObject\",\"inLanguage\":\"fr-FR\",\"@id\":\"https:\/\/vosgesinfo.fr\/remiremontinfo\/2024\/11\/prochaine-broco-kids-le-dimanche-10-novembre-au-foyer-de-la-mcl\/#primaryimage\",\"url\":\"https:\/\/vosgesinfo.fr\/app\/uploads\/sites\/5\/2024\/11\/broc-o-kids-argots-smile.jpeg\",\"contentUrl\":\"https:\/\/vosgesinfo.fr\/app\/uploads\/sites\/5\/2024\/11\/broc-o-kids-argots-smile.jpeg\",\"width\":1772,\"height\":2480},{\"@type\":\"BreadcrumbList\",\"@id\":\"https:\/\/vosgesinfo.fr\/remiremontinfo\/2024\/11\/prochaine-broco-kids-le-dimanche-10-novembre-au-foyer-de-la-mcl\/#breadcrumb\",\"itemListElement\":[{\"@type\":\"ListItem\",\"position\":1,\"name\":\"Home\",\"item\":\"https:\/\/vosgesinfo.fr\/remiremontinfo\/\"},{\"@type\":\"ListItem\",\"position\":2,\"name\":\"Prochaine Broc&rsquo;O Kids le dimanche 10 novembre au foyer de la MCL\"}]},{\"@type\":\"WebSite\",\"@id\":\"https:\/\/vosgesinfo.fr\/remiremontinfo\/#website\",\"url\":\"https:\/\/vosgesinfo.fr\/remiremontinfo\/\",\"name\":\"Remiremont Info\",\"description\":\"Toute l&#039;actualit\u00e9 de Remiremont\",\"publisher\":{\"@id\":\"https:\/\/vosgesinfo.fr\/remiremontinfo\/#organization\"},\"alternateName\":\"Toute l'actualit\u00e9 de Remiremont\",\"potentialAction\":[{\"@type\":\"SearchAction\",\"target\":{\"@type\":\"EntryPoint\",\"urlTemplate\":\"https:\/\/vosgesinfo.fr\/remiremontinfo\/?s={search_term_string}\"},\"query-input\":\"required name=search_term_string\"}],\"inLanguage\":\"fr-FR\"},{\"@type\":\"Organization\",\"@id\":\"https:\/\/vosgesinfo.fr\/remiremontinfo\/#organization\",\"name\":\"Remiremont Info\",\"url\":\"https:\/\/vosgesinfo.fr\/remiremontinfo\/\",\"logo\":{\"@type\":\"ImageObject\",\"inLanguage\":\"fr-FR\",\"@id\":\"https:\/\/vosgesinfo.fr\/remiremontinfo\/#\/schema\/logo\/image\/\",\"url\":\"https:\/\/vosgesinfo.fr\/app\/uploads\/sites\/5\/2023\/08\/favicon-remiremontinfo.png\",\"contentUrl\":\"https:\/\/vosgesinfo.fr\/app\/uploads\/sites\/5\/2023\/08\/favicon-remiremontinfo.png\",\"width\":512,\"height\":512,\"caption\":\"Remiremont Info\"},\"image\":{\"@id\":\"https:\/\/vosgesinfo.fr\/remiremontinfo\/#\/schema\/logo\/image\/\"},\"sameAs\":[\"https:\/\/www.facebook.com\/remiremontinfo\",\"https:\/\/x.com\/VosgesInfo88\",\"https:\/\/www.youtube.com\/@vosgesinfo\"]},{\"@type\":\"Person\",\"@id\":\"https:\/\/vosgesinfo.fr\/remiremontinfo\/#\/schema\/person\/db5605779a843dad16b5368f3e7613a5\",\"name\":\"QG\",\"image\":{\"@type\":\"ImageObject\",\"inLanguage\":\"fr-FR\",\"@id\":\"https:\/\/vosgesinfo.fr\/remiremontinfo\/#\/schema\/person\/image\/\",\"url\":\"https:\/\/secure.gravatar.com\/avatar\/ea80c42c204b534408512832fde52504ecabb9706bcb6151cf6175e5b64e6793?s=96&d=mm&r=g\",\"contentUrl\":\"https:\/\/secure.gravatar.com\/avatar\/ea80c42c204b534408512832fde52504ecabb9706bcb6151cf6175e5b64e6793?s=96&d=mm&r=g\",\"caption\":\"QG\"},\"url\":\"https:\/\/vosgesinfo.fr\/remiremontinfo\/author\/quentin88\/\"}]}<\/script>\n<!-- \/ Yoast SEO plugin. -->","yoast_head_json":{"title":"Prochaine Broc'O Kids le dimanche 10 novembre au foyer de la MCL - Remiremont Info","robots":{"index":"index","follow":"follow","max-snippet":"max-snippet:-1","max-image-preview":"max-image-preview:large","max-video-preview":"max-video-preview:-1"},"canonical":"https:\/\/vosgesinfo.fr\/remiremontinfo\/2024\/11\/prochaine-broco-kids-le-dimanche-10-novembre-au-foyer-de-la-mcl\/","twitter_card":"summary_large_image","twitter_title":"Prochaine Broc'O Kids le dimanche 10 novembre au foyer de la MCL - Remiremont Info","twitter_description":"&nbsp; La prochaine \u00e9dition de la Broc\u2019O Kids organis\u00e9e en faveur de l\u2019association Margot\u2019s Smile aura lieu les 9 &amp; [&hellip;]","twitter_image":"https:\/\/vosgesinfo.fr\/app\/uploads\/sites\/5\/2024\/11\/broc-o-kids-argots-smile.jpeg","twitter_creator":"@VosgesInfo88","twitter_site":"@VosgesInfo88","twitter_misc":{"\u00c9crit par":"QG","Dur\u00e9e de lecture estim\u00e9e":"1 minute"},"schema":{"@context":"https:\/\/schema.org","@graph":[{"@type":"Article","@id":"https:\/\/vosgesinfo.fr\/remiremontinfo\/2024\/11\/prochaine-broco-kids-le-dimanche-10-novembre-au-foyer-de-la-mcl\/#article","isPartOf":{"@id":"https:\/\/vosgesinfo.fr\/remiremontinfo\/2024\/11\/prochaine-broco-kids-le-dimanche-10-novembre-au-foyer-de-la-mcl\/"},"author":{"name":"QG","@id":"https:\/\/vosgesinfo.fr\/remiremontinfo\/#\/schema\/person\/db5605779a843dad16b5368f3e7613a5"},"headline":"Prochaine Broc&rsquo;O Kids le dimanche 10 novembre au foyer de la MCL","datePublished":"2024-11-06T11:09:56+00:00","dateModified":"2024-11-06T11:09:56+00:00","mainEntityOfPage":{"@id":"https:\/\/vosgesinfo.fr\/remiremontinfo\/2024\/11\/prochaine-broco-kids-le-dimanche-10-novembre-au-foyer-de-la-mcl\/"},"wordCount":155,"commentCount":0,"publisher":{"@id":"https:\/\/vosgesinfo.fr\/remiremontinfo\/#organization"},"image":{"@id":"https:\/\/vosgesinfo.fr\/remiremontinfo\/2024\/11\/prochaine-broco-kids-le-dimanche-10-novembre-au-foyer-de-la-mcl\/#primaryimage"},"thumbnailUrl":"https:\/\/vosgesinfo.fr\/app\/uploads\/sites\/5\/2024\/11\/broc-o-kids-argots-smile.jpeg","keywords":["broc'O kids","margot's smile","MCL G\u00e9rardmer"],"articleSection":["A la Une","Remiremont","Sant\u00e9","Vie associative"],"inLanguage":"fr-FR","potentialAction":[{"@type":"CommentAction","name":"Comment","target":["https:\/\/vosgesinfo.fr\/remiremontinfo\/2024\/11\/prochaine-broco-kids-le-dimanche-10-novembre-au-foyer-de-la-mcl\/#respond"]}]},{"@type":"WebPage","@id":"https:\/\/vosgesinfo.fr\/remiremontinfo\/2024\/11\/prochaine-broco-kids-le-dimanche-10-novembre-au-foyer-de-la-mcl\/","url":"https:\/\/vosgesinfo.fr\/remiremontinfo\/2024\/11\/prochaine-broco-kids-le-dimanche-10-novembre-au-foyer-de-la-mcl\/","name":"Prochaine Broc'O Kids le dimanche 10 novembre au foyer de la MCL - Remiremont Info","isPartOf":{"@id":"https:\/\/vosgesinfo.fr\/remiremontinfo\/#website"},"primaryImageOfPage":{"@id":"https:\/\/vosgesinfo.fr\/remiremontinfo\/2024\/11\/prochaine-broco-kids-le-dimanche-10-novembre-au-foyer-de-la-mcl\/#primaryimage"},"image":{"@id":"https:\/\/vosgesinfo.fr\/remiremontinfo\/2024\/11\/prochaine-broco-kids-le-dimanche-10-novembre-au-foyer-de-la-mcl\/#primaryimage"},"thumbnailUrl":"https:\/\/vosgesinfo.fr\/app\/uploads\/sites\/5\/2024\/11\/broc-o-kids-argots-smile.jpeg","datePublished":"2024-11-06T11:09:56+00:00","dateModified":"2024-11-06T11:09:56+00:00","breadcrumb":{"@id":"https:\/\/vosgesinfo.fr\/remiremontinfo\/2024\/11\/prochaine-broco-kids-le-dimanche-10-novembre-au-foyer-de-la-mcl\/#breadcrumb"},"inLanguage":"fr-FR","potentialAction":[{"@type":"ReadAction","target":["https:\/\/vosgesinfo.fr\/remiremontinfo\/2024\/11\/prochaine-broco-kids-le-dimanche-10-novembre-au-foyer-de-la-mcl\/"]}]},{"@type":"ImageObject","inLanguage":"fr-FR","@id":"https:\/\/vosgesinfo.fr\/remiremontinfo\/2024\/11\/prochaine-broco-kids-le-dimanche-10-novembre-au-foyer-de-la-mcl\/#primaryimage","url":"https:\/\/vosgesinfo.fr\/app\/uploads\/sites\/5\/2024\/11\/broc-o-kids-argots-smile.jpeg","contentUrl":"https:\/\/vosgesinfo.fr\/app\/uploads\/sites\/5\/2024\/11\/broc-o-kids-argots-smile.jpeg","width":1772,"height":2480},{"@type":"BreadcrumbList","@id":"https:\/\/vosgesinfo.fr\/remiremontinfo\/2024\/11\/prochaine-broco-kids-le-dimanche-10-novembre-au-foyer-de-la-mcl\/#breadcrumb","itemListElement":[{"@type":"ListItem","position":1,"name":"Home","item":"https:\/\/vosgesinfo.fr\/remiremontinfo\/"},{"@type":"ListItem","position":2,"name":"Prochaine Broc&rsquo;O Kids le dimanche 10 novembre au foyer de la MCL"}]},{"@type":"WebSite","@id":"https:\/\/vosgesinfo.fr\/remiremontinfo\/#website","url":"https:\/\/vosgesinfo.fr\/remiremontinfo\/","name":"Remiremont Info","description":"Toute l&#039;actualit\u00e9 de Remiremont","publisher":{"@id":"https:\/\/vosgesinfo.fr\/remiremontinfo\/#organization"},"alternateName":"Toute l'actualit\u00e9 de Remiremont","potentialAction":[{"@type":"SearchAction","target":{"@type":"EntryPoint","urlTemplate":"https:\/\/vosgesinfo.fr\/remiremontinfo\/?s={search_term_string}"},"query-input":"required name=search_term_string"}],"inLanguage":"fr-FR"},{"@type":"Organization","@id":"https:\/\/vosgesinfo.fr\/remiremontinfo\/#organization","name":"Remiremont Info","url":"https:\/\/vosgesinfo.fr\/remiremontinfo\/","logo":{"@type":"ImageObject","inLanguage":"fr-FR","@id":"https:\/\/vosgesinfo.fr\/remiremontinfo\/#\/schema\/logo\/image\/","url":"https:\/\/vosgesinfo.fr\/app\/uploads\/sites\/5\/2023\/08\/favicon-remiremontinfo.png","contentUrl":"https:\/\/vosgesinfo.fr\/app\/uploads\/sites\/5\/2023\/08\/favicon-remiremontinfo.png","width":512,"height":512,"caption":"Remiremont Info"},"image":{"@id":"https:\/\/vosgesinfo.fr\/remiremontinfo\/#\/schema\/logo\/image\/"},"sameAs":["https:\/\/www.facebook.com\/remiremontinfo","https:\/\/x.com\/VosgesInfo88","https:\/\/www.youtube.com\/@vosgesinfo"]},{"@type":"Person","@id":"https:\/\/vosgesinfo.fr\/remiremontinfo\/#\/schema\/person\/db5605779a843dad16b5368f3e7613a5","name":"QG","image":{"@type":"ImageObject","inLanguage":"fr-FR","@id":"https:\/\/vosgesinfo.fr\/remiremontinfo\/#\/schema\/person\/image\/","url":"https:\/\/secure.gravatar.com\/avatar\/ea80c42c204b534408512832fde52504ecabb9706bcb6151cf6175e5b64e6793?s=96&d=mm&r=g","contentUrl":"https:\/\/secure.gravatar.com\/avatar\/ea80c42c204b534408512832fde52504ecabb9706bcb6151cf6175e5b64e6793?s=96&d=mm&r=g","caption":"QG"},"url":"https:\/\/vosgesinfo.fr\/remiremontinfo\/author\/quentin88\/"}]}},"_links":{"self":[{"href":"https:\/\/vosgesinfo.fr\/remiremontinfo\/wp-json\/wp\/v2\/posts\/75088","targetHints":{"allow":["GET"]}}],"collection":[{"href":"https:\/\/vosgesinfo.fr\/remiremontinfo\/wp-json\/wp\/v2\/posts"}],"about":[{"href":"https:\/\/vosgesinfo.fr\/remiremontinfo\/wp-json\/wp\/v2\/types\/post"}],"author":[{"embeddable":true,"href":"https:\/\/vosgesinfo.fr\/remiremontinfo\/wp-json\/wp\/v2\/users\/42"}],"replies":[{"embeddable":true,"href":"https:\/\/vosgesinfo.fr\/remiremontinfo\/wp-json\/wp\/v2\/comments?post=75088"}],"version-history":[{"count":0,"href":"https:\/\/vosgesinfo.fr\/remiremontinfo\/wp-json\/wp\/v2\/posts\/75088\/revisions"}],"wp:featuredmedia":[{"embeddable":true,"href":"https:\/\/vosgesinfo.fr\/remiremontinfo\/wp-json\/wp\/v2\/media\/75089"}],"wp:attachment":[{"href":"https:\/\/vosgesinfo.fr\/remiremontinfo\/wp-json\/wp\/v2\/media?parent=75088"}],"wp:term":[{"taxonomy":"category","embeddable":true,"href":"https:\/\/vosgesinfo.fr\/remiremontinfo\/wp-json\/wp\/v2\/categories?post=75088"},{"taxonomy":"post_tag","embeddable":true,"href":"https:\/\/vosgesinfo.fr\/remiremontinfo\/wp-json\/wp\/v2\/tags?post=75088"}],"curies":[{"name":"wp","href":"https:\/\/api.w.org\/{rel}","templated":true}]}}