{"id":75108,"date":"2024-11-06T14:20:27","date_gmt":"2024-11-06T13:20:27","guid":{"rendered":"https:\/\/vosgesinfo.fr\/remiremontinfo\/?p=75108"},"modified":"2024-11-06T13:21:32","modified_gmt":"2024-11-06T12:21:32","slug":"conference-quest-ce-que-le-tdah-le-30-novembre-prochain-a-la-mediatheque-le-cercle","status":"publish","type":"post","link":"https:\/\/vosgesinfo.fr\/remiremontinfo\/2024\/11\/conference-quest-ce-que-le-tdah-le-30-novembre-prochain-a-la-mediatheque-le-cercle\/","title":{"rendered":"Conf\u00e9rence \u00ab\u00a0Qu&rsquo;est-ce que le TDAH\u00a0\u00bb le 30 novembre prochain \u00e0 la m\u00e9diath\u00e8que Le Cercle"},"content":{"rendered":"<p class=\"s5\" style=\"text-align: center;\"><strong><span class=\"s6\">Conf\u00e9rence \u00ab\u00a0Qu\u2019est-ce que le TDAH\u00a0\u00bb<\/span><\/strong><\/p>\n<p class=\"s4\"><span class=\"s7\">Le Trouble D\u00e9ficit de l\u2019Attention<\/span> <span class=\"s7\">avec ou sans Hyperactivit\u00e9 de l\u2019enfant (TDAH) est un trouble du neuro<\/span><span class=\"s7\">&#8211;<\/span><span class=\"s7\">d\u00e9veloppement caract\u00e9ris\u00e9 par l\u2019association de 3 sympt\u00f4mes dont l\u2019intensit\u00e9 et la manifestation varient selon chaque personne<\/span><span class=\"s7\">\u00a0: <\/span><\/p>\n<div class=\"s9\"><span class=\"s8\">&#8211; <\/span><span class=\"s7\">u<\/span><span class=\"s7\">n d\u00e9ficit d\u2019attention (incapacit\u00e9 \u00e0 maintenir son attention, \u00e0 terminer une t\u00e2che, oublis fr\u00e9quents\u2026)<\/span><\/div>\n<div class=\"s9\"><span class=\"s8\">&#8211; <\/span><span class=\"s7\">u<\/span><span class=\"s7\">ne hyperactivit\u00e9 motrice (agitation incessante, incapacit\u00e9 \u00e0 rester en place)<\/span><\/div>\n<div class=\"s9\"><span class=\"s8\">&#8211; <\/span><span class=\"s7\">u<\/span><span class=\"s7\">ne impulsivit\u00e9 (difficult\u00e9 \u00e0 attendre, tendance \u00e0 interrompre les activit\u00e9s des autres.<\/span><\/div>\n<p class=\"s4\"><span class=\"s7\">Il concerne 5,9 % des moins de 18 ans et 2,8 % des adultes.<\/span><\/p>\n<p class=\"s4\"><span class=\"s7\">De<\/span><span class=\"s7\">ux intervenantes seront pr\u00e9sentes, Val\u00e9rie <\/span><span class=\"s7\">Divoux<\/span><span class=\"s7\">, naturopathe et sophrologue (<\/span><span class=\"s7\">Natur\u2019O<\/span><span class=\"s7\"> Val Vosges) et Ga\u00eblle Henry, \u00e9ducatrice sp\u00e9cialis\u00e9e (Une main tendue) pour d\u00e9battre avec vous autour de ce sujet.<\/span><\/p>\n<p class=\"s4\"><span class=\"s10\">Au programme<\/span><span class=\"s11\">\u00a0<\/span><span class=\"s7\">: <\/span><\/p>\n<div class=\"s9\"><span class=\"s8\">&#8211; <\/span><span class=\"s7\">d<\/span><span class=\"s7\">\u00e9finition du TDAH<\/span><\/div>\n<div class=\"s9\"><span class=\"s8\">&#8211; <\/span><span class=\"s7\">c<\/span><span class=\"s7\">ons\u00e9quences sur les sph\u00e8res sociales pour les enfants et les adultes (famille, amis, \u00e9cole, activit\u00e9 physique, activit\u00e9 professionnelle\u2026)<\/span><\/div>\n<div class=\"s9\"><span class=\"s8\">&#8211; <\/span><span class=\"s7\">l<\/span><span class=\"s7\">\u2019int\u00e9r\u00eat d\u2019une approche globale<\/span><\/div>\n<div class=\"s9\"><span class=\"s8\">&#8211; <\/span><span class=\"s7\">t<\/span><span class=\"s7\">emps de parole<\/span><a name=\"_GoBack\"><\/a><\/div>\n<p>&nbsp;<\/p>\n<p class=\"s4\"><span class=\"s12\">Public<\/span><span class=\"s7\">\u00a0: tout public<\/span><\/p>\n<p class=\"s4\"><span class=\"s7\">Entr\u00e9e libre, le samedi 30 novembre 2024 de 10h \u00e0 12h.<\/span><\/p>\n<p><a href=\"https:\/\/vosgesinfo.fr\/app\/uploads\/sites\/5\/2024\/11\/affiche-30-11-24-2.jpg\"><img decoding=\"async\" class=\"aligncenter size-large wp-image-75110\" src=\"https:\/\/vosgesinfo.fr\/app\/uploads\/sites\/5\/2024\/11\/affiche-30-11-24-2-724x1024.jpg\" alt=\"\" width=\"724\" height=\"1024\" srcset=\"https:\/\/vosgesinfo.fr\/app\/uploads\/sites\/5\/2024\/11\/affiche-30-11-24-2-724x1024.jpg 724w, https:\/\/vosgesinfo.fr\/app\/uploads\/sites\/5\/2024\/11\/affiche-30-11-24-2-212x300.jpg 212w, https:\/\/vosgesinfo.fr\/app\/uploads\/sites\/5\/2024\/11\/affiche-30-11-24-2-768x1086.jpg 768w, https:\/\/vosgesinfo.fr\/app\/uploads\/sites\/5\/2024\/11\/affiche-30-11-24-2-1086x1536.jpg 1086w, https:\/\/vosgesinfo.fr\/app\/uploads\/sites\/5\/2024\/11\/affiche-30-11-24-2.jpg 1414w\" sizes=\"(max-width: 724px) 100vw, 724px\" \/><\/a><\/p>\n<p class=\"s4\">\n","protected":false},"excerpt":{"rendered":"<p>Conf\u00e9rence \u00ab\u00a0Qu\u2019est-ce que le TDAH\u00a0\u00bb Le Trouble D\u00e9ficit de l\u2019Attention avec ou sans Hyperactivit\u00e9 de l\u2019enfant (TDAH) est un trouble [&hellip;]<\/p>\n","protected":false},"author":391,"featured_media":75110,"comment_status":"open","ping_status":"open","sticky":false,"template":"","format":"standard","meta":{"footnotes":""},"categories":[26,594,43],"tags":[222,700,1142],"class_list":["post-75108","post","type-post","status-publish","format-standard","has-post-thumbnail","hentry","category-a-la-une","category-agenda","category-remiremont-remiremont-son-canton","tag-conference","tag-mediatheque-le-cercle","tag-tdah"],"acf":[],"yoast_head":"<!-- This site is optimized with the Yoast SEO plugin v22.5 - https:\/\/yoast.com\/wordpress\/plugins\/seo\/ -->\n<title>Conf\u00e9rence &quot;Qu&#039;est-ce que le TDAH&quot; le 30 novembre prochain \u00e0 la m\u00e9diath\u00e8que Le Cercle - Remiremont Info<\/title>\n<meta name=\"robots\" content=\"index, follow, max-snippet:-1, max-image-preview:large, max-video-preview:-1\" \/>\n<link rel=\"canonical\" href=\"https:\/\/vosgesinfo.fr\/remiremontinfo\/?p=75108\" \/>\n<meta name=\"twitter:card\" content=\"summary_large_image\" \/>\n<meta name=\"twitter:title\" content=\"Conf\u00e9rence &quot;Qu&#039;est-ce que le TDAH&quot; le 30 novembre prochain \u00e0 la m\u00e9diath\u00e8que Le Cercle - Remiremont Info\" \/>\n<meta name=\"twitter:description\" content=\"Conf\u00e9rence \u00ab\u00a0Qu\u2019est-ce que le TDAH\u00a0\u00bb Le Trouble D\u00e9ficit de l\u2019Attention avec ou sans Hyperactivit\u00e9 de l\u2019enfant (TDAH) est un trouble [&hellip;]\" \/>\n<meta name=\"twitter:image\" content=\"https:\/\/vosgesinfo.fr\/app\/uploads\/sites\/5\/2024\/11\/affiche-30-11-24-2-724x1024.jpg\" \/>\n<meta name=\"twitter:creator\" content=\"@VosgesInfo88\" \/>\n<meta name=\"twitter:site\" content=\"@VosgesInfo88\" \/>\n<meta name=\"twitter:label1\" content=\"\u00c9crit par\" \/>\n\t<meta name=\"twitter:data1\" content=\"La redaction\" \/>\n\t<meta name=\"twitter:label2\" content=\"Dur\u00e9e de lecture estim\u00e9e\" \/>\n\t<meta name=\"twitter:data2\" content=\"1 minute\" \/>\n<script type=\"application\/ld+json\" class=\"yoast-schema-graph\">{\"@context\":\"https:\/\/schema.org\",\"@graph\":[{\"@type\":\"Article\",\"@id\":\"https:\/\/vosgesinfo.fr\/remiremontinfo\/?p=75108#article\",\"isPartOf\":{\"@id\":\"https:\/\/vosgesinfo.fr\/remiremontinfo\/?p=75108\"},\"author\":{\"name\":\"La redaction\",\"@id\":\"https:\/\/vosgesinfo.fr\/remiremontinfo\/#\/schema\/person\/27a3695b06db98895b354c0765cdfc31\"},\"headline\":\"Conf\u00e9rence \u00ab\u00a0Qu&rsquo;est-ce que le TDAH\u00a0\u00bb le 30 novembre prochain \u00e0 la m\u00e9diath\u00e8que Le Cercle\",\"datePublished\":\"2024-11-06T13:20:27+00:00\",\"dateModified\":\"2024-11-06T12:21:32+00:00\",\"mainEntityOfPage\":{\"@id\":\"https:\/\/vosgesinfo.fr\/remiremontinfo\/?p=75108\"},\"wordCount\":207,\"commentCount\":0,\"publisher\":{\"@id\":\"https:\/\/vosgesinfo.fr\/remiremontinfo\/#organization\"},\"image\":{\"@id\":\"https:\/\/vosgesinfo.fr\/remiremontinfo\/?p=75108#primaryimage\"},\"thumbnailUrl\":\"https:\/\/vosgesinfo.fr\/app\/uploads\/sites\/5\/2024\/11\/affiche-30-11-24-2.jpg\",\"keywords\":[\"conf\u00e9rence\",\"m\u00e9diath\u00e8que le cercle\",\"TDAH\"],\"articleSection\":[\"A la Une\",\"Agenda\",\"Remiremont\"],\"inLanguage\":\"fr-FR\",\"potentialAction\":[{\"@type\":\"CommentAction\",\"name\":\"Comment\",\"target\":[\"https:\/\/vosgesinfo.fr\/remiremontinfo\/?p=75108#respond\"]}]},{\"@type\":\"WebPage\",\"@id\":\"https:\/\/vosgesinfo.fr\/remiremontinfo\/?p=75108\",\"url\":\"https:\/\/vosgesinfo.fr\/remiremontinfo\/?p=75108\",\"name\":\"Conf\u00e9rence \\\"Qu'est-ce que le TDAH\\\" le 30 novembre prochain \u00e0 la m\u00e9diath\u00e8que Le Cercle - Remiremont Info\",\"isPartOf\":{\"@id\":\"https:\/\/vosgesinfo.fr\/remiremontinfo\/#website\"},\"primaryImageOfPage\":{\"@id\":\"https:\/\/vosgesinfo.fr\/remiremontinfo\/?p=75108#primaryimage\"},\"image\":{\"@id\":\"https:\/\/vosgesinfo.fr\/remiremontinfo\/?p=75108#primaryimage\"},\"thumbnailUrl\":\"https:\/\/vosgesinfo.fr\/app\/uploads\/sites\/5\/2024\/11\/affiche-30-11-24-2.jpg\",\"datePublished\":\"2024-11-06T13:20:27+00:00\",\"dateModified\":\"2024-11-06T12:21:32+00:00\",\"breadcrumb\":{\"@id\":\"https:\/\/vosgesinfo.fr\/remiremontinfo\/?p=75108#breadcrumb\"},\"inLanguage\":\"fr-FR\",\"potentialAction\":[{\"@type\":\"ReadAction\",\"target\":[\"https:\/\/vosgesinfo.fr\/remiremontinfo\/?p=75108\"]}]},{\"@type\":\"ImageObject\",\"inLanguage\":\"fr-FR\",\"@id\":\"https:\/\/vosgesinfo.fr\/remiremontinfo\/?p=75108#primaryimage\",\"url\":\"https:\/\/vosgesinfo.fr\/app\/uploads\/sites\/5\/2024\/11\/affiche-30-11-24-2.jpg\",\"contentUrl\":\"https:\/\/vosgesinfo.fr\/app\/uploads\/sites\/5\/2024\/11\/affiche-30-11-24-2.jpg\",\"width\":1414,\"height\":2000},{\"@type\":\"BreadcrumbList\",\"@id\":\"https:\/\/vosgesinfo.fr\/remiremontinfo\/?p=75108#breadcrumb\",\"itemListElement\":[{\"@type\":\"ListItem\",\"position\":1,\"name\":\"Home\",\"item\":\"https:\/\/vosgesinfo.fr\/remiremontinfo\/\"},{\"@type\":\"ListItem\",\"position\":2,\"name\":\"Conf\u00e9rence &#8220;Qu&#8217;est-ce que le TDAH&#8221; le 30 novembre prochain \u00e0 la m\u00e9diath\u00e8que Le Cercle\"}]},{\"@type\":\"WebSite\",\"@id\":\"https:\/\/vosgesinfo.fr\/remiremontinfo\/#website\",\"url\":\"https:\/\/vosgesinfo.fr\/remiremontinfo\/\",\"name\":\"Remiremont Info\",\"description\":\"Toute l&#039;actualit\u00e9 de Remiremont\",\"publisher\":{\"@id\":\"https:\/\/vosgesinfo.fr\/remiremontinfo\/#organization\"},\"alternateName\":\"Toute l'actualit\u00e9 de Remiremont\",\"potentialAction\":[{\"@type\":\"SearchAction\",\"target\":{\"@type\":\"EntryPoint\",\"urlTemplate\":\"https:\/\/vosgesinfo.fr\/remiremontinfo\/?s={search_term_string}\"},\"query-input\":\"required name=search_term_string\"}],\"inLanguage\":\"fr-FR\"},{\"@type\":\"Organization\",\"@id\":\"https:\/\/vosgesinfo.fr\/remiremontinfo\/#organization\",\"name\":\"Remiremont Info\",\"url\":\"https:\/\/vosgesinfo.fr\/remiremontinfo\/\",\"logo\":{\"@type\":\"ImageObject\",\"inLanguage\":\"fr-FR\",\"@id\":\"https:\/\/vosgesinfo.fr\/remiremontinfo\/#\/schema\/logo\/image\/\",\"url\":\"https:\/\/vosgesinfo.fr\/app\/uploads\/sites\/5\/2023\/08\/favicon-remiremontinfo.png\",\"contentUrl\":\"https:\/\/vosgesinfo.fr\/app\/uploads\/sites\/5\/2023\/08\/favicon-remiremontinfo.png\",\"width\":512,\"height\":512,\"caption\":\"Remiremont Info\"},\"image\":{\"@id\":\"https:\/\/vosgesinfo.fr\/remiremontinfo\/#\/schema\/logo\/image\/\"},\"sameAs\":[\"https:\/\/www.facebook.com\/remiremontinfo\",\"https:\/\/x.com\/VosgesInfo88\",\"https:\/\/www.youtube.com\/@vosgesinfo\"]},{\"@type\":\"Person\",\"@id\":\"https:\/\/vosgesinfo.fr\/remiremontinfo\/#\/schema\/person\/27a3695b06db98895b354c0765cdfc31\",\"name\":\"La redaction\",\"image\":{\"@type\":\"ImageObject\",\"inLanguage\":\"fr-FR\",\"@id\":\"https:\/\/vosgesinfo.fr\/remiremontinfo\/#\/schema\/person\/image\/\",\"url\":\"https:\/\/secure.gravatar.com\/avatar\/64c76a78e501cedee55736f43f332df901e1896ae9cd8fad269ae2236dd0e8b6?s=96&d=mm&r=g\",\"contentUrl\":\"https:\/\/secure.gravatar.com\/avatar\/64c76a78e501cedee55736f43f332df901e1896ae9cd8fad269ae2236dd0e8b6?s=96&d=mm&r=g\",\"caption\":\"La redaction\"},\"url\":\"https:\/\/vosgesinfo.fr\/remiremontinfo\/author\/la-redaction\/\"}]}<\/script>\n<!-- \/ Yoast SEO plugin. -->","yoast_head_json":{"title":"Conf\u00e9rence \"Qu'est-ce que le TDAH\" le 30 novembre prochain \u00e0 la m\u00e9diath\u00e8que Le Cercle - Remiremont Info","robots":{"index":"index","follow":"follow","max-snippet":"max-snippet:-1","max-image-preview":"max-image-preview:large","max-video-preview":"max-video-preview:-1"},"canonical":"https:\/\/vosgesinfo.fr\/remiremontinfo\/?p=75108","twitter_card":"summary_large_image","twitter_title":"Conf\u00e9rence \"Qu'est-ce que le TDAH\" le 30 novembre prochain \u00e0 la m\u00e9diath\u00e8que Le Cercle - Remiremont Info","twitter_description":"Conf\u00e9rence \u00ab\u00a0Qu\u2019est-ce que le TDAH\u00a0\u00bb Le Trouble D\u00e9ficit de l\u2019Attention avec ou sans Hyperactivit\u00e9 de l\u2019enfant (TDAH) est un trouble [&hellip;]","twitter_image":"https:\/\/vosgesinfo.fr\/app\/uploads\/sites\/5\/2024\/11\/affiche-30-11-24-2-724x1024.jpg","twitter_creator":"@VosgesInfo88","twitter_site":"@VosgesInfo88","twitter_misc":{"\u00c9crit par":"La redaction","Dur\u00e9e de lecture estim\u00e9e":"1 minute"},"schema":{"@context":"https:\/\/schema.org","@graph":[{"@type":"Article","@id":"https:\/\/vosgesinfo.fr\/remiremontinfo\/?p=75108#article","isPartOf":{"@id":"https:\/\/vosgesinfo.fr\/remiremontinfo\/?p=75108"},"author":{"name":"La redaction","@id":"https:\/\/vosgesinfo.fr\/remiremontinfo\/#\/schema\/person\/27a3695b06db98895b354c0765cdfc31"},"headline":"Conf\u00e9rence \u00ab\u00a0Qu&rsquo;est-ce que le TDAH\u00a0\u00bb le 30 novembre prochain \u00e0 la m\u00e9diath\u00e8que Le Cercle","datePublished":"2024-11-06T13:20:27+00:00","dateModified":"2024-11-06T12:21:32+00:00","mainEntityOfPage":{"@id":"https:\/\/vosgesinfo.fr\/remiremontinfo\/?p=75108"},"wordCount":207,"commentCount":0,"publisher":{"@id":"https:\/\/vosgesinfo.fr\/remiremontinfo\/#organization"},"image":{"@id":"https:\/\/vosgesinfo.fr\/remiremontinfo\/?p=75108#primaryimage"},"thumbnailUrl":"https:\/\/vosgesinfo.fr\/app\/uploads\/sites\/5\/2024\/11\/affiche-30-11-24-2.jpg","keywords":["conf\u00e9rence","m\u00e9diath\u00e8que le cercle","TDAH"],"articleSection":["A la Une","Agenda","Remiremont"],"inLanguage":"fr-FR","potentialAction":[{"@type":"CommentAction","name":"Comment","target":["https:\/\/vosgesinfo.fr\/remiremontinfo\/?p=75108#respond"]}]},{"@type":"WebPage","@id":"https:\/\/vosgesinfo.fr\/remiremontinfo\/?p=75108","url":"https:\/\/vosgesinfo.fr\/remiremontinfo\/?p=75108","name":"Conf\u00e9rence \"Qu'est-ce que le TDAH\" le 30 novembre prochain \u00e0 la m\u00e9diath\u00e8que Le Cercle - Remiremont Info","isPartOf":{"@id":"https:\/\/vosgesinfo.fr\/remiremontinfo\/#website"},"primaryImageOfPage":{"@id":"https:\/\/vosgesinfo.fr\/remiremontinfo\/?p=75108#primaryimage"},"image":{"@id":"https:\/\/vosgesinfo.fr\/remiremontinfo\/?p=75108#primaryimage"},"thumbnailUrl":"https:\/\/vosgesinfo.fr\/app\/uploads\/sites\/5\/2024\/11\/affiche-30-11-24-2.jpg","datePublished":"2024-11-06T13:20:27+00:00","dateModified":"2024-11-06T12:21:32+00:00","breadcrumb":{"@id":"https:\/\/vosgesinfo.fr\/remiremontinfo\/?p=75108#breadcrumb"},"inLanguage":"fr-FR","potentialAction":[{"@type":"ReadAction","target":["https:\/\/vosgesinfo.fr\/remiremontinfo\/?p=75108"]}]},{"@type":"ImageObject","inLanguage":"fr-FR","@id":"https:\/\/vosgesinfo.fr\/remiremontinfo\/?p=75108#primaryimage","url":"https:\/\/vosgesinfo.fr\/app\/uploads\/sites\/5\/2024\/11\/affiche-30-11-24-2.jpg","contentUrl":"https:\/\/vosgesinfo.fr\/app\/uploads\/sites\/5\/2024\/11\/affiche-30-11-24-2.jpg","width":1414,"height":2000},{"@type":"BreadcrumbList","@id":"https:\/\/vosgesinfo.fr\/remiremontinfo\/?p=75108#breadcrumb","itemListElement":[{"@type":"ListItem","position":1,"name":"Home","item":"https:\/\/vosgesinfo.fr\/remiremontinfo\/"},{"@type":"ListItem","position":2,"name":"Conf\u00e9rence &#8220;Qu&#8217;est-ce que le TDAH&#8221; le 30 novembre prochain \u00e0 la m\u00e9diath\u00e8que Le Cercle"}]},{"@type":"WebSite","@id":"https:\/\/vosgesinfo.fr\/remiremontinfo\/#website","url":"https:\/\/vosgesinfo.fr\/remiremontinfo\/","name":"Remiremont Info","description":"Toute l&#039;actualit\u00e9 de Remiremont","publisher":{"@id":"https:\/\/vosgesinfo.fr\/remiremontinfo\/#organization"},"alternateName":"Toute l'actualit\u00e9 de Remiremont","potentialAction":[{"@type":"SearchAction","target":{"@type":"EntryPoint","urlTemplate":"https:\/\/vosgesinfo.fr\/remiremontinfo\/?s={search_term_string}"},"query-input":"required name=search_term_string"}],"inLanguage":"fr-FR"},{"@type":"Organization","@id":"https:\/\/vosgesinfo.fr\/remiremontinfo\/#organization","name":"Remiremont Info","url":"https:\/\/vosgesinfo.fr\/remiremontinfo\/","logo":{"@type":"ImageObject","inLanguage":"fr-FR","@id":"https:\/\/vosgesinfo.fr\/remiremontinfo\/#\/schema\/logo\/image\/","url":"https:\/\/vosgesinfo.fr\/app\/uploads\/sites\/5\/2023\/08\/favicon-remiremontinfo.png","contentUrl":"https:\/\/vosgesinfo.fr\/app\/uploads\/sites\/5\/2023\/08\/favicon-remiremontinfo.png","width":512,"height":512,"caption":"Remiremont Info"},"image":{"@id":"https:\/\/vosgesinfo.fr\/remiremontinfo\/#\/schema\/logo\/image\/"},"sameAs":["https:\/\/www.facebook.com\/remiremontinfo","https:\/\/x.com\/VosgesInfo88","https:\/\/www.youtube.com\/@vosgesinfo"]},{"@type":"Person","@id":"https:\/\/vosgesinfo.fr\/remiremontinfo\/#\/schema\/person\/27a3695b06db98895b354c0765cdfc31","name":"La redaction","image":{"@type":"ImageObject","inLanguage":"fr-FR","@id":"https:\/\/vosgesinfo.fr\/remiremontinfo\/#\/schema\/person\/image\/","url":"https:\/\/secure.gravatar.com\/avatar\/64c76a78e501cedee55736f43f332df901e1896ae9cd8fad269ae2236dd0e8b6?s=96&d=mm&r=g","contentUrl":"https:\/\/secure.gravatar.com\/avatar\/64c76a78e501cedee55736f43f332df901e1896ae9cd8fad269ae2236dd0e8b6?s=96&d=mm&r=g","caption":"La redaction"},"url":"https:\/\/vosgesinfo.fr\/remiremontinfo\/author\/la-redaction\/"}]}},"_links":{"self":[{"href":"https:\/\/vosgesinfo.fr\/remiremontinfo\/wp-json\/wp\/v2\/posts\/75108","targetHints":{"allow":["GET"]}}],"collection":[{"href":"https:\/\/vosgesinfo.fr\/remiremontinfo\/wp-json\/wp\/v2\/posts"}],"about":[{"href":"https:\/\/vosgesinfo.fr\/remiremontinfo\/wp-json\/wp\/v2\/types\/post"}],"author":[{"embeddable":true,"href":"https:\/\/vosgesinfo.fr\/remiremontinfo\/wp-json\/wp\/v2\/users\/391"}],"replies":[{"embeddable":true,"href":"https:\/\/vosgesinfo.fr\/remiremontinfo\/wp-json\/wp\/v2\/comments?post=75108"}],"version-history":[{"count":1,"href":"https:\/\/vosgesinfo.fr\/remiremontinfo\/wp-json\/wp\/v2\/posts\/75108\/revisions"}],"predecessor-version":[{"id":75111,"href":"https:\/\/vosgesinfo.fr\/remiremontinfo\/wp-json\/wp\/v2\/posts\/75108\/revisions\/75111"}],"wp:featuredmedia":[{"embeddable":true,"href":"https:\/\/vosgesinfo.fr\/remiremontinfo\/wp-json\/wp\/v2\/media\/75110"}],"wp:attachment":[{"href":"https:\/\/vosgesinfo.fr\/remiremontinfo\/wp-json\/wp\/v2\/media?parent=75108"}],"wp:term":[{"taxonomy":"category","embeddable":true,"href":"https:\/\/vosgesinfo.fr\/remiremontinfo\/wp-json\/wp\/v2\/categories?post=75108"},{"taxonomy":"post_tag","embeddable":true,"href":"https:\/\/vosgesinfo.fr\/remiremontinfo\/wp-json\/wp\/v2\/tags?post=75108"}],"curies":[{"name":"wp","href":"https:\/\/api.w.org\/{rel}","templated":true}]}}