{"id":75119,"date":"2024-11-06T15:10:32","date_gmt":"2024-11-06T14:10:32","guid":{"rendered":"https:\/\/vosgesinfo.fr\/remiremontinfo\/?p=75119"},"modified":"2024-11-06T14:30:58","modified_gmt":"2024-11-06T13:30:58","slug":"la-troupe-du-rideau-dez-loges-presente-la-grange-aux-fauves-sur-plusieurs-dates","status":"publish","type":"post","link":"https:\/\/vosgesinfo.fr\/remiremontinfo\/2024\/11\/la-troupe-du-rideau-dez-loges-presente-la-grange-aux-fauves-sur-plusieurs-dates\/","title":{"rendered":"La troupe du Rideau d&rsquo;Ez Loges pr\u00e9sente La Grange Aux Fauves sur plusieurs dates"},"content":{"rendered":"<p><strong>La troupe de th\u00e9\u00e2tre du Rideau d&rsquo;Ez Loges pr\u00e9sente \u00ab\u00a0La Grange Aux Fauves\u00a0\u00bb lors de plusieurs repr\u00e9sentations \u00e0 l&rsquo;espace culturel d&rsquo;Eloyes.\u00a0<\/strong><\/p>\n<div id=\"description_menu\" class=\"subtitle\">\u00c0 propos<\/div>\n<div id=\"description_container\" class=\"ckeditor_block\">\n<div id=\"description\" class=\"ckeditor_content ckeditor_editable \"><em>C&rsquo;est No\u00ebl chez un couple provincial compos\u00e9 d&rsquo;Emile, artisant-inventeur et sa femme, Bernadette qui g\u00e8re les papiers. La boite est au bord de la faillite et pour rem\u00e9dier \u00e0 cela, Bernadette invite sa soeur au r\u00e9veillon avec son mari friqu\u00e9, couple de bobo parisien que l&rsquo;artisan d\u00e9teste.<\/em><br \/>\n<em>Le p\u00e8re d&rsquo;Emile, entrepreneur \u00e0 la retraite, veuf et dot\u00e9 d&rsquo;un joli patrimoine, est le patriache du domaine.\u00a0<\/em><br \/>\n<em>Dans cette maison du \u00ab\u00a0bonheur\u00a0\u00bb, les voisins, un employ\u00e9 communal et son fr\u00e8re transformiste, ainsi que le facteur s&rsquo;incrustent souvent pour boire un coup ou \u00e9couter les ragots familiaux.<\/em><br \/>\n<em>La Notaire de la famille sera l&rsquo;arbitre de cette histoire.<\/em><\/div>\n<\/div>\n<div><\/div>\n<p>Plusieurs dates sont programm\u00e9es :<\/p>\n<p>Samedi 16, vendredi 22, samedi 23 <strong>novembre<\/strong> <strong>\u00e0 20 h 30.<\/strong><\/p>\n<p>Dimanche 8 <strong>d\u00e9cembre<\/strong> <strong>\u00e0 14 h 30.<\/strong><\/p>\n<p>Vendredi 6, samedi 7, samedi 14 <strong>d\u00e9cembre<\/strong> <strong>\u00e0 20 h 30.\u00a0<\/strong><\/p>\n<p>Tarif 9\u20ac adultes \/ 6\u20ac &#8211; de 12 ans.<\/p>\n<p>R\u00e9servations au 03 29 32 32 57 ou en ligne : <a href=\"https:\/\/www.billetweb.fr\/2024-la-grange-aux-fauves?fbclid=IwY2xjawGYTRhleHRuA2FlbQIxMAABHYBnfYOonJBV8DkAJRP3f54BnMCpC3Ya1U1VEGo9lwG1Fy2lHtA0m4YK6g_aem_WLbjKlF1oHb_I5UCTlNd6Q\" target=\"_blank\" rel=\"noopener\">https:\/\/www.billetweb.fr\/2024-la-grange-aux-fauves?fbclid=IwY2xjawGYTRhleHRuA2FlbQIxMAABHYBnfYOonJBV8DkAJRP3f54BnMCpC3Ya1U1VEGo9lwG1Fy2lHtA0m4YK6g_aem_WLbjKlF1oHb_I5UCTlNd6Q<\/a><\/p>\n<p><a href=\"https:\/\/vosgesinfo.fr\/app\/uploads\/sites\/5\/2024\/11\/le-rideau-d-ez-loges.jpg\"><img decoding=\"async\" class=\"aligncenter size-large wp-image-75120\" src=\"https:\/\/vosgesinfo.fr\/app\/uploads\/sites\/5\/2024\/11\/le-rideau-d-ez-loges-732x1024.jpg\" alt=\"\" width=\"732\" height=\"1024\" srcset=\"https:\/\/vosgesinfo.fr\/app\/uploads\/sites\/5\/2024\/11\/le-rideau-d-ez-loges-732x1024.jpg 732w, https:\/\/vosgesinfo.fr\/app\/uploads\/sites\/5\/2024\/11\/le-rideau-d-ez-loges-214x300.jpg 214w, https:\/\/vosgesinfo.fr\/app\/uploads\/sites\/5\/2024\/11\/le-rideau-d-ez-loges-768x1075.jpg 768w, https:\/\/vosgesinfo.fr\/app\/uploads\/sites\/5\/2024\/11\/le-rideau-d-ez-loges.jpg 871w\" sizes=\"(max-width: 732px) 100vw, 732px\" \/><\/a><\/p>\n","protected":false},"excerpt":{"rendered":"<p>La troupe de th\u00e9\u00e2tre du Rideau d&rsquo;Ez Loges pr\u00e9sente \u00ab\u00a0La Grange Aux Fauves\u00a0\u00bb lors de plusieurs repr\u00e9sentations \u00e0 l&rsquo;espace culturel [&hellip;]<\/p>\n","protected":false},"author":418,"featured_media":75120,"comment_status":"open","ping_status":"open","sticky":false,"template":"","format":"standard","meta":{"footnotes":""},"categories":[26,594,318],"tags":[319,1554,56],"class_list":["post-75119","post","type-post","status-publish","format-standard","has-post-thumbnail","hentry","category-a-la-une","category-agenda","category-eloyes","tag-eloyes","tag-le-rideau-dez-loges","tag-theatre"],"acf":[],"yoast_head":"<!-- This site is optimized with the Yoast SEO plugin v22.5 - https:\/\/yoast.com\/wordpress\/plugins\/seo\/ -->\n<title>La troupe du Rideau d&#039;Ez Loges pr\u00e9sente La Grange Aux Fauves sur plusieurs dates - Remiremont Info<\/title>\n<meta name=\"robots\" content=\"index, follow, max-snippet:-1, max-image-preview:large, max-video-preview:-1\" \/>\n<link rel=\"canonical\" href=\"https:\/\/vosgesinfo.fr\/remiremontinfo\/?p=75119\" \/>\n<meta name=\"twitter:card\" content=\"summary_large_image\" \/>\n<meta name=\"twitter:title\" content=\"La troupe du Rideau d&#039;Ez Loges pr\u00e9sente La Grange Aux Fauves sur plusieurs dates - Remiremont Info\" \/>\n<meta name=\"twitter:description\" content=\"La troupe de th\u00e9\u00e2tre du Rideau d&rsquo;Ez Loges pr\u00e9sente \u00ab\u00a0La Grange Aux Fauves\u00a0\u00bb lors de plusieurs repr\u00e9sentations \u00e0 l&rsquo;espace culturel [&hellip;]\" \/>\n<meta name=\"twitter:image\" content=\"https:\/\/vosgesinfo.fr\/app\/uploads\/sites\/5\/2024\/11\/le-rideau-d-ez-loges.jpg\" \/>\n<meta name=\"twitter:creator\" content=\"@VosgesInfo88\" \/>\n<meta name=\"twitter:site\" content=\"@VosgesInfo88\" \/>\n<meta name=\"twitter:label1\" content=\"\u00c9crit par\" \/>\n\t<meta name=\"twitter:data1\" content=\"C.M\" \/>\n\t<meta name=\"twitter:label2\" content=\"Dur\u00e9e de lecture estim\u00e9e\" \/>\n\t<meta name=\"twitter:data2\" content=\"2 minutes\" \/>\n<script type=\"application\/ld+json\" class=\"yoast-schema-graph\">{\"@context\":\"https:\/\/schema.org\",\"@graph\":[{\"@type\":\"Article\",\"@id\":\"https:\/\/vosgesinfo.fr\/remiremontinfo\/?p=75119#article\",\"isPartOf\":{\"@id\":\"https:\/\/vosgesinfo.fr\/remiremontinfo\/?p=75119\"},\"author\":{\"name\":\"C.M\",\"@id\":\"https:\/\/vosgesinfo.fr\/remiremontinfo\/#\/schema\/person\/4f38cd3068e342935b7304695c797d08\"},\"headline\":\"La troupe du Rideau d&rsquo;Ez Loges pr\u00e9sente La Grange Aux Fauves sur plusieurs dates\",\"datePublished\":\"2024-11-06T14:10:32+00:00\",\"dateModified\":\"2024-11-06T13:30:58+00:00\",\"mainEntityOfPage\":{\"@id\":\"https:\/\/vosgesinfo.fr\/remiremontinfo\/?p=75119\"},\"wordCount\":217,\"commentCount\":0,\"publisher\":{\"@id\":\"https:\/\/vosgesinfo.fr\/remiremontinfo\/#organization\"},\"image\":{\"@id\":\"https:\/\/vosgesinfo.fr\/remiremontinfo\/?p=75119#primaryimage\"},\"thumbnailUrl\":\"https:\/\/vosgesinfo.fr\/app\/uploads\/sites\/5\/2024\/11\/le-rideau-d-ez-loges.jpg\",\"keywords\":[\"eloyes\",\"Le rideau d'Ez Loges\",\"th\u00e9\u00e2tre\"],\"articleSection\":[\"A la Une\",\"Agenda\",\"Eloyes\"],\"inLanguage\":\"fr-FR\",\"potentialAction\":[{\"@type\":\"CommentAction\",\"name\":\"Comment\",\"target\":[\"https:\/\/vosgesinfo.fr\/remiremontinfo\/?p=75119#respond\"]}]},{\"@type\":\"WebPage\",\"@id\":\"https:\/\/vosgesinfo.fr\/remiremontinfo\/?p=75119\",\"url\":\"https:\/\/vosgesinfo.fr\/remiremontinfo\/?p=75119\",\"name\":\"La troupe du Rideau d'Ez Loges pr\u00e9sente La Grange Aux Fauves sur plusieurs dates - Remiremont Info\",\"isPartOf\":{\"@id\":\"https:\/\/vosgesinfo.fr\/remiremontinfo\/#website\"},\"primaryImageOfPage\":{\"@id\":\"https:\/\/vosgesinfo.fr\/remiremontinfo\/?p=75119#primaryimage\"},\"image\":{\"@id\":\"https:\/\/vosgesinfo.fr\/remiremontinfo\/?p=75119#primaryimage\"},\"thumbnailUrl\":\"https:\/\/vosgesinfo.fr\/app\/uploads\/sites\/5\/2024\/11\/le-rideau-d-ez-loges.jpg\",\"datePublished\":\"2024-11-06T14:10:32+00:00\",\"dateModified\":\"2024-11-06T13:30:58+00:00\",\"breadcrumb\":{\"@id\":\"https:\/\/vosgesinfo.fr\/remiremontinfo\/?p=75119#breadcrumb\"},\"inLanguage\":\"fr-FR\",\"potentialAction\":[{\"@type\":\"ReadAction\",\"target\":[\"https:\/\/vosgesinfo.fr\/remiremontinfo\/?p=75119\"]}]},{\"@type\":\"ImageObject\",\"inLanguage\":\"fr-FR\",\"@id\":\"https:\/\/vosgesinfo.fr\/remiremontinfo\/?p=75119#primaryimage\",\"url\":\"https:\/\/vosgesinfo.fr\/app\/uploads\/sites\/5\/2024\/11\/le-rideau-d-ez-loges.jpg\",\"contentUrl\":\"https:\/\/vosgesinfo.fr\/app\/uploads\/sites\/5\/2024\/11\/le-rideau-d-ez-loges.jpg\",\"width\":871,\"height\":1219},{\"@type\":\"BreadcrumbList\",\"@id\":\"https:\/\/vosgesinfo.fr\/remiremontinfo\/?p=75119#breadcrumb\",\"itemListElement\":[{\"@type\":\"ListItem\",\"position\":1,\"name\":\"Home\",\"item\":\"https:\/\/vosgesinfo.fr\/remiremontinfo\/\"},{\"@type\":\"ListItem\",\"position\":2,\"name\":\"La troupe du Rideau d&#8217;Ez Loges pr\u00e9sente La Grange Aux Fauves sur plusieurs dates\"}]},{\"@type\":\"WebSite\",\"@id\":\"https:\/\/vosgesinfo.fr\/remiremontinfo\/#website\",\"url\":\"https:\/\/vosgesinfo.fr\/remiremontinfo\/\",\"name\":\"Remiremont Info\",\"description\":\"Toute l&#039;actualit\u00e9 de Remiremont\",\"publisher\":{\"@id\":\"https:\/\/vosgesinfo.fr\/remiremontinfo\/#organization\"},\"alternateName\":\"Toute l'actualit\u00e9 de Remiremont\",\"potentialAction\":[{\"@type\":\"SearchAction\",\"target\":{\"@type\":\"EntryPoint\",\"urlTemplate\":\"https:\/\/vosgesinfo.fr\/remiremontinfo\/?s={search_term_string}\"},\"query-input\":\"required name=search_term_string\"}],\"inLanguage\":\"fr-FR\"},{\"@type\":\"Organization\",\"@id\":\"https:\/\/vosgesinfo.fr\/remiremontinfo\/#organization\",\"name\":\"Remiremont Info\",\"url\":\"https:\/\/vosgesinfo.fr\/remiremontinfo\/\",\"logo\":{\"@type\":\"ImageObject\",\"inLanguage\":\"fr-FR\",\"@id\":\"https:\/\/vosgesinfo.fr\/remiremontinfo\/#\/schema\/logo\/image\/\",\"url\":\"https:\/\/vosgesinfo.fr\/app\/uploads\/sites\/5\/2023\/08\/favicon-remiremontinfo.png\",\"contentUrl\":\"https:\/\/vosgesinfo.fr\/app\/uploads\/sites\/5\/2023\/08\/favicon-remiremontinfo.png\",\"width\":512,\"height\":512,\"caption\":\"Remiremont Info\"},\"image\":{\"@id\":\"https:\/\/vosgesinfo.fr\/remiremontinfo\/#\/schema\/logo\/image\/\"},\"sameAs\":[\"https:\/\/www.facebook.com\/remiremontinfo\",\"https:\/\/x.com\/VosgesInfo88\",\"https:\/\/www.youtube.com\/@vosgesinfo\"]},{\"@type\":\"Person\",\"@id\":\"https:\/\/vosgesinfo.fr\/remiremontinfo\/#\/schema\/person\/4f38cd3068e342935b7304695c797d08\",\"name\":\"C.M\",\"image\":{\"@type\":\"ImageObject\",\"inLanguage\":\"fr-FR\",\"@id\":\"https:\/\/vosgesinfo.fr\/remiremontinfo\/#\/schema\/person\/image\/\",\"url\":\"https:\/\/secure.gravatar.com\/avatar\/fe9daaef0164d920717484172682f3c5c9bcf7d42aa8c7048c76c34f0eb6c8da?s=96&d=mm&r=g\",\"contentUrl\":\"https:\/\/secure.gravatar.com\/avatar\/fe9daaef0164d920717484172682f3c5c9bcf7d42aa8c7048c76c34f0eb6c8da?s=96&d=mm&r=g\",\"caption\":\"C.M\"},\"url\":\"https:\/\/vosgesinfo.fr\/remiremontinfo\/author\/cm88200\/\"}]}<\/script>\n<!-- \/ Yoast SEO plugin. -->","yoast_head_json":{"title":"La troupe du Rideau d'Ez Loges pr\u00e9sente La Grange Aux Fauves sur plusieurs dates - Remiremont Info","robots":{"index":"index","follow":"follow","max-snippet":"max-snippet:-1","max-image-preview":"max-image-preview:large","max-video-preview":"max-video-preview:-1"},"canonical":"https:\/\/vosgesinfo.fr\/remiremontinfo\/?p=75119","twitter_card":"summary_large_image","twitter_title":"La troupe du Rideau d'Ez Loges pr\u00e9sente La Grange Aux Fauves sur plusieurs dates - Remiremont Info","twitter_description":"La troupe de th\u00e9\u00e2tre du Rideau d&rsquo;Ez Loges pr\u00e9sente \u00ab\u00a0La Grange Aux Fauves\u00a0\u00bb lors de plusieurs repr\u00e9sentations \u00e0 l&rsquo;espace culturel [&hellip;]","twitter_image":"https:\/\/vosgesinfo.fr\/app\/uploads\/sites\/5\/2024\/11\/le-rideau-d-ez-loges.jpg","twitter_creator":"@VosgesInfo88","twitter_site":"@VosgesInfo88","twitter_misc":{"\u00c9crit par":"C.M","Dur\u00e9e de lecture estim\u00e9e":"2 minutes"},"schema":{"@context":"https:\/\/schema.org","@graph":[{"@type":"Article","@id":"https:\/\/vosgesinfo.fr\/remiremontinfo\/?p=75119#article","isPartOf":{"@id":"https:\/\/vosgesinfo.fr\/remiremontinfo\/?p=75119"},"author":{"name":"C.M","@id":"https:\/\/vosgesinfo.fr\/remiremontinfo\/#\/schema\/person\/4f38cd3068e342935b7304695c797d08"},"headline":"La troupe du Rideau d&rsquo;Ez Loges pr\u00e9sente La Grange Aux Fauves sur plusieurs dates","datePublished":"2024-11-06T14:10:32+00:00","dateModified":"2024-11-06T13:30:58+00:00","mainEntityOfPage":{"@id":"https:\/\/vosgesinfo.fr\/remiremontinfo\/?p=75119"},"wordCount":217,"commentCount":0,"publisher":{"@id":"https:\/\/vosgesinfo.fr\/remiremontinfo\/#organization"},"image":{"@id":"https:\/\/vosgesinfo.fr\/remiremontinfo\/?p=75119#primaryimage"},"thumbnailUrl":"https:\/\/vosgesinfo.fr\/app\/uploads\/sites\/5\/2024\/11\/le-rideau-d-ez-loges.jpg","keywords":["eloyes","Le rideau d'Ez Loges","th\u00e9\u00e2tre"],"articleSection":["A la Une","Agenda","Eloyes"],"inLanguage":"fr-FR","potentialAction":[{"@type":"CommentAction","name":"Comment","target":["https:\/\/vosgesinfo.fr\/remiremontinfo\/?p=75119#respond"]}]},{"@type":"WebPage","@id":"https:\/\/vosgesinfo.fr\/remiremontinfo\/?p=75119","url":"https:\/\/vosgesinfo.fr\/remiremontinfo\/?p=75119","name":"La troupe du Rideau d'Ez Loges pr\u00e9sente La Grange Aux Fauves sur plusieurs dates - Remiremont Info","isPartOf":{"@id":"https:\/\/vosgesinfo.fr\/remiremontinfo\/#website"},"primaryImageOfPage":{"@id":"https:\/\/vosgesinfo.fr\/remiremontinfo\/?p=75119#primaryimage"},"image":{"@id":"https:\/\/vosgesinfo.fr\/remiremontinfo\/?p=75119#primaryimage"},"thumbnailUrl":"https:\/\/vosgesinfo.fr\/app\/uploads\/sites\/5\/2024\/11\/le-rideau-d-ez-loges.jpg","datePublished":"2024-11-06T14:10:32+00:00","dateModified":"2024-11-06T13:30:58+00:00","breadcrumb":{"@id":"https:\/\/vosgesinfo.fr\/remiremontinfo\/?p=75119#breadcrumb"},"inLanguage":"fr-FR","potentialAction":[{"@type":"ReadAction","target":["https:\/\/vosgesinfo.fr\/remiremontinfo\/?p=75119"]}]},{"@type":"ImageObject","inLanguage":"fr-FR","@id":"https:\/\/vosgesinfo.fr\/remiremontinfo\/?p=75119#primaryimage","url":"https:\/\/vosgesinfo.fr\/app\/uploads\/sites\/5\/2024\/11\/le-rideau-d-ez-loges.jpg","contentUrl":"https:\/\/vosgesinfo.fr\/app\/uploads\/sites\/5\/2024\/11\/le-rideau-d-ez-loges.jpg","width":871,"height":1219},{"@type":"BreadcrumbList","@id":"https:\/\/vosgesinfo.fr\/remiremontinfo\/?p=75119#breadcrumb","itemListElement":[{"@type":"ListItem","position":1,"name":"Home","item":"https:\/\/vosgesinfo.fr\/remiremontinfo\/"},{"@type":"ListItem","position":2,"name":"La troupe du Rideau d&#8217;Ez Loges pr\u00e9sente La Grange Aux Fauves sur plusieurs dates"}]},{"@type":"WebSite","@id":"https:\/\/vosgesinfo.fr\/remiremontinfo\/#website","url":"https:\/\/vosgesinfo.fr\/remiremontinfo\/","name":"Remiremont Info","description":"Toute l&#039;actualit\u00e9 de Remiremont","publisher":{"@id":"https:\/\/vosgesinfo.fr\/remiremontinfo\/#organization"},"alternateName":"Toute l'actualit\u00e9 de Remiremont","potentialAction":[{"@type":"SearchAction","target":{"@type":"EntryPoint","urlTemplate":"https:\/\/vosgesinfo.fr\/remiremontinfo\/?s={search_term_string}"},"query-input":"required name=search_term_string"}],"inLanguage":"fr-FR"},{"@type":"Organization","@id":"https:\/\/vosgesinfo.fr\/remiremontinfo\/#organization","name":"Remiremont Info","url":"https:\/\/vosgesinfo.fr\/remiremontinfo\/","logo":{"@type":"ImageObject","inLanguage":"fr-FR","@id":"https:\/\/vosgesinfo.fr\/remiremontinfo\/#\/schema\/logo\/image\/","url":"https:\/\/vosgesinfo.fr\/app\/uploads\/sites\/5\/2023\/08\/favicon-remiremontinfo.png","contentUrl":"https:\/\/vosgesinfo.fr\/app\/uploads\/sites\/5\/2023\/08\/favicon-remiremontinfo.png","width":512,"height":512,"caption":"Remiremont Info"},"image":{"@id":"https:\/\/vosgesinfo.fr\/remiremontinfo\/#\/schema\/logo\/image\/"},"sameAs":["https:\/\/www.facebook.com\/remiremontinfo","https:\/\/x.com\/VosgesInfo88","https:\/\/www.youtube.com\/@vosgesinfo"]},{"@type":"Person","@id":"https:\/\/vosgesinfo.fr\/remiremontinfo\/#\/schema\/person\/4f38cd3068e342935b7304695c797d08","name":"C.M","image":{"@type":"ImageObject","inLanguage":"fr-FR","@id":"https:\/\/vosgesinfo.fr\/remiremontinfo\/#\/schema\/person\/image\/","url":"https:\/\/secure.gravatar.com\/avatar\/fe9daaef0164d920717484172682f3c5c9bcf7d42aa8c7048c76c34f0eb6c8da?s=96&d=mm&r=g","contentUrl":"https:\/\/secure.gravatar.com\/avatar\/fe9daaef0164d920717484172682f3c5c9bcf7d42aa8c7048c76c34f0eb6c8da?s=96&d=mm&r=g","caption":"C.M"},"url":"https:\/\/vosgesinfo.fr\/remiremontinfo\/author\/cm88200\/"}]}},"_links":{"self":[{"href":"https:\/\/vosgesinfo.fr\/remiremontinfo\/wp-json\/wp\/v2\/posts\/75119","targetHints":{"allow":["GET"]}}],"collection":[{"href":"https:\/\/vosgesinfo.fr\/remiremontinfo\/wp-json\/wp\/v2\/posts"}],"about":[{"href":"https:\/\/vosgesinfo.fr\/remiremontinfo\/wp-json\/wp\/v2\/types\/post"}],"author":[{"embeddable":true,"href":"https:\/\/vosgesinfo.fr\/remiremontinfo\/wp-json\/wp\/v2\/users\/418"}],"replies":[{"embeddable":true,"href":"https:\/\/vosgesinfo.fr\/remiremontinfo\/wp-json\/wp\/v2\/comments?post=75119"}],"version-history":[{"count":1,"href":"https:\/\/vosgesinfo.fr\/remiremontinfo\/wp-json\/wp\/v2\/posts\/75119\/revisions"}],"predecessor-version":[{"id":75121,"href":"https:\/\/vosgesinfo.fr\/remiremontinfo\/wp-json\/wp\/v2\/posts\/75119\/revisions\/75121"}],"wp:featuredmedia":[{"embeddable":true,"href":"https:\/\/vosgesinfo.fr\/remiremontinfo\/wp-json\/wp\/v2\/media\/75120"}],"wp:attachment":[{"href":"https:\/\/vosgesinfo.fr\/remiremontinfo\/wp-json\/wp\/v2\/media?parent=75119"}],"wp:term":[{"taxonomy":"category","embeddable":true,"href":"https:\/\/vosgesinfo.fr\/remiremontinfo\/wp-json\/wp\/v2\/categories?post=75119"},{"taxonomy":"post_tag","embeddable":true,"href":"https:\/\/vosgesinfo.fr\/remiremontinfo\/wp-json\/wp\/v2\/tags?post=75119"}],"curies":[{"name":"wp","href":"https:\/\/api.w.org\/{rel}","templated":true}]}}