{"id":75346,"date":"2024-11-15T16:48:44","date_gmt":"2024-11-15T15:48:44","guid":{"rendered":"https:\/\/vosgesinfo.fr\/remiremontinfo\/?p=75346"},"modified":"2024-11-15T15:50:08","modified_gmt":"2024-11-15T14:50:08","slug":"les-elus-de-la-ccpvm-en-visite-a-la-tuilerie-monier-pour-decouvrir-le-savoir-faire-local","status":"publish","type":"post","link":"https:\/\/vosgesinfo.fr\/remiremontinfo\/2024\/11\/les-elus-de-la-ccpvm-en-visite-a-la-tuilerie-monier-pour-decouvrir-le-savoir-faire-local\/","title":{"rendered":"Les \u00e9lus de la CCPVM en visite \u00e0 la Tuilerie Monier pour d\u00e9couvrir le savoir-faire local"},"content":{"rendered":"<div id=\"attachment_75451\" style=\"width: 1034px\" class=\"wp-caption aligncenter\"><a href=\"https:\/\/vosgesinfo.fr\/app\/uploads\/sites\/5\/2024\/11\/visiteentreprise-monier-ccpvm-2608.jpg\"><img decoding=\"async\" aria-describedby=\"caption-attachment-75451\" class=\"size-large wp-image-75451\" src=\"https:\/\/vosgesinfo.fr\/app\/uploads\/sites\/5\/2024\/11\/visiteentreprise-monier-ccpvm-2608-1024x682.jpg\" alt=\"\" width=\"1024\" height=\"682\" srcset=\"https:\/\/vosgesinfo.fr\/app\/uploads\/sites\/5\/2024\/11\/visiteentreprise-monier-ccpvm-2608-1024x682.jpg 1024w, https:\/\/vosgesinfo.fr\/app\/uploads\/sites\/5\/2024\/11\/visiteentreprise-monier-ccpvm-2608-300x200.jpg 300w, https:\/\/vosgesinfo.fr\/app\/uploads\/sites\/5\/2024\/11\/visiteentreprise-monier-ccpvm-2608-768x512.jpg 768w, https:\/\/vosgesinfo.fr\/app\/uploads\/sites\/5\/2024\/11\/visiteentreprise-monier-ccpvm-2608.jpg 1181w\" sizes=\"(max-width: 1024px) 100vw, 1024px\" \/><\/a><p id=\"caption-attachment-75451\" class=\"wp-caption-text\">Photographie : CCPVM.<\/p><\/div>\n<p><strong>Ce mercredi matin, les membres de la Communaut\u00e9 de Communes de la Porte des Vosges M\u00e9ridionales (CCPVM) se sont rendus \u00e0 la Tuilerie Monier de Saint-Nabord, une entreprise embl\u00e9matique du territoire. Ces visites, organis\u00e9es r\u00e9guli\u00e8rement, permettent aux \u00e9lus de mieux conna\u00eetre les entreprises locales et de dialoguer avec leurs dirigeants pour mieux cerner leurs besoins et projets. Pour cette occasion, les \u00e9lus ont \u00e9t\u00e9 accueillis par Patrick Gehin, directeur du site.<\/strong><\/p>\n<p><strong>Pr\u00e9sentation de l&rsquo;Usine et \u00c9changes sur la Production<\/strong><\/p>\n<p>La visite a d\u00e9but\u00e9 par une pr\u00e9sentation approfondie de l\u2019usine par Patrick Gehin, en pr\u00e9sence de la pr\u00e9sidente de la CCPVM, Catherine Louis, accompagn\u00e9e d&rsquo;\u00e9lus tels que Jean-Pierre Calmels et Jean-Paul Miclo. M. Gehin a expos\u00e9 les capacit\u00e9s de production de la tuilerie, les types de tuiles fabriqu\u00e9es et les \u00e9volutions en cours du march\u00e9. Il a mis en avant les efforts de la tuilerie pour r\u00e9pondre aux besoins des salari\u00e9s et aux exigences du secteur.<\/p>\n<p>Le directeur a \u00e9galement expliqu\u00e9 le processus de production d&rsquo;une tuile en b\u00e9ton, compos\u00e9e de 70 % de sable provenant du Tholy, 9 % d&rsquo;eau recycl\u00e9e, 1 % de pigment pour la durabilit\u00e9, et 20 % de ciment. Les tuiles sont moul\u00e9es en aluminium, puis \u00e9tuv\u00e9es entre 6 et 12 heures \u00e0 une temp\u00e9rature de 55\u00b0C, garantissant une r\u00e9sistance optimale aux intemp\u00e9ries. Patrick Gehin a pr\u00e9cis\u00e9 que les tuiles en b\u00e9ton ne g\u00e8lent pas, r\u00e9sistent aux \u00e9v\u00e9nements climatiques, et qu\u2019elles ne sont pas plus lourdes que les tuiles en terre cuite.<\/p>\n<p><strong>Visite de l\u2019Atelier de Production<\/strong><\/p>\n<p>Apr\u00e8s la pr\u00e9sentation, les \u00e9lus ont enfil\u00e9 les \u00e9quipements de s\u00e9curit\u00e9 n\u00e9cessaires pour visiter l&rsquo;atelier de production. Ils ont pu observer en direct les diff\u00e9rentes \u00e9tapes de fabrication d\u2019une tuile, de la mati\u00e8re premi\u00e8re au produit fini. Cette immersion a permis aux \u00e9lus de mieux comprendre les sp\u00e9cificit\u00e9s du m\u00e9tier et d\u2019appr\u00e9cier le savoir-faire de cette entreprise locale.<\/p>\n<p>Cette rencontre est un bel exemple de collaboration entre les \u00e9lus et les entreprises, permettant \u00e0 la CCPVM de mieux conna\u00eetre les acteurs \u00e9conomiques du territoire et de soutenir leurs projets.<\/p>\n\n\t\t<style type=\"text\/css\">\n\t\t\t#gallery-1 {\n\t\t\t\tmargin: auto;\n\t\t\t}\n\t\t\t#gallery-1 .gallery-item {\n\t\t\t\tfloat: left;\n\t\t\t\tmargin-top: 10px;\n\t\t\t\ttext-align: center;\n\t\t\t\twidth: 50%;\n\t\t\t}\n\t\t\t#gallery-1 img {\n\t\t\t\tborder: 2px solid #cfcfcf;\n\t\t\t}\n\t\t\t#gallery-1 .gallery-caption {\n\t\t\t\tmargin-left: 0;\n\t\t\t}\n\t\t\t\/* see gallery_shortcode() in wp-includes\/media.php *\/\n\t\t<\/style>\n\t\t<div id='gallery-1' class='gallery galleryid-75346 gallery-columns-2 gallery-size-full'><dl class='gallery-item'>\n\t\t\t<dt class='gallery-icon landscape'>\n\t\t\t\t<a href='https:\/\/vosgesinfo.fr\/remiremontinfo\/2024\/11\/les-elus-de-la-ccpvm-en-visite-a-la-tuilerie-monier-pour-decouvrir-le-savoir-faire-local\/ccpvm-visite-tuilerie-2\/'><img decoding=\"async\" width=\"2560\" height=\"1920\" src=\"https:\/\/vosgesinfo.fr\/app\/uploads\/sites\/5\/2024\/11\/ccpvm-visite-tuilerie-2-scaled.jpg\" class=\"attachment-full size-full\" alt=\"\" srcset=\"https:\/\/vosgesinfo.fr\/app\/uploads\/sites\/5\/2024\/11\/ccpvm-visite-tuilerie-2-scaled.jpg 2560w, https:\/\/vosgesinfo.fr\/app\/uploads\/sites\/5\/2024\/11\/ccpvm-visite-tuilerie-2-300x225.jpg 300w, https:\/\/vosgesinfo.fr\/app\/uploads\/sites\/5\/2024\/11\/ccpvm-visite-tuilerie-2-1024x768.jpg 1024w, https:\/\/vosgesinfo.fr\/app\/uploads\/sites\/5\/2024\/11\/ccpvm-visite-tuilerie-2-768x576.jpg 768w, https:\/\/vosgesinfo.fr\/app\/uploads\/sites\/5\/2024\/11\/ccpvm-visite-tuilerie-2-1536x1152.jpg 1536w, https:\/\/vosgesinfo.fr\/app\/uploads\/sites\/5\/2024\/11\/ccpvm-visite-tuilerie-2-2048x1536.jpg 2048w\" sizes=\"(max-width: 2560px) 100vw, 2560px\" \/><\/a>\n\t\t\t<\/dt><\/dl><dl class='gallery-item'>\n\t\t\t<dt class='gallery-icon landscape'>\n\t\t\t\t<a href='https:\/\/vosgesinfo.fr\/remiremontinfo\/2024\/11\/les-elus-de-la-ccpvm-en-visite-a-la-tuilerie-monier-pour-decouvrir-le-savoir-faire-local\/ccpvm-visite-tuilerie-1\/'><img decoding=\"async\" width=\"2560\" height=\"1920\" src=\"https:\/\/vosgesinfo.fr\/app\/uploads\/sites\/5\/2024\/11\/ccpvm-visite-tuilerie-1-scaled.jpg\" class=\"attachment-full size-full\" alt=\"\" srcset=\"https:\/\/vosgesinfo.fr\/app\/uploads\/sites\/5\/2024\/11\/ccpvm-visite-tuilerie-1-scaled.jpg 2560w, https:\/\/vosgesinfo.fr\/app\/uploads\/sites\/5\/2024\/11\/ccpvm-visite-tuilerie-1-300x225.jpg 300w, https:\/\/vosgesinfo.fr\/app\/uploads\/sites\/5\/2024\/11\/ccpvm-visite-tuilerie-1-1024x768.jpg 1024w, https:\/\/vosgesinfo.fr\/app\/uploads\/sites\/5\/2024\/11\/ccpvm-visite-tuilerie-1-768x576.jpg 768w, https:\/\/vosgesinfo.fr\/app\/uploads\/sites\/5\/2024\/11\/ccpvm-visite-tuilerie-1-1536x1152.jpg 1536w, https:\/\/vosgesinfo.fr\/app\/uploads\/sites\/5\/2024\/11\/ccpvm-visite-tuilerie-1-2048x1536.jpg 2048w\" sizes=\"(max-width: 2560px) 100vw, 2560px\" \/><\/a>\n\t\t\t<\/dt><\/dl><br style=\"clear: both\" \/><dl class='gallery-item'>\n\t\t\t<dt class='gallery-icon landscape'>\n\t\t\t\t<a href='https:\/\/vosgesinfo.fr\/remiremontinfo\/2024\/11\/les-elus-de-la-ccpvm-en-visite-a-la-tuilerie-monier-pour-decouvrir-le-savoir-faire-local\/ccpvm-visite-tuilerie\/'><img decoding=\"async\" width=\"2560\" height=\"1920\" src=\"https:\/\/vosgesinfo.fr\/app\/uploads\/sites\/5\/2024\/11\/ccpvm-visite-tuilerie-scaled.jpg\" class=\"attachment-full size-full\" alt=\"\" srcset=\"https:\/\/vosgesinfo.fr\/app\/uploads\/sites\/5\/2024\/11\/ccpvm-visite-tuilerie-scaled.jpg 2560w, https:\/\/vosgesinfo.fr\/app\/uploads\/sites\/5\/2024\/11\/ccpvm-visite-tuilerie-300x225.jpg 300w, https:\/\/vosgesinfo.fr\/app\/uploads\/sites\/5\/2024\/11\/ccpvm-visite-tuilerie-1024x768.jpg 1024w, https:\/\/vosgesinfo.fr\/app\/uploads\/sites\/5\/2024\/11\/ccpvm-visite-tuilerie-768x576.jpg 768w, https:\/\/vosgesinfo.fr\/app\/uploads\/sites\/5\/2024\/11\/ccpvm-visite-tuilerie-1536x1152.jpg 1536w, https:\/\/vosgesinfo.fr\/app\/uploads\/sites\/5\/2024\/11\/ccpvm-visite-tuilerie-2048x1536.jpg 2048w\" sizes=\"(max-width: 2560px) 100vw, 2560px\" \/><\/a>\n\t\t\t<\/dt><\/dl><dl class='gallery-item'>\n\t\t\t<dt class='gallery-icon landscape'>\n\t\t\t\t<a href='https:\/\/vosgesinfo.fr\/remiremontinfo\/2024\/11\/les-elus-de-la-ccpvm-en-visite-a-la-tuilerie-monier-pour-decouvrir-le-savoir-faire-local\/visiteentreprise_monier_ccpvm-2667\/'><img decoding=\"async\" width=\"1181\" height=\"664\" src=\"https:\/\/vosgesinfo.fr\/app\/uploads\/sites\/5\/2024\/11\/visiteentreprise-monier-ccpvm-2667.jpg\" class=\"attachment-full size-full\" alt=\"\" aria-describedby=\"gallery-1-75450\" srcset=\"https:\/\/vosgesinfo.fr\/app\/uploads\/sites\/5\/2024\/11\/visiteentreprise-monier-ccpvm-2667.jpg 1181w, https:\/\/vosgesinfo.fr\/app\/uploads\/sites\/5\/2024\/11\/visiteentreprise-monier-ccpvm-2667-300x169.jpg 300w, https:\/\/vosgesinfo.fr\/app\/uploads\/sites\/5\/2024\/11\/visiteentreprise-monier-ccpvm-2667-1024x576.jpg 1024w, https:\/\/vosgesinfo.fr\/app\/uploads\/sites\/5\/2024\/11\/visiteentreprise-monier-ccpvm-2667-768x432.jpg 768w\" sizes=\"(max-width: 1181px) 100vw, 1181px\" \/><\/a>\n\t\t\t<\/dt>\n\t\t\t\t<dd class='wp-caption-text gallery-caption' id='gallery-1-75450'>\n\t\t\t\tPhotographie : CCPVM.\n\t\t\t\t<\/dd><\/dl><br style=\"clear: both\" \/>\n\t\t<\/div>\n\n","protected":false},"excerpt":{"rendered":"<p>Ce mercredi matin, les membres de la Communaut\u00e9 de Communes de la Porte des Vosges M\u00e9ridionales (CCPVM) se sont rendus [&hellip;]<\/p>\n","protected":false},"author":418,"featured_media":75451,"comment_status":"open","ping_status":"open","sticky":false,"template":"","format":"standard","meta":{"footnotes":""},"categories":[26,144,100],"tags":[509,42,6476],"class_list":["post-75346","post","type-post","status-publish","format-standard","has-post-thumbnail","hentry","category-a-la-une","category-entreprise","category-saint-nabord","tag-ccpvm","tag-saint-nabord","tag-tuilerie-monier"],"acf":[],"yoast_head":"<!-- This site is optimized with the Yoast SEO plugin v22.5 - https:\/\/yoast.com\/wordpress\/plugins\/seo\/ -->\n<title>Les \u00e9lus de la CCPVM en visite \u00e0 la Tuilerie Monier pour d\u00e9couvrir le savoir-faire local - Remiremont Info<\/title>\n<meta name=\"robots\" content=\"index, follow, max-snippet:-1, max-image-preview:large, max-video-preview:-1\" \/>\n<link rel=\"canonical\" href=\"https:\/\/vosgesinfo.fr\/remiremontinfo\/?p=75346\" \/>\n<meta name=\"twitter:card\" content=\"summary_large_image\" \/>\n<meta name=\"twitter:title\" content=\"Les \u00e9lus de la CCPVM en visite \u00e0 la Tuilerie Monier pour d\u00e9couvrir le savoir-faire local - Remiremont Info\" \/>\n<meta name=\"twitter:description\" content=\"Ce mercredi matin, les membres de la Communaut\u00e9 de Communes de la Porte des Vosges M\u00e9ridionales (CCPVM) se sont rendus [&hellip;]\" \/>\n<meta name=\"twitter:image\" content=\"https:\/\/vosgesinfo.fr\/app\/uploads\/sites\/5\/2024\/11\/ccpvm-visite-tuilerie-2-scaled.jpg\" \/>\n<meta name=\"twitter:creator\" content=\"@VosgesInfo88\" \/>\n<meta name=\"twitter:site\" content=\"@VosgesInfo88\" \/>\n<meta name=\"twitter:label1\" content=\"\u00c9crit par\" \/>\n\t<meta name=\"twitter:data1\" content=\"C.M\" \/>\n\t<meta name=\"twitter:label2\" content=\"Dur\u00e9e de lecture estim\u00e9e\" \/>\n\t<meta name=\"twitter:data2\" content=\"2 minutes\" \/>\n<script type=\"application\/ld+json\" class=\"yoast-schema-graph\">{\"@context\":\"https:\/\/schema.org\",\"@graph\":[{\"@type\":\"Article\",\"@id\":\"https:\/\/vosgesinfo.fr\/remiremontinfo\/?p=75346#article\",\"isPartOf\":{\"@id\":\"https:\/\/vosgesinfo.fr\/remiremontinfo\/?p=75346\"},\"author\":{\"name\":\"C.M\",\"@id\":\"https:\/\/vosgesinfo.fr\/remiremontinfo\/#\/schema\/person\/4f38cd3068e342935b7304695c797d08\"},\"headline\":\"Les \u00e9lus de la CCPVM en visite \u00e0 la Tuilerie Monier pour d\u00e9couvrir le savoir-faire local\",\"datePublished\":\"2024-11-15T15:48:44+00:00\",\"dateModified\":\"2024-11-15T14:50:08+00:00\",\"mainEntityOfPage\":{\"@id\":\"https:\/\/vosgesinfo.fr\/remiremontinfo\/?p=75346\"},\"wordCount\":408,\"commentCount\":0,\"publisher\":{\"@id\":\"https:\/\/vosgesinfo.fr\/remiremontinfo\/#organization\"},\"image\":{\"@id\":\"https:\/\/vosgesinfo.fr\/remiremontinfo\/?p=75346#primaryimage\"},\"thumbnailUrl\":\"https:\/\/vosgesinfo.fr\/app\/uploads\/sites\/5\/2024\/11\/visiteentreprise-monier-ccpvm-2608.jpg\",\"keywords\":[\"ccpvm\",\"saint-nabord\",\"Tuilerie Monier\"],\"articleSection\":[\"A la Une\",\"Entreprise\",\"Saint-Nabord\"],\"inLanguage\":\"fr-FR\",\"potentialAction\":[{\"@type\":\"CommentAction\",\"name\":\"Comment\",\"target\":[\"https:\/\/vosgesinfo.fr\/remiremontinfo\/?p=75346#respond\"]}]},{\"@type\":\"WebPage\",\"@id\":\"https:\/\/vosgesinfo.fr\/remiremontinfo\/?p=75346\",\"url\":\"https:\/\/vosgesinfo.fr\/remiremontinfo\/?p=75346\",\"name\":\"Les \u00e9lus de la CCPVM en visite \u00e0 la Tuilerie Monier pour d\u00e9couvrir le savoir-faire local - Remiremont Info\",\"isPartOf\":{\"@id\":\"https:\/\/vosgesinfo.fr\/remiremontinfo\/#website\"},\"primaryImageOfPage\":{\"@id\":\"https:\/\/vosgesinfo.fr\/remiremontinfo\/?p=75346#primaryimage\"},\"image\":{\"@id\":\"https:\/\/vosgesinfo.fr\/remiremontinfo\/?p=75346#primaryimage\"},\"thumbnailUrl\":\"https:\/\/vosgesinfo.fr\/app\/uploads\/sites\/5\/2024\/11\/visiteentreprise-monier-ccpvm-2608.jpg\",\"datePublished\":\"2024-11-15T15:48:44+00:00\",\"dateModified\":\"2024-11-15T14:50:08+00:00\",\"breadcrumb\":{\"@id\":\"https:\/\/vosgesinfo.fr\/remiremontinfo\/?p=75346#breadcrumb\"},\"inLanguage\":\"fr-FR\",\"potentialAction\":[{\"@type\":\"ReadAction\",\"target\":[\"https:\/\/vosgesinfo.fr\/remiremontinfo\/?p=75346\"]}]},{\"@type\":\"ImageObject\",\"inLanguage\":\"fr-FR\",\"@id\":\"https:\/\/vosgesinfo.fr\/remiremontinfo\/?p=75346#primaryimage\",\"url\":\"https:\/\/vosgesinfo.fr\/app\/uploads\/sites\/5\/2024\/11\/visiteentreprise-monier-ccpvm-2608.jpg\",\"contentUrl\":\"https:\/\/vosgesinfo.fr\/app\/uploads\/sites\/5\/2024\/11\/visiteentreprise-monier-ccpvm-2608.jpg\",\"width\":1181,\"height\":787,\"caption\":\"Photographie : CCPVM.\"},{\"@type\":\"BreadcrumbList\",\"@id\":\"https:\/\/vosgesinfo.fr\/remiremontinfo\/?p=75346#breadcrumb\",\"itemListElement\":[{\"@type\":\"ListItem\",\"position\":1,\"name\":\"Home\",\"item\":\"https:\/\/vosgesinfo.fr\/remiremontinfo\/\"},{\"@type\":\"ListItem\",\"position\":2,\"name\":\"Les \u00e9lus de la CCPVM en visite \u00e0 la Tuilerie Monier pour d\u00e9couvrir le savoir-faire local\"}]},{\"@type\":\"WebSite\",\"@id\":\"https:\/\/vosgesinfo.fr\/remiremontinfo\/#website\",\"url\":\"https:\/\/vosgesinfo.fr\/remiremontinfo\/\",\"name\":\"Remiremont Info\",\"description\":\"Toute l&#039;actualit\u00e9 de Remiremont\",\"publisher\":{\"@id\":\"https:\/\/vosgesinfo.fr\/remiremontinfo\/#organization\"},\"alternateName\":\"Toute l'actualit\u00e9 de Remiremont\",\"potentialAction\":[{\"@type\":\"SearchAction\",\"target\":{\"@type\":\"EntryPoint\",\"urlTemplate\":\"https:\/\/vosgesinfo.fr\/remiremontinfo\/?s={search_term_string}\"},\"query-input\":\"required name=search_term_string\"}],\"inLanguage\":\"fr-FR\"},{\"@type\":\"Organization\",\"@id\":\"https:\/\/vosgesinfo.fr\/remiremontinfo\/#organization\",\"name\":\"Remiremont Info\",\"url\":\"https:\/\/vosgesinfo.fr\/remiremontinfo\/\",\"logo\":{\"@type\":\"ImageObject\",\"inLanguage\":\"fr-FR\",\"@id\":\"https:\/\/vosgesinfo.fr\/remiremontinfo\/#\/schema\/logo\/image\/\",\"url\":\"https:\/\/vosgesinfo.fr\/app\/uploads\/sites\/5\/2023\/08\/favicon-remiremontinfo.png\",\"contentUrl\":\"https:\/\/vosgesinfo.fr\/app\/uploads\/sites\/5\/2023\/08\/favicon-remiremontinfo.png\",\"width\":512,\"height\":512,\"caption\":\"Remiremont Info\"},\"image\":{\"@id\":\"https:\/\/vosgesinfo.fr\/remiremontinfo\/#\/schema\/logo\/image\/\"},\"sameAs\":[\"https:\/\/www.facebook.com\/remiremontinfo\",\"https:\/\/x.com\/VosgesInfo88\",\"https:\/\/www.youtube.com\/@vosgesinfo\"]},{\"@type\":\"Person\",\"@id\":\"https:\/\/vosgesinfo.fr\/remiremontinfo\/#\/schema\/person\/4f38cd3068e342935b7304695c797d08\",\"name\":\"C.M\",\"image\":{\"@type\":\"ImageObject\",\"inLanguage\":\"fr-FR\",\"@id\":\"https:\/\/vosgesinfo.fr\/remiremontinfo\/#\/schema\/person\/image\/\",\"url\":\"https:\/\/secure.gravatar.com\/avatar\/fe9daaef0164d920717484172682f3c5c9bcf7d42aa8c7048c76c34f0eb6c8da?s=96&d=mm&r=g\",\"contentUrl\":\"https:\/\/secure.gravatar.com\/avatar\/fe9daaef0164d920717484172682f3c5c9bcf7d42aa8c7048c76c34f0eb6c8da?s=96&d=mm&r=g\",\"caption\":\"C.M\"},\"url\":\"https:\/\/vosgesinfo.fr\/remiremontinfo\/author\/cm88200\/\"}]}<\/script>\n<!-- \/ Yoast SEO plugin. -->","yoast_head_json":{"title":"Les \u00e9lus de la CCPVM en visite \u00e0 la Tuilerie Monier pour d\u00e9couvrir le savoir-faire local - Remiremont Info","robots":{"index":"index","follow":"follow","max-snippet":"max-snippet:-1","max-image-preview":"max-image-preview:large","max-video-preview":"max-video-preview:-1"},"canonical":"https:\/\/vosgesinfo.fr\/remiremontinfo\/?p=75346","twitter_card":"summary_large_image","twitter_title":"Les \u00e9lus de la CCPVM en visite \u00e0 la Tuilerie Monier pour d\u00e9couvrir le savoir-faire local - Remiremont Info","twitter_description":"Ce mercredi matin, les membres de la Communaut\u00e9 de Communes de la Porte des Vosges M\u00e9ridionales (CCPVM) se sont rendus [&hellip;]","twitter_image":"https:\/\/vosgesinfo.fr\/app\/uploads\/sites\/5\/2024\/11\/ccpvm-visite-tuilerie-2-scaled.jpg","twitter_creator":"@VosgesInfo88","twitter_site":"@VosgesInfo88","twitter_misc":{"\u00c9crit par":"C.M","Dur\u00e9e de lecture estim\u00e9e":"2 minutes"},"schema":{"@context":"https:\/\/schema.org","@graph":[{"@type":"Article","@id":"https:\/\/vosgesinfo.fr\/remiremontinfo\/?p=75346#article","isPartOf":{"@id":"https:\/\/vosgesinfo.fr\/remiremontinfo\/?p=75346"},"author":{"name":"C.M","@id":"https:\/\/vosgesinfo.fr\/remiremontinfo\/#\/schema\/person\/4f38cd3068e342935b7304695c797d08"},"headline":"Les \u00e9lus de la CCPVM en visite \u00e0 la Tuilerie Monier pour d\u00e9couvrir le savoir-faire local","datePublished":"2024-11-15T15:48:44+00:00","dateModified":"2024-11-15T14:50:08+00:00","mainEntityOfPage":{"@id":"https:\/\/vosgesinfo.fr\/remiremontinfo\/?p=75346"},"wordCount":408,"commentCount":0,"publisher":{"@id":"https:\/\/vosgesinfo.fr\/remiremontinfo\/#organization"},"image":{"@id":"https:\/\/vosgesinfo.fr\/remiremontinfo\/?p=75346#primaryimage"},"thumbnailUrl":"https:\/\/vosgesinfo.fr\/app\/uploads\/sites\/5\/2024\/11\/visiteentreprise-monier-ccpvm-2608.jpg","keywords":["ccpvm","saint-nabord","Tuilerie Monier"],"articleSection":["A la Une","Entreprise","Saint-Nabord"],"inLanguage":"fr-FR","potentialAction":[{"@type":"CommentAction","name":"Comment","target":["https:\/\/vosgesinfo.fr\/remiremontinfo\/?p=75346#respond"]}]},{"@type":"WebPage","@id":"https:\/\/vosgesinfo.fr\/remiremontinfo\/?p=75346","url":"https:\/\/vosgesinfo.fr\/remiremontinfo\/?p=75346","name":"Les \u00e9lus de la CCPVM en visite \u00e0 la Tuilerie Monier pour d\u00e9couvrir le savoir-faire local - Remiremont Info","isPartOf":{"@id":"https:\/\/vosgesinfo.fr\/remiremontinfo\/#website"},"primaryImageOfPage":{"@id":"https:\/\/vosgesinfo.fr\/remiremontinfo\/?p=75346#primaryimage"},"image":{"@id":"https:\/\/vosgesinfo.fr\/remiremontinfo\/?p=75346#primaryimage"},"thumbnailUrl":"https:\/\/vosgesinfo.fr\/app\/uploads\/sites\/5\/2024\/11\/visiteentreprise-monier-ccpvm-2608.jpg","datePublished":"2024-11-15T15:48:44+00:00","dateModified":"2024-11-15T14:50:08+00:00","breadcrumb":{"@id":"https:\/\/vosgesinfo.fr\/remiremontinfo\/?p=75346#breadcrumb"},"inLanguage":"fr-FR","potentialAction":[{"@type":"ReadAction","target":["https:\/\/vosgesinfo.fr\/remiremontinfo\/?p=75346"]}]},{"@type":"ImageObject","inLanguage":"fr-FR","@id":"https:\/\/vosgesinfo.fr\/remiremontinfo\/?p=75346#primaryimage","url":"https:\/\/vosgesinfo.fr\/app\/uploads\/sites\/5\/2024\/11\/visiteentreprise-monier-ccpvm-2608.jpg","contentUrl":"https:\/\/vosgesinfo.fr\/app\/uploads\/sites\/5\/2024\/11\/visiteentreprise-monier-ccpvm-2608.jpg","width":1181,"height":787,"caption":"Photographie : CCPVM."},{"@type":"BreadcrumbList","@id":"https:\/\/vosgesinfo.fr\/remiremontinfo\/?p=75346#breadcrumb","itemListElement":[{"@type":"ListItem","position":1,"name":"Home","item":"https:\/\/vosgesinfo.fr\/remiremontinfo\/"},{"@type":"ListItem","position":2,"name":"Les \u00e9lus de la CCPVM en visite \u00e0 la Tuilerie Monier pour d\u00e9couvrir le savoir-faire local"}]},{"@type":"WebSite","@id":"https:\/\/vosgesinfo.fr\/remiremontinfo\/#website","url":"https:\/\/vosgesinfo.fr\/remiremontinfo\/","name":"Remiremont Info","description":"Toute l&#039;actualit\u00e9 de Remiremont","publisher":{"@id":"https:\/\/vosgesinfo.fr\/remiremontinfo\/#organization"},"alternateName":"Toute l'actualit\u00e9 de Remiremont","potentialAction":[{"@type":"SearchAction","target":{"@type":"EntryPoint","urlTemplate":"https:\/\/vosgesinfo.fr\/remiremontinfo\/?s={search_term_string}"},"query-input":"required name=search_term_string"}],"inLanguage":"fr-FR"},{"@type":"Organization","@id":"https:\/\/vosgesinfo.fr\/remiremontinfo\/#organization","name":"Remiremont Info","url":"https:\/\/vosgesinfo.fr\/remiremontinfo\/","logo":{"@type":"ImageObject","inLanguage":"fr-FR","@id":"https:\/\/vosgesinfo.fr\/remiremontinfo\/#\/schema\/logo\/image\/","url":"https:\/\/vosgesinfo.fr\/app\/uploads\/sites\/5\/2023\/08\/favicon-remiremontinfo.png","contentUrl":"https:\/\/vosgesinfo.fr\/app\/uploads\/sites\/5\/2023\/08\/favicon-remiremontinfo.png","width":512,"height":512,"caption":"Remiremont Info"},"image":{"@id":"https:\/\/vosgesinfo.fr\/remiremontinfo\/#\/schema\/logo\/image\/"},"sameAs":["https:\/\/www.facebook.com\/remiremontinfo","https:\/\/x.com\/VosgesInfo88","https:\/\/www.youtube.com\/@vosgesinfo"]},{"@type":"Person","@id":"https:\/\/vosgesinfo.fr\/remiremontinfo\/#\/schema\/person\/4f38cd3068e342935b7304695c797d08","name":"C.M","image":{"@type":"ImageObject","inLanguage":"fr-FR","@id":"https:\/\/vosgesinfo.fr\/remiremontinfo\/#\/schema\/person\/image\/","url":"https:\/\/secure.gravatar.com\/avatar\/fe9daaef0164d920717484172682f3c5c9bcf7d42aa8c7048c76c34f0eb6c8da?s=96&d=mm&r=g","contentUrl":"https:\/\/secure.gravatar.com\/avatar\/fe9daaef0164d920717484172682f3c5c9bcf7d42aa8c7048c76c34f0eb6c8da?s=96&d=mm&r=g","caption":"C.M"},"url":"https:\/\/vosgesinfo.fr\/remiremontinfo\/author\/cm88200\/"}]}},"_links":{"self":[{"href":"https:\/\/vosgesinfo.fr\/remiremontinfo\/wp-json\/wp\/v2\/posts\/75346","targetHints":{"allow":["GET"]}}],"collection":[{"href":"https:\/\/vosgesinfo.fr\/remiremontinfo\/wp-json\/wp\/v2\/posts"}],"about":[{"href":"https:\/\/vosgesinfo.fr\/remiremontinfo\/wp-json\/wp\/v2\/types\/post"}],"author":[{"embeddable":true,"href":"https:\/\/vosgesinfo.fr\/remiremontinfo\/wp-json\/wp\/v2\/users\/418"}],"replies":[{"embeddable":true,"href":"https:\/\/vosgesinfo.fr\/remiremontinfo\/wp-json\/wp\/v2\/comments?post=75346"}],"version-history":[{"count":3,"href":"https:\/\/vosgesinfo.fr\/remiremontinfo\/wp-json\/wp\/v2\/posts\/75346\/revisions"}],"predecessor-version":[{"id":75452,"href":"https:\/\/vosgesinfo.fr\/remiremontinfo\/wp-json\/wp\/v2\/posts\/75346\/revisions\/75452"}],"wp:featuredmedia":[{"embeddable":true,"href":"https:\/\/vosgesinfo.fr\/remiremontinfo\/wp-json\/wp\/v2\/media\/75451"}],"wp:attachment":[{"href":"https:\/\/vosgesinfo.fr\/remiremontinfo\/wp-json\/wp\/v2\/media?parent=75346"}],"wp:term":[{"taxonomy":"category","embeddable":true,"href":"https:\/\/vosgesinfo.fr\/remiremontinfo\/wp-json\/wp\/v2\/categories?post=75346"},{"taxonomy":"post_tag","embeddable":true,"href":"https:\/\/vosgesinfo.fr\/remiremontinfo\/wp-json\/wp\/v2\/tags?post=75346"}],"curies":[{"name":"wp","href":"https:\/\/api.w.org\/{rel}","templated":true}]}}