{"id":75478,"date":"2024-11-16T18:00:02","date_gmt":"2024-11-16T17:00:02","guid":{"rendered":"https:\/\/vosgesinfo.fr\/remiremontinfo\/?p=75478"},"modified":"2024-11-15T17:26:40","modified_gmt":"2024-11-15T16:26:40","slug":"quels-sont-les-sujets-a-eviter-pendant-les-fetes-de-fin-dannee","status":"publish","type":"post","link":"https:\/\/vosgesinfo.fr\/remiremontinfo\/2024\/11\/quels-sont-les-sujets-a-eviter-pendant-les-fetes-de-fin-dannee\/","title":{"rendered":"Quels sont les sujets \u00e0 \u00e9viter pendant les f\u00eates de fin d&rsquo;ann\u00e9e ?"},"content":{"rendered":"<div id=\"attachment_75480\" style=\"width: 1034px\" class=\"wp-caption aligncenter\"><a href=\"https:\/\/vosgesinfo.fr\/app\/uploads\/sites\/5\/2024\/11\/repas-noel-scaled.jpg\"><img decoding=\"async\" aria-describedby=\"caption-attachment-75480\" class=\"size-large wp-image-75480\" src=\"https:\/\/vosgesinfo.fr\/app\/uploads\/sites\/5\/2024\/11\/repas-noel-1024x683.jpg\" alt=\"\" width=\"1024\" height=\"683\" srcset=\"https:\/\/vosgesinfo.fr\/app\/uploads\/sites\/5\/2024\/11\/repas-noel-1024x683.jpg 1024w, https:\/\/vosgesinfo.fr\/app\/uploads\/sites\/5\/2024\/11\/repas-noel-300x200.jpg 300w, https:\/\/vosgesinfo.fr\/app\/uploads\/sites\/5\/2024\/11\/repas-noel-768x512.jpg 768w, https:\/\/vosgesinfo.fr\/app\/uploads\/sites\/5\/2024\/11\/repas-noel-1536x1024.jpg 1536w, https:\/\/vosgesinfo.fr\/app\/uploads\/sites\/5\/2024\/11\/repas-noel-2048x1365.jpg 2048w\" sizes=\"(max-width: 1024px) 100vw, 1024px\" \/><\/a><p id=\"caption-attachment-75480\" class=\"wp-caption-text\">Photographie : Freepik.<\/p><\/div>\n<p><strong>Les f\u00eates de fin d&rsquo;ann\u00e9e approchent, apportant avec elles les retrouvailles en famille et les conversations anim\u00e9es. Mais quels th\u00e8mes sont \u00e0 bannir pour \u00e9viter les tensions ? Une enqu\u00eate men\u00e9e par la plateforme Preply aupr\u00e8s de 1 500 Fran\u00e7ais a r\u00e9v\u00e9l\u00e9 les principaux sujets de discorde.<\/strong><\/p>\n<h4>1. <strong>La politique<\/strong><\/h4>\n<p>Avec 55 % des r\u00e9ponses, la politique est le sujet num\u00e9ro un \u00e0 \u00e9viter. Jug\u00e9 le plus propice aux divisions, il peut rapidement transformer un repas festif en d\u00e9bat houleux.<\/p>\n<h4>2. <strong>Les histoires de famille<\/strong><\/h4>\n<p>Pour 41 % des sond\u00e9s, les diff\u00e9rends familiaux, jalousies ou souvenirs sensibles sont des sources fr\u00e9quentes de conflit pendant les f\u00eates.<\/p>\n<h4>3. <strong>Les conflits internationaux<\/strong><\/h4>\n<p>Aborder les guerres ou le climat mondial actuel peut sembler pertinent, mais 37 % des r\u00e9pondants estiment que ces discussions sont d\u00e9plac\u00e9es dans un cadre festif.<\/p>\n<h4>4. <strong>La religion<\/strong><\/h4>\n<p>La religion, avec 34 % des avis, figure parmi les sujets susceptibles de provoquer des d\u00e9saccords, en raison de points de vue divergents.<\/p>\n<h4>5. <strong>L\u2019\u00e9ducation des enfants<\/strong><\/h4>\n<p>Pour 21 % des Fran\u00e7ais, l\u2019\u00e9ducation des enfants est un terrain glissant. Conseils non sollicit\u00e9s ou critiques implicites risquent d&rsquo;envenimer l&rsquo;ambiance.<\/p>\n<h4>6. <strong>La vie sentimentale<\/strong><\/h4>\n<p>Avec seulement 9 %, ce sujet est moins probl\u00e9matique. Toutefois, c\u00e9libat, divorces ou situations complexes restent des th\u00e8mes sensibles pour certains.<\/p>\n<h3>Alors, de quoi parler ?<\/h3>\n<p>Pour des f\u00eates sereines, il vaut mieux privil\u00e9gier des discussions l\u00e9g\u00e8res et universelles. Pourquoi ne pas \u00e9voquer des souvenirs heureux, des anecdotes dr\u00f4les ou des projets \u00e0 venir ? L&rsquo;essentiel est de c\u00e9l\u00e9brer dans la bonne humeur et l\u2019harmonie.<\/p>\n<div id=\"attachment_75479\" style=\"width: 1034px\" class=\"wp-caption aligncenter\"><a href=\"https:\/\/vosgesinfo.fr\/app\/uploads\/sites\/5\/2024\/11\/les-sujets-a-eviter-pendant-les-fetes-de-fin-dannee-selon-les-francais.png\"><img decoding=\"async\" aria-describedby=\"caption-attachment-75479\" class=\"size-large wp-image-75479\" src=\"https:\/\/vosgesinfo.fr\/app\/uploads\/sites\/5\/2024\/11\/les-sujets-a-eviter-pendant-les-fetes-de-fin-dannee-selon-les-francais-1024x690.png\" alt=\"\" width=\"1024\" height=\"690\" srcset=\"https:\/\/vosgesinfo.fr\/app\/uploads\/sites\/5\/2024\/11\/les-sujets-a-eviter-pendant-les-fetes-de-fin-dannee-selon-les-francais-1024x690.png 1024w, https:\/\/vosgesinfo.fr\/app\/uploads\/sites\/5\/2024\/11\/les-sujets-a-eviter-pendant-les-fetes-de-fin-dannee-selon-les-francais-300x202.png 300w, https:\/\/vosgesinfo.fr\/app\/uploads\/sites\/5\/2024\/11\/les-sujets-a-eviter-pendant-les-fetes-de-fin-dannee-selon-les-francais-768x517.png 768w, https:\/\/vosgesinfo.fr\/app\/uploads\/sites\/5\/2024\/11\/les-sujets-a-eviter-pendant-les-fetes-de-fin-dannee-selon-les-francais.png 1170w\" sizes=\"(max-width: 1024px) 100vw, 1024px\" \/><\/a><p id=\"caption-attachment-75479\" class=\"wp-caption-text\">Enqu\u00eate Preply.<\/p><\/div>\n","protected":false},"excerpt":{"rendered":"<p>Les f\u00eates de fin d&rsquo;ann\u00e9e approchent, apportant avec elles les retrouvailles en famille et les conversations anim\u00e9es. Mais quels th\u00e8mes [&hellip;]<\/p>\n","protected":false},"author":418,"featured_media":75480,"comment_status":"open","ping_status":"open","sticky":false,"template":"","format":"standard","meta":{"footnotes":""},"categories":[26,108,124,1547,845,43,362],"tags":[6510,515],"class_list":["post-75478","post","type-post","status-publish","format-standard","has-post-thumbnail","hentry","category-a-la-une","category-epinal","category-fetes","category-gerardmer-2","category-la-plaine-des-vosges","category-remiremont-remiremont-son-canton","category-saint-die","tag-etude","tag-fetes-de-fin-dannee"],"acf":[],"yoast_head":"<!-- This site is optimized with the Yoast SEO plugin v22.5 - https:\/\/yoast.com\/wordpress\/plugins\/seo\/ -->\n<title>Quels sont les sujets \u00e0 \u00e9viter pendant les f\u00eates de fin d&#039;ann\u00e9e ? - Remiremont Info<\/title>\n<meta name=\"robots\" content=\"index, follow, max-snippet:-1, max-image-preview:large, max-video-preview:-1\" \/>\n<link rel=\"canonical\" href=\"https:\/\/vosgesinfo.fr\/remiremontinfo\/?p=75478\" \/>\n<meta name=\"twitter:card\" content=\"summary_large_image\" \/>\n<meta name=\"twitter:title\" content=\"Quels sont les sujets \u00e0 \u00e9viter pendant les f\u00eates de fin d&#039;ann\u00e9e ? - Remiremont Info\" \/>\n<meta name=\"twitter:description\" content=\"Les f\u00eates de fin d&rsquo;ann\u00e9e approchent, apportant avec elles les retrouvailles en famille et les conversations anim\u00e9es. Mais quels th\u00e8mes [&hellip;]\" \/>\n<meta name=\"twitter:image\" content=\"https:\/\/vosgesinfo.fr\/app\/uploads\/sites\/5\/2024\/11\/repas-noel-1024x683.jpg\" \/>\n<meta name=\"twitter:creator\" content=\"@VosgesInfo88\" \/>\n<meta name=\"twitter:site\" content=\"@VosgesInfo88\" \/>\n<meta name=\"twitter:label1\" content=\"\u00c9crit par\" \/>\n\t<meta name=\"twitter:data1\" content=\"C.M\" \/>\n\t<meta name=\"twitter:label2\" content=\"Dur\u00e9e de lecture estim\u00e9e\" \/>\n\t<meta name=\"twitter:data2\" content=\"1 minute\" \/>\n<script type=\"application\/ld+json\" class=\"yoast-schema-graph\">{\"@context\":\"https:\/\/schema.org\",\"@graph\":[{\"@type\":\"Article\",\"@id\":\"https:\/\/vosgesinfo.fr\/remiremontinfo\/?p=75478#article\",\"isPartOf\":{\"@id\":\"https:\/\/vosgesinfo.fr\/remiremontinfo\/?p=75478\"},\"author\":{\"name\":\"C.M\",\"@id\":\"https:\/\/vosgesinfo.fr\/remiremontinfo\/#\/schema\/person\/4f38cd3068e342935b7304695c797d08\"},\"headline\":\"Quels sont les sujets \u00e0 \u00e9viter pendant les f\u00eates de fin d&rsquo;ann\u00e9e ?\",\"datePublished\":\"2024-11-16T17:00:02+00:00\",\"dateModified\":\"2024-11-15T16:26:40+00:00\",\"mainEntityOfPage\":{\"@id\":\"https:\/\/vosgesinfo.fr\/remiremontinfo\/?p=75478\"},\"wordCount\":303,\"commentCount\":0,\"publisher\":{\"@id\":\"https:\/\/vosgesinfo.fr\/remiremontinfo\/#organization\"},\"image\":{\"@id\":\"https:\/\/vosgesinfo.fr\/remiremontinfo\/?p=75478#primaryimage\"},\"thumbnailUrl\":\"https:\/\/vosgesinfo.fr\/app\/uploads\/sites\/5\/2024\/11\/repas-noel-scaled.jpg\",\"keywords\":[\"\u00e9tude\",\"F\u00eates de fin d\u2019ann\u00e9e\"],\"articleSection\":[\"A la Une\",\"Epinal\",\"F\u00eates\",\"Gerardmer\",\"La plaine des vosges\",\"Remiremont\",\"Saint-di\u00e9\"],\"inLanguage\":\"fr-FR\",\"potentialAction\":[{\"@type\":\"CommentAction\",\"name\":\"Comment\",\"target\":[\"https:\/\/vosgesinfo.fr\/remiremontinfo\/?p=75478#respond\"]}]},{\"@type\":\"WebPage\",\"@id\":\"https:\/\/vosgesinfo.fr\/remiremontinfo\/?p=75478\",\"url\":\"https:\/\/vosgesinfo.fr\/remiremontinfo\/?p=75478\",\"name\":\"Quels sont les sujets \u00e0 \u00e9viter pendant les f\u00eates de fin d'ann\u00e9e ? - Remiremont Info\",\"isPartOf\":{\"@id\":\"https:\/\/vosgesinfo.fr\/remiremontinfo\/#website\"},\"primaryImageOfPage\":{\"@id\":\"https:\/\/vosgesinfo.fr\/remiremontinfo\/?p=75478#primaryimage\"},\"image\":{\"@id\":\"https:\/\/vosgesinfo.fr\/remiremontinfo\/?p=75478#primaryimage\"},\"thumbnailUrl\":\"https:\/\/vosgesinfo.fr\/app\/uploads\/sites\/5\/2024\/11\/repas-noel-scaled.jpg\",\"datePublished\":\"2024-11-16T17:00:02+00:00\",\"dateModified\":\"2024-11-15T16:26:40+00:00\",\"breadcrumb\":{\"@id\":\"https:\/\/vosgesinfo.fr\/remiremontinfo\/?p=75478#breadcrumb\"},\"inLanguage\":\"fr-FR\",\"potentialAction\":[{\"@type\":\"ReadAction\",\"target\":[\"https:\/\/vosgesinfo.fr\/remiremontinfo\/?p=75478\"]}]},{\"@type\":\"ImageObject\",\"inLanguage\":\"fr-FR\",\"@id\":\"https:\/\/vosgesinfo.fr\/remiremontinfo\/?p=75478#primaryimage\",\"url\":\"https:\/\/vosgesinfo.fr\/app\/uploads\/sites\/5\/2024\/11\/repas-noel-scaled.jpg\",\"contentUrl\":\"https:\/\/vosgesinfo.fr\/app\/uploads\/sites\/5\/2024\/11\/repas-noel-scaled.jpg\",\"width\":2560,\"height\":1707,\"caption\":\"Photographie : Freepik.\"},{\"@type\":\"BreadcrumbList\",\"@id\":\"https:\/\/vosgesinfo.fr\/remiremontinfo\/?p=75478#breadcrumb\",\"itemListElement\":[{\"@type\":\"ListItem\",\"position\":1,\"name\":\"Home\",\"item\":\"https:\/\/vosgesinfo.fr\/remiremontinfo\/\"},{\"@type\":\"ListItem\",\"position\":2,\"name\":\"Quels sont les sujets \u00e0 \u00e9viter pendant les f\u00eates de fin d&#8217;ann\u00e9e ?\"}]},{\"@type\":\"WebSite\",\"@id\":\"https:\/\/vosgesinfo.fr\/remiremontinfo\/#website\",\"url\":\"https:\/\/vosgesinfo.fr\/remiremontinfo\/\",\"name\":\"Remiremont Info\",\"description\":\"Toute l&#039;actualit\u00e9 de Remiremont\",\"publisher\":{\"@id\":\"https:\/\/vosgesinfo.fr\/remiremontinfo\/#organization\"},\"alternateName\":\"Toute l'actualit\u00e9 de Remiremont\",\"potentialAction\":[{\"@type\":\"SearchAction\",\"target\":{\"@type\":\"EntryPoint\",\"urlTemplate\":\"https:\/\/vosgesinfo.fr\/remiremontinfo\/?s={search_term_string}\"},\"query-input\":\"required name=search_term_string\"}],\"inLanguage\":\"fr-FR\"},{\"@type\":\"Organization\",\"@id\":\"https:\/\/vosgesinfo.fr\/remiremontinfo\/#organization\",\"name\":\"Remiremont Info\",\"url\":\"https:\/\/vosgesinfo.fr\/remiremontinfo\/\",\"logo\":{\"@type\":\"ImageObject\",\"inLanguage\":\"fr-FR\",\"@id\":\"https:\/\/vosgesinfo.fr\/remiremontinfo\/#\/schema\/logo\/image\/\",\"url\":\"https:\/\/vosgesinfo.fr\/app\/uploads\/sites\/5\/2023\/08\/favicon-remiremontinfo.png\",\"contentUrl\":\"https:\/\/vosgesinfo.fr\/app\/uploads\/sites\/5\/2023\/08\/favicon-remiremontinfo.png\",\"width\":512,\"height\":512,\"caption\":\"Remiremont Info\"},\"image\":{\"@id\":\"https:\/\/vosgesinfo.fr\/remiremontinfo\/#\/schema\/logo\/image\/\"},\"sameAs\":[\"https:\/\/www.facebook.com\/remiremontinfo\",\"https:\/\/x.com\/VosgesInfo88\",\"https:\/\/www.youtube.com\/@vosgesinfo\"]},{\"@type\":\"Person\",\"@id\":\"https:\/\/vosgesinfo.fr\/remiremontinfo\/#\/schema\/person\/4f38cd3068e342935b7304695c797d08\",\"name\":\"C.M\",\"image\":{\"@type\":\"ImageObject\",\"inLanguage\":\"fr-FR\",\"@id\":\"https:\/\/vosgesinfo.fr\/remiremontinfo\/#\/schema\/person\/image\/\",\"url\":\"https:\/\/secure.gravatar.com\/avatar\/fe9daaef0164d920717484172682f3c5c9bcf7d42aa8c7048c76c34f0eb6c8da?s=96&d=mm&r=g\",\"contentUrl\":\"https:\/\/secure.gravatar.com\/avatar\/fe9daaef0164d920717484172682f3c5c9bcf7d42aa8c7048c76c34f0eb6c8da?s=96&d=mm&r=g\",\"caption\":\"C.M\"},\"url\":\"https:\/\/vosgesinfo.fr\/remiremontinfo\/author\/cm88200\/\"}]}<\/script>\n<!-- \/ Yoast SEO plugin. -->","yoast_head_json":{"title":"Quels sont les sujets \u00e0 \u00e9viter pendant les f\u00eates de fin d'ann\u00e9e ? - Remiremont Info","robots":{"index":"index","follow":"follow","max-snippet":"max-snippet:-1","max-image-preview":"max-image-preview:large","max-video-preview":"max-video-preview:-1"},"canonical":"https:\/\/vosgesinfo.fr\/remiremontinfo\/?p=75478","twitter_card":"summary_large_image","twitter_title":"Quels sont les sujets \u00e0 \u00e9viter pendant les f\u00eates de fin d'ann\u00e9e ? - Remiremont Info","twitter_description":"Les f\u00eates de fin d&rsquo;ann\u00e9e approchent, apportant avec elles les retrouvailles en famille et les conversations anim\u00e9es. Mais quels th\u00e8mes [&hellip;]","twitter_image":"https:\/\/vosgesinfo.fr\/app\/uploads\/sites\/5\/2024\/11\/repas-noel-1024x683.jpg","twitter_creator":"@VosgesInfo88","twitter_site":"@VosgesInfo88","twitter_misc":{"\u00c9crit par":"C.M","Dur\u00e9e de lecture estim\u00e9e":"1 minute"},"schema":{"@context":"https:\/\/schema.org","@graph":[{"@type":"Article","@id":"https:\/\/vosgesinfo.fr\/remiremontinfo\/?p=75478#article","isPartOf":{"@id":"https:\/\/vosgesinfo.fr\/remiremontinfo\/?p=75478"},"author":{"name":"C.M","@id":"https:\/\/vosgesinfo.fr\/remiremontinfo\/#\/schema\/person\/4f38cd3068e342935b7304695c797d08"},"headline":"Quels sont les sujets \u00e0 \u00e9viter pendant les f\u00eates de fin d&rsquo;ann\u00e9e ?","datePublished":"2024-11-16T17:00:02+00:00","dateModified":"2024-11-15T16:26:40+00:00","mainEntityOfPage":{"@id":"https:\/\/vosgesinfo.fr\/remiremontinfo\/?p=75478"},"wordCount":303,"commentCount":0,"publisher":{"@id":"https:\/\/vosgesinfo.fr\/remiremontinfo\/#organization"},"image":{"@id":"https:\/\/vosgesinfo.fr\/remiremontinfo\/?p=75478#primaryimage"},"thumbnailUrl":"https:\/\/vosgesinfo.fr\/app\/uploads\/sites\/5\/2024\/11\/repas-noel-scaled.jpg","keywords":["\u00e9tude","F\u00eates de fin d\u2019ann\u00e9e"],"articleSection":["A la Une","Epinal","F\u00eates","Gerardmer","La plaine des vosges","Remiremont","Saint-di\u00e9"],"inLanguage":"fr-FR","potentialAction":[{"@type":"CommentAction","name":"Comment","target":["https:\/\/vosgesinfo.fr\/remiremontinfo\/?p=75478#respond"]}]},{"@type":"WebPage","@id":"https:\/\/vosgesinfo.fr\/remiremontinfo\/?p=75478","url":"https:\/\/vosgesinfo.fr\/remiremontinfo\/?p=75478","name":"Quels sont les sujets \u00e0 \u00e9viter pendant les f\u00eates de fin d'ann\u00e9e ? - Remiremont Info","isPartOf":{"@id":"https:\/\/vosgesinfo.fr\/remiremontinfo\/#website"},"primaryImageOfPage":{"@id":"https:\/\/vosgesinfo.fr\/remiremontinfo\/?p=75478#primaryimage"},"image":{"@id":"https:\/\/vosgesinfo.fr\/remiremontinfo\/?p=75478#primaryimage"},"thumbnailUrl":"https:\/\/vosgesinfo.fr\/app\/uploads\/sites\/5\/2024\/11\/repas-noel-scaled.jpg","datePublished":"2024-11-16T17:00:02+00:00","dateModified":"2024-11-15T16:26:40+00:00","breadcrumb":{"@id":"https:\/\/vosgesinfo.fr\/remiremontinfo\/?p=75478#breadcrumb"},"inLanguage":"fr-FR","potentialAction":[{"@type":"ReadAction","target":["https:\/\/vosgesinfo.fr\/remiremontinfo\/?p=75478"]}]},{"@type":"ImageObject","inLanguage":"fr-FR","@id":"https:\/\/vosgesinfo.fr\/remiremontinfo\/?p=75478#primaryimage","url":"https:\/\/vosgesinfo.fr\/app\/uploads\/sites\/5\/2024\/11\/repas-noel-scaled.jpg","contentUrl":"https:\/\/vosgesinfo.fr\/app\/uploads\/sites\/5\/2024\/11\/repas-noel-scaled.jpg","width":2560,"height":1707,"caption":"Photographie : Freepik."},{"@type":"BreadcrumbList","@id":"https:\/\/vosgesinfo.fr\/remiremontinfo\/?p=75478#breadcrumb","itemListElement":[{"@type":"ListItem","position":1,"name":"Home","item":"https:\/\/vosgesinfo.fr\/remiremontinfo\/"},{"@type":"ListItem","position":2,"name":"Quels sont les sujets \u00e0 \u00e9viter pendant les f\u00eates de fin d&#8217;ann\u00e9e ?"}]},{"@type":"WebSite","@id":"https:\/\/vosgesinfo.fr\/remiremontinfo\/#website","url":"https:\/\/vosgesinfo.fr\/remiremontinfo\/","name":"Remiremont Info","description":"Toute l&#039;actualit\u00e9 de Remiremont","publisher":{"@id":"https:\/\/vosgesinfo.fr\/remiremontinfo\/#organization"},"alternateName":"Toute l'actualit\u00e9 de Remiremont","potentialAction":[{"@type":"SearchAction","target":{"@type":"EntryPoint","urlTemplate":"https:\/\/vosgesinfo.fr\/remiremontinfo\/?s={search_term_string}"},"query-input":"required name=search_term_string"}],"inLanguage":"fr-FR"},{"@type":"Organization","@id":"https:\/\/vosgesinfo.fr\/remiremontinfo\/#organization","name":"Remiremont Info","url":"https:\/\/vosgesinfo.fr\/remiremontinfo\/","logo":{"@type":"ImageObject","inLanguage":"fr-FR","@id":"https:\/\/vosgesinfo.fr\/remiremontinfo\/#\/schema\/logo\/image\/","url":"https:\/\/vosgesinfo.fr\/app\/uploads\/sites\/5\/2023\/08\/favicon-remiremontinfo.png","contentUrl":"https:\/\/vosgesinfo.fr\/app\/uploads\/sites\/5\/2023\/08\/favicon-remiremontinfo.png","width":512,"height":512,"caption":"Remiremont Info"},"image":{"@id":"https:\/\/vosgesinfo.fr\/remiremontinfo\/#\/schema\/logo\/image\/"},"sameAs":["https:\/\/www.facebook.com\/remiremontinfo","https:\/\/x.com\/VosgesInfo88","https:\/\/www.youtube.com\/@vosgesinfo"]},{"@type":"Person","@id":"https:\/\/vosgesinfo.fr\/remiremontinfo\/#\/schema\/person\/4f38cd3068e342935b7304695c797d08","name":"C.M","image":{"@type":"ImageObject","inLanguage":"fr-FR","@id":"https:\/\/vosgesinfo.fr\/remiremontinfo\/#\/schema\/person\/image\/","url":"https:\/\/secure.gravatar.com\/avatar\/fe9daaef0164d920717484172682f3c5c9bcf7d42aa8c7048c76c34f0eb6c8da?s=96&d=mm&r=g","contentUrl":"https:\/\/secure.gravatar.com\/avatar\/fe9daaef0164d920717484172682f3c5c9bcf7d42aa8c7048c76c34f0eb6c8da?s=96&d=mm&r=g","caption":"C.M"},"url":"https:\/\/vosgesinfo.fr\/remiremontinfo\/author\/cm88200\/"}]}},"_links":{"self":[{"href":"https:\/\/vosgesinfo.fr\/remiremontinfo\/wp-json\/wp\/v2\/posts\/75478","targetHints":{"allow":["GET"]}}],"collection":[{"href":"https:\/\/vosgesinfo.fr\/remiremontinfo\/wp-json\/wp\/v2\/posts"}],"about":[{"href":"https:\/\/vosgesinfo.fr\/remiremontinfo\/wp-json\/wp\/v2\/types\/post"}],"author":[{"embeddable":true,"href":"https:\/\/vosgesinfo.fr\/remiremontinfo\/wp-json\/wp\/v2\/users\/418"}],"replies":[{"embeddable":true,"href":"https:\/\/vosgesinfo.fr\/remiremontinfo\/wp-json\/wp\/v2\/comments?post=75478"}],"version-history":[{"count":1,"href":"https:\/\/vosgesinfo.fr\/remiremontinfo\/wp-json\/wp\/v2\/posts\/75478\/revisions"}],"predecessor-version":[{"id":75481,"href":"https:\/\/vosgesinfo.fr\/remiremontinfo\/wp-json\/wp\/v2\/posts\/75478\/revisions\/75481"}],"wp:featuredmedia":[{"embeddable":true,"href":"https:\/\/vosgesinfo.fr\/remiremontinfo\/wp-json\/wp\/v2\/media\/75480"}],"wp:attachment":[{"href":"https:\/\/vosgesinfo.fr\/remiremontinfo\/wp-json\/wp\/v2\/media?parent=75478"}],"wp:term":[{"taxonomy":"category","embeddable":true,"href":"https:\/\/vosgesinfo.fr\/remiremontinfo\/wp-json\/wp\/v2\/categories?post=75478"},{"taxonomy":"post_tag","embeddable":true,"href":"https:\/\/vosgesinfo.fr\/remiremontinfo\/wp-json\/wp\/v2\/tags?post=75478"}],"curies":[{"name":"wp","href":"https:\/\/api.w.org\/{rel}","templated":true}]}}